{"id":64684,"date":"2020-11-30T10:06:15","date_gmt":"2020-11-30T16:06:15","guid":{"rendered":"http:\/\/www.lospoliticosveracruz.com.mx\/?p=64684"},"modified":"2020-11-30T10:06:15","modified_gmt":"2020-11-30T16:06:15","slug":"queridas-mamas-no-crien-machitos","status":"publish","type":"post","link":"https:\/\/lospoliticosveracruz.com\/?p=64684","title":{"rendered":"Queridas mam\u00e1s: no cr\u00eden machitos"},"content":{"rendered":"<p><strong>Lorena Pi\u00f1\u00f3n Rivera<\/strong><br \/>\n<em>Consummatum est<\/em><\/p>\n<p>En 2003, durante la presentaci\u00f3n de su novela \u00abLa flor p\u00farpura\u00bb, un periodista se atrevi\u00f3 a decirle a Chimamanda Ngozi Adichie que fuera cauta en alardear de su convencida lucha por la equidad entre hombres y mujeres. Con falsa amabilidad le aconsej\u00f3: no te presentes nunca como feminista, porque las feministas son mujeres infelices que no pueden encontrar marido.<br \/>\nLa escritora retom\u00f3 la an\u00e9cdota del comunicador impertinente, en la parte introductoria de una conferencia que imparti\u00f3 en diciembre de 2012. De esa disertaci\u00f3n surgi\u00f3 un libro denominado \u00abTodos deber\u00edamos ser feministas\u00bb, obra que considero esencial para revertir la cultura machista y el odio mis\u00f3gino que prevalecen en amplios segmentos de la sociedad mexicana. Agradezco que Carolina Viggiano me haya conducido a este libro, del que pienso que ser\u00eda positivo que la autoridad educativa o los profesores por iniciativa propia, le den un vistazo al texto, pues puede ser una lectura edificante para las nuevas generaciones estudiantiles<br \/>\nTodas las mujeres mexicanas hemos experimentado alg\u00fan grado de discriminaci\u00f3n y violencia, derivado de un cr\u00f3nico sistema de desprecio en el que se fundamenta el machismo que las m\u00e1s de las veces, es alentado por las mam\u00e1s, mismas que fomentan comportamientos desconsiderados en los ni\u00f1os y en consecuencia germina la semilla de los adultos machos que tienen la bravura de marginar y agredir a ni\u00f1as y mujeres.<br \/>\nYa antes hab\u00eda mencionado la gravedad de ciertas decisiones de pol\u00edtica p\u00fablica que marginan a las mujeres m\u00e1s vulnerables y a sus hijos. El actual gobierno de Morena ha tenido la frialdad de retirar el apoyo a las estancias infantiles y refugios para mujeres v\u00edctimas de violencia, adem\u00e1s de acabar con la mitad de las escuelas de tiempo completo que eran un gran alivio para las mujeres trabajadoras, ya que sus peque\u00f1os eran cuidados y recib\u00edan alimentos.<br \/>\nLas estimaciones de la Organizaci\u00f3n Mundial de la Salud, indican que aproximadamente una de cada tres mujeres y ni\u00f1as en el mundo (el 35 por ciento) han experimentado violencia f\u00edsica o sexual a manos de su pareja o de terceros. Es cierto, la violencia de g\u00e9nero acontece en todo el orbe, que no cuenta con l\u00edmites de edad, condiciones econ\u00f3micas, nivel educativo y situaci\u00f3n geogr\u00e1fica.<br \/>\nLa Organizaci\u00f3n de las Naciones Unidas tiene un registro de que al 2019, s\u00f3lo 107 de 195 pa\u00edses cuentan con estad\u00edsticas sobre violencia dom\u00e9stica, cifra que disminuye a 56 naciones cuando se trata de los \u00edndices de violencia a mujeres a manos de terceros. Otro dato lamentable, en 18 pa\u00edses, las mujeres necesitan la aprobaci\u00f3n de su marido para aceptar un trabajo.<br \/>\nA pesar de esos n\u00fameros terribles, el propio estudio de la ONU acepta que es probable que las cifras est\u00e9n subestimadas, debido a que las v\u00edctimas temen m\u00e1s represalias de sus agresores o simplemente se sienten avergonzadas y vulnerables por exponer ante las autoridades el drama que han padecido.<br \/>\nEsta angustia puede frustrar sus planes de vida, pues muchas desertar\u00e1n de sus estudios o abandonar\u00e1n sus trabajos\u2026 otras m\u00e1s se convertir\u00e1n en v\u00edctimas de feminicidio. Es un hecho que las mam\u00e1s y las abuelitas pueden tener dificultades para moderar los instintos violentos de los adultos machos que procrearon; pero es posible que los denuncien y tambi\u00e9n rompan con los estereotipos de abuso hacia las mujeres en los ni\u00f1os m\u00e1s peque\u00f1os. Le sugiero que usted conozca y difunda la lectura de \u00abTodos deber\u00edamos ser feministas\u00bb.<br \/>\nConsummatum: El PRI, con el respaldo del Presidente Alejandro Moreno C\u00e1rdenas, es el primer partido pol\u00edtico en censurar con severidad las conductas machistas. En consecuencia, se ha aprobado un protocolo para prevenir y castigar la violencia pol\u00edtica de g\u00e9nero; por lo que todo individuo que efectivamente haya cometido esta falta grave, est\u00e1 impedido para ser postulado a cualquier cargo de elecci\u00f3n popular o asumir cualquier cargo de dirigencia. Tw: @lorenapignon_<br \/>\nSecretaria Nacional de Gesti\u00f3n Social del PRI<\/p>\n","protected":false},"excerpt":{"rendered":"<p>Lorena Pi\u00f1\u00f3n Rivera Consummatum est En 2003, durante la presentaci\u00f3n de su novela \u00abLa flor p\u00farpura\u00bb, un periodista se atrevi\u00f3 a decirle a Chimamanda Ngozi Adichie que fuera cauta en alardear de su convencida lucha por la equidad entre hombres y mujeres. Con falsa amabilidad le aconsej\u00f3: no te presentes nunca como feminista, porque las [&hellip;]<\/p>\n","protected":false},"author":2,"featured_media":0,"comment_status":"open","ping_status":"open","sticky":false,"template":"","format":"standard","meta":{"tdm_status":"","tdm_grid_status":"","footnotes":""},"categories":[70],"tags":[15048,24014,3569,4770,24013,2830,24015,251],"class_list":{"0":"post-64684","1":"post","2":"type-post","3":"status-publish","4":"format-standard","6":"category-de-opinion","7":"tag-alejandro-moreno-cardenas","8":"tag-cultura-machista","9":"tag-feministas","10":"tag-lorena-pinon-rivera","11":"tag-lucha-por-la-equidad","12":"tag-machismo","13":"tag-odio-misogino","14":"tag-pri"},"yoast_head":"<!-- This site is optimized with the Yoast SEO plugin v27.4 - https:\/\/yoast.com\/product\/yoast-seo-wordpress\/ -->\n<title>Queridas mam\u00e1s: no cr\u00eden machitos - Los pol\u00edticos Veracruz<\/title>\n<meta name=\"robots\" content=\"index, follow, max-snippet:-1, max-image-preview:large, max-video-preview:-1\" \/>\n<link rel=\"canonical\" href=\"https:\/\/lospoliticosveracruz.com\/?p=64684\" \/>\n<meta property=\"og:locale\" content=\"es_ES\" \/>\n<meta property=\"og:type\" content=\"article\" \/>\n<meta property=\"og:title\" content=\"Queridas mam\u00e1s: no cr\u00eden machitos - Los pol\u00edticos Veracruz\" \/>\n<meta property=\"og:description\" content=\"Lorena Pi\u00f1\u00f3n Rivera Consummatum est En 2003, durante la presentaci\u00f3n de su novela \u00abLa flor p\u00farpura\u00bb, un periodista se atrevi\u00f3 a decirle a Chimamanda Ngozi Adichie que fuera cauta en alardear de su convencida lucha por la equidad entre hombres y mujeres. Con falsa amabilidad le aconsej\u00f3: no te presentes nunca como feminista, porque las [&hellip;]\" \/>\n<meta property=\"og:url\" content=\"https:\/\/lospoliticosveracruz.com\/?p=64684\" \/>\n<meta property=\"og:site_name\" content=\"Los pol\u00edticos Veracruz\" \/>\n<meta property=\"article:publisher\" content=\"https:\/\/www.facebook.com\/people\/Notimemes-de-los-Polticos\/61565672886568\/\" \/>\n<meta property=\"article:published_time\" content=\"2020-11-30T16:06:15+00:00\" \/>\n<meta property=\"og:image\" content=\"https:\/\/lospoliticosveracruz.com\/wp-content\/uploads\/2016\/07\/Logo-Dor.jpg\" \/>\n\t<meta property=\"og:image:width\" content=\"200\" \/>\n\t<meta property=\"og:image:height\" content=\"200\" \/>\n\t<meta property=\"og:image:type\" content=\"image\/jpeg\" \/>\n<meta name=\"author\" content=\"Lo viste en Los Pol\u00edticos\" \/>\n<meta name=\"twitter:card\" content=\"summary_large_image\" \/>\n<meta name=\"twitter:creator\" content=\"@LosPoliticosVer\" \/>\n<meta name=\"twitter:site\" content=\"@LosPoliticosVer\" \/>\n<meta name=\"twitter:label1\" content=\"Escrito por\" \/>\n\t<meta name=\"twitter:data1\" content=\"Lo viste en Los Pol\u00edticos\" \/>\n\t<meta name=\"twitter:label2\" content=\"Tiempo de lectura\" \/>\n\t<meta name=\"twitter:data2\" content=\"3 minutos\" \/>\n<script type=\"application\/ld+json\" class=\"yoast-schema-graph\">{\"@context\":\"https:\\\/\\\/schema.org\",\"@graph\":[{\"@type\":\"Article\",\"@id\":\"https:\\\/\\\/lospoliticosveracruz.com\\\/?p=64684#article\",\"isPartOf\":{\"@id\":\"https:\\\/\\\/lospoliticosveracruz.com\\\/?p=64684\"},\"author\":{\"name\":\"Lo viste en Los Pol\u00edticos\",\"@id\":\"https:\\\/\\\/lospoliticosveracruz.com\\\/#\\\/schema\\\/person\\\/b8702bb0e538456e6efd07080bf2a4a2\"},\"headline\":\"Queridas mam\u00e1s: no cr\u00eden machitos\",\"datePublished\":\"2020-11-30T16:06:15+00:00\",\"mainEntityOfPage\":{\"@id\":\"https:\\\/\\\/lospoliticosveracruz.com\\\/?p=64684\"},\"wordCount\":701,\"commentCount\":0,\"publisher\":{\"@id\":\"https:\\\/\\\/lospoliticosveracruz.com\\\/#organization\"},\"keywords\":[\"Alejandro Moreno C\u00e1rdenas\",\"Cultura machista\",\"feministas\",\"Lorena Pi\u00f1\u00f3n Rivera\",\"Lucha por la equidad\",\"Machismo\",\"Odio mis\u00f3gino\",\"PRI\"],\"articleSection\":[\"De Opini\u00f3n\"],\"inLanguage\":\"es\",\"potentialAction\":[{\"@type\":\"CommentAction\",\"name\":\"Comment\",\"target\":[\"https:\\\/\\\/lospoliticosveracruz.com\\\/?p=64684#respond\"]}]},{\"@type\":\"WebPage\",\"@id\":\"https:\\\/\\\/lospoliticosveracruz.com\\\/?p=64684\",\"url\":\"https:\\\/\\\/lospoliticosveracruz.com\\\/?p=64684\",\"name\":\"Queridas mam\u00e1s: no cr\u00eden machitos - Los pol\u00edticos Veracruz\",\"isPartOf\":{\"@id\":\"https:\\\/\\\/lospoliticosveracruz.com\\\/#website\"},\"datePublished\":\"2020-11-30T16:06:15+00:00\",\"breadcrumb\":{\"@id\":\"https:\\\/\\\/lospoliticosveracruz.com\\\/?p=64684#breadcrumb\"},\"inLanguage\":\"es\",\"potentialAction\":[{\"@type\":\"ReadAction\",\"target\":[\"https:\\\/\\\/lospoliticosveracruz.com\\\/?p=64684\"]}]},{\"@type\":\"BreadcrumbList\",\"@id\":\"https:\\\/\\\/lospoliticosveracruz.com\\\/?p=64684#breadcrumb\",\"itemListElement\":[{\"@type\":\"ListItem\",\"position\":1,\"name\":\"Portada\",\"item\":\"https:\\\/\\\/lospoliticosveracruz.com\\\/\"},{\"@type\":\"ListItem\",\"position\":2,\"name\":\"Queridas mam\u00e1s: no cr\u00eden machitos\"}]},{\"@type\":\"WebSite\",\"@id\":\"https:\\\/\\\/lospoliticosveracruz.com\\\/#website\",\"url\":\"https:\\\/\\\/lospoliticosveracruz.com\\\/\",\"name\":\"Los pol\u00edticos Veracruz\",\"description\":\"\",\"publisher\":{\"@id\":\"https:\\\/\\\/lospoliticosveracruz.com\\\/#organization\"},\"potentialAction\":[{\"@type\":\"SearchAction\",\"target\":{\"@type\":\"EntryPoint\",\"urlTemplate\":\"https:\\\/\\\/lospoliticosveracruz.com\\\/?s={search_term_string}\"},\"query-input\":{\"@type\":\"PropertyValueSpecification\",\"valueRequired\":true,\"valueName\":\"search_term_string\"}}],\"inLanguage\":\"es\"},{\"@type\":\"Organization\",\"@id\":\"https:\\\/\\\/lospoliticosveracruz.com\\\/#organization\",\"name\":\"Los pol\u00edticos Veracruz\",\"url\":\"https:\\\/\\\/lospoliticosveracruz.com\\\/\",\"logo\":{\"@type\":\"ImageObject\",\"inLanguage\":\"es\",\"@id\":\"https:\\\/\\\/lospoliticosveracruz.com\\\/#\\\/schema\\\/logo\\\/image\\\/\",\"url\":\"https:\\\/\\\/lospoliticosveracruz.com\\\/wp-content\\\/uploads\\\/2025\\\/12\\\/Logo-Nuevo-LOS-POLITICOS-1.jpg\",\"contentUrl\":\"https:\\\/\\\/lospoliticosveracruz.com\\\/wp-content\\\/uploads\\\/2025\\\/12\\\/Logo-Nuevo-LOS-POLITICOS-1.jpg\",\"width\":260,\"height\":70,\"caption\":\"Los pol\u00edticos Veracruz\"},\"image\":{\"@id\":\"https:\\\/\\\/lospoliticosveracruz.com\\\/#\\\/schema\\\/logo\\\/image\\\/\"},\"sameAs\":[\"https:\\\/\\\/www.facebook.com\\\/people\\\/Notimemes-de-los-Polticos\\\/61565672886568\\\/\",\"https:\\\/\\\/x.com\\\/LosPoliticosVer\"]},{\"@type\":\"Person\",\"@id\":\"https:\\\/\\\/lospoliticosveracruz.com\\\/#\\\/schema\\\/person\\\/b8702bb0e538456e6efd07080bf2a4a2\",\"name\":\"Lo viste en Los Pol\u00edticos\",\"image\":{\"@type\":\"ImageObject\",\"inLanguage\":\"es\",\"@id\":\"https:\\\/\\\/secure.gravatar.com\\\/avatar\\\/3a8de04a2656d44082be478bd6c086daa447c4651605818287b9532d3d0bd435?s=96&d=mm&r=g\",\"url\":\"https:\\\/\\\/secure.gravatar.com\\\/avatar\\\/3a8de04a2656d44082be478bd6c086daa447c4651605818287b9532d3d0bd435?s=96&d=mm&r=g\",\"contentUrl\":\"https:\\\/\\\/secure.gravatar.com\\\/avatar\\\/3a8de04a2656d44082be478bd6c086daa447c4651605818287b9532d3d0bd435?s=96&d=mm&r=g\",\"caption\":\"Lo viste en Los Pol\u00edticos\"},\"url\":\"https:\\\/\\\/lospoliticosveracruz.com\\\/?author=2\"}]}<\/script>\n<!-- \/ Yoast SEO plugin. -->","yoast_head_json":{"title":"Queridas mam\u00e1s: no cr\u00eden machitos - Los pol\u00edticos Veracruz","robots":{"index":"index","follow":"follow","max-snippet":"max-snippet:-1","max-image-preview":"max-image-preview:large","max-video-preview":"max-video-preview:-1"},"canonical":"https:\/\/lospoliticosveracruz.com\/?p=64684","og_locale":"es_ES","og_type":"article","og_title":"Queridas mam\u00e1s: no cr\u00eden machitos - Los pol\u00edticos Veracruz","og_description":"Lorena Pi\u00f1\u00f3n Rivera Consummatum est En 2003, durante la presentaci\u00f3n de su novela \u00abLa flor p\u00farpura\u00bb, un periodista se atrevi\u00f3 a decirle a Chimamanda Ngozi Adichie que fuera cauta en alardear de su convencida lucha por la equidad entre hombres y mujeres. Con falsa amabilidad le aconsej\u00f3: no te presentes nunca como feminista, porque las [&hellip;]","og_url":"https:\/\/lospoliticosveracruz.com\/?p=64684","og_site_name":"Los pol\u00edticos Veracruz","article_publisher":"https:\/\/www.facebook.com\/people\/Notimemes-de-los-Polticos\/61565672886568\/","article_published_time":"2020-11-30T16:06:15+00:00","og_image":[{"width":200,"height":200,"url":"https:\/\/lospoliticosveracruz.com\/wp-content\/uploads\/2016\/07\/Logo-Dor.jpg","type":"image\/jpeg"}],"author":"Lo viste en Los Pol\u00edticos","twitter_card":"summary_large_image","twitter_creator":"@LosPoliticosVer","twitter_site":"@LosPoliticosVer","twitter_misc":{"Escrito por":"Lo viste en Los Pol\u00edticos","Tiempo de lectura":"3 minutos"},"schema":{"@context":"https:\/\/schema.org","@graph":[{"@type":"Article","@id":"https:\/\/lospoliticosveracruz.com\/?p=64684#article","isPartOf":{"@id":"https:\/\/lospoliticosveracruz.com\/?p=64684"},"author":{"name":"Lo viste en Los Pol\u00edticos","@id":"https:\/\/lospoliticosveracruz.com\/#\/schema\/person\/b8702bb0e538456e6efd07080bf2a4a2"},"headline":"Queridas mam\u00e1s: no cr\u00eden machitos","datePublished":"2020-11-30T16:06:15+00:00","mainEntityOfPage":{"@id":"https:\/\/lospoliticosveracruz.com\/?p=64684"},"wordCount":701,"commentCount":0,"publisher":{"@id":"https:\/\/lospoliticosveracruz.com\/#organization"},"keywords":["Alejandro Moreno C\u00e1rdenas","Cultura machista","feministas","Lorena Pi\u00f1\u00f3n Rivera","Lucha por la equidad","Machismo","Odio mis\u00f3gino","PRI"],"articleSection":["De Opini\u00f3n"],"inLanguage":"es","potentialAction":[{"@type":"CommentAction","name":"Comment","target":["https:\/\/lospoliticosveracruz.com\/?p=64684#respond"]}]},{"@type":"WebPage","@id":"https:\/\/lospoliticosveracruz.com\/?p=64684","url":"https:\/\/lospoliticosveracruz.com\/?p=64684","name":"Queridas mam\u00e1s: no cr\u00eden machitos - Los pol\u00edticos Veracruz","isPartOf":{"@id":"https:\/\/lospoliticosveracruz.com\/#website"},"datePublished":"2020-11-30T16:06:15+00:00","breadcrumb":{"@id":"https:\/\/lospoliticosveracruz.com\/?p=64684#breadcrumb"},"inLanguage":"es","potentialAction":[{"@type":"ReadAction","target":["https:\/\/lospoliticosveracruz.com\/?p=64684"]}]},{"@type":"BreadcrumbList","@id":"https:\/\/lospoliticosveracruz.com\/?p=64684#breadcrumb","itemListElement":[{"@type":"ListItem","position":1,"name":"Portada","item":"https:\/\/lospoliticosveracruz.com\/"},{"@type":"ListItem","position":2,"name":"Queridas mam\u00e1s: no cr\u00eden machitos"}]},{"@type":"WebSite","@id":"https:\/\/lospoliticosveracruz.com\/#website","url":"https:\/\/lospoliticosveracruz.com\/","name":"Los pol\u00edticos Veracruz","description":"","publisher":{"@id":"https:\/\/lospoliticosveracruz.com\/#organization"},"potentialAction":[{"@type":"SearchAction","target":{"@type":"EntryPoint","urlTemplate":"https:\/\/lospoliticosveracruz.com\/?s={search_term_string}"},"query-input":{"@type":"PropertyValueSpecification","valueRequired":true,"valueName":"search_term_string"}}],"inLanguage":"es"},{"@type":"Organization","@id":"https:\/\/lospoliticosveracruz.com\/#organization","name":"Los pol\u00edticos Veracruz","url":"https:\/\/lospoliticosveracruz.com\/","logo":{"@type":"ImageObject","inLanguage":"es","@id":"https:\/\/lospoliticosveracruz.com\/#\/schema\/logo\/image\/","url":"https:\/\/lospoliticosveracruz.com\/wp-content\/uploads\/2025\/12\/Logo-Nuevo-LOS-POLITICOS-1.jpg","contentUrl":"https:\/\/lospoliticosveracruz.com\/wp-content\/uploads\/2025\/12\/Logo-Nuevo-LOS-POLITICOS-1.jpg","width":260,"height":70,"caption":"Los pol\u00edticos Veracruz"},"image":{"@id":"https:\/\/lospoliticosveracruz.com\/#\/schema\/logo\/image\/"},"sameAs":["https:\/\/www.facebook.com\/people\/Notimemes-de-los-Polticos\/61565672886568\/","https:\/\/x.com\/LosPoliticosVer"]},{"@type":"Person","@id":"https:\/\/lospoliticosveracruz.com\/#\/schema\/person\/b8702bb0e538456e6efd07080bf2a4a2","name":"Lo viste en Los Pol\u00edticos","image":{"@type":"ImageObject","inLanguage":"es","@id":"https:\/\/secure.gravatar.com\/avatar\/3a8de04a2656d44082be478bd6c086daa447c4651605818287b9532d3d0bd435?s=96&d=mm&r=g","url":"https:\/\/secure.gravatar.com\/avatar\/3a8de04a2656d44082be478bd6c086daa447c4651605818287b9532d3d0bd435?s=96&d=mm&r=g","contentUrl":"https:\/\/secure.gravatar.com\/avatar\/3a8de04a2656d44082be478bd6c086daa447c4651605818287b9532d3d0bd435?s=96&d=mm&r=g","caption":"Lo viste en Los Pol\u00edticos"},"url":"https:\/\/lospoliticosveracruz.com\/?author=2"}]}},"_links":{"self":[{"href":"https:\/\/lospoliticosveracruz.com\/index.php?rest_route=\/wp\/v2\/posts\/64684","targetHints":{"allow":["GET"]}}],"collection":[{"href":"https:\/\/lospoliticosveracruz.com\/index.php?rest_route=\/wp\/v2\/posts"}],"about":[{"href":"https:\/\/lospoliticosveracruz.com\/index.php?rest_route=\/wp\/v2\/types\/post"}],"author":[{"embeddable":true,"href":"https:\/\/lospoliticosveracruz.com\/index.php?rest_route=\/wp\/v2\/users\/2"}],"replies":[{"embeddable":true,"href":"https:\/\/lospoliticosveracruz.com\/index.php?rest_route=%2Fwp%2Fv2%2Fcomments&post=64684"}],"version-history":[{"count":1,"href":"https:\/\/lospoliticosveracruz.com\/index.php?rest_route=\/wp\/v2\/posts\/64684\/revisions"}],"predecessor-version":[{"id":64686,"href":"https:\/\/lospoliticosveracruz.com\/index.php?rest_route=\/wp\/v2\/posts\/64684\/revisions\/64686"}],"wp:attachment":[{"href":"https:\/\/lospoliticosveracruz.com\/index.php?rest_route=%2Fwp%2Fv2%2Fmedia&parent=64684"}],"wp:term":[{"taxonomy":"category","embeddable":true,"href":"https:\/\/lospoliticosveracruz.com\/index.php?rest_route=%2Fwp%2Fv2%2Fcategories&post=64684"},{"taxonomy":"post_tag","embeddable":true,"href":"https:\/\/lospoliticosveracruz.com\/index.php?rest_route=%2Fwp%2Fv2%2Ftags&post=64684"}],"curies":[{"name":"wp","href":"https:\/\/api.w.org\/{rel}","templated":true}]}}