{"id":64813,"date":"2020-12-02T08:08:52","date_gmt":"2020-12-02T14:08:52","guid":{"rendered":"http:\/\/www.lospoliticosveracruz.com.mx\/?p=64813"},"modified":"2020-12-02T08:08:52","modified_gmt":"2020-12-02T14:08:52","slug":"el-mensaje-al-junior","status":"publish","type":"post","link":"https:\/\/lospoliticosveracruz.com\/?p=64813","title":{"rendered":"El mensaje al Junior"},"content":{"rendered":"<p>&nbsp;<\/p>\n<p><strong>Ricardo Ch\u00faa<\/strong><br \/>\n<em>Sale y Vale<\/em><\/p>\n<p>OJO&#8230; La delincuencia com\u00fan y robos a casa habitaci\u00f3n, se han incrementado en el primer cuadro de la ciudad de Veracruz&#8230; La oscuridad en calles a unas cuantas cuadras del palacio municipal en pleno Centro Hist\u00f3rico, es aprovechada por una banda de maleantes, que se ve que tienen bien estudiada la zona para cometer atracos a mano armada y meterse a viviendas, que se quedan solas en el d\u00eda porque sus habitantes salen a laborar&#8230; Sobre todo all\u00e1 por las calles de Emparan y Guerrero del puerto donde ocurren estos sucesos&#8230;<\/p>\n<p>&nbsp;<br \/>\n<a href=\"https:\/\/www.facebook.com\/notaria61veracruz\/\"><img decoding=\"async\" src=\"http:\/\/www.lospoliticosveracruz.com.mx\/wp-content\/uploads\/2020\/07\/CINTILLO-Armando.jpg\" alt=\"\" \/><\/a><br \/>\n&nbsp;<\/p>\n<p>El temor de los vecinos es que esta banda de muchachos, de fuerte aspecto f\u00edsico, sean personas violentas, que si los transe\u00fantes y personas que son asaltadas, ponen resistencia puedan ser v\u00edctimas de violencia&#8230; Las autoridades de Seguridad P\u00fablica deben realizar rondines seguidos, porque si a plena luz del d\u00eda est\u00e1n atracando, en la noche, estos sitios parecen \u00abboca de lobo\u00bb por la oscuridad&#8230; Ojala SSP y el ayuntamiento de Veracruz tomen cartas en el asunto en seguridad y alumbrado p\u00fablico&#8230; No es la primera vez que se dan estos hechos&#8230; AMEN..<\/p>\n<p>EL MENSAJE AZUL&#8230; Vaya mensaje que le mand\u00f3 el l\u00edder nacional del PAN, Marko Cort\u00e9s, al diputado local panista, Bingen Rementeria Molina, que compite contra los Yunes Azules, la candidatura interna del PAN a la alcald\u00eda de Veracruz&#8230; Con \u00abmotivo\u00bb de su Segundo Informe de Labores como legislador, realizado ayer de manera virtual por el tema de la pandemia del COVID&#8230; En pol\u00edtica, las casualidades no existen, dicen los priistas&#8230; Y Marko, al parecer, sac\u00f3 de su coraz\u00f3n \u00abel peque\u00f1o priista que lleva adentro\u00bb y s\u00f3lo falt\u00f3 \u00abel dedazo\u00bb&#8230;<\/p>\n<p>Este mensaje que fue mandado por Marko en v\u00eddeo a Bingen y que despu\u00e9s fue difundido en redes sociales por el equipo del diputado local&#8230; S\u00f3lo levant\u00f3 mucho escozor entre la \u00abcuadra\u00bb de Los Yunes Azules&#8230; Ya que en el PAN, muy pocas veces se basan en s\u00edmbolos como una forma de practicar los mensajes pol\u00edticos&#8230; Y aqu\u00ed en el puerto dej\u00f3 a muchos panistas confundidos&#8230; De que si el dirigente nacional, ve mejor al Junior de Julen, que al Junior de MAYL&#8230; Puede que no sea as\u00ed&#8230; Pero para que haces cosas buenas, que parecen \u00abdestapes\u00bb&#8230;<\/p>\n<p>Lo que es una realidad&#8230; Es que no se tiene registro alguno en la historia pol\u00edtica del PAN.. De que un dirigente nacional, haya hecho esto&#8230; Grabar un mensaje para \u00abfelicitar\u00bb la labor de un diputado local&#8230; En un Estado donde habr\u00e1 elecciones locales, donde el diputado est\u00e1 disput\u00e1ndose al hijo de un ex gobernador, una candidatura interna a la alcald\u00eda m\u00e1s importante del Estado.. El michoacano abre la \u00abcaja de pandora\u00bb azul y se mete a lo \u00abtarugo\u00bb con Los Yunes Azules&#8230; A poco cree que esto se va a quedar as\u00ed&#8230; Ja Ja Ja&#8230; QUE COMIENCE LA FIESTA..<\/p>\n<p>Obvio Marko Cort\u00e9s \u00abaprovech\u00f3\u00bb tambi\u00e9n para darle su \u00abllegu\u00e9\u00bb a Cuitl\u00e1huac Garc\u00eda, como gobernador, con el af\u00e1n, quiz\u00e1s, de \u00abmaquillar\u00bb el v\u00eddeo a favor de Bingen y por \u00ababonar\u00bb a los \u00abmameyazos\u00bb dados al mandatario estatal por parte de los azules&#8230; Al cual, Mako llam\u00f3 incapaz y que ha fallado como gobernante&#8230; Que no escucha a la oposici\u00f3n para tener un mejor gobierno&#8230; Y de nuevo vuelve a ensalzar a Bingen&#8230; Pero bueno&#8230; Qu\u00e9 esperaba MORENA de Marko&#8230; \u00bfFlores?&#8230; TAN&#8230; TAN&#8230;<\/p>\n<p>EL MENSAJE MORENO&#8230; Ya en CDMX, a pesar de los \u00abmameyazos\u00bb en Veracruz, decidi\u00f3 el comit\u00e9 nacional de MORENA&#8230; Qu\u00e9 no habr\u00e1 elecciones para nuevos dirigentes estatales en entidades, donde no se elijan gobernadores, que as\u00ed se quedar\u00e1n hasta pasadas las elecciones en 2021&#8230; Lo cual provoca que en \u00abjarochilandia\u00bb, quede en manos de Gonzalo Vicencio, este organismo pol\u00edtico en el poder&#8230; Pese a que en Palacio de Gobierno, lo detesten&#8230; Y que no sea del agrado de Manuel Huerta&#8230; Este \u00faltimo perdi\u00f3 el control de Los Morenos&#8230;<\/p>\n<p>Esta decisi\u00f3n fue tomada por Citlalih Hern\u00e1ndez, la secretaria General del CEN de MORENA, quien junto con Mario Delgado nombr\u00f3 a 15 delegados en los estados donde habr\u00e1 contienda a gubernatura.. Pero, dijo \u00abGarganta Profunda\u00bb, que Citlalih har\u00e1 la propuesta final, de qui\u00e9n ser\u00e1 el nuevo delegado para Veracruz&#8230; Pese a las cr\u00edticas, la senadora, M\u00f3nica Fern\u00e1ndez, encabeza esta propuesta&#8230; Otro es un diputado federal por Zacatecas&#8230; Y dicen que Ricardo Monreal no tiene metidas las manos en el Estado&#8230; Ja Ja Ja&#8230;<\/p>\n<p>El que llegue de DELEGADO a Veracruz.. S\u00f3lo reportar\u00e1 a Mario Delgado&#8230; Se basar\u00e1 en la estructura del partido&#8230; No en cercanos del gobernador o al delegado del gobierno federal en la entidad&#8230; Obvio que habr\u00e1 \u00abfricciones\u00bb porque el control de las candidaturas y campa\u00f1as, las tendr\u00e1 \u00e9l o ella&#8230; Los enviados de Cuitl\u00e1huac o Huerta s\u00f3lo ser\u00e1n ADJUNTOS&#8230; No tendr\u00e1n poder para tomar decisiones&#8230; Es HECHO CONSUMADO&#8230; Esto ya est\u00e1 consensuado con AMLO&#8230; A poco creen, que Mario y Citlalih se ir\u00edan \u00abpor la libre\u00bb&#8230;. JA JA JA&#8230;<\/p>\n<p>CUITL\u00c1HUAC, SIN CAMBIOS&#8230; Ayer se cumplieron dos a\u00f1os desde que Cuitl\u00e1huac tom\u00f3 posesi\u00f3n como gobernador&#8230; Obvio los rumores crecen en su entorno por una PRESUNTA SALIDA del cargo y dejar un interino&#8230; Algo que NO PASAR\u00c1 POR EL MOMENTO&#8230; El motivo es muy sencillo: L\u00f3pez Obrador ha demostrado que \u00e9l se la \u00abjuega con los suyos\u00bb y pese a todo lo que hagan, es poco probable que \u00e9l pida la salida de Garc\u00eda Jim\u00e9nez.. \u00bfA cambio de qu\u00e9 o por qu\u00e9?&#8230;<\/p>\n<p>Adem\u00e1s para hacer ese relevo&#8230; Se necesita una FIGURA pol\u00edtica de nivel&#8230;. Y, en Veracruz, dentro de MORENA, no lo hay&#8230; S\u00f3lo la senadora, Gloria S\u00e1nchez&#8230; Ser\u00eda la indicada para ver ese tema&#8230; Pero no se ve, nada de movimiento entorno a Cuitl\u00e1huac&#8230; SE QUEDA.. La ventaja de Gloria S\u00e1nchez, es que por ser muy amiga de Dante, ella puede ser el relevo de Cuitl\u00e1huac.. Pero esa posibilidad es m\u00ednima y ser\u00eda por otras causas&#8230; Si AMLO no quiere, la figura de Cuitl\u00e1huac no se mueve&#8230; AS\u00cd DE F\u00c1CIL ..<\/p>\n<p>En su discurso de ayer, Garc\u00eda Jim\u00e9nez, s\u00f3lo cometi\u00f3 un error de c\u00e1lculo&#8230; Si bien es cierto, lo eligieron hasta el 2024&#8230; Si en 2022 no logra pasar la consulta de Revocaci\u00f3n de Mandato&#8230;. Se tendr\u00e1 que ir.. Pero todo esto es albur&#8230; Ya que si Cuitl\u00e1huac hubiera sido gobernador antes del 2004&#8230; Con un tema similar a la ca\u00edda de la reforma electoral en Veracruz, el Presidente ya hubiera pedido su cese&#8230; Pero son otros tiempos y AMLO \u00abtiene otros datos\u00bb&#8230; As\u00ed que pase lo que pase&#8230; NO SE VA&#8230; Al menos, hasta julio del 2021 est\u00e1 seguro.. AMEN&#8230;<\/p>\n","protected":false},"excerpt":{"rendered":"<p>&nbsp; Ricardo Ch\u00faa Sale y Vale OJO&#8230; La delincuencia com\u00fan y robos a casa habitaci\u00f3n, se han incrementado en el primer cuadro de la ciudad de Veracruz&#8230; La oscuridad en calles a unas cuantas cuadras del palacio municipal en pleno Centro Hist\u00f3rico, es aprovechada por una banda de maleantes, que se ve que tienen bien [&hellip;]<\/p>\n","protected":false},"author":2,"featured_media":64810,"comment_status":"open","ping_status":"open","sticky":false,"template":"","format":"standard","meta":{"tdm_status":"","tdm_grid_status":"","footnotes":""},"categories":[70],"tags":[4989,1563,19718,13336,10802,1003,12596,16072,266,1414,359,195],"class_list":{"0":"post-64813","1":"post","2":"type-post","3":"status-publish","4":"format-standard","5":"has-post-thumbnail","7":"category-de-opinion","8":"tag-bingen-rementeria-molina","9":"tag-cuitlahuac-garcia-jimenez","10":"tag-delegado-manuel-huerta-ladron-de-guevara","11":"tag-gloria-sanchez","12":"tag-gonzalo-vicencio-flores","13":"tag-lopez-obrador","14":"tag-mario-delgado","15":"tag-marko-cortes-mendoza","16":"tag-pan","17":"tag-reforma-electoral","18":"tag-ssp","19":"tag-veracruz"},"yoast_head":"<!-- This site is optimized with the Yoast SEO plugin v27.4 - https:\/\/yoast.com\/product\/yoast-seo-wordpress\/ -->\n<title>El mensaje al Junior - Los pol\u00edticos Veracruz<\/title>\n<meta name=\"robots\" content=\"index, follow, max-snippet:-1, max-image-preview:large, max-video-preview:-1\" \/>\n<link rel=\"canonical\" href=\"https:\/\/lospoliticosveracruz.com\/?p=64813\" \/>\n<meta property=\"og:locale\" content=\"es_ES\" \/>\n<meta property=\"og:type\" content=\"article\" \/>\n<meta property=\"og:title\" content=\"El mensaje al Junior - Los pol\u00edticos Veracruz\" \/>\n<meta property=\"og:description\" content=\"&nbsp; Ricardo Ch\u00faa Sale y Vale OJO&#8230; La delincuencia com\u00fan y robos a casa habitaci\u00f3n, se han incrementado en el primer cuadro de la ciudad de Veracruz&#8230; La oscuridad en calles a unas cuantas cuadras del palacio municipal en pleno Centro Hist\u00f3rico, es aprovechada por una banda de maleantes, que se ve que tienen bien [&hellip;]\" \/>\n<meta property=\"og:url\" content=\"https:\/\/lospoliticosveracruz.com\/?p=64813\" \/>\n<meta property=\"og:site_name\" content=\"Los pol\u00edticos Veracruz\" \/>\n<meta property=\"article:publisher\" content=\"https:\/\/www.facebook.com\/people\/Notimemes-de-los-Polticos\/61565672886568\/\" \/>\n<meta property=\"article:published_time\" content=\"2020-12-02T14:08:52+00:00\" \/>\n<meta property=\"og:image\" content=\"https:\/\/lospoliticosveracruz.com\/wp-content\/uploads\/2020\/12\/Marko.jpg\" \/>\n\t<meta property=\"og:image:width\" content=\"650\" \/>\n\t<meta property=\"og:image:height\" content=\"350\" \/>\n\t<meta property=\"og:image:type\" content=\"image\/jpeg\" \/>\n<meta name=\"author\" content=\"Lo viste en Los Pol\u00edticos\" \/>\n<meta name=\"twitter:card\" content=\"summary_large_image\" \/>\n<meta name=\"twitter:creator\" content=\"@LosPoliticosVer\" \/>\n<meta name=\"twitter:site\" content=\"@LosPoliticosVer\" \/>\n<meta name=\"twitter:label1\" content=\"Escrito por\" \/>\n\t<meta name=\"twitter:data1\" content=\"Lo viste en Los Pol\u00edticos\" \/>\n\t<meta name=\"twitter:label2\" content=\"Tiempo de lectura\" \/>\n\t<meta name=\"twitter:data2\" content=\"6 minutos\" \/>\n<script type=\"application\/ld+json\" class=\"yoast-schema-graph\">{\"@context\":\"https:\\\/\\\/schema.org\",\"@graph\":[{\"@type\":\"Article\",\"@id\":\"https:\\\/\\\/lospoliticosveracruz.com\\\/?p=64813#article\",\"isPartOf\":{\"@id\":\"https:\\\/\\\/lospoliticosveracruz.com\\\/?p=64813\"},\"author\":{\"name\":\"Lo viste en Los Pol\u00edticos\",\"@id\":\"https:\\\/\\\/lospoliticosveracruz.com\\\/#\\\/schema\\\/person\\\/b8702bb0e538456e6efd07080bf2a4a2\"},\"headline\":\"El mensaje al Junior\",\"datePublished\":\"2020-12-02T14:08:52+00:00\",\"mainEntityOfPage\":{\"@id\":\"https:\\\/\\\/lospoliticosveracruz.com\\\/?p=64813\"},\"wordCount\":1163,\"commentCount\":0,\"publisher\":{\"@id\":\"https:\\\/\\\/lospoliticosveracruz.com\\\/#organization\"},\"image\":{\"@id\":\"https:\\\/\\\/lospoliticosveracruz.com\\\/?p=64813#primaryimage\"},\"thumbnailUrl\":\"https:\\\/\\\/lospoliticosveracruz.com\\\/wp-content\\\/uploads\\\/2020\\\/12\\\/Marko.jpg\",\"keywords\":[\"Bingen Rementer\u00eda Molina\",\"Cuitl\u00e1huac Garc\u00eda Jim\u00e9nez\",\"Delegado Manuel Huerta Ladr\u00f3n de Guevara\",\"Gloria S\u00e1nchez\",\"Gonzalo Vicencio Flores\",\"L\u00f3pez Obrador\",\"Mario Delgado\",\"Marko Cort\u00e9s Mendoza\",\"PAN\",\"reforma electoral\",\"SSP\",\"Veracruz\"],\"articleSection\":[\"De Opini\u00f3n\"],\"inLanguage\":\"es\",\"potentialAction\":[{\"@type\":\"CommentAction\",\"name\":\"Comment\",\"target\":[\"https:\\\/\\\/lospoliticosveracruz.com\\\/?p=64813#respond\"]}]},{\"@type\":\"WebPage\",\"@id\":\"https:\\\/\\\/lospoliticosveracruz.com\\\/?p=64813\",\"url\":\"https:\\\/\\\/lospoliticosveracruz.com\\\/?p=64813\",\"name\":\"El mensaje al Junior - Los pol\u00edticos Veracruz\",\"isPartOf\":{\"@id\":\"https:\\\/\\\/lospoliticosveracruz.com\\\/#website\"},\"primaryImageOfPage\":{\"@id\":\"https:\\\/\\\/lospoliticosveracruz.com\\\/?p=64813#primaryimage\"},\"image\":{\"@id\":\"https:\\\/\\\/lospoliticosveracruz.com\\\/?p=64813#primaryimage\"},\"thumbnailUrl\":\"https:\\\/\\\/lospoliticosveracruz.com\\\/wp-content\\\/uploads\\\/2020\\\/12\\\/Marko.jpg\",\"datePublished\":\"2020-12-02T14:08:52+00:00\",\"breadcrumb\":{\"@id\":\"https:\\\/\\\/lospoliticosveracruz.com\\\/?p=64813#breadcrumb\"},\"inLanguage\":\"es\",\"potentialAction\":[{\"@type\":\"ReadAction\",\"target\":[\"https:\\\/\\\/lospoliticosveracruz.com\\\/?p=64813\"]}]},{\"@type\":\"ImageObject\",\"inLanguage\":\"es\",\"@id\":\"https:\\\/\\\/lospoliticosveracruz.com\\\/?p=64813#primaryimage\",\"url\":\"https:\\\/\\\/lospoliticosveracruz.com\\\/wp-content\\\/uploads\\\/2020\\\/12\\\/Marko.jpg\",\"contentUrl\":\"https:\\\/\\\/lospoliticosveracruz.com\\\/wp-content\\\/uploads\\\/2020\\\/12\\\/Marko.jpg\",\"width\":650,\"height\":350},{\"@type\":\"BreadcrumbList\",\"@id\":\"https:\\\/\\\/lospoliticosveracruz.com\\\/?p=64813#breadcrumb\",\"itemListElement\":[{\"@type\":\"ListItem\",\"position\":1,\"name\":\"Portada\",\"item\":\"https:\\\/\\\/lospoliticosveracruz.com\\\/\"},{\"@type\":\"ListItem\",\"position\":2,\"name\":\"El mensaje al Junior\"}]},{\"@type\":\"WebSite\",\"@id\":\"https:\\\/\\\/lospoliticosveracruz.com\\\/#website\",\"url\":\"https:\\\/\\\/lospoliticosveracruz.com\\\/\",\"name\":\"Los pol\u00edticos Veracruz\",\"description\":\"\",\"publisher\":{\"@id\":\"https:\\\/\\\/lospoliticosveracruz.com\\\/#organization\"},\"potentialAction\":[{\"@type\":\"SearchAction\",\"target\":{\"@type\":\"EntryPoint\",\"urlTemplate\":\"https:\\\/\\\/lospoliticosveracruz.com\\\/?s={search_term_string}\"},\"query-input\":{\"@type\":\"PropertyValueSpecification\",\"valueRequired\":true,\"valueName\":\"search_term_string\"}}],\"inLanguage\":\"es\"},{\"@type\":\"Organization\",\"@id\":\"https:\\\/\\\/lospoliticosveracruz.com\\\/#organization\",\"name\":\"Los pol\u00edticos Veracruz\",\"url\":\"https:\\\/\\\/lospoliticosveracruz.com\\\/\",\"logo\":{\"@type\":\"ImageObject\",\"inLanguage\":\"es\",\"@id\":\"https:\\\/\\\/lospoliticosveracruz.com\\\/#\\\/schema\\\/logo\\\/image\\\/\",\"url\":\"https:\\\/\\\/lospoliticosveracruz.com\\\/wp-content\\\/uploads\\\/2025\\\/12\\\/Logo-Nuevo-LOS-POLITICOS-1.jpg\",\"contentUrl\":\"https:\\\/\\\/lospoliticosveracruz.com\\\/wp-content\\\/uploads\\\/2025\\\/12\\\/Logo-Nuevo-LOS-POLITICOS-1.jpg\",\"width\":260,\"height\":70,\"caption\":\"Los pol\u00edticos Veracruz\"},\"image\":{\"@id\":\"https:\\\/\\\/lospoliticosveracruz.com\\\/#\\\/schema\\\/logo\\\/image\\\/\"},\"sameAs\":[\"https:\\\/\\\/www.facebook.com\\\/people\\\/Notimemes-de-los-Polticos\\\/61565672886568\\\/\",\"https:\\\/\\\/x.com\\\/LosPoliticosVer\"]},{\"@type\":\"Person\",\"@id\":\"https:\\\/\\\/lospoliticosveracruz.com\\\/#\\\/schema\\\/person\\\/b8702bb0e538456e6efd07080bf2a4a2\",\"name\":\"Lo viste en Los Pol\u00edticos\",\"image\":{\"@type\":\"ImageObject\",\"inLanguage\":\"es\",\"@id\":\"https:\\\/\\\/secure.gravatar.com\\\/avatar\\\/3a8de04a2656d44082be478bd6c086daa447c4651605818287b9532d3d0bd435?s=96&d=mm&r=g\",\"url\":\"https:\\\/\\\/secure.gravatar.com\\\/avatar\\\/3a8de04a2656d44082be478bd6c086daa447c4651605818287b9532d3d0bd435?s=96&d=mm&r=g\",\"contentUrl\":\"https:\\\/\\\/secure.gravatar.com\\\/avatar\\\/3a8de04a2656d44082be478bd6c086daa447c4651605818287b9532d3d0bd435?s=96&d=mm&r=g\",\"caption\":\"Lo viste en Los Pol\u00edticos\"},\"url\":\"https:\\\/\\\/lospoliticosveracruz.com\\\/?author=2\"}]}<\/script>\n<!-- \/ Yoast SEO plugin. -->","yoast_head_json":{"title":"El mensaje al Junior - Los pol\u00edticos Veracruz","robots":{"index":"index","follow":"follow","max-snippet":"max-snippet:-1","max-image-preview":"max-image-preview:large","max-video-preview":"max-video-preview:-1"},"canonical":"https:\/\/lospoliticosveracruz.com\/?p=64813","og_locale":"es_ES","og_type":"article","og_title":"El mensaje al Junior - Los pol\u00edticos Veracruz","og_description":"&nbsp; Ricardo Ch\u00faa Sale y Vale OJO&#8230; La delincuencia com\u00fan y robos a casa habitaci\u00f3n, se han incrementado en el primer cuadro de la ciudad de Veracruz&#8230; La oscuridad en calles a unas cuantas cuadras del palacio municipal en pleno Centro Hist\u00f3rico, es aprovechada por una banda de maleantes, que se ve que tienen bien [&hellip;]","og_url":"https:\/\/lospoliticosveracruz.com\/?p=64813","og_site_name":"Los pol\u00edticos Veracruz","article_publisher":"https:\/\/www.facebook.com\/people\/Notimemes-de-los-Polticos\/61565672886568\/","article_published_time":"2020-12-02T14:08:52+00:00","og_image":[{"width":650,"height":350,"url":"https:\/\/lospoliticosveracruz.com\/wp-content\/uploads\/2020\/12\/Marko.jpg","type":"image\/jpeg"}],"author":"Lo viste en Los Pol\u00edticos","twitter_card":"summary_large_image","twitter_creator":"@LosPoliticosVer","twitter_site":"@LosPoliticosVer","twitter_misc":{"Escrito por":"Lo viste en Los Pol\u00edticos","Tiempo de lectura":"6 minutos"},"schema":{"@context":"https:\/\/schema.org","@graph":[{"@type":"Article","@id":"https:\/\/lospoliticosveracruz.com\/?p=64813#article","isPartOf":{"@id":"https:\/\/lospoliticosveracruz.com\/?p=64813"},"author":{"name":"Lo viste en Los Pol\u00edticos","@id":"https:\/\/lospoliticosveracruz.com\/#\/schema\/person\/b8702bb0e538456e6efd07080bf2a4a2"},"headline":"El mensaje al Junior","datePublished":"2020-12-02T14:08:52+00:00","mainEntityOfPage":{"@id":"https:\/\/lospoliticosveracruz.com\/?p=64813"},"wordCount":1163,"commentCount":0,"publisher":{"@id":"https:\/\/lospoliticosveracruz.com\/#organization"},"image":{"@id":"https:\/\/lospoliticosveracruz.com\/?p=64813#primaryimage"},"thumbnailUrl":"https:\/\/lospoliticosveracruz.com\/wp-content\/uploads\/2020\/12\/Marko.jpg","keywords":["Bingen Rementer\u00eda Molina","Cuitl\u00e1huac Garc\u00eda Jim\u00e9nez","Delegado Manuel Huerta Ladr\u00f3n de Guevara","Gloria S\u00e1nchez","Gonzalo Vicencio Flores","L\u00f3pez Obrador","Mario Delgado","Marko Cort\u00e9s Mendoza","PAN","reforma electoral","SSP","Veracruz"],"articleSection":["De Opini\u00f3n"],"inLanguage":"es","potentialAction":[{"@type":"CommentAction","name":"Comment","target":["https:\/\/lospoliticosveracruz.com\/?p=64813#respond"]}]},{"@type":"WebPage","@id":"https:\/\/lospoliticosveracruz.com\/?p=64813","url":"https:\/\/lospoliticosveracruz.com\/?p=64813","name":"El mensaje al Junior - Los pol\u00edticos Veracruz","isPartOf":{"@id":"https:\/\/lospoliticosveracruz.com\/#website"},"primaryImageOfPage":{"@id":"https:\/\/lospoliticosveracruz.com\/?p=64813#primaryimage"},"image":{"@id":"https:\/\/lospoliticosveracruz.com\/?p=64813#primaryimage"},"thumbnailUrl":"https:\/\/lospoliticosveracruz.com\/wp-content\/uploads\/2020\/12\/Marko.jpg","datePublished":"2020-12-02T14:08:52+00:00","breadcrumb":{"@id":"https:\/\/lospoliticosveracruz.com\/?p=64813#breadcrumb"},"inLanguage":"es","potentialAction":[{"@type":"ReadAction","target":["https:\/\/lospoliticosveracruz.com\/?p=64813"]}]},{"@type":"ImageObject","inLanguage":"es","@id":"https:\/\/lospoliticosveracruz.com\/?p=64813#primaryimage","url":"https:\/\/lospoliticosveracruz.com\/wp-content\/uploads\/2020\/12\/Marko.jpg","contentUrl":"https:\/\/lospoliticosveracruz.com\/wp-content\/uploads\/2020\/12\/Marko.jpg","width":650,"height":350},{"@type":"BreadcrumbList","@id":"https:\/\/lospoliticosveracruz.com\/?p=64813#breadcrumb","itemListElement":[{"@type":"ListItem","position":1,"name":"Portada","item":"https:\/\/lospoliticosveracruz.com\/"},{"@type":"ListItem","position":2,"name":"El mensaje al Junior"}]},{"@type":"WebSite","@id":"https:\/\/lospoliticosveracruz.com\/#website","url":"https:\/\/lospoliticosveracruz.com\/","name":"Los pol\u00edticos Veracruz","description":"","publisher":{"@id":"https:\/\/lospoliticosveracruz.com\/#organization"},"potentialAction":[{"@type":"SearchAction","target":{"@type":"EntryPoint","urlTemplate":"https:\/\/lospoliticosveracruz.com\/?s={search_term_string}"},"query-input":{"@type":"PropertyValueSpecification","valueRequired":true,"valueName":"search_term_string"}}],"inLanguage":"es"},{"@type":"Organization","@id":"https:\/\/lospoliticosveracruz.com\/#organization","name":"Los pol\u00edticos Veracruz","url":"https:\/\/lospoliticosveracruz.com\/","logo":{"@type":"ImageObject","inLanguage":"es","@id":"https:\/\/lospoliticosveracruz.com\/#\/schema\/logo\/image\/","url":"https:\/\/lospoliticosveracruz.com\/wp-content\/uploads\/2025\/12\/Logo-Nuevo-LOS-POLITICOS-1.jpg","contentUrl":"https:\/\/lospoliticosveracruz.com\/wp-content\/uploads\/2025\/12\/Logo-Nuevo-LOS-POLITICOS-1.jpg","width":260,"height":70,"caption":"Los pol\u00edticos Veracruz"},"image":{"@id":"https:\/\/lospoliticosveracruz.com\/#\/schema\/logo\/image\/"},"sameAs":["https:\/\/www.facebook.com\/people\/Notimemes-de-los-Polticos\/61565672886568\/","https:\/\/x.com\/LosPoliticosVer"]},{"@type":"Person","@id":"https:\/\/lospoliticosveracruz.com\/#\/schema\/person\/b8702bb0e538456e6efd07080bf2a4a2","name":"Lo viste en Los Pol\u00edticos","image":{"@type":"ImageObject","inLanguage":"es","@id":"https:\/\/secure.gravatar.com\/avatar\/3a8de04a2656d44082be478bd6c086daa447c4651605818287b9532d3d0bd435?s=96&d=mm&r=g","url":"https:\/\/secure.gravatar.com\/avatar\/3a8de04a2656d44082be478bd6c086daa447c4651605818287b9532d3d0bd435?s=96&d=mm&r=g","contentUrl":"https:\/\/secure.gravatar.com\/avatar\/3a8de04a2656d44082be478bd6c086daa447c4651605818287b9532d3d0bd435?s=96&d=mm&r=g","caption":"Lo viste en Los Pol\u00edticos"},"url":"https:\/\/lospoliticosveracruz.com\/?author=2"}]}},"_links":{"self":[{"href":"https:\/\/lospoliticosveracruz.com\/index.php?rest_route=\/wp\/v2\/posts\/64813","targetHints":{"allow":["GET"]}}],"collection":[{"href":"https:\/\/lospoliticosveracruz.com\/index.php?rest_route=\/wp\/v2\/posts"}],"about":[{"href":"https:\/\/lospoliticosveracruz.com\/index.php?rest_route=\/wp\/v2\/types\/post"}],"author":[{"embeddable":true,"href":"https:\/\/lospoliticosveracruz.com\/index.php?rest_route=\/wp\/v2\/users\/2"}],"replies":[{"embeddable":true,"href":"https:\/\/lospoliticosveracruz.com\/index.php?rest_route=%2Fwp%2Fv2%2Fcomments&post=64813"}],"version-history":[{"count":1,"href":"https:\/\/lospoliticosveracruz.com\/index.php?rest_route=\/wp\/v2\/posts\/64813\/revisions"}],"predecessor-version":[{"id":64815,"href":"https:\/\/lospoliticosveracruz.com\/index.php?rest_route=\/wp\/v2\/posts\/64813\/revisions\/64815"}],"wp:featuredmedia":[{"embeddable":true,"href":"https:\/\/lospoliticosveracruz.com\/index.php?rest_route=\/wp\/v2\/media\/64810"}],"wp:attachment":[{"href":"https:\/\/lospoliticosveracruz.com\/index.php?rest_route=%2Fwp%2Fv2%2Fmedia&parent=64813"}],"wp:term":[{"taxonomy":"category","embeddable":true,"href":"https:\/\/lospoliticosveracruz.com\/index.php?rest_route=%2Fwp%2Fv2%2Fcategories&post=64813"},{"taxonomy":"post_tag","embeddable":true,"href":"https:\/\/lospoliticosveracruz.com\/index.php?rest_route=%2Fwp%2Fv2%2Ftags&post=64813"}],"curies":[{"name":"wp","href":"https:\/\/api.w.org\/{rel}","templated":true}]}}