{"id":64817,"date":"2020-12-02T08:37:07","date_gmt":"2020-12-02T14:37:07","guid":{"rendered":"http:\/\/www.lospoliticosveracruz.com.mx\/?p=64817"},"modified":"2020-12-02T08:37:07","modified_gmt":"2020-12-02T14:37:07","slug":"mi-compromiso-seguir-trabajando-por-veracruz","status":"publish","type":"post","link":"https:\/\/lospoliticosveracruz.com\/?p=64817","title":{"rendered":"Mi compromiso, seguir trabajando por Veracruz"},"content":{"rendered":"<p>&nbsp;<\/p>\n<p>\u00abMis ganas de seguir trabajando por el bienestar de los veracruzanos se han duplicado. Tengo un compromiso para seguir trabajando por Veracruz y lo voy a cumplir\u00bb, asever\u00f3 el diputado local por el Distrito de Veracruz, Bingen Rementer\u00eda Molina, al realizar su Segundo Informe de Labores.<br \/>\nMediante una transmisi\u00f3n en vivo a trav\u00e9s de sus redes sociales, el legislador del PAN inform\u00f3 a la ciudadan\u00eda sobre todas las actividades, tanto legislativas como de gesti\u00f3n social, que ha realizado durante este a\u00f1o como representante de los veracruzanos.<br \/>\nDe igual forma, dio a conocer los apoyos que ha entregado a los sectores m\u00e1s afectados por la pandemia causada por el COVID-19, donde destac\u00f3 la donaci\u00f3n de pantallas y celulares a ni\u00f1os de escasos recursos, para que puedan seguir estudiando con clases a distancia.<br \/>\nAl inicio de su Informe, Bingen Rementer\u00eda comparti\u00f3 las propuestas que llev\u00f3 al Congreso del Estado y que, asegur\u00f3, son el sentir de los propios veracruzanos, pues destac\u00f3 que cada una de ellas se trabaj\u00f3 de manera conjunta con la ciudadan\u00eda.<br \/>\nLa segunda parte de su Informe de Labores se centr\u00f3 en dar a conocer su trabajo de gesti\u00f3n social en la Ciudad de Veracruz, donde remarc\u00f3 la creaci\u00f3n del programa \u00ab\u00c9chale la Mano a Tu Vecino\u00bb, mismo que ha financiado con la donaci\u00f3n de su salario como diputado.<br \/>\nDicho programa tiene como objetivo apoyar a veracruzanos de escasos recursos, con acciones que representen un verdadero cambio positivo en su calidad de vida, dijo. Como ejemplo, mencion\u00f3 el caso de Do\u00f1a Yolanda, a quien le construy\u00f3 un cuarto para vivir dignamente, as\u00ed como Don Fello, a quien le regal\u00f3 una moto para trasladarse a su trabajo, toda vez que padece secuelas de poliomielitis.<br \/>\nBingen Rementer\u00eda mencion\u00f3 las iniciativas que present\u00f3 en diversas materias y para beneficio de distintos sectores de la sociedad veracruzana, como el combate a la corrupci\u00f3n, el apoyo a la educaci\u00f3n de la ni\u00f1ez veracruzana, combate a la inseguridad, generaci\u00f3n de empleos, fomento al Turismo, equidad de g\u00e9nero, entre otras.<br \/>\nEn el primer rubro, subray\u00f3 que propuso la creaci\u00f3n de la Comisi\u00f3n Permanente Anticorrupci\u00f3n, para garantizar la transparencia en el Gobierno Estatal, as\u00ed como tambi\u00e9n, que la Contralor\u00eda General Estatal sea aut\u00f3noma, para promover su independencia del Poder Ejecutivo.<br \/>\nBingen Rementer\u00eda inform\u00f3 tambi\u00e9n que, para garantizar el correcto actuar de los cuerpos polic\u00edacos de la entidad, propuso que, hijas e hijos de estos elementos tengan garantizado el acceso a la educaci\u00f3n, sin tener que pagar ninguna cuota.<br \/>\nY de igual manera, agreg\u00f3, que los polic\u00edas veracruzanos sean incluidos dentro de los grupos preferentes para programas de desarrollo social, adem\u00e1s de que est\u00e9n exentos del pago de impuestos, derechos y contribuciones.<br \/>\nPara impulsar el turismo en Veracruz, y al mismo tiempo, generar empleos, Bingen Rementer\u00eda se\u00f1al\u00f3 que present\u00f3 una Iniciativa para que, cuando el Fideicomiso del 2% al Hospedaje no logre recaudar la cantidad fijada, la Sefiplan aporte el monto faltante.<br \/>\nPara finalizar, Rementer\u00eda Molina comparti\u00f3 que tambi\u00e9n impuls\u00f3 programas en diversas colonias de la Ciudad de Veracruz, denominados \u00abDiputado en tu Colonia\u00bb, con el que realiz\u00f3 diversas gestiones de distinta\u00a0naturaleza, y \u00abDiputado en tu escuela\u00bb, con el cual entreg\u00f3 mobiliario nuevo, pintura y material did\u00e1ctico a los planteles educativos.<br \/>\nOtros programas, a\u00f1adi\u00f3, son \u00abViendo por Veracruz\u00bb, mediante el cual gestion\u00f3 ex\u00e1menes de la vista y entreg\u00f3 anteojos graduados, totalmente gratuitos, para familias de escasos recursos. As\u00ed como tambi\u00e9n las Jornadas M\u00e9dico Veterinarias, para garantizar la salud de las mascotas.<\/p>\n","protected":false},"excerpt":{"rendered":"<p>&nbsp; \u00abMis ganas de seguir trabajando por el bienestar de los veracruzanos se han duplicado. Tengo un compromiso para seguir trabajando por Veracruz y lo voy a cumplir\u00bb, asever\u00f3 el diputado local por el Distrito de Veracruz, Bingen Rementer\u00eda Molina, al realizar su Segundo Informe de Labores. Mediante una transmisi\u00f3n en vivo a trav\u00e9s de [&hellip;]<\/p>\n","protected":false},"author":2,"featured_media":64818,"comment_status":"open","ping_status":"open","sticky":false,"template":"","format":"standard","meta":{"tdm_status":"","tdm_grid_status":"","footnotes":""},"categories":[73],"tags":[4989,24080,24081,19149,20024,24082,266,640],"class_list":{"0":"post-64817","1":"post","2":"type-post","3":"status-publish","4":"format-standard","5":"has-post-thumbnail","7":"category-de-boleto","8":"tag-bingen-rementeria-molina","9":"tag-comision-permanente-anticorrupcion","10":"tag-diputado-en-tu-colonia","11":"tag-distrito-de-veracruz","12":"tag-echale-la-mano-a-tu-vecino","13":"tag-jornadas-medico-veterinarias","14":"tag-pan","15":"tag-sefiplan"},"yoast_head":"<!-- This site is optimized with the Yoast SEO plugin v27.4 - https:\/\/yoast.com\/product\/yoast-seo-wordpress\/ -->\n<title>Mi compromiso, seguir trabajando por Veracruz - Los pol\u00edticos Veracruz<\/title>\n<meta name=\"robots\" content=\"index, follow, max-snippet:-1, max-image-preview:large, max-video-preview:-1\" \/>\n<link rel=\"canonical\" href=\"https:\/\/lospoliticosveracruz.com\/?p=64817\" \/>\n<meta property=\"og:locale\" content=\"es_ES\" \/>\n<meta property=\"og:type\" content=\"article\" \/>\n<meta property=\"og:title\" content=\"Mi compromiso, seguir trabajando por Veracruz - Los pol\u00edticos Veracruz\" \/>\n<meta property=\"og:description\" content=\"&nbsp; \u00abMis ganas de seguir trabajando por el bienestar de los veracruzanos se han duplicado. Tengo un compromiso para seguir trabajando por Veracruz y lo voy a cumplir\u00bb, asever\u00f3 el diputado local por el Distrito de Veracruz, Bingen Rementer\u00eda Molina, al realizar su Segundo Informe de Labores. Mediante una transmisi\u00f3n en vivo a trav\u00e9s de [&hellip;]\" \/>\n<meta property=\"og:url\" content=\"https:\/\/lospoliticosveracruz.com\/?p=64817\" \/>\n<meta property=\"og:site_name\" content=\"Los pol\u00edticos Veracruz\" \/>\n<meta property=\"article:publisher\" content=\"https:\/\/www.facebook.com\/people\/Notimemes-de-los-Polticos\/61565672886568\/\" \/>\n<meta property=\"article:published_time\" content=\"2020-12-02T14:37:07+00:00\" \/>\n<meta property=\"og:image\" content=\"https:\/\/lospoliticosveracruz.com\/wp-content\/uploads\/2020\/12\/Bingen.jpeg\" \/>\n\t<meta property=\"og:image:width\" content=\"650\" \/>\n\t<meta property=\"og:image:height\" content=\"350\" \/>\n\t<meta property=\"og:image:type\" content=\"image\/jpeg\" \/>\n<meta name=\"author\" content=\"Lo viste en Los Pol\u00edticos\" \/>\n<meta name=\"twitter:card\" content=\"summary_large_image\" \/>\n<meta name=\"twitter:creator\" content=\"@LosPoliticosVer\" \/>\n<meta name=\"twitter:site\" content=\"@LosPoliticosVer\" \/>\n<meta name=\"twitter:label1\" content=\"Escrito por\" \/>\n\t<meta name=\"twitter:data1\" content=\"Lo viste en Los Pol\u00edticos\" \/>\n\t<meta name=\"twitter:label2\" content=\"Tiempo de lectura\" \/>\n\t<meta name=\"twitter:data2\" content=\"3 minutos\" \/>\n<script type=\"application\/ld+json\" class=\"yoast-schema-graph\">{\"@context\":\"https:\\\/\\\/schema.org\",\"@graph\":[{\"@type\":\"Article\",\"@id\":\"https:\\\/\\\/lospoliticosveracruz.com\\\/?p=64817#article\",\"isPartOf\":{\"@id\":\"https:\\\/\\\/lospoliticosveracruz.com\\\/?p=64817\"},\"author\":{\"name\":\"Lo viste en Los Pol\u00edticos\",\"@id\":\"https:\\\/\\\/lospoliticosveracruz.com\\\/#\\\/schema\\\/person\\\/b8702bb0e538456e6efd07080bf2a4a2\"},\"headline\":\"Mi compromiso, seguir trabajando por Veracruz\",\"datePublished\":\"2020-12-02T14:37:07+00:00\",\"mainEntityOfPage\":{\"@id\":\"https:\\\/\\\/lospoliticosveracruz.com\\\/?p=64817\"},\"wordCount\":623,\"commentCount\":0,\"publisher\":{\"@id\":\"https:\\\/\\\/lospoliticosveracruz.com\\\/#organization\"},\"image\":{\"@id\":\"https:\\\/\\\/lospoliticosveracruz.com\\\/?p=64817#primaryimage\"},\"thumbnailUrl\":\"https:\\\/\\\/lospoliticosveracruz.com\\\/wp-content\\\/uploads\\\/2020\\\/12\\\/Bingen.jpeg\",\"keywords\":[\"Bingen Rementer\u00eda Molina\",\"Comisi\u00f3n Permanente Anticorrupci\u00f3n\",\"Diputado en tu Colonia\",\"Distrito de Veracruz\",\"\u00c9chale la Mano a tu Vecino\",\"Jornadas M\u00e9dico Veterinarias\",\"PAN\",\"Sefiplan\"],\"articleSection\":[\"De Boleto\"],\"inLanguage\":\"es\",\"potentialAction\":[{\"@type\":\"CommentAction\",\"name\":\"Comment\",\"target\":[\"https:\\\/\\\/lospoliticosveracruz.com\\\/?p=64817#respond\"]}]},{\"@type\":\"WebPage\",\"@id\":\"https:\\\/\\\/lospoliticosveracruz.com\\\/?p=64817\",\"url\":\"https:\\\/\\\/lospoliticosveracruz.com\\\/?p=64817\",\"name\":\"Mi compromiso, seguir trabajando por Veracruz - Los pol\u00edticos Veracruz\",\"isPartOf\":{\"@id\":\"https:\\\/\\\/lospoliticosveracruz.com\\\/#website\"},\"primaryImageOfPage\":{\"@id\":\"https:\\\/\\\/lospoliticosveracruz.com\\\/?p=64817#primaryimage\"},\"image\":{\"@id\":\"https:\\\/\\\/lospoliticosveracruz.com\\\/?p=64817#primaryimage\"},\"thumbnailUrl\":\"https:\\\/\\\/lospoliticosveracruz.com\\\/wp-content\\\/uploads\\\/2020\\\/12\\\/Bingen.jpeg\",\"datePublished\":\"2020-12-02T14:37:07+00:00\",\"breadcrumb\":{\"@id\":\"https:\\\/\\\/lospoliticosveracruz.com\\\/?p=64817#breadcrumb\"},\"inLanguage\":\"es\",\"potentialAction\":[{\"@type\":\"ReadAction\",\"target\":[\"https:\\\/\\\/lospoliticosveracruz.com\\\/?p=64817\"]}]},{\"@type\":\"ImageObject\",\"inLanguage\":\"es\",\"@id\":\"https:\\\/\\\/lospoliticosveracruz.com\\\/?p=64817#primaryimage\",\"url\":\"https:\\\/\\\/lospoliticosveracruz.com\\\/wp-content\\\/uploads\\\/2020\\\/12\\\/Bingen.jpeg\",\"contentUrl\":\"https:\\\/\\\/lospoliticosveracruz.com\\\/wp-content\\\/uploads\\\/2020\\\/12\\\/Bingen.jpeg\",\"width\":650,\"height\":350},{\"@type\":\"BreadcrumbList\",\"@id\":\"https:\\\/\\\/lospoliticosveracruz.com\\\/?p=64817#breadcrumb\",\"itemListElement\":[{\"@type\":\"ListItem\",\"position\":1,\"name\":\"Portada\",\"item\":\"https:\\\/\\\/lospoliticosveracruz.com\\\/\"},{\"@type\":\"ListItem\",\"position\":2,\"name\":\"Mi compromiso, seguir trabajando por Veracruz\"}]},{\"@type\":\"WebSite\",\"@id\":\"https:\\\/\\\/lospoliticosveracruz.com\\\/#website\",\"url\":\"https:\\\/\\\/lospoliticosveracruz.com\\\/\",\"name\":\"Los pol\u00edticos Veracruz\",\"description\":\"\",\"publisher\":{\"@id\":\"https:\\\/\\\/lospoliticosveracruz.com\\\/#organization\"},\"potentialAction\":[{\"@type\":\"SearchAction\",\"target\":{\"@type\":\"EntryPoint\",\"urlTemplate\":\"https:\\\/\\\/lospoliticosveracruz.com\\\/?s={search_term_string}\"},\"query-input\":{\"@type\":\"PropertyValueSpecification\",\"valueRequired\":true,\"valueName\":\"search_term_string\"}}],\"inLanguage\":\"es\"},{\"@type\":\"Organization\",\"@id\":\"https:\\\/\\\/lospoliticosveracruz.com\\\/#organization\",\"name\":\"Los pol\u00edticos Veracruz\",\"url\":\"https:\\\/\\\/lospoliticosveracruz.com\\\/\",\"logo\":{\"@type\":\"ImageObject\",\"inLanguage\":\"es\",\"@id\":\"https:\\\/\\\/lospoliticosveracruz.com\\\/#\\\/schema\\\/logo\\\/image\\\/\",\"url\":\"https:\\\/\\\/lospoliticosveracruz.com\\\/wp-content\\\/uploads\\\/2025\\\/12\\\/Logo-Nuevo-LOS-POLITICOS-1.jpg\",\"contentUrl\":\"https:\\\/\\\/lospoliticosveracruz.com\\\/wp-content\\\/uploads\\\/2025\\\/12\\\/Logo-Nuevo-LOS-POLITICOS-1.jpg\",\"width\":260,\"height\":70,\"caption\":\"Los pol\u00edticos Veracruz\"},\"image\":{\"@id\":\"https:\\\/\\\/lospoliticosveracruz.com\\\/#\\\/schema\\\/logo\\\/image\\\/\"},\"sameAs\":[\"https:\\\/\\\/www.facebook.com\\\/people\\\/Notimemes-de-los-Polticos\\\/61565672886568\\\/\",\"https:\\\/\\\/x.com\\\/LosPoliticosVer\"]},{\"@type\":\"Person\",\"@id\":\"https:\\\/\\\/lospoliticosveracruz.com\\\/#\\\/schema\\\/person\\\/b8702bb0e538456e6efd07080bf2a4a2\",\"name\":\"Lo viste en Los Pol\u00edticos\",\"image\":{\"@type\":\"ImageObject\",\"inLanguage\":\"es\",\"@id\":\"https:\\\/\\\/secure.gravatar.com\\\/avatar\\\/3a8de04a2656d44082be478bd6c086daa447c4651605818287b9532d3d0bd435?s=96&d=mm&r=g\",\"url\":\"https:\\\/\\\/secure.gravatar.com\\\/avatar\\\/3a8de04a2656d44082be478bd6c086daa447c4651605818287b9532d3d0bd435?s=96&d=mm&r=g\",\"contentUrl\":\"https:\\\/\\\/secure.gravatar.com\\\/avatar\\\/3a8de04a2656d44082be478bd6c086daa447c4651605818287b9532d3d0bd435?s=96&d=mm&r=g\",\"caption\":\"Lo viste en Los Pol\u00edticos\"},\"url\":\"https:\\\/\\\/lospoliticosveracruz.com\\\/?author=2\"}]}<\/script>\n<!-- \/ Yoast SEO plugin. -->","yoast_head_json":{"title":"Mi compromiso, seguir trabajando por Veracruz - Los pol\u00edticos Veracruz","robots":{"index":"index","follow":"follow","max-snippet":"max-snippet:-1","max-image-preview":"max-image-preview:large","max-video-preview":"max-video-preview:-1"},"canonical":"https:\/\/lospoliticosveracruz.com\/?p=64817","og_locale":"es_ES","og_type":"article","og_title":"Mi compromiso, seguir trabajando por Veracruz - Los pol\u00edticos Veracruz","og_description":"&nbsp; \u00abMis ganas de seguir trabajando por el bienestar de los veracruzanos se han duplicado. Tengo un compromiso para seguir trabajando por Veracruz y lo voy a cumplir\u00bb, asever\u00f3 el diputado local por el Distrito de Veracruz, Bingen Rementer\u00eda Molina, al realizar su Segundo Informe de Labores. Mediante una transmisi\u00f3n en vivo a trav\u00e9s de [&hellip;]","og_url":"https:\/\/lospoliticosveracruz.com\/?p=64817","og_site_name":"Los pol\u00edticos Veracruz","article_publisher":"https:\/\/www.facebook.com\/people\/Notimemes-de-los-Polticos\/61565672886568\/","article_published_time":"2020-12-02T14:37:07+00:00","og_image":[{"width":650,"height":350,"url":"https:\/\/lospoliticosveracruz.com\/wp-content\/uploads\/2020\/12\/Bingen.jpeg","type":"image\/jpeg"}],"author":"Lo viste en Los Pol\u00edticos","twitter_card":"summary_large_image","twitter_creator":"@LosPoliticosVer","twitter_site":"@LosPoliticosVer","twitter_misc":{"Escrito por":"Lo viste en Los Pol\u00edticos","Tiempo de lectura":"3 minutos"},"schema":{"@context":"https:\/\/schema.org","@graph":[{"@type":"Article","@id":"https:\/\/lospoliticosveracruz.com\/?p=64817#article","isPartOf":{"@id":"https:\/\/lospoliticosveracruz.com\/?p=64817"},"author":{"name":"Lo viste en Los Pol\u00edticos","@id":"https:\/\/lospoliticosveracruz.com\/#\/schema\/person\/b8702bb0e538456e6efd07080bf2a4a2"},"headline":"Mi compromiso, seguir trabajando por Veracruz","datePublished":"2020-12-02T14:37:07+00:00","mainEntityOfPage":{"@id":"https:\/\/lospoliticosveracruz.com\/?p=64817"},"wordCount":623,"commentCount":0,"publisher":{"@id":"https:\/\/lospoliticosveracruz.com\/#organization"},"image":{"@id":"https:\/\/lospoliticosveracruz.com\/?p=64817#primaryimage"},"thumbnailUrl":"https:\/\/lospoliticosveracruz.com\/wp-content\/uploads\/2020\/12\/Bingen.jpeg","keywords":["Bingen Rementer\u00eda Molina","Comisi\u00f3n Permanente Anticorrupci\u00f3n","Diputado en tu Colonia","Distrito de Veracruz","\u00c9chale la Mano a tu Vecino","Jornadas M\u00e9dico Veterinarias","PAN","Sefiplan"],"articleSection":["De Boleto"],"inLanguage":"es","potentialAction":[{"@type":"CommentAction","name":"Comment","target":["https:\/\/lospoliticosveracruz.com\/?p=64817#respond"]}]},{"@type":"WebPage","@id":"https:\/\/lospoliticosveracruz.com\/?p=64817","url":"https:\/\/lospoliticosveracruz.com\/?p=64817","name":"Mi compromiso, seguir trabajando por Veracruz - Los pol\u00edticos Veracruz","isPartOf":{"@id":"https:\/\/lospoliticosveracruz.com\/#website"},"primaryImageOfPage":{"@id":"https:\/\/lospoliticosveracruz.com\/?p=64817#primaryimage"},"image":{"@id":"https:\/\/lospoliticosveracruz.com\/?p=64817#primaryimage"},"thumbnailUrl":"https:\/\/lospoliticosveracruz.com\/wp-content\/uploads\/2020\/12\/Bingen.jpeg","datePublished":"2020-12-02T14:37:07+00:00","breadcrumb":{"@id":"https:\/\/lospoliticosveracruz.com\/?p=64817#breadcrumb"},"inLanguage":"es","potentialAction":[{"@type":"ReadAction","target":["https:\/\/lospoliticosveracruz.com\/?p=64817"]}]},{"@type":"ImageObject","inLanguage":"es","@id":"https:\/\/lospoliticosveracruz.com\/?p=64817#primaryimage","url":"https:\/\/lospoliticosveracruz.com\/wp-content\/uploads\/2020\/12\/Bingen.jpeg","contentUrl":"https:\/\/lospoliticosveracruz.com\/wp-content\/uploads\/2020\/12\/Bingen.jpeg","width":650,"height":350},{"@type":"BreadcrumbList","@id":"https:\/\/lospoliticosveracruz.com\/?p=64817#breadcrumb","itemListElement":[{"@type":"ListItem","position":1,"name":"Portada","item":"https:\/\/lospoliticosveracruz.com\/"},{"@type":"ListItem","position":2,"name":"Mi compromiso, seguir trabajando por Veracruz"}]},{"@type":"WebSite","@id":"https:\/\/lospoliticosveracruz.com\/#website","url":"https:\/\/lospoliticosveracruz.com\/","name":"Los pol\u00edticos Veracruz","description":"","publisher":{"@id":"https:\/\/lospoliticosveracruz.com\/#organization"},"potentialAction":[{"@type":"SearchAction","target":{"@type":"EntryPoint","urlTemplate":"https:\/\/lospoliticosveracruz.com\/?s={search_term_string}"},"query-input":{"@type":"PropertyValueSpecification","valueRequired":true,"valueName":"search_term_string"}}],"inLanguage":"es"},{"@type":"Organization","@id":"https:\/\/lospoliticosveracruz.com\/#organization","name":"Los pol\u00edticos Veracruz","url":"https:\/\/lospoliticosveracruz.com\/","logo":{"@type":"ImageObject","inLanguage":"es","@id":"https:\/\/lospoliticosveracruz.com\/#\/schema\/logo\/image\/","url":"https:\/\/lospoliticosveracruz.com\/wp-content\/uploads\/2025\/12\/Logo-Nuevo-LOS-POLITICOS-1.jpg","contentUrl":"https:\/\/lospoliticosveracruz.com\/wp-content\/uploads\/2025\/12\/Logo-Nuevo-LOS-POLITICOS-1.jpg","width":260,"height":70,"caption":"Los pol\u00edticos Veracruz"},"image":{"@id":"https:\/\/lospoliticosveracruz.com\/#\/schema\/logo\/image\/"},"sameAs":["https:\/\/www.facebook.com\/people\/Notimemes-de-los-Polticos\/61565672886568\/","https:\/\/x.com\/LosPoliticosVer"]},{"@type":"Person","@id":"https:\/\/lospoliticosveracruz.com\/#\/schema\/person\/b8702bb0e538456e6efd07080bf2a4a2","name":"Lo viste en Los Pol\u00edticos","image":{"@type":"ImageObject","inLanguage":"es","@id":"https:\/\/secure.gravatar.com\/avatar\/3a8de04a2656d44082be478bd6c086daa447c4651605818287b9532d3d0bd435?s=96&d=mm&r=g","url":"https:\/\/secure.gravatar.com\/avatar\/3a8de04a2656d44082be478bd6c086daa447c4651605818287b9532d3d0bd435?s=96&d=mm&r=g","contentUrl":"https:\/\/secure.gravatar.com\/avatar\/3a8de04a2656d44082be478bd6c086daa447c4651605818287b9532d3d0bd435?s=96&d=mm&r=g","caption":"Lo viste en Los Pol\u00edticos"},"url":"https:\/\/lospoliticosveracruz.com\/?author=2"}]}},"_links":{"self":[{"href":"https:\/\/lospoliticosveracruz.com\/index.php?rest_route=\/wp\/v2\/posts\/64817","targetHints":{"allow":["GET"]}}],"collection":[{"href":"https:\/\/lospoliticosveracruz.com\/index.php?rest_route=\/wp\/v2\/posts"}],"about":[{"href":"https:\/\/lospoliticosveracruz.com\/index.php?rest_route=\/wp\/v2\/types\/post"}],"author":[{"embeddable":true,"href":"https:\/\/lospoliticosveracruz.com\/index.php?rest_route=\/wp\/v2\/users\/2"}],"replies":[{"embeddable":true,"href":"https:\/\/lospoliticosveracruz.com\/index.php?rest_route=%2Fwp%2Fv2%2Fcomments&post=64817"}],"version-history":[{"count":1,"href":"https:\/\/lospoliticosveracruz.com\/index.php?rest_route=\/wp\/v2\/posts\/64817\/revisions"}],"predecessor-version":[{"id":64820,"href":"https:\/\/lospoliticosveracruz.com\/index.php?rest_route=\/wp\/v2\/posts\/64817\/revisions\/64820"}],"wp:featuredmedia":[{"embeddable":true,"href":"https:\/\/lospoliticosveracruz.com\/index.php?rest_route=\/wp\/v2\/media\/64818"}],"wp:attachment":[{"href":"https:\/\/lospoliticosveracruz.com\/index.php?rest_route=%2Fwp%2Fv2%2Fmedia&parent=64817"}],"wp:term":[{"taxonomy":"category","embeddable":true,"href":"https:\/\/lospoliticosveracruz.com\/index.php?rest_route=%2Fwp%2Fv2%2Fcategories&post=64817"},{"taxonomy":"post_tag","embeddable":true,"href":"https:\/\/lospoliticosveracruz.com\/index.php?rest_route=%2Fwp%2Fv2%2Ftags&post=64817"}],"curies":[{"name":"wp","href":"https:\/\/api.w.org\/{rel}","templated":true}]}}