{"id":64913,"date":"2020-12-04T08:40:52","date_gmt":"2020-12-04T14:40:52","guid":{"rendered":"http:\/\/www.lospoliticosveracruz.com.mx\/?p=64913"},"modified":"2020-12-04T08:40:52","modified_gmt":"2020-12-04T14:40:52","slug":"la-vejez-a-su-suerte","status":"publish","type":"post","link":"https:\/\/lospoliticosveracruz.com\/?p=64913","title":{"rendered":"La vejez a su suerte"},"content":{"rendered":"<p>&nbsp;<\/p>\n<p><strong>Felipe de Jes\u00fas Fern\u00e1ndez Basilio<\/strong><br \/>\n<em>Desde A Janela<\/em><\/p>\n<p>El mundo jur\u00eddico actual se encuentra exageradamente lleno de tutelas legales para casi todo tipo de personas y de eso nos damos f\u00e1cilmente cuenta ya que, si se trata de mujeres, ni\u00f1os, adolescentes, trabajadores, campesinos, ind\u00edgenas, concubinos, alumnos entre otras muchas \u00absituaciones especiales\u00bb que tienen ya sea su propia legislaci\u00f3n o excepciones en las leyes generales con la finalidad de protegerles frente a abusos reales o que algunas veces se dan en la imaginaci\u00f3n de quien legisla.<br \/>\nVaya, hay tantas protecciones que hasta los animales tienen tambi\u00e9n la suya.<br \/>\nAlgunas de ellas son necesarias, otras son exageradas y otras son francamente absurdas como las famosas cuotas de g\u00e9nero en cargos de elecci\u00f3n popular o en la integraci\u00f3n de \u00f3rganos del Estado, ya que ahora prevalece la cuota de g\u00e9nero sobre los m\u00e9ritos de las personas o la naturaleza del organismo que se pretende integrar.<br \/>\nSin embargo, entre tantas circunstancias personales que se protegen se ha olvidado una que es b\u00e1sica y esa precisamente es la que le da el t\u00edtulo a este texto: la vejez.<br \/>\nAs\u00ed es queridos lectores, la vejez no est\u00e1 protegida por nuestras leyes ni tampoco casi nadie se preocupa por hacer algo al respecto, a pesar de que esa etapa de la vida llega a ser muy parecida a la de la ni\u00f1ez, la cual est\u00e1 sobreprotegida y sin embargo los ancianos se encuentran al garete cuando son v\u00edctimas de cualquier tipo de abuso.<br \/>\nM\u00e1s las personas que llegan a una edad avanzada al igual que las que comienzan su vida requieren una protecci\u00f3n especial, ya que la vida humana en cuanto a su edad cronol\u00f3gica es como una l\u00ednea parab\u00f3lica en la que los puntos bajos o d\u00e9biles son sus extremos y es precisamente en ellos en donde se deben de crear protecciones especiales.<br \/>\nComo ya dijimos, en el extremo inicial se ha hecho hasta en abundancia con figuras que rayan en la exageraci\u00f3n pero que de alguna manera representan la importancia que se les da a los ni\u00f1os y adolescentes, tal y como lo son los asesores jur\u00eddicos que representan a menores en juicios de custodia y que el Juez de amparo pone cuando se ventila un juicio de ese tipo que revisa esa cuesti\u00f3n.<br \/>\nM\u00e1s en el otro extremo de la par\u00e1bola que mencionamos, no hay ning\u00fan tipo de representaci\u00f3n o suplencia de la deficiencia de la queja o incluso una normatividad especial que sirva para velar y proteger los derechos de las personas que se encuentran en la vejez.<br \/>\nAl contrario, en esa etapa de la vida se entra en juicios y dem\u00e1s problemas legales como si se tratara de una persona en plenitud de facultades, lo cual ya no es as\u00ed y es que es bien sabido que ni el cuerpo ni la mente responden de la misma manera a determinada edad.<br \/>\nAparte de lo anterior, cuando una persona ya es muy mayor empieza a tener problemas de salud que la hacen vulnerable a sufrir abusos por parte de otras personas que aprovechan la situaci\u00f3n y as\u00ed tenemos a asistentes familiares o no que los hacen firmar testamentos o donaciones y que pasan sin m\u00e1s por los filtros legales como si se tratara de una manifestaci\u00f3n espont\u00e1nea de la voluntad de la persona.<br \/>\nTambi\u00e9n tenemos casos en los que precisamente por las enfermedades se generan gastos extraordinarios y muchas veces altamente onerosos para cubrirlos que dejan al anciano a merced de prestamistas que literalmente los dejan en la calle, incluso los sacan de su casa en vida.<br \/>\nPor situaciones como las mencionadas es que se debe de implementar una protecci\u00f3n en las leyes para la vejez y as\u00ed mismo crear, al igual que ya se hace con la ni\u00f1ez, una procuradur\u00eda que defienda sus derechos y los asista en los procesos judiciales en los que sean parte, sobre todo cuando son demandados y su patrimonio est\u00e1 en riesgo.<br \/>\nYa que lo que hay como lo es el derecho a pedir alimentos a sus descendientes o algunos derechos sociales como la pensi\u00f3n de los sistemas de seguridad social para quienes son beneficiarios de los mismos o incluso las d\u00e1divas gubernamentales, resultan notoriamente insuficientes para garantizar una vejez digna para todas las personas debido a que la mayor\u00eda de los abusos que sufren provienen de personas que buscan sacar alg\u00fan provecho de la desventaja en la que se encuentran.<br \/>\nHay que ser muy claros, tenemos una deuda con nuestros viejos (disculpen si no uso eufemismos y no los uso porque creo que el lenguaje debe de ser preciso para que el mensaje sea contundente) la cual por gratitud a ellos debemos de saldar de inmediato y tampoco debemos de olvidar que con un poco de suerte alg\u00fan d\u00eda estaremos en la otra cara de la moneda.<\/p>\n<p>felfebas@gmail.com<br \/>\nTwitter: @FelipeFBasilio<\/p>\n","protected":false},"excerpt":{"rendered":"<p>&nbsp; Felipe de Jes\u00fas Fern\u00e1ndez Basilio Desde A Janela El mundo jur\u00eddico actual se encuentra exageradamente lleno de tutelas legales para casi todo tipo de personas y de eso nos damos f\u00e1cilmente cuenta ya que, si se trata de mujeres, ni\u00f1os, adolescentes, trabajadores, campesinos, ind\u00edgenas, concubinos, alumnos entre otras muchas \u00absituaciones especiales\u00bb que tienen ya [&hellip;]<\/p>\n","protected":false},"author":2,"featured_media":0,"comment_status":"open","ping_status":"open","sticky":false,"template":"","format":"standard","meta":{"tdm_status":"","tdm_grid_status":"","footnotes":""},"categories":[70],"tags":[2538,553,16250,24151],"class_list":{"0":"post-64913","1":"post","2":"type-post","3":"status-publish","4":"format-standard","6":"category-de-opinion","7":"tag-cuota-de-genero","8":"tag-eleccion-popular","9":"tag-legisladores","10":"tag-tutelas-legales"},"yoast_head":"<!-- This site is optimized with the Yoast SEO plugin v27.4 - https:\/\/yoast.com\/product\/yoast-seo-wordpress\/ -->\n<title>La vejez a su suerte - Los pol\u00edticos Veracruz<\/title>\n<meta name=\"robots\" content=\"index, follow, max-snippet:-1, max-image-preview:large, max-video-preview:-1\" \/>\n<link rel=\"canonical\" href=\"https:\/\/lospoliticosveracruz.com\/?p=64913\" \/>\n<meta property=\"og:locale\" content=\"es_ES\" \/>\n<meta property=\"og:type\" content=\"article\" \/>\n<meta property=\"og:title\" content=\"La vejez a su suerte - Los pol\u00edticos Veracruz\" \/>\n<meta property=\"og:description\" content=\"&nbsp; Felipe de Jes\u00fas Fern\u00e1ndez Basilio Desde A Janela El mundo jur\u00eddico actual se encuentra exageradamente lleno de tutelas legales para casi todo tipo de personas y de eso nos damos f\u00e1cilmente cuenta ya que, si se trata de mujeres, ni\u00f1os, adolescentes, trabajadores, campesinos, ind\u00edgenas, concubinos, alumnos entre otras muchas \u00absituaciones especiales\u00bb que tienen ya [&hellip;]\" \/>\n<meta property=\"og:url\" content=\"https:\/\/lospoliticosveracruz.com\/?p=64913\" \/>\n<meta property=\"og:site_name\" content=\"Los pol\u00edticos Veracruz\" \/>\n<meta property=\"article:publisher\" content=\"https:\/\/www.facebook.com\/people\/Notimemes-de-los-Polticos\/61565672886568\/\" \/>\n<meta property=\"article:published_time\" content=\"2020-12-04T14:40:52+00:00\" \/>\n<meta property=\"og:image\" content=\"https:\/\/lospoliticosveracruz.com\/wp-content\/uploads\/2016\/07\/Logo-Dor.jpg\" \/>\n\t<meta property=\"og:image:width\" content=\"200\" \/>\n\t<meta property=\"og:image:height\" content=\"200\" \/>\n\t<meta property=\"og:image:type\" content=\"image\/jpeg\" \/>\n<meta name=\"author\" content=\"Lo viste en Los Pol\u00edticos\" \/>\n<meta name=\"twitter:card\" content=\"summary_large_image\" \/>\n<meta name=\"twitter:creator\" content=\"@LosPoliticosVer\" \/>\n<meta name=\"twitter:site\" content=\"@LosPoliticosVer\" \/>\n<meta name=\"twitter:label1\" content=\"Escrito por\" \/>\n\t<meta name=\"twitter:data1\" content=\"Lo viste en Los Pol\u00edticos\" \/>\n\t<meta name=\"twitter:label2\" content=\"Tiempo de lectura\" \/>\n\t<meta name=\"twitter:data2\" content=\"4 minutos\" \/>\n<script type=\"application\/ld+json\" class=\"yoast-schema-graph\">{\"@context\":\"https:\\\/\\\/schema.org\",\"@graph\":[{\"@type\":\"Article\",\"@id\":\"https:\\\/\\\/lospoliticosveracruz.com\\\/?p=64913#article\",\"isPartOf\":{\"@id\":\"https:\\\/\\\/lospoliticosveracruz.com\\\/?p=64913\"},\"author\":{\"name\":\"Lo viste en Los Pol\u00edticos\",\"@id\":\"https:\\\/\\\/lospoliticosveracruz.com\\\/#\\\/schema\\\/person\\\/b8702bb0e538456e6efd07080bf2a4a2\"},\"headline\":\"La vejez a su suerte\",\"datePublished\":\"2020-12-04T14:40:52+00:00\",\"mainEntityOfPage\":{\"@id\":\"https:\\\/\\\/lospoliticosveracruz.com\\\/?p=64913\"},\"wordCount\":859,\"commentCount\":0,\"publisher\":{\"@id\":\"https:\\\/\\\/lospoliticosveracruz.com\\\/#organization\"},\"keywords\":[\"cuota de g\u00e9nero\",\"elecci\u00f3n popular\",\"legisladores\",\"Tutelas legales\"],\"articleSection\":[\"De Opini\u00f3n\"],\"inLanguage\":\"es\",\"potentialAction\":[{\"@type\":\"CommentAction\",\"name\":\"Comment\",\"target\":[\"https:\\\/\\\/lospoliticosveracruz.com\\\/?p=64913#respond\"]}]},{\"@type\":\"WebPage\",\"@id\":\"https:\\\/\\\/lospoliticosveracruz.com\\\/?p=64913\",\"url\":\"https:\\\/\\\/lospoliticosveracruz.com\\\/?p=64913\",\"name\":\"La vejez a su suerte - Los pol\u00edticos Veracruz\",\"isPartOf\":{\"@id\":\"https:\\\/\\\/lospoliticosveracruz.com\\\/#website\"},\"datePublished\":\"2020-12-04T14:40:52+00:00\",\"breadcrumb\":{\"@id\":\"https:\\\/\\\/lospoliticosveracruz.com\\\/?p=64913#breadcrumb\"},\"inLanguage\":\"es\",\"potentialAction\":[{\"@type\":\"ReadAction\",\"target\":[\"https:\\\/\\\/lospoliticosveracruz.com\\\/?p=64913\"]}]},{\"@type\":\"BreadcrumbList\",\"@id\":\"https:\\\/\\\/lospoliticosveracruz.com\\\/?p=64913#breadcrumb\",\"itemListElement\":[{\"@type\":\"ListItem\",\"position\":1,\"name\":\"Portada\",\"item\":\"https:\\\/\\\/lospoliticosveracruz.com\\\/\"},{\"@type\":\"ListItem\",\"position\":2,\"name\":\"La vejez a su suerte\"}]},{\"@type\":\"WebSite\",\"@id\":\"https:\\\/\\\/lospoliticosveracruz.com\\\/#website\",\"url\":\"https:\\\/\\\/lospoliticosveracruz.com\\\/\",\"name\":\"Los pol\u00edticos Veracruz\",\"description\":\"\",\"publisher\":{\"@id\":\"https:\\\/\\\/lospoliticosveracruz.com\\\/#organization\"},\"potentialAction\":[{\"@type\":\"SearchAction\",\"target\":{\"@type\":\"EntryPoint\",\"urlTemplate\":\"https:\\\/\\\/lospoliticosveracruz.com\\\/?s={search_term_string}\"},\"query-input\":{\"@type\":\"PropertyValueSpecification\",\"valueRequired\":true,\"valueName\":\"search_term_string\"}}],\"inLanguage\":\"es\"},{\"@type\":\"Organization\",\"@id\":\"https:\\\/\\\/lospoliticosveracruz.com\\\/#organization\",\"name\":\"Los pol\u00edticos Veracruz\",\"url\":\"https:\\\/\\\/lospoliticosveracruz.com\\\/\",\"logo\":{\"@type\":\"ImageObject\",\"inLanguage\":\"es\",\"@id\":\"https:\\\/\\\/lospoliticosveracruz.com\\\/#\\\/schema\\\/logo\\\/image\\\/\",\"url\":\"https:\\\/\\\/lospoliticosveracruz.com\\\/wp-content\\\/uploads\\\/2025\\\/12\\\/Logo-Nuevo-LOS-POLITICOS-1.jpg\",\"contentUrl\":\"https:\\\/\\\/lospoliticosveracruz.com\\\/wp-content\\\/uploads\\\/2025\\\/12\\\/Logo-Nuevo-LOS-POLITICOS-1.jpg\",\"width\":260,\"height\":70,\"caption\":\"Los pol\u00edticos Veracruz\"},\"image\":{\"@id\":\"https:\\\/\\\/lospoliticosveracruz.com\\\/#\\\/schema\\\/logo\\\/image\\\/\"},\"sameAs\":[\"https:\\\/\\\/www.facebook.com\\\/people\\\/Notimemes-de-los-Polticos\\\/61565672886568\\\/\",\"https:\\\/\\\/x.com\\\/LosPoliticosVer\"]},{\"@type\":\"Person\",\"@id\":\"https:\\\/\\\/lospoliticosveracruz.com\\\/#\\\/schema\\\/person\\\/b8702bb0e538456e6efd07080bf2a4a2\",\"name\":\"Lo viste en Los Pol\u00edticos\",\"image\":{\"@type\":\"ImageObject\",\"inLanguage\":\"es\",\"@id\":\"https:\\\/\\\/secure.gravatar.com\\\/avatar\\\/3a8de04a2656d44082be478bd6c086daa447c4651605818287b9532d3d0bd435?s=96&d=mm&r=g\",\"url\":\"https:\\\/\\\/secure.gravatar.com\\\/avatar\\\/3a8de04a2656d44082be478bd6c086daa447c4651605818287b9532d3d0bd435?s=96&d=mm&r=g\",\"contentUrl\":\"https:\\\/\\\/secure.gravatar.com\\\/avatar\\\/3a8de04a2656d44082be478bd6c086daa447c4651605818287b9532d3d0bd435?s=96&d=mm&r=g\",\"caption\":\"Lo viste en Los Pol\u00edticos\"},\"url\":\"https:\\\/\\\/lospoliticosveracruz.com\\\/?author=2\"}]}<\/script>\n<!-- \/ Yoast SEO plugin. -->","yoast_head_json":{"title":"La vejez a su suerte - Los pol\u00edticos Veracruz","robots":{"index":"index","follow":"follow","max-snippet":"max-snippet:-1","max-image-preview":"max-image-preview:large","max-video-preview":"max-video-preview:-1"},"canonical":"https:\/\/lospoliticosveracruz.com\/?p=64913","og_locale":"es_ES","og_type":"article","og_title":"La vejez a su suerte - Los pol\u00edticos Veracruz","og_description":"&nbsp; Felipe de Jes\u00fas Fern\u00e1ndez Basilio Desde A Janela El mundo jur\u00eddico actual se encuentra exageradamente lleno de tutelas legales para casi todo tipo de personas y de eso nos damos f\u00e1cilmente cuenta ya que, si se trata de mujeres, ni\u00f1os, adolescentes, trabajadores, campesinos, ind\u00edgenas, concubinos, alumnos entre otras muchas \u00absituaciones especiales\u00bb que tienen ya [&hellip;]","og_url":"https:\/\/lospoliticosveracruz.com\/?p=64913","og_site_name":"Los pol\u00edticos Veracruz","article_publisher":"https:\/\/www.facebook.com\/people\/Notimemes-de-los-Polticos\/61565672886568\/","article_published_time":"2020-12-04T14:40:52+00:00","og_image":[{"width":200,"height":200,"url":"https:\/\/lospoliticosveracruz.com\/wp-content\/uploads\/2016\/07\/Logo-Dor.jpg","type":"image\/jpeg"}],"author":"Lo viste en Los Pol\u00edticos","twitter_card":"summary_large_image","twitter_creator":"@LosPoliticosVer","twitter_site":"@LosPoliticosVer","twitter_misc":{"Escrito por":"Lo viste en Los Pol\u00edticos","Tiempo de lectura":"4 minutos"},"schema":{"@context":"https:\/\/schema.org","@graph":[{"@type":"Article","@id":"https:\/\/lospoliticosveracruz.com\/?p=64913#article","isPartOf":{"@id":"https:\/\/lospoliticosveracruz.com\/?p=64913"},"author":{"name":"Lo viste en Los Pol\u00edticos","@id":"https:\/\/lospoliticosveracruz.com\/#\/schema\/person\/b8702bb0e538456e6efd07080bf2a4a2"},"headline":"La vejez a su suerte","datePublished":"2020-12-04T14:40:52+00:00","mainEntityOfPage":{"@id":"https:\/\/lospoliticosveracruz.com\/?p=64913"},"wordCount":859,"commentCount":0,"publisher":{"@id":"https:\/\/lospoliticosveracruz.com\/#organization"},"keywords":["cuota de g\u00e9nero","elecci\u00f3n popular","legisladores","Tutelas legales"],"articleSection":["De Opini\u00f3n"],"inLanguage":"es","potentialAction":[{"@type":"CommentAction","name":"Comment","target":["https:\/\/lospoliticosveracruz.com\/?p=64913#respond"]}]},{"@type":"WebPage","@id":"https:\/\/lospoliticosveracruz.com\/?p=64913","url":"https:\/\/lospoliticosveracruz.com\/?p=64913","name":"La vejez a su suerte - Los pol\u00edticos Veracruz","isPartOf":{"@id":"https:\/\/lospoliticosveracruz.com\/#website"},"datePublished":"2020-12-04T14:40:52+00:00","breadcrumb":{"@id":"https:\/\/lospoliticosveracruz.com\/?p=64913#breadcrumb"},"inLanguage":"es","potentialAction":[{"@type":"ReadAction","target":["https:\/\/lospoliticosveracruz.com\/?p=64913"]}]},{"@type":"BreadcrumbList","@id":"https:\/\/lospoliticosveracruz.com\/?p=64913#breadcrumb","itemListElement":[{"@type":"ListItem","position":1,"name":"Portada","item":"https:\/\/lospoliticosveracruz.com\/"},{"@type":"ListItem","position":2,"name":"La vejez a su suerte"}]},{"@type":"WebSite","@id":"https:\/\/lospoliticosveracruz.com\/#website","url":"https:\/\/lospoliticosveracruz.com\/","name":"Los pol\u00edticos Veracruz","description":"","publisher":{"@id":"https:\/\/lospoliticosveracruz.com\/#organization"},"potentialAction":[{"@type":"SearchAction","target":{"@type":"EntryPoint","urlTemplate":"https:\/\/lospoliticosveracruz.com\/?s={search_term_string}"},"query-input":{"@type":"PropertyValueSpecification","valueRequired":true,"valueName":"search_term_string"}}],"inLanguage":"es"},{"@type":"Organization","@id":"https:\/\/lospoliticosveracruz.com\/#organization","name":"Los pol\u00edticos Veracruz","url":"https:\/\/lospoliticosveracruz.com\/","logo":{"@type":"ImageObject","inLanguage":"es","@id":"https:\/\/lospoliticosveracruz.com\/#\/schema\/logo\/image\/","url":"https:\/\/lospoliticosveracruz.com\/wp-content\/uploads\/2025\/12\/Logo-Nuevo-LOS-POLITICOS-1.jpg","contentUrl":"https:\/\/lospoliticosveracruz.com\/wp-content\/uploads\/2025\/12\/Logo-Nuevo-LOS-POLITICOS-1.jpg","width":260,"height":70,"caption":"Los pol\u00edticos Veracruz"},"image":{"@id":"https:\/\/lospoliticosveracruz.com\/#\/schema\/logo\/image\/"},"sameAs":["https:\/\/www.facebook.com\/people\/Notimemes-de-los-Polticos\/61565672886568\/","https:\/\/x.com\/LosPoliticosVer"]},{"@type":"Person","@id":"https:\/\/lospoliticosveracruz.com\/#\/schema\/person\/b8702bb0e538456e6efd07080bf2a4a2","name":"Lo viste en Los Pol\u00edticos","image":{"@type":"ImageObject","inLanguage":"es","@id":"https:\/\/secure.gravatar.com\/avatar\/3a8de04a2656d44082be478bd6c086daa447c4651605818287b9532d3d0bd435?s=96&d=mm&r=g","url":"https:\/\/secure.gravatar.com\/avatar\/3a8de04a2656d44082be478bd6c086daa447c4651605818287b9532d3d0bd435?s=96&d=mm&r=g","contentUrl":"https:\/\/secure.gravatar.com\/avatar\/3a8de04a2656d44082be478bd6c086daa447c4651605818287b9532d3d0bd435?s=96&d=mm&r=g","caption":"Lo viste en Los Pol\u00edticos"},"url":"https:\/\/lospoliticosveracruz.com\/?author=2"}]}},"_links":{"self":[{"href":"https:\/\/lospoliticosveracruz.com\/index.php?rest_route=\/wp\/v2\/posts\/64913","targetHints":{"allow":["GET"]}}],"collection":[{"href":"https:\/\/lospoliticosveracruz.com\/index.php?rest_route=\/wp\/v2\/posts"}],"about":[{"href":"https:\/\/lospoliticosveracruz.com\/index.php?rest_route=\/wp\/v2\/types\/post"}],"author":[{"embeddable":true,"href":"https:\/\/lospoliticosveracruz.com\/index.php?rest_route=\/wp\/v2\/users\/2"}],"replies":[{"embeddable":true,"href":"https:\/\/lospoliticosveracruz.com\/index.php?rest_route=%2Fwp%2Fv2%2Fcomments&post=64913"}],"version-history":[{"count":1,"href":"https:\/\/lospoliticosveracruz.com\/index.php?rest_route=\/wp\/v2\/posts\/64913\/revisions"}],"predecessor-version":[{"id":64914,"href":"https:\/\/lospoliticosveracruz.com\/index.php?rest_route=\/wp\/v2\/posts\/64913\/revisions\/64914"}],"wp:attachment":[{"href":"https:\/\/lospoliticosveracruz.com\/index.php?rest_route=%2Fwp%2Fv2%2Fmedia&parent=64913"}],"wp:term":[{"taxonomy":"category","embeddable":true,"href":"https:\/\/lospoliticosveracruz.com\/index.php?rest_route=%2Fwp%2Fv2%2Fcategories&post=64913"},{"taxonomy":"post_tag","embeddable":true,"href":"https:\/\/lospoliticosveracruz.com\/index.php?rest_route=%2Fwp%2Fv2%2Ftags&post=64913"}],"curies":[{"name":"wp","href":"https:\/\/api.w.org\/{rel}","templated":true}]}}