{"id":64932,"date":"2020-12-04T10:36:01","date_gmt":"2020-12-04T16:36:01","guid":{"rendered":"http:\/\/www.lospoliticosveracruz.com.mx\/?p=64932"},"modified":"2020-12-04T10:36:01","modified_gmt":"2020-12-04T16:36:01","slug":"ante-violencia-pide-dunyaska-intervencion-de-sanchez-cordero","status":"publish","type":"post","link":"https:\/\/lospoliticosveracruz.com\/?p=64932","title":{"rendered":"Ante violencia, pide Dunyaska intervenci\u00f3n de S\u00e1nchez Cordero"},"content":{"rendered":"<p>&nbsp;<\/p>\n<p>La Diputada Federal por el Distrito XII de Veracruz, Mariana Dunyaska Garc\u00eda Rojas, llev\u00f3 a cabo una reuni\u00f3n de trabajo con la Secretaria de Gobernaci\u00f3n Olga S\u00e1nchez Cordero, quien la recibi\u00f3 en sus oficinas, con motivo del Punto de Acuerdo que present\u00f3 recientemente con motivo del asesinato de Florisel R\u00edos Delfin, Alcaldesa de Jamapa, Veracruz, con el fin de exigir a la Fiscal\u00eda General del Estado de Veracruz su investigaci\u00f3n, aprehensi\u00f3n y consignaci\u00f3n ante las autoridades Judiciales, de los autores materiales e intelectuales del crimen.<br \/>\n\u201cLe solicitamos a la Secretaria de Gobernaci\u00f3n su apoyo para la autoridades municipales y que se genere una interlocuci\u00f3n efectiva con el Gobierno del Estado de Veracruz, particularmente con la Secretar\u00eda de Gobierno estatal y con Seguridad P\u00fablica, ante esta delicada circunstancia en la que fue asesinada la Alcaldesa de Jamapa, Florisel R\u00edos Delf\u00edn que adem\u00e1s en el contexto de los asesinatos de la Presidenta Municipal de Mixtla de Altamirano, Maricela Vallejo Orea, y del Diputado Local Juan Carlos Molina, y este \u00faltimo sucediendo en el Municipio de Medell\u00edn, que forma parte del Distrito XII que represento ante el Congreso de la Uni\u00f3n\u00bb.<br \/>\nLa legisladora Veracruzana se\u00f1al\u00f3: \u201cestos asesinatos son tan solo una muestra de los hechos violentos en Veracruz y la deficiencia en las acciones para combatirlos por parte del Gobierno del Estado; ejemplo de ello son los m\u00faltiples feminicidios y la reclasificaci\u00f3n de este delito por parte de Ver\u00f3nica Hern\u00e1ndez Giad\u00e1ns, Fiscal General del Estado de Veracruz, a fin de maquillar las cifras y hacer pasar m\u00faltiples feminicidios como homicidios. Aunado a ello, somos el estado con el primer lugar en secuestros.\u201d<br \/>\n\u201cEn Veracruz vivimos una terrible etapa en materia de Seguridad P\u00fablica, en el que destaca tambi\u00e9n el asesinato de periodistas en ejercicio de su profesi\u00f3n\u201d.<br \/>\nLa Legisladora Veracruzana nos comenta sobre la situaci\u00f3n de seguridad en nuestro estado: \u201cEs alarmante el grado de incidencia delictiva en el pa\u00eds y particularmente en nuestro estado y en este orden de ideas es alarmante que la SHCP haya decidido desaparecer los recursos para el Fortalecimiento del Desempe\u00f1o en Materia de Seguridad P\u00fablica (FORTASEG) para el PEF 2021 y que haya sido aprobado por la mayor\u00eda oficialista en el Congreso.\u201d<br \/>\nDunyaska concluye: \u201clo que le solicitamos a la Secretar\u00eda de Gobernaci\u00f3n son dos cosas muy concretas:<br \/>\n\u2022 Generar rendici\u00f3n de cuentas por parte de las autoridades encargadas de la persecuci\u00f3n de los delitos y de la impartici\u00f3n de justicia.<br \/>\n\u2022 Generar una mesa de interlocuci\u00f3n con el Gobierno de Veracruz, su Secretario de Seguridad P\u00fablica y la Fiscal General del Estado\u201d.<br \/>\n\u201cLa ciudadan\u00eda de Veracruz merece poder vivir con seguridad y esperamos que nuestras peticiones sean atendidas por una la Secretaria de Gobernaci\u00f3n\u201d.<\/p>\n","protected":false},"excerpt":{"rendered":"<p>&nbsp; La Diputada Federal por el Distrito XII de Veracruz, Mariana Dunyaska Garc\u00eda Rojas, llev\u00f3 a cabo una reuni\u00f3n de trabajo con la Secretaria de Gobernaci\u00f3n Olga S\u00e1nchez Cordero, quien la recibi\u00f3 en sus oficinas, con motivo del Punto de Acuerdo que present\u00f3 recientemente con motivo del asesinato de Florisel R\u00edos Delfin, Alcaldesa de Jamapa, [&hellip;]<\/p>\n","protected":false},"author":2,"featured_media":64933,"comment_status":"open","ping_status":"open","sticky":false,"template":"","format":"standard","meta":{"tdm_status":"","tdm_grid_status":"","footnotes":""},"categories":[73],"tags":[12381,826,24159,19776,6802,18198,3654,5541,687,177,1849,195],"class_list":{"0":"post-64932","1":"post","2":"type-post","3":"status-publish","4":"format-standard","5":"has-post-thumbnail","7":"category-de-boleto","8":"tag-estado-de-veracruz","9":"tag-feminicidios","10":"tag-fiscalia-general-del-estado-de-veracruz","11":"tag-florisel-rios-delfin","12":"tag-fortaseg","13":"tag-imparticion-de-justicia","14":"tag-juan-carlos-molina","15":"tag-mariana-dunyaska-garcia-rojas","16":"tag-olga-sanchez-cordero","17":"tag-seguridad-publica","18":"tag-shcp","19":"tag-veracruz"},"yoast_head":"<!-- This site is optimized with the Yoast SEO plugin v27.4 - https:\/\/yoast.com\/product\/yoast-seo-wordpress\/ -->\n<title>Ante violencia, pide Dunyaska intervenci\u00f3n de S\u00e1nchez Cordero - Los pol\u00edticos Veracruz<\/title>\n<meta name=\"robots\" content=\"index, follow, max-snippet:-1, max-image-preview:large, max-video-preview:-1\" \/>\n<link rel=\"canonical\" href=\"https:\/\/lospoliticosveracruz.com\/?p=64932\" \/>\n<meta property=\"og:locale\" content=\"es_ES\" \/>\n<meta property=\"og:type\" content=\"article\" \/>\n<meta property=\"og:title\" content=\"Ante violencia, pide Dunyaska intervenci\u00f3n de S\u00e1nchez Cordero - Los pol\u00edticos Veracruz\" \/>\n<meta property=\"og:description\" content=\"&nbsp; La Diputada Federal por el Distrito XII de Veracruz, Mariana Dunyaska Garc\u00eda Rojas, llev\u00f3 a cabo una reuni\u00f3n de trabajo con la Secretaria de Gobernaci\u00f3n Olga S\u00e1nchez Cordero, quien la recibi\u00f3 en sus oficinas, con motivo del Punto de Acuerdo que present\u00f3 recientemente con motivo del asesinato de Florisel R\u00edos Delfin, Alcaldesa de Jamapa, [&hellip;]\" \/>\n<meta property=\"og:url\" content=\"https:\/\/lospoliticosveracruz.com\/?p=64932\" \/>\n<meta property=\"og:site_name\" content=\"Los pol\u00edticos Veracruz\" \/>\n<meta property=\"article:publisher\" content=\"https:\/\/www.facebook.com\/people\/Notimemes-de-los-Polticos\/61565672886568\/\" \/>\n<meta property=\"article:published_time\" content=\"2020-12-04T16:36:01+00:00\" \/>\n<meta property=\"og:image\" content=\"https:\/\/lospoliticosveracruz.com\/wp-content\/uploads\/2020\/12\/Dunyaska.jpg\" \/>\n\t<meta property=\"og:image:width\" content=\"650\" \/>\n\t<meta property=\"og:image:height\" content=\"350\" \/>\n\t<meta property=\"og:image:type\" content=\"image\/jpeg\" \/>\n<meta name=\"author\" content=\"Lo viste en Los Pol\u00edticos\" \/>\n<meta name=\"twitter:card\" content=\"summary_large_image\" \/>\n<meta name=\"twitter:creator\" content=\"@LosPoliticosVer\" \/>\n<meta name=\"twitter:site\" content=\"@LosPoliticosVer\" \/>\n<meta name=\"twitter:label1\" content=\"Escrito por\" \/>\n\t<meta name=\"twitter:data1\" content=\"Lo viste en Los Pol\u00edticos\" \/>\n\t<meta name=\"twitter:label2\" content=\"Tiempo de lectura\" \/>\n\t<meta name=\"twitter:data2\" content=\"2 minutos\" \/>\n<script type=\"application\/ld+json\" class=\"yoast-schema-graph\">{\"@context\":\"https:\\\/\\\/schema.org\",\"@graph\":[{\"@type\":\"Article\",\"@id\":\"https:\\\/\\\/lospoliticosveracruz.com\\\/?p=64932#article\",\"isPartOf\":{\"@id\":\"https:\\\/\\\/lospoliticosveracruz.com\\\/?p=64932\"},\"author\":{\"name\":\"Lo viste en Los Pol\u00edticos\",\"@id\":\"https:\\\/\\\/lospoliticosveracruz.com\\\/#\\\/schema\\\/person\\\/b8702bb0e538456e6efd07080bf2a4a2\"},\"headline\":\"Ante violencia, pide Dunyaska intervenci\u00f3n de S\u00e1nchez Cordero\",\"datePublished\":\"2020-12-04T16:36:01+00:00\",\"mainEntityOfPage\":{\"@id\":\"https:\\\/\\\/lospoliticosveracruz.com\\\/?p=64932\"},\"wordCount\":498,\"commentCount\":0,\"publisher\":{\"@id\":\"https:\\\/\\\/lospoliticosveracruz.com\\\/#organization\"},\"image\":{\"@id\":\"https:\\\/\\\/lospoliticosveracruz.com\\\/?p=64932#primaryimage\"},\"thumbnailUrl\":\"https:\\\/\\\/lospoliticosveracruz.com\\\/wp-content\\\/uploads\\\/2020\\\/12\\\/Dunyaska.jpg\",\"keywords\":[\"estado de Veracruz\",\"feminicidios\",\"Fiscal\u00eda General del Estado de Veracruz\",\"Florisel R\u00edos Delf\u00edn\",\"Fortaseg\",\"impartici\u00f3n de justicia\",\"Juan Carlos Molina\",\"Mariana Dunyaska Garc\u00eda Rojas\",\"Olga S\u00e1nchez Cordero\",\"Seguridad P\u00fablica\",\"SHCP\",\"Veracruz\"],\"articleSection\":[\"De Boleto\"],\"inLanguage\":\"es\",\"potentialAction\":[{\"@type\":\"CommentAction\",\"name\":\"Comment\",\"target\":[\"https:\\\/\\\/lospoliticosveracruz.com\\\/?p=64932#respond\"]}]},{\"@type\":\"WebPage\",\"@id\":\"https:\\\/\\\/lospoliticosveracruz.com\\\/?p=64932\",\"url\":\"https:\\\/\\\/lospoliticosveracruz.com\\\/?p=64932\",\"name\":\"Ante violencia, pide Dunyaska intervenci\u00f3n de S\u00e1nchez Cordero - Los pol\u00edticos Veracruz\",\"isPartOf\":{\"@id\":\"https:\\\/\\\/lospoliticosveracruz.com\\\/#website\"},\"primaryImageOfPage\":{\"@id\":\"https:\\\/\\\/lospoliticosveracruz.com\\\/?p=64932#primaryimage\"},\"image\":{\"@id\":\"https:\\\/\\\/lospoliticosveracruz.com\\\/?p=64932#primaryimage\"},\"thumbnailUrl\":\"https:\\\/\\\/lospoliticosveracruz.com\\\/wp-content\\\/uploads\\\/2020\\\/12\\\/Dunyaska.jpg\",\"datePublished\":\"2020-12-04T16:36:01+00:00\",\"breadcrumb\":{\"@id\":\"https:\\\/\\\/lospoliticosveracruz.com\\\/?p=64932#breadcrumb\"},\"inLanguage\":\"es\",\"potentialAction\":[{\"@type\":\"ReadAction\",\"target\":[\"https:\\\/\\\/lospoliticosveracruz.com\\\/?p=64932\"]}]},{\"@type\":\"ImageObject\",\"inLanguage\":\"es\",\"@id\":\"https:\\\/\\\/lospoliticosveracruz.com\\\/?p=64932#primaryimage\",\"url\":\"https:\\\/\\\/lospoliticosveracruz.com\\\/wp-content\\\/uploads\\\/2020\\\/12\\\/Dunyaska.jpg\",\"contentUrl\":\"https:\\\/\\\/lospoliticosveracruz.com\\\/wp-content\\\/uploads\\\/2020\\\/12\\\/Dunyaska.jpg\",\"width\":650,\"height\":350},{\"@type\":\"BreadcrumbList\",\"@id\":\"https:\\\/\\\/lospoliticosveracruz.com\\\/?p=64932#breadcrumb\",\"itemListElement\":[{\"@type\":\"ListItem\",\"position\":1,\"name\":\"Portada\",\"item\":\"https:\\\/\\\/lospoliticosveracruz.com\\\/\"},{\"@type\":\"ListItem\",\"position\":2,\"name\":\"Ante violencia, pide Dunyaska intervenci\u00f3n de S\u00e1nchez Cordero\"}]},{\"@type\":\"WebSite\",\"@id\":\"https:\\\/\\\/lospoliticosveracruz.com\\\/#website\",\"url\":\"https:\\\/\\\/lospoliticosveracruz.com\\\/\",\"name\":\"Los pol\u00edticos Veracruz\",\"description\":\"\",\"publisher\":{\"@id\":\"https:\\\/\\\/lospoliticosveracruz.com\\\/#organization\"},\"potentialAction\":[{\"@type\":\"SearchAction\",\"target\":{\"@type\":\"EntryPoint\",\"urlTemplate\":\"https:\\\/\\\/lospoliticosveracruz.com\\\/?s={search_term_string}\"},\"query-input\":{\"@type\":\"PropertyValueSpecification\",\"valueRequired\":true,\"valueName\":\"search_term_string\"}}],\"inLanguage\":\"es\"},{\"@type\":\"Organization\",\"@id\":\"https:\\\/\\\/lospoliticosveracruz.com\\\/#organization\",\"name\":\"Los pol\u00edticos Veracruz\",\"url\":\"https:\\\/\\\/lospoliticosveracruz.com\\\/\",\"logo\":{\"@type\":\"ImageObject\",\"inLanguage\":\"es\",\"@id\":\"https:\\\/\\\/lospoliticosveracruz.com\\\/#\\\/schema\\\/logo\\\/image\\\/\",\"url\":\"https:\\\/\\\/lospoliticosveracruz.com\\\/wp-content\\\/uploads\\\/2025\\\/12\\\/Logo-Nuevo-LOS-POLITICOS-1.jpg\",\"contentUrl\":\"https:\\\/\\\/lospoliticosveracruz.com\\\/wp-content\\\/uploads\\\/2025\\\/12\\\/Logo-Nuevo-LOS-POLITICOS-1.jpg\",\"width\":260,\"height\":70,\"caption\":\"Los pol\u00edticos Veracruz\"},\"image\":{\"@id\":\"https:\\\/\\\/lospoliticosveracruz.com\\\/#\\\/schema\\\/logo\\\/image\\\/\"},\"sameAs\":[\"https:\\\/\\\/www.facebook.com\\\/people\\\/Notimemes-de-los-Polticos\\\/61565672886568\\\/\",\"https:\\\/\\\/x.com\\\/LosPoliticosVer\"]},{\"@type\":\"Person\",\"@id\":\"https:\\\/\\\/lospoliticosveracruz.com\\\/#\\\/schema\\\/person\\\/b8702bb0e538456e6efd07080bf2a4a2\",\"name\":\"Lo viste en Los Pol\u00edticos\",\"image\":{\"@type\":\"ImageObject\",\"inLanguage\":\"es\",\"@id\":\"https:\\\/\\\/secure.gravatar.com\\\/avatar\\\/3a8de04a2656d44082be478bd6c086daa447c4651605818287b9532d3d0bd435?s=96&d=mm&r=g\",\"url\":\"https:\\\/\\\/secure.gravatar.com\\\/avatar\\\/3a8de04a2656d44082be478bd6c086daa447c4651605818287b9532d3d0bd435?s=96&d=mm&r=g\",\"contentUrl\":\"https:\\\/\\\/secure.gravatar.com\\\/avatar\\\/3a8de04a2656d44082be478bd6c086daa447c4651605818287b9532d3d0bd435?s=96&d=mm&r=g\",\"caption\":\"Lo viste en Los Pol\u00edticos\"},\"url\":\"https:\\\/\\\/lospoliticosveracruz.com\\\/?author=2\"}]}<\/script>\n<!-- \/ Yoast SEO plugin. -->","yoast_head_json":{"title":"Ante violencia, pide Dunyaska intervenci\u00f3n de S\u00e1nchez Cordero - Los pol\u00edticos Veracruz","robots":{"index":"index","follow":"follow","max-snippet":"max-snippet:-1","max-image-preview":"max-image-preview:large","max-video-preview":"max-video-preview:-1"},"canonical":"https:\/\/lospoliticosveracruz.com\/?p=64932","og_locale":"es_ES","og_type":"article","og_title":"Ante violencia, pide Dunyaska intervenci\u00f3n de S\u00e1nchez Cordero - Los pol\u00edticos Veracruz","og_description":"&nbsp; La Diputada Federal por el Distrito XII de Veracruz, Mariana Dunyaska Garc\u00eda Rojas, llev\u00f3 a cabo una reuni\u00f3n de trabajo con la Secretaria de Gobernaci\u00f3n Olga S\u00e1nchez Cordero, quien la recibi\u00f3 en sus oficinas, con motivo del Punto de Acuerdo que present\u00f3 recientemente con motivo del asesinato de Florisel R\u00edos Delfin, Alcaldesa de Jamapa, [&hellip;]","og_url":"https:\/\/lospoliticosveracruz.com\/?p=64932","og_site_name":"Los pol\u00edticos Veracruz","article_publisher":"https:\/\/www.facebook.com\/people\/Notimemes-de-los-Polticos\/61565672886568\/","article_published_time":"2020-12-04T16:36:01+00:00","og_image":[{"width":650,"height":350,"url":"https:\/\/lospoliticosveracruz.com\/wp-content\/uploads\/2020\/12\/Dunyaska.jpg","type":"image\/jpeg"}],"author":"Lo viste en Los Pol\u00edticos","twitter_card":"summary_large_image","twitter_creator":"@LosPoliticosVer","twitter_site":"@LosPoliticosVer","twitter_misc":{"Escrito por":"Lo viste en Los Pol\u00edticos","Tiempo de lectura":"2 minutos"},"schema":{"@context":"https:\/\/schema.org","@graph":[{"@type":"Article","@id":"https:\/\/lospoliticosveracruz.com\/?p=64932#article","isPartOf":{"@id":"https:\/\/lospoliticosveracruz.com\/?p=64932"},"author":{"name":"Lo viste en Los Pol\u00edticos","@id":"https:\/\/lospoliticosveracruz.com\/#\/schema\/person\/b8702bb0e538456e6efd07080bf2a4a2"},"headline":"Ante violencia, pide Dunyaska intervenci\u00f3n de S\u00e1nchez Cordero","datePublished":"2020-12-04T16:36:01+00:00","mainEntityOfPage":{"@id":"https:\/\/lospoliticosveracruz.com\/?p=64932"},"wordCount":498,"commentCount":0,"publisher":{"@id":"https:\/\/lospoliticosveracruz.com\/#organization"},"image":{"@id":"https:\/\/lospoliticosveracruz.com\/?p=64932#primaryimage"},"thumbnailUrl":"https:\/\/lospoliticosveracruz.com\/wp-content\/uploads\/2020\/12\/Dunyaska.jpg","keywords":["estado de Veracruz","feminicidios","Fiscal\u00eda General del Estado de Veracruz","Florisel R\u00edos Delf\u00edn","Fortaseg","impartici\u00f3n de justicia","Juan Carlos Molina","Mariana Dunyaska Garc\u00eda Rojas","Olga S\u00e1nchez Cordero","Seguridad P\u00fablica","SHCP","Veracruz"],"articleSection":["De Boleto"],"inLanguage":"es","potentialAction":[{"@type":"CommentAction","name":"Comment","target":["https:\/\/lospoliticosveracruz.com\/?p=64932#respond"]}]},{"@type":"WebPage","@id":"https:\/\/lospoliticosveracruz.com\/?p=64932","url":"https:\/\/lospoliticosveracruz.com\/?p=64932","name":"Ante violencia, pide Dunyaska intervenci\u00f3n de S\u00e1nchez Cordero - Los pol\u00edticos Veracruz","isPartOf":{"@id":"https:\/\/lospoliticosveracruz.com\/#website"},"primaryImageOfPage":{"@id":"https:\/\/lospoliticosveracruz.com\/?p=64932#primaryimage"},"image":{"@id":"https:\/\/lospoliticosveracruz.com\/?p=64932#primaryimage"},"thumbnailUrl":"https:\/\/lospoliticosveracruz.com\/wp-content\/uploads\/2020\/12\/Dunyaska.jpg","datePublished":"2020-12-04T16:36:01+00:00","breadcrumb":{"@id":"https:\/\/lospoliticosveracruz.com\/?p=64932#breadcrumb"},"inLanguage":"es","potentialAction":[{"@type":"ReadAction","target":["https:\/\/lospoliticosveracruz.com\/?p=64932"]}]},{"@type":"ImageObject","inLanguage":"es","@id":"https:\/\/lospoliticosveracruz.com\/?p=64932#primaryimage","url":"https:\/\/lospoliticosveracruz.com\/wp-content\/uploads\/2020\/12\/Dunyaska.jpg","contentUrl":"https:\/\/lospoliticosveracruz.com\/wp-content\/uploads\/2020\/12\/Dunyaska.jpg","width":650,"height":350},{"@type":"BreadcrumbList","@id":"https:\/\/lospoliticosveracruz.com\/?p=64932#breadcrumb","itemListElement":[{"@type":"ListItem","position":1,"name":"Portada","item":"https:\/\/lospoliticosveracruz.com\/"},{"@type":"ListItem","position":2,"name":"Ante violencia, pide Dunyaska intervenci\u00f3n de S\u00e1nchez Cordero"}]},{"@type":"WebSite","@id":"https:\/\/lospoliticosveracruz.com\/#website","url":"https:\/\/lospoliticosveracruz.com\/","name":"Los pol\u00edticos Veracruz","description":"","publisher":{"@id":"https:\/\/lospoliticosveracruz.com\/#organization"},"potentialAction":[{"@type":"SearchAction","target":{"@type":"EntryPoint","urlTemplate":"https:\/\/lospoliticosveracruz.com\/?s={search_term_string}"},"query-input":{"@type":"PropertyValueSpecification","valueRequired":true,"valueName":"search_term_string"}}],"inLanguage":"es"},{"@type":"Organization","@id":"https:\/\/lospoliticosveracruz.com\/#organization","name":"Los pol\u00edticos Veracruz","url":"https:\/\/lospoliticosveracruz.com\/","logo":{"@type":"ImageObject","inLanguage":"es","@id":"https:\/\/lospoliticosveracruz.com\/#\/schema\/logo\/image\/","url":"https:\/\/lospoliticosveracruz.com\/wp-content\/uploads\/2025\/12\/Logo-Nuevo-LOS-POLITICOS-1.jpg","contentUrl":"https:\/\/lospoliticosveracruz.com\/wp-content\/uploads\/2025\/12\/Logo-Nuevo-LOS-POLITICOS-1.jpg","width":260,"height":70,"caption":"Los pol\u00edticos Veracruz"},"image":{"@id":"https:\/\/lospoliticosveracruz.com\/#\/schema\/logo\/image\/"},"sameAs":["https:\/\/www.facebook.com\/people\/Notimemes-de-los-Polticos\/61565672886568\/","https:\/\/x.com\/LosPoliticosVer"]},{"@type":"Person","@id":"https:\/\/lospoliticosveracruz.com\/#\/schema\/person\/b8702bb0e538456e6efd07080bf2a4a2","name":"Lo viste en Los Pol\u00edticos","image":{"@type":"ImageObject","inLanguage":"es","@id":"https:\/\/secure.gravatar.com\/avatar\/3a8de04a2656d44082be478bd6c086daa447c4651605818287b9532d3d0bd435?s=96&d=mm&r=g","url":"https:\/\/secure.gravatar.com\/avatar\/3a8de04a2656d44082be478bd6c086daa447c4651605818287b9532d3d0bd435?s=96&d=mm&r=g","contentUrl":"https:\/\/secure.gravatar.com\/avatar\/3a8de04a2656d44082be478bd6c086daa447c4651605818287b9532d3d0bd435?s=96&d=mm&r=g","caption":"Lo viste en Los Pol\u00edticos"},"url":"https:\/\/lospoliticosveracruz.com\/?author=2"}]}},"_links":{"self":[{"href":"https:\/\/lospoliticosveracruz.com\/index.php?rest_route=\/wp\/v2\/posts\/64932","targetHints":{"allow":["GET"]}}],"collection":[{"href":"https:\/\/lospoliticosveracruz.com\/index.php?rest_route=\/wp\/v2\/posts"}],"about":[{"href":"https:\/\/lospoliticosveracruz.com\/index.php?rest_route=\/wp\/v2\/types\/post"}],"author":[{"embeddable":true,"href":"https:\/\/lospoliticosveracruz.com\/index.php?rest_route=\/wp\/v2\/users\/2"}],"replies":[{"embeddable":true,"href":"https:\/\/lospoliticosveracruz.com\/index.php?rest_route=%2Fwp%2Fv2%2Fcomments&post=64932"}],"version-history":[{"count":1,"href":"https:\/\/lospoliticosveracruz.com\/index.php?rest_route=\/wp\/v2\/posts\/64932\/revisions"}],"predecessor-version":[{"id":64934,"href":"https:\/\/lospoliticosveracruz.com\/index.php?rest_route=\/wp\/v2\/posts\/64932\/revisions\/64934"}],"wp:featuredmedia":[{"embeddable":true,"href":"https:\/\/lospoliticosveracruz.com\/index.php?rest_route=\/wp\/v2\/media\/64933"}],"wp:attachment":[{"href":"https:\/\/lospoliticosveracruz.com\/index.php?rest_route=%2Fwp%2Fv2%2Fmedia&parent=64932"}],"wp:term":[{"taxonomy":"category","embeddable":true,"href":"https:\/\/lospoliticosveracruz.com\/index.php?rest_route=%2Fwp%2Fv2%2Fcategories&post=64932"},{"taxonomy":"post_tag","embeddable":true,"href":"https:\/\/lospoliticosveracruz.com\/index.php?rest_route=%2Fwp%2Fv2%2Ftags&post=64932"}],"curies":[{"name":"wp","href":"https:\/\/api.w.org\/{rel}","templated":true}]}}