{"id":64938,"date":"2020-12-04T12:51:41","date_gmt":"2020-12-04T18:51:41","guid":{"rendered":"http:\/\/www.lospoliticosveracruz.com.mx\/?p=64938"},"modified":"2020-12-04T12:51:41","modified_gmt":"2020-12-04T18:51:41","slug":"tienen-sus-cochineros","status":"publish","type":"post","link":"https:\/\/lospoliticosveracruz.com\/?p=64938","title":{"rendered":"Tienen sus cochineros"},"content":{"rendered":"<p>&nbsp;<\/p>\n<p>En Veracruz se contabilizan alrededor de 120 tiraderos de basura a cielo abierto y solo se han clausurado 17, inform\u00f3 la Secretaria de Medio Ambiente (SEDEMA), Roc\u00edo P\u00e9rez P\u00e9rez.<br \/>\n\u201cSabemos que hay municipios que tienen hasta seis, siete tiraderos clandestinos, se presume que hay 120 tiraderos, yo creo que son m\u00e1s, en \u00e9stos adem\u00e1s de operar de manera irregular y generar una fuerte contaminaci\u00f3n\u00bb<br \/>\nAl respecto, dijo, infringen lo establecido en el art\u00edculo 29 de la Ley de Prevenci\u00f3n y Gesti\u00f3n Integral de Residuos S\u00f3lidos Urbanos y de Manejo Especial, en relaci\u00f3n al manejo de los residuos<br \/>\nAl comparecer ante diputados locales como parte de la glosa del segundo informe de gobierno, P\u00e9rez P\u00e9rez, explic\u00f3 que de diciembre de 2019 a octubre de 2020, la Procuradur\u00eda de Medio Ambiente clausur\u00f3 17 tiraderos a cielo abierto, 11 fueron de manera total temporal, una temporal definitiva.<br \/>\nEn el municipio de Poza Rica se abri\u00f3 un expediente por una orden de inspecci\u00f3n por contravenir a las normas vigentes, toda vez que existe una deficiencia en el manejo de los residuos s\u00f3lidos y los residuos de Covid-19.<br \/>\n\u201cTuvimos una clausura en Las Matas, en Xico hicieron una clausura total temporal, en Chinameca, en Ixhuatl\u00e1n del Sureste, Acayucan, \u00c1ngel R. Cabada, Santiago Tuxtla, Jos\u00e9 Azueta, Poza Rica. Coatzacoalcos fue intervenido por la Profepa por una denuncia ciudadana y ah\u00ed lo que hicimos fue presentar a Profepa el proyecto de saneamiento que ya estaba aprobado por Sefiplan y es lo que trabajamos en Villa Allende. Papantla est\u00e1 clausurado total y temporalmente.<br \/>\nSan Rafael, Tihuatl\u00e1n, Tecolutla, Mart\u00ednez de la Torre, Cerro Azul, \u00c1lamo, Paso del Macho. Todos \u00e9stos municipios tienen que acercarse a la SEDEMA e informar a la PMA, porque hay algunos que comienzan a hacer su saneamiento y el ORFIS los est\u00e1 requiriendo. Si no tienen el documento ingresado a la SEDEMA no sabemos qu\u00e9 est\u00e1n haciendo, su plan de remediaci\u00f3n\u201d, asever\u00f3.<\/p>\n","protected":false},"excerpt":{"rendered":"<p>&nbsp; En Veracruz se contabilizan alrededor de 120 tiraderos de basura a cielo abierto y solo se han clausurado 17, inform\u00f3 la Secretaria de Medio Ambiente (SEDEMA), Roc\u00edo P\u00e9rez P\u00e9rez. \u201cSabemos que hay municipios que tienen hasta seis, siete tiraderos clandestinos, se presume que hay 120 tiraderos, yo creo que son m\u00e1s, en \u00e9stos adem\u00e1s [&hellip;]<\/p>\n","protected":false},"author":2,"featured_media":64939,"comment_status":"open","ping_status":"open","sticky":false,"template":"","format":"standard","meta":{"tdm_status":"","tdm_grid_status":"","footnotes":""},"categories":[6446],"tags":[135,14269,15844,8493,1036,15704,195,784],"class_list":{"0":"post-64938","1":"post","2":"type-post","3":"status-publish","4":"format-standard","5":"has-post-thumbnail","7":"category-la-nota","8":"tag-orfis","9":"tag-procuraduria-de-medio-ambiente","10":"tag-rocio-perez-perez","11":"tag-secretaria-de-medio-ambiente","12":"tag-sedema","13":"tag-tiraderos-de-basura","14":"tag-veracruz","15":"tag-xico"},"yoast_head":"<!-- This site is optimized with the Yoast SEO plugin v27.4 - https:\/\/yoast.com\/product\/yoast-seo-wordpress\/ -->\n<title>Tienen sus cochineros - Los pol\u00edticos Veracruz<\/title>\n<meta name=\"robots\" content=\"index, follow, max-snippet:-1, max-image-preview:large, max-video-preview:-1\" \/>\n<link rel=\"canonical\" href=\"https:\/\/lospoliticosveracruz.com\/?p=64938\" \/>\n<meta property=\"og:locale\" content=\"es_ES\" \/>\n<meta property=\"og:type\" content=\"article\" \/>\n<meta property=\"og:title\" content=\"Tienen sus cochineros - Los pol\u00edticos Veracruz\" \/>\n<meta property=\"og:description\" content=\"&nbsp; En Veracruz se contabilizan alrededor de 120 tiraderos de basura a cielo abierto y solo se han clausurado 17, inform\u00f3 la Secretaria de Medio Ambiente (SEDEMA), Roc\u00edo P\u00e9rez P\u00e9rez. \u201cSabemos que hay municipios que tienen hasta seis, siete tiraderos clandestinos, se presume que hay 120 tiraderos, yo creo que son m\u00e1s, en \u00e9stos adem\u00e1s [&hellip;]\" \/>\n<meta property=\"og:url\" content=\"https:\/\/lospoliticosveracruz.com\/?p=64938\" \/>\n<meta property=\"og:site_name\" content=\"Los pol\u00edticos Veracruz\" \/>\n<meta property=\"article:publisher\" content=\"https:\/\/www.facebook.com\/people\/Notimemes-de-los-Polticos\/61565672886568\/\" \/>\n<meta property=\"article:published_time\" content=\"2020-12-04T18:51:41+00:00\" \/>\n<meta property=\"og:image\" content=\"https:\/\/lospoliticosveracruz.com\/wp-content\/uploads\/2020\/12\/Roc\u00edo-P\u00e9rez-P\u00e9rez.jpeg\" \/>\n\t<meta property=\"og:image:width\" content=\"650\" \/>\n\t<meta property=\"og:image:height\" content=\"350\" \/>\n\t<meta property=\"og:image:type\" content=\"image\/jpeg\" \/>\n<meta name=\"author\" content=\"Lo viste en Los Pol\u00edticos\" \/>\n<meta name=\"twitter:card\" content=\"summary_large_image\" \/>\n<meta name=\"twitter:creator\" content=\"@LosPoliticosVer\" \/>\n<meta name=\"twitter:site\" content=\"@LosPoliticosVer\" \/>\n<meta name=\"twitter:label1\" content=\"Escrito por\" \/>\n\t<meta name=\"twitter:data1\" content=\"Lo viste en Los Pol\u00edticos\" \/>\n\t<meta name=\"twitter:label2\" content=\"Tiempo de lectura\" \/>\n\t<meta name=\"twitter:data2\" content=\"2 minutos\" \/>\n<script type=\"application\/ld+json\" class=\"yoast-schema-graph\">{\"@context\":\"https:\\\/\\\/schema.org\",\"@graph\":[{\"@type\":\"Article\",\"@id\":\"https:\\\/\\\/lospoliticosveracruz.com\\\/?p=64938#article\",\"isPartOf\":{\"@id\":\"https:\\\/\\\/lospoliticosveracruz.com\\\/?p=64938\"},\"author\":{\"name\":\"Lo viste en Los Pol\u00edticos\",\"@id\":\"https:\\\/\\\/lospoliticosveracruz.com\\\/#\\\/schema\\\/person\\\/b8702bb0e538456e6efd07080bf2a4a2\"},\"headline\":\"Tienen sus cochineros\",\"datePublished\":\"2020-12-04T18:51:41+00:00\",\"mainEntityOfPage\":{\"@id\":\"https:\\\/\\\/lospoliticosveracruz.com\\\/?p=64938\"},\"wordCount\":334,\"commentCount\":0,\"publisher\":{\"@id\":\"https:\\\/\\\/lospoliticosveracruz.com\\\/#organization\"},\"image\":{\"@id\":\"https:\\\/\\\/lospoliticosveracruz.com\\\/?p=64938#primaryimage\"},\"thumbnailUrl\":\"https:\\\/\\\/lospoliticosveracruz.com\\\/wp-content\\\/uploads\\\/2020\\\/12\\\/Roc\u00edo-P\u00e9rez-P\u00e9rez.jpeg\",\"keywords\":[\"Orfis\",\"Procuradur\u00eda de Medio Ambiente\",\"Roc\u00edo P\u00e9rez P\u00e9rez\",\"Secretar\u00eda de Medio Ambiente\",\"Sedema\",\"tiraderos de basura\",\"Veracruz\",\"Xico\"],\"articleSection\":[\"La Nota\"],\"inLanguage\":\"es\",\"potentialAction\":[{\"@type\":\"CommentAction\",\"name\":\"Comment\",\"target\":[\"https:\\\/\\\/lospoliticosveracruz.com\\\/?p=64938#respond\"]}]},{\"@type\":\"WebPage\",\"@id\":\"https:\\\/\\\/lospoliticosveracruz.com\\\/?p=64938\",\"url\":\"https:\\\/\\\/lospoliticosveracruz.com\\\/?p=64938\",\"name\":\"Tienen sus cochineros - Los pol\u00edticos Veracruz\",\"isPartOf\":{\"@id\":\"https:\\\/\\\/lospoliticosveracruz.com\\\/#website\"},\"primaryImageOfPage\":{\"@id\":\"https:\\\/\\\/lospoliticosveracruz.com\\\/?p=64938#primaryimage\"},\"image\":{\"@id\":\"https:\\\/\\\/lospoliticosveracruz.com\\\/?p=64938#primaryimage\"},\"thumbnailUrl\":\"https:\\\/\\\/lospoliticosveracruz.com\\\/wp-content\\\/uploads\\\/2020\\\/12\\\/Roc\u00edo-P\u00e9rez-P\u00e9rez.jpeg\",\"datePublished\":\"2020-12-04T18:51:41+00:00\",\"breadcrumb\":{\"@id\":\"https:\\\/\\\/lospoliticosveracruz.com\\\/?p=64938#breadcrumb\"},\"inLanguage\":\"es\",\"potentialAction\":[{\"@type\":\"ReadAction\",\"target\":[\"https:\\\/\\\/lospoliticosveracruz.com\\\/?p=64938\"]}]},{\"@type\":\"ImageObject\",\"inLanguage\":\"es\",\"@id\":\"https:\\\/\\\/lospoliticosveracruz.com\\\/?p=64938#primaryimage\",\"url\":\"https:\\\/\\\/lospoliticosveracruz.com\\\/wp-content\\\/uploads\\\/2020\\\/12\\\/Roc\u00edo-P\u00e9rez-P\u00e9rez.jpeg\",\"contentUrl\":\"https:\\\/\\\/lospoliticosveracruz.com\\\/wp-content\\\/uploads\\\/2020\\\/12\\\/Roc\u00edo-P\u00e9rez-P\u00e9rez.jpeg\",\"width\":650,\"height\":350},{\"@type\":\"BreadcrumbList\",\"@id\":\"https:\\\/\\\/lospoliticosveracruz.com\\\/?p=64938#breadcrumb\",\"itemListElement\":[{\"@type\":\"ListItem\",\"position\":1,\"name\":\"Portada\",\"item\":\"https:\\\/\\\/lospoliticosveracruz.com\\\/\"},{\"@type\":\"ListItem\",\"position\":2,\"name\":\"Tienen sus cochineros\"}]},{\"@type\":\"WebSite\",\"@id\":\"https:\\\/\\\/lospoliticosveracruz.com\\\/#website\",\"url\":\"https:\\\/\\\/lospoliticosveracruz.com\\\/\",\"name\":\"Los pol\u00edticos Veracruz\",\"description\":\"\",\"publisher\":{\"@id\":\"https:\\\/\\\/lospoliticosveracruz.com\\\/#organization\"},\"potentialAction\":[{\"@type\":\"SearchAction\",\"target\":{\"@type\":\"EntryPoint\",\"urlTemplate\":\"https:\\\/\\\/lospoliticosveracruz.com\\\/?s={search_term_string}\"},\"query-input\":{\"@type\":\"PropertyValueSpecification\",\"valueRequired\":true,\"valueName\":\"search_term_string\"}}],\"inLanguage\":\"es\"},{\"@type\":\"Organization\",\"@id\":\"https:\\\/\\\/lospoliticosveracruz.com\\\/#organization\",\"name\":\"Los pol\u00edticos Veracruz\",\"url\":\"https:\\\/\\\/lospoliticosveracruz.com\\\/\",\"logo\":{\"@type\":\"ImageObject\",\"inLanguage\":\"es\",\"@id\":\"https:\\\/\\\/lospoliticosveracruz.com\\\/#\\\/schema\\\/logo\\\/image\\\/\",\"url\":\"https:\\\/\\\/lospoliticosveracruz.com\\\/wp-content\\\/uploads\\\/2025\\\/12\\\/Logo-Nuevo-LOS-POLITICOS-1.jpg\",\"contentUrl\":\"https:\\\/\\\/lospoliticosveracruz.com\\\/wp-content\\\/uploads\\\/2025\\\/12\\\/Logo-Nuevo-LOS-POLITICOS-1.jpg\",\"width\":260,\"height\":70,\"caption\":\"Los pol\u00edticos Veracruz\"},\"image\":{\"@id\":\"https:\\\/\\\/lospoliticosveracruz.com\\\/#\\\/schema\\\/logo\\\/image\\\/\"},\"sameAs\":[\"https:\\\/\\\/www.facebook.com\\\/people\\\/Notimemes-de-los-Polticos\\\/61565672886568\\\/\",\"https:\\\/\\\/x.com\\\/LosPoliticosVer\"]},{\"@type\":\"Person\",\"@id\":\"https:\\\/\\\/lospoliticosveracruz.com\\\/#\\\/schema\\\/person\\\/b8702bb0e538456e6efd07080bf2a4a2\",\"name\":\"Lo viste en Los Pol\u00edticos\",\"image\":{\"@type\":\"ImageObject\",\"inLanguage\":\"es\",\"@id\":\"https:\\\/\\\/secure.gravatar.com\\\/avatar\\\/3a8de04a2656d44082be478bd6c086daa447c4651605818287b9532d3d0bd435?s=96&d=mm&r=g\",\"url\":\"https:\\\/\\\/secure.gravatar.com\\\/avatar\\\/3a8de04a2656d44082be478bd6c086daa447c4651605818287b9532d3d0bd435?s=96&d=mm&r=g\",\"contentUrl\":\"https:\\\/\\\/secure.gravatar.com\\\/avatar\\\/3a8de04a2656d44082be478bd6c086daa447c4651605818287b9532d3d0bd435?s=96&d=mm&r=g\",\"caption\":\"Lo viste en Los Pol\u00edticos\"},\"url\":\"https:\\\/\\\/lospoliticosveracruz.com\\\/?author=2\"}]}<\/script>\n<!-- \/ Yoast SEO plugin. -->","yoast_head_json":{"title":"Tienen sus cochineros - Los pol\u00edticos Veracruz","robots":{"index":"index","follow":"follow","max-snippet":"max-snippet:-1","max-image-preview":"max-image-preview:large","max-video-preview":"max-video-preview:-1"},"canonical":"https:\/\/lospoliticosveracruz.com\/?p=64938","og_locale":"es_ES","og_type":"article","og_title":"Tienen sus cochineros - Los pol\u00edticos Veracruz","og_description":"&nbsp; En Veracruz se contabilizan alrededor de 120 tiraderos de basura a cielo abierto y solo se han clausurado 17, inform\u00f3 la Secretaria de Medio Ambiente (SEDEMA), Roc\u00edo P\u00e9rez P\u00e9rez. \u201cSabemos que hay municipios que tienen hasta seis, siete tiraderos clandestinos, se presume que hay 120 tiraderos, yo creo que son m\u00e1s, en \u00e9stos adem\u00e1s [&hellip;]","og_url":"https:\/\/lospoliticosveracruz.com\/?p=64938","og_site_name":"Los pol\u00edticos Veracruz","article_publisher":"https:\/\/www.facebook.com\/people\/Notimemes-de-los-Polticos\/61565672886568\/","article_published_time":"2020-12-04T18:51:41+00:00","og_image":[{"width":650,"height":350,"url":"https:\/\/lospoliticosveracruz.com\/wp-content\/uploads\/2020\/12\/Roc\u00edo-P\u00e9rez-P\u00e9rez.jpeg","type":"image\/jpeg"}],"author":"Lo viste en Los Pol\u00edticos","twitter_card":"summary_large_image","twitter_creator":"@LosPoliticosVer","twitter_site":"@LosPoliticosVer","twitter_misc":{"Escrito por":"Lo viste en Los Pol\u00edticos","Tiempo de lectura":"2 minutos"},"schema":{"@context":"https:\/\/schema.org","@graph":[{"@type":"Article","@id":"https:\/\/lospoliticosveracruz.com\/?p=64938#article","isPartOf":{"@id":"https:\/\/lospoliticosveracruz.com\/?p=64938"},"author":{"name":"Lo viste en Los Pol\u00edticos","@id":"https:\/\/lospoliticosveracruz.com\/#\/schema\/person\/b8702bb0e538456e6efd07080bf2a4a2"},"headline":"Tienen sus cochineros","datePublished":"2020-12-04T18:51:41+00:00","mainEntityOfPage":{"@id":"https:\/\/lospoliticosveracruz.com\/?p=64938"},"wordCount":334,"commentCount":0,"publisher":{"@id":"https:\/\/lospoliticosveracruz.com\/#organization"},"image":{"@id":"https:\/\/lospoliticosveracruz.com\/?p=64938#primaryimage"},"thumbnailUrl":"https:\/\/lospoliticosveracruz.com\/wp-content\/uploads\/2020\/12\/Roc\u00edo-P\u00e9rez-P\u00e9rez.jpeg","keywords":["Orfis","Procuradur\u00eda de Medio Ambiente","Roc\u00edo P\u00e9rez P\u00e9rez","Secretar\u00eda de Medio Ambiente","Sedema","tiraderos de basura","Veracruz","Xico"],"articleSection":["La Nota"],"inLanguage":"es","potentialAction":[{"@type":"CommentAction","name":"Comment","target":["https:\/\/lospoliticosveracruz.com\/?p=64938#respond"]}]},{"@type":"WebPage","@id":"https:\/\/lospoliticosveracruz.com\/?p=64938","url":"https:\/\/lospoliticosveracruz.com\/?p=64938","name":"Tienen sus cochineros - Los pol\u00edticos Veracruz","isPartOf":{"@id":"https:\/\/lospoliticosveracruz.com\/#website"},"primaryImageOfPage":{"@id":"https:\/\/lospoliticosveracruz.com\/?p=64938#primaryimage"},"image":{"@id":"https:\/\/lospoliticosveracruz.com\/?p=64938#primaryimage"},"thumbnailUrl":"https:\/\/lospoliticosveracruz.com\/wp-content\/uploads\/2020\/12\/Roc\u00edo-P\u00e9rez-P\u00e9rez.jpeg","datePublished":"2020-12-04T18:51:41+00:00","breadcrumb":{"@id":"https:\/\/lospoliticosveracruz.com\/?p=64938#breadcrumb"},"inLanguage":"es","potentialAction":[{"@type":"ReadAction","target":["https:\/\/lospoliticosveracruz.com\/?p=64938"]}]},{"@type":"ImageObject","inLanguage":"es","@id":"https:\/\/lospoliticosveracruz.com\/?p=64938#primaryimage","url":"https:\/\/lospoliticosveracruz.com\/wp-content\/uploads\/2020\/12\/Roc\u00edo-P\u00e9rez-P\u00e9rez.jpeg","contentUrl":"https:\/\/lospoliticosveracruz.com\/wp-content\/uploads\/2020\/12\/Roc\u00edo-P\u00e9rez-P\u00e9rez.jpeg","width":650,"height":350},{"@type":"BreadcrumbList","@id":"https:\/\/lospoliticosveracruz.com\/?p=64938#breadcrumb","itemListElement":[{"@type":"ListItem","position":1,"name":"Portada","item":"https:\/\/lospoliticosveracruz.com\/"},{"@type":"ListItem","position":2,"name":"Tienen sus cochineros"}]},{"@type":"WebSite","@id":"https:\/\/lospoliticosveracruz.com\/#website","url":"https:\/\/lospoliticosveracruz.com\/","name":"Los pol\u00edticos Veracruz","description":"","publisher":{"@id":"https:\/\/lospoliticosveracruz.com\/#organization"},"potentialAction":[{"@type":"SearchAction","target":{"@type":"EntryPoint","urlTemplate":"https:\/\/lospoliticosveracruz.com\/?s={search_term_string}"},"query-input":{"@type":"PropertyValueSpecification","valueRequired":true,"valueName":"search_term_string"}}],"inLanguage":"es"},{"@type":"Organization","@id":"https:\/\/lospoliticosveracruz.com\/#organization","name":"Los pol\u00edticos Veracruz","url":"https:\/\/lospoliticosveracruz.com\/","logo":{"@type":"ImageObject","inLanguage":"es","@id":"https:\/\/lospoliticosveracruz.com\/#\/schema\/logo\/image\/","url":"https:\/\/lospoliticosveracruz.com\/wp-content\/uploads\/2025\/12\/Logo-Nuevo-LOS-POLITICOS-1.jpg","contentUrl":"https:\/\/lospoliticosveracruz.com\/wp-content\/uploads\/2025\/12\/Logo-Nuevo-LOS-POLITICOS-1.jpg","width":260,"height":70,"caption":"Los pol\u00edticos Veracruz"},"image":{"@id":"https:\/\/lospoliticosveracruz.com\/#\/schema\/logo\/image\/"},"sameAs":["https:\/\/www.facebook.com\/people\/Notimemes-de-los-Polticos\/61565672886568\/","https:\/\/x.com\/LosPoliticosVer"]},{"@type":"Person","@id":"https:\/\/lospoliticosveracruz.com\/#\/schema\/person\/b8702bb0e538456e6efd07080bf2a4a2","name":"Lo viste en Los Pol\u00edticos","image":{"@type":"ImageObject","inLanguage":"es","@id":"https:\/\/secure.gravatar.com\/avatar\/3a8de04a2656d44082be478bd6c086daa447c4651605818287b9532d3d0bd435?s=96&d=mm&r=g","url":"https:\/\/secure.gravatar.com\/avatar\/3a8de04a2656d44082be478bd6c086daa447c4651605818287b9532d3d0bd435?s=96&d=mm&r=g","contentUrl":"https:\/\/secure.gravatar.com\/avatar\/3a8de04a2656d44082be478bd6c086daa447c4651605818287b9532d3d0bd435?s=96&d=mm&r=g","caption":"Lo viste en Los Pol\u00edticos"},"url":"https:\/\/lospoliticosveracruz.com\/?author=2"}]}},"_links":{"self":[{"href":"https:\/\/lospoliticosveracruz.com\/index.php?rest_route=\/wp\/v2\/posts\/64938","targetHints":{"allow":["GET"]}}],"collection":[{"href":"https:\/\/lospoliticosveracruz.com\/index.php?rest_route=\/wp\/v2\/posts"}],"about":[{"href":"https:\/\/lospoliticosveracruz.com\/index.php?rest_route=\/wp\/v2\/types\/post"}],"author":[{"embeddable":true,"href":"https:\/\/lospoliticosveracruz.com\/index.php?rest_route=\/wp\/v2\/users\/2"}],"replies":[{"embeddable":true,"href":"https:\/\/lospoliticosveracruz.com\/index.php?rest_route=%2Fwp%2Fv2%2Fcomments&post=64938"}],"version-history":[{"count":1,"href":"https:\/\/lospoliticosveracruz.com\/index.php?rest_route=\/wp\/v2\/posts\/64938\/revisions"}],"predecessor-version":[{"id":64940,"href":"https:\/\/lospoliticosveracruz.com\/index.php?rest_route=\/wp\/v2\/posts\/64938\/revisions\/64940"}],"wp:featuredmedia":[{"embeddable":true,"href":"https:\/\/lospoliticosveracruz.com\/index.php?rest_route=\/wp\/v2\/media\/64939"}],"wp:attachment":[{"href":"https:\/\/lospoliticosveracruz.com\/index.php?rest_route=%2Fwp%2Fv2%2Fmedia&parent=64938"}],"wp:term":[{"taxonomy":"category","embeddable":true,"href":"https:\/\/lospoliticosveracruz.com\/index.php?rest_route=%2Fwp%2Fv2%2Fcategories&post=64938"},{"taxonomy":"post_tag","embeddable":true,"href":"https:\/\/lospoliticosveracruz.com\/index.php?rest_route=%2Fwp%2Fv2%2Ftags&post=64938"}],"curies":[{"name":"wp","href":"https:\/\/api.w.org\/{rel}","templated":true}]}}