{"id":64945,"date":"2020-12-04T20:01:09","date_gmt":"2020-12-05T02:01:09","guid":{"rendered":"http:\/\/www.lospoliticosveracruz.com.mx\/?p=64945"},"modified":"2020-12-04T20:01:09","modified_gmt":"2020-12-05T02:01:09","slug":"la-inseguridad-de-vender-y-comprar","status":"publish","type":"post","link":"https:\/\/lospoliticosveracruz.com\/?p=64945","title":{"rendered":"La inseguridad de vender y comprar"},"content":{"rendered":"<p><strong>Brenda Caballero<\/strong><\/p>\n<p><em>N\u00fameros Rojos<\/em><\/p>\n<p>Entonces \u00bfpueden matarte si vendes algo? Es la pregunta obligada despu\u00e9s de conocer el caso del asesinato del empresario franc\u00e9s Baptiste Jacques Daniel Lormand en la Ciudad de M\u00e9xico, despu\u00e9s de que desapareciera y posteriormente se localizara sin vida en un camino de terracer\u00eda en compa\u00f1\u00eda de su socio restaurantero. El motivo, robarle licores de alto valor monetario que fue a venderle a clientes que le hab\u00edan hecho el pedido. Pero, \u00bfpor qu\u00e9 matarlos? \u00bfPor qu\u00e9 no solamente robarlos y ya?<br \/>\nAlguien pudiera decirme que no sucedi\u00f3 en Veracruz, sino en la Ciudad de M\u00e9xico. Pero volvemos a la pregunta inicial \u00bfpueden matarte si vendes algo?<br \/>\nLas recomendaciones surgieron por todas partes. Avisar a familiares o amigos la ubicaci\u00f3n en tiempo real. Contactar a compradores o vendedores en lugares p\u00fablicos. Hacer la transacci\u00f3n en efectivo. Todas las que vengan a la mente con tal de sentirnos seguros; sin embargo, no parece ser suficiente.<br \/>\nEl pasado fin de semana, la usuaria de Facebook Gaby compart\u00eda tres fotos de una camioneta Ecosport color gris con placas de Veracruz YGE-96-56 junto con la siguiente leyenda: \u201c\u00a1Camioneta robada! Estaba en venta, las personas que supuestamente la comprar\u00edan, daban una ficha porque hab\u00edan ido a depositar el cheque a la cuenta del due\u00f1o, (obviamente el cheque carec\u00eda de fondos) y \u00e9l al decirles que necesitaba que cayera en firme, lo amenazaron por la espalda, oblig\u00e1ndolo a que entregara las llaves y documentos. Sucedi\u00f3 el viernes 20 de noviembre, en pleno Centro en Clavijero, entre Altamirano y Ju\u00e1rez. Siempre acudan acompa\u00f1ados y tomen todas sus precauciones en la compra o venta de cualquier cosa\u201d.<br \/>\nEl caso anterior sucedi\u00f3 en Xalapa, capital del estado, en pleno centro de la ciudad, a un costado de Radio Universidad y a tres cuadras de Palacio de Gobierno y Palacio Municipal.<br \/>\n\u00bfAcaso inmut\u00f3 a los delincuentes cometer su fechor\u00eda el estar en el coraz\u00f3n de la capital, con mucha gente y a plena luz del d\u00eda? La respuesta es obvia. Y tristemente los comentarios que podemos recibir ante cualquier robo de nuestro patrimonio se han normalizado con la frase: \u00a1Al menos no te pas\u00f3 nada!<br \/>\nEs verdad, la vida es lo m\u00e1s importante, pero \u00bfpor qu\u00e9 conformarnos con ello? \u00bfPor qu\u00e9 hemos dejado de exigir seguridad?<br \/>\nEstamos en diciembre, \u00e9poca en que muchos compran y venden todo tipo de art\u00edculos, sobre todo veh\u00edculos y por lo tanto tenemos que redoblar nuestras medidas de seguridad.<br \/>\nDentro de las recomendaciones se sugiere no llevar la factura original en el momento de la transacci\u00f3n. No publicar fotos frente al domicilio propio ni de las placas. Incluso, no ponerle letrero de venta. Conoc\u00ed el caso en que la vendedora recib\u00eda llamadas de que levantar\u00edan a su hija si no les endosaba la camioneta que vend\u00eda. Una joven m\u00e1s fue obligada a subir a la camioneta, ir a su casa y endosarles la factura. Su error, ponerle en la luneta \u201cUrgente Vender\u201d.<br \/>\nSi bien la recomendaci\u00f3n es usar muchas veces efectivo, tampoco garantiza seguridad, ya que pueden asaltarlo metros adelante o cuando est\u00e9 en su domicilio. \u201cAcababa de vender el coche, me pagaron el viernes por la tarde en efectivo, no pude depositarlo ese mismo d\u00eda. Sal\u00ed unas horas a comprar al supermercado y cuando volv\u00ed, hab\u00edan entrado a mi casa. Se llevaron el dinero en efectivo. Lo peor: ya les hab\u00eda endosado la factura\u201d, me contaron alguna vez.<br \/>\nEntonces \u00bfpueden matarte si vendes o compras algo? En estos tiempos, lamentablemente s\u00ed, ya que \u201cno pasa nada\u201d. \u00a1A cuidarnos todos!<\/p>\n<p>@NumerosRojos_BC<br \/>\ncaballero_brenda@hotmail.com<\/p>\n","protected":false},"excerpt":{"rendered":"<p>Brenda Caballero N\u00fameros Rojos Entonces \u00bfpueden matarte si vendes algo? Es la pregunta obligada despu\u00e9s de conocer el caso del asesinato del empresario franc\u00e9s Baptiste Jacques Daniel Lormand en la Ciudad de M\u00e9xico, despu\u00e9s de que desapareciera y posteriormente se localizara sin vida en un camino de terracer\u00eda en compa\u00f1\u00eda de su socio restaurantero. El [&hellip;]<\/p>\n","protected":false},"author":2,"featured_media":64946,"comment_status":"open","ping_status":"open","sticky":false,"template":"","format":"standard","meta":{"tdm_status":"","tdm_grid_status":"","footnotes":""},"categories":[70],"tags":[2687,24168,24169,24170,3795,24171,8448,242,3649,195],"class_list":{"0":"post-64945","1":"post","2":"type-post","3":"status-publish","4":"format-standard","5":"has-post-thumbnail","7":"category-de-opinion","8":"tag-brenda-caballero","9":"tag-camioneta-ecosport","10":"tag-camioneta-robada","11":"tag-cheque-sin-fondos","12":"tag-ciudad-de-mexico","13":"tag-compra-venta","14":"tag-delincuentes","15":"tag-facebook","16":"tag-robo","17":"tag-veracruz"},"yoast_head":"<!-- This site is optimized with the Yoast SEO plugin v27.4 - https:\/\/yoast.com\/product\/yoast-seo-wordpress\/ -->\n<title>La inseguridad de vender y comprar - Los pol\u00edticos Veracruz<\/title>\n<meta name=\"robots\" content=\"index, follow, max-snippet:-1, max-image-preview:large, max-video-preview:-1\" \/>\n<link rel=\"canonical\" href=\"https:\/\/lospoliticosveracruz.com\/?p=64945\" \/>\n<meta property=\"og:locale\" content=\"es_ES\" \/>\n<meta property=\"og:type\" content=\"article\" \/>\n<meta property=\"og:title\" content=\"La inseguridad de vender y comprar - Los pol\u00edticos Veracruz\" \/>\n<meta property=\"og:description\" content=\"Brenda Caballero N\u00fameros Rojos Entonces \u00bfpueden matarte si vendes algo? Es la pregunta obligada despu\u00e9s de conocer el caso del asesinato del empresario franc\u00e9s Baptiste Jacques Daniel Lormand en la Ciudad de M\u00e9xico, despu\u00e9s de que desapareciera y posteriormente se localizara sin vida en un camino de terracer\u00eda en compa\u00f1\u00eda de su socio restaurantero. El [&hellip;]\" \/>\n<meta property=\"og:url\" content=\"https:\/\/lospoliticosveracruz.com\/?p=64945\" \/>\n<meta property=\"og:site_name\" content=\"Los pol\u00edticos Veracruz\" \/>\n<meta property=\"article:publisher\" content=\"https:\/\/www.facebook.com\/people\/Notimemes-de-los-Polticos\/61565672886568\/\" \/>\n<meta property=\"article:published_time\" content=\"2020-12-05T02:01:09+00:00\" \/>\n<meta property=\"og:image\" content=\"https:\/\/lospoliticosveracruz.com\/wp-content\/uploads\/2020\/12\/RN.jpeg\" \/>\n\t<meta property=\"og:image:width\" content=\"650\" \/>\n\t<meta property=\"og:image:height\" content=\"350\" \/>\n\t<meta property=\"og:image:type\" content=\"image\/jpeg\" \/>\n<meta name=\"author\" content=\"Lo viste en Los Pol\u00edticos\" \/>\n<meta name=\"twitter:card\" content=\"summary_large_image\" \/>\n<meta name=\"twitter:creator\" content=\"@LosPoliticosVer\" \/>\n<meta name=\"twitter:site\" content=\"@LosPoliticosVer\" \/>\n<meta name=\"twitter:label1\" content=\"Escrito por\" \/>\n\t<meta name=\"twitter:data1\" content=\"Lo viste en Los Pol\u00edticos\" \/>\n\t<meta name=\"twitter:label2\" content=\"Tiempo de lectura\" \/>\n\t<meta name=\"twitter:data2\" content=\"3 minutos\" \/>\n<script type=\"application\/ld+json\" class=\"yoast-schema-graph\">{\"@context\":\"https:\\\/\\\/schema.org\",\"@graph\":[{\"@type\":\"Article\",\"@id\":\"https:\\\/\\\/lospoliticosveracruz.com\\\/?p=64945#article\",\"isPartOf\":{\"@id\":\"https:\\\/\\\/lospoliticosveracruz.com\\\/?p=64945\"},\"author\":{\"name\":\"Lo viste en Los Pol\u00edticos\",\"@id\":\"https:\\\/\\\/lospoliticosveracruz.com\\\/#\\\/schema\\\/person\\\/b8702bb0e538456e6efd07080bf2a4a2\"},\"headline\":\"La inseguridad de vender y comprar\",\"datePublished\":\"2020-12-05T02:01:09+00:00\",\"mainEntityOfPage\":{\"@id\":\"https:\\\/\\\/lospoliticosveracruz.com\\\/?p=64945\"},\"wordCount\":635,\"commentCount\":0,\"publisher\":{\"@id\":\"https:\\\/\\\/lospoliticosveracruz.com\\\/#organization\"},\"image\":{\"@id\":\"https:\\\/\\\/lospoliticosveracruz.com\\\/?p=64945#primaryimage\"},\"thumbnailUrl\":\"https:\\\/\\\/lospoliticosveracruz.com\\\/wp-content\\\/uploads\\\/2020\\\/12\\\/RN.jpeg\",\"keywords\":[\"Brenda Caballero\",\"Camioneta Ecosport\",\"Camioneta robada\",\"Cheque sin fondos\",\"Ciudad de M\u00e9xico\",\"Compra-Venta\",\"Delincuentes\",\"facebook\",\"Robo\",\"Veracruz\"],\"articleSection\":[\"De Opini\u00f3n\"],\"inLanguage\":\"es\",\"potentialAction\":[{\"@type\":\"CommentAction\",\"name\":\"Comment\",\"target\":[\"https:\\\/\\\/lospoliticosveracruz.com\\\/?p=64945#respond\"]}]},{\"@type\":\"WebPage\",\"@id\":\"https:\\\/\\\/lospoliticosveracruz.com\\\/?p=64945\",\"url\":\"https:\\\/\\\/lospoliticosveracruz.com\\\/?p=64945\",\"name\":\"La inseguridad de vender y comprar - Los pol\u00edticos Veracruz\",\"isPartOf\":{\"@id\":\"https:\\\/\\\/lospoliticosveracruz.com\\\/#website\"},\"primaryImageOfPage\":{\"@id\":\"https:\\\/\\\/lospoliticosveracruz.com\\\/?p=64945#primaryimage\"},\"image\":{\"@id\":\"https:\\\/\\\/lospoliticosveracruz.com\\\/?p=64945#primaryimage\"},\"thumbnailUrl\":\"https:\\\/\\\/lospoliticosveracruz.com\\\/wp-content\\\/uploads\\\/2020\\\/12\\\/RN.jpeg\",\"datePublished\":\"2020-12-05T02:01:09+00:00\",\"breadcrumb\":{\"@id\":\"https:\\\/\\\/lospoliticosveracruz.com\\\/?p=64945#breadcrumb\"},\"inLanguage\":\"es\",\"potentialAction\":[{\"@type\":\"ReadAction\",\"target\":[\"https:\\\/\\\/lospoliticosveracruz.com\\\/?p=64945\"]}]},{\"@type\":\"ImageObject\",\"inLanguage\":\"es\",\"@id\":\"https:\\\/\\\/lospoliticosveracruz.com\\\/?p=64945#primaryimage\",\"url\":\"https:\\\/\\\/lospoliticosveracruz.com\\\/wp-content\\\/uploads\\\/2020\\\/12\\\/RN.jpeg\",\"contentUrl\":\"https:\\\/\\\/lospoliticosveracruz.com\\\/wp-content\\\/uploads\\\/2020\\\/12\\\/RN.jpeg\",\"width\":650,\"height\":350},{\"@type\":\"BreadcrumbList\",\"@id\":\"https:\\\/\\\/lospoliticosveracruz.com\\\/?p=64945#breadcrumb\",\"itemListElement\":[{\"@type\":\"ListItem\",\"position\":1,\"name\":\"Portada\",\"item\":\"https:\\\/\\\/lospoliticosveracruz.com\\\/\"},{\"@type\":\"ListItem\",\"position\":2,\"name\":\"La inseguridad de vender y comprar\"}]},{\"@type\":\"WebSite\",\"@id\":\"https:\\\/\\\/lospoliticosveracruz.com\\\/#website\",\"url\":\"https:\\\/\\\/lospoliticosveracruz.com\\\/\",\"name\":\"Los pol\u00edticos Veracruz\",\"description\":\"\",\"publisher\":{\"@id\":\"https:\\\/\\\/lospoliticosveracruz.com\\\/#organization\"},\"potentialAction\":[{\"@type\":\"SearchAction\",\"target\":{\"@type\":\"EntryPoint\",\"urlTemplate\":\"https:\\\/\\\/lospoliticosveracruz.com\\\/?s={search_term_string}\"},\"query-input\":{\"@type\":\"PropertyValueSpecification\",\"valueRequired\":true,\"valueName\":\"search_term_string\"}}],\"inLanguage\":\"es\"},{\"@type\":\"Organization\",\"@id\":\"https:\\\/\\\/lospoliticosveracruz.com\\\/#organization\",\"name\":\"Los pol\u00edticos Veracruz\",\"url\":\"https:\\\/\\\/lospoliticosveracruz.com\\\/\",\"logo\":{\"@type\":\"ImageObject\",\"inLanguage\":\"es\",\"@id\":\"https:\\\/\\\/lospoliticosveracruz.com\\\/#\\\/schema\\\/logo\\\/image\\\/\",\"url\":\"https:\\\/\\\/lospoliticosveracruz.com\\\/wp-content\\\/uploads\\\/2025\\\/12\\\/Logo-Nuevo-LOS-POLITICOS-1.jpg\",\"contentUrl\":\"https:\\\/\\\/lospoliticosveracruz.com\\\/wp-content\\\/uploads\\\/2025\\\/12\\\/Logo-Nuevo-LOS-POLITICOS-1.jpg\",\"width\":260,\"height\":70,\"caption\":\"Los pol\u00edticos Veracruz\"},\"image\":{\"@id\":\"https:\\\/\\\/lospoliticosveracruz.com\\\/#\\\/schema\\\/logo\\\/image\\\/\"},\"sameAs\":[\"https:\\\/\\\/www.facebook.com\\\/people\\\/Notimemes-de-los-Polticos\\\/61565672886568\\\/\",\"https:\\\/\\\/x.com\\\/LosPoliticosVer\"]},{\"@type\":\"Person\",\"@id\":\"https:\\\/\\\/lospoliticosveracruz.com\\\/#\\\/schema\\\/person\\\/b8702bb0e538456e6efd07080bf2a4a2\",\"name\":\"Lo viste en Los Pol\u00edticos\",\"image\":{\"@type\":\"ImageObject\",\"inLanguage\":\"es\",\"@id\":\"https:\\\/\\\/secure.gravatar.com\\\/avatar\\\/3a8de04a2656d44082be478bd6c086daa447c4651605818287b9532d3d0bd435?s=96&d=mm&r=g\",\"url\":\"https:\\\/\\\/secure.gravatar.com\\\/avatar\\\/3a8de04a2656d44082be478bd6c086daa447c4651605818287b9532d3d0bd435?s=96&d=mm&r=g\",\"contentUrl\":\"https:\\\/\\\/secure.gravatar.com\\\/avatar\\\/3a8de04a2656d44082be478bd6c086daa447c4651605818287b9532d3d0bd435?s=96&d=mm&r=g\",\"caption\":\"Lo viste en Los Pol\u00edticos\"},\"url\":\"https:\\\/\\\/lospoliticosveracruz.com\\\/?author=2\"}]}<\/script>\n<!-- \/ Yoast SEO plugin. -->","yoast_head_json":{"title":"La inseguridad de vender y comprar - Los pol\u00edticos Veracruz","robots":{"index":"index","follow":"follow","max-snippet":"max-snippet:-1","max-image-preview":"max-image-preview:large","max-video-preview":"max-video-preview:-1"},"canonical":"https:\/\/lospoliticosveracruz.com\/?p=64945","og_locale":"es_ES","og_type":"article","og_title":"La inseguridad de vender y comprar - Los pol\u00edticos Veracruz","og_description":"Brenda Caballero N\u00fameros Rojos Entonces \u00bfpueden matarte si vendes algo? Es la pregunta obligada despu\u00e9s de conocer el caso del asesinato del empresario franc\u00e9s Baptiste Jacques Daniel Lormand en la Ciudad de M\u00e9xico, despu\u00e9s de que desapareciera y posteriormente se localizara sin vida en un camino de terracer\u00eda en compa\u00f1\u00eda de su socio restaurantero. El [&hellip;]","og_url":"https:\/\/lospoliticosveracruz.com\/?p=64945","og_site_name":"Los pol\u00edticos Veracruz","article_publisher":"https:\/\/www.facebook.com\/people\/Notimemes-de-los-Polticos\/61565672886568\/","article_published_time":"2020-12-05T02:01:09+00:00","og_image":[{"width":650,"height":350,"url":"https:\/\/lospoliticosveracruz.com\/wp-content\/uploads\/2020\/12\/RN.jpeg","type":"image\/jpeg"}],"author":"Lo viste en Los Pol\u00edticos","twitter_card":"summary_large_image","twitter_creator":"@LosPoliticosVer","twitter_site":"@LosPoliticosVer","twitter_misc":{"Escrito por":"Lo viste en Los Pol\u00edticos","Tiempo de lectura":"3 minutos"},"schema":{"@context":"https:\/\/schema.org","@graph":[{"@type":"Article","@id":"https:\/\/lospoliticosveracruz.com\/?p=64945#article","isPartOf":{"@id":"https:\/\/lospoliticosveracruz.com\/?p=64945"},"author":{"name":"Lo viste en Los Pol\u00edticos","@id":"https:\/\/lospoliticosveracruz.com\/#\/schema\/person\/b8702bb0e538456e6efd07080bf2a4a2"},"headline":"La inseguridad de vender y comprar","datePublished":"2020-12-05T02:01:09+00:00","mainEntityOfPage":{"@id":"https:\/\/lospoliticosveracruz.com\/?p=64945"},"wordCount":635,"commentCount":0,"publisher":{"@id":"https:\/\/lospoliticosveracruz.com\/#organization"},"image":{"@id":"https:\/\/lospoliticosveracruz.com\/?p=64945#primaryimage"},"thumbnailUrl":"https:\/\/lospoliticosveracruz.com\/wp-content\/uploads\/2020\/12\/RN.jpeg","keywords":["Brenda Caballero","Camioneta Ecosport","Camioneta robada","Cheque sin fondos","Ciudad de M\u00e9xico","Compra-Venta","Delincuentes","facebook","Robo","Veracruz"],"articleSection":["De Opini\u00f3n"],"inLanguage":"es","potentialAction":[{"@type":"CommentAction","name":"Comment","target":["https:\/\/lospoliticosveracruz.com\/?p=64945#respond"]}]},{"@type":"WebPage","@id":"https:\/\/lospoliticosveracruz.com\/?p=64945","url":"https:\/\/lospoliticosveracruz.com\/?p=64945","name":"La inseguridad de vender y comprar - Los pol\u00edticos Veracruz","isPartOf":{"@id":"https:\/\/lospoliticosveracruz.com\/#website"},"primaryImageOfPage":{"@id":"https:\/\/lospoliticosveracruz.com\/?p=64945#primaryimage"},"image":{"@id":"https:\/\/lospoliticosveracruz.com\/?p=64945#primaryimage"},"thumbnailUrl":"https:\/\/lospoliticosveracruz.com\/wp-content\/uploads\/2020\/12\/RN.jpeg","datePublished":"2020-12-05T02:01:09+00:00","breadcrumb":{"@id":"https:\/\/lospoliticosveracruz.com\/?p=64945#breadcrumb"},"inLanguage":"es","potentialAction":[{"@type":"ReadAction","target":["https:\/\/lospoliticosveracruz.com\/?p=64945"]}]},{"@type":"ImageObject","inLanguage":"es","@id":"https:\/\/lospoliticosveracruz.com\/?p=64945#primaryimage","url":"https:\/\/lospoliticosveracruz.com\/wp-content\/uploads\/2020\/12\/RN.jpeg","contentUrl":"https:\/\/lospoliticosveracruz.com\/wp-content\/uploads\/2020\/12\/RN.jpeg","width":650,"height":350},{"@type":"BreadcrumbList","@id":"https:\/\/lospoliticosveracruz.com\/?p=64945#breadcrumb","itemListElement":[{"@type":"ListItem","position":1,"name":"Portada","item":"https:\/\/lospoliticosveracruz.com\/"},{"@type":"ListItem","position":2,"name":"La inseguridad de vender y comprar"}]},{"@type":"WebSite","@id":"https:\/\/lospoliticosveracruz.com\/#website","url":"https:\/\/lospoliticosveracruz.com\/","name":"Los pol\u00edticos Veracruz","description":"","publisher":{"@id":"https:\/\/lospoliticosveracruz.com\/#organization"},"potentialAction":[{"@type":"SearchAction","target":{"@type":"EntryPoint","urlTemplate":"https:\/\/lospoliticosveracruz.com\/?s={search_term_string}"},"query-input":{"@type":"PropertyValueSpecification","valueRequired":true,"valueName":"search_term_string"}}],"inLanguage":"es"},{"@type":"Organization","@id":"https:\/\/lospoliticosveracruz.com\/#organization","name":"Los pol\u00edticos Veracruz","url":"https:\/\/lospoliticosveracruz.com\/","logo":{"@type":"ImageObject","inLanguage":"es","@id":"https:\/\/lospoliticosveracruz.com\/#\/schema\/logo\/image\/","url":"https:\/\/lospoliticosveracruz.com\/wp-content\/uploads\/2025\/12\/Logo-Nuevo-LOS-POLITICOS-1.jpg","contentUrl":"https:\/\/lospoliticosveracruz.com\/wp-content\/uploads\/2025\/12\/Logo-Nuevo-LOS-POLITICOS-1.jpg","width":260,"height":70,"caption":"Los pol\u00edticos Veracruz"},"image":{"@id":"https:\/\/lospoliticosveracruz.com\/#\/schema\/logo\/image\/"},"sameAs":["https:\/\/www.facebook.com\/people\/Notimemes-de-los-Polticos\/61565672886568\/","https:\/\/x.com\/LosPoliticosVer"]},{"@type":"Person","@id":"https:\/\/lospoliticosveracruz.com\/#\/schema\/person\/b8702bb0e538456e6efd07080bf2a4a2","name":"Lo viste en Los Pol\u00edticos","image":{"@type":"ImageObject","inLanguage":"es","@id":"https:\/\/secure.gravatar.com\/avatar\/3a8de04a2656d44082be478bd6c086daa447c4651605818287b9532d3d0bd435?s=96&d=mm&r=g","url":"https:\/\/secure.gravatar.com\/avatar\/3a8de04a2656d44082be478bd6c086daa447c4651605818287b9532d3d0bd435?s=96&d=mm&r=g","contentUrl":"https:\/\/secure.gravatar.com\/avatar\/3a8de04a2656d44082be478bd6c086daa447c4651605818287b9532d3d0bd435?s=96&d=mm&r=g","caption":"Lo viste en Los Pol\u00edticos"},"url":"https:\/\/lospoliticosveracruz.com\/?author=2"}]}},"_links":{"self":[{"href":"https:\/\/lospoliticosveracruz.com\/index.php?rest_route=\/wp\/v2\/posts\/64945","targetHints":{"allow":["GET"]}}],"collection":[{"href":"https:\/\/lospoliticosveracruz.com\/index.php?rest_route=\/wp\/v2\/posts"}],"about":[{"href":"https:\/\/lospoliticosveracruz.com\/index.php?rest_route=\/wp\/v2\/types\/post"}],"author":[{"embeddable":true,"href":"https:\/\/lospoliticosveracruz.com\/index.php?rest_route=\/wp\/v2\/users\/2"}],"replies":[{"embeddable":true,"href":"https:\/\/lospoliticosveracruz.com\/index.php?rest_route=%2Fwp%2Fv2%2Fcomments&post=64945"}],"version-history":[{"count":1,"href":"https:\/\/lospoliticosveracruz.com\/index.php?rest_route=\/wp\/v2\/posts\/64945\/revisions"}],"predecessor-version":[{"id":64947,"href":"https:\/\/lospoliticosveracruz.com\/index.php?rest_route=\/wp\/v2\/posts\/64945\/revisions\/64947"}],"wp:featuredmedia":[{"embeddable":true,"href":"https:\/\/lospoliticosveracruz.com\/index.php?rest_route=\/wp\/v2\/media\/64946"}],"wp:attachment":[{"href":"https:\/\/lospoliticosveracruz.com\/index.php?rest_route=%2Fwp%2Fv2%2Fmedia&parent=64945"}],"wp:term":[{"taxonomy":"category","embeddable":true,"href":"https:\/\/lospoliticosveracruz.com\/index.php?rest_route=%2Fwp%2Fv2%2Fcategories&post=64945"},{"taxonomy":"post_tag","embeddable":true,"href":"https:\/\/lospoliticosveracruz.com\/index.php?rest_route=%2Fwp%2Fv2%2Ftags&post=64945"}],"curies":[{"name":"wp","href":"https:\/\/api.w.org\/{rel}","templated":true}]}}