{"id":64948,"date":"2020-12-05T09:54:03","date_gmt":"2020-12-05T15:54:03","guid":{"rendered":"http:\/\/www.lospoliticosveracruz.com.mx\/?p=64948"},"modified":"2020-12-05T09:54:54","modified_gmt":"2020-12-05T15:54:54","slug":"primer-politico-vacunado","status":"publish","type":"post","link":"https:\/\/lospoliticosveracruz.com\/?p=64948","title":{"rendered":"Primer pol\u00edtico vacunado"},"content":{"rendered":"<p><strong>Ricardo Ch\u00faa<\/strong><br \/>\n<em>Sale y Vale<\/em><\/p>\n<p>SEM\u00c1FORO VERDE&#8230; Que grave y riesgo para la poblaci\u00f3n veracruzana&#8230; Que el gobierno federal de Andr\u00e9s Manuel L\u00f3pez Obrador haya puesto en SEM\u00c1FORO VERDE a Veracruz, en riesgo epidemiol\u00f3gico del COVID-19&#8230; Ahora si se la prolong\u00f3 Hugo L\u00f3pez Gatell&#8230; Veracruz, no est\u00e1 ni \u00abtantito\u00bb para decir, que van bajando el n\u00famero de contagios por esta enfermedad, que en la entidad, seg\u00fan cifras oficiales, ha matado a casi 6 mil personas&#8230; Y las que no se tienen registradas qu\u00e9&#8230; En Nochebuena se ver\u00e1n hogares enlutados, por esta decisi\u00f3n&#8230;<\/p>\n<p><a href=\"https:\/\/www.facebook.com\/notaria61veracruz\/\"><img decoding=\"async\" src=\"http:\/\/www.lospoliticosveracruz.com.mx\/wp-content\/uploads\/2020\/07\/CINTILLO-Armando.jpg\" alt=\"\" \/><\/a><\/p>\n<p>Ojal\u00e1 el gobernador, Cuitl\u00e1huac Garc\u00eda Jim\u00e9nez, ponga sus \u00abam\u00edgdalas\u00bb en alto&#8230; Y mande por un \u00abtubo\u00bb esta decisi\u00f3n de la Secretar\u00eda de Salud federal&#8230; Veracruz, no vive sus mejores momentos en contagios y muertes por Coronavirus&#8230; Los casos no decrecen, contin\u00faan a la alza&#8230; Y si en navidad y a\u00f1o nuevo, se disparan, todos dir\u00e1n que es el responsable por no decirle a L\u00f3pez Gatell, que \u00abno chingue\u00bb&#8230; De permitirlo, Veracruz en los \u00faltimos d\u00edas del a\u00f1o ser\u00e1 UN PANDEMONIUM&#8230; QUE DIOS LOS PERDONE.. REQUIEM&#8230;<\/p>\n<p>EL ABOGADO DE DUARTE&#8230; Ayer el mensaje de twitter emitido por el ex gobernador, Javier Duarte, sobre que el abogado, Ricardo S\u00e1nchez Reyes Retana, que tiene la fama de ser caro pero efectivo, dejaba su causa penal, por la cual se encuentra preso, por conflictos econ\u00f3micos y no poder cubrir sus honorarios&#8230; Caus\u00f3 mucha pol\u00e9mica al respecto.. Algunas de consuelo, otras muy adversas e indescriptibles&#8230; La mayor\u00eda de ellas, se resume, que no creen que sea falta de dinero por lo cual, Reyes Retana se fue&#8230;.<\/p>\n<p>La pregunta que se hac\u00edan en la mayor\u00eda de caf\u00e9s y c\u00edrculos de poder pol\u00edtico&#8230; Era el por qu\u00e9 con Duarte, el abogado, Reyes Retana, no le \u00abech\u00f3 la mano\u00bb&#8230; Si bien es cierto, sabemos que a los abogados lo primero que les ense\u00f1an, es a cobrar&#8230; Este caso era especial&#8230; En fin, sus razones tendr\u00e1n y se respetan&#8230; Pero de que el ex gobernador pudo haber acudido a amigos poderosos&#8230; Lo pudo haber hecho&#8230; Para pagarle a Reyes Retana&#8230; Cambio de abogado&#8230;<\/p>\n<p>Otros de los cuestionamientos eran&#8230; Que todos aquellos, que en su momento, Javier Duarte ENRIQUECI\u00d3 en su gobierno estatal.. Son una \u00abBOLA DE OGTS\u00bb porque lo dejaron solo.. Y Duarte paga \u00e9l, las cosas que otros personajes hicieron&#8230; A \u00e9l lo empinaron y lo dejaron \u00abmorir solo\u00bb.. Nadie lo defendi\u00f3, nadie dio la cara por \u00e9l&#8230; Muy pocos, lo han ido a visitar a la c\u00e1rcel.. Ha sido m\u00e1s f\u00e1cil negarlo, pelear a distancia con \u00e9l&#8230; Que darle la mano, ahora que vive esta situaci\u00f3n&#8230; Ni moralmente le dan su apoyo&#8230; HDSPM<\/p>\n<p>OJO nadie dice que es inocente de lo que se le acusa&#8230; Pero es un hecho, que \u00e9l no pudo hacer solo, todo lo que se le acusa, se se\u00f1ala y por lo cual est\u00e1 en la c\u00e1rcel&#8230; \u00bfD\u00f3nde est\u00e1n los dem\u00e1s?&#8230; Lleva como 4 a\u00f1os preso en un penal y otros, ni siquiera tienen un citatorio judicial&#8230; Con Duarte queda demostrado que en pol\u00edtica, mientras tienes el poder, eres el MEJOR&#8230; Cuando lo dejas y caes en desgracia&#8230; Esto suele pasar&#8230; Lo dec\u00eda, Miguel Alem\u00e1n Velasco, \u00abque el peor a\u00f1o de un gobernador, es el s\u00e9ptimo porque t\u00fa tel\u00e9fono ha dejado de sonar\u00bb..<\/p>\n<p>EL VACUNADO&#8230; En este espacio, se ha criticado, al regidor panista de Boca del R\u00edo, Luis Humberto Tejeda Taibo, quien de la noche a la ma\u00f1ana, se \u00abcambi\u00f3 de pijama\u00bb, dejando al grupo de Los Yunes Azules para aliarse con Julen, Bingen y \u00abEl Chapito\u00bb Guzm\u00e1n Avil\u00e9s&#8230; Para realizar labores pol\u00edticas a favor de estos \u00faltimos en el PAN, por lo cual se ha fustigado&#8230;Pero ahora, hay que RECONOCER el VALOR CIVIL que tuvo por ser el primer pol\u00edtico, que se inscribi\u00f3 como voluntario para inyectarse las vacunas experimentales contra el COVID&#8230;<\/p>\n<p>El comunic\u00f3logo y asesor pol\u00edtico, Javier Moranchell, lo hizo y fue el primer veracruzano voluntario en ponerse esta vacuna&#8230; Ahora Tejeda Taibo, lo hizo, siendo el primer pol\u00edtico en la entidad&#8230; Ni Cuitl\u00e1huac, ni Miguel o Patrocinio lo han hecho&#8230; Vamos, ni Zenyazen o Ramos Alor han puesto el ejemplo&#8230; Ni Morelli o Fernando, como alcaldes lo han hecho&#8230; Esa ser\u00eda una muestra de valor civil para que ciudadanos sanos, lo hagan para encontrar una cura para el coronavirus&#8230; Como si fuera una pol\u00edtica p\u00fablica&#8230; Y no s\u00f3lo bla, bla, bla, es decir, demagogia&#8230;<\/p>\n<p>Seg\u00fan \u00abEl Garganta Profunda\u00bb se enter\u00f3&#8230; Que Tejeda Taibo, prob\u00f3 la vacuna experimental \u00abCansino\u00bb, del laboratorio FAICIC, con la supervisi\u00f3n de las doctoras: Sharzy Molina y Milca Ram\u00edrez, que son las que lo mantendr\u00e1n en vigilancia&#8230; Para que no se ponga \u00abverde\u00bb si \u00abEl Chapito\u00bb no designa a Bingen candidato a la alcald\u00eda porte\u00f1a o si se equivocaron de vacuna y le pusieron una que da \u00abinmunidad\u00bb contra Los Yunes Azules.. Ah\u00ed \u00e9l \u00fanico que puede beneficiarse con estos \u00abanticuerpos\u00bb es Julen Rementeria&#8230; JA JA JA&#8230; Ojal\u00e1 muchos sigan su ejemplo&#8230; Y ayuden a que haya m\u00e1s voluntarios para que se pruebe la efectividad de la vacuna&#8230; Finalmente&#8230; HIERBA MALA&#8230;<\/p>\n<p>HUGO, EL EMBAJADOR&#8230; De nuevo hay que felicitar a nuestro \u00abExcelent\u00edsimo\u00bb fot\u00f3grafo, MADE IN NOTIVER, Hugo Garrido Montiel&#8230; Qui\u00e9n adem\u00e1s de haber trascendido fronteras hasta la Embajada de EEUU en M\u00e9xico con su amigo, el embajador, Christopher Landau.. Qui\u00e9n hace unas semanas inaugur\u00f3 su exposici\u00f3n fotogr\u00e1fica en el puerto de Veracruz&#8230; Ahora Garrido va a trascender \u00abfronteras jarochas\u00bb con destino a la zona de Los Tuxtlas, a la \u00abSuiza Veracruzana\u00bb&#8230; La tierra de los Turrent, Carvallo, Garay, Mantilla, Pelayos y compa\u00f1\u00eda&#8230;<\/p>\n<p>Ya que hoy s\u00e1bado a las 18:00 horas en el palacio Municipal de San Andr\u00e9s Tuxtla, con la presencia del alcalde, Tavo P\u00e9rez Garay, inauguran su exposici\u00f3n fotogr\u00e1fica: \u00abVeracruz para llevar\u00bb&#8230; Donde un total de 28 fotograf\u00edas ser\u00e1n exhibidas en los bajos del palacio y estar\u00e1 abierto al p\u00fablico en general&#8230; Bien por Garrido, que primero prepondera a su Estado, antes de iniciar giras en otros puntos del pa\u00eds&#8230; Seguro no tardar\u00e1 en realizar un trabajo fotogr\u00e1fico de esos paisajes tuxtlecos&#8230; ENHORABUENA MAESTRO GARRIDO&#8230;<\/p>\n","protected":false},"excerpt":{"rendered":"<p>Ricardo Ch\u00faa Sale y Vale SEM\u00c1FORO VERDE&#8230; Que grave y riesgo para la poblaci\u00f3n veracruzana&#8230; Que el gobierno federal de Andr\u00e9s Manuel L\u00f3pez Obrador haya puesto en SEM\u00c1FORO VERDE a Veracruz, en riesgo epidemiol\u00f3gico del COVID-19&#8230; Ahora si se la prolong\u00f3 Hugo L\u00f3pez Gatell&#8230; Veracruz, no est\u00e1 ni \u00abtantito\u00bb para decir, que van bajando el [&hellip;]<\/p>\n","protected":false},"author":2,"featured_media":64949,"comment_status":"open","ping_status":"open","sticky":false,"template":"","format":"standard","meta":{"tdm_status":"","tdm_grid_status":"","footnotes":""},"categories":[70],"tags":[618,17813,12321,23672,22330,16671,260,24173,24172,18271,195],"class_list":{"0":"post-64948","1":"post","2":"type-post","3":"status-publish","4":"format-standard","5":"has-post-thumbnail","7":"category-de-opinion","8":"tag-andres-manuel-lopez-obrador","9":"tag-contagios","10":"tag-cuitahuac-garcia-jimenez","11":"tag-fiestas-decembrinas","12":"tag-hugo-garrido-montiel","13":"tag-hugo-lopez-gatell","14":"tag-javier-duarte-de-ochoa","15":"tag-luis-humberto-tejeda-taibo","16":"tag-ricardo-sanchez-reyes-retana","17":"tag-semaforo-verde","18":"tag-veracruz"},"yoast_head":"<!-- This site is optimized with the Yoast SEO plugin v27.4 - https:\/\/yoast.com\/product\/yoast-seo-wordpress\/ -->\n<title>Primer pol\u00edtico vacunado - Los pol\u00edticos Veracruz<\/title>\n<meta name=\"robots\" content=\"index, follow, max-snippet:-1, max-image-preview:large, max-video-preview:-1\" \/>\n<link rel=\"canonical\" href=\"https:\/\/lospoliticosveracruz.com\/?p=64948\" \/>\n<meta property=\"og:locale\" content=\"es_ES\" \/>\n<meta property=\"og:type\" content=\"article\" \/>\n<meta property=\"og:title\" content=\"Primer pol\u00edtico vacunado - Los pol\u00edticos Veracruz\" \/>\n<meta property=\"og:description\" content=\"Ricardo Ch\u00faa Sale y Vale SEM\u00c1FORO VERDE&#8230; Que grave y riesgo para la poblaci\u00f3n veracruzana&#8230; Que el gobierno federal de Andr\u00e9s Manuel L\u00f3pez Obrador haya puesto en SEM\u00c1FORO VERDE a Veracruz, en riesgo epidemiol\u00f3gico del COVID-19&#8230; Ahora si se la prolong\u00f3 Hugo L\u00f3pez Gatell&#8230; Veracruz, no est\u00e1 ni \u00abtantito\u00bb para decir, que van bajando el [&hellip;]\" \/>\n<meta property=\"og:url\" content=\"https:\/\/lospoliticosveracruz.com\/?p=64948\" \/>\n<meta property=\"og:site_name\" content=\"Los pol\u00edticos Veracruz\" \/>\n<meta property=\"article:publisher\" content=\"https:\/\/www.facebook.com\/people\/Notimemes-de-los-Polticos\/61565672886568\/\" \/>\n<meta property=\"article:published_time\" content=\"2020-12-05T15:54:03+00:00\" \/>\n<meta property=\"article:modified_time\" content=\"2020-12-05T15:54:54+00:00\" \/>\n<meta property=\"og:image\" content=\"https:\/\/lospoliticosveracruz.com\/wp-content\/uploads\/2020\/12\/3700D5A0-B19F-473A-982C-694199F85718.jpeg\" \/>\n\t<meta property=\"og:image:width\" content=\"650\" \/>\n\t<meta property=\"og:image:height\" content=\"350\" \/>\n\t<meta property=\"og:image:type\" content=\"image\/jpeg\" \/>\n<meta name=\"author\" content=\"Lo viste en Los Pol\u00edticos\" \/>\n<meta name=\"twitter:card\" content=\"summary_large_image\" \/>\n<meta name=\"twitter:creator\" content=\"@LosPoliticosVer\" \/>\n<meta name=\"twitter:site\" content=\"@LosPoliticosVer\" \/>\n<meta name=\"twitter:label1\" content=\"Escrito por\" \/>\n\t<meta name=\"twitter:data1\" content=\"Lo viste en Los Pol\u00edticos\" \/>\n\t<meta name=\"twitter:label2\" content=\"Tiempo de lectura\" \/>\n\t<meta name=\"twitter:data2\" content=\"5 minutos\" \/>\n<script type=\"application\/ld+json\" class=\"yoast-schema-graph\">{\"@context\":\"https:\\\/\\\/schema.org\",\"@graph\":[{\"@type\":\"Article\",\"@id\":\"https:\\\/\\\/lospoliticosveracruz.com\\\/?p=64948#article\",\"isPartOf\":{\"@id\":\"https:\\\/\\\/lospoliticosveracruz.com\\\/?p=64948\"},\"author\":{\"name\":\"Lo viste en Los Pol\u00edticos\",\"@id\":\"https:\\\/\\\/lospoliticosveracruz.com\\\/#\\\/schema\\\/person\\\/b8702bb0e538456e6efd07080bf2a4a2\"},\"headline\":\"Primer pol\u00edtico vacunado\",\"datePublished\":\"2020-12-05T15:54:03+00:00\",\"dateModified\":\"2020-12-05T15:54:54+00:00\",\"mainEntityOfPage\":{\"@id\":\"https:\\\/\\\/lospoliticosveracruz.com\\\/?p=64948\"},\"wordCount\":1095,\"commentCount\":0,\"publisher\":{\"@id\":\"https:\\\/\\\/lospoliticosveracruz.com\\\/#organization\"},\"image\":{\"@id\":\"https:\\\/\\\/lospoliticosveracruz.com\\\/?p=64948#primaryimage\"},\"thumbnailUrl\":\"https:\\\/\\\/lospoliticosveracruz.com\\\/wp-content\\\/uploads\\\/2020\\\/12\\\/3700D5A0-B19F-473A-982C-694199F85718.jpeg\",\"keywords\":[\"Andr\u00e9s Manuel L\u00f3pez Obrador\",\"contagios\",\"Cuit\u00e1huac Garc\u00eda Jim\u00e9nez\",\"Fiestas decembrinas\",\"Hugo Garrido Montiel\",\"Hugo L\u00f3pez Gatell\",\"Javier Duarte de Ochoa\",\"Luis Humberto Tejeda Taibo\",\"Ricardo S\u00e1nchez Reyes Retana\",\"sem\u00e1foro verde\",\"Veracruz\"],\"articleSection\":[\"De Opini\u00f3n\"],\"inLanguage\":\"es\",\"potentialAction\":[{\"@type\":\"CommentAction\",\"name\":\"Comment\",\"target\":[\"https:\\\/\\\/lospoliticosveracruz.com\\\/?p=64948#respond\"]}]},{\"@type\":\"WebPage\",\"@id\":\"https:\\\/\\\/lospoliticosveracruz.com\\\/?p=64948\",\"url\":\"https:\\\/\\\/lospoliticosveracruz.com\\\/?p=64948\",\"name\":\"Primer pol\u00edtico vacunado - Los pol\u00edticos Veracruz\",\"isPartOf\":{\"@id\":\"https:\\\/\\\/lospoliticosveracruz.com\\\/#website\"},\"primaryImageOfPage\":{\"@id\":\"https:\\\/\\\/lospoliticosveracruz.com\\\/?p=64948#primaryimage\"},\"image\":{\"@id\":\"https:\\\/\\\/lospoliticosveracruz.com\\\/?p=64948#primaryimage\"},\"thumbnailUrl\":\"https:\\\/\\\/lospoliticosveracruz.com\\\/wp-content\\\/uploads\\\/2020\\\/12\\\/3700D5A0-B19F-473A-982C-694199F85718.jpeg\",\"datePublished\":\"2020-12-05T15:54:03+00:00\",\"dateModified\":\"2020-12-05T15:54:54+00:00\",\"breadcrumb\":{\"@id\":\"https:\\\/\\\/lospoliticosveracruz.com\\\/?p=64948#breadcrumb\"},\"inLanguage\":\"es\",\"potentialAction\":[{\"@type\":\"ReadAction\",\"target\":[\"https:\\\/\\\/lospoliticosveracruz.com\\\/?p=64948\"]}]},{\"@type\":\"ImageObject\",\"inLanguage\":\"es\",\"@id\":\"https:\\\/\\\/lospoliticosveracruz.com\\\/?p=64948#primaryimage\",\"url\":\"https:\\\/\\\/lospoliticosveracruz.com\\\/wp-content\\\/uploads\\\/2020\\\/12\\\/3700D5A0-B19F-473A-982C-694199F85718.jpeg\",\"contentUrl\":\"https:\\\/\\\/lospoliticosveracruz.com\\\/wp-content\\\/uploads\\\/2020\\\/12\\\/3700D5A0-B19F-473A-982C-694199F85718.jpeg\",\"width\":650,\"height\":350},{\"@type\":\"BreadcrumbList\",\"@id\":\"https:\\\/\\\/lospoliticosveracruz.com\\\/?p=64948#breadcrumb\",\"itemListElement\":[{\"@type\":\"ListItem\",\"position\":1,\"name\":\"Portada\",\"item\":\"https:\\\/\\\/lospoliticosveracruz.com\\\/\"},{\"@type\":\"ListItem\",\"position\":2,\"name\":\"Primer pol\u00edtico vacunado\"}]},{\"@type\":\"WebSite\",\"@id\":\"https:\\\/\\\/lospoliticosveracruz.com\\\/#website\",\"url\":\"https:\\\/\\\/lospoliticosveracruz.com\\\/\",\"name\":\"Los pol\u00edticos Veracruz\",\"description\":\"\",\"publisher\":{\"@id\":\"https:\\\/\\\/lospoliticosveracruz.com\\\/#organization\"},\"potentialAction\":[{\"@type\":\"SearchAction\",\"target\":{\"@type\":\"EntryPoint\",\"urlTemplate\":\"https:\\\/\\\/lospoliticosveracruz.com\\\/?s={search_term_string}\"},\"query-input\":{\"@type\":\"PropertyValueSpecification\",\"valueRequired\":true,\"valueName\":\"search_term_string\"}}],\"inLanguage\":\"es\"},{\"@type\":\"Organization\",\"@id\":\"https:\\\/\\\/lospoliticosveracruz.com\\\/#organization\",\"name\":\"Los pol\u00edticos Veracruz\",\"url\":\"https:\\\/\\\/lospoliticosveracruz.com\\\/\",\"logo\":{\"@type\":\"ImageObject\",\"inLanguage\":\"es\",\"@id\":\"https:\\\/\\\/lospoliticosveracruz.com\\\/#\\\/schema\\\/logo\\\/image\\\/\",\"url\":\"https:\\\/\\\/lospoliticosveracruz.com\\\/wp-content\\\/uploads\\\/2025\\\/12\\\/Logo-Nuevo-LOS-POLITICOS-1.jpg\",\"contentUrl\":\"https:\\\/\\\/lospoliticosveracruz.com\\\/wp-content\\\/uploads\\\/2025\\\/12\\\/Logo-Nuevo-LOS-POLITICOS-1.jpg\",\"width\":260,\"height\":70,\"caption\":\"Los pol\u00edticos Veracruz\"},\"image\":{\"@id\":\"https:\\\/\\\/lospoliticosveracruz.com\\\/#\\\/schema\\\/logo\\\/image\\\/\"},\"sameAs\":[\"https:\\\/\\\/www.facebook.com\\\/people\\\/Notimemes-de-los-Polticos\\\/61565672886568\\\/\",\"https:\\\/\\\/x.com\\\/LosPoliticosVer\"]},{\"@type\":\"Person\",\"@id\":\"https:\\\/\\\/lospoliticosveracruz.com\\\/#\\\/schema\\\/person\\\/b8702bb0e538456e6efd07080bf2a4a2\",\"name\":\"Lo viste en Los Pol\u00edticos\",\"image\":{\"@type\":\"ImageObject\",\"inLanguage\":\"es\",\"@id\":\"https:\\\/\\\/secure.gravatar.com\\\/avatar\\\/3a8de04a2656d44082be478bd6c086daa447c4651605818287b9532d3d0bd435?s=96&d=mm&r=g\",\"url\":\"https:\\\/\\\/secure.gravatar.com\\\/avatar\\\/3a8de04a2656d44082be478bd6c086daa447c4651605818287b9532d3d0bd435?s=96&d=mm&r=g\",\"contentUrl\":\"https:\\\/\\\/secure.gravatar.com\\\/avatar\\\/3a8de04a2656d44082be478bd6c086daa447c4651605818287b9532d3d0bd435?s=96&d=mm&r=g\",\"caption\":\"Lo viste en Los Pol\u00edticos\"},\"url\":\"https:\\\/\\\/lospoliticosveracruz.com\\\/?author=2\"}]}<\/script>\n<!-- \/ Yoast SEO plugin. -->","yoast_head_json":{"title":"Primer pol\u00edtico vacunado - Los pol\u00edticos Veracruz","robots":{"index":"index","follow":"follow","max-snippet":"max-snippet:-1","max-image-preview":"max-image-preview:large","max-video-preview":"max-video-preview:-1"},"canonical":"https:\/\/lospoliticosveracruz.com\/?p=64948","og_locale":"es_ES","og_type":"article","og_title":"Primer pol\u00edtico vacunado - Los pol\u00edticos Veracruz","og_description":"Ricardo Ch\u00faa Sale y Vale SEM\u00c1FORO VERDE&#8230; Que grave y riesgo para la poblaci\u00f3n veracruzana&#8230; Que el gobierno federal de Andr\u00e9s Manuel L\u00f3pez Obrador haya puesto en SEM\u00c1FORO VERDE a Veracruz, en riesgo epidemiol\u00f3gico del COVID-19&#8230; Ahora si se la prolong\u00f3 Hugo L\u00f3pez Gatell&#8230; Veracruz, no est\u00e1 ni \u00abtantito\u00bb para decir, que van bajando el [&hellip;]","og_url":"https:\/\/lospoliticosveracruz.com\/?p=64948","og_site_name":"Los pol\u00edticos Veracruz","article_publisher":"https:\/\/www.facebook.com\/people\/Notimemes-de-los-Polticos\/61565672886568\/","article_published_time":"2020-12-05T15:54:03+00:00","article_modified_time":"2020-12-05T15:54:54+00:00","og_image":[{"width":650,"height":350,"url":"https:\/\/lospoliticosveracruz.com\/wp-content\/uploads\/2020\/12\/3700D5A0-B19F-473A-982C-694199F85718.jpeg","type":"image\/jpeg"}],"author":"Lo viste en Los Pol\u00edticos","twitter_card":"summary_large_image","twitter_creator":"@LosPoliticosVer","twitter_site":"@LosPoliticosVer","twitter_misc":{"Escrito por":"Lo viste en Los Pol\u00edticos","Tiempo de lectura":"5 minutos"},"schema":{"@context":"https:\/\/schema.org","@graph":[{"@type":"Article","@id":"https:\/\/lospoliticosveracruz.com\/?p=64948#article","isPartOf":{"@id":"https:\/\/lospoliticosveracruz.com\/?p=64948"},"author":{"name":"Lo viste en Los Pol\u00edticos","@id":"https:\/\/lospoliticosveracruz.com\/#\/schema\/person\/b8702bb0e538456e6efd07080bf2a4a2"},"headline":"Primer pol\u00edtico vacunado","datePublished":"2020-12-05T15:54:03+00:00","dateModified":"2020-12-05T15:54:54+00:00","mainEntityOfPage":{"@id":"https:\/\/lospoliticosveracruz.com\/?p=64948"},"wordCount":1095,"commentCount":0,"publisher":{"@id":"https:\/\/lospoliticosveracruz.com\/#organization"},"image":{"@id":"https:\/\/lospoliticosveracruz.com\/?p=64948#primaryimage"},"thumbnailUrl":"https:\/\/lospoliticosveracruz.com\/wp-content\/uploads\/2020\/12\/3700D5A0-B19F-473A-982C-694199F85718.jpeg","keywords":["Andr\u00e9s Manuel L\u00f3pez Obrador","contagios","Cuit\u00e1huac Garc\u00eda Jim\u00e9nez","Fiestas decembrinas","Hugo Garrido Montiel","Hugo L\u00f3pez Gatell","Javier Duarte de Ochoa","Luis Humberto Tejeda Taibo","Ricardo S\u00e1nchez Reyes Retana","sem\u00e1foro verde","Veracruz"],"articleSection":["De Opini\u00f3n"],"inLanguage":"es","potentialAction":[{"@type":"CommentAction","name":"Comment","target":["https:\/\/lospoliticosveracruz.com\/?p=64948#respond"]}]},{"@type":"WebPage","@id":"https:\/\/lospoliticosveracruz.com\/?p=64948","url":"https:\/\/lospoliticosveracruz.com\/?p=64948","name":"Primer pol\u00edtico vacunado - Los pol\u00edticos Veracruz","isPartOf":{"@id":"https:\/\/lospoliticosveracruz.com\/#website"},"primaryImageOfPage":{"@id":"https:\/\/lospoliticosveracruz.com\/?p=64948#primaryimage"},"image":{"@id":"https:\/\/lospoliticosveracruz.com\/?p=64948#primaryimage"},"thumbnailUrl":"https:\/\/lospoliticosveracruz.com\/wp-content\/uploads\/2020\/12\/3700D5A0-B19F-473A-982C-694199F85718.jpeg","datePublished":"2020-12-05T15:54:03+00:00","dateModified":"2020-12-05T15:54:54+00:00","breadcrumb":{"@id":"https:\/\/lospoliticosveracruz.com\/?p=64948#breadcrumb"},"inLanguage":"es","potentialAction":[{"@type":"ReadAction","target":["https:\/\/lospoliticosveracruz.com\/?p=64948"]}]},{"@type":"ImageObject","inLanguage":"es","@id":"https:\/\/lospoliticosveracruz.com\/?p=64948#primaryimage","url":"https:\/\/lospoliticosveracruz.com\/wp-content\/uploads\/2020\/12\/3700D5A0-B19F-473A-982C-694199F85718.jpeg","contentUrl":"https:\/\/lospoliticosveracruz.com\/wp-content\/uploads\/2020\/12\/3700D5A0-B19F-473A-982C-694199F85718.jpeg","width":650,"height":350},{"@type":"BreadcrumbList","@id":"https:\/\/lospoliticosveracruz.com\/?p=64948#breadcrumb","itemListElement":[{"@type":"ListItem","position":1,"name":"Portada","item":"https:\/\/lospoliticosveracruz.com\/"},{"@type":"ListItem","position":2,"name":"Primer pol\u00edtico vacunado"}]},{"@type":"WebSite","@id":"https:\/\/lospoliticosveracruz.com\/#website","url":"https:\/\/lospoliticosveracruz.com\/","name":"Los pol\u00edticos Veracruz","description":"","publisher":{"@id":"https:\/\/lospoliticosveracruz.com\/#organization"},"potentialAction":[{"@type":"SearchAction","target":{"@type":"EntryPoint","urlTemplate":"https:\/\/lospoliticosveracruz.com\/?s={search_term_string}"},"query-input":{"@type":"PropertyValueSpecification","valueRequired":true,"valueName":"search_term_string"}}],"inLanguage":"es"},{"@type":"Organization","@id":"https:\/\/lospoliticosveracruz.com\/#organization","name":"Los pol\u00edticos Veracruz","url":"https:\/\/lospoliticosveracruz.com\/","logo":{"@type":"ImageObject","inLanguage":"es","@id":"https:\/\/lospoliticosveracruz.com\/#\/schema\/logo\/image\/","url":"https:\/\/lospoliticosveracruz.com\/wp-content\/uploads\/2025\/12\/Logo-Nuevo-LOS-POLITICOS-1.jpg","contentUrl":"https:\/\/lospoliticosveracruz.com\/wp-content\/uploads\/2025\/12\/Logo-Nuevo-LOS-POLITICOS-1.jpg","width":260,"height":70,"caption":"Los pol\u00edticos Veracruz"},"image":{"@id":"https:\/\/lospoliticosveracruz.com\/#\/schema\/logo\/image\/"},"sameAs":["https:\/\/www.facebook.com\/people\/Notimemes-de-los-Polticos\/61565672886568\/","https:\/\/x.com\/LosPoliticosVer"]},{"@type":"Person","@id":"https:\/\/lospoliticosveracruz.com\/#\/schema\/person\/b8702bb0e538456e6efd07080bf2a4a2","name":"Lo viste en Los Pol\u00edticos","image":{"@type":"ImageObject","inLanguage":"es","@id":"https:\/\/secure.gravatar.com\/avatar\/3a8de04a2656d44082be478bd6c086daa447c4651605818287b9532d3d0bd435?s=96&d=mm&r=g","url":"https:\/\/secure.gravatar.com\/avatar\/3a8de04a2656d44082be478bd6c086daa447c4651605818287b9532d3d0bd435?s=96&d=mm&r=g","contentUrl":"https:\/\/secure.gravatar.com\/avatar\/3a8de04a2656d44082be478bd6c086daa447c4651605818287b9532d3d0bd435?s=96&d=mm&r=g","caption":"Lo viste en Los Pol\u00edticos"},"url":"https:\/\/lospoliticosveracruz.com\/?author=2"}]}},"_links":{"self":[{"href":"https:\/\/lospoliticosveracruz.com\/index.php?rest_route=\/wp\/v2\/posts\/64948","targetHints":{"allow":["GET"]}}],"collection":[{"href":"https:\/\/lospoliticosveracruz.com\/index.php?rest_route=\/wp\/v2\/posts"}],"about":[{"href":"https:\/\/lospoliticosveracruz.com\/index.php?rest_route=\/wp\/v2\/types\/post"}],"author":[{"embeddable":true,"href":"https:\/\/lospoliticosveracruz.com\/index.php?rest_route=\/wp\/v2\/users\/2"}],"replies":[{"embeddable":true,"href":"https:\/\/lospoliticosveracruz.com\/index.php?rest_route=%2Fwp%2Fv2%2Fcomments&post=64948"}],"version-history":[{"count":2,"href":"https:\/\/lospoliticosveracruz.com\/index.php?rest_route=\/wp\/v2\/posts\/64948\/revisions"}],"predecessor-version":[{"id":64951,"href":"https:\/\/lospoliticosveracruz.com\/index.php?rest_route=\/wp\/v2\/posts\/64948\/revisions\/64951"}],"wp:featuredmedia":[{"embeddable":true,"href":"https:\/\/lospoliticosveracruz.com\/index.php?rest_route=\/wp\/v2\/media\/64949"}],"wp:attachment":[{"href":"https:\/\/lospoliticosveracruz.com\/index.php?rest_route=%2Fwp%2Fv2%2Fmedia&parent=64948"}],"wp:term":[{"taxonomy":"category","embeddable":true,"href":"https:\/\/lospoliticosveracruz.com\/index.php?rest_route=%2Fwp%2Fv2%2Fcategories&post=64948"},{"taxonomy":"post_tag","embeddable":true,"href":"https:\/\/lospoliticosveracruz.com\/index.php?rest_route=%2Fwp%2Fv2%2Ftags&post=64948"}],"curies":[{"name":"wp","href":"https:\/\/api.w.org\/{rel}","templated":true}]}}