{"id":64961,"date":"2020-12-06T08:25:25","date_gmt":"2020-12-06T14:25:25","guid":{"rendered":"http:\/\/www.lospoliticosveracruz.com.mx\/?p=64961"},"modified":"2020-12-06T08:25:25","modified_gmt":"2020-12-06T14:25:25","slug":"la-reconciliacion-morena","status":"publish","type":"post","link":"https:\/\/lospoliticosveracruz.com\/?p=64961","title":{"rendered":"La reconciliaci\u00f3n morena"},"content":{"rendered":"<p><b>Ricardo Ch\u00faa<\/b><\/p>\n<p><i>Sale y Vale<\/i><\/p>\n<p>HAPPY BIRTHDAY&#8230; Ayer PapaYunes subi\u00f3 una foto a sus redes sociales, despu\u00e9s de terminar de trotar, celebrando su cumplea\u00f1os n\u00famero 68&#8230; De Soledad de Doblado para el mundo porque nadie sabe donde se la tom\u00f3&#8230; Pero obviamente, adversarios, aliados y aliancistas, tomaron esa publicaci\u00f3n como un mensaje pol\u00edtico y medi\u00e1tico&#8230; En el cual anuncia su REGRESO&#8230; Tal como lo hizo, su hijo, MIguel Angel Junior, hace una semana&#8230; Son tiempos electorales, por ende son tiempos de especulaciones&#8230;<\/p>\n<p>Por lo pronto, los que conocen al Patriarca de \u00abLos Yunes Azules\u00bb se\u00f1alan que ya \u00aboli\u00f3 la sangre\u00bb de MORENA&#8230; Despu\u00e9s que se cay\u00f3 la Reforma Electoral y la conformaci\u00f3n de la alianza opositora con pol\u00edticos donde tiene ascendencia, pues, vio la oportunidad de poder regresar junto a sus allegados por sus \u00abterritorios perdidos\u00bb en 2018&#8230; Y sube, de manera \u00abcasual\u00bb una foto por su cumplea\u00f1os&#8230; Ya veremos si de pronto, se aparece en el Caf\u00e9 del Primo \u00c1ngel o Marce por las fiestas navide\u00f1as&#8230; ADESTES FIDELES&#8230;<\/p>\n<p>EL PLACEADO&#8230; Al parecer las \u00abaguas\u00bb de MORENA en Xalapa&#8230; Despu\u00e9s del \u00abperd\u00f3n y olvido\u00bb que aplic\u00f3 el gobernador, Cuitl\u00e1huac Garc\u00eda, al alcalde, Hip\u00f3lito Rodr\u00edguez (Hay que recordar que Cuitl\u00e1huac, siempre tuvo la certeza que \u00abHipo-Crito\u00bb en 2018, se reuni\u00f3 con el ex gobernador, Miguel Angel Yunes, para pactar apoyo a su hijo en su carrera a la gubernatura) aplic\u00e1ndole que es el alcalde m\u00e1s \u00abhonesto\u00bb de la historia de la capital&#8230; Sin que eso signifique, que sea el m\u00e1s capaz&#8230; Ahora ya tambi\u00e9n traen de la mano a Ricardo Ahued&#8230;<\/p>\n<p>Todo parece indicar que en Palacio de Gobierno, despu\u00e9s de los sendos reveses judiciales, que les aplic\u00f3 la Suprema Corte de Justicia de la Naci\u00f3n, en la totalidad de la Reforma Electoral, aprobada por el Congreso Local y que la estaban aplicando en Veracruz&#8230; No les qued\u00f3 de otra, que dejarse de pleitos \u00abrancheros\u00bb, \u00abpiquetes de ojos\u00bb y \u00abpatadas debajo de la mesa\u00bb&#8230; Y tuvieron que sentarse a compartir el \u00abpan y la sal\u00bb&#8230; Ahora parece que todos son \u00abamigos para siempre\u00bb&#8230; Ja Ja Ja&#8230; El miedo no anda en burro&#8230;<\/p>\n<p>El tema central es que si Cuitl\u00e1huac \u00abperdon\u00f3\u00bb Hipo-Crito (Muchos se\u00f1alan que ese apodo al alcalde se lo puso el funcionario m\u00e1s poderoso en el organigrama de Palacio de Gobierno) para que la alcald\u00eda de Xalapa, no peligre&#8230; Dejando en manos del mandatario estatal, la sucesi\u00f3n municipal de la capital&#8230; Y viendo que no tiene un \u00abcuadro\u00bb pol\u00edtico competitivo dentro de MORENA&#8230; No tuvieron m\u00e1s remedio que acudir al de siempre: Ricardo Ahued&#8230; Y han empezado a \u00abplacearlo\u00bb con ellos por la ciudad&#8230; Y el senador, se deja querer&#8230; NO QUE NO&#8230;.<\/p>\n<p>Le toc\u00f3 a Eric Cisneros, secretario de Gobierno, hacerle los \u00abhonores\u00bb al senador xalape\u00f1o&#8230; Al llevarlo a \u00abencender\u00bb el \u00e1rbol de navidad a la terminal de ADO \u00abCAXA\u00bb y adem\u00e1s realizaron por la capital, otras actividades p\u00fablicas para dejar en claro, que Ahued Barahuill es una persona que tiene el \u00abagrado y visto bueno\u00bb de Palacio de Gobierno&#8230; Si no fuera as\u00ed, estar\u00eda tan \u00abfr\u00edo\u00bb como en su momento tuvieron al ahora \u00abperdonado\u00bb Hipo-Crito&#8230; \u00bfA poco no?&#8230;<\/p>\n<p>La alianza opositora y la ca\u00edda de la Refoma Electoral, les cambi\u00f3 el panorama a los gobernantes de MORENA&#8230; A poco creen que este cambio, fue por \u00abbuena gente\u00bb.. Saben bien y tienen los \u00abotros datos\u00bb, que Ricardo Ahued trae el pulso y fuerza entre la sociedad xalape\u00f1a.. Que el \u00abRey del Pl\u00e1stico\u00bb es el \u00fanico que puede pelearle a la alianza opositora la alcald\u00eda&#8230;Y atenci\u00f3n&#8230; \u00abpelearla\u00bb m\u00e1s no ganarla&#8230; Eso depende de otras circunstancias&#8230; Pero por lo pronto, Ahued \u00abjuega en la cancha\u00bb de Cuitl\u00e1huac, con su apoyo y \u00abpermiso\u00bb&#8230; REAL POLITIK&#8230;<\/p>\n<p>EL OTRO PERD\u00d3N&#8230; Ahora \u00abpara completar el cuadro\u00bb de los Morenos unidos \u00abjam\u00e1s ser\u00e1n vencidos\u00bb&#8230; S\u00f3lo falta que Cuitl\u00e1huac invite un caf\u00e9 en p\u00fablico, le de el \u00ababrazo de Acatempan\u00bb y diga que todo, han sido \u00abinsidias en su contra\u00bb a Gonzalo Vicencio, el que es ahora el mandam\u00e1s de MORENA en Veracruz, que est\u00e1 con las funciones de presidente de partido, porque as\u00ed lo se\u00f1al\u00f3 el Tribunal Federal Electoral y lo aval\u00f3 el l\u00edder nacional, Mario Delgado Carrillo&#8230;<\/p>\n<p>Si el gobernador hace esa reuni\u00f3n, un fin de semana, para que la oposici\u00f3n no lo fustigue y al caf\u00e9 lleven, tambi\u00e9n a Manuel Huerta Ladr\u00f3n de Guevara, delegado del gobierno federal en Veracruz y de paso a Patrocinio Cisneros, entonces, ya nos podemos \u00abmorir tranquilos\u00bb porque MORENA, por lo menos, dar\u00eda la percepci\u00f3n que est\u00e1 unida&#8230; Pero, como a\u00fan faltan m\u00e1s de 20 d\u00edas para el \u00abD\u00eda de los Inocentes\u00bb, pues, PERD\u00d3N Y OLVIDO&#8230; Ni MADRES&#8230;<\/p>\n<p>OJO&#8230; Y a\u00fan falta definir, si vendr\u00e1 como delegado del CEN de MORENA para la elecci\u00f3n local y federal en Veracruz, Alejandro Rojas D\u00edaz-Dur\u00e1n&#8230; Con el apoyo de Ricardo Monreal y Mario Delgado&#8230; Despu\u00e9s del \u00abfuchi\u00bb que le hicieron en Veracruz a la tabasque\u00f1a, M\u00f3nica Fern\u00e1ndez&#8230; Pero hay amigos en Veracruz, que se\u00f1alan que Rojas vendr\u00e1 de vacaciones navide\u00f1as a una residencia, ubicada por el Starbucks de Jardines de Mocambo&#8230; UUFFF&#8230;. No sea que se quede en Veracruz desde Las Posadas&#8230; ABROOOONNNNN&#8230;<\/p>\n<p>PD&#8230;. Lo comentado en este espacio, sobre la vacuna experimental para combatir el COVID, que se puso el regidor panista boque\u00f1o, Luis Tejeda Taibo&#8230; NO ES BROMA en el sentido de que NING\u00daN pol\u00edtico o funcionario p\u00fablico, hab\u00eda puesto el ejemplo de ponersela para promover que existieran m\u00e1s voluntarios entre la sociedad veracruzana y de esa manera descubrir<br \/>\npronto una cura real para el Coronavirus&#8230; NADIE HA DICHO YO&#8230; Hay que crear conciencia entre la ciudadan\u00eda, esa es la finalidad&#8230;<\/p>\n<p>No porque sean tiempos electorales, entonces, se apliquen hasta \u00abtoloache\u00bb&#8230; Y se\u00f1alamos a Cuitl\u00e1huac Garc\u00eda, Zenyazen Escobar o Fernando Yunes porque son personas sanas y se supone que no han sido infectados por Covid&#8230; Pero pueden ser muchos m\u00e1s&#8230; Al final, si ellos predican con el ejemplo, sus simpatizantes har\u00edan lo mismo&#8230; Pero pareciera como pol\u00edticos, quisieran ir a la segura, como si la vacuna fuera una \u00abplurinominal\u00bb&#8230; Ojal\u00e1 busquen ayudar y dejen solo el discurso&#8230; No les pasar\u00e1 nada, son \u00abmala hierba\u00bb&#8230; AMEN&#8230;<\/p>\n","protected":false},"excerpt":{"rendered":"<p>Ricardo Ch\u00faa Sale y Vale HAPPY BIRTHDAY&#8230; Ayer PapaYunes subi\u00f3 una foto a sus redes sociales, despu\u00e9s de terminar de trotar, celebrando su cumplea\u00f1os n\u00famero 68&#8230; De Soledad de Doblado para el mundo porque nadie sabe donde se la tom\u00f3&#8230; Pero obviamente, adversarios, aliados y aliancistas, tomaron esa publicaci\u00f3n como un mensaje pol\u00edtico y medi\u00e1tico&#8230; [&hellip;]<\/p>\n","protected":false},"author":2,"featured_media":0,"comment_status":"open","ping_status":"open","sticky":false,"template":"","format":"standard","meta":{"tdm_status":"","tdm_grid_status":"","footnotes":""},"categories":[70],"tags":[1850,7615,876,195,96],"class_list":{"0":"post-64961","1":"post","2":"type-post","3":"status-publish","4":"format-standard","6":"category-de-opinion","7":"tag-manuel-huerta-ladron-de-guevara","8":"tag-pedro-hipolito-rodriguez-herrero","9":"tag-ricardo-ahued","10":"tag-veracruz","11":"tag-xalapa"},"yoast_head":"<!-- This site is optimized with the Yoast SEO plugin v27.4 - https:\/\/yoast.com\/product\/yoast-seo-wordpress\/ -->\n<title>La reconciliaci\u00f3n morena - Los pol\u00edticos Veracruz<\/title>\n<meta name=\"robots\" content=\"index, follow, max-snippet:-1, max-image-preview:large, max-video-preview:-1\" \/>\n<link rel=\"canonical\" href=\"https:\/\/lospoliticosveracruz.com\/?p=64961\" \/>\n<meta property=\"og:locale\" content=\"es_ES\" \/>\n<meta property=\"og:type\" content=\"article\" \/>\n<meta property=\"og:title\" content=\"La reconciliaci\u00f3n morena - Los pol\u00edticos Veracruz\" \/>\n<meta property=\"og:description\" content=\"Ricardo Ch\u00faa Sale y Vale HAPPY BIRTHDAY&#8230; Ayer PapaYunes subi\u00f3 una foto a sus redes sociales, despu\u00e9s de terminar de trotar, celebrando su cumplea\u00f1os n\u00famero 68&#8230; De Soledad de Doblado para el mundo porque nadie sabe donde se la tom\u00f3&#8230; Pero obviamente, adversarios, aliados y aliancistas, tomaron esa publicaci\u00f3n como un mensaje pol\u00edtico y medi\u00e1tico&#8230; [&hellip;]\" \/>\n<meta property=\"og:url\" content=\"https:\/\/lospoliticosveracruz.com\/?p=64961\" \/>\n<meta property=\"og:site_name\" content=\"Los pol\u00edticos Veracruz\" \/>\n<meta property=\"article:publisher\" content=\"https:\/\/www.facebook.com\/people\/Notimemes-de-los-Polticos\/61565672886568\/\" \/>\n<meta property=\"article:published_time\" content=\"2020-12-06T14:25:25+00:00\" \/>\n<meta property=\"og:image\" content=\"https:\/\/lospoliticosveracruz.com\/wp-content\/uploads\/2016\/07\/Logo-Dor.jpg\" \/>\n\t<meta property=\"og:image:width\" content=\"200\" \/>\n\t<meta property=\"og:image:height\" content=\"200\" \/>\n\t<meta property=\"og:image:type\" content=\"image\/jpeg\" \/>\n<meta name=\"author\" content=\"Lo viste en Los Pol\u00edticos\" \/>\n<meta name=\"twitter:card\" content=\"summary_large_image\" \/>\n<meta name=\"twitter:creator\" content=\"@LosPoliticosVer\" \/>\n<meta name=\"twitter:site\" content=\"@LosPoliticosVer\" \/>\n<meta name=\"twitter:label1\" content=\"Escrito por\" \/>\n\t<meta name=\"twitter:data1\" content=\"Lo viste en Los Pol\u00edticos\" \/>\n\t<meta name=\"twitter:label2\" content=\"Tiempo de lectura\" \/>\n\t<meta name=\"twitter:data2\" content=\"6 minutos\" \/>\n<script type=\"application\/ld+json\" class=\"yoast-schema-graph\">{\"@context\":\"https:\\\/\\\/schema.org\",\"@graph\":[{\"@type\":\"Article\",\"@id\":\"https:\\\/\\\/lospoliticosveracruz.com\\\/?p=64961#article\",\"isPartOf\":{\"@id\":\"https:\\\/\\\/lospoliticosveracruz.com\\\/?p=64961\"},\"author\":{\"name\":\"Lo viste en Los Pol\u00edticos\",\"@id\":\"https:\\\/\\\/lospoliticosveracruz.com\\\/#\\\/schema\\\/person\\\/b8702bb0e538456e6efd07080bf2a4a2\"},\"headline\":\"La reconciliaci\u00f3n morena\",\"datePublished\":\"2020-12-06T14:25:25+00:00\",\"mainEntityOfPage\":{\"@id\":\"https:\\\/\\\/lospoliticosveracruz.com\\\/?p=64961\"},\"wordCount\":1104,\"commentCount\":0,\"publisher\":{\"@id\":\"https:\\\/\\\/lospoliticosveracruz.com\\\/#organization\"},\"keywords\":[\"Manuel Huerta Ladr\u00f3n de Guevara\",\"Pedro Hip\u00f3lito Rodr\u00edguez Herrero\",\"Ricardo Ahued\",\"Veracruz\",\"Xalapa\"],\"articleSection\":[\"De Opini\u00f3n\"],\"inLanguage\":\"es\",\"potentialAction\":[{\"@type\":\"CommentAction\",\"name\":\"Comment\",\"target\":[\"https:\\\/\\\/lospoliticosveracruz.com\\\/?p=64961#respond\"]}]},{\"@type\":\"WebPage\",\"@id\":\"https:\\\/\\\/lospoliticosveracruz.com\\\/?p=64961\",\"url\":\"https:\\\/\\\/lospoliticosveracruz.com\\\/?p=64961\",\"name\":\"La reconciliaci\u00f3n morena - Los pol\u00edticos Veracruz\",\"isPartOf\":{\"@id\":\"https:\\\/\\\/lospoliticosveracruz.com\\\/#website\"},\"datePublished\":\"2020-12-06T14:25:25+00:00\",\"breadcrumb\":{\"@id\":\"https:\\\/\\\/lospoliticosveracruz.com\\\/?p=64961#breadcrumb\"},\"inLanguage\":\"es\",\"potentialAction\":[{\"@type\":\"ReadAction\",\"target\":[\"https:\\\/\\\/lospoliticosveracruz.com\\\/?p=64961\"]}]},{\"@type\":\"BreadcrumbList\",\"@id\":\"https:\\\/\\\/lospoliticosveracruz.com\\\/?p=64961#breadcrumb\",\"itemListElement\":[{\"@type\":\"ListItem\",\"position\":1,\"name\":\"Portada\",\"item\":\"https:\\\/\\\/lospoliticosveracruz.com\\\/\"},{\"@type\":\"ListItem\",\"position\":2,\"name\":\"La reconciliaci\u00f3n morena\"}]},{\"@type\":\"WebSite\",\"@id\":\"https:\\\/\\\/lospoliticosveracruz.com\\\/#website\",\"url\":\"https:\\\/\\\/lospoliticosveracruz.com\\\/\",\"name\":\"Los pol\u00edticos Veracruz\",\"description\":\"\",\"publisher\":{\"@id\":\"https:\\\/\\\/lospoliticosveracruz.com\\\/#organization\"},\"potentialAction\":[{\"@type\":\"SearchAction\",\"target\":{\"@type\":\"EntryPoint\",\"urlTemplate\":\"https:\\\/\\\/lospoliticosveracruz.com\\\/?s={search_term_string}\"},\"query-input\":{\"@type\":\"PropertyValueSpecification\",\"valueRequired\":true,\"valueName\":\"search_term_string\"}}],\"inLanguage\":\"es\"},{\"@type\":\"Organization\",\"@id\":\"https:\\\/\\\/lospoliticosveracruz.com\\\/#organization\",\"name\":\"Los pol\u00edticos Veracruz\",\"url\":\"https:\\\/\\\/lospoliticosveracruz.com\\\/\",\"logo\":{\"@type\":\"ImageObject\",\"inLanguage\":\"es\",\"@id\":\"https:\\\/\\\/lospoliticosveracruz.com\\\/#\\\/schema\\\/logo\\\/image\\\/\",\"url\":\"https:\\\/\\\/lospoliticosveracruz.com\\\/wp-content\\\/uploads\\\/2025\\\/12\\\/Logo-Nuevo-LOS-POLITICOS-1.jpg\",\"contentUrl\":\"https:\\\/\\\/lospoliticosveracruz.com\\\/wp-content\\\/uploads\\\/2025\\\/12\\\/Logo-Nuevo-LOS-POLITICOS-1.jpg\",\"width\":260,\"height\":70,\"caption\":\"Los pol\u00edticos Veracruz\"},\"image\":{\"@id\":\"https:\\\/\\\/lospoliticosveracruz.com\\\/#\\\/schema\\\/logo\\\/image\\\/\"},\"sameAs\":[\"https:\\\/\\\/www.facebook.com\\\/people\\\/Notimemes-de-los-Polticos\\\/61565672886568\\\/\",\"https:\\\/\\\/x.com\\\/LosPoliticosVer\"]},{\"@type\":\"Person\",\"@id\":\"https:\\\/\\\/lospoliticosveracruz.com\\\/#\\\/schema\\\/person\\\/b8702bb0e538456e6efd07080bf2a4a2\",\"name\":\"Lo viste en Los Pol\u00edticos\",\"image\":{\"@type\":\"ImageObject\",\"inLanguage\":\"es\",\"@id\":\"https:\\\/\\\/secure.gravatar.com\\\/avatar\\\/3a8de04a2656d44082be478bd6c086daa447c4651605818287b9532d3d0bd435?s=96&d=mm&r=g\",\"url\":\"https:\\\/\\\/secure.gravatar.com\\\/avatar\\\/3a8de04a2656d44082be478bd6c086daa447c4651605818287b9532d3d0bd435?s=96&d=mm&r=g\",\"contentUrl\":\"https:\\\/\\\/secure.gravatar.com\\\/avatar\\\/3a8de04a2656d44082be478bd6c086daa447c4651605818287b9532d3d0bd435?s=96&d=mm&r=g\",\"caption\":\"Lo viste en Los Pol\u00edticos\"},\"url\":\"https:\\\/\\\/lospoliticosveracruz.com\\\/?author=2\"}]}<\/script>\n<!-- \/ Yoast SEO plugin. -->","yoast_head_json":{"title":"La reconciliaci\u00f3n morena - Los pol\u00edticos Veracruz","robots":{"index":"index","follow":"follow","max-snippet":"max-snippet:-1","max-image-preview":"max-image-preview:large","max-video-preview":"max-video-preview:-1"},"canonical":"https:\/\/lospoliticosveracruz.com\/?p=64961","og_locale":"es_ES","og_type":"article","og_title":"La reconciliaci\u00f3n morena - Los pol\u00edticos Veracruz","og_description":"Ricardo Ch\u00faa Sale y Vale HAPPY BIRTHDAY&#8230; Ayer PapaYunes subi\u00f3 una foto a sus redes sociales, despu\u00e9s de terminar de trotar, celebrando su cumplea\u00f1os n\u00famero 68&#8230; De Soledad de Doblado para el mundo porque nadie sabe donde se la tom\u00f3&#8230; Pero obviamente, adversarios, aliados y aliancistas, tomaron esa publicaci\u00f3n como un mensaje pol\u00edtico y medi\u00e1tico&#8230; [&hellip;]","og_url":"https:\/\/lospoliticosveracruz.com\/?p=64961","og_site_name":"Los pol\u00edticos Veracruz","article_publisher":"https:\/\/www.facebook.com\/people\/Notimemes-de-los-Polticos\/61565672886568\/","article_published_time":"2020-12-06T14:25:25+00:00","og_image":[{"width":200,"height":200,"url":"https:\/\/lospoliticosveracruz.com\/wp-content\/uploads\/2016\/07\/Logo-Dor.jpg","type":"image\/jpeg"}],"author":"Lo viste en Los Pol\u00edticos","twitter_card":"summary_large_image","twitter_creator":"@LosPoliticosVer","twitter_site":"@LosPoliticosVer","twitter_misc":{"Escrito por":"Lo viste en Los Pol\u00edticos","Tiempo de lectura":"6 minutos"},"schema":{"@context":"https:\/\/schema.org","@graph":[{"@type":"Article","@id":"https:\/\/lospoliticosveracruz.com\/?p=64961#article","isPartOf":{"@id":"https:\/\/lospoliticosveracruz.com\/?p=64961"},"author":{"name":"Lo viste en Los Pol\u00edticos","@id":"https:\/\/lospoliticosveracruz.com\/#\/schema\/person\/b8702bb0e538456e6efd07080bf2a4a2"},"headline":"La reconciliaci\u00f3n morena","datePublished":"2020-12-06T14:25:25+00:00","mainEntityOfPage":{"@id":"https:\/\/lospoliticosveracruz.com\/?p=64961"},"wordCount":1104,"commentCount":0,"publisher":{"@id":"https:\/\/lospoliticosveracruz.com\/#organization"},"keywords":["Manuel Huerta Ladr\u00f3n de Guevara","Pedro Hip\u00f3lito Rodr\u00edguez Herrero","Ricardo Ahued","Veracruz","Xalapa"],"articleSection":["De Opini\u00f3n"],"inLanguage":"es","potentialAction":[{"@type":"CommentAction","name":"Comment","target":["https:\/\/lospoliticosveracruz.com\/?p=64961#respond"]}]},{"@type":"WebPage","@id":"https:\/\/lospoliticosveracruz.com\/?p=64961","url":"https:\/\/lospoliticosveracruz.com\/?p=64961","name":"La reconciliaci\u00f3n morena - Los pol\u00edticos Veracruz","isPartOf":{"@id":"https:\/\/lospoliticosveracruz.com\/#website"},"datePublished":"2020-12-06T14:25:25+00:00","breadcrumb":{"@id":"https:\/\/lospoliticosveracruz.com\/?p=64961#breadcrumb"},"inLanguage":"es","potentialAction":[{"@type":"ReadAction","target":["https:\/\/lospoliticosveracruz.com\/?p=64961"]}]},{"@type":"BreadcrumbList","@id":"https:\/\/lospoliticosveracruz.com\/?p=64961#breadcrumb","itemListElement":[{"@type":"ListItem","position":1,"name":"Portada","item":"https:\/\/lospoliticosveracruz.com\/"},{"@type":"ListItem","position":2,"name":"La reconciliaci\u00f3n morena"}]},{"@type":"WebSite","@id":"https:\/\/lospoliticosveracruz.com\/#website","url":"https:\/\/lospoliticosveracruz.com\/","name":"Los pol\u00edticos Veracruz","description":"","publisher":{"@id":"https:\/\/lospoliticosveracruz.com\/#organization"},"potentialAction":[{"@type":"SearchAction","target":{"@type":"EntryPoint","urlTemplate":"https:\/\/lospoliticosveracruz.com\/?s={search_term_string}"},"query-input":{"@type":"PropertyValueSpecification","valueRequired":true,"valueName":"search_term_string"}}],"inLanguage":"es"},{"@type":"Organization","@id":"https:\/\/lospoliticosveracruz.com\/#organization","name":"Los pol\u00edticos Veracruz","url":"https:\/\/lospoliticosveracruz.com\/","logo":{"@type":"ImageObject","inLanguage":"es","@id":"https:\/\/lospoliticosveracruz.com\/#\/schema\/logo\/image\/","url":"https:\/\/lospoliticosveracruz.com\/wp-content\/uploads\/2025\/12\/Logo-Nuevo-LOS-POLITICOS-1.jpg","contentUrl":"https:\/\/lospoliticosveracruz.com\/wp-content\/uploads\/2025\/12\/Logo-Nuevo-LOS-POLITICOS-1.jpg","width":260,"height":70,"caption":"Los pol\u00edticos Veracruz"},"image":{"@id":"https:\/\/lospoliticosveracruz.com\/#\/schema\/logo\/image\/"},"sameAs":["https:\/\/www.facebook.com\/people\/Notimemes-de-los-Polticos\/61565672886568\/","https:\/\/x.com\/LosPoliticosVer"]},{"@type":"Person","@id":"https:\/\/lospoliticosveracruz.com\/#\/schema\/person\/b8702bb0e538456e6efd07080bf2a4a2","name":"Lo viste en Los Pol\u00edticos","image":{"@type":"ImageObject","inLanguage":"es","@id":"https:\/\/secure.gravatar.com\/avatar\/3a8de04a2656d44082be478bd6c086daa447c4651605818287b9532d3d0bd435?s=96&d=mm&r=g","url":"https:\/\/secure.gravatar.com\/avatar\/3a8de04a2656d44082be478bd6c086daa447c4651605818287b9532d3d0bd435?s=96&d=mm&r=g","contentUrl":"https:\/\/secure.gravatar.com\/avatar\/3a8de04a2656d44082be478bd6c086daa447c4651605818287b9532d3d0bd435?s=96&d=mm&r=g","caption":"Lo viste en Los Pol\u00edticos"},"url":"https:\/\/lospoliticosveracruz.com\/?author=2"}]}},"_links":{"self":[{"href":"https:\/\/lospoliticosveracruz.com\/index.php?rest_route=\/wp\/v2\/posts\/64961","targetHints":{"allow":["GET"]}}],"collection":[{"href":"https:\/\/lospoliticosveracruz.com\/index.php?rest_route=\/wp\/v2\/posts"}],"about":[{"href":"https:\/\/lospoliticosveracruz.com\/index.php?rest_route=\/wp\/v2\/types\/post"}],"author":[{"embeddable":true,"href":"https:\/\/lospoliticosveracruz.com\/index.php?rest_route=\/wp\/v2\/users\/2"}],"replies":[{"embeddable":true,"href":"https:\/\/lospoliticosveracruz.com\/index.php?rest_route=%2Fwp%2Fv2%2Fcomments&post=64961"}],"version-history":[{"count":1,"href":"https:\/\/lospoliticosveracruz.com\/index.php?rest_route=\/wp\/v2\/posts\/64961\/revisions"}],"predecessor-version":[{"id":64962,"href":"https:\/\/lospoliticosveracruz.com\/index.php?rest_route=\/wp\/v2\/posts\/64961\/revisions\/64962"}],"wp:attachment":[{"href":"https:\/\/lospoliticosveracruz.com\/index.php?rest_route=%2Fwp%2Fv2%2Fmedia&parent=64961"}],"wp:term":[{"taxonomy":"category","embeddable":true,"href":"https:\/\/lospoliticosveracruz.com\/index.php?rest_route=%2Fwp%2Fv2%2Fcategories&post=64961"},{"taxonomy":"post_tag","embeddable":true,"href":"https:\/\/lospoliticosveracruz.com\/index.php?rest_route=%2Fwp%2Fv2%2Ftags&post=64961"}],"curies":[{"name":"wp","href":"https:\/\/api.w.org\/{rel}","templated":true}]}}