{"id":64979,"date":"2020-12-06T19:03:59","date_gmt":"2020-12-07T01:03:59","guid":{"rendered":"http:\/\/www.lospoliticosveracruz.com.mx\/?p=64979"},"modified":"2020-12-06T19:03:59","modified_gmt":"2020-12-07T01:03:59","slug":"paridad-y-alianzas","status":"publish","type":"post","link":"https:\/\/lospoliticosveracruz.com\/?p=64979","title":{"rendered":"Paridad y Alianzas"},"content":{"rendered":"<p><strong>Brenda Caballero<\/strong><\/p>\n<p><em>N\u00fameros Rojos<\/em><\/p>\n<p><span style=\"font-weight: 400;\">\u201c\u00a1Vas t\u00fa, necesitamos una mujer! \u00a1Ya ves que necesitamos cubrir el 50 por ciento de mujeres!\u201d Y as\u00ed, de \u00faltima hora, la hicieron candidata.<\/span><\/p>\n<p><span style=\"font-weight: 400;\">\u201cPero \u00bfc\u00f3mo vamos a cubrir la paridad en aquella zona, si es serrana? All\u00e1 las mujeres est\u00e1n en su casa atendiendo a sus hijos, no saben de pol\u00edtica.\u201d<\/span><span style=\"font-weight: 400;\"><br \/>\n<\/span><span style=\"font-weight: 400;\">\u201cMira \u2018Juanito\u2019, te toca ir a ti, pero ya sabes que con eso de la paridad, tenemos que poner a una mujer. Por eso te vamos a dejar la decisi\u00f3n \u00bfA qu\u00e9 mujer de la familia podemos poner? Ya sabes, en realidad el candidato eres t\u00fa\u201d.<\/span><\/p>\n<p><span style=\"font-weight: 400;\">\u201cEs dif\u00edcil encontrar mujeres que quieran postularse a un cargo p\u00fablico&#8230; por su familia, no pueden viajar ni andar en campa\u00f1a\u201d.<\/span><\/p>\n<p><span style=\"font-weight: 400;\">Cualquier semejanza de los cuatro casos anteriores con la realidad, es puritita coincidencia.<\/span><\/p>\n<p><span style=\"font-weight: 400;\">\u00bfDe verdad es tan dif\u00edcil para los partidos pol\u00edticos postular a mujeres a cargos de elecci\u00f3n popular?<\/span><\/p>\n<p><span style=\"font-weight: 400;\">Realmente es complicado entender que en un pa\u00eds donde somos m\u00e1s mujeres que varones a\u00fan se tenga la resistencia a que ellas participen en pol\u00edtica y en diversos \u00e1mbitos p\u00fablicos. La pol\u00edtica no debe seguir con modelos patriarcales o de simulaciones, sin embargo, algunos partidos pol\u00edticos ya piensan en impugnar la decisi\u00f3n del Instituto Nacional Electoral (INE) que propuso que 7 de las 15 gubernaturas que se decidir\u00e1n para 2021 fueran para mujeres.\u00a0<\/span><\/p>\n<p><span style=\"font-weight: 400;\">Ahora, con la figura de las alianzas entre los partidos pol\u00edticos, la paridad puede vivir una situaci\u00f3n complicada.<\/span><\/p>\n<p><span style=\"font-weight: 400;\">Hablando de las alianzas entre los partidos pol\u00edticos, por principio puede ser un respiro para los que tienen menos mujeres militantes, ya que otro partido en coalici\u00f3n puede proponerlas para que se lleve a cabo el 50-50, sin embargo, de manera indirecta puede afectar a las y los militantes de cada partido pol\u00edtico que ya ven\u00edan trabajando para ser postulados. Pero dicen por all\u00ed, todo sea por la democracia.<\/span><\/p>\n<p>&nbsp;<\/p>\n<p><b>Veracruz en el ojo internacional<\/b><\/p>\n<p><span style=\"font-weight: 400;\">Dos mujeres, dos casos que causaron indignaci\u00f3n a nivel internacional, \u201creviven\u201d despu\u00e9s de muchos a\u00f1os de sus muertes. La periodista Regina Mart\u00ednez (8 a\u00f1os) y la ind\u00edgena nahua Ernestina Ascencio (13 a\u00f1os).<\/span><\/p>\n<p><span style=\"font-weight: 400;\">La primera, asesinada, con muchas controversias en la investigaci\u00f3n sobre su muerte y que ahora parece que la investigaci\u00f3n realizada por varios medios de investigaci\u00f3n\u00a0 como El Pa\u00eds, The Washington Post, The Guardian, Proceso, entre otros, a trav\u00e9s del proyecto The Cartel Project, dar\u00e1n a conocer la verdad que por muchos a\u00f1os se ocult\u00f3 y que ayer puso a Fidel Herrera en Trending Topic.<\/span><\/p>\n<p><span style=\"font-weight: 400;\">En el caso de Ernestina, se llev\u00f3 a cabo la primera audiencia en la Comisi\u00f3n Interamericana de los Derechos Humanos donde se volvi\u00f3 a ratificar el dicho de sus familiares donde se\u00f1alan violaci\u00f3n tumultuaria por parte de elementos del ej\u00e9rcito mexicano. A su vez, el Estado mexicano lo desminti\u00f3 con la verdad hist\u00f3rica de muerte por anemia aguda con sangrado de tubo digestivo secundario. Por lo pronto la Fiscal\u00eda General del Estado de Veracruz tiene hasta el 3 de enero para entregar la informaci\u00f3n solicitada en la primera audiencia. \u00bfCu\u00e1l ser\u00e1 el fallo de la Corte?<\/span><\/p>\n<p>&nbsp;<\/p>\n<p><span style=\"font-weight: 400;\">@NumerosRojos_BC<\/span><\/p>\n<p><span style=\"font-weight: 400;\">caballero_brenda@hotmail.com<\/span><\/p>\n<p>&nbsp;<\/p>\n","protected":false},"excerpt":{"rendered":"<p>Brenda Caballero N\u00fameros Rojos \u201c\u00a1Vas t\u00fa, necesitamos una mujer! \u00a1Ya ves que necesitamos cubrir el 50 por ciento de mujeres!\u201d Y as\u00ed, de \u00faltima hora, la hicieron candidata. \u201cPero \u00bfc\u00f3mo vamos a cubrir la paridad en aquella zona, si es serrana? All\u00e1 las mujeres est\u00e1n en su casa atendiendo a sus hijos, no saben de [&hellip;]<\/p>\n","protected":false},"author":2,"featured_media":64980,"comment_status":"open","ping_status":"open","sticky":false,"template":"","format":"standard","meta":{"tdm_status":"","tdm_grid_status":"","footnotes":""},"categories":[70],"tags":[3199,2687,174,1818,1197,24179,662,554,266,4842,107,251,334,493,7543,24178,195],"class_list":{"0":"post-64979","1":"post","2":"type-post","3":"status-publish","4":"format-standard","5":"has-post-thumbnail","7":"category-de-opinion","8":"tag-alianza","9":"tag-brenda-caballero","10":"tag-candidatas","11":"tag-candidatos","12":"tag-el-pais","13":"tag-ernestina-ascencio","14":"tag-gubernatura","15":"tag-ine","16":"tag-pan","17":"tag-paridad","18":"tag-prd","19":"tag-pri","20":"tag-proceso","21":"tag-regina-martinez","22":"tag-the-guardian","23":"tag-the-washington-post","24":"tag-veracruz"},"yoast_head":"<!-- This site is optimized with the Yoast SEO plugin v27.4 - https:\/\/yoast.com\/product\/yoast-seo-wordpress\/ -->\n<title>Paridad y Alianzas - Los pol\u00edticos Veracruz<\/title>\n<meta name=\"robots\" content=\"index, follow, max-snippet:-1, max-image-preview:large, max-video-preview:-1\" \/>\n<link rel=\"canonical\" href=\"https:\/\/lospoliticosveracruz.com\/?p=64979\" \/>\n<meta property=\"og:locale\" content=\"es_ES\" \/>\n<meta property=\"og:type\" content=\"article\" \/>\n<meta property=\"og:title\" content=\"Paridad y Alianzas - Los pol\u00edticos Veracruz\" \/>\n<meta property=\"og:description\" content=\"Brenda Caballero N\u00fameros Rojos \u201c\u00a1Vas t\u00fa, necesitamos una mujer! \u00a1Ya ves que necesitamos cubrir el 50 por ciento de mujeres!\u201d Y as\u00ed, de \u00faltima hora, la hicieron candidata. \u201cPero \u00bfc\u00f3mo vamos a cubrir la paridad en aquella zona, si es serrana? All\u00e1 las mujeres est\u00e1n en su casa atendiendo a sus hijos, no saben de [&hellip;]\" \/>\n<meta property=\"og:url\" content=\"https:\/\/lospoliticosveracruz.com\/?p=64979\" \/>\n<meta property=\"og:site_name\" content=\"Los pol\u00edticos Veracruz\" \/>\n<meta property=\"article:publisher\" content=\"https:\/\/www.facebook.com\/people\/Notimemes-de-los-Polticos\/61565672886568\/\" \/>\n<meta property=\"article:published_time\" content=\"2020-12-07T01:03:59+00:00\" \/>\n<meta property=\"og:image\" content=\"https:\/\/lospoliticosveracruz.com\/wp-content\/uploads\/2020\/12\/Paridad-Alianza.jpg\" \/>\n\t<meta property=\"og:image:width\" content=\"600\" \/>\n\t<meta property=\"og:image:height\" content=\"320\" \/>\n\t<meta property=\"og:image:type\" content=\"image\/jpeg\" \/>\n<meta name=\"author\" content=\"Lo viste en Los Pol\u00edticos\" \/>\n<meta name=\"twitter:card\" content=\"summary_large_image\" \/>\n<meta name=\"twitter:creator\" content=\"@LosPoliticosVer\" \/>\n<meta name=\"twitter:site\" content=\"@LosPoliticosVer\" \/>\n<meta name=\"twitter:label1\" content=\"Escrito por\" \/>\n\t<meta name=\"twitter:data1\" content=\"Lo viste en Los Pol\u00edticos\" \/>\n\t<meta name=\"twitter:label2\" content=\"Tiempo de lectura\" \/>\n\t<meta name=\"twitter:data2\" content=\"3 minutos\" \/>\n<script type=\"application\/ld+json\" class=\"yoast-schema-graph\">{\"@context\":\"https:\\\/\\\/schema.org\",\"@graph\":[{\"@type\":\"Article\",\"@id\":\"https:\\\/\\\/lospoliticosveracruz.com\\\/?p=64979#article\",\"isPartOf\":{\"@id\":\"https:\\\/\\\/lospoliticosveracruz.com\\\/?p=64979\"},\"author\":{\"name\":\"Lo viste en Los Pol\u00edticos\",\"@id\":\"https:\\\/\\\/lospoliticosveracruz.com\\\/#\\\/schema\\\/person\\\/b8702bb0e538456e6efd07080bf2a4a2\"},\"headline\":\"Paridad y Alianzas\",\"datePublished\":\"2020-12-07T01:03:59+00:00\",\"mainEntityOfPage\":{\"@id\":\"https:\\\/\\\/lospoliticosveracruz.com\\\/?p=64979\"},\"wordCount\":563,\"commentCount\":0,\"publisher\":{\"@id\":\"https:\\\/\\\/lospoliticosveracruz.com\\\/#organization\"},\"image\":{\"@id\":\"https:\\\/\\\/lospoliticosveracruz.com\\\/?p=64979#primaryimage\"},\"thumbnailUrl\":\"https:\\\/\\\/lospoliticosveracruz.com\\\/wp-content\\\/uploads\\\/2020\\\/12\\\/Paridad-Alianza.jpg\",\"keywords\":[\"alianza\",\"Brenda Caballero\",\"candidatas\",\"candidatos\",\"El Pa\u00eds\",\"Ernestina Ascencio\",\"gubernatura\",\"INE\",\"PAN\",\"paridad\",\"PRD\",\"PRI\",\"Proceso\",\"Regina Mart\u00ednez\",\"The Guardian\",\"The Washington Post\",\"Veracruz\"],\"articleSection\":[\"De Opini\u00f3n\"],\"inLanguage\":\"es\",\"potentialAction\":[{\"@type\":\"CommentAction\",\"name\":\"Comment\",\"target\":[\"https:\\\/\\\/lospoliticosveracruz.com\\\/?p=64979#respond\"]}]},{\"@type\":\"WebPage\",\"@id\":\"https:\\\/\\\/lospoliticosveracruz.com\\\/?p=64979\",\"url\":\"https:\\\/\\\/lospoliticosveracruz.com\\\/?p=64979\",\"name\":\"Paridad y Alianzas - Los pol\u00edticos Veracruz\",\"isPartOf\":{\"@id\":\"https:\\\/\\\/lospoliticosveracruz.com\\\/#website\"},\"primaryImageOfPage\":{\"@id\":\"https:\\\/\\\/lospoliticosveracruz.com\\\/?p=64979#primaryimage\"},\"image\":{\"@id\":\"https:\\\/\\\/lospoliticosveracruz.com\\\/?p=64979#primaryimage\"},\"thumbnailUrl\":\"https:\\\/\\\/lospoliticosveracruz.com\\\/wp-content\\\/uploads\\\/2020\\\/12\\\/Paridad-Alianza.jpg\",\"datePublished\":\"2020-12-07T01:03:59+00:00\",\"breadcrumb\":{\"@id\":\"https:\\\/\\\/lospoliticosveracruz.com\\\/?p=64979#breadcrumb\"},\"inLanguage\":\"es\",\"potentialAction\":[{\"@type\":\"ReadAction\",\"target\":[\"https:\\\/\\\/lospoliticosveracruz.com\\\/?p=64979\"]}]},{\"@type\":\"ImageObject\",\"inLanguage\":\"es\",\"@id\":\"https:\\\/\\\/lospoliticosveracruz.com\\\/?p=64979#primaryimage\",\"url\":\"https:\\\/\\\/lospoliticosveracruz.com\\\/wp-content\\\/uploads\\\/2020\\\/12\\\/Paridad-Alianza.jpg\",\"contentUrl\":\"https:\\\/\\\/lospoliticosveracruz.com\\\/wp-content\\\/uploads\\\/2020\\\/12\\\/Paridad-Alianza.jpg\",\"width\":600,\"height\":320},{\"@type\":\"BreadcrumbList\",\"@id\":\"https:\\\/\\\/lospoliticosveracruz.com\\\/?p=64979#breadcrumb\",\"itemListElement\":[{\"@type\":\"ListItem\",\"position\":1,\"name\":\"Portada\",\"item\":\"https:\\\/\\\/lospoliticosveracruz.com\\\/\"},{\"@type\":\"ListItem\",\"position\":2,\"name\":\"Paridad y Alianzas\"}]},{\"@type\":\"WebSite\",\"@id\":\"https:\\\/\\\/lospoliticosveracruz.com\\\/#website\",\"url\":\"https:\\\/\\\/lospoliticosveracruz.com\\\/\",\"name\":\"Los pol\u00edticos Veracruz\",\"description\":\"\",\"publisher\":{\"@id\":\"https:\\\/\\\/lospoliticosveracruz.com\\\/#organization\"},\"potentialAction\":[{\"@type\":\"SearchAction\",\"target\":{\"@type\":\"EntryPoint\",\"urlTemplate\":\"https:\\\/\\\/lospoliticosveracruz.com\\\/?s={search_term_string}\"},\"query-input\":{\"@type\":\"PropertyValueSpecification\",\"valueRequired\":true,\"valueName\":\"search_term_string\"}}],\"inLanguage\":\"es\"},{\"@type\":\"Organization\",\"@id\":\"https:\\\/\\\/lospoliticosveracruz.com\\\/#organization\",\"name\":\"Los pol\u00edticos Veracruz\",\"url\":\"https:\\\/\\\/lospoliticosveracruz.com\\\/\",\"logo\":{\"@type\":\"ImageObject\",\"inLanguage\":\"es\",\"@id\":\"https:\\\/\\\/lospoliticosveracruz.com\\\/#\\\/schema\\\/logo\\\/image\\\/\",\"url\":\"https:\\\/\\\/lospoliticosveracruz.com\\\/wp-content\\\/uploads\\\/2025\\\/12\\\/Logo-Nuevo-LOS-POLITICOS-1.jpg\",\"contentUrl\":\"https:\\\/\\\/lospoliticosveracruz.com\\\/wp-content\\\/uploads\\\/2025\\\/12\\\/Logo-Nuevo-LOS-POLITICOS-1.jpg\",\"width\":260,\"height\":70,\"caption\":\"Los pol\u00edticos Veracruz\"},\"image\":{\"@id\":\"https:\\\/\\\/lospoliticosveracruz.com\\\/#\\\/schema\\\/logo\\\/image\\\/\"},\"sameAs\":[\"https:\\\/\\\/www.facebook.com\\\/people\\\/Notimemes-de-los-Polticos\\\/61565672886568\\\/\",\"https:\\\/\\\/x.com\\\/LosPoliticosVer\"]},{\"@type\":\"Person\",\"@id\":\"https:\\\/\\\/lospoliticosveracruz.com\\\/#\\\/schema\\\/person\\\/b8702bb0e538456e6efd07080bf2a4a2\",\"name\":\"Lo viste en Los Pol\u00edticos\",\"image\":{\"@type\":\"ImageObject\",\"inLanguage\":\"es\",\"@id\":\"https:\\\/\\\/secure.gravatar.com\\\/avatar\\\/3a8de04a2656d44082be478bd6c086daa447c4651605818287b9532d3d0bd435?s=96&d=mm&r=g\",\"url\":\"https:\\\/\\\/secure.gravatar.com\\\/avatar\\\/3a8de04a2656d44082be478bd6c086daa447c4651605818287b9532d3d0bd435?s=96&d=mm&r=g\",\"contentUrl\":\"https:\\\/\\\/secure.gravatar.com\\\/avatar\\\/3a8de04a2656d44082be478bd6c086daa447c4651605818287b9532d3d0bd435?s=96&d=mm&r=g\",\"caption\":\"Lo viste en Los Pol\u00edticos\"},\"url\":\"https:\\\/\\\/lospoliticosveracruz.com\\\/?author=2\"}]}<\/script>\n<!-- \/ Yoast SEO plugin. -->","yoast_head_json":{"title":"Paridad y Alianzas - Los pol\u00edticos Veracruz","robots":{"index":"index","follow":"follow","max-snippet":"max-snippet:-1","max-image-preview":"max-image-preview:large","max-video-preview":"max-video-preview:-1"},"canonical":"https:\/\/lospoliticosveracruz.com\/?p=64979","og_locale":"es_ES","og_type":"article","og_title":"Paridad y Alianzas - Los pol\u00edticos Veracruz","og_description":"Brenda Caballero N\u00fameros Rojos \u201c\u00a1Vas t\u00fa, necesitamos una mujer! \u00a1Ya ves que necesitamos cubrir el 50 por ciento de mujeres!\u201d Y as\u00ed, de \u00faltima hora, la hicieron candidata. \u201cPero \u00bfc\u00f3mo vamos a cubrir la paridad en aquella zona, si es serrana? All\u00e1 las mujeres est\u00e1n en su casa atendiendo a sus hijos, no saben de [&hellip;]","og_url":"https:\/\/lospoliticosveracruz.com\/?p=64979","og_site_name":"Los pol\u00edticos Veracruz","article_publisher":"https:\/\/www.facebook.com\/people\/Notimemes-de-los-Polticos\/61565672886568\/","article_published_time":"2020-12-07T01:03:59+00:00","og_image":[{"width":600,"height":320,"url":"https:\/\/lospoliticosveracruz.com\/wp-content\/uploads\/2020\/12\/Paridad-Alianza.jpg","type":"image\/jpeg"}],"author":"Lo viste en Los Pol\u00edticos","twitter_card":"summary_large_image","twitter_creator":"@LosPoliticosVer","twitter_site":"@LosPoliticosVer","twitter_misc":{"Escrito por":"Lo viste en Los Pol\u00edticos","Tiempo de lectura":"3 minutos"},"schema":{"@context":"https:\/\/schema.org","@graph":[{"@type":"Article","@id":"https:\/\/lospoliticosveracruz.com\/?p=64979#article","isPartOf":{"@id":"https:\/\/lospoliticosveracruz.com\/?p=64979"},"author":{"name":"Lo viste en Los Pol\u00edticos","@id":"https:\/\/lospoliticosveracruz.com\/#\/schema\/person\/b8702bb0e538456e6efd07080bf2a4a2"},"headline":"Paridad y Alianzas","datePublished":"2020-12-07T01:03:59+00:00","mainEntityOfPage":{"@id":"https:\/\/lospoliticosveracruz.com\/?p=64979"},"wordCount":563,"commentCount":0,"publisher":{"@id":"https:\/\/lospoliticosveracruz.com\/#organization"},"image":{"@id":"https:\/\/lospoliticosveracruz.com\/?p=64979#primaryimage"},"thumbnailUrl":"https:\/\/lospoliticosveracruz.com\/wp-content\/uploads\/2020\/12\/Paridad-Alianza.jpg","keywords":["alianza","Brenda Caballero","candidatas","candidatos","El Pa\u00eds","Ernestina Ascencio","gubernatura","INE","PAN","paridad","PRD","PRI","Proceso","Regina Mart\u00ednez","The Guardian","The Washington Post","Veracruz"],"articleSection":["De Opini\u00f3n"],"inLanguage":"es","potentialAction":[{"@type":"CommentAction","name":"Comment","target":["https:\/\/lospoliticosveracruz.com\/?p=64979#respond"]}]},{"@type":"WebPage","@id":"https:\/\/lospoliticosveracruz.com\/?p=64979","url":"https:\/\/lospoliticosveracruz.com\/?p=64979","name":"Paridad y Alianzas - Los pol\u00edticos Veracruz","isPartOf":{"@id":"https:\/\/lospoliticosveracruz.com\/#website"},"primaryImageOfPage":{"@id":"https:\/\/lospoliticosveracruz.com\/?p=64979#primaryimage"},"image":{"@id":"https:\/\/lospoliticosveracruz.com\/?p=64979#primaryimage"},"thumbnailUrl":"https:\/\/lospoliticosveracruz.com\/wp-content\/uploads\/2020\/12\/Paridad-Alianza.jpg","datePublished":"2020-12-07T01:03:59+00:00","breadcrumb":{"@id":"https:\/\/lospoliticosveracruz.com\/?p=64979#breadcrumb"},"inLanguage":"es","potentialAction":[{"@type":"ReadAction","target":["https:\/\/lospoliticosveracruz.com\/?p=64979"]}]},{"@type":"ImageObject","inLanguage":"es","@id":"https:\/\/lospoliticosveracruz.com\/?p=64979#primaryimage","url":"https:\/\/lospoliticosveracruz.com\/wp-content\/uploads\/2020\/12\/Paridad-Alianza.jpg","contentUrl":"https:\/\/lospoliticosveracruz.com\/wp-content\/uploads\/2020\/12\/Paridad-Alianza.jpg","width":600,"height":320},{"@type":"BreadcrumbList","@id":"https:\/\/lospoliticosveracruz.com\/?p=64979#breadcrumb","itemListElement":[{"@type":"ListItem","position":1,"name":"Portada","item":"https:\/\/lospoliticosveracruz.com\/"},{"@type":"ListItem","position":2,"name":"Paridad y Alianzas"}]},{"@type":"WebSite","@id":"https:\/\/lospoliticosveracruz.com\/#website","url":"https:\/\/lospoliticosveracruz.com\/","name":"Los pol\u00edticos Veracruz","description":"","publisher":{"@id":"https:\/\/lospoliticosveracruz.com\/#organization"},"potentialAction":[{"@type":"SearchAction","target":{"@type":"EntryPoint","urlTemplate":"https:\/\/lospoliticosveracruz.com\/?s={search_term_string}"},"query-input":{"@type":"PropertyValueSpecification","valueRequired":true,"valueName":"search_term_string"}}],"inLanguage":"es"},{"@type":"Organization","@id":"https:\/\/lospoliticosveracruz.com\/#organization","name":"Los pol\u00edticos Veracruz","url":"https:\/\/lospoliticosveracruz.com\/","logo":{"@type":"ImageObject","inLanguage":"es","@id":"https:\/\/lospoliticosveracruz.com\/#\/schema\/logo\/image\/","url":"https:\/\/lospoliticosveracruz.com\/wp-content\/uploads\/2025\/12\/Logo-Nuevo-LOS-POLITICOS-1.jpg","contentUrl":"https:\/\/lospoliticosveracruz.com\/wp-content\/uploads\/2025\/12\/Logo-Nuevo-LOS-POLITICOS-1.jpg","width":260,"height":70,"caption":"Los pol\u00edticos Veracruz"},"image":{"@id":"https:\/\/lospoliticosveracruz.com\/#\/schema\/logo\/image\/"},"sameAs":["https:\/\/www.facebook.com\/people\/Notimemes-de-los-Polticos\/61565672886568\/","https:\/\/x.com\/LosPoliticosVer"]},{"@type":"Person","@id":"https:\/\/lospoliticosveracruz.com\/#\/schema\/person\/b8702bb0e538456e6efd07080bf2a4a2","name":"Lo viste en Los Pol\u00edticos","image":{"@type":"ImageObject","inLanguage":"es","@id":"https:\/\/secure.gravatar.com\/avatar\/3a8de04a2656d44082be478bd6c086daa447c4651605818287b9532d3d0bd435?s=96&d=mm&r=g","url":"https:\/\/secure.gravatar.com\/avatar\/3a8de04a2656d44082be478bd6c086daa447c4651605818287b9532d3d0bd435?s=96&d=mm&r=g","contentUrl":"https:\/\/secure.gravatar.com\/avatar\/3a8de04a2656d44082be478bd6c086daa447c4651605818287b9532d3d0bd435?s=96&d=mm&r=g","caption":"Lo viste en Los Pol\u00edticos"},"url":"https:\/\/lospoliticosveracruz.com\/?author=2"}]}},"_links":{"self":[{"href":"https:\/\/lospoliticosveracruz.com\/index.php?rest_route=\/wp\/v2\/posts\/64979","targetHints":{"allow":["GET"]}}],"collection":[{"href":"https:\/\/lospoliticosveracruz.com\/index.php?rest_route=\/wp\/v2\/posts"}],"about":[{"href":"https:\/\/lospoliticosveracruz.com\/index.php?rest_route=\/wp\/v2\/types\/post"}],"author":[{"embeddable":true,"href":"https:\/\/lospoliticosveracruz.com\/index.php?rest_route=\/wp\/v2\/users\/2"}],"replies":[{"embeddable":true,"href":"https:\/\/lospoliticosveracruz.com\/index.php?rest_route=%2Fwp%2Fv2%2Fcomments&post=64979"}],"version-history":[{"count":1,"href":"https:\/\/lospoliticosveracruz.com\/index.php?rest_route=\/wp\/v2\/posts\/64979\/revisions"}],"predecessor-version":[{"id":64981,"href":"https:\/\/lospoliticosveracruz.com\/index.php?rest_route=\/wp\/v2\/posts\/64979\/revisions\/64981"}],"wp:featuredmedia":[{"embeddable":true,"href":"https:\/\/lospoliticosveracruz.com\/index.php?rest_route=\/wp\/v2\/media\/64980"}],"wp:attachment":[{"href":"https:\/\/lospoliticosveracruz.com\/index.php?rest_route=%2Fwp%2Fv2%2Fmedia&parent=64979"}],"wp:term":[{"taxonomy":"category","embeddable":true,"href":"https:\/\/lospoliticosveracruz.com\/index.php?rest_route=%2Fwp%2Fv2%2Fcategories&post=64979"},{"taxonomy":"post_tag","embeddable":true,"href":"https:\/\/lospoliticosveracruz.com\/index.php?rest_route=%2Fwp%2Fv2%2Ftags&post=64979"}],"curies":[{"name":"wp","href":"https:\/\/api.w.org\/{rel}","templated":true}]}}