{"id":65031,"date":"2020-12-07T16:30:13","date_gmt":"2020-12-07T22:30:13","guid":{"rendered":"http:\/\/www.lospoliticosveracruz.com.mx\/?p=65031"},"modified":"2020-12-07T16:30:13","modified_gmt":"2020-12-07T22:30:13","slug":"poder-judicial-sin-tapaderas","status":"publish","type":"post","link":"https:\/\/lospoliticosveracruz.com\/?p=65031","title":{"rendered":"Poder Judicial, sin \u00abtapaderas\u00bb"},"content":{"rendered":"<p>&nbsp;<\/p>\n<p>Al inaugurar la Ciudad Judicial en el municipio de Mart\u00ednez de la Torre, la Magistrada Isabel In\u00e9s Romero Cruz, Presidenta del Tribunal Superior de Justicia y del Consejo de la Judicatura, se\u00f1al\u00f3 que en esta nueva etapa del Poder Judicial del Estado de Veracruz, no se solapar\u00e1 ning\u00fan actuar contrario a la Ley o desv\u00edo de la misma.<br \/>\nAcompa\u00f1ada de Joana Marlen Bautista Flores, Directora General de Administraci\u00f3n, Andr\u00e9s Cruz Ibarra y Carla Rodr\u00edguez Gonz\u00e1lez, integrantes del Consejo de la Judicatura, Magistrados y Magistradas; as\u00ed como del Diputado Presidente de la Junta de Coordinaci\u00f3n Pol\u00edtica del Congreso del Estado, Juan Javier G\u00f3mez Cazar\u00edn, el Diputado Federal del Distrito de Mart\u00ednez de la Torre, Rodrigo Calder\u00f3n Salas, la Diputada local, Adriana Esther Mart\u00ednez S\u00e1nchez, y el Alcalde Jes\u00fas de la Torre S\u00e1nchez, mencion\u00f3 que al entregar esta obra a los justiciables, se les encomienda no solamente el cuidado de esta Ciudad Judicial, sino el cuidado del actuar de jueces y secretarios.<br \/>\n\u00abLa importancia de la inauguraci\u00f3n de esta sede radica en que esta Ciudad se re\u00fane el esfuerzo de su gente, la productividad que supera fronteras y la petici\u00f3n de mejores condiciones para los justiciables, este es el motivo por el cual se decidi\u00f3 construir aqu\u00ed una nueva sede judicial y hoy se cumple este gran sue\u00f1o\u00bb.<br \/>\nEn su mensaje a los Jueces y Juezas, Secretarios y personal jurisdiccional en su conjunto, Romero Cruz les dijo que ahora les corresponde hacer que la belleza y grandeza de esta obra sea proporcional a su esfuerzo por brindar una justicia m\u00e1s humana y sensible pero acorde a la obligaci\u00f3n de ser imparciales.<br \/>\n\u00abNunca debemos olvidar que en cada justiciable hay una parte de nosotros mismos, hagamos que su labor diaria deje huella permanente, pero una huella agradable en la mente de esta sociedad \u00e1vida de justica\u00bb.<br \/>\nCon la inauguraci\u00f3n de esta obra en la ciudad de Mart\u00ednez de la Torre se contin\u00faa trabajando acorde con la transformaci\u00f3n que ha pedido el Presidente de la Republica, Andr\u00e9s Manuel L\u00f3pez Obrador, misma que trata de forjar nuevos senderos en la historia del Poder Judicial, cambiando paradigmas y el actuar diario.<br \/>\n\u00abSolo as\u00ed conseguiremos que los justiciables perciban este esfuerzo. No se trata solamente de construir ciudades judiciales, porque no puede hacerse todos los d\u00edas, lo verdaderamente importante es reconstruir la faz del Poder Judicial y esta s\u00ed es una lucha que podemos hacer a diario\u00bb.<br \/>\nInsisti\u00f3 que, este reto no solo es de la Magistrada Presidenta sino tambi\u00e9n de los Magistrados y de los Consejeros, por lo que invit\u00f3 a los juzgadores y personal jurisdiccional a conducirse con transparencia y rectitud, \u00abes una meta conjunta, un esfuerzo que merece ser replicado en cada audiencia, en cada sentencia, en cada persona que desea ser atendida\u00bb.<br \/>\n\u00abDebemos ser aplicadores de la ley no solamente en nuestras oficinas, sino en nuestra labor y conducta, les invito a luchar por cambiar la imagen del Poder Judicial con obras humanas, con acciones que beneficien a todas y a todos\u00bb, finaliz\u00f3.<br \/>\nTras el corte de list\u00f3n inaugural, Isabel In\u00e9s Romero Cruz y personalidades presentes, realizaron un recorrido por las instalaciones.<\/p>\n","protected":false},"excerpt":{"rendered":"<p>&nbsp; Al inaugurar la Ciudad Judicial en el municipio de Mart\u00ednez de la Torre, la Magistrada Isabel In\u00e9s Romero Cruz, Presidenta del Tribunal Superior de Justicia y del Consejo de la Judicatura, se\u00f1al\u00f3 que en esta nueva etapa del Poder Judicial del Estado de Veracruz, no se solapar\u00e1 ning\u00fan actuar contrario a la Ley o [&hellip;]<\/p>\n","protected":false},"author":2,"featured_media":65032,"comment_status":"open","ping_status":"open","sticky":false,"template":"","format":"standard","meta":{"tdm_status":"","tdm_grid_status":"","footnotes":""},"categories":[73],"tags":[13249,618,24207,24206,963,19497],"class_list":{"0":"post-65031","1":"post","2":"type-post","3":"status-publish","4":"format-standard","5":"has-post-thumbnail","7":"category-de-boleto","8":"tag-adriana-esther-martinez-sanchez","9":"tag-andres-manuel-lopez-obrador","10":"tag-justica","11":"tag-magistrada-isabel-ines-romero-cruz","12":"tag-martinez-de-la-torre","13":"tag-poder-judicial-del-estado-de-veracruz"},"yoast_head":"<!-- This site is optimized with the Yoast SEO plugin v27.4 - https:\/\/yoast.com\/product\/yoast-seo-wordpress\/ -->\n<title>Poder Judicial, sin &quot;tapaderas&quot; - Los pol\u00edticos Veracruz<\/title>\n<meta name=\"robots\" content=\"index, follow, max-snippet:-1, max-image-preview:large, max-video-preview:-1\" \/>\n<link rel=\"canonical\" href=\"https:\/\/lospoliticosveracruz.com\/?p=65031\" \/>\n<meta property=\"og:locale\" content=\"es_ES\" \/>\n<meta property=\"og:type\" content=\"article\" \/>\n<meta property=\"og:title\" content=\"Poder Judicial, sin &quot;tapaderas&quot; - Los pol\u00edticos Veracruz\" \/>\n<meta property=\"og:description\" content=\"&nbsp; Al inaugurar la Ciudad Judicial en el municipio de Mart\u00ednez de la Torre, la Magistrada Isabel In\u00e9s Romero Cruz, Presidenta del Tribunal Superior de Justicia y del Consejo de la Judicatura, se\u00f1al\u00f3 que en esta nueva etapa del Poder Judicial del Estado de Veracruz, no se solapar\u00e1 ning\u00fan actuar contrario a la Ley o [&hellip;]\" \/>\n<meta property=\"og:url\" content=\"https:\/\/lospoliticosveracruz.com\/?p=65031\" \/>\n<meta property=\"og:site_name\" content=\"Los pol\u00edticos Veracruz\" \/>\n<meta property=\"article:publisher\" content=\"https:\/\/www.facebook.com\/people\/Notimemes-de-los-Polticos\/61565672886568\/\" \/>\n<meta property=\"article:published_time\" content=\"2020-12-07T22:30:13+00:00\" \/>\n<meta property=\"og:image\" content=\"https:\/\/lospoliticosveracruz.com\/wp-content\/uploads\/2020\/12\/Poder-Judicial.jpeg\" \/>\n\t<meta property=\"og:image:width\" content=\"650\" \/>\n\t<meta property=\"og:image:height\" content=\"350\" \/>\n\t<meta property=\"og:image:type\" content=\"image\/jpeg\" \/>\n<meta name=\"author\" content=\"Lo viste en Los Pol\u00edticos\" \/>\n<meta name=\"twitter:card\" content=\"summary_large_image\" \/>\n<meta name=\"twitter:creator\" content=\"@LosPoliticosVer\" \/>\n<meta name=\"twitter:site\" content=\"@LosPoliticosVer\" \/>\n<meta name=\"twitter:label1\" content=\"Escrito por\" \/>\n\t<meta name=\"twitter:data1\" content=\"Lo viste en Los Pol\u00edticos\" \/>\n\t<meta name=\"twitter:label2\" content=\"Tiempo de lectura\" \/>\n\t<meta name=\"twitter:data2\" content=\"3 minutos\" \/>\n<script type=\"application\/ld+json\" class=\"yoast-schema-graph\">{\"@context\":\"https:\\\/\\\/schema.org\",\"@graph\":[{\"@type\":\"Article\",\"@id\":\"https:\\\/\\\/lospoliticosveracruz.com\\\/?p=65031#article\",\"isPartOf\":{\"@id\":\"https:\\\/\\\/lospoliticosveracruz.com\\\/?p=65031\"},\"author\":{\"name\":\"Lo viste en Los Pol\u00edticos\",\"@id\":\"https:\\\/\\\/lospoliticosveracruz.com\\\/#\\\/schema\\\/person\\\/b8702bb0e538456e6efd07080bf2a4a2\"},\"headline\":\"Poder Judicial, sin \u00abtapaderas\u00bb\",\"datePublished\":\"2020-12-07T22:30:13+00:00\",\"mainEntityOfPage\":{\"@id\":\"https:\\\/\\\/lospoliticosveracruz.com\\\/?p=65031\"},\"wordCount\":560,\"commentCount\":0,\"publisher\":{\"@id\":\"https:\\\/\\\/lospoliticosveracruz.com\\\/#organization\"},\"image\":{\"@id\":\"https:\\\/\\\/lospoliticosveracruz.com\\\/?p=65031#primaryimage\"},\"thumbnailUrl\":\"https:\\\/\\\/lospoliticosveracruz.com\\\/wp-content\\\/uploads\\\/2020\\\/12\\\/Poder-Judicial.jpeg\",\"keywords\":[\"Adriana Esther Mart\u00ednez S\u00e1nchez\",\"Andr\u00e9s Manuel L\u00f3pez Obrador\",\"Justica\",\"Magistrada Isabel In\u00e9s Romero Cruz\",\"Mart\u00ednez de la Torre\",\"Poder Judicial del Estado de Veracruz\"],\"articleSection\":[\"De Boleto\"],\"inLanguage\":\"es\",\"potentialAction\":[{\"@type\":\"CommentAction\",\"name\":\"Comment\",\"target\":[\"https:\\\/\\\/lospoliticosveracruz.com\\\/?p=65031#respond\"]}]},{\"@type\":\"WebPage\",\"@id\":\"https:\\\/\\\/lospoliticosveracruz.com\\\/?p=65031\",\"url\":\"https:\\\/\\\/lospoliticosveracruz.com\\\/?p=65031\",\"name\":\"Poder Judicial, sin \\\"tapaderas\\\" - Los pol\u00edticos Veracruz\",\"isPartOf\":{\"@id\":\"https:\\\/\\\/lospoliticosveracruz.com\\\/#website\"},\"primaryImageOfPage\":{\"@id\":\"https:\\\/\\\/lospoliticosveracruz.com\\\/?p=65031#primaryimage\"},\"image\":{\"@id\":\"https:\\\/\\\/lospoliticosveracruz.com\\\/?p=65031#primaryimage\"},\"thumbnailUrl\":\"https:\\\/\\\/lospoliticosveracruz.com\\\/wp-content\\\/uploads\\\/2020\\\/12\\\/Poder-Judicial.jpeg\",\"datePublished\":\"2020-12-07T22:30:13+00:00\",\"breadcrumb\":{\"@id\":\"https:\\\/\\\/lospoliticosveracruz.com\\\/?p=65031#breadcrumb\"},\"inLanguage\":\"es\",\"potentialAction\":[{\"@type\":\"ReadAction\",\"target\":[\"https:\\\/\\\/lospoliticosveracruz.com\\\/?p=65031\"]}]},{\"@type\":\"ImageObject\",\"inLanguage\":\"es\",\"@id\":\"https:\\\/\\\/lospoliticosveracruz.com\\\/?p=65031#primaryimage\",\"url\":\"https:\\\/\\\/lospoliticosveracruz.com\\\/wp-content\\\/uploads\\\/2020\\\/12\\\/Poder-Judicial.jpeg\",\"contentUrl\":\"https:\\\/\\\/lospoliticosveracruz.com\\\/wp-content\\\/uploads\\\/2020\\\/12\\\/Poder-Judicial.jpeg\",\"width\":650,\"height\":350},{\"@type\":\"BreadcrumbList\",\"@id\":\"https:\\\/\\\/lospoliticosveracruz.com\\\/?p=65031#breadcrumb\",\"itemListElement\":[{\"@type\":\"ListItem\",\"position\":1,\"name\":\"Portada\",\"item\":\"https:\\\/\\\/lospoliticosveracruz.com\\\/\"},{\"@type\":\"ListItem\",\"position\":2,\"name\":\"Poder Judicial, sin \u00abtapaderas\u00bb\"}]},{\"@type\":\"WebSite\",\"@id\":\"https:\\\/\\\/lospoliticosveracruz.com\\\/#website\",\"url\":\"https:\\\/\\\/lospoliticosveracruz.com\\\/\",\"name\":\"Los pol\u00edticos Veracruz\",\"description\":\"\",\"publisher\":{\"@id\":\"https:\\\/\\\/lospoliticosveracruz.com\\\/#organization\"},\"potentialAction\":[{\"@type\":\"SearchAction\",\"target\":{\"@type\":\"EntryPoint\",\"urlTemplate\":\"https:\\\/\\\/lospoliticosveracruz.com\\\/?s={search_term_string}\"},\"query-input\":{\"@type\":\"PropertyValueSpecification\",\"valueRequired\":true,\"valueName\":\"search_term_string\"}}],\"inLanguage\":\"es\"},{\"@type\":\"Organization\",\"@id\":\"https:\\\/\\\/lospoliticosveracruz.com\\\/#organization\",\"name\":\"Los pol\u00edticos Veracruz\",\"url\":\"https:\\\/\\\/lospoliticosveracruz.com\\\/\",\"logo\":{\"@type\":\"ImageObject\",\"inLanguage\":\"es\",\"@id\":\"https:\\\/\\\/lospoliticosveracruz.com\\\/#\\\/schema\\\/logo\\\/image\\\/\",\"url\":\"https:\\\/\\\/lospoliticosveracruz.com\\\/wp-content\\\/uploads\\\/2025\\\/12\\\/Logo-Nuevo-LOS-POLITICOS-1.jpg\",\"contentUrl\":\"https:\\\/\\\/lospoliticosveracruz.com\\\/wp-content\\\/uploads\\\/2025\\\/12\\\/Logo-Nuevo-LOS-POLITICOS-1.jpg\",\"width\":260,\"height\":70,\"caption\":\"Los pol\u00edticos Veracruz\"},\"image\":{\"@id\":\"https:\\\/\\\/lospoliticosveracruz.com\\\/#\\\/schema\\\/logo\\\/image\\\/\"},\"sameAs\":[\"https:\\\/\\\/www.facebook.com\\\/people\\\/Notimemes-de-los-Polticos\\\/61565672886568\\\/\",\"https:\\\/\\\/x.com\\\/LosPoliticosVer\"]},{\"@type\":\"Person\",\"@id\":\"https:\\\/\\\/lospoliticosveracruz.com\\\/#\\\/schema\\\/person\\\/b8702bb0e538456e6efd07080bf2a4a2\",\"name\":\"Lo viste en Los Pol\u00edticos\",\"image\":{\"@type\":\"ImageObject\",\"inLanguage\":\"es\",\"@id\":\"https:\\\/\\\/secure.gravatar.com\\\/avatar\\\/3a8de04a2656d44082be478bd6c086daa447c4651605818287b9532d3d0bd435?s=96&d=mm&r=g\",\"url\":\"https:\\\/\\\/secure.gravatar.com\\\/avatar\\\/3a8de04a2656d44082be478bd6c086daa447c4651605818287b9532d3d0bd435?s=96&d=mm&r=g\",\"contentUrl\":\"https:\\\/\\\/secure.gravatar.com\\\/avatar\\\/3a8de04a2656d44082be478bd6c086daa447c4651605818287b9532d3d0bd435?s=96&d=mm&r=g\",\"caption\":\"Lo viste en Los Pol\u00edticos\"},\"url\":\"https:\\\/\\\/lospoliticosveracruz.com\\\/?author=2\"}]}<\/script>\n<!-- \/ Yoast SEO plugin. -->","yoast_head_json":{"title":"Poder Judicial, sin \"tapaderas\" - Los pol\u00edticos Veracruz","robots":{"index":"index","follow":"follow","max-snippet":"max-snippet:-1","max-image-preview":"max-image-preview:large","max-video-preview":"max-video-preview:-1"},"canonical":"https:\/\/lospoliticosveracruz.com\/?p=65031","og_locale":"es_ES","og_type":"article","og_title":"Poder Judicial, sin \"tapaderas\" - Los pol\u00edticos Veracruz","og_description":"&nbsp; Al inaugurar la Ciudad Judicial en el municipio de Mart\u00ednez de la Torre, la Magistrada Isabel In\u00e9s Romero Cruz, Presidenta del Tribunal Superior de Justicia y del Consejo de la Judicatura, se\u00f1al\u00f3 que en esta nueva etapa del Poder Judicial del Estado de Veracruz, no se solapar\u00e1 ning\u00fan actuar contrario a la Ley o [&hellip;]","og_url":"https:\/\/lospoliticosveracruz.com\/?p=65031","og_site_name":"Los pol\u00edticos Veracruz","article_publisher":"https:\/\/www.facebook.com\/people\/Notimemes-de-los-Polticos\/61565672886568\/","article_published_time":"2020-12-07T22:30:13+00:00","og_image":[{"width":650,"height":350,"url":"https:\/\/lospoliticosveracruz.com\/wp-content\/uploads\/2020\/12\/Poder-Judicial.jpeg","type":"image\/jpeg"}],"author":"Lo viste en Los Pol\u00edticos","twitter_card":"summary_large_image","twitter_creator":"@LosPoliticosVer","twitter_site":"@LosPoliticosVer","twitter_misc":{"Escrito por":"Lo viste en Los Pol\u00edticos","Tiempo de lectura":"3 minutos"},"schema":{"@context":"https:\/\/schema.org","@graph":[{"@type":"Article","@id":"https:\/\/lospoliticosveracruz.com\/?p=65031#article","isPartOf":{"@id":"https:\/\/lospoliticosveracruz.com\/?p=65031"},"author":{"name":"Lo viste en Los Pol\u00edticos","@id":"https:\/\/lospoliticosveracruz.com\/#\/schema\/person\/b8702bb0e538456e6efd07080bf2a4a2"},"headline":"Poder Judicial, sin \u00abtapaderas\u00bb","datePublished":"2020-12-07T22:30:13+00:00","mainEntityOfPage":{"@id":"https:\/\/lospoliticosveracruz.com\/?p=65031"},"wordCount":560,"commentCount":0,"publisher":{"@id":"https:\/\/lospoliticosveracruz.com\/#organization"},"image":{"@id":"https:\/\/lospoliticosveracruz.com\/?p=65031#primaryimage"},"thumbnailUrl":"https:\/\/lospoliticosveracruz.com\/wp-content\/uploads\/2020\/12\/Poder-Judicial.jpeg","keywords":["Adriana Esther Mart\u00ednez S\u00e1nchez","Andr\u00e9s Manuel L\u00f3pez Obrador","Justica","Magistrada Isabel In\u00e9s Romero Cruz","Mart\u00ednez de la Torre","Poder Judicial del Estado de Veracruz"],"articleSection":["De Boleto"],"inLanguage":"es","potentialAction":[{"@type":"CommentAction","name":"Comment","target":["https:\/\/lospoliticosveracruz.com\/?p=65031#respond"]}]},{"@type":"WebPage","@id":"https:\/\/lospoliticosveracruz.com\/?p=65031","url":"https:\/\/lospoliticosveracruz.com\/?p=65031","name":"Poder Judicial, sin \"tapaderas\" - Los pol\u00edticos Veracruz","isPartOf":{"@id":"https:\/\/lospoliticosveracruz.com\/#website"},"primaryImageOfPage":{"@id":"https:\/\/lospoliticosveracruz.com\/?p=65031#primaryimage"},"image":{"@id":"https:\/\/lospoliticosveracruz.com\/?p=65031#primaryimage"},"thumbnailUrl":"https:\/\/lospoliticosveracruz.com\/wp-content\/uploads\/2020\/12\/Poder-Judicial.jpeg","datePublished":"2020-12-07T22:30:13+00:00","breadcrumb":{"@id":"https:\/\/lospoliticosveracruz.com\/?p=65031#breadcrumb"},"inLanguage":"es","potentialAction":[{"@type":"ReadAction","target":["https:\/\/lospoliticosveracruz.com\/?p=65031"]}]},{"@type":"ImageObject","inLanguage":"es","@id":"https:\/\/lospoliticosveracruz.com\/?p=65031#primaryimage","url":"https:\/\/lospoliticosveracruz.com\/wp-content\/uploads\/2020\/12\/Poder-Judicial.jpeg","contentUrl":"https:\/\/lospoliticosveracruz.com\/wp-content\/uploads\/2020\/12\/Poder-Judicial.jpeg","width":650,"height":350},{"@type":"BreadcrumbList","@id":"https:\/\/lospoliticosveracruz.com\/?p=65031#breadcrumb","itemListElement":[{"@type":"ListItem","position":1,"name":"Portada","item":"https:\/\/lospoliticosveracruz.com\/"},{"@type":"ListItem","position":2,"name":"Poder Judicial, sin \u00abtapaderas\u00bb"}]},{"@type":"WebSite","@id":"https:\/\/lospoliticosveracruz.com\/#website","url":"https:\/\/lospoliticosveracruz.com\/","name":"Los pol\u00edticos Veracruz","description":"","publisher":{"@id":"https:\/\/lospoliticosveracruz.com\/#organization"},"potentialAction":[{"@type":"SearchAction","target":{"@type":"EntryPoint","urlTemplate":"https:\/\/lospoliticosveracruz.com\/?s={search_term_string}"},"query-input":{"@type":"PropertyValueSpecification","valueRequired":true,"valueName":"search_term_string"}}],"inLanguage":"es"},{"@type":"Organization","@id":"https:\/\/lospoliticosveracruz.com\/#organization","name":"Los pol\u00edticos Veracruz","url":"https:\/\/lospoliticosveracruz.com\/","logo":{"@type":"ImageObject","inLanguage":"es","@id":"https:\/\/lospoliticosveracruz.com\/#\/schema\/logo\/image\/","url":"https:\/\/lospoliticosveracruz.com\/wp-content\/uploads\/2025\/12\/Logo-Nuevo-LOS-POLITICOS-1.jpg","contentUrl":"https:\/\/lospoliticosveracruz.com\/wp-content\/uploads\/2025\/12\/Logo-Nuevo-LOS-POLITICOS-1.jpg","width":260,"height":70,"caption":"Los pol\u00edticos Veracruz"},"image":{"@id":"https:\/\/lospoliticosveracruz.com\/#\/schema\/logo\/image\/"},"sameAs":["https:\/\/www.facebook.com\/people\/Notimemes-de-los-Polticos\/61565672886568\/","https:\/\/x.com\/LosPoliticosVer"]},{"@type":"Person","@id":"https:\/\/lospoliticosveracruz.com\/#\/schema\/person\/b8702bb0e538456e6efd07080bf2a4a2","name":"Lo viste en Los Pol\u00edticos","image":{"@type":"ImageObject","inLanguage":"es","@id":"https:\/\/secure.gravatar.com\/avatar\/3a8de04a2656d44082be478bd6c086daa447c4651605818287b9532d3d0bd435?s=96&d=mm&r=g","url":"https:\/\/secure.gravatar.com\/avatar\/3a8de04a2656d44082be478bd6c086daa447c4651605818287b9532d3d0bd435?s=96&d=mm&r=g","contentUrl":"https:\/\/secure.gravatar.com\/avatar\/3a8de04a2656d44082be478bd6c086daa447c4651605818287b9532d3d0bd435?s=96&d=mm&r=g","caption":"Lo viste en Los Pol\u00edticos"},"url":"https:\/\/lospoliticosveracruz.com\/?author=2"}]}},"_links":{"self":[{"href":"https:\/\/lospoliticosveracruz.com\/index.php?rest_route=\/wp\/v2\/posts\/65031","targetHints":{"allow":["GET"]}}],"collection":[{"href":"https:\/\/lospoliticosveracruz.com\/index.php?rest_route=\/wp\/v2\/posts"}],"about":[{"href":"https:\/\/lospoliticosveracruz.com\/index.php?rest_route=\/wp\/v2\/types\/post"}],"author":[{"embeddable":true,"href":"https:\/\/lospoliticosveracruz.com\/index.php?rest_route=\/wp\/v2\/users\/2"}],"replies":[{"embeddable":true,"href":"https:\/\/lospoliticosveracruz.com\/index.php?rest_route=%2Fwp%2Fv2%2Fcomments&post=65031"}],"version-history":[{"count":1,"href":"https:\/\/lospoliticosveracruz.com\/index.php?rest_route=\/wp\/v2\/posts\/65031\/revisions"}],"predecessor-version":[{"id":65033,"href":"https:\/\/lospoliticosveracruz.com\/index.php?rest_route=\/wp\/v2\/posts\/65031\/revisions\/65033"}],"wp:featuredmedia":[{"embeddable":true,"href":"https:\/\/lospoliticosveracruz.com\/index.php?rest_route=\/wp\/v2\/media\/65032"}],"wp:attachment":[{"href":"https:\/\/lospoliticosveracruz.com\/index.php?rest_route=%2Fwp%2Fv2%2Fmedia&parent=65031"}],"wp:term":[{"taxonomy":"category","embeddable":true,"href":"https:\/\/lospoliticosveracruz.com\/index.php?rest_route=%2Fwp%2Fv2%2Fcategories&post=65031"},{"taxonomy":"post_tag","embeddable":true,"href":"https:\/\/lospoliticosveracruz.com\/index.php?rest_route=%2Fwp%2Fv2%2Ftags&post=65031"}],"curies":[{"name":"wp","href":"https:\/\/api.w.org\/{rel}","templated":true}]}}