{"id":65043,"date":"2020-12-07T19:53:23","date_gmt":"2020-12-08T01:53:23","guid":{"rendered":"http:\/\/www.lospoliticosveracruz.com.mx\/?p=65043"},"modified":"2020-12-08T07:54:41","modified_gmt":"2020-12-08T13:54:41","slug":"inseguridad-en-emiliano-zapata","status":"publish","type":"post","link":"https:\/\/lospoliticosveracruz.com\/?p=65043","title":{"rendered":"Inseguridad en Emiliano Zapata"},"content":{"rendered":"<p><strong>Salvador Mu\u00f1oz<\/strong><\/p>\n<p><em>Los Pol\u00edticos<\/em><\/p>\n<p><span style=\"font-weight: 400;\">Los 104 polic\u00edas con los que cuenta Emiliano Zapata hacen de cierto modo imposible la tarea de cubrir 416 kil\u00f3metros cuadrados de territorio con los que cuenta este municipio, que si bien es cierto, el 60 por ciento de su espacio es rural, el desarrollo que tiene desde hace m\u00e1s de 10 a\u00f1os, hacen imaginar que en un mismo lapso, se revierta esta dimensi\u00f3n, y entonces, el urbano alcance tal porcentaje.<\/span><\/p>\n<p><a href=\"https:\/\/www.facebook.com\/notaria61veracruz\/\"><img decoding=\"async\" src=\"http:\/\/www.lospoliticosveracruz.com.mx\/wp-content\/uploads\/2020\/07\/CINTILLO-Armando.jpg\" alt=\"\" \/><\/a><\/p>\n<p><span style=\"font-weight: 400;\">Esto nos lo cuenta Renato Alarc\u00f3n Guevara, presidente de la Fundaci\u00f3n Colosio Veracruz, quien junto con Emilio Faibre \u00c1lvarez, catedr\u00e1tico de la Universidad Euro Hispanoamericana, invitan al Foro de Seguridad Ciudadana, mejores pr\u00e1cticas hacia una zona metropolitana segura.<\/span><\/p>\n<p><span style=\"font-weight: 400;\">Tanto Renato Alarc\u00f3n como Emilio Faibre son vecinos de Emiliano Zapata. Ambos, de un modo u otro, han sido v\u00edctimas de los embates de la delincuencia.<\/span><\/p>\n<p><span style=\"font-weight: 400;\">El primero, hace poco, sufri\u00f3 \u201cen carro propio\u201d (ya no en carne propia), la inseguridad que reina en Emiliano Zapata: el robo de su camioneta de trabajo. Sabe que al menos en octubre, la entidad alcanz\u00f3 los siete mil 200 delitos denunciados, lo que lleva a Veracruz ocupar el deshonroso s\u00e9ptimo lugar en incidencia delictiva.<\/span><\/p>\n<p><span style=\"font-weight: 400;\">El segundo, cuando lleg\u00f3 a vivir al fraccionamiento de La Pradera, los amantes de lo ajeno allanaron su domicilio\u2026 si bien no fue mucho lo que alcanzaron a llevarse (una pantalla, un perfume, un reloj\u2026), es la sensaci\u00f3n que deja esa invasi\u00f3n a la intimidad.<\/span><\/p>\n<p><span style=\"font-weight: 400;\">Renato Alarc\u00f3n complementa (por as\u00ed decirlo) lo expresado por el maestro de \u201cla Euro\u201d (como tambi\u00e9n se le conoce al centro de estudios), diciendo que sabe de que en esa zona residencial, hay cuadras donde todas las casas han sido v\u00edctimas de robo.<\/span><\/p>\n<p><span style=\"font-weight: 400;\">\u00bfPor qu\u00e9 enfocarse en Emiliano Zapata el tema de la conversaci\u00f3n, cuando la zona metropolitana de Xalapa suma siete municipios? Lo responde Alarc\u00f3n Guevara as\u00ed: \u201cel polo de desarrollo m\u00e1s importante de esta zona metropolitana es Emiliano Zapata pues ha tenido un crecimiento poblacional muy interesante porque la propia conformaci\u00f3n geogr\u00e1fica, orogr\u00e1fica, la parte m\u00e1s plana, ha permitido un desarrollo habitacional m\u00e1s grande\u201d\u2026 aunque el precio ha sido un poco caro en materia de seguridad y salud\u2026<\/span><\/p>\n<p><span style=\"font-weight: 400;\">Si bien ya se ha explicado en los primeros p\u00e1rrafos el asunto de la \u201cseguridad\u201d con algunos ejemplos \u201csuaves\u201d, \u201ctersos\u201d, porque ha habido casos espeluznantes (como el de hace no menos de una semana, donde en Rinconada dejaron en bolsas de pl\u00e1stico, restos humanos) no se puede pasar por alto que precisamente en este lugar, se vive en las tinieblas al caer la noche: 64 luminarias fundidas\u2026 espera Renato Alarc\u00f3n que tras esta publicaci\u00f3n, Rinconada se ilumine, es decir, que se pongan las pilas las autoridades.<\/span><\/p>\n<p><span style=\"font-weight: 400;\">En el caso de Salud, es extraordinario que no haya en este municipio una cl\u00ednica de primer nivel. Renato Alarc\u00f3n recuerda que siendo delegado del Issste en Veracruz, uno de sus proyectos era m\u00ednimo, llevar una cl\u00ednica a esa zona residencial que en esos momentos crec\u00eda, como es La Pradera, donde hay muchos afiliados a este instituto, que si acaso requieren de atenci\u00f3n m\u00e9dica, un Consultorio de Atenci\u00f3n Familiar no lo tienen cerca, y eso, por poner un ejemplo en un punto donde el desarrollo est\u00e1 dado. Pero ya no le alcanz\u00f3 el tiempo para hacerlo&#8230;<\/span><\/p>\n<p><span style=\"font-weight: 400;\">Por eso y por mucho m\u00e1s, es que la Fundaci\u00f3n Colosio y la Universidad Hispanoamericana convocan a este Foro de Seguridad Ciudadana, cuyo objetivo es hacer una zona metropolitana segura a partir de las propuestas que surjan este viernes 11 de diciembre en el auditorio de este centro de estudios, que por cierto, su campus est\u00e1 en Emiliano Zapata.<\/span><\/p>\n<p>&nbsp;<\/p>\n<p><span style=\"font-weight: 400;\">smcainito@gmail.com<\/span><\/p>\n<p>&nbsp;<\/p>\n","protected":false},"excerpt":{"rendered":"<p>Salvador Mu\u00f1oz Los Pol\u00edticos Los 104 polic\u00edas con los que cuenta Emiliano Zapata hacen de cierto modo imposible la tarea de cubrir 416 kil\u00f3metros cuadrados de territorio con los que cuenta este municipio, que si bien es cierto, el 60 por ciento de su espacio es rural, el desarrollo que tiene desde hace m\u00e1s de [&hellip;]<\/p>\n","protected":false},"author":2,"featured_media":65044,"comment_status":"open","ping_status":"open","sticky":false,"template":"","format":"standard","meta":{"tdm_status":"","tdm_grid_status":"","footnotes":""},"categories":[70],"tags":[469,24194,9712,196,24218,1128,24219,2646,360,24192,195],"class_list":{"0":"post-65043","1":"post","2":"type-post","3":"status-publish","4":"format-standard","5":"has-post-thumbnail","7":"category-de-opinion","8":"tag-emiliano-zapata","9":"tag-emilio-faibre-alvarez","10":"tag-fundacion-colosio","11":"tag-inseguridad","12":"tag-la-pradera","13":"tag-renato-alarcon-guevara","14":"tag-rinconada","15":"tag-salvador-munoz","17":"tag-universidad-euro-hispanoamericana","18":"tag-veracruz"},"yoast_head":"<!-- This site is optimized with the Yoast SEO plugin v27.4 - https:\/\/yoast.com\/product\/yoast-seo-wordpress\/ -->\n<title>Inseguridad en Emiliano Zapata - Los pol\u00edticos Veracruz<\/title>\n<meta name=\"robots\" content=\"index, follow, max-snippet:-1, max-image-preview:large, max-video-preview:-1\" \/>\n<link rel=\"canonical\" href=\"https:\/\/lospoliticosveracruz.com\/?p=65043\" \/>\n<meta property=\"og:locale\" content=\"es_ES\" \/>\n<meta property=\"og:type\" content=\"article\" \/>\n<meta property=\"og:title\" content=\"Inseguridad en Emiliano Zapata - Los pol\u00edticos Veracruz\" \/>\n<meta property=\"og:description\" content=\"Salvador Mu\u00f1oz Los Pol\u00edticos Los 104 polic\u00edas con los que cuenta Emiliano Zapata hacen de cierto modo imposible la tarea de cubrir 416 kil\u00f3metros cuadrados de territorio con los que cuenta este municipio, que si bien es cierto, el 60 por ciento de su espacio es rural, el desarrollo que tiene desde hace m\u00e1s de [&hellip;]\" \/>\n<meta property=\"og:url\" content=\"https:\/\/lospoliticosveracruz.com\/?p=65043\" \/>\n<meta property=\"og:site_name\" content=\"Los pol\u00edticos Veracruz\" \/>\n<meta property=\"article:publisher\" content=\"https:\/\/www.facebook.com\/people\/Notimemes-de-los-Polticos\/61565672886568\/\" \/>\n<meta property=\"article:published_time\" content=\"2020-12-08T01:53:23+00:00\" \/>\n<meta property=\"article:modified_time\" content=\"2020-12-08T13:54:41+00:00\" \/>\n<meta property=\"og:image\" content=\"https:\/\/lospoliticosveracruz.com\/wp-content\/uploads\/2020\/12\/Captura-de-pantalla-2020-12-07-a-las-19.45.34.png\" \/>\n\t<meta property=\"og:image:width\" content=\"1484\" \/>\n\t<meta property=\"og:image:height\" content=\"835\" \/>\n\t<meta property=\"og:image:type\" content=\"image\/png\" \/>\n<meta name=\"author\" content=\"Lo viste en Los Pol\u00edticos\" \/>\n<meta name=\"twitter:card\" content=\"summary_large_image\" \/>\n<meta name=\"twitter:creator\" content=\"@LosPoliticosVer\" \/>\n<meta name=\"twitter:site\" content=\"@LosPoliticosVer\" \/>\n<meta name=\"twitter:label1\" content=\"Escrito por\" \/>\n\t<meta name=\"twitter:data1\" content=\"Lo viste en Los Pol\u00edticos\" \/>\n\t<meta name=\"twitter:label2\" content=\"Tiempo de lectura\" \/>\n\t<meta name=\"twitter:data2\" content=\"3 minutos\" \/>\n<script type=\"application\/ld+json\" class=\"yoast-schema-graph\">{\"@context\":\"https:\\\/\\\/schema.org\",\"@graph\":[{\"@type\":\"Article\",\"@id\":\"https:\\\/\\\/lospoliticosveracruz.com\\\/?p=65043#article\",\"isPartOf\":{\"@id\":\"https:\\\/\\\/lospoliticosveracruz.com\\\/?p=65043\"},\"author\":{\"name\":\"Lo viste en Los Pol\u00edticos\",\"@id\":\"https:\\\/\\\/lospoliticosveracruz.com\\\/#\\\/schema\\\/person\\\/b8702bb0e538456e6efd07080bf2a4a2\"},\"headline\":\"Inseguridad en Emiliano Zapata\",\"datePublished\":\"2020-12-08T01:53:23+00:00\",\"dateModified\":\"2020-12-08T13:54:41+00:00\",\"mainEntityOfPage\":{\"@id\":\"https:\\\/\\\/lospoliticosveracruz.com\\\/?p=65043\"},\"wordCount\":643,\"commentCount\":0,\"publisher\":{\"@id\":\"https:\\\/\\\/lospoliticosveracruz.com\\\/#organization\"},\"image\":{\"@id\":\"https:\\\/\\\/lospoliticosveracruz.com\\\/?p=65043#primaryimage\"},\"thumbnailUrl\":\"https:\\\/\\\/lospoliticosveracruz.com\\\/wp-content\\\/uploads\\\/2020\\\/12\\\/Captura-de-pantalla-2020-12-07-a-las-19.45.34.png\",\"keywords\":[\"Emiliano Zapata\",\"Emilio Faibre \u00c1lvarez\",\"Fundaci\u00f3n Colosio\",\"inseguridad\",\"La Pradera\",\"Renato Alarc\u00f3n Guevara\",\"Rinconada\",\"Salvador Mu\u00f1oz\",\"Seguridad\",\"Universidad Euro Hispanoamericana\",\"Veracruz\"],\"articleSection\":[\"De Opini\u00f3n\"],\"inLanguage\":\"es\",\"potentialAction\":[{\"@type\":\"CommentAction\",\"name\":\"Comment\",\"target\":[\"https:\\\/\\\/lospoliticosveracruz.com\\\/?p=65043#respond\"]}]},{\"@type\":\"WebPage\",\"@id\":\"https:\\\/\\\/lospoliticosveracruz.com\\\/?p=65043\",\"url\":\"https:\\\/\\\/lospoliticosveracruz.com\\\/?p=65043\",\"name\":\"Inseguridad en Emiliano Zapata - Los pol\u00edticos Veracruz\",\"isPartOf\":{\"@id\":\"https:\\\/\\\/lospoliticosveracruz.com\\\/#website\"},\"primaryImageOfPage\":{\"@id\":\"https:\\\/\\\/lospoliticosveracruz.com\\\/?p=65043#primaryimage\"},\"image\":{\"@id\":\"https:\\\/\\\/lospoliticosveracruz.com\\\/?p=65043#primaryimage\"},\"thumbnailUrl\":\"https:\\\/\\\/lospoliticosveracruz.com\\\/wp-content\\\/uploads\\\/2020\\\/12\\\/Captura-de-pantalla-2020-12-07-a-las-19.45.34.png\",\"datePublished\":\"2020-12-08T01:53:23+00:00\",\"dateModified\":\"2020-12-08T13:54:41+00:00\",\"breadcrumb\":{\"@id\":\"https:\\\/\\\/lospoliticosveracruz.com\\\/?p=65043#breadcrumb\"},\"inLanguage\":\"es\",\"potentialAction\":[{\"@type\":\"ReadAction\",\"target\":[\"https:\\\/\\\/lospoliticosveracruz.com\\\/?p=65043\"]}]},{\"@type\":\"ImageObject\",\"inLanguage\":\"es\",\"@id\":\"https:\\\/\\\/lospoliticosveracruz.com\\\/?p=65043#primaryimage\",\"url\":\"https:\\\/\\\/lospoliticosveracruz.com\\\/wp-content\\\/uploads\\\/2020\\\/12\\\/Captura-de-pantalla-2020-12-07-a-las-19.45.34.png\",\"contentUrl\":\"https:\\\/\\\/lospoliticosveracruz.com\\\/wp-content\\\/uploads\\\/2020\\\/12\\\/Captura-de-pantalla-2020-12-07-a-las-19.45.34.png\",\"width\":1484,\"height\":835},{\"@type\":\"BreadcrumbList\",\"@id\":\"https:\\\/\\\/lospoliticosveracruz.com\\\/?p=65043#breadcrumb\",\"itemListElement\":[{\"@type\":\"ListItem\",\"position\":1,\"name\":\"Portada\",\"item\":\"https:\\\/\\\/lospoliticosveracruz.com\\\/\"},{\"@type\":\"ListItem\",\"position\":2,\"name\":\"Inseguridad en Emiliano Zapata\"}]},{\"@type\":\"WebSite\",\"@id\":\"https:\\\/\\\/lospoliticosveracruz.com\\\/#website\",\"url\":\"https:\\\/\\\/lospoliticosveracruz.com\\\/\",\"name\":\"Los pol\u00edticos Veracruz\",\"description\":\"\",\"publisher\":{\"@id\":\"https:\\\/\\\/lospoliticosveracruz.com\\\/#organization\"},\"potentialAction\":[{\"@type\":\"SearchAction\",\"target\":{\"@type\":\"EntryPoint\",\"urlTemplate\":\"https:\\\/\\\/lospoliticosveracruz.com\\\/?s={search_term_string}\"},\"query-input\":{\"@type\":\"PropertyValueSpecification\",\"valueRequired\":true,\"valueName\":\"search_term_string\"}}],\"inLanguage\":\"es\"},{\"@type\":\"Organization\",\"@id\":\"https:\\\/\\\/lospoliticosveracruz.com\\\/#organization\",\"name\":\"Los pol\u00edticos Veracruz\",\"url\":\"https:\\\/\\\/lospoliticosveracruz.com\\\/\",\"logo\":{\"@type\":\"ImageObject\",\"inLanguage\":\"es\",\"@id\":\"https:\\\/\\\/lospoliticosveracruz.com\\\/#\\\/schema\\\/logo\\\/image\\\/\",\"url\":\"https:\\\/\\\/lospoliticosveracruz.com\\\/wp-content\\\/uploads\\\/2025\\\/12\\\/Logo-Nuevo-LOS-POLITICOS-1.jpg\",\"contentUrl\":\"https:\\\/\\\/lospoliticosveracruz.com\\\/wp-content\\\/uploads\\\/2025\\\/12\\\/Logo-Nuevo-LOS-POLITICOS-1.jpg\",\"width\":260,\"height\":70,\"caption\":\"Los pol\u00edticos Veracruz\"},\"image\":{\"@id\":\"https:\\\/\\\/lospoliticosveracruz.com\\\/#\\\/schema\\\/logo\\\/image\\\/\"},\"sameAs\":[\"https:\\\/\\\/www.facebook.com\\\/people\\\/Notimemes-de-los-Polticos\\\/61565672886568\\\/\",\"https:\\\/\\\/x.com\\\/LosPoliticosVer\"]},{\"@type\":\"Person\",\"@id\":\"https:\\\/\\\/lospoliticosveracruz.com\\\/#\\\/schema\\\/person\\\/b8702bb0e538456e6efd07080bf2a4a2\",\"name\":\"Lo viste en Los Pol\u00edticos\",\"image\":{\"@type\":\"ImageObject\",\"inLanguage\":\"es\",\"@id\":\"https:\\\/\\\/secure.gravatar.com\\\/avatar\\\/3a8de04a2656d44082be478bd6c086daa447c4651605818287b9532d3d0bd435?s=96&d=mm&r=g\",\"url\":\"https:\\\/\\\/secure.gravatar.com\\\/avatar\\\/3a8de04a2656d44082be478bd6c086daa447c4651605818287b9532d3d0bd435?s=96&d=mm&r=g\",\"contentUrl\":\"https:\\\/\\\/secure.gravatar.com\\\/avatar\\\/3a8de04a2656d44082be478bd6c086daa447c4651605818287b9532d3d0bd435?s=96&d=mm&r=g\",\"caption\":\"Lo viste en Los Pol\u00edticos\"},\"url\":\"https:\\\/\\\/lospoliticosveracruz.com\\\/?author=2\"}]}<\/script>\n<!-- \/ Yoast SEO plugin. -->","yoast_head_json":{"title":"Inseguridad en Emiliano Zapata - Los pol\u00edticos Veracruz","robots":{"index":"index","follow":"follow","max-snippet":"max-snippet:-1","max-image-preview":"max-image-preview:large","max-video-preview":"max-video-preview:-1"},"canonical":"https:\/\/lospoliticosveracruz.com\/?p=65043","og_locale":"es_ES","og_type":"article","og_title":"Inseguridad en Emiliano Zapata - Los pol\u00edticos Veracruz","og_description":"Salvador Mu\u00f1oz Los Pol\u00edticos Los 104 polic\u00edas con los que cuenta Emiliano Zapata hacen de cierto modo imposible la tarea de cubrir 416 kil\u00f3metros cuadrados de territorio con los que cuenta este municipio, que si bien es cierto, el 60 por ciento de su espacio es rural, el desarrollo que tiene desde hace m\u00e1s de [&hellip;]","og_url":"https:\/\/lospoliticosveracruz.com\/?p=65043","og_site_name":"Los pol\u00edticos Veracruz","article_publisher":"https:\/\/www.facebook.com\/people\/Notimemes-de-los-Polticos\/61565672886568\/","article_published_time":"2020-12-08T01:53:23+00:00","article_modified_time":"2020-12-08T13:54:41+00:00","og_image":[{"width":1484,"height":835,"url":"https:\/\/lospoliticosveracruz.com\/wp-content\/uploads\/2020\/12\/Captura-de-pantalla-2020-12-07-a-las-19.45.34.png","type":"image\/png"}],"author":"Lo viste en Los Pol\u00edticos","twitter_card":"summary_large_image","twitter_creator":"@LosPoliticosVer","twitter_site":"@LosPoliticosVer","twitter_misc":{"Escrito por":"Lo viste en Los Pol\u00edticos","Tiempo de lectura":"3 minutos"},"schema":{"@context":"https:\/\/schema.org","@graph":[{"@type":"Article","@id":"https:\/\/lospoliticosveracruz.com\/?p=65043#article","isPartOf":{"@id":"https:\/\/lospoliticosveracruz.com\/?p=65043"},"author":{"name":"Lo viste en Los Pol\u00edticos","@id":"https:\/\/lospoliticosveracruz.com\/#\/schema\/person\/b8702bb0e538456e6efd07080bf2a4a2"},"headline":"Inseguridad en Emiliano Zapata","datePublished":"2020-12-08T01:53:23+00:00","dateModified":"2020-12-08T13:54:41+00:00","mainEntityOfPage":{"@id":"https:\/\/lospoliticosveracruz.com\/?p=65043"},"wordCount":643,"commentCount":0,"publisher":{"@id":"https:\/\/lospoliticosveracruz.com\/#organization"},"image":{"@id":"https:\/\/lospoliticosveracruz.com\/?p=65043#primaryimage"},"thumbnailUrl":"https:\/\/lospoliticosveracruz.com\/wp-content\/uploads\/2020\/12\/Captura-de-pantalla-2020-12-07-a-las-19.45.34.png","keywords":["Emiliano Zapata","Emilio Faibre \u00c1lvarez","Fundaci\u00f3n Colosio","inseguridad","La Pradera","Renato Alarc\u00f3n Guevara","Rinconada","Salvador Mu\u00f1oz","Seguridad","Universidad Euro Hispanoamericana","Veracruz"],"articleSection":["De Opini\u00f3n"],"inLanguage":"es","potentialAction":[{"@type":"CommentAction","name":"Comment","target":["https:\/\/lospoliticosveracruz.com\/?p=65043#respond"]}]},{"@type":"WebPage","@id":"https:\/\/lospoliticosveracruz.com\/?p=65043","url":"https:\/\/lospoliticosveracruz.com\/?p=65043","name":"Inseguridad en Emiliano Zapata - Los pol\u00edticos Veracruz","isPartOf":{"@id":"https:\/\/lospoliticosveracruz.com\/#website"},"primaryImageOfPage":{"@id":"https:\/\/lospoliticosveracruz.com\/?p=65043#primaryimage"},"image":{"@id":"https:\/\/lospoliticosveracruz.com\/?p=65043#primaryimage"},"thumbnailUrl":"https:\/\/lospoliticosveracruz.com\/wp-content\/uploads\/2020\/12\/Captura-de-pantalla-2020-12-07-a-las-19.45.34.png","datePublished":"2020-12-08T01:53:23+00:00","dateModified":"2020-12-08T13:54:41+00:00","breadcrumb":{"@id":"https:\/\/lospoliticosveracruz.com\/?p=65043#breadcrumb"},"inLanguage":"es","potentialAction":[{"@type":"ReadAction","target":["https:\/\/lospoliticosveracruz.com\/?p=65043"]}]},{"@type":"ImageObject","inLanguage":"es","@id":"https:\/\/lospoliticosveracruz.com\/?p=65043#primaryimage","url":"https:\/\/lospoliticosveracruz.com\/wp-content\/uploads\/2020\/12\/Captura-de-pantalla-2020-12-07-a-las-19.45.34.png","contentUrl":"https:\/\/lospoliticosveracruz.com\/wp-content\/uploads\/2020\/12\/Captura-de-pantalla-2020-12-07-a-las-19.45.34.png","width":1484,"height":835},{"@type":"BreadcrumbList","@id":"https:\/\/lospoliticosveracruz.com\/?p=65043#breadcrumb","itemListElement":[{"@type":"ListItem","position":1,"name":"Portada","item":"https:\/\/lospoliticosveracruz.com\/"},{"@type":"ListItem","position":2,"name":"Inseguridad en Emiliano Zapata"}]},{"@type":"WebSite","@id":"https:\/\/lospoliticosveracruz.com\/#website","url":"https:\/\/lospoliticosveracruz.com\/","name":"Los pol\u00edticos Veracruz","description":"","publisher":{"@id":"https:\/\/lospoliticosveracruz.com\/#organization"},"potentialAction":[{"@type":"SearchAction","target":{"@type":"EntryPoint","urlTemplate":"https:\/\/lospoliticosveracruz.com\/?s={search_term_string}"},"query-input":{"@type":"PropertyValueSpecification","valueRequired":true,"valueName":"search_term_string"}}],"inLanguage":"es"},{"@type":"Organization","@id":"https:\/\/lospoliticosveracruz.com\/#organization","name":"Los pol\u00edticos Veracruz","url":"https:\/\/lospoliticosveracruz.com\/","logo":{"@type":"ImageObject","inLanguage":"es","@id":"https:\/\/lospoliticosveracruz.com\/#\/schema\/logo\/image\/","url":"https:\/\/lospoliticosveracruz.com\/wp-content\/uploads\/2025\/12\/Logo-Nuevo-LOS-POLITICOS-1.jpg","contentUrl":"https:\/\/lospoliticosveracruz.com\/wp-content\/uploads\/2025\/12\/Logo-Nuevo-LOS-POLITICOS-1.jpg","width":260,"height":70,"caption":"Los pol\u00edticos Veracruz"},"image":{"@id":"https:\/\/lospoliticosveracruz.com\/#\/schema\/logo\/image\/"},"sameAs":["https:\/\/www.facebook.com\/people\/Notimemes-de-los-Polticos\/61565672886568\/","https:\/\/x.com\/LosPoliticosVer"]},{"@type":"Person","@id":"https:\/\/lospoliticosveracruz.com\/#\/schema\/person\/b8702bb0e538456e6efd07080bf2a4a2","name":"Lo viste en Los Pol\u00edticos","image":{"@type":"ImageObject","inLanguage":"es","@id":"https:\/\/secure.gravatar.com\/avatar\/3a8de04a2656d44082be478bd6c086daa447c4651605818287b9532d3d0bd435?s=96&d=mm&r=g","url":"https:\/\/secure.gravatar.com\/avatar\/3a8de04a2656d44082be478bd6c086daa447c4651605818287b9532d3d0bd435?s=96&d=mm&r=g","contentUrl":"https:\/\/secure.gravatar.com\/avatar\/3a8de04a2656d44082be478bd6c086daa447c4651605818287b9532d3d0bd435?s=96&d=mm&r=g","caption":"Lo viste en Los Pol\u00edticos"},"url":"https:\/\/lospoliticosveracruz.com\/?author=2"}]}},"_links":{"self":[{"href":"https:\/\/lospoliticosveracruz.com\/index.php?rest_route=\/wp\/v2\/posts\/65043","targetHints":{"allow":["GET"]}}],"collection":[{"href":"https:\/\/lospoliticosveracruz.com\/index.php?rest_route=\/wp\/v2\/posts"}],"about":[{"href":"https:\/\/lospoliticosveracruz.com\/index.php?rest_route=\/wp\/v2\/types\/post"}],"author":[{"embeddable":true,"href":"https:\/\/lospoliticosveracruz.com\/index.php?rest_route=\/wp\/v2\/users\/2"}],"replies":[{"embeddable":true,"href":"https:\/\/lospoliticosveracruz.com\/index.php?rest_route=%2Fwp%2Fv2%2Fcomments&post=65043"}],"version-history":[{"count":2,"href":"https:\/\/lospoliticosveracruz.com\/index.php?rest_route=\/wp\/v2\/posts\/65043\/revisions"}],"predecessor-version":[{"id":65055,"href":"https:\/\/lospoliticosveracruz.com\/index.php?rest_route=\/wp\/v2\/posts\/65043\/revisions\/65055"}],"wp:featuredmedia":[{"embeddable":true,"href":"https:\/\/lospoliticosveracruz.com\/index.php?rest_route=\/wp\/v2\/media\/65044"}],"wp:attachment":[{"href":"https:\/\/lospoliticosveracruz.com\/index.php?rest_route=%2Fwp%2Fv2%2Fmedia&parent=65043"}],"wp:term":[{"taxonomy":"category","embeddable":true,"href":"https:\/\/lospoliticosveracruz.com\/index.php?rest_route=%2Fwp%2Fv2%2Fcategories&post=65043"},{"taxonomy":"post_tag","embeddable":true,"href":"https:\/\/lospoliticosveracruz.com\/index.php?rest_route=%2Fwp%2Fv2%2Ftags&post=65043"}],"curies":[{"name":"wp","href":"https:\/\/api.w.org\/{rel}","templated":true}]}}