{"id":65068,"date":"2020-12-08T10:48:48","date_gmt":"2020-12-08T16:48:48","guid":{"rendered":"http:\/\/www.lospoliticosveracruz.com.mx\/?p=65068"},"modified":"2020-12-08T10:48:48","modified_gmt":"2020-12-08T16:48:48","slug":"crecen-enfermos-y-victimas-de-la-inseguridad","status":"publish","type":"post","link":"https:\/\/lospoliticosveracruz.com\/?p=65068","title":{"rendered":"Crecen enfermos y v\u00edctimas de la inseguridad"},"content":{"rendered":"<p><strong>Rafael Arias Hern\u00e1ndez<\/strong><\/p>\n<p>Muy nuestro, muy  \u00aba la mexicana\u00bb, evadir la realidad real. En buena medida, eso explica que estemos como estamos; que la historia se repita y complique; y que, limitaciones y sacrificios se intensifiquen y aumenten. \u00bfHasta cu\u00e1ndo? \u00bfQu\u00e9 hacer?<br \/>\nSe afirma, que tan solo en este a\u00f1o en M\u00e9xico se incrementa pobreza extrema en m\u00e1s de 11 millones de personas.<br \/>\nExpertos y estudiosos, como Gerardo Traslosheros, representante del Cap\u00edtulo Mexicano del Consejo de Cooperaci\u00f3n Econ\u00f3mica del Pac\u00edfico (PECC-M\u00e9xico), sostienen que estamos ante serias y crecientes posibilidades de colapsos mayores, en lo econ\u00f3mico, lo pol\u00edtico y lo social. INEGI, CONEVAL, FMI, y m\u00e1s abundan al respecto.<br \/>\nEn pocas palabras, seg\u00fan Traslosheros,  \u00abLa econom\u00eda no debe estar por encima de la salud, pero tampoco la salud por encima de la econom\u00eda\u2026\u00bb<br \/>\n\u00abAbrir la econom\u00eda sin controlar la pandemia podr\u00eda traer mayores costos econ\u00f3micos futuros\u2026 Tan s\u00f3lo en M\u00e9xico m\u00e1s del 50 por ciento de la poblaci\u00f3n trabaja en la informalidad\u2026estas personas viven al d\u00eda, por lo que no es realista pedirles que se queden en casa, a menos que haya un s\u00f3lido programa de transferencias de ingresos que s\u00f3lo existe con motivos partidistas o clientelares\u2026\u00bb (Universo. Sistema de noticias de la UV.041220)<br \/>\nInteresante y oportuna nota de Claudia Peralta V\u00e1zquez, publicada en Universo y reproducida por Bikkie Parker.<br \/>\n<a href=\"https:\/\/billieparkernoticias.com\/pobreza-extrema-en-mexico-podria-aumentar-en-casi-11-millones-de-personas\/\"><strong>https:\/\/billieparkernoticias.com\/pobreza-extrema-en-mexico-podria-aumentar-en-casi-11-millones-de-personas\/<\/strong><\/a><br \/>\nM\u00e1s v\u00edctimas y sacrificados, por falta de servicios gubernamentales de salud, seguridad y bienestar. Ah\u00ed s\u00ed, \u00abprimero los pobres\u00bb.<br \/>\nLamentable que demasiados gobiernos persisten e insisten en seguir en otra realidad, en refugiarse en universos paralelos, donde muestran no solo su incapacidad y corrupci\u00f3n, que les caracteriza y afecta, sino tambi\u00e9n hacen evidente su desconocimiento, estulticia y perversidad. Ciertamente la ignorancia en el poder es madre de demasiados vicios y causante de mayores sacrificios y desgracias.<br \/>\nY hay que insistir. Econom\u00eda y finanzas p\u00fablicas no entendidas y mal atendidas. Gobiernos ineficientes y debilitados. Salud, Seguridad, Educaci\u00f3n, Administraci\u00f3n y Procuraci\u00f3n de Justicia, y otros sectores gubernamentales con apoyos insuficientes y funcionamiento cuestionado. El colmo es ciudadan\u00eda y sociedad ausentes, desinteresadas y resignadas.<br \/>\nAs\u00ed. Nada raro que los responsables de atender necesidades y problemas sociales prioritarios, no cumplan y solo sobrevivan de los recursos p\u00fablicos: incluso, que usen y abusen de atribuciones institucionales y del presupuesto.<br \/>\nSobresale y llama la atenci\u00f3n, que no estamos donde debemos estar, ni enfrentamos el presente, con la objetividad, responsabilidad y  seriedad que exige; las consecuencias, tarde o temprano se hacen sentir. Eso explica tambi\u00e9n que quienes gobiernan habiten en otros planetas; hablen en otros tiempos o desde otros lugares; y que sus onanistas mensajes, est\u00e9n repletos de fantas\u00edas, simulaciones y hasta de buenas intenciones.<br \/>\nUno de los m\u00e1s grandes problemas, que padecemos y padeceremos por m\u00e1s tiempo es, en esencia,  simple y sencillo y, a la vez, al mismo tiempo,  dif\u00edcil y complejo: el problema es que no enfrentamos la nueva realidad, la negamos, ignoramos o rehuimos; con frecuencia, simulamos, o nos llenamos de excusas y pretextos, deformidades y conformidades, para seguir en m\u00e1s de lo mismo ante m\u00faltiples situaciones y condiciones que han cambiado.<br \/>\nSe sabe, lo importante que es basarse en los hechos y apreciar el valor de la verdad, de reconocer lo real, lo que trastorna y afecta; ya que esto facilita o permite,  encontrar, conocer y analizar, causas y or\u00edgenes, alternativas y soluciones. Y tambi\u00e9n se sabe, porque afectan y se padecen, la presencia e influencia de tanta mentira, fantas\u00eda y evasi\u00f3n, tanta distracci\u00f3n, manipulaci\u00f3n y simulaci\u00f3n, solo complican y multiplican los problemas.<br \/>\nEl lenguaje escapista, evasivo y simulador tambi\u00e9n es parte del problema actual. Sobre todo, cuando  proviene, repite y se hace costumbre  de los gobiernos encargados de enfrentar y resolver, estos y muchos otros problemas. Simplemente tambi\u00e9n se convierten en obst\u00e1culo que superar y en problema que resolver.<br \/>\nEn los hechos. Se vuelve normal, o de costumbre, comprobar que muchos seres humanos son desatendidos, abandonados y sacrificados, convirti\u00e9ndose en estad\u00edsticas o porcentajes, \u00fatiles y aprovechables para el discurso oficial. Olvidan o minimizan sus obligaciones y no entienden que se requieren soluciones, no evasiones ni simulaciones.<\/p>\n<p>Luego entonces algunas de las preguntas centrales, es saber, \u00bfcu\u00e1l es el tama\u00f1o del da\u00f1o? \u00bfCu\u00e1les, los diferentes impactos, en los contextos municipales, regionales, estatales y nacionales? \u00bfSe han determinado prioridades, metas y objeticos, y programas y acciones? &#8216;Se tiene idea de los problemas reales y actuales?<br \/>\nEl impacto econ\u00f3mico de la expansi\u00f3n global del coronavirus, se vino a sumar a otras crisis econ\u00f3micas que se vienen padeciendo y arrastrando, desde hace d\u00e9cadas. Las fallas, debilidades y atrocidades del sistema econ\u00f3mico predominante, no son nuevas, pero si acrecentadas, complicadas e intensificadas.<br \/>\nDe ah\u00ed, que en todo caso, se debe tener al d\u00eda el conocimiento de las situaciones, condiciones y afectaciones: para, de inmediato, buscar y encontrar las posibles soluciones, para canalizar apoyos y asistencia financiera, a las diferentes unidades econ\u00f3micas afectadas.<br \/>\nRepetir y repetir, que se debe inducir  asistencia y apoyo tanto a empresas, como a trabajadores y ciudadanos en general; ampliar la cobertura por desempleo y persistencia de la informalidad; apoyar garant\u00edas de cr\u00e9ditos y apoyos para peque\u00f1os negocios, e incluso seg\u00fan el caso, en aplazamientos y facilidades de  pagos de impuestos; y, desde luego, apoyar y fortalecer sectores gubernamentales prioritarios (salud, seguridad, econom\u00eda y finanzas, educaci\u00f3n, etc).<br \/>\nPor lo pronto, vale la pena retomar el esfuerzo de conocernos y saber qui\u00e9nes somos. Identificar fortalezas y debilidades, virtudes y defectos. \u00bfQu\u00e9 nos define y caracteriza? \u00bfQu\u00e9 es lo mexicano?<br \/>\nRetomo la provocadora contribuci\u00f3n del reconocido analista y promotor social Jorge Flores Mart\u00ednez, quien  al respecto ha dicho:<br \/>\n\u00ab\u2026 vamos a aplicar todas las pol\u00edticas que sean necesarias, vamos a implementar lo que se requiera para salir de nuestro desesperante atraso y pobreza, pero con una \u00fanica condici\u00f3n, que siempre lo haremos a la mexicana\u2026Despu\u00e9s de tanto tiempo no hemos ca\u00eddo en cuenta que hacer todo a la mexicana siempre dar\u00e1 resultados a la mexicana\u2026\u00bb<br \/>\nRegresaremos al tema.<\/p>\n<p>-Academico.IIESESUV @RafaelAriasH,Facebook:VeracruzHoydeRafaelAriasH<\/p>\n","protected":false},"excerpt":{"rendered":"<p>Rafael Arias Hern\u00e1ndez Muy nuestro, muy \u00aba la mexicana\u00bb, evadir la realidad real. En buena medida, eso explica que estemos como estamos; que la historia se repita y complique; y que, limitaciones y sacrificios se intensifiquen y aumenten. \u00bfHasta cu\u00e1ndo? \u00bfQu\u00e9 hacer? Se afirma, que tan solo en este a\u00f1o en M\u00e9xico se incrementa pobreza [&hellip;]<\/p>\n","protected":false},"author":2,"featured_media":0,"comment_status":"open","ping_status":"open","sticky":false,"template":"","format":"standard","meta":{"tdm_status":"","tdm_grid_status":"","footnotes":""},"categories":[70],"tags":[1824,2228,13209,18968,24229,178,734,97],"class_list":{"0":"post-65068","1":"post","2":"type-post","3":"status-publish","4":"format-standard","6":"category-de-opinion","7":"tag-coneval","8":"tag-economia","9":"tag-finanzas-publicas","10":"tag-fmi","11":"tag-impacto-economico","12":"tag-inegi","13":"tag-informalidad","14":"tag-pobreza"},"yoast_head":"<!-- This site is optimized with the Yoast SEO plugin v27.4 - https:\/\/yoast.com\/product\/yoast-seo-wordpress\/ -->\n<title>Crecen enfermos y v\u00edctimas de la inseguridad - Los pol\u00edticos Veracruz<\/title>\n<meta name=\"robots\" content=\"index, follow, max-snippet:-1, max-image-preview:large, max-video-preview:-1\" \/>\n<link rel=\"canonical\" href=\"https:\/\/lospoliticosveracruz.com\/?p=65068\" \/>\n<meta property=\"og:locale\" content=\"es_ES\" \/>\n<meta property=\"og:type\" content=\"article\" \/>\n<meta property=\"og:title\" content=\"Crecen enfermos y v\u00edctimas de la inseguridad - Los pol\u00edticos Veracruz\" \/>\n<meta property=\"og:description\" content=\"Rafael Arias Hern\u00e1ndez Muy nuestro, muy \u00aba la mexicana\u00bb, evadir la realidad real. En buena medida, eso explica que estemos como estamos; que la historia se repita y complique; y que, limitaciones y sacrificios se intensifiquen y aumenten. \u00bfHasta cu\u00e1ndo? \u00bfQu\u00e9 hacer? Se afirma, que tan solo en este a\u00f1o en M\u00e9xico se incrementa pobreza [&hellip;]\" \/>\n<meta property=\"og:url\" content=\"https:\/\/lospoliticosveracruz.com\/?p=65068\" \/>\n<meta property=\"og:site_name\" content=\"Los pol\u00edticos Veracruz\" \/>\n<meta property=\"article:publisher\" content=\"https:\/\/www.facebook.com\/people\/Notimemes-de-los-Polticos\/61565672886568\/\" \/>\n<meta property=\"article:published_time\" content=\"2020-12-08T16:48:48+00:00\" \/>\n<meta property=\"og:image\" content=\"https:\/\/lospoliticosveracruz.com\/wp-content\/uploads\/2016\/07\/Logo-Dor.jpg\" \/>\n\t<meta property=\"og:image:width\" content=\"200\" \/>\n\t<meta property=\"og:image:height\" content=\"200\" \/>\n\t<meta property=\"og:image:type\" content=\"image\/jpeg\" \/>\n<meta name=\"author\" content=\"Lo viste en Los Pol\u00edticos\" \/>\n<meta name=\"twitter:card\" content=\"summary_large_image\" \/>\n<meta name=\"twitter:creator\" content=\"@LosPoliticosVer\" \/>\n<meta name=\"twitter:site\" content=\"@LosPoliticosVer\" \/>\n<meta name=\"twitter:label1\" content=\"Escrito por\" \/>\n\t<meta name=\"twitter:data1\" content=\"Lo viste en Los Pol\u00edticos\" \/>\n\t<meta name=\"twitter:label2\" content=\"Tiempo de lectura\" \/>\n\t<meta name=\"twitter:data2\" content=\"5 minutos\" \/>\n<script type=\"application\/ld+json\" class=\"yoast-schema-graph\">{\"@context\":\"https:\\\/\\\/schema.org\",\"@graph\":[{\"@type\":\"Article\",\"@id\":\"https:\\\/\\\/lospoliticosveracruz.com\\\/?p=65068#article\",\"isPartOf\":{\"@id\":\"https:\\\/\\\/lospoliticosveracruz.com\\\/?p=65068\"},\"author\":{\"name\":\"Lo viste en Los Pol\u00edticos\",\"@id\":\"https:\\\/\\\/lospoliticosveracruz.com\\\/#\\\/schema\\\/person\\\/b8702bb0e538456e6efd07080bf2a4a2\"},\"headline\":\"Crecen enfermos y v\u00edctimas de la inseguridad\",\"datePublished\":\"2020-12-08T16:48:48+00:00\",\"mainEntityOfPage\":{\"@id\":\"https:\\\/\\\/lospoliticosveracruz.com\\\/?p=65068\"},\"wordCount\":1082,\"commentCount\":0,\"publisher\":{\"@id\":\"https:\\\/\\\/lospoliticosveracruz.com\\\/#organization\"},\"keywords\":[\"Coneval\",\"Econom\u00eda\",\"Finanzas P\u00fablicas\",\"FMI\",\"impacto econ\u00f3mico\",\"Inegi\",\"informalidad\",\"pobreza\"],\"articleSection\":[\"De Opini\u00f3n\"],\"inLanguage\":\"es\",\"potentialAction\":[{\"@type\":\"CommentAction\",\"name\":\"Comment\",\"target\":[\"https:\\\/\\\/lospoliticosveracruz.com\\\/?p=65068#respond\"]}]},{\"@type\":\"WebPage\",\"@id\":\"https:\\\/\\\/lospoliticosveracruz.com\\\/?p=65068\",\"url\":\"https:\\\/\\\/lospoliticosveracruz.com\\\/?p=65068\",\"name\":\"Crecen enfermos y v\u00edctimas de la inseguridad - Los pol\u00edticos Veracruz\",\"isPartOf\":{\"@id\":\"https:\\\/\\\/lospoliticosveracruz.com\\\/#website\"},\"datePublished\":\"2020-12-08T16:48:48+00:00\",\"breadcrumb\":{\"@id\":\"https:\\\/\\\/lospoliticosveracruz.com\\\/?p=65068#breadcrumb\"},\"inLanguage\":\"es\",\"potentialAction\":[{\"@type\":\"ReadAction\",\"target\":[\"https:\\\/\\\/lospoliticosveracruz.com\\\/?p=65068\"]}]},{\"@type\":\"BreadcrumbList\",\"@id\":\"https:\\\/\\\/lospoliticosveracruz.com\\\/?p=65068#breadcrumb\",\"itemListElement\":[{\"@type\":\"ListItem\",\"position\":1,\"name\":\"Portada\",\"item\":\"https:\\\/\\\/lospoliticosveracruz.com\\\/\"},{\"@type\":\"ListItem\",\"position\":2,\"name\":\"Crecen enfermos y v\u00edctimas de la inseguridad\"}]},{\"@type\":\"WebSite\",\"@id\":\"https:\\\/\\\/lospoliticosveracruz.com\\\/#website\",\"url\":\"https:\\\/\\\/lospoliticosveracruz.com\\\/\",\"name\":\"Los pol\u00edticos Veracruz\",\"description\":\"\",\"publisher\":{\"@id\":\"https:\\\/\\\/lospoliticosveracruz.com\\\/#organization\"},\"potentialAction\":[{\"@type\":\"SearchAction\",\"target\":{\"@type\":\"EntryPoint\",\"urlTemplate\":\"https:\\\/\\\/lospoliticosveracruz.com\\\/?s={search_term_string}\"},\"query-input\":{\"@type\":\"PropertyValueSpecification\",\"valueRequired\":true,\"valueName\":\"search_term_string\"}}],\"inLanguage\":\"es\"},{\"@type\":\"Organization\",\"@id\":\"https:\\\/\\\/lospoliticosveracruz.com\\\/#organization\",\"name\":\"Los pol\u00edticos Veracruz\",\"url\":\"https:\\\/\\\/lospoliticosveracruz.com\\\/\",\"logo\":{\"@type\":\"ImageObject\",\"inLanguage\":\"es\",\"@id\":\"https:\\\/\\\/lospoliticosveracruz.com\\\/#\\\/schema\\\/logo\\\/image\\\/\",\"url\":\"https:\\\/\\\/lospoliticosveracruz.com\\\/wp-content\\\/uploads\\\/2025\\\/12\\\/Logo-Nuevo-LOS-POLITICOS-1.jpg\",\"contentUrl\":\"https:\\\/\\\/lospoliticosveracruz.com\\\/wp-content\\\/uploads\\\/2025\\\/12\\\/Logo-Nuevo-LOS-POLITICOS-1.jpg\",\"width\":260,\"height\":70,\"caption\":\"Los pol\u00edticos Veracruz\"},\"image\":{\"@id\":\"https:\\\/\\\/lospoliticosveracruz.com\\\/#\\\/schema\\\/logo\\\/image\\\/\"},\"sameAs\":[\"https:\\\/\\\/www.facebook.com\\\/people\\\/Notimemes-de-los-Polticos\\\/61565672886568\\\/\",\"https:\\\/\\\/x.com\\\/LosPoliticosVer\"]},{\"@type\":\"Person\",\"@id\":\"https:\\\/\\\/lospoliticosveracruz.com\\\/#\\\/schema\\\/person\\\/b8702bb0e538456e6efd07080bf2a4a2\",\"name\":\"Lo viste en Los Pol\u00edticos\",\"image\":{\"@type\":\"ImageObject\",\"inLanguage\":\"es\",\"@id\":\"https:\\\/\\\/secure.gravatar.com\\\/avatar\\\/3a8de04a2656d44082be478bd6c086daa447c4651605818287b9532d3d0bd435?s=96&d=mm&r=g\",\"url\":\"https:\\\/\\\/secure.gravatar.com\\\/avatar\\\/3a8de04a2656d44082be478bd6c086daa447c4651605818287b9532d3d0bd435?s=96&d=mm&r=g\",\"contentUrl\":\"https:\\\/\\\/secure.gravatar.com\\\/avatar\\\/3a8de04a2656d44082be478bd6c086daa447c4651605818287b9532d3d0bd435?s=96&d=mm&r=g\",\"caption\":\"Lo viste en Los Pol\u00edticos\"},\"url\":\"https:\\\/\\\/lospoliticosveracruz.com\\\/?author=2\"}]}<\/script>\n<!-- \/ Yoast SEO plugin. -->","yoast_head_json":{"title":"Crecen enfermos y v\u00edctimas de la inseguridad - Los pol\u00edticos Veracruz","robots":{"index":"index","follow":"follow","max-snippet":"max-snippet:-1","max-image-preview":"max-image-preview:large","max-video-preview":"max-video-preview:-1"},"canonical":"https:\/\/lospoliticosveracruz.com\/?p=65068","og_locale":"es_ES","og_type":"article","og_title":"Crecen enfermos y v\u00edctimas de la inseguridad - Los pol\u00edticos Veracruz","og_description":"Rafael Arias Hern\u00e1ndez Muy nuestro, muy \u00aba la mexicana\u00bb, evadir la realidad real. En buena medida, eso explica que estemos como estamos; que la historia se repita y complique; y que, limitaciones y sacrificios se intensifiquen y aumenten. \u00bfHasta cu\u00e1ndo? \u00bfQu\u00e9 hacer? Se afirma, que tan solo en este a\u00f1o en M\u00e9xico se incrementa pobreza [&hellip;]","og_url":"https:\/\/lospoliticosveracruz.com\/?p=65068","og_site_name":"Los pol\u00edticos Veracruz","article_publisher":"https:\/\/www.facebook.com\/people\/Notimemes-de-los-Polticos\/61565672886568\/","article_published_time":"2020-12-08T16:48:48+00:00","og_image":[{"width":200,"height":200,"url":"https:\/\/lospoliticosveracruz.com\/wp-content\/uploads\/2016\/07\/Logo-Dor.jpg","type":"image\/jpeg"}],"author":"Lo viste en Los Pol\u00edticos","twitter_card":"summary_large_image","twitter_creator":"@LosPoliticosVer","twitter_site":"@LosPoliticosVer","twitter_misc":{"Escrito por":"Lo viste en Los Pol\u00edticos","Tiempo de lectura":"5 minutos"},"schema":{"@context":"https:\/\/schema.org","@graph":[{"@type":"Article","@id":"https:\/\/lospoliticosveracruz.com\/?p=65068#article","isPartOf":{"@id":"https:\/\/lospoliticosveracruz.com\/?p=65068"},"author":{"name":"Lo viste en Los Pol\u00edticos","@id":"https:\/\/lospoliticosveracruz.com\/#\/schema\/person\/b8702bb0e538456e6efd07080bf2a4a2"},"headline":"Crecen enfermos y v\u00edctimas de la inseguridad","datePublished":"2020-12-08T16:48:48+00:00","mainEntityOfPage":{"@id":"https:\/\/lospoliticosveracruz.com\/?p=65068"},"wordCount":1082,"commentCount":0,"publisher":{"@id":"https:\/\/lospoliticosveracruz.com\/#organization"},"keywords":["Coneval","Econom\u00eda","Finanzas P\u00fablicas","FMI","impacto econ\u00f3mico","Inegi","informalidad","pobreza"],"articleSection":["De Opini\u00f3n"],"inLanguage":"es","potentialAction":[{"@type":"CommentAction","name":"Comment","target":["https:\/\/lospoliticosveracruz.com\/?p=65068#respond"]}]},{"@type":"WebPage","@id":"https:\/\/lospoliticosveracruz.com\/?p=65068","url":"https:\/\/lospoliticosveracruz.com\/?p=65068","name":"Crecen enfermos y v\u00edctimas de la inseguridad - Los pol\u00edticos Veracruz","isPartOf":{"@id":"https:\/\/lospoliticosveracruz.com\/#website"},"datePublished":"2020-12-08T16:48:48+00:00","breadcrumb":{"@id":"https:\/\/lospoliticosveracruz.com\/?p=65068#breadcrumb"},"inLanguage":"es","potentialAction":[{"@type":"ReadAction","target":["https:\/\/lospoliticosveracruz.com\/?p=65068"]}]},{"@type":"BreadcrumbList","@id":"https:\/\/lospoliticosveracruz.com\/?p=65068#breadcrumb","itemListElement":[{"@type":"ListItem","position":1,"name":"Portada","item":"https:\/\/lospoliticosveracruz.com\/"},{"@type":"ListItem","position":2,"name":"Crecen enfermos y v\u00edctimas de la inseguridad"}]},{"@type":"WebSite","@id":"https:\/\/lospoliticosveracruz.com\/#website","url":"https:\/\/lospoliticosveracruz.com\/","name":"Los pol\u00edticos Veracruz","description":"","publisher":{"@id":"https:\/\/lospoliticosveracruz.com\/#organization"},"potentialAction":[{"@type":"SearchAction","target":{"@type":"EntryPoint","urlTemplate":"https:\/\/lospoliticosveracruz.com\/?s={search_term_string}"},"query-input":{"@type":"PropertyValueSpecification","valueRequired":true,"valueName":"search_term_string"}}],"inLanguage":"es"},{"@type":"Organization","@id":"https:\/\/lospoliticosveracruz.com\/#organization","name":"Los pol\u00edticos Veracruz","url":"https:\/\/lospoliticosveracruz.com\/","logo":{"@type":"ImageObject","inLanguage":"es","@id":"https:\/\/lospoliticosveracruz.com\/#\/schema\/logo\/image\/","url":"https:\/\/lospoliticosveracruz.com\/wp-content\/uploads\/2025\/12\/Logo-Nuevo-LOS-POLITICOS-1.jpg","contentUrl":"https:\/\/lospoliticosveracruz.com\/wp-content\/uploads\/2025\/12\/Logo-Nuevo-LOS-POLITICOS-1.jpg","width":260,"height":70,"caption":"Los pol\u00edticos Veracruz"},"image":{"@id":"https:\/\/lospoliticosveracruz.com\/#\/schema\/logo\/image\/"},"sameAs":["https:\/\/www.facebook.com\/people\/Notimemes-de-los-Polticos\/61565672886568\/","https:\/\/x.com\/LosPoliticosVer"]},{"@type":"Person","@id":"https:\/\/lospoliticosveracruz.com\/#\/schema\/person\/b8702bb0e538456e6efd07080bf2a4a2","name":"Lo viste en Los Pol\u00edticos","image":{"@type":"ImageObject","inLanguage":"es","@id":"https:\/\/secure.gravatar.com\/avatar\/3a8de04a2656d44082be478bd6c086daa447c4651605818287b9532d3d0bd435?s=96&d=mm&r=g","url":"https:\/\/secure.gravatar.com\/avatar\/3a8de04a2656d44082be478bd6c086daa447c4651605818287b9532d3d0bd435?s=96&d=mm&r=g","contentUrl":"https:\/\/secure.gravatar.com\/avatar\/3a8de04a2656d44082be478bd6c086daa447c4651605818287b9532d3d0bd435?s=96&d=mm&r=g","caption":"Lo viste en Los Pol\u00edticos"},"url":"https:\/\/lospoliticosveracruz.com\/?author=2"}]}},"_links":{"self":[{"href":"https:\/\/lospoliticosveracruz.com\/index.php?rest_route=\/wp\/v2\/posts\/65068","targetHints":{"allow":["GET"]}}],"collection":[{"href":"https:\/\/lospoliticosveracruz.com\/index.php?rest_route=\/wp\/v2\/posts"}],"about":[{"href":"https:\/\/lospoliticosveracruz.com\/index.php?rest_route=\/wp\/v2\/types\/post"}],"author":[{"embeddable":true,"href":"https:\/\/lospoliticosveracruz.com\/index.php?rest_route=\/wp\/v2\/users\/2"}],"replies":[{"embeddable":true,"href":"https:\/\/lospoliticosveracruz.com\/index.php?rest_route=%2Fwp%2Fv2%2Fcomments&post=65068"}],"version-history":[{"count":1,"href":"https:\/\/lospoliticosveracruz.com\/index.php?rest_route=\/wp\/v2\/posts\/65068\/revisions"}],"predecessor-version":[{"id":65069,"href":"https:\/\/lospoliticosveracruz.com\/index.php?rest_route=\/wp\/v2\/posts\/65068\/revisions\/65069"}],"wp:attachment":[{"href":"https:\/\/lospoliticosveracruz.com\/index.php?rest_route=%2Fwp%2Fv2%2Fmedia&parent=65068"}],"wp:term":[{"taxonomy":"category","embeddable":true,"href":"https:\/\/lospoliticosveracruz.com\/index.php?rest_route=%2Fwp%2Fv2%2Fcategories&post=65068"},{"taxonomy":"post_tag","embeddable":true,"href":"https:\/\/lospoliticosveracruz.com\/index.php?rest_route=%2Fwp%2Fv2%2Ftags&post=65068"}],"curies":[{"name":"wp","href":"https:\/\/api.w.org\/{rel}","templated":true}]}}