{"id":65092,"date":"2020-12-08T18:19:08","date_gmt":"2020-12-09T00:19:08","guid":{"rendered":"http:\/\/www.lospoliticosveracruz.com.mx\/?p=65092"},"modified":"2020-12-09T08:08:18","modified_gmt":"2020-12-09T14:08:18","slug":"soto-y-su-pandilla","status":"publish","type":"post","link":"https:\/\/lospoliticosveracruz.com\/?p=65092","title":{"rendered":"Soto y su pandilla"},"content":{"rendered":"<p><strong>Salvador Mu\u00f1oz<\/strong><\/p>\n<p><em>Los Pol\u00edticos<\/em><\/p>\n<p><span style=\"font-weight: 400;\">Aun cuando el alcalde de Coatepec, Enrique Fern\u00e1ndez Peredo, ha dicho que \u201cno\u201d, en el escenario de lo que en la regi\u00f3n cafetalera conocen como Soto y su Pandilla, el edil est\u00e1 contemplado como aspirante a la diputaci\u00f3n local por el PAN, mientras que el posible candidato a la alcald\u00eda ser\u00eda Manolo S\u00e1nchez Mart\u00ednez, quien ya ha ocupado tal cargo as\u00ed como el de legislador local, con un paso gris en ambos cargos\u2026 la curul federal ser\u00eda para Everardo Soto Matla\u2026 insisto: esto, en el escenario de los seguidores de Soto y su Pandilla\u2026 sin tomar en cuenta la alianza\u2026 ni al partido\u2026 ni el g\u00e9nero.<\/span><\/p>\n<p><a href=\"https:\/\/www.facebook.com\/notaria61veracruz\/\"><img decoding=\"async\" src=\"http:\/\/www.lospoliticosveracruz.com.mx\/wp-content\/uploads\/2020\/07\/CINTILLO-Armando.jpg\" alt=\"\" \/><\/a><\/p>\n<p><span style=\"font-weight: 400;\">Para la regi\u00f3n, no escapa el cacicazgo pol\u00edtico que ha conformado Everardo Soto Matla desde Ixhuac\u00e1n de los Reyes (donde gobern\u00f3) pasando por Cosautl\u00e1n de Carvajal donde actualmente manda su esposa Alicia Valdivia Vargas, hasta acabar en Coatepec, donde su ex empleado, Enrique Fern\u00e1ndez, es el alcalde.<\/span><\/p>\n<p><span style=\"font-weight: 400;\">Lo interesante de Everardo es el teje y maneje que, muy aparte de la tr\u00edada que proyecta como propuesta en el PAN para este 2021, est\u00e1 la que busca ramificar en los tres municipios citados, con el mismo color azul, y su incursi\u00f3n o filtraci\u00f3n en el naranja\u2026<\/span><\/p>\n<p><span style=\"font-weight: 400;\">En Ixhuac\u00e1n de los Reyes, Soto y su Pandilla empieza a perfilar (de nuevo) a su hermana, Isabel Soto Matla, quien particip\u00f3 en la pasada elecci\u00f3n por la alcald\u00eda que perdi\u00f3 en manos del PRI.<\/span><\/p>\n<p><span style=\"font-weight: 400;\">Por otro lado, en Cosautl\u00e1n, impulsan la candidatura de Antonio Valdivia Huerta, s\u00ed, primo-hermano de la alcaldesa, de la esposa de Everardo\u2026<\/span><\/p>\n<p><span style=\"font-weight: 400;\">Y como ya se dijo al principio, por Coatepec, Manolo S\u00e1nchez Mart\u00ednez, parte activa de Soto y su Pandilla.<\/span><\/p>\n<p><span style=\"font-weight: 400;\">\u00bfY en d\u00f3nde entra el naranja en los proyectos de Soto y su Pandilla?<\/span><\/p>\n<p><span style=\"font-weight: 400;\">En este caso involucran a otro personaje interesante en la vida pol\u00edtica de Coatepec: a Juanelo, Roberto P\u00e9rez Moreno.<\/span><\/p>\n<p><span style=\"font-weight: 400;\">Hace poco, Movimiento Ciudadano hizo la presentaci\u00f3n de Isauro Montes Camacho como titular de la Comisi\u00f3n Operativa Municipal en Coatepec. En el momento que le dan tal nombramiento a Isauro, para muchos, es como darle la candidatura del partido para ir en pos de la alcald\u00eda de Coatepec\u2026<\/span><\/p>\n<p><span style=\"font-weight: 400;\">Nadie olvida que Isauro fue en su momento, director de Obras P\u00fablicas en la administraci\u00f3n de Juanelo, y por si se les hubiera olvidado, cuando fue su designaci\u00f3n en Movimiento Ciudadano, \u00a1hasta reapareci\u00f3 Juanelo en dicho evento! Y para pasar \u201cdesapercibido\u201d, dicen que lleg\u00f3 hasta disfrazado de vaquero.<\/span><\/p>\n<p><span style=\"font-weight: 400;\">\u00bfY en d\u00f3nde entra Soto y su Pandilla? \u00a1Ah! Es que dentro del ensayo de planilla edilicia que lleva Isauro, ya apunt\u00f3 a Jos\u00e9 Antonio Rivera Medina, quien fuera director del Hospital Civil de Teocelo\u2026 y compadre de Everardo.<\/span><\/p>\n<p><span style=\"font-weight: 400;\">Curioso, pero se da una tr\u00edada interesante en este plano: Juanelo, Everardo e Isauro (\u00bfo Feliciano Leal?), PRI, PAN y Movimiento Ciudadano.<\/span><\/p>\n<p><span style=\"font-weight: 400;\">Por supuesto, todo lo planteado ac\u00e1, es el escenario que proyecta Soto y su Pandilla rumbo al 2021 pero no deja de percibirse ese aire patrimonialista que algunos panistas, en diversas regiones de Veracruz, han hecho del partido\u2026 ejemplos claros, empezando desde su dirigente estatal y sus dos hermanos como diputados federales\u2026 si \u00e9l puede, \u00bfpor qu\u00e9 no Soto y su Pandilla\u2026 y su familia?<\/span><\/p>\n<p>&nbsp;<\/p>\n<p><span style=\"font-weight: 400;\">smcainito@gmail.com<\/span><\/p>\n<p>&nbsp;<\/p>\n","protected":false},"excerpt":{"rendered":"<p>Salvador Mu\u00f1oz Los Pol\u00edticos Aun cuando el alcalde de Coatepec, Enrique Fern\u00e1ndez Peredo, ha dicho que \u201cno\u201d, en el escenario de lo que en la regi\u00f3n cafetalera conocen como Soto y su Pandilla, el edil est\u00e1 contemplado como aspirante a la diputaci\u00f3n local por el PAN, mientras que el posible candidato a la alcald\u00eda ser\u00eda [&hellip;]<\/p>\n","protected":false},"author":2,"featured_media":65094,"comment_status":"open","ping_status":"open","sticky":false,"template":"","format":"standard","meta":{"tdm_status":"","tdm_grid_status":"","footnotes":""},"categories":[70],"tags":[277,24242,21223,13635,24246,24243,24244,4821,3288,24245,422,2327,266,1039,2646,195],"class_list":{"0":"post-65092","1":"post","2":"type-post","3":"status-publish","4":"format-standard","5":"has-post-thumbnail","7":"category-de-opinion","8":"tag-coatepec","9":"tag-cosautlan-de-carvajal","10":"tag-director-de-obras-publicas","11":"tag-enrique-fernandez-peredo","12":"tag-feliciano-leal","13":"tag-isabel-soto-matla","14":"tag-isauro-montes-camacho","15":"tag-ixhuacan-de-los-reyes","16":"tag-joaquin-guzman-aviles","17":"tag-jose-antonio-rivera-medina","18":"tag-juanelo","19":"tag-movimiento-ciudadano","20":"tag-pan","21":"tag-roberto-perez-moreno","22":"tag-salvador-munoz","23":"tag-veracruz"},"yoast_head":"<!-- This site is optimized with the Yoast SEO plugin v27.4 - https:\/\/yoast.com\/product\/yoast-seo-wordpress\/ -->\n<title>Soto y su pandilla - Los pol\u00edticos Veracruz<\/title>\n<meta name=\"robots\" content=\"index, follow, max-snippet:-1, max-image-preview:large, max-video-preview:-1\" \/>\n<link rel=\"canonical\" href=\"https:\/\/lospoliticosveracruz.com\/?p=65092\" \/>\n<meta property=\"og:locale\" content=\"es_ES\" \/>\n<meta property=\"og:type\" content=\"article\" \/>\n<meta property=\"og:title\" content=\"Soto y su pandilla - Los pol\u00edticos Veracruz\" \/>\n<meta property=\"og:description\" content=\"Salvador Mu\u00f1oz Los Pol\u00edticos Aun cuando el alcalde de Coatepec, Enrique Fern\u00e1ndez Peredo, ha dicho que \u201cno\u201d, en el escenario de lo que en la regi\u00f3n cafetalera conocen como Soto y su Pandilla, el edil est\u00e1 contemplado como aspirante a la diputaci\u00f3n local por el PAN, mientras que el posible candidato a la alcald\u00eda ser\u00eda [&hellip;]\" \/>\n<meta property=\"og:url\" content=\"https:\/\/lospoliticosveracruz.com\/?p=65092\" \/>\n<meta property=\"og:site_name\" content=\"Los pol\u00edticos Veracruz\" \/>\n<meta property=\"article:publisher\" content=\"https:\/\/www.facebook.com\/people\/Notimemes-de-los-Polticos\/61565672886568\/\" \/>\n<meta property=\"article:published_time\" content=\"2020-12-09T00:19:08+00:00\" \/>\n<meta property=\"article:modified_time\" content=\"2020-12-09T14:08:18+00:00\" \/>\n<meta property=\"og:image\" content=\"https:\/\/lospoliticosveracruz.com\/wp-content\/uploads\/2020\/12\/Soto-Matla.jpg\" \/>\n\t<meta property=\"og:image:width\" content=\"600\" \/>\n\t<meta property=\"og:image:height\" content=\"320\" \/>\n\t<meta property=\"og:image:type\" content=\"image\/jpeg\" \/>\n<meta name=\"author\" content=\"Lo viste en Los Pol\u00edticos\" \/>\n<meta name=\"twitter:card\" content=\"summary_large_image\" \/>\n<meta name=\"twitter:creator\" content=\"@LosPoliticosVer\" \/>\n<meta name=\"twitter:site\" content=\"@LosPoliticosVer\" \/>\n<meta name=\"twitter:label1\" content=\"Escrito por\" \/>\n\t<meta name=\"twitter:data1\" content=\"Lo viste en Los Pol\u00edticos\" \/>\n\t<meta name=\"twitter:label2\" content=\"Tiempo de lectura\" \/>\n\t<meta name=\"twitter:data2\" content=\"3 minutos\" \/>\n<script type=\"application\/ld+json\" class=\"yoast-schema-graph\">{\"@context\":\"https:\\\/\\\/schema.org\",\"@graph\":[{\"@type\":\"Article\",\"@id\":\"https:\\\/\\\/lospoliticosveracruz.com\\\/?p=65092#article\",\"isPartOf\":{\"@id\":\"https:\\\/\\\/lospoliticosveracruz.com\\\/?p=65092\"},\"author\":{\"name\":\"Lo viste en Los Pol\u00edticos\",\"@id\":\"https:\\\/\\\/lospoliticosveracruz.com\\\/#\\\/schema\\\/person\\\/b8702bb0e538456e6efd07080bf2a4a2\"},\"headline\":\"Soto y su pandilla\",\"datePublished\":\"2020-12-09T00:19:08+00:00\",\"dateModified\":\"2020-12-09T14:08:18+00:00\",\"mainEntityOfPage\":{\"@id\":\"https:\\\/\\\/lospoliticosveracruz.com\\\/?p=65092\"},\"wordCount\":579,\"commentCount\":0,\"publisher\":{\"@id\":\"https:\\\/\\\/lospoliticosveracruz.com\\\/#organization\"},\"image\":{\"@id\":\"https:\\\/\\\/lospoliticosveracruz.com\\\/?p=65092#primaryimage\"},\"thumbnailUrl\":\"https:\\\/\\\/lospoliticosveracruz.com\\\/wp-content\\\/uploads\\\/2020\\\/12\\\/Soto-Matla.jpg\",\"keywords\":[\"Coatepec\",\"Cosautl\u00e1n de Carvajal\",\"director de Obras Publicas\",\"Enrique Fern\u00e1ndez Peredo\",\"Feliciano Leal\",\"Isabel Soto Matla\",\"Isauro Montes Camacho\",\"Ixhuac\u00e1n de los Reyes\",\"Joaqu\u00edn Guzm\u00e1n Avil\u00e9s\",\"Jos\u00e9 Antonio Rivera Medina\",\"Juanelo\",\"Movimiento Ciudadano\",\"PAN\",\"Roberto P\u00e9rez Moreno\",\"Salvador Mu\u00f1oz\",\"Veracruz\"],\"articleSection\":[\"De Opini\u00f3n\"],\"inLanguage\":\"es\",\"potentialAction\":[{\"@type\":\"CommentAction\",\"name\":\"Comment\",\"target\":[\"https:\\\/\\\/lospoliticosveracruz.com\\\/?p=65092#respond\"]}]},{\"@type\":\"WebPage\",\"@id\":\"https:\\\/\\\/lospoliticosveracruz.com\\\/?p=65092\",\"url\":\"https:\\\/\\\/lospoliticosveracruz.com\\\/?p=65092\",\"name\":\"Soto y su pandilla - Los pol\u00edticos Veracruz\",\"isPartOf\":{\"@id\":\"https:\\\/\\\/lospoliticosveracruz.com\\\/#website\"},\"primaryImageOfPage\":{\"@id\":\"https:\\\/\\\/lospoliticosveracruz.com\\\/?p=65092#primaryimage\"},\"image\":{\"@id\":\"https:\\\/\\\/lospoliticosveracruz.com\\\/?p=65092#primaryimage\"},\"thumbnailUrl\":\"https:\\\/\\\/lospoliticosveracruz.com\\\/wp-content\\\/uploads\\\/2020\\\/12\\\/Soto-Matla.jpg\",\"datePublished\":\"2020-12-09T00:19:08+00:00\",\"dateModified\":\"2020-12-09T14:08:18+00:00\",\"breadcrumb\":{\"@id\":\"https:\\\/\\\/lospoliticosveracruz.com\\\/?p=65092#breadcrumb\"},\"inLanguage\":\"es\",\"potentialAction\":[{\"@type\":\"ReadAction\",\"target\":[\"https:\\\/\\\/lospoliticosveracruz.com\\\/?p=65092\"]}]},{\"@type\":\"ImageObject\",\"inLanguage\":\"es\",\"@id\":\"https:\\\/\\\/lospoliticosveracruz.com\\\/?p=65092#primaryimage\",\"url\":\"https:\\\/\\\/lospoliticosveracruz.com\\\/wp-content\\\/uploads\\\/2020\\\/12\\\/Soto-Matla.jpg\",\"contentUrl\":\"https:\\\/\\\/lospoliticosveracruz.com\\\/wp-content\\\/uploads\\\/2020\\\/12\\\/Soto-Matla.jpg\",\"width\":600,\"height\":320},{\"@type\":\"BreadcrumbList\",\"@id\":\"https:\\\/\\\/lospoliticosveracruz.com\\\/?p=65092#breadcrumb\",\"itemListElement\":[{\"@type\":\"ListItem\",\"position\":1,\"name\":\"Portada\",\"item\":\"https:\\\/\\\/lospoliticosveracruz.com\\\/\"},{\"@type\":\"ListItem\",\"position\":2,\"name\":\"Soto y su pandilla\"}]},{\"@type\":\"WebSite\",\"@id\":\"https:\\\/\\\/lospoliticosveracruz.com\\\/#website\",\"url\":\"https:\\\/\\\/lospoliticosveracruz.com\\\/\",\"name\":\"Los pol\u00edticos Veracruz\",\"description\":\"\",\"publisher\":{\"@id\":\"https:\\\/\\\/lospoliticosveracruz.com\\\/#organization\"},\"potentialAction\":[{\"@type\":\"SearchAction\",\"target\":{\"@type\":\"EntryPoint\",\"urlTemplate\":\"https:\\\/\\\/lospoliticosveracruz.com\\\/?s={search_term_string}\"},\"query-input\":{\"@type\":\"PropertyValueSpecification\",\"valueRequired\":true,\"valueName\":\"search_term_string\"}}],\"inLanguage\":\"es\"},{\"@type\":\"Organization\",\"@id\":\"https:\\\/\\\/lospoliticosveracruz.com\\\/#organization\",\"name\":\"Los pol\u00edticos Veracruz\",\"url\":\"https:\\\/\\\/lospoliticosveracruz.com\\\/\",\"logo\":{\"@type\":\"ImageObject\",\"inLanguage\":\"es\",\"@id\":\"https:\\\/\\\/lospoliticosveracruz.com\\\/#\\\/schema\\\/logo\\\/image\\\/\",\"url\":\"https:\\\/\\\/lospoliticosveracruz.com\\\/wp-content\\\/uploads\\\/2025\\\/12\\\/Logo-Nuevo-LOS-POLITICOS-1.jpg\",\"contentUrl\":\"https:\\\/\\\/lospoliticosveracruz.com\\\/wp-content\\\/uploads\\\/2025\\\/12\\\/Logo-Nuevo-LOS-POLITICOS-1.jpg\",\"width\":260,\"height\":70,\"caption\":\"Los pol\u00edticos Veracruz\"},\"image\":{\"@id\":\"https:\\\/\\\/lospoliticosveracruz.com\\\/#\\\/schema\\\/logo\\\/image\\\/\"},\"sameAs\":[\"https:\\\/\\\/www.facebook.com\\\/people\\\/Notimemes-de-los-Polticos\\\/61565672886568\\\/\",\"https:\\\/\\\/x.com\\\/LosPoliticosVer\"]},{\"@type\":\"Person\",\"@id\":\"https:\\\/\\\/lospoliticosveracruz.com\\\/#\\\/schema\\\/person\\\/b8702bb0e538456e6efd07080bf2a4a2\",\"name\":\"Lo viste en Los Pol\u00edticos\",\"image\":{\"@type\":\"ImageObject\",\"inLanguage\":\"es\",\"@id\":\"https:\\\/\\\/secure.gravatar.com\\\/avatar\\\/3a8de04a2656d44082be478bd6c086daa447c4651605818287b9532d3d0bd435?s=96&d=mm&r=g\",\"url\":\"https:\\\/\\\/secure.gravatar.com\\\/avatar\\\/3a8de04a2656d44082be478bd6c086daa447c4651605818287b9532d3d0bd435?s=96&d=mm&r=g\",\"contentUrl\":\"https:\\\/\\\/secure.gravatar.com\\\/avatar\\\/3a8de04a2656d44082be478bd6c086daa447c4651605818287b9532d3d0bd435?s=96&d=mm&r=g\",\"caption\":\"Lo viste en Los Pol\u00edticos\"},\"url\":\"https:\\\/\\\/lospoliticosveracruz.com\\\/?author=2\"}]}<\/script>\n<!-- \/ Yoast SEO plugin. -->","yoast_head_json":{"title":"Soto y su pandilla - Los pol\u00edticos Veracruz","robots":{"index":"index","follow":"follow","max-snippet":"max-snippet:-1","max-image-preview":"max-image-preview:large","max-video-preview":"max-video-preview:-1"},"canonical":"https:\/\/lospoliticosveracruz.com\/?p=65092","og_locale":"es_ES","og_type":"article","og_title":"Soto y su pandilla - Los pol\u00edticos Veracruz","og_description":"Salvador Mu\u00f1oz Los Pol\u00edticos Aun cuando el alcalde de Coatepec, Enrique Fern\u00e1ndez Peredo, ha dicho que \u201cno\u201d, en el escenario de lo que en la regi\u00f3n cafetalera conocen como Soto y su Pandilla, el edil est\u00e1 contemplado como aspirante a la diputaci\u00f3n local por el PAN, mientras que el posible candidato a la alcald\u00eda ser\u00eda [&hellip;]","og_url":"https:\/\/lospoliticosveracruz.com\/?p=65092","og_site_name":"Los pol\u00edticos Veracruz","article_publisher":"https:\/\/www.facebook.com\/people\/Notimemes-de-los-Polticos\/61565672886568\/","article_published_time":"2020-12-09T00:19:08+00:00","article_modified_time":"2020-12-09T14:08:18+00:00","og_image":[{"width":600,"height":320,"url":"https:\/\/lospoliticosveracruz.com\/wp-content\/uploads\/2020\/12\/Soto-Matla.jpg","type":"image\/jpeg"}],"author":"Lo viste en Los Pol\u00edticos","twitter_card":"summary_large_image","twitter_creator":"@LosPoliticosVer","twitter_site":"@LosPoliticosVer","twitter_misc":{"Escrito por":"Lo viste en Los Pol\u00edticos","Tiempo de lectura":"3 minutos"},"schema":{"@context":"https:\/\/schema.org","@graph":[{"@type":"Article","@id":"https:\/\/lospoliticosveracruz.com\/?p=65092#article","isPartOf":{"@id":"https:\/\/lospoliticosveracruz.com\/?p=65092"},"author":{"name":"Lo viste en Los Pol\u00edticos","@id":"https:\/\/lospoliticosveracruz.com\/#\/schema\/person\/b8702bb0e538456e6efd07080bf2a4a2"},"headline":"Soto y su pandilla","datePublished":"2020-12-09T00:19:08+00:00","dateModified":"2020-12-09T14:08:18+00:00","mainEntityOfPage":{"@id":"https:\/\/lospoliticosveracruz.com\/?p=65092"},"wordCount":579,"commentCount":0,"publisher":{"@id":"https:\/\/lospoliticosveracruz.com\/#organization"},"image":{"@id":"https:\/\/lospoliticosveracruz.com\/?p=65092#primaryimage"},"thumbnailUrl":"https:\/\/lospoliticosveracruz.com\/wp-content\/uploads\/2020\/12\/Soto-Matla.jpg","keywords":["Coatepec","Cosautl\u00e1n de Carvajal","director de Obras Publicas","Enrique Fern\u00e1ndez Peredo","Feliciano Leal","Isabel Soto Matla","Isauro Montes Camacho","Ixhuac\u00e1n de los Reyes","Joaqu\u00edn Guzm\u00e1n Avil\u00e9s","Jos\u00e9 Antonio Rivera Medina","Juanelo","Movimiento Ciudadano","PAN","Roberto P\u00e9rez Moreno","Salvador Mu\u00f1oz","Veracruz"],"articleSection":["De Opini\u00f3n"],"inLanguage":"es","potentialAction":[{"@type":"CommentAction","name":"Comment","target":["https:\/\/lospoliticosveracruz.com\/?p=65092#respond"]}]},{"@type":"WebPage","@id":"https:\/\/lospoliticosveracruz.com\/?p=65092","url":"https:\/\/lospoliticosveracruz.com\/?p=65092","name":"Soto y su pandilla - Los pol\u00edticos Veracruz","isPartOf":{"@id":"https:\/\/lospoliticosveracruz.com\/#website"},"primaryImageOfPage":{"@id":"https:\/\/lospoliticosveracruz.com\/?p=65092#primaryimage"},"image":{"@id":"https:\/\/lospoliticosveracruz.com\/?p=65092#primaryimage"},"thumbnailUrl":"https:\/\/lospoliticosveracruz.com\/wp-content\/uploads\/2020\/12\/Soto-Matla.jpg","datePublished":"2020-12-09T00:19:08+00:00","dateModified":"2020-12-09T14:08:18+00:00","breadcrumb":{"@id":"https:\/\/lospoliticosveracruz.com\/?p=65092#breadcrumb"},"inLanguage":"es","potentialAction":[{"@type":"ReadAction","target":["https:\/\/lospoliticosveracruz.com\/?p=65092"]}]},{"@type":"ImageObject","inLanguage":"es","@id":"https:\/\/lospoliticosveracruz.com\/?p=65092#primaryimage","url":"https:\/\/lospoliticosveracruz.com\/wp-content\/uploads\/2020\/12\/Soto-Matla.jpg","contentUrl":"https:\/\/lospoliticosveracruz.com\/wp-content\/uploads\/2020\/12\/Soto-Matla.jpg","width":600,"height":320},{"@type":"BreadcrumbList","@id":"https:\/\/lospoliticosveracruz.com\/?p=65092#breadcrumb","itemListElement":[{"@type":"ListItem","position":1,"name":"Portada","item":"https:\/\/lospoliticosveracruz.com\/"},{"@type":"ListItem","position":2,"name":"Soto y su pandilla"}]},{"@type":"WebSite","@id":"https:\/\/lospoliticosveracruz.com\/#website","url":"https:\/\/lospoliticosveracruz.com\/","name":"Los pol\u00edticos Veracruz","description":"","publisher":{"@id":"https:\/\/lospoliticosveracruz.com\/#organization"},"potentialAction":[{"@type":"SearchAction","target":{"@type":"EntryPoint","urlTemplate":"https:\/\/lospoliticosveracruz.com\/?s={search_term_string}"},"query-input":{"@type":"PropertyValueSpecification","valueRequired":true,"valueName":"search_term_string"}}],"inLanguage":"es"},{"@type":"Organization","@id":"https:\/\/lospoliticosveracruz.com\/#organization","name":"Los pol\u00edticos Veracruz","url":"https:\/\/lospoliticosveracruz.com\/","logo":{"@type":"ImageObject","inLanguage":"es","@id":"https:\/\/lospoliticosveracruz.com\/#\/schema\/logo\/image\/","url":"https:\/\/lospoliticosveracruz.com\/wp-content\/uploads\/2025\/12\/Logo-Nuevo-LOS-POLITICOS-1.jpg","contentUrl":"https:\/\/lospoliticosveracruz.com\/wp-content\/uploads\/2025\/12\/Logo-Nuevo-LOS-POLITICOS-1.jpg","width":260,"height":70,"caption":"Los pol\u00edticos Veracruz"},"image":{"@id":"https:\/\/lospoliticosveracruz.com\/#\/schema\/logo\/image\/"},"sameAs":["https:\/\/www.facebook.com\/people\/Notimemes-de-los-Polticos\/61565672886568\/","https:\/\/x.com\/LosPoliticosVer"]},{"@type":"Person","@id":"https:\/\/lospoliticosveracruz.com\/#\/schema\/person\/b8702bb0e538456e6efd07080bf2a4a2","name":"Lo viste en Los Pol\u00edticos","image":{"@type":"ImageObject","inLanguage":"es","@id":"https:\/\/secure.gravatar.com\/avatar\/3a8de04a2656d44082be478bd6c086daa447c4651605818287b9532d3d0bd435?s=96&d=mm&r=g","url":"https:\/\/secure.gravatar.com\/avatar\/3a8de04a2656d44082be478bd6c086daa447c4651605818287b9532d3d0bd435?s=96&d=mm&r=g","contentUrl":"https:\/\/secure.gravatar.com\/avatar\/3a8de04a2656d44082be478bd6c086daa447c4651605818287b9532d3d0bd435?s=96&d=mm&r=g","caption":"Lo viste en Los Pol\u00edticos"},"url":"https:\/\/lospoliticosveracruz.com\/?author=2"}]}},"_links":{"self":[{"href":"https:\/\/lospoliticosveracruz.com\/index.php?rest_route=\/wp\/v2\/posts\/65092","targetHints":{"allow":["GET"]}}],"collection":[{"href":"https:\/\/lospoliticosveracruz.com\/index.php?rest_route=\/wp\/v2\/posts"}],"about":[{"href":"https:\/\/lospoliticosveracruz.com\/index.php?rest_route=\/wp\/v2\/types\/post"}],"author":[{"embeddable":true,"href":"https:\/\/lospoliticosveracruz.com\/index.php?rest_route=\/wp\/v2\/users\/2"}],"replies":[{"embeddable":true,"href":"https:\/\/lospoliticosveracruz.com\/index.php?rest_route=%2Fwp%2Fv2%2Fcomments&post=65092"}],"version-history":[{"count":2,"href":"https:\/\/lospoliticosveracruz.com\/index.php?rest_route=\/wp\/v2\/posts\/65092\/revisions"}],"predecessor-version":[{"id":65105,"href":"https:\/\/lospoliticosveracruz.com\/index.php?rest_route=\/wp\/v2\/posts\/65092\/revisions\/65105"}],"wp:featuredmedia":[{"embeddable":true,"href":"https:\/\/lospoliticosveracruz.com\/index.php?rest_route=\/wp\/v2\/media\/65094"}],"wp:attachment":[{"href":"https:\/\/lospoliticosveracruz.com\/index.php?rest_route=%2Fwp%2Fv2%2Fmedia&parent=65092"}],"wp:term":[{"taxonomy":"category","embeddable":true,"href":"https:\/\/lospoliticosveracruz.com\/index.php?rest_route=%2Fwp%2Fv2%2Fcategories&post=65092"},{"taxonomy":"post_tag","embeddable":true,"href":"https:\/\/lospoliticosveracruz.com\/index.php?rest_route=%2Fwp%2Fv2%2Ftags&post=65092"}],"curies":[{"name":"wp","href":"https:\/\/api.w.org\/{rel}","templated":true}]}}