{"id":65146,"date":"2020-12-09T20:41:48","date_gmt":"2020-12-10T02:41:48","guid":{"rendered":"http:\/\/www.lospoliticosveracruz.com.mx\/?p=65146"},"modified":"2020-12-10T07:59:14","modified_gmt":"2020-12-10T13:59:14","slug":"si-hoy-fueran-las-elecciones-2","status":"publish","type":"post","link":"https:\/\/lospoliticosveracruz.com\/?p=65146","title":{"rendered":"Si hoy fueran las elecciones"},"content":{"rendered":"<p><strong>Salvador Mu\u00f1oz<\/strong><\/p>\n<p><em>Los Pol\u00edticos<\/em><\/p>\n<p><span style=\"font-weight: 400;\">Si bien es cierto que la verdadera encuesta se realiza el d\u00eda de las elecciones, la que public\u00f3 Al Calor Pol\u00edtico hace dos d\u00edas, no deja de marcar el momento que se vive en la capital del Estado as\u00ed como otros detalles a destacar que no pueden pasar desapercibidos para partidos como para aspirantes a la alcald\u00eda, tema de inter\u00e9s por parte de los que realizaron este trabajo de sondeo: Marketing Integra\u2026<\/span><\/p>\n<p><a href=\"https:\/\/www.facebook.com\/notaria61veracruz\/\"><img decoding=\"async\" src=\"http:\/\/www.lospoliticosveracruz.com.mx\/wp-content\/uploads\/2020\/07\/CINTILLO-Armando.jpg\" alt=\"\" \/><\/a><\/p>\n<p><span style=\"font-weight: 400;\">Un ejemplo de esto, es el casi empate que se da entre PAN (24 por ciento) y Morena (23%), tras la pregunta de por cu\u00e1l partido votar\u00edan los 1 mil 100 cuestionados si hoy fueran las elecciones por la alcald\u00eda de Xalapa. S\u00ed, los optimistas ven el repunte del PAN en la capital veracruzana, a tal grado, que sin siquiera citar un candidato, hay aceptaci\u00f3n. Los pesimistas, si se est\u00e1 del lado de la oposici\u00f3n, ver\u00edan con preocupaci\u00f3n que el partido en el poder, tanto en el estado como en la Atenas Veracruzana, da seria batalla aun con el triste papel que a lo largo de casi tres a\u00f1os ha desarrollado el alcalde Hip\u00f3lito Rodr\u00edguez Herrero.<\/span><\/p>\n<p><span style=\"font-weight: 400;\">Respecto a la pregunta sobre por qui\u00e9n votar\u00eda para alcalde de Xalapa, de acuerdo a una lista de personajes que aparecen en el trabajo de Marketing Integra, muy aparte de los cuatro que encabezan este cuadro (David Velasco Chedraui, con 23%; Sergio Hern\u00e1ndez, 15; Elizabeth Morales, 9; y Cinthya Lobato Calder\u00f3n, 7) es la reaparici\u00f3n de la ex presidenta municipal de esta ciudad, quien sin hacer ruido ni estar en el escenario pol\u00edtico, su nombre aparece, incluso por encima (por poquito) de la dirigente estatal del partido Unidad Ciudadana.<\/span><\/p>\n<p><span style=\"font-weight: 400;\">Otro dato interesante en este sondeo, es que en esta pregunta hay dos ex ediles, es decir, que ya saben el trabajo administrativo municipal que requiere Xalapa y por cierto, mucha de su labor la basaron en la funci\u00f3n operativa de bajar recursos de la federaci\u00f3n para el municipio, y no al rev\u00e9s, como lo hace Hip\u00f3lito, devolviendo recursos a la federaci\u00f3n\u2026<\/span><\/p>\n<p><span style=\"font-weight: 400;\">Se me pasaba\u2026 con un tres por ciento aparece en el quinto lugar de este esquema, la actual diputada local Rosalinda Galindo Silva, a quien al parecer, aunque est\u00e9 al lado del gobernador en cuanto evento local haya, nom\u00e1s no levanta por s\u00ed\u2026<\/span><\/p>\n<p><span style=\"font-weight: 400;\">La alianza otorga datos interesantes, que si bien, son favorables para el PAN, PRI y PRD si se formaliza \u00e9sta en el \u00e1mbito municipal, no se puede pasar por alto lo siguiente:<\/span><\/p>\n<p><span style=\"font-weight: 400;\">Yendo como candidato Sergio Hern\u00e1ndez Hern\u00e1ndez, actual diputado local, la ventaja sobre la \u201calianza Morena-PT\u201d (sin el PVEM\u2026 ya ahora lo ven fuchi-gu\u00e1cala) es casi al doble: El He-man (Sergio Hern\u00e1ndez) alcanza un porcentaje del 33 por ciento mientras que Rosalinda Galindo Silva llega a un 18 por ciento\u2026 para la oposici\u00f3n, esto es bueno, porque se conjugan candidato y partidos para subir los bonos, pero tambi\u00e9n debe preocupar que una persona que por s\u00ed sola alcanza un 3 por ciento de preferencia, cuando le ponen el fierro de Morena, suba su porcentaje seis veces. \u00bfA qu\u00e9 voy? A que al menos en algunos de los encuestados, parece importarles poco, como hace dos a\u00f1os, qui\u00e9nes sean los candidatos\u2026 el asunto es votar por Morena y aunque se ha dicho que \u201cen esta ocasi\u00f3n se va a votar m\u00e1s por el candidato que por el partido\u201d, hay personas que han hecho de Morena una marca a seguir, como quien toma Cocacola, se compra la camisa de su equipo favorito y se siente parte del equipo, o simplemente ve en Andr\u00e9s Manuel L\u00f3pez Obrador a un Mes\u00edas Pol\u00edtico\u2026 s\u00f3lo as\u00ed se entiende que la posible candidata de Morena incremente de manera significativa su porcentaje s\u00f3lo por ser abanderada de un partido. Comparemos con Cinthya Lobato: Su nombre alcanza un 7%; con su partido, sube a 10.<\/span><span style=\"font-weight: 400;\"><br \/>\n<\/span><span style=\"font-weight: 400;\">En pocas palabras, la oposici\u00f3n (y tambi\u00e9n Morena) deben trabajar en ofrecer los mejores candidatos\u2026 apostar a la improvisaci\u00f3n y a la marca, al menos en mi caso, aguantarlos un periodo m\u00e1s, \u00a1parece castigo divino!<\/span><\/p>\n<p><span style=\"font-weight: 400;\">Un nombre conocido aparece en esta encuesta: Dulce Mar\u00eda Dauz\u00f3n, por Movimiento Ciudadano, quien eleva al partido de Dante de cuatro al siete por ciento nom\u00e1s con su apellido. Adem\u00e1s, entre los xalape\u00f1os, hay una buena opini\u00f3n sobre ella aunque Sergio Hern\u00e1ndez Hern\u00e1ndez igual es bien visto por los atenienses.<\/span><\/p>\n<p><span style=\"font-weight: 400;\">Hay que dejar en claro algo: La encuesta de Marketing Integra es el retrato de un momento, entre el 30 de noviembre y dos de diciembre, y de acuerdo a las circunstancias y sucesos que van marcando el d\u00eda a d\u00eda en la capital veracruzana, estas fotograf\u00edas del sentir del xalape\u00f1o pueden variar\u2026 lo que s\u00ed no creemos que pueda variar ni un poquito, es la percepci\u00f3n que se tiene del alcalde de Xalapa, que dicho sea de paso, es posible que sea uno de los factores para que Morena, aun con su pelea panzarriba, puede que no est\u00e9 en las mejores condiciones en el sentir del xalape\u00f1o\u2026<\/span><\/p>\n<p>&nbsp;<\/p>\n<p><span style=\"font-weight: 400;\">smcainito@gmail.com\u00a0<\/span><\/p>\n","protected":false},"excerpt":{"rendered":"<p>Salvador Mu\u00f1oz Los Pol\u00edticos Si bien es cierto que la verdadera encuesta se realiza el d\u00eda de las elecciones, la que public\u00f3 Al Calor Pol\u00edtico hace dos d\u00edas, no deja de marcar el momento que se vive en la capital del Estado as\u00ed como otros detalles a destacar que no pueden pasar desapercibidos para partidos [&hellip;]<\/p>\n","protected":false},"author":2,"featured_media":65147,"comment_status":"open","ping_status":"open","sticky":false,"template":"","format":"standard","meta":{"tdm_status":"","tdm_grid_status":"","footnotes":""},"categories":[70],"tags":[5021,407,992,7620,24276,1026,2327,266,107,251,10669,2646,6481,195,96],"class_list":{"0":"post-65146","1":"post","2":"type-post","3":"status-publish","4":"format-standard","5":"has-post-thumbnail","7":"category-de-opinion","8":"tag-cinthya-lobato-calderon","9":"tag-david-velasco-chedraui","10":"tag-dulce-maria-dauzon","11":"tag-hipolito-rodriguez-herrero","12":"tag-marketing-integra","13":"tag-morena","14":"tag-movimiento-ciudadano","15":"tag-pan","16":"tag-prd","17":"tag-pri","18":"tag-rosalinda-galindo-silva","19":"tag-salvador-munoz","20":"tag-sergio-hernandez-hernandez","21":"tag-veracruz","22":"tag-xalapa"},"yoast_head":"<!-- This site is optimized with the Yoast SEO plugin v27.4 - https:\/\/yoast.com\/product\/yoast-seo-wordpress\/ -->\n<title>Si hoy fueran las elecciones - Los pol\u00edticos Veracruz<\/title>\n<meta name=\"robots\" content=\"index, follow, max-snippet:-1, max-image-preview:large, max-video-preview:-1\" \/>\n<link rel=\"canonical\" href=\"https:\/\/lospoliticosveracruz.com\/?p=65146\" \/>\n<meta property=\"og:locale\" content=\"es_ES\" \/>\n<meta property=\"og:type\" content=\"article\" \/>\n<meta property=\"og:title\" content=\"Si hoy fueran las elecciones - Los pol\u00edticos Veracruz\" \/>\n<meta property=\"og:description\" content=\"Salvador Mu\u00f1oz Los Pol\u00edticos Si bien es cierto que la verdadera encuesta se realiza el d\u00eda de las elecciones, la que public\u00f3 Al Calor Pol\u00edtico hace dos d\u00edas, no deja de marcar el momento que se vive en la capital del Estado as\u00ed como otros detalles a destacar que no pueden pasar desapercibidos para partidos [&hellip;]\" \/>\n<meta property=\"og:url\" content=\"https:\/\/lospoliticosveracruz.com\/?p=65146\" \/>\n<meta property=\"og:site_name\" content=\"Los pol\u00edticos Veracruz\" \/>\n<meta property=\"article:publisher\" content=\"https:\/\/www.facebook.com\/people\/Notimemes-de-los-Polticos\/61565672886568\/\" \/>\n<meta property=\"article:published_time\" content=\"2020-12-10T02:41:48+00:00\" \/>\n<meta property=\"article:modified_time\" content=\"2020-12-10T13:59:14+00:00\" \/>\n<meta property=\"og:image\" content=\"https:\/\/lospoliticosveracruz.com\/wp-content\/uploads\/2020\/12\/Xalapa1.jpg\" \/>\n\t<meta property=\"og:image:width\" content=\"600\" \/>\n\t<meta property=\"og:image:height\" content=\"320\" \/>\n\t<meta property=\"og:image:type\" content=\"image\/jpeg\" \/>\n<meta name=\"author\" content=\"Lo viste en Los Pol\u00edticos\" \/>\n<meta name=\"twitter:card\" content=\"summary_large_image\" \/>\n<meta name=\"twitter:creator\" content=\"@LosPoliticosVer\" \/>\n<meta name=\"twitter:site\" content=\"@LosPoliticosVer\" \/>\n<meta name=\"twitter:label1\" content=\"Escrito por\" \/>\n\t<meta name=\"twitter:data1\" content=\"Lo viste en Los Pol\u00edticos\" \/>\n\t<meta name=\"twitter:label2\" content=\"Tiempo de lectura\" \/>\n\t<meta name=\"twitter:data2\" content=\"4 minutos\" \/>\n<script type=\"application\/ld+json\" class=\"yoast-schema-graph\">{\"@context\":\"https:\\\/\\\/schema.org\",\"@graph\":[{\"@type\":\"Article\",\"@id\":\"https:\\\/\\\/lospoliticosveracruz.com\\\/?p=65146#article\",\"isPartOf\":{\"@id\":\"https:\\\/\\\/lospoliticosveracruz.com\\\/?p=65146\"},\"author\":{\"name\":\"Lo viste en Los Pol\u00edticos\",\"@id\":\"https:\\\/\\\/lospoliticosveracruz.com\\\/#\\\/schema\\\/person\\\/b8702bb0e538456e6efd07080bf2a4a2\"},\"headline\":\"Si hoy fueran las elecciones\",\"datePublished\":\"2020-12-10T02:41:48+00:00\",\"dateModified\":\"2020-12-10T13:59:14+00:00\",\"mainEntityOfPage\":{\"@id\":\"https:\\\/\\\/lospoliticosveracruz.com\\\/?p=65146\"},\"wordCount\":893,\"commentCount\":0,\"publisher\":{\"@id\":\"https:\\\/\\\/lospoliticosveracruz.com\\\/#organization\"},\"image\":{\"@id\":\"https:\\\/\\\/lospoliticosveracruz.com\\\/?p=65146#primaryimage\"},\"thumbnailUrl\":\"https:\\\/\\\/lospoliticosveracruz.com\\\/wp-content\\\/uploads\\\/2020\\\/12\\\/Xalapa1.jpg\",\"keywords\":[\"Cinthya Lobato Calder\u00f3n\",\"David Velasco Chedraui\",\"Dulce Mar\u00eda Dauz\u00f3n\",\"Hip\u00f3lito Rodr\u00edguez Herrero\",\"Marketing Integra\",\"Morena\",\"Movimiento Ciudadano\",\"PAN\",\"PRD\",\"PRI\",\"Rosalinda Galindo Silva\",\"Salvador Mu\u00f1oz\",\"Sergio Hern\u00e1ndez Hern\u00e1ndez\",\"Veracruz\",\"Xalapa\"],\"articleSection\":[\"De Opini\u00f3n\"],\"inLanguage\":\"es\",\"potentialAction\":[{\"@type\":\"CommentAction\",\"name\":\"Comment\",\"target\":[\"https:\\\/\\\/lospoliticosveracruz.com\\\/?p=65146#respond\"]}]},{\"@type\":\"WebPage\",\"@id\":\"https:\\\/\\\/lospoliticosveracruz.com\\\/?p=65146\",\"url\":\"https:\\\/\\\/lospoliticosveracruz.com\\\/?p=65146\",\"name\":\"Si hoy fueran las elecciones - Los pol\u00edticos Veracruz\",\"isPartOf\":{\"@id\":\"https:\\\/\\\/lospoliticosveracruz.com\\\/#website\"},\"primaryImageOfPage\":{\"@id\":\"https:\\\/\\\/lospoliticosveracruz.com\\\/?p=65146#primaryimage\"},\"image\":{\"@id\":\"https:\\\/\\\/lospoliticosveracruz.com\\\/?p=65146#primaryimage\"},\"thumbnailUrl\":\"https:\\\/\\\/lospoliticosveracruz.com\\\/wp-content\\\/uploads\\\/2020\\\/12\\\/Xalapa1.jpg\",\"datePublished\":\"2020-12-10T02:41:48+00:00\",\"dateModified\":\"2020-12-10T13:59:14+00:00\",\"breadcrumb\":{\"@id\":\"https:\\\/\\\/lospoliticosveracruz.com\\\/?p=65146#breadcrumb\"},\"inLanguage\":\"es\",\"potentialAction\":[{\"@type\":\"ReadAction\",\"target\":[\"https:\\\/\\\/lospoliticosveracruz.com\\\/?p=65146\"]}]},{\"@type\":\"ImageObject\",\"inLanguage\":\"es\",\"@id\":\"https:\\\/\\\/lospoliticosveracruz.com\\\/?p=65146#primaryimage\",\"url\":\"https:\\\/\\\/lospoliticosveracruz.com\\\/wp-content\\\/uploads\\\/2020\\\/12\\\/Xalapa1.jpg\",\"contentUrl\":\"https:\\\/\\\/lospoliticosveracruz.com\\\/wp-content\\\/uploads\\\/2020\\\/12\\\/Xalapa1.jpg\",\"width\":600,\"height\":320},{\"@type\":\"BreadcrumbList\",\"@id\":\"https:\\\/\\\/lospoliticosveracruz.com\\\/?p=65146#breadcrumb\",\"itemListElement\":[{\"@type\":\"ListItem\",\"position\":1,\"name\":\"Portada\",\"item\":\"https:\\\/\\\/lospoliticosveracruz.com\\\/\"},{\"@type\":\"ListItem\",\"position\":2,\"name\":\"Si hoy fueran las elecciones\"}]},{\"@type\":\"WebSite\",\"@id\":\"https:\\\/\\\/lospoliticosveracruz.com\\\/#website\",\"url\":\"https:\\\/\\\/lospoliticosveracruz.com\\\/\",\"name\":\"Los pol\u00edticos Veracruz\",\"description\":\"\",\"publisher\":{\"@id\":\"https:\\\/\\\/lospoliticosveracruz.com\\\/#organization\"},\"potentialAction\":[{\"@type\":\"SearchAction\",\"target\":{\"@type\":\"EntryPoint\",\"urlTemplate\":\"https:\\\/\\\/lospoliticosveracruz.com\\\/?s={search_term_string}\"},\"query-input\":{\"@type\":\"PropertyValueSpecification\",\"valueRequired\":true,\"valueName\":\"search_term_string\"}}],\"inLanguage\":\"es\"},{\"@type\":\"Organization\",\"@id\":\"https:\\\/\\\/lospoliticosveracruz.com\\\/#organization\",\"name\":\"Los pol\u00edticos Veracruz\",\"url\":\"https:\\\/\\\/lospoliticosveracruz.com\\\/\",\"logo\":{\"@type\":\"ImageObject\",\"inLanguage\":\"es\",\"@id\":\"https:\\\/\\\/lospoliticosveracruz.com\\\/#\\\/schema\\\/logo\\\/image\\\/\",\"url\":\"https:\\\/\\\/lospoliticosveracruz.com\\\/wp-content\\\/uploads\\\/2025\\\/12\\\/Logo-Nuevo-LOS-POLITICOS-1.jpg\",\"contentUrl\":\"https:\\\/\\\/lospoliticosveracruz.com\\\/wp-content\\\/uploads\\\/2025\\\/12\\\/Logo-Nuevo-LOS-POLITICOS-1.jpg\",\"width\":260,\"height\":70,\"caption\":\"Los pol\u00edticos Veracruz\"},\"image\":{\"@id\":\"https:\\\/\\\/lospoliticosveracruz.com\\\/#\\\/schema\\\/logo\\\/image\\\/\"},\"sameAs\":[\"https:\\\/\\\/www.facebook.com\\\/people\\\/Notimemes-de-los-Polticos\\\/61565672886568\\\/\",\"https:\\\/\\\/x.com\\\/LosPoliticosVer\"]},{\"@type\":\"Person\",\"@id\":\"https:\\\/\\\/lospoliticosveracruz.com\\\/#\\\/schema\\\/person\\\/b8702bb0e538456e6efd07080bf2a4a2\",\"name\":\"Lo viste en Los Pol\u00edticos\",\"image\":{\"@type\":\"ImageObject\",\"inLanguage\":\"es\",\"@id\":\"https:\\\/\\\/secure.gravatar.com\\\/avatar\\\/3a8de04a2656d44082be478bd6c086daa447c4651605818287b9532d3d0bd435?s=96&d=mm&r=g\",\"url\":\"https:\\\/\\\/secure.gravatar.com\\\/avatar\\\/3a8de04a2656d44082be478bd6c086daa447c4651605818287b9532d3d0bd435?s=96&d=mm&r=g\",\"contentUrl\":\"https:\\\/\\\/secure.gravatar.com\\\/avatar\\\/3a8de04a2656d44082be478bd6c086daa447c4651605818287b9532d3d0bd435?s=96&d=mm&r=g\",\"caption\":\"Lo viste en Los Pol\u00edticos\"},\"url\":\"https:\\\/\\\/lospoliticosveracruz.com\\\/?author=2\"}]}<\/script>\n<!-- \/ Yoast SEO plugin. -->","yoast_head_json":{"title":"Si hoy fueran las elecciones - Los pol\u00edticos Veracruz","robots":{"index":"index","follow":"follow","max-snippet":"max-snippet:-1","max-image-preview":"max-image-preview:large","max-video-preview":"max-video-preview:-1"},"canonical":"https:\/\/lospoliticosveracruz.com\/?p=65146","og_locale":"es_ES","og_type":"article","og_title":"Si hoy fueran las elecciones - Los pol\u00edticos Veracruz","og_description":"Salvador Mu\u00f1oz Los Pol\u00edticos Si bien es cierto que la verdadera encuesta se realiza el d\u00eda de las elecciones, la que public\u00f3 Al Calor Pol\u00edtico hace dos d\u00edas, no deja de marcar el momento que se vive en la capital del Estado as\u00ed como otros detalles a destacar que no pueden pasar desapercibidos para partidos [&hellip;]","og_url":"https:\/\/lospoliticosveracruz.com\/?p=65146","og_site_name":"Los pol\u00edticos Veracruz","article_publisher":"https:\/\/www.facebook.com\/people\/Notimemes-de-los-Polticos\/61565672886568\/","article_published_time":"2020-12-10T02:41:48+00:00","article_modified_time":"2020-12-10T13:59:14+00:00","og_image":[{"width":600,"height":320,"url":"https:\/\/lospoliticosveracruz.com\/wp-content\/uploads\/2020\/12\/Xalapa1.jpg","type":"image\/jpeg"}],"author":"Lo viste en Los Pol\u00edticos","twitter_card":"summary_large_image","twitter_creator":"@LosPoliticosVer","twitter_site":"@LosPoliticosVer","twitter_misc":{"Escrito por":"Lo viste en Los Pol\u00edticos","Tiempo de lectura":"4 minutos"},"schema":{"@context":"https:\/\/schema.org","@graph":[{"@type":"Article","@id":"https:\/\/lospoliticosveracruz.com\/?p=65146#article","isPartOf":{"@id":"https:\/\/lospoliticosveracruz.com\/?p=65146"},"author":{"name":"Lo viste en Los Pol\u00edticos","@id":"https:\/\/lospoliticosveracruz.com\/#\/schema\/person\/b8702bb0e538456e6efd07080bf2a4a2"},"headline":"Si hoy fueran las elecciones","datePublished":"2020-12-10T02:41:48+00:00","dateModified":"2020-12-10T13:59:14+00:00","mainEntityOfPage":{"@id":"https:\/\/lospoliticosveracruz.com\/?p=65146"},"wordCount":893,"commentCount":0,"publisher":{"@id":"https:\/\/lospoliticosveracruz.com\/#organization"},"image":{"@id":"https:\/\/lospoliticosveracruz.com\/?p=65146#primaryimage"},"thumbnailUrl":"https:\/\/lospoliticosveracruz.com\/wp-content\/uploads\/2020\/12\/Xalapa1.jpg","keywords":["Cinthya Lobato Calder\u00f3n","David Velasco Chedraui","Dulce Mar\u00eda Dauz\u00f3n","Hip\u00f3lito Rodr\u00edguez Herrero","Marketing Integra","Morena","Movimiento Ciudadano","PAN","PRD","PRI","Rosalinda Galindo Silva","Salvador Mu\u00f1oz","Sergio Hern\u00e1ndez Hern\u00e1ndez","Veracruz","Xalapa"],"articleSection":["De Opini\u00f3n"],"inLanguage":"es","potentialAction":[{"@type":"CommentAction","name":"Comment","target":["https:\/\/lospoliticosveracruz.com\/?p=65146#respond"]}]},{"@type":"WebPage","@id":"https:\/\/lospoliticosveracruz.com\/?p=65146","url":"https:\/\/lospoliticosveracruz.com\/?p=65146","name":"Si hoy fueran las elecciones - Los pol\u00edticos Veracruz","isPartOf":{"@id":"https:\/\/lospoliticosveracruz.com\/#website"},"primaryImageOfPage":{"@id":"https:\/\/lospoliticosveracruz.com\/?p=65146#primaryimage"},"image":{"@id":"https:\/\/lospoliticosveracruz.com\/?p=65146#primaryimage"},"thumbnailUrl":"https:\/\/lospoliticosveracruz.com\/wp-content\/uploads\/2020\/12\/Xalapa1.jpg","datePublished":"2020-12-10T02:41:48+00:00","dateModified":"2020-12-10T13:59:14+00:00","breadcrumb":{"@id":"https:\/\/lospoliticosveracruz.com\/?p=65146#breadcrumb"},"inLanguage":"es","potentialAction":[{"@type":"ReadAction","target":["https:\/\/lospoliticosveracruz.com\/?p=65146"]}]},{"@type":"ImageObject","inLanguage":"es","@id":"https:\/\/lospoliticosveracruz.com\/?p=65146#primaryimage","url":"https:\/\/lospoliticosveracruz.com\/wp-content\/uploads\/2020\/12\/Xalapa1.jpg","contentUrl":"https:\/\/lospoliticosveracruz.com\/wp-content\/uploads\/2020\/12\/Xalapa1.jpg","width":600,"height":320},{"@type":"BreadcrumbList","@id":"https:\/\/lospoliticosveracruz.com\/?p=65146#breadcrumb","itemListElement":[{"@type":"ListItem","position":1,"name":"Portada","item":"https:\/\/lospoliticosveracruz.com\/"},{"@type":"ListItem","position":2,"name":"Si hoy fueran las elecciones"}]},{"@type":"WebSite","@id":"https:\/\/lospoliticosveracruz.com\/#website","url":"https:\/\/lospoliticosveracruz.com\/","name":"Los pol\u00edticos Veracruz","description":"","publisher":{"@id":"https:\/\/lospoliticosveracruz.com\/#organization"},"potentialAction":[{"@type":"SearchAction","target":{"@type":"EntryPoint","urlTemplate":"https:\/\/lospoliticosveracruz.com\/?s={search_term_string}"},"query-input":{"@type":"PropertyValueSpecification","valueRequired":true,"valueName":"search_term_string"}}],"inLanguage":"es"},{"@type":"Organization","@id":"https:\/\/lospoliticosveracruz.com\/#organization","name":"Los pol\u00edticos Veracruz","url":"https:\/\/lospoliticosveracruz.com\/","logo":{"@type":"ImageObject","inLanguage":"es","@id":"https:\/\/lospoliticosveracruz.com\/#\/schema\/logo\/image\/","url":"https:\/\/lospoliticosveracruz.com\/wp-content\/uploads\/2025\/12\/Logo-Nuevo-LOS-POLITICOS-1.jpg","contentUrl":"https:\/\/lospoliticosveracruz.com\/wp-content\/uploads\/2025\/12\/Logo-Nuevo-LOS-POLITICOS-1.jpg","width":260,"height":70,"caption":"Los pol\u00edticos Veracruz"},"image":{"@id":"https:\/\/lospoliticosveracruz.com\/#\/schema\/logo\/image\/"},"sameAs":["https:\/\/www.facebook.com\/people\/Notimemes-de-los-Polticos\/61565672886568\/","https:\/\/x.com\/LosPoliticosVer"]},{"@type":"Person","@id":"https:\/\/lospoliticosveracruz.com\/#\/schema\/person\/b8702bb0e538456e6efd07080bf2a4a2","name":"Lo viste en Los Pol\u00edticos","image":{"@type":"ImageObject","inLanguage":"es","@id":"https:\/\/secure.gravatar.com\/avatar\/3a8de04a2656d44082be478bd6c086daa447c4651605818287b9532d3d0bd435?s=96&d=mm&r=g","url":"https:\/\/secure.gravatar.com\/avatar\/3a8de04a2656d44082be478bd6c086daa447c4651605818287b9532d3d0bd435?s=96&d=mm&r=g","contentUrl":"https:\/\/secure.gravatar.com\/avatar\/3a8de04a2656d44082be478bd6c086daa447c4651605818287b9532d3d0bd435?s=96&d=mm&r=g","caption":"Lo viste en Los Pol\u00edticos"},"url":"https:\/\/lospoliticosveracruz.com\/?author=2"}]}},"_links":{"self":[{"href":"https:\/\/lospoliticosveracruz.com\/index.php?rest_route=\/wp\/v2\/posts\/65146","targetHints":{"allow":["GET"]}}],"collection":[{"href":"https:\/\/lospoliticosveracruz.com\/index.php?rest_route=\/wp\/v2\/posts"}],"about":[{"href":"https:\/\/lospoliticosveracruz.com\/index.php?rest_route=\/wp\/v2\/types\/post"}],"author":[{"embeddable":true,"href":"https:\/\/lospoliticosveracruz.com\/index.php?rest_route=\/wp\/v2\/users\/2"}],"replies":[{"embeddable":true,"href":"https:\/\/lospoliticosveracruz.com\/index.php?rest_route=%2Fwp%2Fv2%2Fcomments&post=65146"}],"version-history":[{"count":2,"href":"https:\/\/lospoliticosveracruz.com\/index.php?rest_route=\/wp\/v2\/posts\/65146\/revisions"}],"predecessor-version":[{"id":65158,"href":"https:\/\/lospoliticosveracruz.com\/index.php?rest_route=\/wp\/v2\/posts\/65146\/revisions\/65158"}],"wp:featuredmedia":[{"embeddable":true,"href":"https:\/\/lospoliticosveracruz.com\/index.php?rest_route=\/wp\/v2\/media\/65147"}],"wp:attachment":[{"href":"https:\/\/lospoliticosveracruz.com\/index.php?rest_route=%2Fwp%2Fv2%2Fmedia&parent=65146"}],"wp:term":[{"taxonomy":"category","embeddable":true,"href":"https:\/\/lospoliticosveracruz.com\/index.php?rest_route=%2Fwp%2Fv2%2Fcategories&post=65146"},{"taxonomy":"post_tag","embeddable":true,"href":"https:\/\/lospoliticosveracruz.com\/index.php?rest_route=%2Fwp%2Fv2%2Ftags&post=65146"}],"curies":[{"name":"wp","href":"https:\/\/api.w.org\/{rel}","templated":true}]}}