{"id":65183,"date":"2020-12-10T14:21:28","date_gmt":"2020-12-10T20:21:28","guid":{"rendered":"http:\/\/www.lospoliticosveracruz.com.mx\/?p=65183"},"modified":"2020-12-10T14:21:28","modified_gmt":"2020-12-10T20:21:28","slug":"sacaran-a-medellin-del-estancamiento","status":"publish","type":"post","link":"https:\/\/lospoliticosveracruz.com\/?p=65183","title":{"rendered":"Sacar\u00e1n a Medell\u00edn del \u00abestancamiento\u00bb"},"content":{"rendered":"<p>Con la premisa de ayudar a generar el desarrollo social y urban\u00edstico que requiere el municipio de Medell\u00edn de Bravo,  este d\u00eda se  firm\u00f3 un convenio de colaboraci\u00f3n entre MeMo Medell\u00edn en Movimiento A.C. y la Coordinaci\u00f3n Operativa Municipal de Movimiento Ciudadano de ese municipio.<br \/>\nLos integrantes de ambas organizaciones pol\u00edtica y social, coincidieron en no permitir que este municipio mantenga su  \u201cestancamiento\u201d que afecta miles de familias medellinenses.<br \/>\nGuillermo Herrada Jim\u00e9nez, Coordinador Operativo de Movimiento Ciudadano en Medell\u00edn, reconoci\u00f3 la importancia de trabajar de manera conjunta con otras organizaciones civiles, de esta manera, expres\u00f3; se conseguir\u00e1 la mejora en servicios municipales b\u00e1sicos como son: alumbrado p\u00fablico, recolecci\u00f3n puntual de basura y espacios  de convivencia dignos y seguros para toda las familias.<br \/>\n\u201cEs importante mencionar que sabemos las grandes necesidades que tiene y enfrenta el municipio, y s\u00e9 reconocer que para hacer crecer a Medell\u00edn de Bravo necesitamos la colaboraci\u00f3n de varias organizaciones civiles que busquen el bien com\u00fan de los medellinenses. Las coincidencias sociales basadas en el principio b\u00e1sico de la solidaridad y empat\u00eda que hay en MeMo Medell\u00edn en Movimiento A.C. se apegan a los principios b\u00e1sicos de Movimiento Ciudadano\u201d, manifest\u00f3 durante su participaci\u00f3n Herrada Jim\u00e9nez.<br \/>\nEn el mismo sentido, expres\u00f3 que el sector empresarial de este municipio, uno de los m\u00e1s grandes en extensi\u00f3n territorial en la entidad veracruzana, ha manifestado que es momento de trabajar para que Medell\u00edn de Bravo progrese y prospere.<br \/>\nCabe mencionar que la firma de este convenio cont\u00f3 con la participaci\u00f3n de Javier L\u00f3pez Chente Betanzos, representante legal de la agrupaci\u00f3n MeMo Medell\u00edn en Movimiento A.C. y  Liliana Utrera Lara, Secretaria de Organizaci\u00f3n de Movimiento Ciudadano en Medell\u00edn de Bravo.<\/p>\n","protected":false},"excerpt":{"rendered":"<p>Con la premisa de ayudar a generar el desarrollo social y urban\u00edstico que requiere el municipio de Medell\u00edn de Bravo, este d\u00eda se firm\u00f3 un convenio de colaboraci\u00f3n entre MeMo Medell\u00edn en Movimiento A.C. y la Coordinaci\u00f3n Operativa Municipal de Movimiento Ciudadano de ese municipio. Los integrantes de ambas organizaciones pol\u00edtica y social, coincidieron en [&hellip;]<\/p>\n","protected":false},"author":2,"featured_media":65184,"comment_status":"open","ping_status":"open","sticky":false,"template":"","format":"standard","meta":{"tdm_status":"","tdm_grid_status":"","footnotes":""},"categories":[73],"tags":[9332,24290,1420,24289,21760,2327],"class_list":{"0":"post-65183","1":"post","2":"type-post","3":"status-publish","4":"format-standard","5":"has-post-thumbnail","7":"category-de-boleto","8":"tag-desarrollo-social","9":"tag-javier-lopez-chente-betanzos","10":"tag-medellin-de-bravo","11":"tag-mejora-de-servicios","12":"tag-memo-medellin-en-movimiento-a-c","13":"tag-movimiento-ciudadano"},"yoast_head":"<!-- This site is optimized with the Yoast SEO plugin v27.4 - https:\/\/yoast.com\/product\/yoast-seo-wordpress\/ -->\n<title>Sacar\u00e1n a Medell\u00edn del &quot;estancamiento&quot; - Los pol\u00edticos Veracruz<\/title>\n<meta name=\"robots\" content=\"index, follow, max-snippet:-1, max-image-preview:large, max-video-preview:-1\" \/>\n<link rel=\"canonical\" href=\"https:\/\/lospoliticosveracruz.com\/?p=65183\" \/>\n<meta property=\"og:locale\" content=\"es_ES\" \/>\n<meta property=\"og:type\" content=\"article\" \/>\n<meta property=\"og:title\" content=\"Sacar\u00e1n a Medell\u00edn del &quot;estancamiento&quot; - Los pol\u00edticos Veracruz\" \/>\n<meta property=\"og:description\" content=\"Con la premisa de ayudar a generar el desarrollo social y urban\u00edstico que requiere el municipio de Medell\u00edn de Bravo, este d\u00eda se firm\u00f3 un convenio de colaboraci\u00f3n entre MeMo Medell\u00edn en Movimiento A.C. y la Coordinaci\u00f3n Operativa Municipal de Movimiento Ciudadano de ese municipio. Los integrantes de ambas organizaciones pol\u00edtica y social, coincidieron en [&hellip;]\" \/>\n<meta property=\"og:url\" content=\"https:\/\/lospoliticosveracruz.com\/?p=65183\" \/>\n<meta property=\"og:site_name\" content=\"Los pol\u00edticos Veracruz\" \/>\n<meta property=\"article:publisher\" content=\"https:\/\/www.facebook.com\/people\/Notimemes-de-los-Polticos\/61565672886568\/\" \/>\n<meta property=\"article:published_time\" content=\"2020-12-10T20:21:28+00:00\" \/>\n<meta property=\"og:image\" content=\"https:\/\/lospoliticosveracruz.com\/wp-content\/uploads\/2020\/12\/16325306-E0A4-466A-B3AE-9CDC865DB66C.jpeg\" \/>\n\t<meta property=\"og:image:width\" content=\"650\" \/>\n\t<meta property=\"og:image:height\" content=\"350\" \/>\n\t<meta property=\"og:image:type\" content=\"image\/jpeg\" \/>\n<meta name=\"author\" content=\"Lo viste en Los Pol\u00edticos\" \/>\n<meta name=\"twitter:card\" content=\"summary_large_image\" \/>\n<meta name=\"twitter:creator\" content=\"@LosPoliticosVer\" \/>\n<meta name=\"twitter:site\" content=\"@LosPoliticosVer\" \/>\n<meta name=\"twitter:label1\" content=\"Escrito por\" \/>\n\t<meta name=\"twitter:data1\" content=\"Lo viste en Los Pol\u00edticos\" \/>\n\t<meta name=\"twitter:label2\" content=\"Tiempo de lectura\" \/>\n\t<meta name=\"twitter:data2\" content=\"2 minutos\" \/>\n<script type=\"application\/ld+json\" class=\"yoast-schema-graph\">{\"@context\":\"https:\\\/\\\/schema.org\",\"@graph\":[{\"@type\":\"Article\",\"@id\":\"https:\\\/\\\/lospoliticosveracruz.com\\\/?p=65183#article\",\"isPartOf\":{\"@id\":\"https:\\\/\\\/lospoliticosveracruz.com\\\/?p=65183\"},\"author\":{\"name\":\"Lo viste en Los Pol\u00edticos\",\"@id\":\"https:\\\/\\\/lospoliticosveracruz.com\\\/#\\\/schema\\\/person\\\/b8702bb0e538456e6efd07080bf2a4a2\"},\"headline\":\"Sacar\u00e1n a Medell\u00edn del \u00abestancamiento\u00bb\",\"datePublished\":\"2020-12-10T20:21:28+00:00\",\"mainEntityOfPage\":{\"@id\":\"https:\\\/\\\/lospoliticosveracruz.com\\\/?p=65183\"},\"wordCount\":318,\"commentCount\":0,\"publisher\":{\"@id\":\"https:\\\/\\\/lospoliticosveracruz.com\\\/#organization\"},\"image\":{\"@id\":\"https:\\\/\\\/lospoliticosveracruz.com\\\/?p=65183#primaryimage\"},\"thumbnailUrl\":\"https:\\\/\\\/lospoliticosveracruz.com\\\/wp-content\\\/uploads\\\/2020\\\/12\\\/16325306-E0A4-466A-B3AE-9CDC865DB66C.jpeg\",\"keywords\":[\"Desarrollo social\",\"Javier L\u00f3pez Chente Betanzos\",\"Medell\u00edn de Bravo\",\"Mejora de servicios\",\"MeMo Medell\u00edn en Movimiento A.C\",\"Movimiento Ciudadano\"],\"articleSection\":[\"De Boleto\"],\"inLanguage\":\"es\",\"potentialAction\":[{\"@type\":\"CommentAction\",\"name\":\"Comment\",\"target\":[\"https:\\\/\\\/lospoliticosveracruz.com\\\/?p=65183#respond\"]}]},{\"@type\":\"WebPage\",\"@id\":\"https:\\\/\\\/lospoliticosveracruz.com\\\/?p=65183\",\"url\":\"https:\\\/\\\/lospoliticosveracruz.com\\\/?p=65183\",\"name\":\"Sacar\u00e1n a Medell\u00edn del \\\"estancamiento\\\" - Los pol\u00edticos Veracruz\",\"isPartOf\":{\"@id\":\"https:\\\/\\\/lospoliticosveracruz.com\\\/#website\"},\"primaryImageOfPage\":{\"@id\":\"https:\\\/\\\/lospoliticosveracruz.com\\\/?p=65183#primaryimage\"},\"image\":{\"@id\":\"https:\\\/\\\/lospoliticosveracruz.com\\\/?p=65183#primaryimage\"},\"thumbnailUrl\":\"https:\\\/\\\/lospoliticosveracruz.com\\\/wp-content\\\/uploads\\\/2020\\\/12\\\/16325306-E0A4-466A-B3AE-9CDC865DB66C.jpeg\",\"datePublished\":\"2020-12-10T20:21:28+00:00\",\"breadcrumb\":{\"@id\":\"https:\\\/\\\/lospoliticosveracruz.com\\\/?p=65183#breadcrumb\"},\"inLanguage\":\"es\",\"potentialAction\":[{\"@type\":\"ReadAction\",\"target\":[\"https:\\\/\\\/lospoliticosveracruz.com\\\/?p=65183\"]}]},{\"@type\":\"ImageObject\",\"inLanguage\":\"es\",\"@id\":\"https:\\\/\\\/lospoliticosveracruz.com\\\/?p=65183#primaryimage\",\"url\":\"https:\\\/\\\/lospoliticosveracruz.com\\\/wp-content\\\/uploads\\\/2020\\\/12\\\/16325306-E0A4-466A-B3AE-9CDC865DB66C.jpeg\",\"contentUrl\":\"https:\\\/\\\/lospoliticosveracruz.com\\\/wp-content\\\/uploads\\\/2020\\\/12\\\/16325306-E0A4-466A-B3AE-9CDC865DB66C.jpeg\",\"width\":650,\"height\":350},{\"@type\":\"BreadcrumbList\",\"@id\":\"https:\\\/\\\/lospoliticosveracruz.com\\\/?p=65183#breadcrumb\",\"itemListElement\":[{\"@type\":\"ListItem\",\"position\":1,\"name\":\"Portada\",\"item\":\"https:\\\/\\\/lospoliticosveracruz.com\\\/\"},{\"@type\":\"ListItem\",\"position\":2,\"name\":\"Sacar\u00e1n a Medell\u00edn del \u00abestancamiento\u00bb\"}]},{\"@type\":\"WebSite\",\"@id\":\"https:\\\/\\\/lospoliticosveracruz.com\\\/#website\",\"url\":\"https:\\\/\\\/lospoliticosveracruz.com\\\/\",\"name\":\"Los pol\u00edticos Veracruz\",\"description\":\"\",\"publisher\":{\"@id\":\"https:\\\/\\\/lospoliticosveracruz.com\\\/#organization\"},\"potentialAction\":[{\"@type\":\"SearchAction\",\"target\":{\"@type\":\"EntryPoint\",\"urlTemplate\":\"https:\\\/\\\/lospoliticosveracruz.com\\\/?s={search_term_string}\"},\"query-input\":{\"@type\":\"PropertyValueSpecification\",\"valueRequired\":true,\"valueName\":\"search_term_string\"}}],\"inLanguage\":\"es\"},{\"@type\":\"Organization\",\"@id\":\"https:\\\/\\\/lospoliticosveracruz.com\\\/#organization\",\"name\":\"Los pol\u00edticos Veracruz\",\"url\":\"https:\\\/\\\/lospoliticosveracruz.com\\\/\",\"logo\":{\"@type\":\"ImageObject\",\"inLanguage\":\"es\",\"@id\":\"https:\\\/\\\/lospoliticosveracruz.com\\\/#\\\/schema\\\/logo\\\/image\\\/\",\"url\":\"https:\\\/\\\/lospoliticosveracruz.com\\\/wp-content\\\/uploads\\\/2025\\\/12\\\/Logo-Nuevo-LOS-POLITICOS-1.jpg\",\"contentUrl\":\"https:\\\/\\\/lospoliticosveracruz.com\\\/wp-content\\\/uploads\\\/2025\\\/12\\\/Logo-Nuevo-LOS-POLITICOS-1.jpg\",\"width\":260,\"height\":70,\"caption\":\"Los pol\u00edticos Veracruz\"},\"image\":{\"@id\":\"https:\\\/\\\/lospoliticosveracruz.com\\\/#\\\/schema\\\/logo\\\/image\\\/\"},\"sameAs\":[\"https:\\\/\\\/www.facebook.com\\\/people\\\/Notimemes-de-los-Polticos\\\/61565672886568\\\/\",\"https:\\\/\\\/x.com\\\/LosPoliticosVer\"]},{\"@type\":\"Person\",\"@id\":\"https:\\\/\\\/lospoliticosveracruz.com\\\/#\\\/schema\\\/person\\\/b8702bb0e538456e6efd07080bf2a4a2\",\"name\":\"Lo viste en Los Pol\u00edticos\",\"image\":{\"@type\":\"ImageObject\",\"inLanguage\":\"es\",\"@id\":\"https:\\\/\\\/secure.gravatar.com\\\/avatar\\\/3a8de04a2656d44082be478bd6c086daa447c4651605818287b9532d3d0bd435?s=96&d=mm&r=g\",\"url\":\"https:\\\/\\\/secure.gravatar.com\\\/avatar\\\/3a8de04a2656d44082be478bd6c086daa447c4651605818287b9532d3d0bd435?s=96&d=mm&r=g\",\"contentUrl\":\"https:\\\/\\\/secure.gravatar.com\\\/avatar\\\/3a8de04a2656d44082be478bd6c086daa447c4651605818287b9532d3d0bd435?s=96&d=mm&r=g\",\"caption\":\"Lo viste en Los Pol\u00edticos\"},\"url\":\"https:\\\/\\\/lospoliticosveracruz.com\\\/?author=2\"}]}<\/script>\n<!-- \/ Yoast SEO plugin. -->","yoast_head_json":{"title":"Sacar\u00e1n a Medell\u00edn del \"estancamiento\" - Los pol\u00edticos Veracruz","robots":{"index":"index","follow":"follow","max-snippet":"max-snippet:-1","max-image-preview":"max-image-preview:large","max-video-preview":"max-video-preview:-1"},"canonical":"https:\/\/lospoliticosveracruz.com\/?p=65183","og_locale":"es_ES","og_type":"article","og_title":"Sacar\u00e1n a Medell\u00edn del \"estancamiento\" - Los pol\u00edticos Veracruz","og_description":"Con la premisa de ayudar a generar el desarrollo social y urban\u00edstico que requiere el municipio de Medell\u00edn de Bravo, este d\u00eda se firm\u00f3 un convenio de colaboraci\u00f3n entre MeMo Medell\u00edn en Movimiento A.C. y la Coordinaci\u00f3n Operativa Municipal de Movimiento Ciudadano de ese municipio. Los integrantes de ambas organizaciones pol\u00edtica y social, coincidieron en [&hellip;]","og_url":"https:\/\/lospoliticosveracruz.com\/?p=65183","og_site_name":"Los pol\u00edticos Veracruz","article_publisher":"https:\/\/www.facebook.com\/people\/Notimemes-de-los-Polticos\/61565672886568\/","article_published_time":"2020-12-10T20:21:28+00:00","og_image":[{"width":650,"height":350,"url":"https:\/\/lospoliticosveracruz.com\/wp-content\/uploads\/2020\/12\/16325306-E0A4-466A-B3AE-9CDC865DB66C.jpeg","type":"image\/jpeg"}],"author":"Lo viste en Los Pol\u00edticos","twitter_card":"summary_large_image","twitter_creator":"@LosPoliticosVer","twitter_site":"@LosPoliticosVer","twitter_misc":{"Escrito por":"Lo viste en Los Pol\u00edticos","Tiempo de lectura":"2 minutos"},"schema":{"@context":"https:\/\/schema.org","@graph":[{"@type":"Article","@id":"https:\/\/lospoliticosveracruz.com\/?p=65183#article","isPartOf":{"@id":"https:\/\/lospoliticosveracruz.com\/?p=65183"},"author":{"name":"Lo viste en Los Pol\u00edticos","@id":"https:\/\/lospoliticosveracruz.com\/#\/schema\/person\/b8702bb0e538456e6efd07080bf2a4a2"},"headline":"Sacar\u00e1n a Medell\u00edn del \u00abestancamiento\u00bb","datePublished":"2020-12-10T20:21:28+00:00","mainEntityOfPage":{"@id":"https:\/\/lospoliticosveracruz.com\/?p=65183"},"wordCount":318,"commentCount":0,"publisher":{"@id":"https:\/\/lospoliticosveracruz.com\/#organization"},"image":{"@id":"https:\/\/lospoliticosveracruz.com\/?p=65183#primaryimage"},"thumbnailUrl":"https:\/\/lospoliticosveracruz.com\/wp-content\/uploads\/2020\/12\/16325306-E0A4-466A-B3AE-9CDC865DB66C.jpeg","keywords":["Desarrollo social","Javier L\u00f3pez Chente Betanzos","Medell\u00edn de Bravo","Mejora de servicios","MeMo Medell\u00edn en Movimiento A.C","Movimiento Ciudadano"],"articleSection":["De Boleto"],"inLanguage":"es","potentialAction":[{"@type":"CommentAction","name":"Comment","target":["https:\/\/lospoliticosveracruz.com\/?p=65183#respond"]}]},{"@type":"WebPage","@id":"https:\/\/lospoliticosveracruz.com\/?p=65183","url":"https:\/\/lospoliticosveracruz.com\/?p=65183","name":"Sacar\u00e1n a Medell\u00edn del \"estancamiento\" - Los pol\u00edticos Veracruz","isPartOf":{"@id":"https:\/\/lospoliticosveracruz.com\/#website"},"primaryImageOfPage":{"@id":"https:\/\/lospoliticosveracruz.com\/?p=65183#primaryimage"},"image":{"@id":"https:\/\/lospoliticosveracruz.com\/?p=65183#primaryimage"},"thumbnailUrl":"https:\/\/lospoliticosveracruz.com\/wp-content\/uploads\/2020\/12\/16325306-E0A4-466A-B3AE-9CDC865DB66C.jpeg","datePublished":"2020-12-10T20:21:28+00:00","breadcrumb":{"@id":"https:\/\/lospoliticosveracruz.com\/?p=65183#breadcrumb"},"inLanguage":"es","potentialAction":[{"@type":"ReadAction","target":["https:\/\/lospoliticosveracruz.com\/?p=65183"]}]},{"@type":"ImageObject","inLanguage":"es","@id":"https:\/\/lospoliticosveracruz.com\/?p=65183#primaryimage","url":"https:\/\/lospoliticosveracruz.com\/wp-content\/uploads\/2020\/12\/16325306-E0A4-466A-B3AE-9CDC865DB66C.jpeg","contentUrl":"https:\/\/lospoliticosveracruz.com\/wp-content\/uploads\/2020\/12\/16325306-E0A4-466A-B3AE-9CDC865DB66C.jpeg","width":650,"height":350},{"@type":"BreadcrumbList","@id":"https:\/\/lospoliticosveracruz.com\/?p=65183#breadcrumb","itemListElement":[{"@type":"ListItem","position":1,"name":"Portada","item":"https:\/\/lospoliticosveracruz.com\/"},{"@type":"ListItem","position":2,"name":"Sacar\u00e1n a Medell\u00edn del \u00abestancamiento\u00bb"}]},{"@type":"WebSite","@id":"https:\/\/lospoliticosveracruz.com\/#website","url":"https:\/\/lospoliticosveracruz.com\/","name":"Los pol\u00edticos Veracruz","description":"","publisher":{"@id":"https:\/\/lospoliticosveracruz.com\/#organization"},"potentialAction":[{"@type":"SearchAction","target":{"@type":"EntryPoint","urlTemplate":"https:\/\/lospoliticosveracruz.com\/?s={search_term_string}"},"query-input":{"@type":"PropertyValueSpecification","valueRequired":true,"valueName":"search_term_string"}}],"inLanguage":"es"},{"@type":"Organization","@id":"https:\/\/lospoliticosveracruz.com\/#organization","name":"Los pol\u00edticos Veracruz","url":"https:\/\/lospoliticosveracruz.com\/","logo":{"@type":"ImageObject","inLanguage":"es","@id":"https:\/\/lospoliticosveracruz.com\/#\/schema\/logo\/image\/","url":"https:\/\/lospoliticosveracruz.com\/wp-content\/uploads\/2025\/12\/Logo-Nuevo-LOS-POLITICOS-1.jpg","contentUrl":"https:\/\/lospoliticosveracruz.com\/wp-content\/uploads\/2025\/12\/Logo-Nuevo-LOS-POLITICOS-1.jpg","width":260,"height":70,"caption":"Los pol\u00edticos Veracruz"},"image":{"@id":"https:\/\/lospoliticosveracruz.com\/#\/schema\/logo\/image\/"},"sameAs":["https:\/\/www.facebook.com\/people\/Notimemes-de-los-Polticos\/61565672886568\/","https:\/\/x.com\/LosPoliticosVer"]},{"@type":"Person","@id":"https:\/\/lospoliticosveracruz.com\/#\/schema\/person\/b8702bb0e538456e6efd07080bf2a4a2","name":"Lo viste en Los Pol\u00edticos","image":{"@type":"ImageObject","inLanguage":"es","@id":"https:\/\/secure.gravatar.com\/avatar\/3a8de04a2656d44082be478bd6c086daa447c4651605818287b9532d3d0bd435?s=96&d=mm&r=g","url":"https:\/\/secure.gravatar.com\/avatar\/3a8de04a2656d44082be478bd6c086daa447c4651605818287b9532d3d0bd435?s=96&d=mm&r=g","contentUrl":"https:\/\/secure.gravatar.com\/avatar\/3a8de04a2656d44082be478bd6c086daa447c4651605818287b9532d3d0bd435?s=96&d=mm&r=g","caption":"Lo viste en Los Pol\u00edticos"},"url":"https:\/\/lospoliticosveracruz.com\/?author=2"}]}},"_links":{"self":[{"href":"https:\/\/lospoliticosveracruz.com\/index.php?rest_route=\/wp\/v2\/posts\/65183","targetHints":{"allow":["GET"]}}],"collection":[{"href":"https:\/\/lospoliticosveracruz.com\/index.php?rest_route=\/wp\/v2\/posts"}],"about":[{"href":"https:\/\/lospoliticosveracruz.com\/index.php?rest_route=\/wp\/v2\/types\/post"}],"author":[{"embeddable":true,"href":"https:\/\/lospoliticosveracruz.com\/index.php?rest_route=\/wp\/v2\/users\/2"}],"replies":[{"embeddable":true,"href":"https:\/\/lospoliticosveracruz.com\/index.php?rest_route=%2Fwp%2Fv2%2Fcomments&post=65183"}],"version-history":[{"count":1,"href":"https:\/\/lospoliticosveracruz.com\/index.php?rest_route=\/wp\/v2\/posts\/65183\/revisions"}],"predecessor-version":[{"id":65185,"href":"https:\/\/lospoliticosveracruz.com\/index.php?rest_route=\/wp\/v2\/posts\/65183\/revisions\/65185"}],"wp:featuredmedia":[{"embeddable":true,"href":"https:\/\/lospoliticosveracruz.com\/index.php?rest_route=\/wp\/v2\/media\/65184"}],"wp:attachment":[{"href":"https:\/\/lospoliticosveracruz.com\/index.php?rest_route=%2Fwp%2Fv2%2Fmedia&parent=65183"}],"wp:term":[{"taxonomy":"category","embeddable":true,"href":"https:\/\/lospoliticosveracruz.com\/index.php?rest_route=%2Fwp%2Fv2%2Fcategories&post=65183"},{"taxonomy":"post_tag","embeddable":true,"href":"https:\/\/lospoliticosveracruz.com\/index.php?rest_route=%2Fwp%2Fv2%2Ftags&post=65183"}],"curies":[{"name":"wp","href":"https:\/\/api.w.org\/{rel}","templated":true}]}}