{"id":65294,"date":"2020-12-13T19:05:24","date_gmt":"2020-12-14T01:05:24","guid":{"rendered":"http:\/\/www.lospoliticosveracruz.com.mx\/?p=65294"},"modified":"2020-12-14T08:30:40","modified_gmt":"2020-12-14T14:30:40","slug":"y-ellas-se-enlistan","status":"publish","type":"post","link":"https:\/\/lospoliticosveracruz.com\/?p=65294","title":{"rendered":"Y ellas se enlistan"},"content":{"rendered":"<p><strong>Brenda Caballero<\/strong><\/p>\n<p><em>N\u00fameros Rojos<\/em><\/p>\n<p><span style=\"font-weight: 400;\"><a href=\"http:\/\/www.lospoliticosveracruz.com.mx\/wp-content\/uploads\/2020\/12\/Informe-Lety.jpg\"><img loading=\"lazy\" decoding=\"async\" class=\"alignleft size-full wp-image-65308\" src=\"http:\/\/www.lospoliticosveracruz.com.mx\/wp-content\/uploads\/2020\/12\/Informe-Lety.jpg\" alt=\"Informe Lety\" width=\"375\" height=\"733\" \/><\/a>El proceso electoral se acerca y ya se mencionan nombres de mujeres que probablemente sean candidatas a la alcald\u00eda o a una curul local o federal. Recordemos que tambi\u00e9n se designar\u00e1n regidoras y s\u00edndicas.<\/span><\/p>\n<p><span style=\"font-weight: 400;\">Algunas de ellas tienen rato trabajando; otras, lo han hecho muy discretamente pero ya se enlistan para un proceso interno en su partido.<\/span><\/p>\n<p><span style=\"font-weight: 400;\">En P\u00e1nuco ya se escucha el nombre de Tava Ortega para la alcald\u00eda. Incluso se le ha visto en reuniones con varias mujeres. Todo indica que est\u00e1 haciendo un bloque femenino.<\/span><\/p>\n<p><span style=\"font-weight: 400;\">En San Rafael, por el PRD, Myriam Lagunes Mar\u00edn (quien por cierto, en breve ha de tener a su beb\u00e9), con su trabajo en pro de las mujeres, est\u00e1 m\u00e1s que puesta para contender por una curul en esa zona citr\u00edcola.\u00a0<\/span><\/p>\n<p><span style=\"font-weight: 400;\">Y por la regi\u00f3n de las empapatadas, la actual diputada Marigraz Hern\u00e1ndez tiene varias opciones: buscar la reelecci\u00f3n por la local; ir por la curul federal; o hasta nos sorprenda yendo al relevo de su padre, Oth\u00f3n Hern\u00e1ndez Candanedo, actual alcalde de la Se\u00f1orial Misantla\u2026 aunque a muchos, esto ya suena m\u00e1s a un asunto de \u201cpeque\u00f1o cacicazgo\u201d porque ahora, hasta el esposo de Marigraz igual quiere probar suerte en las urnas.<\/span><\/p>\n<p><span style=\"font-weight: 400;\">Hablando de PAN, pero de Mart\u00ednez de la Torre, se espera que Mariely Manterola retome la batuta pero no por volver al Palacio Legislativo, sino para ser presidenta municipal.<\/span><\/p>\n<p><span style=\"font-weight: 400;\">Cerca de esa zona, no hay que olvidar a Noreya Portilla Gumecindo, quien viene trabajando sin hacer mucho ruido al lado de Ren\u00e9 Bejarano. Aunque ella no ha dicho \u201cesta boca es m\u00eda\u201d, claro que no le desagradar\u00eda competir por una curul de San L\u00e1zaro\u2026 s\u00ed, por Morena.<\/span><\/p>\n<p><span style=\"font-weight: 400;\">En Xalapa, el nombre de Elizabeth Morales viene cobrando fuerza desde hace ya unas semanas\u2026 el cargo no sorprende tanto porque la ubican como candidata a la alcald\u00eda, sino por el partido: Morena. Una encuesta publicada hace poco, la ubic\u00f3 tranquilamente por encima de la diputada Rosalinda Galindo.<\/span><\/p>\n<p><span style=\"font-weight: 400;\">Entre los panistas hay quienes piden en silencio una oportunidad para Mayra Cort\u00e9s Rodr\u00edguez para disputar una diputaci\u00f3n local. Aunque no lo quieran aceptar en el PAN, tienen una deuda pendiente con las albiazules de la Atenas.\u00a0<\/span><\/p>\n<p><span style=\"font-weight: 400;\">En Coatepec, el nombre de Arely Bonilla, actual s\u00edndica, suena cada vez m\u00e1s fuerte para la diputaci\u00f3n local, aunque en esta ocasi\u00f3n ser\u00eda por Morena.\u00a0<\/span><\/p>\n<p><span style=\"font-weight: 400;\">Hace un mes aproximadamente, en las redes sociales deslizaron un nombre por la alcald\u00eda de Orizaba: Osi Pirez de Diez; s\u00ed, la esposa de Juan Manuel Diez Francos. Si bien, las dos ocasiones en que Osi ha participado en las administraciones municipales de su esposo, ha dejado grato sabor de boca, lo ha hecho tambi\u00e9n fuera de ella con su labor altruista al frente de la asociaci\u00f3n civil Orizaba Propone.<\/span><\/p>\n<p><span style=\"font-weight: 400;\">Otra empresaria de la que se rumora quiere ser candidata a la alcald\u00eda de Ciudad Mendoza es Mar\u00eda Candelas Francisco Doce, quien pidi\u00f3 licencia como Diputada local hasta el 31 de enero; tambi\u00e9n dicen que podr\u00eda buscar la curul federal \u00bfSer\u00e1 que quiere estar m\u00e1s cerca de sus negocios?\u00a0<\/span><\/p>\n<p><span style=\"font-weight: 400;\">En el Puerto, ya apret\u00f3 el paso Rosa Mar\u00eda Hern\u00e1ndez Espejo, quien quiere hacerla grande a la hora de competir por la alcald\u00eda jarocha y por ganas, no para, que ya hasta voz de los jarochos es\u2026 a trav\u00e9s de la radio\u2026<\/span><\/p>\n<p><span style=\"font-weight: 400;\">Otra jarocha que pudiera dar una sorpresa, si la Alianza en el Puerto no la creen necesaria, ser\u00eda Anil\u00fa Ingram Vallines, de papel destacable en el Congreso de la Uni\u00f3n, donde m\u00e1s de una vez ha alzado la voz por veracruzanos y mexicanos\u2026 \u00bfSer\u00e1 por la alcald\u00eda? Por lo pronto este jueves 17, presenta su segundo Informe de Labores innovando a causa de la pandemia, pues ser\u00e1 en el \u201cPop Car Cinema\u201d, desde donde tu carro podr\u00e1s escuchar su actividad y luego ver una pel\u00edcula.<\/span><\/p>\n<p><span style=\"font-weight: 400;\">M\u00e1s al sur, en Minatitl\u00e1n, est\u00e1 Damara G\u00f3mez, que lejos de ser un hit en el TikTok, es la piedra en el zapato de la administraci\u00f3n municipal de Nicol\u00e1s Reyes Alvarez, a quien le ha sacado sus trapos sucios en varias ocasiones. Ella podr\u00eda ir por una curul.<\/span><\/p>\n<p><span style=\"font-weight: 400;\">Ana Mar\u00eda Condado Escamilla est\u00e1 m\u00e1s que puesta por el PRD. Ana fue diputada plurinominal en la LXIII Legislatura y apenas en marzo tom\u00f3 protesta a las mujeres que formaron parte del Comit\u00e9 Municipal\u00a0 de Mujeres Perredistas en Acayucan en calidad de representante de las mujeres perredistas del Estado de Veracruz. En el 2018 buscaba una diputaci\u00f3n en alianza con los partidos PRD-PAN y Movimiento Ciudadano. Ahora tambi\u00e9n va en alianza, pero por la Alcald\u00eda de Acayucan.<\/span><\/p>\n<p><span style=\"font-weight: 400;\">Ellas son algunas; a\u00fan faltan m\u00e1s mujeres que dar\u00e1n la batalla en el pr\u00f3ximo proceso electoral.<\/span><\/p>\n<p>&nbsp;<\/p>\n<p><span style=\"font-weight: 400;\">@NumerosRojos_BC<\/span><\/p>\n<p><span style=\"font-weight: 400;\">caballero_brenda@hotmail.com<\/span><\/p>\n","protected":false},"excerpt":{"rendered":"<p>Brenda Caballero N\u00fameros Rojos El proceso electoral se acerca y ya se mencionan nombres de mujeres que probablemente sean candidatas a la alcald\u00eda o a una curul local o federal. Recordemos que tambi\u00e9n se designar\u00e1n regidoras y s\u00edndicas. Algunas de ellas tienen rato trabajando; otras, lo han hecho muy discretamente pero ya se enlistan para [&hellip;]<\/p>\n","protected":false},"author":2,"featured_media":65295,"comment_status":"open","ping_status":"open","sticky":false,"template":"","format":"standard","meta":{"tdm_status":"","tdm_grid_status":"","footnotes":""},"categories":[70],"tags":[103,1872,2687,13084,277,12809,4303,133,13622,7398,14010,6968,373,1026,20319,10865,10916,1639,7553,13706,266,107,251,8170,11900,11799,24348,195],"class_list":{"0":"post-65294","1":"post","2":"type-post","3":"status-publish","4":"format-standard","5":"has-post-thumbnail","7":"category-de-opinion","8":"tag-acayucan","9":"tag-anilu-ingram-vallines","10":"tag-brenda-caballero","11":"tag-ciudad-mendoza","12":"tag-coatepec","13":"tag-damara-gomez","14":"tag-diputaciones","15":"tag-elizabeth-morales","16":"tag-maria-candelas-francisco-doce","17":"tag-mariely-manterola","18":"tag-marigraz-hernandez","19":"tag-mayra-cortes-rodriguez","20":"tag-minatitlan","21":"tag-morena","22":"tag-myriam-lagunes-marin","23":"tag-nicolas-reyes-alvarez","24":"tag-noreya-portilla-gumecindo","25":"tag-orizaba","26":"tag-osi-pirez-de-diez","27":"tag-othon-hernandez-candanedo","28":"tag-pan","29":"tag-prd","30":"tag-pri","31":"tag-rene-bejarano","32":"tag-rosa-maria-hernandez-espejo","33":"tag-rosalinda-galindo","34":"tag-tava-ortega","35":"tag-veracruz"},"yoast_head":"<!-- This site is optimized with the Yoast SEO plugin v27.4 - https:\/\/yoast.com\/product\/yoast-seo-wordpress\/ -->\n<title>Y ellas se enlistan - Los pol\u00edticos Veracruz<\/title>\n<meta name=\"robots\" content=\"index, follow, max-snippet:-1, max-image-preview:large, max-video-preview:-1\" \/>\n<link rel=\"canonical\" href=\"https:\/\/lospoliticosveracruz.com\/?p=65294\" \/>\n<meta property=\"og:locale\" content=\"es_ES\" \/>\n<meta property=\"og:type\" content=\"article\" \/>\n<meta property=\"og:title\" content=\"Y ellas se enlistan - Los pol\u00edticos Veracruz\" \/>\n<meta property=\"og:description\" content=\"Brenda Caballero N\u00fameros Rojos El proceso electoral se acerca y ya se mencionan nombres de mujeres que probablemente sean candidatas a la alcald\u00eda o a una curul local o federal. Recordemos que tambi\u00e9n se designar\u00e1n regidoras y s\u00edndicas. Algunas de ellas tienen rato trabajando; otras, lo han hecho muy discretamente pero ya se enlistan para [&hellip;]\" \/>\n<meta property=\"og:url\" content=\"https:\/\/lospoliticosveracruz.com\/?p=65294\" \/>\n<meta property=\"og:site_name\" content=\"Los pol\u00edticos Veracruz\" \/>\n<meta property=\"article:publisher\" content=\"https:\/\/www.facebook.com\/people\/Notimemes-de-los-Polticos\/61565672886568\/\" \/>\n<meta property=\"article:published_time\" content=\"2020-12-14T01:05:24+00:00\" \/>\n<meta property=\"article:modified_time\" content=\"2020-12-14T14:30:40+00:00\" \/>\n<meta property=\"og:image\" content=\"https:\/\/lospoliticosveracruz.com\/wp-content\/uploads\/2020\/12\/Voto-mujer.jpg\" \/>\n\t<meta property=\"og:image:width\" content=\"600\" \/>\n\t<meta property=\"og:image:height\" content=\"320\" \/>\n\t<meta property=\"og:image:type\" content=\"image\/jpeg\" \/>\n<meta name=\"author\" content=\"Lo viste en Los Pol\u00edticos\" \/>\n<meta name=\"twitter:card\" content=\"summary_large_image\" \/>\n<meta name=\"twitter:creator\" content=\"@LosPoliticosVer\" \/>\n<meta name=\"twitter:site\" content=\"@LosPoliticosVer\" \/>\n<meta name=\"twitter:label1\" content=\"Escrito por\" \/>\n\t<meta name=\"twitter:data1\" content=\"Lo viste en Los Pol\u00edticos\" \/>\n\t<meta name=\"twitter:label2\" content=\"Tiempo de lectura\" \/>\n\t<meta name=\"twitter:data2\" content=\"4 minutos\" \/>\n<script type=\"application\/ld+json\" class=\"yoast-schema-graph\">{\"@context\":\"https:\\\/\\\/schema.org\",\"@graph\":[{\"@type\":\"Article\",\"@id\":\"https:\\\/\\\/lospoliticosveracruz.com\\\/?p=65294#article\",\"isPartOf\":{\"@id\":\"https:\\\/\\\/lospoliticosveracruz.com\\\/?p=65294\"},\"author\":{\"name\":\"Lo viste en Los Pol\u00edticos\",\"@id\":\"https:\\\/\\\/lospoliticosveracruz.com\\\/#\\\/schema\\\/person\\\/b8702bb0e538456e6efd07080bf2a4a2\"},\"headline\":\"Y ellas se enlistan\",\"datePublished\":\"2020-12-14T01:05:24+00:00\",\"dateModified\":\"2020-12-14T14:30:40+00:00\",\"mainEntityOfPage\":{\"@id\":\"https:\\\/\\\/lospoliticosveracruz.com\\\/?p=65294\"},\"wordCount\":851,\"commentCount\":0,\"publisher\":{\"@id\":\"https:\\\/\\\/lospoliticosveracruz.com\\\/#organization\"},\"image\":{\"@id\":\"https:\\\/\\\/lospoliticosveracruz.com\\\/?p=65294#primaryimage\"},\"thumbnailUrl\":\"https:\\\/\\\/lospoliticosveracruz.com\\\/wp-content\\\/uploads\\\/2020\\\/12\\\/Voto-mujer.jpg\",\"keywords\":[\"Acayucan\",\"Anil\u00fa Ingram Vallines\",\"Brenda Caballero\",\"Ciudad Mendoza\",\"Coatepec\",\"Damara G\u00f3mez\",\"Diputaciones\",\"Elizabeth Morales\",\"Mar\u00eda Candelas Francisco Doce\",\"Mariely Manterola\",\"Marigraz Hern\u00e1ndez\",\"Mayra Cort\u00e9s Rodr\u00edguez\",\"Minatitl\u00e1n\",\"Morena\",\"Myriam Lagunes Mar\u00edn\",\"Nicol\u00e1s Reyes \u00c1lvarez\",\"Noreya Portilla Gumecindo\",\"Orizaba\",\"Osi P\u00edrez de Diez\",\"Oth\u00f3n Hern\u00e1ndez Candanedo\",\"PAN\",\"PRD\",\"PRI\",\"Ren\u00e9 Bejarano\",\"Rosa Mar\u00eda Hern\u00e1ndez Espejo\",\"Rosalinda Galindo\",\"Tava Ortega\",\"Veracruz\"],\"articleSection\":[\"De Opini\u00f3n\"],\"inLanguage\":\"es\",\"potentialAction\":[{\"@type\":\"CommentAction\",\"name\":\"Comment\",\"target\":[\"https:\\\/\\\/lospoliticosveracruz.com\\\/?p=65294#respond\"]}]},{\"@type\":\"WebPage\",\"@id\":\"https:\\\/\\\/lospoliticosveracruz.com\\\/?p=65294\",\"url\":\"https:\\\/\\\/lospoliticosveracruz.com\\\/?p=65294\",\"name\":\"Y ellas se enlistan - Los pol\u00edticos Veracruz\",\"isPartOf\":{\"@id\":\"https:\\\/\\\/lospoliticosveracruz.com\\\/#website\"},\"primaryImageOfPage\":{\"@id\":\"https:\\\/\\\/lospoliticosveracruz.com\\\/?p=65294#primaryimage\"},\"image\":{\"@id\":\"https:\\\/\\\/lospoliticosveracruz.com\\\/?p=65294#primaryimage\"},\"thumbnailUrl\":\"https:\\\/\\\/lospoliticosveracruz.com\\\/wp-content\\\/uploads\\\/2020\\\/12\\\/Voto-mujer.jpg\",\"datePublished\":\"2020-12-14T01:05:24+00:00\",\"dateModified\":\"2020-12-14T14:30:40+00:00\",\"breadcrumb\":{\"@id\":\"https:\\\/\\\/lospoliticosveracruz.com\\\/?p=65294#breadcrumb\"},\"inLanguage\":\"es\",\"potentialAction\":[{\"@type\":\"ReadAction\",\"target\":[\"https:\\\/\\\/lospoliticosveracruz.com\\\/?p=65294\"]}]},{\"@type\":\"ImageObject\",\"inLanguage\":\"es\",\"@id\":\"https:\\\/\\\/lospoliticosveracruz.com\\\/?p=65294#primaryimage\",\"url\":\"https:\\\/\\\/lospoliticosveracruz.com\\\/wp-content\\\/uploads\\\/2020\\\/12\\\/Voto-mujer.jpg\",\"contentUrl\":\"https:\\\/\\\/lospoliticosveracruz.com\\\/wp-content\\\/uploads\\\/2020\\\/12\\\/Voto-mujer.jpg\",\"width\":600,\"height\":320},{\"@type\":\"BreadcrumbList\",\"@id\":\"https:\\\/\\\/lospoliticosveracruz.com\\\/?p=65294#breadcrumb\",\"itemListElement\":[{\"@type\":\"ListItem\",\"position\":1,\"name\":\"Portada\",\"item\":\"https:\\\/\\\/lospoliticosveracruz.com\\\/\"},{\"@type\":\"ListItem\",\"position\":2,\"name\":\"Y ellas se enlistan\"}]},{\"@type\":\"WebSite\",\"@id\":\"https:\\\/\\\/lospoliticosveracruz.com\\\/#website\",\"url\":\"https:\\\/\\\/lospoliticosveracruz.com\\\/\",\"name\":\"Los pol\u00edticos Veracruz\",\"description\":\"\",\"publisher\":{\"@id\":\"https:\\\/\\\/lospoliticosveracruz.com\\\/#organization\"},\"potentialAction\":[{\"@type\":\"SearchAction\",\"target\":{\"@type\":\"EntryPoint\",\"urlTemplate\":\"https:\\\/\\\/lospoliticosveracruz.com\\\/?s={search_term_string}\"},\"query-input\":{\"@type\":\"PropertyValueSpecification\",\"valueRequired\":true,\"valueName\":\"search_term_string\"}}],\"inLanguage\":\"es\"},{\"@type\":\"Organization\",\"@id\":\"https:\\\/\\\/lospoliticosveracruz.com\\\/#organization\",\"name\":\"Los pol\u00edticos Veracruz\",\"url\":\"https:\\\/\\\/lospoliticosveracruz.com\\\/\",\"logo\":{\"@type\":\"ImageObject\",\"inLanguage\":\"es\",\"@id\":\"https:\\\/\\\/lospoliticosveracruz.com\\\/#\\\/schema\\\/logo\\\/image\\\/\",\"url\":\"https:\\\/\\\/lospoliticosveracruz.com\\\/wp-content\\\/uploads\\\/2025\\\/12\\\/Logo-Nuevo-LOS-POLITICOS-1.jpg\",\"contentUrl\":\"https:\\\/\\\/lospoliticosveracruz.com\\\/wp-content\\\/uploads\\\/2025\\\/12\\\/Logo-Nuevo-LOS-POLITICOS-1.jpg\",\"width\":260,\"height\":70,\"caption\":\"Los pol\u00edticos Veracruz\"},\"image\":{\"@id\":\"https:\\\/\\\/lospoliticosveracruz.com\\\/#\\\/schema\\\/logo\\\/image\\\/\"},\"sameAs\":[\"https:\\\/\\\/www.facebook.com\\\/people\\\/Notimemes-de-los-Polticos\\\/61565672886568\\\/\",\"https:\\\/\\\/x.com\\\/LosPoliticosVer\"]},{\"@type\":\"Person\",\"@id\":\"https:\\\/\\\/lospoliticosveracruz.com\\\/#\\\/schema\\\/person\\\/b8702bb0e538456e6efd07080bf2a4a2\",\"name\":\"Lo viste en Los Pol\u00edticos\",\"image\":{\"@type\":\"ImageObject\",\"inLanguage\":\"es\",\"@id\":\"https:\\\/\\\/secure.gravatar.com\\\/avatar\\\/3a8de04a2656d44082be478bd6c086daa447c4651605818287b9532d3d0bd435?s=96&d=mm&r=g\",\"url\":\"https:\\\/\\\/secure.gravatar.com\\\/avatar\\\/3a8de04a2656d44082be478bd6c086daa447c4651605818287b9532d3d0bd435?s=96&d=mm&r=g\",\"contentUrl\":\"https:\\\/\\\/secure.gravatar.com\\\/avatar\\\/3a8de04a2656d44082be478bd6c086daa447c4651605818287b9532d3d0bd435?s=96&d=mm&r=g\",\"caption\":\"Lo viste en Los Pol\u00edticos\"},\"url\":\"https:\\\/\\\/lospoliticosveracruz.com\\\/?author=2\"}]}<\/script>\n<!-- \/ Yoast SEO plugin. -->","yoast_head_json":{"title":"Y ellas se enlistan - Los pol\u00edticos Veracruz","robots":{"index":"index","follow":"follow","max-snippet":"max-snippet:-1","max-image-preview":"max-image-preview:large","max-video-preview":"max-video-preview:-1"},"canonical":"https:\/\/lospoliticosveracruz.com\/?p=65294","og_locale":"es_ES","og_type":"article","og_title":"Y ellas se enlistan - Los pol\u00edticos Veracruz","og_description":"Brenda Caballero N\u00fameros Rojos El proceso electoral se acerca y ya se mencionan nombres de mujeres que probablemente sean candidatas a la alcald\u00eda o a una curul local o federal. Recordemos que tambi\u00e9n se designar\u00e1n regidoras y s\u00edndicas. Algunas de ellas tienen rato trabajando; otras, lo han hecho muy discretamente pero ya se enlistan para [&hellip;]","og_url":"https:\/\/lospoliticosveracruz.com\/?p=65294","og_site_name":"Los pol\u00edticos Veracruz","article_publisher":"https:\/\/www.facebook.com\/people\/Notimemes-de-los-Polticos\/61565672886568\/","article_published_time":"2020-12-14T01:05:24+00:00","article_modified_time":"2020-12-14T14:30:40+00:00","og_image":[{"width":600,"height":320,"url":"https:\/\/lospoliticosveracruz.com\/wp-content\/uploads\/2020\/12\/Voto-mujer.jpg","type":"image\/jpeg"}],"author":"Lo viste en Los Pol\u00edticos","twitter_card":"summary_large_image","twitter_creator":"@LosPoliticosVer","twitter_site":"@LosPoliticosVer","twitter_misc":{"Escrito por":"Lo viste en Los Pol\u00edticos","Tiempo de lectura":"4 minutos"},"schema":{"@context":"https:\/\/schema.org","@graph":[{"@type":"Article","@id":"https:\/\/lospoliticosveracruz.com\/?p=65294#article","isPartOf":{"@id":"https:\/\/lospoliticosveracruz.com\/?p=65294"},"author":{"name":"Lo viste en Los Pol\u00edticos","@id":"https:\/\/lospoliticosveracruz.com\/#\/schema\/person\/b8702bb0e538456e6efd07080bf2a4a2"},"headline":"Y ellas se enlistan","datePublished":"2020-12-14T01:05:24+00:00","dateModified":"2020-12-14T14:30:40+00:00","mainEntityOfPage":{"@id":"https:\/\/lospoliticosveracruz.com\/?p=65294"},"wordCount":851,"commentCount":0,"publisher":{"@id":"https:\/\/lospoliticosveracruz.com\/#organization"},"image":{"@id":"https:\/\/lospoliticosveracruz.com\/?p=65294#primaryimage"},"thumbnailUrl":"https:\/\/lospoliticosveracruz.com\/wp-content\/uploads\/2020\/12\/Voto-mujer.jpg","keywords":["Acayucan","Anil\u00fa Ingram Vallines","Brenda Caballero","Ciudad Mendoza","Coatepec","Damara G\u00f3mez","Diputaciones","Elizabeth Morales","Mar\u00eda Candelas Francisco Doce","Mariely Manterola","Marigraz Hern\u00e1ndez","Mayra Cort\u00e9s Rodr\u00edguez","Minatitl\u00e1n","Morena","Myriam Lagunes Mar\u00edn","Nicol\u00e1s Reyes \u00c1lvarez","Noreya Portilla Gumecindo","Orizaba","Osi P\u00edrez de Diez","Oth\u00f3n Hern\u00e1ndez Candanedo","PAN","PRD","PRI","Ren\u00e9 Bejarano","Rosa Mar\u00eda Hern\u00e1ndez Espejo","Rosalinda Galindo","Tava Ortega","Veracruz"],"articleSection":["De Opini\u00f3n"],"inLanguage":"es","potentialAction":[{"@type":"CommentAction","name":"Comment","target":["https:\/\/lospoliticosveracruz.com\/?p=65294#respond"]}]},{"@type":"WebPage","@id":"https:\/\/lospoliticosveracruz.com\/?p=65294","url":"https:\/\/lospoliticosveracruz.com\/?p=65294","name":"Y ellas se enlistan - Los pol\u00edticos Veracruz","isPartOf":{"@id":"https:\/\/lospoliticosveracruz.com\/#website"},"primaryImageOfPage":{"@id":"https:\/\/lospoliticosveracruz.com\/?p=65294#primaryimage"},"image":{"@id":"https:\/\/lospoliticosveracruz.com\/?p=65294#primaryimage"},"thumbnailUrl":"https:\/\/lospoliticosveracruz.com\/wp-content\/uploads\/2020\/12\/Voto-mujer.jpg","datePublished":"2020-12-14T01:05:24+00:00","dateModified":"2020-12-14T14:30:40+00:00","breadcrumb":{"@id":"https:\/\/lospoliticosveracruz.com\/?p=65294#breadcrumb"},"inLanguage":"es","potentialAction":[{"@type":"ReadAction","target":["https:\/\/lospoliticosveracruz.com\/?p=65294"]}]},{"@type":"ImageObject","inLanguage":"es","@id":"https:\/\/lospoliticosveracruz.com\/?p=65294#primaryimage","url":"https:\/\/lospoliticosveracruz.com\/wp-content\/uploads\/2020\/12\/Voto-mujer.jpg","contentUrl":"https:\/\/lospoliticosveracruz.com\/wp-content\/uploads\/2020\/12\/Voto-mujer.jpg","width":600,"height":320},{"@type":"BreadcrumbList","@id":"https:\/\/lospoliticosveracruz.com\/?p=65294#breadcrumb","itemListElement":[{"@type":"ListItem","position":1,"name":"Portada","item":"https:\/\/lospoliticosveracruz.com\/"},{"@type":"ListItem","position":2,"name":"Y ellas se enlistan"}]},{"@type":"WebSite","@id":"https:\/\/lospoliticosveracruz.com\/#website","url":"https:\/\/lospoliticosveracruz.com\/","name":"Los pol\u00edticos Veracruz","description":"","publisher":{"@id":"https:\/\/lospoliticosveracruz.com\/#organization"},"potentialAction":[{"@type":"SearchAction","target":{"@type":"EntryPoint","urlTemplate":"https:\/\/lospoliticosveracruz.com\/?s={search_term_string}"},"query-input":{"@type":"PropertyValueSpecification","valueRequired":true,"valueName":"search_term_string"}}],"inLanguage":"es"},{"@type":"Organization","@id":"https:\/\/lospoliticosveracruz.com\/#organization","name":"Los pol\u00edticos Veracruz","url":"https:\/\/lospoliticosveracruz.com\/","logo":{"@type":"ImageObject","inLanguage":"es","@id":"https:\/\/lospoliticosveracruz.com\/#\/schema\/logo\/image\/","url":"https:\/\/lospoliticosveracruz.com\/wp-content\/uploads\/2025\/12\/Logo-Nuevo-LOS-POLITICOS-1.jpg","contentUrl":"https:\/\/lospoliticosveracruz.com\/wp-content\/uploads\/2025\/12\/Logo-Nuevo-LOS-POLITICOS-1.jpg","width":260,"height":70,"caption":"Los pol\u00edticos Veracruz"},"image":{"@id":"https:\/\/lospoliticosveracruz.com\/#\/schema\/logo\/image\/"},"sameAs":["https:\/\/www.facebook.com\/people\/Notimemes-de-los-Polticos\/61565672886568\/","https:\/\/x.com\/LosPoliticosVer"]},{"@type":"Person","@id":"https:\/\/lospoliticosveracruz.com\/#\/schema\/person\/b8702bb0e538456e6efd07080bf2a4a2","name":"Lo viste en Los Pol\u00edticos","image":{"@type":"ImageObject","inLanguage":"es","@id":"https:\/\/secure.gravatar.com\/avatar\/3a8de04a2656d44082be478bd6c086daa447c4651605818287b9532d3d0bd435?s=96&d=mm&r=g","url":"https:\/\/secure.gravatar.com\/avatar\/3a8de04a2656d44082be478bd6c086daa447c4651605818287b9532d3d0bd435?s=96&d=mm&r=g","contentUrl":"https:\/\/secure.gravatar.com\/avatar\/3a8de04a2656d44082be478bd6c086daa447c4651605818287b9532d3d0bd435?s=96&d=mm&r=g","caption":"Lo viste en Los Pol\u00edticos"},"url":"https:\/\/lospoliticosveracruz.com\/?author=2"}]}},"_links":{"self":[{"href":"https:\/\/lospoliticosveracruz.com\/index.php?rest_route=\/wp\/v2\/posts\/65294","targetHints":{"allow":["GET"]}}],"collection":[{"href":"https:\/\/lospoliticosveracruz.com\/index.php?rest_route=\/wp\/v2\/posts"}],"about":[{"href":"https:\/\/lospoliticosveracruz.com\/index.php?rest_route=\/wp\/v2\/types\/post"}],"author":[{"embeddable":true,"href":"https:\/\/lospoliticosveracruz.com\/index.php?rest_route=\/wp\/v2\/users\/2"}],"replies":[{"embeddable":true,"href":"https:\/\/lospoliticosveracruz.com\/index.php?rest_route=%2Fwp%2Fv2%2Fcomments&post=65294"}],"version-history":[{"count":2,"href":"https:\/\/lospoliticosveracruz.com\/index.php?rest_route=\/wp\/v2\/posts\/65294\/revisions"}],"predecessor-version":[{"id":65313,"href":"https:\/\/lospoliticosveracruz.com\/index.php?rest_route=\/wp\/v2\/posts\/65294\/revisions\/65313"}],"wp:featuredmedia":[{"embeddable":true,"href":"https:\/\/lospoliticosveracruz.com\/index.php?rest_route=\/wp\/v2\/media\/65295"}],"wp:attachment":[{"href":"https:\/\/lospoliticosveracruz.com\/index.php?rest_route=%2Fwp%2Fv2%2Fmedia&parent=65294"}],"wp:term":[{"taxonomy":"category","embeddable":true,"href":"https:\/\/lospoliticosveracruz.com\/index.php?rest_route=%2Fwp%2Fv2%2Fcategories&post=65294"},{"taxonomy":"post_tag","embeddable":true,"href":"https:\/\/lospoliticosveracruz.com\/index.php?rest_route=%2Fwp%2Fv2%2Ftags&post=65294"}],"curies":[{"name":"wp","href":"https:\/\/api.w.org\/{rel}","templated":true}]}}