{"id":65401,"date":"2020-12-14T16:32:40","date_gmt":"2020-12-14T22:32:40","guid":{"rendered":"http:\/\/www.lospoliticosveracruz.com.mx\/?p=65401"},"modified":"2020-12-14T16:34:31","modified_gmt":"2020-12-14T22:34:31","slug":"se-les-echo-la-mano-a-mas-de-100-mil","status":"publish","type":"post","link":"https:\/\/lospoliticosveracruz.com\/?p=65401","title":{"rendered":"Se les ech\u00f3 la mano a m\u00e1s de 100 mil!"},"content":{"rendered":"<p>M\u00e1s de cien mil cordobeses se beneficiaron con apoyos entregados a partir del Programa Municipal de Subsidio Alimentario, implementado durante la etapa m\u00e1s aguda de la emergencia por COVID19, inform\u00f3 la presidenta Leticia L\u00f3pez Landero.<br \/>\n<a href=\"http:\/\/www.lospoliticosveracruz.com.mx\/wp-content\/uploads\/2020\/12\/Informe-Lety.jpg\"><img loading=\"lazy\" decoding=\"async\" src=\"http:\/\/www.lospoliticosveracruz.com.mx\/wp-content\/uploads\/2020\/12\/Informe-Lety.jpg\" alt=\"Informe Lety\" width=\"375\" height=\"733\" class=\"alignleft size-full wp-image-65308\" \/><\/a>Resalt\u00f3 que con una inversi\u00f3n de m\u00e1s de siete millones de pesos se logr\u00f3 entregar m\u00e1s de 35 mil despensas, verdes y secas, 10 mil dotaciones de carne de pollo as\u00ed como 10 toneladas de huevo, directamente en los hogares de las familias cordobesas gracias a la colaboraci\u00f3n de m\u00e1s de 300 empleados municipales.<br \/>\nIndic\u00f3 que, como parte de las acciones de la estrategia En C\u00f3rdoba, me quedo en casa, se implement\u00f3 la entrega de subsidios alimentarios a familias vulnerables, enfatizando el apoyo a madres solteras, personas adultas mayores, personas con discapacidad, as\u00ed como a personas que con motivo de la emergencia se quedaron sin ingresos econ\u00f3micos.<br \/>\nL\u00f3pez Landero se\u00f1al\u00f3 que a fin de agilizar y transparentar la entrega de los subsidios alimentarios se implement\u00f3 el Sistema Integral de Atenci\u00f3n Ciudadana (SIAC), lo que permiti\u00f3 atender m\u00e1s de 15 mil solicitudes, adem\u00e1s de aquellas que se canalizaron mediante otras plataformas municipales.<br \/>\n\u201cEnfatizamos la entrega de apoyos de manera directa\u201d, dijo la Presidenta Municipal, quien record\u00f3 que antes de las entregas de despensas y otros insumos, se procur\u00f3 la capacitaci\u00f3n sanitaria del personal municipal a fin de promover su protecci\u00f3n y el cuidado de las personas con las que interactuaron.<br \/>\nDestac\u00f3 que, gracias al manejo transparente de los recursos, empresas privadas confiaron en el Ayuntamiento de C\u00f3rdoba para donar agua y aceite, lo que ampl\u00edo los beneficios a familias vulnerables.<\/p>\n","protected":false},"excerpt":{"rendered":"<p>M\u00e1s de cien mil cordobeses se beneficiaron con apoyos entregados a partir del Programa Municipal de Subsidio Alimentario, implementado durante la etapa m\u00e1s aguda de la emergencia por COVID19, inform\u00f3 la presidenta Leticia L\u00f3pez Landero. Resalt\u00f3 que con una inversi\u00f3n de m\u00e1s de siete millones de pesos se logr\u00f3 entregar m\u00e1s de 35 mil despensas, [&hellip;]<\/p>\n","protected":false},"author":2,"featured_media":65402,"comment_status":"open","ping_status":"open","sticky":false,"template":"","format":"standard","meta":{"tdm_status":"","tdm_grid_status":"","footnotes":""},"categories":[73],"tags":[17829,10847,17502,7641,24379,3287,6934,1067],"class_list":{"0":"post-65401","1":"post","2":"type-post","3":"status-publish","4":"format-standard","5":"has-post-thumbnail","7":"category-de-boleto","8":"tag-covid","9":"tag-despensas","10":"tag-insumos","11":"tag-leticia-lopez-landero","12":"tag-sistema-integral-de-atencion-ciudadana","13":"tag-tercer-informe","14":"tag-tercer-informe-de-gobierno","15":"tag-transparencia"},"yoast_head":"<!-- This site is optimized with the Yoast SEO plugin v27.4 - https:\/\/yoast.com\/product\/yoast-seo-wordpress\/ -->\n<title>Se les ech\u00f3 la mano a m\u00e1s de 100 mil! - Los pol\u00edticos Veracruz<\/title>\n<meta name=\"robots\" content=\"index, follow, max-snippet:-1, max-image-preview:large, max-video-preview:-1\" \/>\n<link rel=\"canonical\" href=\"https:\/\/lospoliticosveracruz.com\/?p=65401\" \/>\n<meta property=\"og:locale\" content=\"es_ES\" \/>\n<meta property=\"og:type\" content=\"article\" \/>\n<meta property=\"og:title\" content=\"Se les ech\u00f3 la mano a m\u00e1s de 100 mil! - Los pol\u00edticos Veracruz\" \/>\n<meta property=\"og:description\" content=\"M\u00e1s de cien mil cordobeses se beneficiaron con apoyos entregados a partir del Programa Municipal de Subsidio Alimentario, implementado durante la etapa m\u00e1s aguda de la emergencia por COVID19, inform\u00f3 la presidenta Leticia L\u00f3pez Landero. Resalt\u00f3 que con una inversi\u00f3n de m\u00e1s de siete millones de pesos se logr\u00f3 entregar m\u00e1s de 35 mil despensas, [&hellip;]\" \/>\n<meta property=\"og:url\" content=\"https:\/\/lospoliticosveracruz.com\/?p=65401\" \/>\n<meta property=\"og:site_name\" content=\"Los pol\u00edticos Veracruz\" \/>\n<meta property=\"article:publisher\" content=\"https:\/\/www.facebook.com\/people\/Notimemes-de-los-Polticos\/61565672886568\/\" \/>\n<meta property=\"article:published_time\" content=\"2020-12-14T22:32:40+00:00\" \/>\n<meta property=\"article:modified_time\" content=\"2020-12-14T22:34:31+00:00\" \/>\n<meta property=\"og:image\" content=\"https:\/\/lospoliticosveracruz.com\/wp-content\/uploads\/2020\/12\/3AF9F9E5-D1CA-45AB-AE5D-7E9E2791D5B4.jpeg\" \/>\n\t<meta property=\"og:image:width\" content=\"650\" \/>\n\t<meta property=\"og:image:height\" content=\"350\" \/>\n\t<meta property=\"og:image:type\" content=\"image\/jpeg\" \/>\n<meta name=\"author\" content=\"Lo viste en Los Pol\u00edticos\" \/>\n<meta name=\"twitter:card\" content=\"summary_large_image\" \/>\n<meta name=\"twitter:creator\" content=\"@LosPoliticosVer\" \/>\n<meta name=\"twitter:site\" content=\"@LosPoliticosVer\" \/>\n<meta name=\"twitter:label1\" content=\"Escrito por\" \/>\n\t<meta name=\"twitter:data1\" content=\"Lo viste en Los Pol\u00edticos\" \/>\n\t<meta name=\"twitter:label2\" content=\"Tiempo de lectura\" \/>\n\t<meta name=\"twitter:data2\" content=\"1 minuto\" \/>\n<script type=\"application\/ld+json\" class=\"yoast-schema-graph\">{\"@context\":\"https:\\\/\\\/schema.org\",\"@graph\":[{\"@type\":\"Article\",\"@id\":\"https:\\\/\\\/lospoliticosveracruz.com\\\/?p=65401#article\",\"isPartOf\":{\"@id\":\"https:\\\/\\\/lospoliticosveracruz.com\\\/?p=65401\"},\"author\":{\"name\":\"Lo viste en Los Pol\u00edticos\",\"@id\":\"https:\\\/\\\/lospoliticosveracruz.com\\\/#\\\/schema\\\/person\\\/b8702bb0e538456e6efd07080bf2a4a2\"},\"headline\":\"Se les ech\u00f3 la mano a m\u00e1s de 100 mil!\",\"datePublished\":\"2020-12-14T22:32:40+00:00\",\"dateModified\":\"2020-12-14T22:34:31+00:00\",\"mainEntityOfPage\":{\"@id\":\"https:\\\/\\\/lospoliticosveracruz.com\\\/?p=65401\"},\"wordCount\":288,\"commentCount\":0,\"publisher\":{\"@id\":\"https:\\\/\\\/lospoliticosveracruz.com\\\/#organization\"},\"image\":{\"@id\":\"https:\\\/\\\/lospoliticosveracruz.com\\\/?p=65401#primaryimage\"},\"thumbnailUrl\":\"https:\\\/\\\/lospoliticosveracruz.com\\\/wp-content\\\/uploads\\\/2020\\\/12\\\/3AF9F9E5-D1CA-45AB-AE5D-7E9E2791D5B4.jpeg\",\"keywords\":[\"Covid\",\"despensas\",\"insumos\",\"Leticia L\u00f3pez Landero\",\"Sistema Integral de Atenci\u00f3n Ciudadana\",\"tercer informe\",\"Tercer Informe de Gobierno\",\"transparencia\"],\"articleSection\":[\"De Boleto\"],\"inLanguage\":\"es\",\"potentialAction\":[{\"@type\":\"CommentAction\",\"name\":\"Comment\",\"target\":[\"https:\\\/\\\/lospoliticosveracruz.com\\\/?p=65401#respond\"]}]},{\"@type\":\"WebPage\",\"@id\":\"https:\\\/\\\/lospoliticosveracruz.com\\\/?p=65401\",\"url\":\"https:\\\/\\\/lospoliticosveracruz.com\\\/?p=65401\",\"name\":\"Se les ech\u00f3 la mano a m\u00e1s de 100 mil! - Los pol\u00edticos Veracruz\",\"isPartOf\":{\"@id\":\"https:\\\/\\\/lospoliticosveracruz.com\\\/#website\"},\"primaryImageOfPage\":{\"@id\":\"https:\\\/\\\/lospoliticosveracruz.com\\\/?p=65401#primaryimage\"},\"image\":{\"@id\":\"https:\\\/\\\/lospoliticosveracruz.com\\\/?p=65401#primaryimage\"},\"thumbnailUrl\":\"https:\\\/\\\/lospoliticosveracruz.com\\\/wp-content\\\/uploads\\\/2020\\\/12\\\/3AF9F9E5-D1CA-45AB-AE5D-7E9E2791D5B4.jpeg\",\"datePublished\":\"2020-12-14T22:32:40+00:00\",\"dateModified\":\"2020-12-14T22:34:31+00:00\",\"breadcrumb\":{\"@id\":\"https:\\\/\\\/lospoliticosveracruz.com\\\/?p=65401#breadcrumb\"},\"inLanguage\":\"es\",\"potentialAction\":[{\"@type\":\"ReadAction\",\"target\":[\"https:\\\/\\\/lospoliticosveracruz.com\\\/?p=65401\"]}]},{\"@type\":\"ImageObject\",\"inLanguage\":\"es\",\"@id\":\"https:\\\/\\\/lospoliticosveracruz.com\\\/?p=65401#primaryimage\",\"url\":\"https:\\\/\\\/lospoliticosveracruz.com\\\/wp-content\\\/uploads\\\/2020\\\/12\\\/3AF9F9E5-D1CA-45AB-AE5D-7E9E2791D5B4.jpeg\",\"contentUrl\":\"https:\\\/\\\/lospoliticosveracruz.com\\\/wp-content\\\/uploads\\\/2020\\\/12\\\/3AF9F9E5-D1CA-45AB-AE5D-7E9E2791D5B4.jpeg\",\"width\":650,\"height\":350},{\"@type\":\"BreadcrumbList\",\"@id\":\"https:\\\/\\\/lospoliticosveracruz.com\\\/?p=65401#breadcrumb\",\"itemListElement\":[{\"@type\":\"ListItem\",\"position\":1,\"name\":\"Portada\",\"item\":\"https:\\\/\\\/lospoliticosveracruz.com\\\/\"},{\"@type\":\"ListItem\",\"position\":2,\"name\":\"Se les ech\u00f3 la mano a m\u00e1s de 100 mil!\"}]},{\"@type\":\"WebSite\",\"@id\":\"https:\\\/\\\/lospoliticosveracruz.com\\\/#website\",\"url\":\"https:\\\/\\\/lospoliticosveracruz.com\\\/\",\"name\":\"Los pol\u00edticos Veracruz\",\"description\":\"\",\"publisher\":{\"@id\":\"https:\\\/\\\/lospoliticosveracruz.com\\\/#organization\"},\"potentialAction\":[{\"@type\":\"SearchAction\",\"target\":{\"@type\":\"EntryPoint\",\"urlTemplate\":\"https:\\\/\\\/lospoliticosveracruz.com\\\/?s={search_term_string}\"},\"query-input\":{\"@type\":\"PropertyValueSpecification\",\"valueRequired\":true,\"valueName\":\"search_term_string\"}}],\"inLanguage\":\"es\"},{\"@type\":\"Organization\",\"@id\":\"https:\\\/\\\/lospoliticosveracruz.com\\\/#organization\",\"name\":\"Los pol\u00edticos Veracruz\",\"url\":\"https:\\\/\\\/lospoliticosveracruz.com\\\/\",\"logo\":{\"@type\":\"ImageObject\",\"inLanguage\":\"es\",\"@id\":\"https:\\\/\\\/lospoliticosveracruz.com\\\/#\\\/schema\\\/logo\\\/image\\\/\",\"url\":\"https:\\\/\\\/lospoliticosveracruz.com\\\/wp-content\\\/uploads\\\/2025\\\/12\\\/Logo-Nuevo-LOS-POLITICOS-1.jpg\",\"contentUrl\":\"https:\\\/\\\/lospoliticosveracruz.com\\\/wp-content\\\/uploads\\\/2025\\\/12\\\/Logo-Nuevo-LOS-POLITICOS-1.jpg\",\"width\":260,\"height\":70,\"caption\":\"Los pol\u00edticos Veracruz\"},\"image\":{\"@id\":\"https:\\\/\\\/lospoliticosveracruz.com\\\/#\\\/schema\\\/logo\\\/image\\\/\"},\"sameAs\":[\"https:\\\/\\\/www.facebook.com\\\/people\\\/Notimemes-de-los-Polticos\\\/61565672886568\\\/\",\"https:\\\/\\\/x.com\\\/LosPoliticosVer\"]},{\"@type\":\"Person\",\"@id\":\"https:\\\/\\\/lospoliticosveracruz.com\\\/#\\\/schema\\\/person\\\/b8702bb0e538456e6efd07080bf2a4a2\",\"name\":\"Lo viste en Los Pol\u00edticos\",\"image\":{\"@type\":\"ImageObject\",\"inLanguage\":\"es\",\"@id\":\"https:\\\/\\\/secure.gravatar.com\\\/avatar\\\/3a8de04a2656d44082be478bd6c086daa447c4651605818287b9532d3d0bd435?s=96&d=mm&r=g\",\"url\":\"https:\\\/\\\/secure.gravatar.com\\\/avatar\\\/3a8de04a2656d44082be478bd6c086daa447c4651605818287b9532d3d0bd435?s=96&d=mm&r=g\",\"contentUrl\":\"https:\\\/\\\/secure.gravatar.com\\\/avatar\\\/3a8de04a2656d44082be478bd6c086daa447c4651605818287b9532d3d0bd435?s=96&d=mm&r=g\",\"caption\":\"Lo viste en Los Pol\u00edticos\"},\"url\":\"https:\\\/\\\/lospoliticosveracruz.com\\\/?author=2\"}]}<\/script>\n<!-- \/ Yoast SEO plugin. -->","yoast_head_json":{"title":"Se les ech\u00f3 la mano a m\u00e1s de 100 mil! - Los pol\u00edticos Veracruz","robots":{"index":"index","follow":"follow","max-snippet":"max-snippet:-1","max-image-preview":"max-image-preview:large","max-video-preview":"max-video-preview:-1"},"canonical":"https:\/\/lospoliticosveracruz.com\/?p=65401","og_locale":"es_ES","og_type":"article","og_title":"Se les ech\u00f3 la mano a m\u00e1s de 100 mil! - Los pol\u00edticos Veracruz","og_description":"M\u00e1s de cien mil cordobeses se beneficiaron con apoyos entregados a partir del Programa Municipal de Subsidio Alimentario, implementado durante la etapa m\u00e1s aguda de la emergencia por COVID19, inform\u00f3 la presidenta Leticia L\u00f3pez Landero. Resalt\u00f3 que con una inversi\u00f3n de m\u00e1s de siete millones de pesos se logr\u00f3 entregar m\u00e1s de 35 mil despensas, [&hellip;]","og_url":"https:\/\/lospoliticosveracruz.com\/?p=65401","og_site_name":"Los pol\u00edticos Veracruz","article_publisher":"https:\/\/www.facebook.com\/people\/Notimemes-de-los-Polticos\/61565672886568\/","article_published_time":"2020-12-14T22:32:40+00:00","article_modified_time":"2020-12-14T22:34:31+00:00","og_image":[{"width":650,"height":350,"url":"https:\/\/lospoliticosveracruz.com\/wp-content\/uploads\/2020\/12\/3AF9F9E5-D1CA-45AB-AE5D-7E9E2791D5B4.jpeg","type":"image\/jpeg"}],"author":"Lo viste en Los Pol\u00edticos","twitter_card":"summary_large_image","twitter_creator":"@LosPoliticosVer","twitter_site":"@LosPoliticosVer","twitter_misc":{"Escrito por":"Lo viste en Los Pol\u00edticos","Tiempo de lectura":"1 minuto"},"schema":{"@context":"https:\/\/schema.org","@graph":[{"@type":"Article","@id":"https:\/\/lospoliticosveracruz.com\/?p=65401#article","isPartOf":{"@id":"https:\/\/lospoliticosveracruz.com\/?p=65401"},"author":{"name":"Lo viste en Los Pol\u00edticos","@id":"https:\/\/lospoliticosveracruz.com\/#\/schema\/person\/b8702bb0e538456e6efd07080bf2a4a2"},"headline":"Se les ech\u00f3 la mano a m\u00e1s de 100 mil!","datePublished":"2020-12-14T22:32:40+00:00","dateModified":"2020-12-14T22:34:31+00:00","mainEntityOfPage":{"@id":"https:\/\/lospoliticosveracruz.com\/?p=65401"},"wordCount":288,"commentCount":0,"publisher":{"@id":"https:\/\/lospoliticosveracruz.com\/#organization"},"image":{"@id":"https:\/\/lospoliticosveracruz.com\/?p=65401#primaryimage"},"thumbnailUrl":"https:\/\/lospoliticosveracruz.com\/wp-content\/uploads\/2020\/12\/3AF9F9E5-D1CA-45AB-AE5D-7E9E2791D5B4.jpeg","keywords":["Covid","despensas","insumos","Leticia L\u00f3pez Landero","Sistema Integral de Atenci\u00f3n Ciudadana","tercer informe","Tercer Informe de Gobierno","transparencia"],"articleSection":["De Boleto"],"inLanguage":"es","potentialAction":[{"@type":"CommentAction","name":"Comment","target":["https:\/\/lospoliticosveracruz.com\/?p=65401#respond"]}]},{"@type":"WebPage","@id":"https:\/\/lospoliticosveracruz.com\/?p=65401","url":"https:\/\/lospoliticosveracruz.com\/?p=65401","name":"Se les ech\u00f3 la mano a m\u00e1s de 100 mil! - Los pol\u00edticos Veracruz","isPartOf":{"@id":"https:\/\/lospoliticosveracruz.com\/#website"},"primaryImageOfPage":{"@id":"https:\/\/lospoliticosveracruz.com\/?p=65401#primaryimage"},"image":{"@id":"https:\/\/lospoliticosveracruz.com\/?p=65401#primaryimage"},"thumbnailUrl":"https:\/\/lospoliticosveracruz.com\/wp-content\/uploads\/2020\/12\/3AF9F9E5-D1CA-45AB-AE5D-7E9E2791D5B4.jpeg","datePublished":"2020-12-14T22:32:40+00:00","dateModified":"2020-12-14T22:34:31+00:00","breadcrumb":{"@id":"https:\/\/lospoliticosveracruz.com\/?p=65401#breadcrumb"},"inLanguage":"es","potentialAction":[{"@type":"ReadAction","target":["https:\/\/lospoliticosveracruz.com\/?p=65401"]}]},{"@type":"ImageObject","inLanguage":"es","@id":"https:\/\/lospoliticosveracruz.com\/?p=65401#primaryimage","url":"https:\/\/lospoliticosveracruz.com\/wp-content\/uploads\/2020\/12\/3AF9F9E5-D1CA-45AB-AE5D-7E9E2791D5B4.jpeg","contentUrl":"https:\/\/lospoliticosveracruz.com\/wp-content\/uploads\/2020\/12\/3AF9F9E5-D1CA-45AB-AE5D-7E9E2791D5B4.jpeg","width":650,"height":350},{"@type":"BreadcrumbList","@id":"https:\/\/lospoliticosveracruz.com\/?p=65401#breadcrumb","itemListElement":[{"@type":"ListItem","position":1,"name":"Portada","item":"https:\/\/lospoliticosveracruz.com\/"},{"@type":"ListItem","position":2,"name":"Se les ech\u00f3 la mano a m\u00e1s de 100 mil!"}]},{"@type":"WebSite","@id":"https:\/\/lospoliticosveracruz.com\/#website","url":"https:\/\/lospoliticosveracruz.com\/","name":"Los pol\u00edticos Veracruz","description":"","publisher":{"@id":"https:\/\/lospoliticosveracruz.com\/#organization"},"potentialAction":[{"@type":"SearchAction","target":{"@type":"EntryPoint","urlTemplate":"https:\/\/lospoliticosveracruz.com\/?s={search_term_string}"},"query-input":{"@type":"PropertyValueSpecification","valueRequired":true,"valueName":"search_term_string"}}],"inLanguage":"es"},{"@type":"Organization","@id":"https:\/\/lospoliticosveracruz.com\/#organization","name":"Los pol\u00edticos Veracruz","url":"https:\/\/lospoliticosveracruz.com\/","logo":{"@type":"ImageObject","inLanguage":"es","@id":"https:\/\/lospoliticosveracruz.com\/#\/schema\/logo\/image\/","url":"https:\/\/lospoliticosveracruz.com\/wp-content\/uploads\/2025\/12\/Logo-Nuevo-LOS-POLITICOS-1.jpg","contentUrl":"https:\/\/lospoliticosveracruz.com\/wp-content\/uploads\/2025\/12\/Logo-Nuevo-LOS-POLITICOS-1.jpg","width":260,"height":70,"caption":"Los pol\u00edticos Veracruz"},"image":{"@id":"https:\/\/lospoliticosveracruz.com\/#\/schema\/logo\/image\/"},"sameAs":["https:\/\/www.facebook.com\/people\/Notimemes-de-los-Polticos\/61565672886568\/","https:\/\/x.com\/LosPoliticosVer"]},{"@type":"Person","@id":"https:\/\/lospoliticosveracruz.com\/#\/schema\/person\/b8702bb0e538456e6efd07080bf2a4a2","name":"Lo viste en Los Pol\u00edticos","image":{"@type":"ImageObject","inLanguage":"es","@id":"https:\/\/secure.gravatar.com\/avatar\/3a8de04a2656d44082be478bd6c086daa447c4651605818287b9532d3d0bd435?s=96&d=mm&r=g","url":"https:\/\/secure.gravatar.com\/avatar\/3a8de04a2656d44082be478bd6c086daa447c4651605818287b9532d3d0bd435?s=96&d=mm&r=g","contentUrl":"https:\/\/secure.gravatar.com\/avatar\/3a8de04a2656d44082be478bd6c086daa447c4651605818287b9532d3d0bd435?s=96&d=mm&r=g","caption":"Lo viste en Los Pol\u00edticos"},"url":"https:\/\/lospoliticosveracruz.com\/?author=2"}]}},"_links":{"self":[{"href":"https:\/\/lospoliticosveracruz.com\/index.php?rest_route=\/wp\/v2\/posts\/65401","targetHints":{"allow":["GET"]}}],"collection":[{"href":"https:\/\/lospoliticosveracruz.com\/index.php?rest_route=\/wp\/v2\/posts"}],"about":[{"href":"https:\/\/lospoliticosveracruz.com\/index.php?rest_route=\/wp\/v2\/types\/post"}],"author":[{"embeddable":true,"href":"https:\/\/lospoliticosveracruz.com\/index.php?rest_route=\/wp\/v2\/users\/2"}],"replies":[{"embeddable":true,"href":"https:\/\/lospoliticosveracruz.com\/index.php?rest_route=%2Fwp%2Fv2%2Fcomments&post=65401"}],"version-history":[{"count":2,"href":"https:\/\/lospoliticosveracruz.com\/index.php?rest_route=\/wp\/v2\/posts\/65401\/revisions"}],"predecessor-version":[{"id":65404,"href":"https:\/\/lospoliticosveracruz.com\/index.php?rest_route=\/wp\/v2\/posts\/65401\/revisions\/65404"}],"wp:featuredmedia":[{"embeddable":true,"href":"https:\/\/lospoliticosveracruz.com\/index.php?rest_route=\/wp\/v2\/media\/65402"}],"wp:attachment":[{"href":"https:\/\/lospoliticosveracruz.com\/index.php?rest_route=%2Fwp%2Fv2%2Fmedia&parent=65401"}],"wp:term":[{"taxonomy":"category","embeddable":true,"href":"https:\/\/lospoliticosveracruz.com\/index.php?rest_route=%2Fwp%2Fv2%2Fcategories&post=65401"},{"taxonomy":"post_tag","embeddable":true,"href":"https:\/\/lospoliticosveracruz.com\/index.php?rest_route=%2Fwp%2Fv2%2Ftags&post=65401"}],"curies":[{"name":"wp","href":"https:\/\/api.w.org\/{rel}","templated":true}]}}