{"id":65423,"date":"2020-12-14T19:27:19","date_gmt":"2020-12-15T01:27:19","guid":{"rendered":"http:\/\/www.lospoliticosveracruz.com.mx\/?p=65423"},"modified":"2020-12-14T19:40:01","modified_gmt":"2020-12-15T01:40:01","slug":"entendio-su-papel-durante-la-pandemia","status":"publish","type":"post","link":"https:\/\/lospoliticosveracruz.com\/?p=65423","title":{"rendered":"Entendi\u00f3 su papel durante la Pandemia!"},"content":{"rendered":"<p>&nbsp;<\/p>\n<p>El Diputado Local del Partido Acci\u00f3n Nacional, Juan Manuel de Un\u00e1nue Abascal present\u00f3 de manera virtual su Segundo Informe de labores y resultados, en donde de forma concreta enumer\u00f3 el trabajo que se ha hecho en beneficio de los habitantes del Distrito XVI.<br \/>\nDe Un\u00e1nue Abascal Destac\u00f3 en primera forma el agradecimiento al personal m\u00e9dico y de salud que durante esta pandemia que se origin\u00f3 a causa del COVID-19 expusieron su vida para atender a las personas que por desgracia se contagiaron de este virus donde incluso pidi\u00f3 les sea reconocida esta heroica acci\u00f3n.<\/p>\n<p><em><strong><a href=\"http:\/\/www.lospoliticosveracruz.com.mx\/wp-content\/uploads\/2020\/12\/Informe-Lety.jpg\"><img loading=\"lazy\" decoding=\"async\" class=\"alignleft size-full wp-image-65308\" src=\"http:\/\/www.lospoliticosveracruz.com.mx\/wp-content\/uploads\/2020\/12\/Informe-Lety.jpg\" alt=\"Informe Lety\" width=\"375\" height=\"733\" \/><\/a>ACCIONES DURANTE LA PANDEMIA<\/strong><\/em><br \/>\nEn este mismo sentido reiter\u00f3 que tanto a nivel legislativo, como a nivel de gesti\u00f3n se lograron grandes apoyos para atender esta problem\u00e1tica mediante la dotaci\u00f3n de insumos m\u00e9dicos para el personal de primera l\u00ednea que estaba atendiendo a pacientes con coronavirus.<br \/>\nAsimismo, apoy\u00f3 a la reactivaci\u00f3n de la econom\u00eda de la zona conurbada Veracruz-Boca del R\u00edo y para salvaguardar la salud de trabajadores y consumidores donando m\u00e1s de 46 mil cubrebocas a representantes de diferentes sectores empresariales.<br \/>\n\u201cEstuvimos cerca de ellos, apoyando de manera peri\u00f3dica al personal m\u00e9dico del hospital de Boca del R\u00edo, dot\u00e1ndoles de cubrebocas, gel antibacterial, term\u00f3metros l\u00e1ser, bauman\u00f3metros, ox\u00edmetros, guantes y otros materiales indispensables para el desarrollo de sus actividades\u201d, explic\u00f3.<br \/>\nDe igual forma y para ayudar a la sociedad, solicit\u00f3 mediante puntos de acuerdo que se lograr\u00e1 quitar el IVA a los insumos para combatir el COVID-19, de igual forma exhort\u00f3 a las autoridades estatales y municipales que dotar\u00e1n gratuitamente de estos mismos a los ciudadanos que as\u00ed lo requirieran en la entidad veracruzana.<br \/>\nAdem\u00e1s de bonos y est\u00edmulos econ\u00f3micos al personal m\u00e9dico que atiende hasta la fecha esta problem\u00e1tica.<\/p>\n<p><em><strong>APOYO TOTAL A TRABAJADORES<\/strong><\/em><br \/>\nDurante el informe, De Un\u00e1nue Abascal resalt\u00f3 la petici\u00f3n que hiciera al Gobierno del Estado, donde exhortaba que de su presupuesto se pagara un mes de n\u00f3mina a todos los veracruzanos que trabajan en comercios particulares, a fin de evitar la p\u00e9rdida de empleos y el cierre de negocios.<br \/>\n\u201cCon esta medida plante\u00e1bamos apoyar a 700 mil trabajadores veracruzanos para que pudieran seguir llevando el sustento a sus hogares; y adem\u00e1s ayudar a miles de empresas veracruzanas a sostenerse pese a esta contingencia\u201d, dijo.<\/p>\n<p><em><strong>CONDONACI\u00d3N PAGO DE ENERG\u00cdA Y REACTIVACI\u00d3N SIN COSTO<\/strong><\/em><br \/>\nEn apoyo de la econom\u00eda de los veracruzanos, el Diputado Local solicit\u00f3 de manera formal a la Comisi\u00f3n Federal de Electricidad, que condonara los adeudos a los usuarios que no han podido pagar sus recibos durante la contingencia y que en su caso volvieran a conectar la energ\u00eda el\u00e9ctrica sin costo alguno. Desgraciadamente dicha instituci\u00f3n federal hizo caso omiso a esta petici\u00f3n que hubiera sido de gran ayuda para los habitantes del Distrito XVI.<\/p>\n<p><strong><em>GESTI\u00d3N CIUDADANA<\/em><\/strong><br \/>\nEl trabajo de un diputado no estar\u00eda completo sin las gestiones a las que podemos dar cumplimiento, resalt\u00f3 durante su informe. De igual forma hizo menci\u00f3n de las acciones realizadas en la Casa de Atenci\u00f3n Ciudadana que incluye gestiones, asesor\u00edas legales, capacitaciones, 836 consultas de atenci\u00f3n m\u00e9dica gratuita con sus respectivos medicamentos del cuadro b\u00e1sico y muchos otros servicios.<br \/>\n\u201cMe da mucho gusto decir que hace un par de d\u00edas entregamos la silla de ruedas n\u00famero 500. Tambi\u00e9n hemos entregado diversos aparatos funcionales, con el prop\u00f3sito de mejorar la calidad de vida de quienes m\u00e1s lo necesitan\u201d, destac\u00f3.<br \/>\nEn materia educativa se entreg\u00f3 becas para que estudiantes y as\u00ed pudieran continuar en la escuela, diversos enseres para los centros educativos del distrito, pintura para diferentes instituciones, mobiliario, material did\u00e1ctico y paquetes escolares para estudiantes de todos los niveles educativos; uniformes deportivos y juguetes para ni\u00f1os y ni\u00f1as con motivos de festejos y ceremonias.<\/p>\n<p><strong><em>CONSEJO CIUDADANO<\/em><\/strong><br \/>\nEn este segundo a\u00f1o legislativo, agradeci\u00f3 las propuestas que se lograron obtener mediante las reuniones del Consejo Ciudadano, el cual fue pieza clave para integrar el 80 por ciento del total de iniciativas que se llevaron el pleno en este segundo periodo legislativo.<\/p>\n<p><strong><em>TRABAJO LEGISLATIVO<\/em><\/strong><br \/>\nEn cuanto a trabajo legislativo, el Diputado Local por Boca del R\u00edo enumer\u00f3 diversas iniciativas y puntos de acuerdo en pro de solucionar las problem\u00e1ticas que diariamente enfrentan los ciudadanos del Distrito XVI entre las que destacan:<br \/>\nQue las reuniones de Comit\u00e9s T\u00e9cnicos de Fideicomisos P\u00fablicos sean p\u00fablicas y se transmitan por internet; prohibir el transporte de ni\u00f1as y ni\u00f1os peque\u00f1os en motocicletas; solicitar a la Secretar\u00eda de Medio Ambiente a emitir un programa con sustituci\u00f3n de bolsas de pl\u00e1stico.<br \/>\nExhort\u00f3 entre otras cosas apoyo al tema tur\u00edstico, en donde se le pidi\u00f3 a la Secretar\u00eda en turno a que realizar\u00e1 una verdadera promoci\u00f3n a los diversos sectores de este ramo.<br \/>\n\u201cDe este sector depende la generaci\u00f3n de miles de empleos, por esta raz\u00f3n propuse que el Gobierno Estatal calendarizara la transferencia de recursos al Fideicomiso del Impuesto al hospedaje. Este dinero que debe ser utilizado para la promoci\u00f3n tur\u00edstica del Estado, debe ser aprovechado en su totalidad y con un calendario de acci\u00f3n\u201d, detall\u00f3.<\/p>\n<p><em><strong>\u00a1CON RUMBO AL FUTURO!<\/strong><\/em><br \/>\nFinalmente, Juan Manuel de Un\u00e1nue concluy\u00f3 su informe agradeciendo el trabajo que por a\u00f1os ha realizado junto a mujeres y hombres de los diversos sectores de la sociedad, c\u00e1maras empresariales y diversos gobiernos municipales.<br \/>\nAgreg\u00f3 que con la suma de estos esfuerzos, el rumbo al futuro luce prometedor y reiter\u00f3 que seguir\u00e1 de la mano trabajando por lograr una realidad m\u00e1s justa para que todo veracruzano tenga derecho a un bienestar, tanto en salud, trabajo bien renumerado y sobre todo vivir seguros.<\/p>\n","protected":false},"excerpt":{"rendered":"<p>&nbsp; El Diputado Local del Partido Acci\u00f3n Nacional, Juan Manuel de Un\u00e1nue Abascal present\u00f3 de manera virtual su Segundo Informe de labores y resultados, en donde de forma concreta enumer\u00f3 el trabajo que se ha hecho en beneficio de los habitantes del Distrito XVI. De Un\u00e1nue Abascal Destac\u00f3 en primera forma el agradecimiento al personal [&hellip;]<\/p>\n","protected":false},"author":2,"featured_media":65420,"comment_status":"open","ping_status":"open","sticky":false,"template":"","format":"standard","meta":{"tdm_status":"","tdm_grid_status":"","footnotes":""},"categories":[73],"tags":[24319,24390,24388,24389,24387,14735,8456,2245,17483,23039],"class_list":{"0":"post-65423","1":"post","2":"type-post","3":"status-publish","4":"format-standard","5":"has-post-thumbnail","7":"category-de-boleto","8":"tag-casa-de-atencion-ciudadana","9":"tag-comites-tecnicos-de-fideicomisos-publicos","10":"tag-condonacion-de-adeudos-a-la-cfe","11":"tag-consejo-ciudadano","12":"tag-dotacion-de-cubrebocas","13":"tag-impuesto-al-hospedaje","14":"tag-juan-manuel-de-unanue-abascal","15":"tag-partido-accion-nacional","16":"tag-personal-medico","17":"tag-segundo-informe-de-labores"},"yoast_head":"<!-- This site is optimized with the Yoast SEO plugin v27.4 - https:\/\/yoast.com\/product\/yoast-seo-wordpress\/ -->\n<title>Entendi\u00f3 su papel durante la Pandemia! - Los pol\u00edticos Veracruz<\/title>\n<meta name=\"robots\" content=\"index, follow, max-snippet:-1, max-image-preview:large, max-video-preview:-1\" \/>\n<link rel=\"canonical\" href=\"https:\/\/lospoliticosveracruz.com\/?p=65423\" \/>\n<meta property=\"og:locale\" content=\"es_ES\" \/>\n<meta property=\"og:type\" content=\"article\" \/>\n<meta property=\"og:title\" content=\"Entendi\u00f3 su papel durante la Pandemia! - Los pol\u00edticos Veracruz\" \/>\n<meta property=\"og:description\" content=\"&nbsp; El Diputado Local del Partido Acci\u00f3n Nacional, Juan Manuel de Un\u00e1nue Abascal present\u00f3 de manera virtual su Segundo Informe de labores y resultados, en donde de forma concreta enumer\u00f3 el trabajo que se ha hecho en beneficio de los habitantes del Distrito XVI. De Un\u00e1nue Abascal Destac\u00f3 en primera forma el agradecimiento al personal [&hellip;]\" \/>\n<meta property=\"og:url\" content=\"https:\/\/lospoliticosveracruz.com\/?p=65423\" \/>\n<meta property=\"og:site_name\" content=\"Los pol\u00edticos Veracruz\" \/>\n<meta property=\"article:publisher\" content=\"https:\/\/www.facebook.com\/people\/Notimemes-de-los-Polticos\/61565672886568\/\" \/>\n<meta property=\"article:published_time\" content=\"2020-12-15T01:27:19+00:00\" \/>\n<meta property=\"article:modified_time\" content=\"2020-12-15T01:40:01+00:00\" \/>\n<meta property=\"og:image\" content=\"https:\/\/lospoliticosveracruz.com\/wp-content\/uploads\/2020\/12\/Unanue1.jpeg\" \/>\n\t<meta property=\"og:image:width\" content=\"650\" \/>\n\t<meta property=\"og:image:height\" content=\"350\" \/>\n\t<meta property=\"og:image:type\" content=\"image\/jpeg\" \/>\n<meta name=\"author\" content=\"Lo viste en Los Pol\u00edticos\" \/>\n<meta name=\"twitter:card\" content=\"summary_large_image\" \/>\n<meta name=\"twitter:creator\" content=\"@LosPoliticosVer\" \/>\n<meta name=\"twitter:site\" content=\"@LosPoliticosVer\" \/>\n<meta name=\"twitter:label1\" content=\"Escrito por\" \/>\n\t<meta name=\"twitter:data1\" content=\"Lo viste en Los Pol\u00edticos\" \/>\n\t<meta name=\"twitter:label2\" content=\"Tiempo de lectura\" \/>\n\t<meta name=\"twitter:data2\" content=\"5 minutos\" \/>\n<script type=\"application\/ld+json\" class=\"yoast-schema-graph\">{\"@context\":\"https:\\\/\\\/schema.org\",\"@graph\":[{\"@type\":\"Article\",\"@id\":\"https:\\\/\\\/lospoliticosveracruz.com\\\/?p=65423#article\",\"isPartOf\":{\"@id\":\"https:\\\/\\\/lospoliticosveracruz.com\\\/?p=65423\"},\"author\":{\"name\":\"Lo viste en Los Pol\u00edticos\",\"@id\":\"https:\\\/\\\/lospoliticosveracruz.com\\\/#\\\/schema\\\/person\\\/b8702bb0e538456e6efd07080bf2a4a2\"},\"headline\":\"Entendi\u00f3 su papel durante la Pandemia!\",\"datePublished\":\"2020-12-15T01:27:19+00:00\",\"dateModified\":\"2020-12-15T01:40:01+00:00\",\"mainEntityOfPage\":{\"@id\":\"https:\\\/\\\/lospoliticosveracruz.com\\\/?p=65423\"},\"wordCount\":993,\"commentCount\":0,\"publisher\":{\"@id\":\"https:\\\/\\\/lospoliticosveracruz.com\\\/#organization\"},\"image\":{\"@id\":\"https:\\\/\\\/lospoliticosveracruz.com\\\/?p=65423#primaryimage\"},\"thumbnailUrl\":\"https:\\\/\\\/lospoliticosveracruz.com\\\/wp-content\\\/uploads\\\/2020\\\/12\\\/Unanue1.jpeg\",\"keywords\":[\"Casa de Atenci\u00f3n Ciudadana\",\"Comit\u00e9s T\u00e9cnicos de Fideicomisos P\u00fablicos\",\"Condonaci\u00f3n de adeudos a la CFE\",\"Consejo Ciudadano\",\"Dotaci\u00f3n de cubrebocas\",\"impuesto al hospedaje\",\"Juan Manuel de Unanue Abascal\",\"Partido Acci\u00f3n Nacional\",\"personal m\u00e9dico\",\"Segundo Informe de Labores\"],\"articleSection\":[\"De Boleto\"],\"inLanguage\":\"es\",\"potentialAction\":[{\"@type\":\"CommentAction\",\"name\":\"Comment\",\"target\":[\"https:\\\/\\\/lospoliticosveracruz.com\\\/?p=65423#respond\"]}]},{\"@type\":\"WebPage\",\"@id\":\"https:\\\/\\\/lospoliticosveracruz.com\\\/?p=65423\",\"url\":\"https:\\\/\\\/lospoliticosveracruz.com\\\/?p=65423\",\"name\":\"Entendi\u00f3 su papel durante la Pandemia! - Los pol\u00edticos Veracruz\",\"isPartOf\":{\"@id\":\"https:\\\/\\\/lospoliticosveracruz.com\\\/#website\"},\"primaryImageOfPage\":{\"@id\":\"https:\\\/\\\/lospoliticosveracruz.com\\\/?p=65423#primaryimage\"},\"image\":{\"@id\":\"https:\\\/\\\/lospoliticosveracruz.com\\\/?p=65423#primaryimage\"},\"thumbnailUrl\":\"https:\\\/\\\/lospoliticosveracruz.com\\\/wp-content\\\/uploads\\\/2020\\\/12\\\/Unanue1.jpeg\",\"datePublished\":\"2020-12-15T01:27:19+00:00\",\"dateModified\":\"2020-12-15T01:40:01+00:00\",\"breadcrumb\":{\"@id\":\"https:\\\/\\\/lospoliticosveracruz.com\\\/?p=65423#breadcrumb\"},\"inLanguage\":\"es\",\"potentialAction\":[{\"@type\":\"ReadAction\",\"target\":[\"https:\\\/\\\/lospoliticosveracruz.com\\\/?p=65423\"]}]},{\"@type\":\"ImageObject\",\"inLanguage\":\"es\",\"@id\":\"https:\\\/\\\/lospoliticosveracruz.com\\\/?p=65423#primaryimage\",\"url\":\"https:\\\/\\\/lospoliticosveracruz.com\\\/wp-content\\\/uploads\\\/2020\\\/12\\\/Unanue1.jpeg\",\"contentUrl\":\"https:\\\/\\\/lospoliticosveracruz.com\\\/wp-content\\\/uploads\\\/2020\\\/12\\\/Unanue1.jpeg\",\"width\":650,\"height\":350},{\"@type\":\"BreadcrumbList\",\"@id\":\"https:\\\/\\\/lospoliticosveracruz.com\\\/?p=65423#breadcrumb\",\"itemListElement\":[{\"@type\":\"ListItem\",\"position\":1,\"name\":\"Portada\",\"item\":\"https:\\\/\\\/lospoliticosveracruz.com\\\/\"},{\"@type\":\"ListItem\",\"position\":2,\"name\":\"Entendi\u00f3 su papel durante la Pandemia!\"}]},{\"@type\":\"WebSite\",\"@id\":\"https:\\\/\\\/lospoliticosveracruz.com\\\/#website\",\"url\":\"https:\\\/\\\/lospoliticosveracruz.com\\\/\",\"name\":\"Los pol\u00edticos Veracruz\",\"description\":\"\",\"publisher\":{\"@id\":\"https:\\\/\\\/lospoliticosveracruz.com\\\/#organization\"},\"potentialAction\":[{\"@type\":\"SearchAction\",\"target\":{\"@type\":\"EntryPoint\",\"urlTemplate\":\"https:\\\/\\\/lospoliticosveracruz.com\\\/?s={search_term_string}\"},\"query-input\":{\"@type\":\"PropertyValueSpecification\",\"valueRequired\":true,\"valueName\":\"search_term_string\"}}],\"inLanguage\":\"es\"},{\"@type\":\"Organization\",\"@id\":\"https:\\\/\\\/lospoliticosveracruz.com\\\/#organization\",\"name\":\"Los pol\u00edticos Veracruz\",\"url\":\"https:\\\/\\\/lospoliticosveracruz.com\\\/\",\"logo\":{\"@type\":\"ImageObject\",\"inLanguage\":\"es\",\"@id\":\"https:\\\/\\\/lospoliticosveracruz.com\\\/#\\\/schema\\\/logo\\\/image\\\/\",\"url\":\"https:\\\/\\\/lospoliticosveracruz.com\\\/wp-content\\\/uploads\\\/2025\\\/12\\\/Logo-Nuevo-LOS-POLITICOS-1.jpg\",\"contentUrl\":\"https:\\\/\\\/lospoliticosveracruz.com\\\/wp-content\\\/uploads\\\/2025\\\/12\\\/Logo-Nuevo-LOS-POLITICOS-1.jpg\",\"width\":260,\"height\":70,\"caption\":\"Los pol\u00edticos Veracruz\"},\"image\":{\"@id\":\"https:\\\/\\\/lospoliticosveracruz.com\\\/#\\\/schema\\\/logo\\\/image\\\/\"},\"sameAs\":[\"https:\\\/\\\/www.facebook.com\\\/people\\\/Notimemes-de-los-Polticos\\\/61565672886568\\\/\",\"https:\\\/\\\/x.com\\\/LosPoliticosVer\"]},{\"@type\":\"Person\",\"@id\":\"https:\\\/\\\/lospoliticosveracruz.com\\\/#\\\/schema\\\/person\\\/b8702bb0e538456e6efd07080bf2a4a2\",\"name\":\"Lo viste en Los Pol\u00edticos\",\"image\":{\"@type\":\"ImageObject\",\"inLanguage\":\"es\",\"@id\":\"https:\\\/\\\/secure.gravatar.com\\\/avatar\\\/3a8de04a2656d44082be478bd6c086daa447c4651605818287b9532d3d0bd435?s=96&d=mm&r=g\",\"url\":\"https:\\\/\\\/secure.gravatar.com\\\/avatar\\\/3a8de04a2656d44082be478bd6c086daa447c4651605818287b9532d3d0bd435?s=96&d=mm&r=g\",\"contentUrl\":\"https:\\\/\\\/secure.gravatar.com\\\/avatar\\\/3a8de04a2656d44082be478bd6c086daa447c4651605818287b9532d3d0bd435?s=96&d=mm&r=g\",\"caption\":\"Lo viste en Los Pol\u00edticos\"},\"url\":\"https:\\\/\\\/lospoliticosveracruz.com\\\/?author=2\"}]}<\/script>\n<!-- \/ Yoast SEO plugin. -->","yoast_head_json":{"title":"Entendi\u00f3 su papel durante la Pandemia! - Los pol\u00edticos Veracruz","robots":{"index":"index","follow":"follow","max-snippet":"max-snippet:-1","max-image-preview":"max-image-preview:large","max-video-preview":"max-video-preview:-1"},"canonical":"https:\/\/lospoliticosveracruz.com\/?p=65423","og_locale":"es_ES","og_type":"article","og_title":"Entendi\u00f3 su papel durante la Pandemia! - Los pol\u00edticos Veracruz","og_description":"&nbsp; El Diputado Local del Partido Acci\u00f3n Nacional, Juan Manuel de Un\u00e1nue Abascal present\u00f3 de manera virtual su Segundo Informe de labores y resultados, en donde de forma concreta enumer\u00f3 el trabajo que se ha hecho en beneficio de los habitantes del Distrito XVI. De Un\u00e1nue Abascal Destac\u00f3 en primera forma el agradecimiento al personal [&hellip;]","og_url":"https:\/\/lospoliticosveracruz.com\/?p=65423","og_site_name":"Los pol\u00edticos Veracruz","article_publisher":"https:\/\/www.facebook.com\/people\/Notimemes-de-los-Polticos\/61565672886568\/","article_published_time":"2020-12-15T01:27:19+00:00","article_modified_time":"2020-12-15T01:40:01+00:00","og_image":[{"width":650,"height":350,"url":"https:\/\/lospoliticosveracruz.com\/wp-content\/uploads\/2020\/12\/Unanue1.jpeg","type":"image\/jpeg"}],"author":"Lo viste en Los Pol\u00edticos","twitter_card":"summary_large_image","twitter_creator":"@LosPoliticosVer","twitter_site":"@LosPoliticosVer","twitter_misc":{"Escrito por":"Lo viste en Los Pol\u00edticos","Tiempo de lectura":"5 minutos"},"schema":{"@context":"https:\/\/schema.org","@graph":[{"@type":"Article","@id":"https:\/\/lospoliticosveracruz.com\/?p=65423#article","isPartOf":{"@id":"https:\/\/lospoliticosveracruz.com\/?p=65423"},"author":{"name":"Lo viste en Los Pol\u00edticos","@id":"https:\/\/lospoliticosveracruz.com\/#\/schema\/person\/b8702bb0e538456e6efd07080bf2a4a2"},"headline":"Entendi\u00f3 su papel durante la Pandemia!","datePublished":"2020-12-15T01:27:19+00:00","dateModified":"2020-12-15T01:40:01+00:00","mainEntityOfPage":{"@id":"https:\/\/lospoliticosveracruz.com\/?p=65423"},"wordCount":993,"commentCount":0,"publisher":{"@id":"https:\/\/lospoliticosveracruz.com\/#organization"},"image":{"@id":"https:\/\/lospoliticosveracruz.com\/?p=65423#primaryimage"},"thumbnailUrl":"https:\/\/lospoliticosveracruz.com\/wp-content\/uploads\/2020\/12\/Unanue1.jpeg","keywords":["Casa de Atenci\u00f3n Ciudadana","Comit\u00e9s T\u00e9cnicos de Fideicomisos P\u00fablicos","Condonaci\u00f3n de adeudos a la CFE","Consejo Ciudadano","Dotaci\u00f3n de cubrebocas","impuesto al hospedaje","Juan Manuel de Unanue Abascal","Partido Acci\u00f3n Nacional","personal m\u00e9dico","Segundo Informe de Labores"],"articleSection":["De Boleto"],"inLanguage":"es","potentialAction":[{"@type":"CommentAction","name":"Comment","target":["https:\/\/lospoliticosveracruz.com\/?p=65423#respond"]}]},{"@type":"WebPage","@id":"https:\/\/lospoliticosveracruz.com\/?p=65423","url":"https:\/\/lospoliticosveracruz.com\/?p=65423","name":"Entendi\u00f3 su papel durante la Pandemia! - Los pol\u00edticos Veracruz","isPartOf":{"@id":"https:\/\/lospoliticosveracruz.com\/#website"},"primaryImageOfPage":{"@id":"https:\/\/lospoliticosveracruz.com\/?p=65423#primaryimage"},"image":{"@id":"https:\/\/lospoliticosveracruz.com\/?p=65423#primaryimage"},"thumbnailUrl":"https:\/\/lospoliticosveracruz.com\/wp-content\/uploads\/2020\/12\/Unanue1.jpeg","datePublished":"2020-12-15T01:27:19+00:00","dateModified":"2020-12-15T01:40:01+00:00","breadcrumb":{"@id":"https:\/\/lospoliticosveracruz.com\/?p=65423#breadcrumb"},"inLanguage":"es","potentialAction":[{"@type":"ReadAction","target":["https:\/\/lospoliticosveracruz.com\/?p=65423"]}]},{"@type":"ImageObject","inLanguage":"es","@id":"https:\/\/lospoliticosveracruz.com\/?p=65423#primaryimage","url":"https:\/\/lospoliticosveracruz.com\/wp-content\/uploads\/2020\/12\/Unanue1.jpeg","contentUrl":"https:\/\/lospoliticosveracruz.com\/wp-content\/uploads\/2020\/12\/Unanue1.jpeg","width":650,"height":350},{"@type":"BreadcrumbList","@id":"https:\/\/lospoliticosveracruz.com\/?p=65423#breadcrumb","itemListElement":[{"@type":"ListItem","position":1,"name":"Portada","item":"https:\/\/lospoliticosveracruz.com\/"},{"@type":"ListItem","position":2,"name":"Entendi\u00f3 su papel durante la Pandemia!"}]},{"@type":"WebSite","@id":"https:\/\/lospoliticosveracruz.com\/#website","url":"https:\/\/lospoliticosveracruz.com\/","name":"Los pol\u00edticos Veracruz","description":"","publisher":{"@id":"https:\/\/lospoliticosveracruz.com\/#organization"},"potentialAction":[{"@type":"SearchAction","target":{"@type":"EntryPoint","urlTemplate":"https:\/\/lospoliticosveracruz.com\/?s={search_term_string}"},"query-input":{"@type":"PropertyValueSpecification","valueRequired":true,"valueName":"search_term_string"}}],"inLanguage":"es"},{"@type":"Organization","@id":"https:\/\/lospoliticosveracruz.com\/#organization","name":"Los pol\u00edticos Veracruz","url":"https:\/\/lospoliticosveracruz.com\/","logo":{"@type":"ImageObject","inLanguage":"es","@id":"https:\/\/lospoliticosveracruz.com\/#\/schema\/logo\/image\/","url":"https:\/\/lospoliticosveracruz.com\/wp-content\/uploads\/2025\/12\/Logo-Nuevo-LOS-POLITICOS-1.jpg","contentUrl":"https:\/\/lospoliticosveracruz.com\/wp-content\/uploads\/2025\/12\/Logo-Nuevo-LOS-POLITICOS-1.jpg","width":260,"height":70,"caption":"Los pol\u00edticos Veracruz"},"image":{"@id":"https:\/\/lospoliticosveracruz.com\/#\/schema\/logo\/image\/"},"sameAs":["https:\/\/www.facebook.com\/people\/Notimemes-de-los-Polticos\/61565672886568\/","https:\/\/x.com\/LosPoliticosVer"]},{"@type":"Person","@id":"https:\/\/lospoliticosveracruz.com\/#\/schema\/person\/b8702bb0e538456e6efd07080bf2a4a2","name":"Lo viste en Los Pol\u00edticos","image":{"@type":"ImageObject","inLanguage":"es","@id":"https:\/\/secure.gravatar.com\/avatar\/3a8de04a2656d44082be478bd6c086daa447c4651605818287b9532d3d0bd435?s=96&d=mm&r=g","url":"https:\/\/secure.gravatar.com\/avatar\/3a8de04a2656d44082be478bd6c086daa447c4651605818287b9532d3d0bd435?s=96&d=mm&r=g","contentUrl":"https:\/\/secure.gravatar.com\/avatar\/3a8de04a2656d44082be478bd6c086daa447c4651605818287b9532d3d0bd435?s=96&d=mm&r=g","caption":"Lo viste en Los Pol\u00edticos"},"url":"https:\/\/lospoliticosveracruz.com\/?author=2"}]}},"_links":{"self":[{"href":"https:\/\/lospoliticosveracruz.com\/index.php?rest_route=\/wp\/v2\/posts\/65423","targetHints":{"allow":["GET"]}}],"collection":[{"href":"https:\/\/lospoliticosveracruz.com\/index.php?rest_route=\/wp\/v2\/posts"}],"about":[{"href":"https:\/\/lospoliticosveracruz.com\/index.php?rest_route=\/wp\/v2\/types\/post"}],"author":[{"embeddable":true,"href":"https:\/\/lospoliticosveracruz.com\/index.php?rest_route=\/wp\/v2\/users\/2"}],"replies":[{"embeddable":true,"href":"https:\/\/lospoliticosveracruz.com\/index.php?rest_route=%2Fwp%2Fv2%2Fcomments&post=65423"}],"version-history":[{"count":2,"href":"https:\/\/lospoliticosveracruz.com\/index.php?rest_route=\/wp\/v2\/posts\/65423\/revisions"}],"predecessor-version":[{"id":65426,"href":"https:\/\/lospoliticosveracruz.com\/index.php?rest_route=\/wp\/v2\/posts\/65423\/revisions\/65426"}],"wp:featuredmedia":[{"embeddable":true,"href":"https:\/\/lospoliticosveracruz.com\/index.php?rest_route=\/wp\/v2\/media\/65420"}],"wp:attachment":[{"href":"https:\/\/lospoliticosveracruz.com\/index.php?rest_route=%2Fwp%2Fv2%2Fmedia&parent=65423"}],"wp:term":[{"taxonomy":"category","embeddable":true,"href":"https:\/\/lospoliticosveracruz.com\/index.php?rest_route=%2Fwp%2Fv2%2Fcategories&post=65423"},{"taxonomy":"post_tag","embeddable":true,"href":"https:\/\/lospoliticosveracruz.com\/index.php?rest_route=%2Fwp%2Fv2%2Ftags&post=65423"}],"curies":[{"name":"wp","href":"https:\/\/api.w.org\/{rel}","templated":true}]}}