{"id":65520,"date":"2020-12-16T12:53:57","date_gmt":"2020-12-16T18:53:57","guid":{"rendered":"http:\/\/www.lospoliticosveracruz.com.mx\/?p=65520"},"modified":"2020-12-16T12:53:57","modified_gmt":"2020-12-16T18:53:57","slug":"el-moreno-fifi","status":"publish","type":"post","link":"https:\/\/lospoliticosveracruz.com\/?p=65520","title":{"rendered":"El Moreno fif\u00ed"},"content":{"rendered":"<p>&nbsp;<\/p>\n<p><strong>Ricardo Ch\u00faa<\/strong><br \/>\n<em>Sale y Vale<\/em><\/p>\n<p>POR QU\u00c9 TE VAS.. .. El diputado local y presidente de la Junta de Coordinaci\u00f3n Pol\u00edtica del Congreso Local, Juan Javier G\u00f3mez Cazar\u00edn, despu\u00e9s de la exhibida que le dieron a su hom\u00f3logo, Sergio Hern\u00e1ndez Hern\u00e1ndez. de realizar fiestas en plena pandemia del COVID&#8230;. Por eso, a \u00e9l se le hace f\u00e1cil venir a Veracruz puerto &#8230;Tal como lo ha comentado el columnista pol\u00edtico, Ivan Calder\u00f3n,, y por ello, para celebrar su felicidad absoluta, anoche acudi\u00f3 a cenar al restaurante de \u00abEl Panky\u00bb del bulevar, con conocida diputada local de la zona centro de Veracruz&#8230;<\/p>\n<p><a href=\"http:\/\/www.lospoliticosveracruz.com.mx\/wp-content\/uploads\/2020\/12\/Informe-Lety.jpg\"><img loading=\"lazy\" decoding=\"async\" class=\"alignleft size-full wp-image-65308\" src=\"http:\/\/www.lospoliticosveracruz.com.mx\/wp-content\/uploads\/2020\/12\/Informe-Lety.jpg\" alt=\"Informe Lety\" width=\"375\" height=\"733\" \/><\/a>Cazar\u00edn lleg\u00f3 \u00abpobremente\u00bb en una camioneta \u00abTahoe\u00bb de \u00faltimo modelo, color negra, la AUSTERIDAD DE LA 4T es falacia porque Cazar\u00edn se gast\u00f3 miles pesos en lo que cen\u00f3 y bebi\u00f3 en el \u00abLlagar\u00bb&#8230; Despacito&#8230;T\u00fa eres el im\u00e1n y yo soy el metal&#8230;. Seg\u00fan el Chambero es un cliente asiduo y de los buenos porque gasta lo que quiere&#8230; M\u00e1s cuando va con la diputada a la cual muestra el poder de su cargo y su cartera&#8230; Ya que guapo lo que dice \u00abgal\u00e1n de barrio\u00bb no es&#8230;<\/p>\n<p>Lo \u00fanico que se puede se\u00f1alar que mientras en Hueyapan de Ocampo, sus conciudadanos no tienes para pagar el recibo de CFE o su despensa&#8230; Su diputado que se publicita paseando con sus perros los fines de semanas, pero se siente \u201cAd\u00e1n entre Evas\u201d y se pasea en Veracruz puerto, en restaurantes que el gobernador, Cuitl\u00e1huac Gac\u00eda,. no va porque considera \u00abFiFi\u00bb&#8230; Su diputado local y su operador en el Congreso Local, acude a estos sitios a comer costillitas y caracol con un vino&#8230; Tan solo para \u00abmatar\u00bb el antojo&#8230;<\/p>\n<p>As\u00ed que el tema de la \u00abausteridad republicana\u00bb con G\u00f3mez Cazart\u00edn queda en otros t\u00e9rminos&#8230; Ya que la cuenta fue de m\u00e1s de 4 mil pesos con cargo al erario del Congreso del Estado&#8230; A poco creen que la pagar\u00e1 \u00e9l&#8230;Por lo pronto, G\u00f3mez Cazar\u00edn tendr\u00e1 que explicar, si quiere.. De donde sali\u00f3 la camioneta \u00abTahoe\u00bb y quien \u00abpompo\u00bb \u00b4porque se supone que un diputado austero de MORENA no tiene ese \u00abcamioneton\u00bb&#8230; Por cierto que bien y que guapa se ve\u00eda la diputada&#8230; Pero&#8230; Esa es otra historia&#8230; SOMEONE LIKE YOU&#8230;<\/p>\n<p>OJO.. El tema es muy sencillo&#8230; Juan Javier G\u00f3mez Cazar\u00edn maneja un discurso muy canijo de que cuidan el recurso de los veracruzanos&#8230; De que el ahorro y bla bla bla&#8230; Pero que al final acude a los mismos sitios donde acuden los \u00abneoliberales\u00bb y \u00abconservadores\u00bb de Veracruz y se gasta ,miles de pesos en comida y en bebidas&#8230; Y todos felices y contentos&#8230; Quienes vieron a Cazar\u00edn dicen que andaba m\u00e1s que contento&#8230;. Nada y nadie le hac\u00eda sombra&#8230; Solo un pinche chismoso por ah\u00ed&#8230;<\/p>\n<p>As\u00ed que todo ese discurso s e viene abajo porque un militante de MORENA pedir\u00e1 por los menos las mismas PREBENDAS que tiene G\u00f3mez Caqzar\u00edn&#8230; Por ser un diputado \u00abaustero\u00bb de la 4T&#8230; Dif\u00edcilmente las costillas al horno o los pulpos a la gallega&#8230; Le salieron m\u00e1s baratos, que comer garnachas de Rinconada&#8230; Nel pastel&#8230; Cazarin lleg\u00f3 al restaurante con todo, sin dejar duda, qui\u00e9n manda en el Congreso Local y quien es la diputada de la zona centro m\u00e1s poderosa a su lado &#8230; CHINGUENCHON&#8230;<\/p>\n<p>El tema aqu\u00ed es que Cuitl\u00e1huac Garc\u00eda como gobernador no pone orden&#8230; No es posible, que su coordinador del Congreso Local&#8230;Acuda a un sitio complemente \u00abfifi\u00bb y muy identificado con los Yunes Azules&#8230; Y \u00e9l no dice nada&#8230; Es lo raro&#8230; Finalmente Cazar\u00edn puede acudir a donde sea al final el dinero es suyo&#8230; Sali\u00f3 muy molesto dar la cara, pero lo hizo&#8230;. Al final de cuentas \u00abinge su\u00bb&#8230; El que comi\u00f3, comi\u00f3&#8230; AMEN&#8230;<\/p>\n<p>LA \u00abGRILLA\u00bb&#8230; Hay versiones que dicen que algunos personajes cercanos a L\u00f3pez Obrador, con influencia pol\u00edtica en Veracruz y MORENA&#8230; Le han dicho al o\u00eddo al Presidente, de que es momento de \u00abIR METIENDO\u00bb poco a poco a gente que conozca el panorama pol\u00edtico del Estado para intentar PRESUNTAMENTE, detener la ca\u00edda electoral que tendr\u00e1n Los Morenos, el pr\u00f3ximo a\u00f1o bajo el mando de Cuitl\u00e1huac&#8230; Y esas \u00abgrillas\u00bb son mortales para cualquier pol\u00edtico en funciones&#8230;<\/p>\n<p>Van a buscar (sus enemigos al interior de MORENA) que a Cuitl\u00e1huac sea el mismo L\u00f3pez Obrador, el que le pida su renuncia como gobernador (algo dif\u00edcil que este panorama se presente) &#8230; Pero si sus adversarios y otros OGTS m\u00e1s, que se dan cuenta, que el mandatario estatal tiene poco apoyo hasta de la clase pol\u00edtica local.. Van a intentar \u00abenlodarlo\u00bb a \u00e9l y a sus cercanos, para presionar salidas y renuncias&#8230; Y lo har\u00e1n tratando de cansar hasta al Presidente con los problemas en Veracruz&#8230;<\/p>\n<p>S\u00f3lo hay que OBSERVAR todo lo que pas\u00f3 esta semana, desde que se dan los hechos sangrientos de Jamapa con el caso Florisel R\u00edos&#8230; Ning\u00fan diputado federal sali\u00f3 a \u00abdefender\u00bb a Cuitl\u00e1huac, de los se\u00f1alamientos del PRD, hasta parece que hab\u00eda \u00abl\u00ednea\u00bb de Mario Delgado, el l\u00edder nacional de MORENA, de dejarlo s\u00f3lo&#8230; As\u00ed se desquita de los \u00abaliados\u00bb de Porfirio Mu\u00f1oz Ledo&#8230; De esa forma, los diputados federales Morenos jarochos, se abrieron de su gobernador y que se \u00abrasque con sus propias u\u00f1as\u00bb&#8230; Y QUE DIOS LO BENDIGA&#8230;<\/p>\n<p>En el caso de los senadores, dicen que a Ricardo Ahued, lo acaban de operar y que est\u00e1 algo delicado de salud, es decir, fuera de la \u00abjugada\u00bb&#8230; Mientras que la otra senadora, la maestra, Gloria S\u00e1nchez, se puede estar \u00abdesquitando\u00bb del distanciamiento, que dicen, tiene con el gobernador&#8230; Ya que ella pidi\u00f3 posiciones en el gabinete y no le han dado respuesta favorable, entonces, es momento de hacerle el vac\u00edo de poder, tanto en lo personal como por indicaci\u00f3n, quiz\u00e1s, de Ricardo Monreal&#8230; De qui\u00e9n m\u00e1s&#8230; REAL POLITIK&#8230;<\/p>\n","protected":false},"excerpt":{"rendered":"<p>&nbsp; Ricardo Ch\u00faa Sale y Vale POR QU\u00c9 TE VAS.. .. El diputado local y presidente de la Junta de Coordinaci\u00f3n Pol\u00edtica del Congreso Local, Juan Javier G\u00f3mez Cazar\u00edn, despu\u00e9s de la exhibida que le dieron a su hom\u00f3logo, Sergio Hern\u00e1ndez Hern\u00e1ndez. de realizar fiestas en plena pandemia del COVID&#8230;. Por eso, a \u00e9l se [&hellip;]<\/p>\n","protected":false},"author":2,"featured_media":65521,"comment_status":"open","ping_status":"open","sticky":false,"template":"","format":"standard","meta":{"tdm_status":"","tdm_grid_status":"","footnotes":""},"categories":[70],"tags":[17426,24484,4973,819,24482,23503,13336,11003,24481,1003,12596,1025,107,876,10353,6481,24483],"class_list":{"0":"post-65520","1":"post","2":"type-post","3":"status-publish","4":"format-standard","5":"has-post-thumbnail","7":"category-de-opinion","8":"tag-4t","9":"tag-camioneton","10":"tag-cfe","11":"tag-congreso-local","12":"tag-cuitlahuac-gacia","13":"tag-florisel-rios","14":"tag-gloria-sanchez","15":"tag-hueyapan-de-ocampo","16":"tag-ivan-calderon","17":"tag-lopez-obrador","18":"tag-mario-delgado","19":"tag-porfirio-munoz-ledo","20":"tag-prd","21":"tag-ricardo-ahued","22":"tag-ricardo-monreal","23":"tag-sergio-hernandez-hernandez","24":"tag-tahoe"},"yoast_head":"<!-- This site is optimized with the Yoast SEO plugin v27.4 - https:\/\/yoast.com\/product\/yoast-seo-wordpress\/ -->\n<title>El Moreno fif\u00ed - Los pol\u00edticos Veracruz<\/title>\n<meta name=\"robots\" content=\"index, follow, max-snippet:-1, max-image-preview:large, max-video-preview:-1\" \/>\n<link rel=\"canonical\" href=\"https:\/\/lospoliticosveracruz.com\/?p=65520\" \/>\n<meta property=\"og:locale\" content=\"es_ES\" \/>\n<meta property=\"og:type\" content=\"article\" \/>\n<meta property=\"og:title\" content=\"El Moreno fif\u00ed - Los pol\u00edticos Veracruz\" \/>\n<meta property=\"og:description\" content=\"&nbsp; Ricardo Ch\u00faa Sale y Vale POR QU\u00c9 TE VAS.. .. El diputado local y presidente de la Junta de Coordinaci\u00f3n Pol\u00edtica del Congreso Local, Juan Javier G\u00f3mez Cazar\u00edn, despu\u00e9s de la exhibida que le dieron a su hom\u00f3logo, Sergio Hern\u00e1ndez Hern\u00e1ndez. de realizar fiestas en plena pandemia del COVID&#8230;. Por eso, a \u00e9l se [&hellip;]\" \/>\n<meta property=\"og:url\" content=\"https:\/\/lospoliticosveracruz.com\/?p=65520\" \/>\n<meta property=\"og:site_name\" content=\"Los pol\u00edticos Veracruz\" \/>\n<meta property=\"article:publisher\" content=\"https:\/\/www.facebook.com\/people\/Notimemes-de-los-Polticos\/61565672886568\/\" \/>\n<meta property=\"article:published_time\" content=\"2020-12-16T18:53:57+00:00\" \/>\n<meta property=\"og:image\" content=\"https:\/\/lospoliticosveracruz.com\/wp-content\/uploads\/2020\/12\/Cazar\u00edn.jpg\" \/>\n\t<meta property=\"og:image:width\" content=\"650\" \/>\n\t<meta property=\"og:image:height\" content=\"350\" \/>\n\t<meta property=\"og:image:type\" content=\"image\/jpeg\" \/>\n<meta name=\"author\" content=\"Lo viste en Los Pol\u00edticos\" \/>\n<meta name=\"twitter:card\" content=\"summary_large_image\" \/>\n<meta name=\"twitter:creator\" content=\"@LosPoliticosVer\" \/>\n<meta name=\"twitter:site\" content=\"@LosPoliticosVer\" \/>\n<meta name=\"twitter:label1\" content=\"Escrito por\" \/>\n\t<meta name=\"twitter:data1\" content=\"Lo viste en Los Pol\u00edticos\" \/>\n\t<meta name=\"twitter:label2\" content=\"Tiempo de lectura\" \/>\n\t<meta name=\"twitter:data2\" content=\"5 minutos\" \/>\n<script type=\"application\/ld+json\" class=\"yoast-schema-graph\">{\"@context\":\"https:\\\/\\\/schema.org\",\"@graph\":[{\"@type\":\"Article\",\"@id\":\"https:\\\/\\\/lospoliticosveracruz.com\\\/?p=65520#article\",\"isPartOf\":{\"@id\":\"https:\\\/\\\/lospoliticosveracruz.com\\\/?p=65520\"},\"author\":{\"name\":\"Lo viste en Los Pol\u00edticos\",\"@id\":\"https:\\\/\\\/lospoliticosveracruz.com\\\/#\\\/schema\\\/person\\\/b8702bb0e538456e6efd07080bf2a4a2\"},\"headline\":\"El Moreno fif\u00ed\",\"datePublished\":\"2020-12-16T18:53:57+00:00\",\"mainEntityOfPage\":{\"@id\":\"https:\\\/\\\/lospoliticosveracruz.com\\\/?p=65520\"},\"wordCount\":1034,\"commentCount\":0,\"publisher\":{\"@id\":\"https:\\\/\\\/lospoliticosveracruz.com\\\/#organization\"},\"image\":{\"@id\":\"https:\\\/\\\/lospoliticosveracruz.com\\\/?p=65520#primaryimage\"},\"thumbnailUrl\":\"https:\\\/\\\/lospoliticosveracruz.com\\\/wp-content\\\/uploads\\\/2020\\\/12\\\/Cazar\u00edn.jpg\",\"keywords\":[\"4T\",\"camioneton\",\"CFE\",\"Congreso local\",\"Cuitl\u00e1huac Gac\u00eda\",\"Florisel R\u00edos\",\"Gloria S\u00e1nchez\",\"Hueyapan de Ocampo\",\"Ivan Calder\u00f3n\",\"L\u00f3pez Obrador\",\"Mario Delgado\",\"Porfirio Mu\u00f1oz Ledo\",\"PRD\",\"Ricardo Ahued\",\"Ricardo Monreal\",\"Sergio Hern\u00e1ndez Hern\u00e1ndez\",\"Tahoe\"],\"articleSection\":[\"De Opini\u00f3n\"],\"inLanguage\":\"es\",\"potentialAction\":[{\"@type\":\"CommentAction\",\"name\":\"Comment\",\"target\":[\"https:\\\/\\\/lospoliticosveracruz.com\\\/?p=65520#respond\"]}]},{\"@type\":\"WebPage\",\"@id\":\"https:\\\/\\\/lospoliticosveracruz.com\\\/?p=65520\",\"url\":\"https:\\\/\\\/lospoliticosveracruz.com\\\/?p=65520\",\"name\":\"El Moreno fif\u00ed - Los pol\u00edticos Veracruz\",\"isPartOf\":{\"@id\":\"https:\\\/\\\/lospoliticosveracruz.com\\\/#website\"},\"primaryImageOfPage\":{\"@id\":\"https:\\\/\\\/lospoliticosveracruz.com\\\/?p=65520#primaryimage\"},\"image\":{\"@id\":\"https:\\\/\\\/lospoliticosveracruz.com\\\/?p=65520#primaryimage\"},\"thumbnailUrl\":\"https:\\\/\\\/lospoliticosveracruz.com\\\/wp-content\\\/uploads\\\/2020\\\/12\\\/Cazar\u00edn.jpg\",\"datePublished\":\"2020-12-16T18:53:57+00:00\",\"breadcrumb\":{\"@id\":\"https:\\\/\\\/lospoliticosveracruz.com\\\/?p=65520#breadcrumb\"},\"inLanguage\":\"es\",\"potentialAction\":[{\"@type\":\"ReadAction\",\"target\":[\"https:\\\/\\\/lospoliticosveracruz.com\\\/?p=65520\"]}]},{\"@type\":\"ImageObject\",\"inLanguage\":\"es\",\"@id\":\"https:\\\/\\\/lospoliticosveracruz.com\\\/?p=65520#primaryimage\",\"url\":\"https:\\\/\\\/lospoliticosveracruz.com\\\/wp-content\\\/uploads\\\/2020\\\/12\\\/Cazar\u00edn.jpg\",\"contentUrl\":\"https:\\\/\\\/lospoliticosveracruz.com\\\/wp-content\\\/uploads\\\/2020\\\/12\\\/Cazar\u00edn.jpg\",\"width\":650,\"height\":350},{\"@type\":\"BreadcrumbList\",\"@id\":\"https:\\\/\\\/lospoliticosveracruz.com\\\/?p=65520#breadcrumb\",\"itemListElement\":[{\"@type\":\"ListItem\",\"position\":1,\"name\":\"Portada\",\"item\":\"https:\\\/\\\/lospoliticosveracruz.com\\\/\"},{\"@type\":\"ListItem\",\"position\":2,\"name\":\"El Moreno fif\u00ed\"}]},{\"@type\":\"WebSite\",\"@id\":\"https:\\\/\\\/lospoliticosveracruz.com\\\/#website\",\"url\":\"https:\\\/\\\/lospoliticosveracruz.com\\\/\",\"name\":\"Los pol\u00edticos Veracruz\",\"description\":\"\",\"publisher\":{\"@id\":\"https:\\\/\\\/lospoliticosveracruz.com\\\/#organization\"},\"potentialAction\":[{\"@type\":\"SearchAction\",\"target\":{\"@type\":\"EntryPoint\",\"urlTemplate\":\"https:\\\/\\\/lospoliticosveracruz.com\\\/?s={search_term_string}\"},\"query-input\":{\"@type\":\"PropertyValueSpecification\",\"valueRequired\":true,\"valueName\":\"search_term_string\"}}],\"inLanguage\":\"es\"},{\"@type\":\"Organization\",\"@id\":\"https:\\\/\\\/lospoliticosveracruz.com\\\/#organization\",\"name\":\"Los pol\u00edticos Veracruz\",\"url\":\"https:\\\/\\\/lospoliticosveracruz.com\\\/\",\"logo\":{\"@type\":\"ImageObject\",\"inLanguage\":\"es\",\"@id\":\"https:\\\/\\\/lospoliticosveracruz.com\\\/#\\\/schema\\\/logo\\\/image\\\/\",\"url\":\"https:\\\/\\\/lospoliticosveracruz.com\\\/wp-content\\\/uploads\\\/2025\\\/12\\\/Logo-Nuevo-LOS-POLITICOS-1.jpg\",\"contentUrl\":\"https:\\\/\\\/lospoliticosveracruz.com\\\/wp-content\\\/uploads\\\/2025\\\/12\\\/Logo-Nuevo-LOS-POLITICOS-1.jpg\",\"width\":260,\"height\":70,\"caption\":\"Los pol\u00edticos Veracruz\"},\"image\":{\"@id\":\"https:\\\/\\\/lospoliticosveracruz.com\\\/#\\\/schema\\\/logo\\\/image\\\/\"},\"sameAs\":[\"https:\\\/\\\/www.facebook.com\\\/people\\\/Notimemes-de-los-Polticos\\\/61565672886568\\\/\",\"https:\\\/\\\/x.com\\\/LosPoliticosVer\"]},{\"@type\":\"Person\",\"@id\":\"https:\\\/\\\/lospoliticosveracruz.com\\\/#\\\/schema\\\/person\\\/b8702bb0e538456e6efd07080bf2a4a2\",\"name\":\"Lo viste en Los Pol\u00edticos\",\"image\":{\"@type\":\"ImageObject\",\"inLanguage\":\"es\",\"@id\":\"https:\\\/\\\/secure.gravatar.com\\\/avatar\\\/3a8de04a2656d44082be478bd6c086daa447c4651605818287b9532d3d0bd435?s=96&d=mm&r=g\",\"url\":\"https:\\\/\\\/secure.gravatar.com\\\/avatar\\\/3a8de04a2656d44082be478bd6c086daa447c4651605818287b9532d3d0bd435?s=96&d=mm&r=g\",\"contentUrl\":\"https:\\\/\\\/secure.gravatar.com\\\/avatar\\\/3a8de04a2656d44082be478bd6c086daa447c4651605818287b9532d3d0bd435?s=96&d=mm&r=g\",\"caption\":\"Lo viste en Los Pol\u00edticos\"},\"url\":\"https:\\\/\\\/lospoliticosveracruz.com\\\/?author=2\"}]}<\/script>\n<!-- \/ Yoast SEO plugin. -->","yoast_head_json":{"title":"El Moreno fif\u00ed - Los pol\u00edticos Veracruz","robots":{"index":"index","follow":"follow","max-snippet":"max-snippet:-1","max-image-preview":"max-image-preview:large","max-video-preview":"max-video-preview:-1"},"canonical":"https:\/\/lospoliticosveracruz.com\/?p=65520","og_locale":"es_ES","og_type":"article","og_title":"El Moreno fif\u00ed - Los pol\u00edticos Veracruz","og_description":"&nbsp; Ricardo Ch\u00faa Sale y Vale POR QU\u00c9 TE VAS.. .. El diputado local y presidente de la Junta de Coordinaci\u00f3n Pol\u00edtica del Congreso Local, Juan Javier G\u00f3mez Cazar\u00edn, despu\u00e9s de la exhibida que le dieron a su hom\u00f3logo, Sergio Hern\u00e1ndez Hern\u00e1ndez. de realizar fiestas en plena pandemia del COVID&#8230;. Por eso, a \u00e9l se [&hellip;]","og_url":"https:\/\/lospoliticosveracruz.com\/?p=65520","og_site_name":"Los pol\u00edticos Veracruz","article_publisher":"https:\/\/www.facebook.com\/people\/Notimemes-de-los-Polticos\/61565672886568\/","article_published_time":"2020-12-16T18:53:57+00:00","og_image":[{"width":650,"height":350,"url":"https:\/\/lospoliticosveracruz.com\/wp-content\/uploads\/2020\/12\/Cazar\u00edn.jpg","type":"image\/jpeg"}],"author":"Lo viste en Los Pol\u00edticos","twitter_card":"summary_large_image","twitter_creator":"@LosPoliticosVer","twitter_site":"@LosPoliticosVer","twitter_misc":{"Escrito por":"Lo viste en Los Pol\u00edticos","Tiempo de lectura":"5 minutos"},"schema":{"@context":"https:\/\/schema.org","@graph":[{"@type":"Article","@id":"https:\/\/lospoliticosveracruz.com\/?p=65520#article","isPartOf":{"@id":"https:\/\/lospoliticosveracruz.com\/?p=65520"},"author":{"name":"Lo viste en Los Pol\u00edticos","@id":"https:\/\/lospoliticosveracruz.com\/#\/schema\/person\/b8702bb0e538456e6efd07080bf2a4a2"},"headline":"El Moreno fif\u00ed","datePublished":"2020-12-16T18:53:57+00:00","mainEntityOfPage":{"@id":"https:\/\/lospoliticosveracruz.com\/?p=65520"},"wordCount":1034,"commentCount":0,"publisher":{"@id":"https:\/\/lospoliticosveracruz.com\/#organization"},"image":{"@id":"https:\/\/lospoliticosveracruz.com\/?p=65520#primaryimage"},"thumbnailUrl":"https:\/\/lospoliticosveracruz.com\/wp-content\/uploads\/2020\/12\/Cazar\u00edn.jpg","keywords":["4T","camioneton","CFE","Congreso local","Cuitl\u00e1huac Gac\u00eda","Florisel R\u00edos","Gloria S\u00e1nchez","Hueyapan de Ocampo","Ivan Calder\u00f3n","L\u00f3pez Obrador","Mario Delgado","Porfirio Mu\u00f1oz Ledo","PRD","Ricardo Ahued","Ricardo Monreal","Sergio Hern\u00e1ndez Hern\u00e1ndez","Tahoe"],"articleSection":["De Opini\u00f3n"],"inLanguage":"es","potentialAction":[{"@type":"CommentAction","name":"Comment","target":["https:\/\/lospoliticosveracruz.com\/?p=65520#respond"]}]},{"@type":"WebPage","@id":"https:\/\/lospoliticosveracruz.com\/?p=65520","url":"https:\/\/lospoliticosveracruz.com\/?p=65520","name":"El Moreno fif\u00ed - Los pol\u00edticos Veracruz","isPartOf":{"@id":"https:\/\/lospoliticosveracruz.com\/#website"},"primaryImageOfPage":{"@id":"https:\/\/lospoliticosveracruz.com\/?p=65520#primaryimage"},"image":{"@id":"https:\/\/lospoliticosveracruz.com\/?p=65520#primaryimage"},"thumbnailUrl":"https:\/\/lospoliticosveracruz.com\/wp-content\/uploads\/2020\/12\/Cazar\u00edn.jpg","datePublished":"2020-12-16T18:53:57+00:00","breadcrumb":{"@id":"https:\/\/lospoliticosveracruz.com\/?p=65520#breadcrumb"},"inLanguage":"es","potentialAction":[{"@type":"ReadAction","target":["https:\/\/lospoliticosveracruz.com\/?p=65520"]}]},{"@type":"ImageObject","inLanguage":"es","@id":"https:\/\/lospoliticosveracruz.com\/?p=65520#primaryimage","url":"https:\/\/lospoliticosveracruz.com\/wp-content\/uploads\/2020\/12\/Cazar\u00edn.jpg","contentUrl":"https:\/\/lospoliticosveracruz.com\/wp-content\/uploads\/2020\/12\/Cazar\u00edn.jpg","width":650,"height":350},{"@type":"BreadcrumbList","@id":"https:\/\/lospoliticosveracruz.com\/?p=65520#breadcrumb","itemListElement":[{"@type":"ListItem","position":1,"name":"Portada","item":"https:\/\/lospoliticosveracruz.com\/"},{"@type":"ListItem","position":2,"name":"El Moreno fif\u00ed"}]},{"@type":"WebSite","@id":"https:\/\/lospoliticosveracruz.com\/#website","url":"https:\/\/lospoliticosveracruz.com\/","name":"Los pol\u00edticos Veracruz","description":"","publisher":{"@id":"https:\/\/lospoliticosveracruz.com\/#organization"},"potentialAction":[{"@type":"SearchAction","target":{"@type":"EntryPoint","urlTemplate":"https:\/\/lospoliticosveracruz.com\/?s={search_term_string}"},"query-input":{"@type":"PropertyValueSpecification","valueRequired":true,"valueName":"search_term_string"}}],"inLanguage":"es"},{"@type":"Organization","@id":"https:\/\/lospoliticosveracruz.com\/#organization","name":"Los pol\u00edticos Veracruz","url":"https:\/\/lospoliticosveracruz.com\/","logo":{"@type":"ImageObject","inLanguage":"es","@id":"https:\/\/lospoliticosveracruz.com\/#\/schema\/logo\/image\/","url":"https:\/\/lospoliticosveracruz.com\/wp-content\/uploads\/2025\/12\/Logo-Nuevo-LOS-POLITICOS-1.jpg","contentUrl":"https:\/\/lospoliticosveracruz.com\/wp-content\/uploads\/2025\/12\/Logo-Nuevo-LOS-POLITICOS-1.jpg","width":260,"height":70,"caption":"Los pol\u00edticos Veracruz"},"image":{"@id":"https:\/\/lospoliticosveracruz.com\/#\/schema\/logo\/image\/"},"sameAs":["https:\/\/www.facebook.com\/people\/Notimemes-de-los-Polticos\/61565672886568\/","https:\/\/x.com\/LosPoliticosVer"]},{"@type":"Person","@id":"https:\/\/lospoliticosveracruz.com\/#\/schema\/person\/b8702bb0e538456e6efd07080bf2a4a2","name":"Lo viste en Los Pol\u00edticos","image":{"@type":"ImageObject","inLanguage":"es","@id":"https:\/\/secure.gravatar.com\/avatar\/3a8de04a2656d44082be478bd6c086daa447c4651605818287b9532d3d0bd435?s=96&d=mm&r=g","url":"https:\/\/secure.gravatar.com\/avatar\/3a8de04a2656d44082be478bd6c086daa447c4651605818287b9532d3d0bd435?s=96&d=mm&r=g","contentUrl":"https:\/\/secure.gravatar.com\/avatar\/3a8de04a2656d44082be478bd6c086daa447c4651605818287b9532d3d0bd435?s=96&d=mm&r=g","caption":"Lo viste en Los Pol\u00edticos"},"url":"https:\/\/lospoliticosveracruz.com\/?author=2"}]}},"_links":{"self":[{"href":"https:\/\/lospoliticosveracruz.com\/index.php?rest_route=\/wp\/v2\/posts\/65520","targetHints":{"allow":["GET"]}}],"collection":[{"href":"https:\/\/lospoliticosveracruz.com\/index.php?rest_route=\/wp\/v2\/posts"}],"about":[{"href":"https:\/\/lospoliticosveracruz.com\/index.php?rest_route=\/wp\/v2\/types\/post"}],"author":[{"embeddable":true,"href":"https:\/\/lospoliticosveracruz.com\/index.php?rest_route=\/wp\/v2\/users\/2"}],"replies":[{"embeddable":true,"href":"https:\/\/lospoliticosveracruz.com\/index.php?rest_route=%2Fwp%2Fv2%2Fcomments&post=65520"}],"version-history":[{"count":1,"href":"https:\/\/lospoliticosveracruz.com\/index.php?rest_route=\/wp\/v2\/posts\/65520\/revisions"}],"predecessor-version":[{"id":65522,"href":"https:\/\/lospoliticosveracruz.com\/index.php?rest_route=\/wp\/v2\/posts\/65520\/revisions\/65522"}],"wp:featuredmedia":[{"embeddable":true,"href":"https:\/\/lospoliticosveracruz.com\/index.php?rest_route=\/wp\/v2\/media\/65521"}],"wp:attachment":[{"href":"https:\/\/lospoliticosveracruz.com\/index.php?rest_route=%2Fwp%2Fv2%2Fmedia&parent=65520"}],"wp:term":[{"taxonomy":"category","embeddable":true,"href":"https:\/\/lospoliticosveracruz.com\/index.php?rest_route=%2Fwp%2Fv2%2Fcategories&post=65520"},{"taxonomy":"post_tag","embeddable":true,"href":"https:\/\/lospoliticosveracruz.com\/index.php?rest_route=%2Fwp%2Fv2%2Ftags&post=65520"}],"curies":[{"name":"wp","href":"https:\/\/api.w.org\/{rel}","templated":true}]}}