{"id":65531,"date":"2020-12-16T17:12:05","date_gmt":"2020-12-16T23:12:05","guid":{"rendered":"http:\/\/www.lospoliticosveracruz.com.mx\/?p=65531"},"modified":"2020-12-16T17:12:43","modified_gmt":"2020-12-16T23:12:43","slug":"ople-mas-que-nunca-imparcial-mc","status":"publish","type":"post","link":"https:\/\/lospoliticosveracruz.com\/?p=65531","title":{"rendered":"OPLE, m\u00e1s que nunca imparcial: MC"},"content":{"rendered":"<p>&nbsp;<\/p>\n<p>El coordinador estatal de Movimiento Ciudadano inst\u00f3 al OPLE a que hoy m\u00e1s que nunca debe ser un \u00e1rbitro implacable y vigilante de la cooptaci\u00f3n del voto, ya que hoy en Veracruz m\u00e1s de la mitad de posibles votantes tienen acceso directo a los apoyos federales, por lo que Instituto debe evitar la intromisi\u00f3n del gobierno en abierto.<br \/>\n<a href=\"http:\/\/www.lospoliticosveracruz.com.mx\/wp-content\/uploads\/2020\/12\/Informe-Lety.jpg\"><img loading=\"lazy\" decoding=\"async\" class=\"alignleft size-full wp-image-65308\" src=\"http:\/\/www.lospoliticosveracruz.com.mx\/wp-content\/uploads\/2020\/12\/Informe-Lety.jpg\" alt=\"Informe Lety\" width=\"375\" height=\"733\" \/><\/a>Pidi\u00f3 al OPLE a que act\u00fae como \u00f3rgano imparcial, garantizando la democracia libre y participativa, el di\u00e1logo, el debate y las propuestas viables por encima de la cooptaci\u00f3n de las voluntades de las viejas pr\u00e1cticas que el actual sistema no ha desterrado, al contrario, reiter\u00f3, hoy parecieran m\u00e1s arraigadas.<br \/>\nSergio Gil Rull\u00e1n, dirigente de este Movimiento Ciudadano dijo durante la instalaci\u00f3n del Consejo Electoral que el proceso electoral arranca hoy, y no en noviembre, como deber\u00eda, por una reforma m\u00e1s electorera que electoral, pero que gracias a los recursos de Movimiento Ciudadano ante la Suprema Corte de Justicia, se logr\u00f3 revertirla y ganara as\u00ed la democracia.<br \/>\nPrecis\u00f3 que gracias a dichas impugnaciones, hoy, ante la pr\u00f3xima elecci\u00f3n hist\u00f3rica donde se renovar\u00e1n 1,104 cargos m\u00e1s suplencias, 2,208 en total, los ciudadanos tienen m\u00e1s certeza al recuperar los consejos municipales y contar\u00e1n sus votos en sus municipios y no a kil\u00f3metros de distancia, donde por v\u00edas mal planeadas, en mal estado y por falta de log\u00edstica, se pudiera alterar la decisi\u00f3n popular.<br \/>\nSin embargo, argument\u00f3 que desde Movimiento Ciudadano seguir\u00e1n luchando para que haya piso parejo para partidos pol\u00edticos y candidaturas independientes, para no caer en simulaciones donde se recorta a algunos partidos en beneficio del partido en el poder, \u201cnosotros les decimos que estamos a favor de cero prerrogativas para todos los partidos\u201d se\u00f1al\u00f3.<br \/>\nGil Rull\u00e1n expres\u00f3 que los veracruzanos arrancan un proceso en donde ser\u00e1 la primera vez que se jueguen las diputaciones federales, de la mano de las locales y los municipios, por ello, implica un gran reto para los actores pol\u00edticos que est\u00e1n involucrados, y para el \u00e1rbitro de la elecci\u00f3n, por lo que la forma en que se conduzcan depender\u00e1 para fortalecer o debilitar la democracia.<br \/>\nRecord\u00f3 que el estado de Veracruz atraviesa una severa crisis financiera, de salud y de seguridad, la cual la ciudadan\u00eda carga a cuestas; el nulo manejo de esta crisis ha dejado huellas devastadoras como son el cierre de peque\u00f1as y medianas empresas, el aumento de desempleo formal e informal, la falta de acceso a la salud, la educaci\u00f3n y la alimentaci\u00f3n.<br \/>\n\u201cSomos el tercer estado con menor n\u00famero de pruebas y con mayor n\u00famero de decesos provocados por la pandemia\u201d.<br \/>\nPrecis\u00f3 que en toda la entidad veracruzana es evidente el deterioro de la infraestructura, un campo con menos apoyo y menos oportunidades para j\u00f3venes; las elecciones no pueden seguir siendo promesas vac\u00edas como hasta ahora, recalc\u00f3.<br \/>\nSergio Gil Rull\u00e1n manifest\u00f3 que en Movimiento Ciudadano son m\u00e1s importantes las personas que los partidos, y lo han demostrado en muchos lugares, \u201csomos la \u00fanica organizaci\u00f3n pol\u00edtica que jur\u00eddicamente puede abrir el 100% de sus candidaturas a hombres y mujeres libres, de bien, con una trayectoria de vida y \u00e9xito comprobada\u201d.<br \/>\nReiter\u00f3 que el Movimiento que representa tiene los gobiernos municipales mejor evaluados, el gobierno estatal mejor evaluado, la bancada en el senado que ha luchado por las causas de la sociedad civil, a la diputada local m\u00e1s activa, y a la diputada federal, por cierto, veracruzana, mejor evaluada.<br \/>\nPor \u00faltimo comunic\u00f3 que no se puede construir el futuro a partir del pasado; por lo que Movimiento Ciudadano hace un llamado a la Evoluci\u00f3n Mexicana y el nuevo pacto, para dar una lucha de ideas, de causas a favor de los hombres y mujeres libres\u00b8 apostando a la pluralidad y a la igualdad de g\u00e9nero, a la democracia participativa.<\/p>\n","protected":false},"excerpt":{"rendered":"<p>&nbsp; El coordinador estatal de Movimiento Ciudadano inst\u00f3 al OPLE a que hoy m\u00e1s que nunca debe ser un \u00e1rbitro implacable y vigilante de la cooptaci\u00f3n del voto, ya que hoy en Veracruz m\u00e1s de la mitad de posibles votantes tienen acceso directo a los apoyos federales, por lo que Instituto debe evitar la intromisi\u00f3n [&hellip;]<\/p>\n","protected":false},"author":2,"featured_media":0,"comment_status":"open","ping_status":"open","sticky":false,"template":"","format":"standard","meta":{"tdm_status":"","tdm_grid_status":"","footnotes":""},"categories":[6446],"tags":[24492,6803,2327,3272,24494,21099,11193,11240,14531,195],"class_list":{"0":"post-65531","1":"post","2":"type-post","3":"status-publish","4":"format-standard","6":"category-la-nota","7":"tag-consejo-electoral","8":"tag-crisis-financiera","9":"tag-movimiento-ciudadano","10":"tag-ople","11":"tag-partidos-politicos-y-candidaturas-independientes","12":"tag-piso-parejo","13":"tag-proceso-electoral","14":"tag-sergio-gil-rullan","15":"tag-sociedad-civil","16":"tag-veracruz"},"yoast_head":"<!-- This site is optimized with the Yoast SEO plugin v27.4 - https:\/\/yoast.com\/product\/yoast-seo-wordpress\/ -->\n<title>OPLE, m\u00e1s que nunca imparcial: MC - Los pol\u00edticos Veracruz<\/title>\n<meta name=\"robots\" content=\"index, follow, max-snippet:-1, max-image-preview:large, max-video-preview:-1\" \/>\n<link rel=\"canonical\" href=\"https:\/\/lospoliticosveracruz.com\/?p=65531\" \/>\n<meta property=\"og:locale\" content=\"es_ES\" \/>\n<meta property=\"og:type\" content=\"article\" \/>\n<meta property=\"og:title\" content=\"OPLE, m\u00e1s que nunca imparcial: MC - Los pol\u00edticos Veracruz\" \/>\n<meta property=\"og:description\" content=\"&nbsp; El coordinador estatal de Movimiento Ciudadano inst\u00f3 al OPLE a que hoy m\u00e1s que nunca debe ser un \u00e1rbitro implacable y vigilante de la cooptaci\u00f3n del voto, ya que hoy en Veracruz m\u00e1s de la mitad de posibles votantes tienen acceso directo a los apoyos federales, por lo que Instituto debe evitar la intromisi\u00f3n [&hellip;]\" \/>\n<meta property=\"og:url\" content=\"https:\/\/lospoliticosveracruz.com\/?p=65531\" \/>\n<meta property=\"og:site_name\" content=\"Los pol\u00edticos Veracruz\" \/>\n<meta property=\"article:publisher\" content=\"https:\/\/www.facebook.com\/people\/Notimemes-de-los-Polticos\/61565672886568\/\" \/>\n<meta property=\"article:published_time\" content=\"2020-12-16T23:12:05+00:00\" \/>\n<meta property=\"article:modified_time\" content=\"2020-12-16T23:12:43+00:00\" \/>\n<meta property=\"og:image\" content=\"http:\/\/www.lospoliticosveracruz.com.mx\/wp-content\/uploads\/2020\/12\/Informe-Lety.jpg\" \/>\n<meta name=\"author\" content=\"Lo viste en Los Pol\u00edticos\" \/>\n<meta name=\"twitter:card\" content=\"summary_large_image\" \/>\n<meta name=\"twitter:creator\" content=\"@LosPoliticosVer\" \/>\n<meta name=\"twitter:site\" content=\"@LosPoliticosVer\" \/>\n<meta name=\"twitter:label1\" content=\"Escrito por\" \/>\n\t<meta name=\"twitter:data1\" content=\"Lo viste en Los Pol\u00edticos\" \/>\n\t<meta name=\"twitter:label2\" content=\"Tiempo de lectura\" \/>\n\t<meta name=\"twitter:data2\" content=\"3 minutos\" \/>\n<script type=\"application\/ld+json\" class=\"yoast-schema-graph\">{\"@context\":\"https:\\\/\\\/schema.org\",\"@graph\":[{\"@type\":\"Article\",\"@id\":\"https:\\\/\\\/lospoliticosveracruz.com\\\/?p=65531#article\",\"isPartOf\":{\"@id\":\"https:\\\/\\\/lospoliticosveracruz.com\\\/?p=65531\"},\"author\":{\"name\":\"Lo viste en Los Pol\u00edticos\",\"@id\":\"https:\\\/\\\/lospoliticosveracruz.com\\\/#\\\/schema\\\/person\\\/b8702bb0e538456e6efd07080bf2a4a2\"},\"headline\":\"OPLE, m\u00e1s que nunca imparcial: MC\",\"datePublished\":\"2020-12-16T23:12:05+00:00\",\"dateModified\":\"2020-12-16T23:12:43+00:00\",\"mainEntityOfPage\":{\"@id\":\"https:\\\/\\\/lospoliticosveracruz.com\\\/?p=65531\"},\"wordCount\":675,\"commentCount\":0,\"publisher\":{\"@id\":\"https:\\\/\\\/lospoliticosveracruz.com\\\/#organization\"},\"image\":{\"@id\":\"https:\\\/\\\/lospoliticosveracruz.com\\\/?p=65531#primaryimage\"},\"thumbnailUrl\":\"http:\\\/\\\/www.lospoliticosveracruz.com.mx\\\/wp-content\\\/uploads\\\/2020\\\/12\\\/Informe-Lety.jpg\",\"keywords\":[\"Consejo Electoral\",\"Crisis financiera\",\"Movimiento Ciudadano\",\"OPLE\",\"partidos pol\u00edticos y candidaturas independientes\",\"Piso parejo\",\"proceso electoral\",\"Sergio Gil Rull\u00e1n\",\"sociedad civil\",\"Veracruz\"],\"articleSection\":[\"La Nota\"],\"inLanguage\":\"es\",\"potentialAction\":[{\"@type\":\"CommentAction\",\"name\":\"Comment\",\"target\":[\"https:\\\/\\\/lospoliticosveracruz.com\\\/?p=65531#respond\"]}]},{\"@type\":\"WebPage\",\"@id\":\"https:\\\/\\\/lospoliticosveracruz.com\\\/?p=65531\",\"url\":\"https:\\\/\\\/lospoliticosveracruz.com\\\/?p=65531\",\"name\":\"OPLE, m\u00e1s que nunca imparcial: MC - Los pol\u00edticos Veracruz\",\"isPartOf\":{\"@id\":\"https:\\\/\\\/lospoliticosveracruz.com\\\/#website\"},\"primaryImageOfPage\":{\"@id\":\"https:\\\/\\\/lospoliticosveracruz.com\\\/?p=65531#primaryimage\"},\"image\":{\"@id\":\"https:\\\/\\\/lospoliticosveracruz.com\\\/?p=65531#primaryimage\"},\"thumbnailUrl\":\"http:\\\/\\\/www.lospoliticosveracruz.com.mx\\\/wp-content\\\/uploads\\\/2020\\\/12\\\/Informe-Lety.jpg\",\"datePublished\":\"2020-12-16T23:12:05+00:00\",\"dateModified\":\"2020-12-16T23:12:43+00:00\",\"breadcrumb\":{\"@id\":\"https:\\\/\\\/lospoliticosveracruz.com\\\/?p=65531#breadcrumb\"},\"inLanguage\":\"es\",\"potentialAction\":[{\"@type\":\"ReadAction\",\"target\":[\"https:\\\/\\\/lospoliticosveracruz.com\\\/?p=65531\"]}]},{\"@type\":\"ImageObject\",\"inLanguage\":\"es\",\"@id\":\"https:\\\/\\\/lospoliticosveracruz.com\\\/?p=65531#primaryimage\",\"url\":\"http:\\\/\\\/www.lospoliticosveracruz.com.mx\\\/wp-content\\\/uploads\\\/2020\\\/12\\\/Informe-Lety.jpg\",\"contentUrl\":\"http:\\\/\\\/www.lospoliticosveracruz.com.mx\\\/wp-content\\\/uploads\\\/2020\\\/12\\\/Informe-Lety.jpg\"},{\"@type\":\"BreadcrumbList\",\"@id\":\"https:\\\/\\\/lospoliticosveracruz.com\\\/?p=65531#breadcrumb\",\"itemListElement\":[{\"@type\":\"ListItem\",\"position\":1,\"name\":\"Portada\",\"item\":\"https:\\\/\\\/lospoliticosveracruz.com\\\/\"},{\"@type\":\"ListItem\",\"position\":2,\"name\":\"OPLE, m\u00e1s que nunca imparcial: MC\"}]},{\"@type\":\"WebSite\",\"@id\":\"https:\\\/\\\/lospoliticosveracruz.com\\\/#website\",\"url\":\"https:\\\/\\\/lospoliticosveracruz.com\\\/\",\"name\":\"Los pol\u00edticos Veracruz\",\"description\":\"\",\"publisher\":{\"@id\":\"https:\\\/\\\/lospoliticosveracruz.com\\\/#organization\"},\"potentialAction\":[{\"@type\":\"SearchAction\",\"target\":{\"@type\":\"EntryPoint\",\"urlTemplate\":\"https:\\\/\\\/lospoliticosveracruz.com\\\/?s={search_term_string}\"},\"query-input\":{\"@type\":\"PropertyValueSpecification\",\"valueRequired\":true,\"valueName\":\"search_term_string\"}}],\"inLanguage\":\"es\"},{\"@type\":\"Organization\",\"@id\":\"https:\\\/\\\/lospoliticosveracruz.com\\\/#organization\",\"name\":\"Los pol\u00edticos Veracruz\",\"url\":\"https:\\\/\\\/lospoliticosveracruz.com\\\/\",\"logo\":{\"@type\":\"ImageObject\",\"inLanguage\":\"es\",\"@id\":\"https:\\\/\\\/lospoliticosveracruz.com\\\/#\\\/schema\\\/logo\\\/image\\\/\",\"url\":\"https:\\\/\\\/lospoliticosveracruz.com\\\/wp-content\\\/uploads\\\/2025\\\/12\\\/Logo-Nuevo-LOS-POLITICOS-1.jpg\",\"contentUrl\":\"https:\\\/\\\/lospoliticosveracruz.com\\\/wp-content\\\/uploads\\\/2025\\\/12\\\/Logo-Nuevo-LOS-POLITICOS-1.jpg\",\"width\":260,\"height\":70,\"caption\":\"Los pol\u00edticos Veracruz\"},\"image\":{\"@id\":\"https:\\\/\\\/lospoliticosveracruz.com\\\/#\\\/schema\\\/logo\\\/image\\\/\"},\"sameAs\":[\"https:\\\/\\\/www.facebook.com\\\/people\\\/Notimemes-de-los-Polticos\\\/61565672886568\\\/\",\"https:\\\/\\\/x.com\\\/LosPoliticosVer\"]},{\"@type\":\"Person\",\"@id\":\"https:\\\/\\\/lospoliticosveracruz.com\\\/#\\\/schema\\\/person\\\/b8702bb0e538456e6efd07080bf2a4a2\",\"name\":\"Lo viste en Los Pol\u00edticos\",\"image\":{\"@type\":\"ImageObject\",\"inLanguage\":\"es\",\"@id\":\"https:\\\/\\\/secure.gravatar.com\\\/avatar\\\/3a8de04a2656d44082be478bd6c086daa447c4651605818287b9532d3d0bd435?s=96&d=mm&r=g\",\"url\":\"https:\\\/\\\/secure.gravatar.com\\\/avatar\\\/3a8de04a2656d44082be478bd6c086daa447c4651605818287b9532d3d0bd435?s=96&d=mm&r=g\",\"contentUrl\":\"https:\\\/\\\/secure.gravatar.com\\\/avatar\\\/3a8de04a2656d44082be478bd6c086daa447c4651605818287b9532d3d0bd435?s=96&d=mm&r=g\",\"caption\":\"Lo viste en Los Pol\u00edticos\"},\"url\":\"https:\\\/\\\/lospoliticosveracruz.com\\\/?author=2\"}]}<\/script>\n<!-- \/ Yoast SEO plugin. -->","yoast_head_json":{"title":"OPLE, m\u00e1s que nunca imparcial: MC - Los pol\u00edticos Veracruz","robots":{"index":"index","follow":"follow","max-snippet":"max-snippet:-1","max-image-preview":"max-image-preview:large","max-video-preview":"max-video-preview:-1"},"canonical":"https:\/\/lospoliticosveracruz.com\/?p=65531","og_locale":"es_ES","og_type":"article","og_title":"OPLE, m\u00e1s que nunca imparcial: MC - Los pol\u00edticos Veracruz","og_description":"&nbsp; El coordinador estatal de Movimiento Ciudadano inst\u00f3 al OPLE a que hoy m\u00e1s que nunca debe ser un \u00e1rbitro implacable y vigilante de la cooptaci\u00f3n del voto, ya que hoy en Veracruz m\u00e1s de la mitad de posibles votantes tienen acceso directo a los apoyos federales, por lo que Instituto debe evitar la intromisi\u00f3n [&hellip;]","og_url":"https:\/\/lospoliticosveracruz.com\/?p=65531","og_site_name":"Los pol\u00edticos Veracruz","article_publisher":"https:\/\/www.facebook.com\/people\/Notimemes-de-los-Polticos\/61565672886568\/","article_published_time":"2020-12-16T23:12:05+00:00","article_modified_time":"2020-12-16T23:12:43+00:00","og_image":[{"url":"http:\/\/www.lospoliticosveracruz.com.mx\/wp-content\/uploads\/2020\/12\/Informe-Lety.jpg","type":"","width":"","height":""}],"author":"Lo viste en Los Pol\u00edticos","twitter_card":"summary_large_image","twitter_creator":"@LosPoliticosVer","twitter_site":"@LosPoliticosVer","twitter_misc":{"Escrito por":"Lo viste en Los Pol\u00edticos","Tiempo de lectura":"3 minutos"},"schema":{"@context":"https:\/\/schema.org","@graph":[{"@type":"Article","@id":"https:\/\/lospoliticosveracruz.com\/?p=65531#article","isPartOf":{"@id":"https:\/\/lospoliticosveracruz.com\/?p=65531"},"author":{"name":"Lo viste en Los Pol\u00edticos","@id":"https:\/\/lospoliticosveracruz.com\/#\/schema\/person\/b8702bb0e538456e6efd07080bf2a4a2"},"headline":"OPLE, m\u00e1s que nunca imparcial: MC","datePublished":"2020-12-16T23:12:05+00:00","dateModified":"2020-12-16T23:12:43+00:00","mainEntityOfPage":{"@id":"https:\/\/lospoliticosveracruz.com\/?p=65531"},"wordCount":675,"commentCount":0,"publisher":{"@id":"https:\/\/lospoliticosveracruz.com\/#organization"},"image":{"@id":"https:\/\/lospoliticosveracruz.com\/?p=65531#primaryimage"},"thumbnailUrl":"http:\/\/www.lospoliticosveracruz.com.mx\/wp-content\/uploads\/2020\/12\/Informe-Lety.jpg","keywords":["Consejo Electoral","Crisis financiera","Movimiento Ciudadano","OPLE","partidos pol\u00edticos y candidaturas independientes","Piso parejo","proceso electoral","Sergio Gil Rull\u00e1n","sociedad civil","Veracruz"],"articleSection":["La Nota"],"inLanguage":"es","potentialAction":[{"@type":"CommentAction","name":"Comment","target":["https:\/\/lospoliticosveracruz.com\/?p=65531#respond"]}]},{"@type":"WebPage","@id":"https:\/\/lospoliticosveracruz.com\/?p=65531","url":"https:\/\/lospoliticosveracruz.com\/?p=65531","name":"OPLE, m\u00e1s que nunca imparcial: MC - Los pol\u00edticos Veracruz","isPartOf":{"@id":"https:\/\/lospoliticosveracruz.com\/#website"},"primaryImageOfPage":{"@id":"https:\/\/lospoliticosveracruz.com\/?p=65531#primaryimage"},"image":{"@id":"https:\/\/lospoliticosveracruz.com\/?p=65531#primaryimage"},"thumbnailUrl":"http:\/\/www.lospoliticosveracruz.com.mx\/wp-content\/uploads\/2020\/12\/Informe-Lety.jpg","datePublished":"2020-12-16T23:12:05+00:00","dateModified":"2020-12-16T23:12:43+00:00","breadcrumb":{"@id":"https:\/\/lospoliticosveracruz.com\/?p=65531#breadcrumb"},"inLanguage":"es","potentialAction":[{"@type":"ReadAction","target":["https:\/\/lospoliticosveracruz.com\/?p=65531"]}]},{"@type":"ImageObject","inLanguage":"es","@id":"https:\/\/lospoliticosveracruz.com\/?p=65531#primaryimage","url":"http:\/\/www.lospoliticosveracruz.com.mx\/wp-content\/uploads\/2020\/12\/Informe-Lety.jpg","contentUrl":"http:\/\/www.lospoliticosveracruz.com.mx\/wp-content\/uploads\/2020\/12\/Informe-Lety.jpg"},{"@type":"BreadcrumbList","@id":"https:\/\/lospoliticosveracruz.com\/?p=65531#breadcrumb","itemListElement":[{"@type":"ListItem","position":1,"name":"Portada","item":"https:\/\/lospoliticosveracruz.com\/"},{"@type":"ListItem","position":2,"name":"OPLE, m\u00e1s que nunca imparcial: MC"}]},{"@type":"WebSite","@id":"https:\/\/lospoliticosveracruz.com\/#website","url":"https:\/\/lospoliticosveracruz.com\/","name":"Los pol\u00edticos Veracruz","description":"","publisher":{"@id":"https:\/\/lospoliticosveracruz.com\/#organization"},"potentialAction":[{"@type":"SearchAction","target":{"@type":"EntryPoint","urlTemplate":"https:\/\/lospoliticosveracruz.com\/?s={search_term_string}"},"query-input":{"@type":"PropertyValueSpecification","valueRequired":true,"valueName":"search_term_string"}}],"inLanguage":"es"},{"@type":"Organization","@id":"https:\/\/lospoliticosveracruz.com\/#organization","name":"Los pol\u00edticos Veracruz","url":"https:\/\/lospoliticosveracruz.com\/","logo":{"@type":"ImageObject","inLanguage":"es","@id":"https:\/\/lospoliticosveracruz.com\/#\/schema\/logo\/image\/","url":"https:\/\/lospoliticosveracruz.com\/wp-content\/uploads\/2025\/12\/Logo-Nuevo-LOS-POLITICOS-1.jpg","contentUrl":"https:\/\/lospoliticosveracruz.com\/wp-content\/uploads\/2025\/12\/Logo-Nuevo-LOS-POLITICOS-1.jpg","width":260,"height":70,"caption":"Los pol\u00edticos Veracruz"},"image":{"@id":"https:\/\/lospoliticosveracruz.com\/#\/schema\/logo\/image\/"},"sameAs":["https:\/\/www.facebook.com\/people\/Notimemes-de-los-Polticos\/61565672886568\/","https:\/\/x.com\/LosPoliticosVer"]},{"@type":"Person","@id":"https:\/\/lospoliticosveracruz.com\/#\/schema\/person\/b8702bb0e538456e6efd07080bf2a4a2","name":"Lo viste en Los Pol\u00edticos","image":{"@type":"ImageObject","inLanguage":"es","@id":"https:\/\/secure.gravatar.com\/avatar\/3a8de04a2656d44082be478bd6c086daa447c4651605818287b9532d3d0bd435?s=96&d=mm&r=g","url":"https:\/\/secure.gravatar.com\/avatar\/3a8de04a2656d44082be478bd6c086daa447c4651605818287b9532d3d0bd435?s=96&d=mm&r=g","contentUrl":"https:\/\/secure.gravatar.com\/avatar\/3a8de04a2656d44082be478bd6c086daa447c4651605818287b9532d3d0bd435?s=96&d=mm&r=g","caption":"Lo viste en Los Pol\u00edticos"},"url":"https:\/\/lospoliticosveracruz.com\/?author=2"}]}},"_links":{"self":[{"href":"https:\/\/lospoliticosveracruz.com\/index.php?rest_route=\/wp\/v2\/posts\/65531","targetHints":{"allow":["GET"]}}],"collection":[{"href":"https:\/\/lospoliticosveracruz.com\/index.php?rest_route=\/wp\/v2\/posts"}],"about":[{"href":"https:\/\/lospoliticosveracruz.com\/index.php?rest_route=\/wp\/v2\/types\/post"}],"author":[{"embeddable":true,"href":"https:\/\/lospoliticosveracruz.com\/index.php?rest_route=\/wp\/v2\/users\/2"}],"replies":[{"embeddable":true,"href":"https:\/\/lospoliticosveracruz.com\/index.php?rest_route=%2Fwp%2Fv2%2Fcomments&post=65531"}],"version-history":[{"count":2,"href":"https:\/\/lospoliticosveracruz.com\/index.php?rest_route=\/wp\/v2\/posts\/65531\/revisions"}],"predecessor-version":[{"id":65533,"href":"https:\/\/lospoliticosveracruz.com\/index.php?rest_route=\/wp\/v2\/posts\/65531\/revisions\/65533"}],"wp:attachment":[{"href":"https:\/\/lospoliticosveracruz.com\/index.php?rest_route=%2Fwp%2Fv2%2Fmedia&parent=65531"}],"wp:term":[{"taxonomy":"category","embeddable":true,"href":"https:\/\/lospoliticosveracruz.com\/index.php?rest_route=%2Fwp%2Fv2%2Fcategories&post=65531"},{"taxonomy":"post_tag","embeddable":true,"href":"https:\/\/lospoliticosveracruz.com\/index.php?rest_route=%2Fwp%2Fv2%2Ftags&post=65531"}],"curies":[{"name":"wp","href":"https:\/\/api.w.org\/{rel}","templated":true}]}}