{"id":65596,"date":"2020-12-17T16:09:45","date_gmt":"2020-12-17T22:09:45","guid":{"rendered":"http:\/\/www.lospoliticosveracruz.com.mx\/?p=65596"},"modified":"2020-12-17T16:09:45","modified_gmt":"2020-12-17T22:09:45","slug":"nueva-ceapp","status":"publish","type":"post","link":"https:\/\/lospoliticosveracruz.com\/?p=65596","title":{"rendered":"Nueva Ceapp!"},"content":{"rendered":"<p>&nbsp;<\/p>\n<p>En medio de la pol\u00e9mica por la situaci\u00f3n que atraviesa la prensa veracruzana, este jueves , el Congreso local aval\u00f3 la nueva conformaci\u00f3n de la Comisi\u00f3n Estatal para la Atenci\u00f3n y Protecci\u00f3n de Periodistas (CEAPP).<br \/>\n<a href=\"http:\/\/www.lospoliticosveracruz.com.mx\/wp-content\/uploads\/2020\/12\/Informe-Lety.jpg\"><img loading=\"lazy\" decoding=\"async\" class=\"alignleft size-full wp-image-65308\" src=\"http:\/\/www.lospoliticosveracruz.com.mx\/wp-content\/uploads\/2020\/12\/Informe-Lety.jpg\" alt=\"Informe Lety\" width=\"375\" height=\"733\" \/><\/a>De tal forma que qued\u00f3 as\u00ed : Silverio Quevedo Elox, Mar\u00eda Alejandra Herrera G\u00f3mez, Viridiana Reyes Cruz, Laura Patricia Gonz\u00e1lez Vargas, Tulio Moreno Alvarado, David de Guadalupe Absal\u00f3n, Iv\u00e1n Gidi Blanchet, Fluvio C\u00e9sar Mart\u00ednez, \u00c9ric Abad y como secretario ejecutivo, Israel Hern\u00e1ndez Sosa.<br \/>\nDe acuerdo a las primeras declaraciones del gremio reporteril, es la coincidencia que \u00abvarios de ellos son perfectos desconocidos, habr\u00e1 que esperar su trabajo\u00bb.<br \/>\nCon 29 periodistas asesinados en los \u00faltimos 15 a\u00f1os, Veracruz se ha convertido en la entidad del pa\u00eds m\u00e1s insegura para el ejercicio de esta profesi\u00f3n.<br \/>\nEn su Clasificaci\u00f3n Mundial de la Libertad de Prensa 2020, la organizaci\u00f3n internacional Reporteros Sin Fronteras (RSF) inform\u00f3 que M\u00e9xico se mantiene como uno de los pa\u00edses m\u00e1s peligrosos para ejercer el periodismo junto a China, Egipto, Irak, Ir\u00e1n, Libia y Arabia Saudita.<br \/>\nLa RSF mide los siguientes factores: el pluralismo, la independencia de los medios de comunicaci\u00f3n, el ambiente de trabajo y el grado de autocensura de los periodistas, el marco legal, la transparencia y la calidad de la infraestructura para la producci\u00f3n de informaci\u00f3n.<\/p>\n","protected":false},"excerpt":{"rendered":"<p>&nbsp; En medio de la pol\u00e9mica por la situaci\u00f3n que atraviesa la prensa veracruzana, este jueves , el Congreso local aval\u00f3 la nueva conformaci\u00f3n de la Comisi\u00f3n Estatal para la Atenci\u00f3n y Protecci\u00f3n de Periodistas (CEAPP). De tal forma que qued\u00f3 as\u00ed : Silverio Quevedo Elox, Mar\u00eda Alejandra Herrera G\u00f3mez, Viridiana Reyes Cruz, Laura Patricia [&hellip;]<\/p>\n","protected":false},"author":2,"featured_media":0,"comment_status":"open","ping_status":"open","sticky":false,"template":"","format":"standard","meta":{"tdm_status":"","tdm_grid_status":"","footnotes":""},"categories":[6446],"tags":[4476,16026,24536,24539,24538,24541,24540,24537,24534,24542,24532,2926,8164,22588,10484,24531,24535,195],"class_list":{"0":"post-65596","1":"post","2":"type-post","3":"status-publish","4":"format-standard","6":"category-la-nota","7":"tag-ceapp","8":"tag-comision-estatal-para-la-atencion-y-proteccion-de-periodistas","9":"tag-david-de-guadalupe-absalon","10":"tag-eric-abad","11":"tag-fluvio-cesar-martinez","12":"tag-gremio-reporteril","13":"tag-israel-hernandez-sosa","14":"tag-ivan-gidi-blanchet","15":"tag-laura-patricia-gonzalez-vargas","16":"tag-libertad-de-prensa-2020","17":"tag-maria-alejandra-herrera-gomez","18":"tag-medios-de-comunicacion","19":"tag-periodistas-asesinados","20":"tag-prensa-veracruzana","21":"tag-reporteros-sin-fronteras","22":"tag-silverio-quevedo-elox","23":"tag-tulio-moreno-alvarado","24":"tag-veracruz"},"yoast_head":"<!-- This site is optimized with the Yoast SEO plugin v27.4 - https:\/\/yoast.com\/product\/yoast-seo-wordpress\/ -->\n<title>Nueva Ceapp! - Los pol\u00edticos Veracruz<\/title>\n<meta name=\"robots\" content=\"index, follow, max-snippet:-1, max-image-preview:large, max-video-preview:-1\" \/>\n<link rel=\"canonical\" href=\"https:\/\/lospoliticosveracruz.com\/?p=65596\" \/>\n<meta property=\"og:locale\" content=\"es_ES\" \/>\n<meta property=\"og:type\" content=\"article\" \/>\n<meta property=\"og:title\" content=\"Nueva Ceapp! - Los pol\u00edticos Veracruz\" \/>\n<meta property=\"og:description\" content=\"&nbsp; En medio de la pol\u00e9mica por la situaci\u00f3n que atraviesa la prensa veracruzana, este jueves , el Congreso local aval\u00f3 la nueva conformaci\u00f3n de la Comisi\u00f3n Estatal para la Atenci\u00f3n y Protecci\u00f3n de Periodistas (CEAPP). De tal forma que qued\u00f3 as\u00ed : Silverio Quevedo Elox, Mar\u00eda Alejandra Herrera G\u00f3mez, Viridiana Reyes Cruz, Laura Patricia [&hellip;]\" \/>\n<meta property=\"og:url\" content=\"https:\/\/lospoliticosveracruz.com\/?p=65596\" \/>\n<meta property=\"og:site_name\" content=\"Los pol\u00edticos Veracruz\" \/>\n<meta property=\"article:publisher\" content=\"https:\/\/www.facebook.com\/people\/Notimemes-de-los-Polticos\/61565672886568\/\" \/>\n<meta property=\"article:published_time\" content=\"2020-12-17T22:09:45+00:00\" \/>\n<meta property=\"og:image\" content=\"http:\/\/www.lospoliticosveracruz.com.mx\/wp-content\/uploads\/2020\/12\/Informe-Lety.jpg\" \/>\n<meta name=\"author\" content=\"Lo viste en Los Pol\u00edticos\" \/>\n<meta name=\"twitter:card\" content=\"summary_large_image\" \/>\n<meta name=\"twitter:creator\" content=\"@LosPoliticosVer\" \/>\n<meta name=\"twitter:site\" content=\"@LosPoliticosVer\" \/>\n<meta name=\"twitter:label1\" content=\"Escrito por\" \/>\n\t<meta name=\"twitter:data1\" content=\"Lo viste en Los Pol\u00edticos\" \/>\n\t<meta name=\"twitter:label2\" content=\"Tiempo de lectura\" \/>\n\t<meta name=\"twitter:data2\" content=\"1 minuto\" \/>\n<script type=\"application\/ld+json\" class=\"yoast-schema-graph\">{\"@context\":\"https:\\\/\\\/schema.org\",\"@graph\":[{\"@type\":\"Article\",\"@id\":\"https:\\\/\\\/lospoliticosveracruz.com\\\/?p=65596#article\",\"isPartOf\":{\"@id\":\"https:\\\/\\\/lospoliticosveracruz.com\\\/?p=65596\"},\"author\":{\"name\":\"Lo viste en Los Pol\u00edticos\",\"@id\":\"https:\\\/\\\/lospoliticosveracruz.com\\\/#\\\/schema\\\/person\\\/b8702bb0e538456e6efd07080bf2a4a2\"},\"headline\":\"Nueva Ceapp!\",\"datePublished\":\"2020-12-17T22:09:45+00:00\",\"mainEntityOfPage\":{\"@id\":\"https:\\\/\\\/lospoliticosveracruz.com\\\/?p=65596\"},\"wordCount\":239,\"commentCount\":0,\"publisher\":{\"@id\":\"https:\\\/\\\/lospoliticosveracruz.com\\\/#organization\"},\"image\":{\"@id\":\"https:\\\/\\\/lospoliticosveracruz.com\\\/?p=65596#primaryimage\"},\"thumbnailUrl\":\"http:\\\/\\\/www.lospoliticosveracruz.com.mx\\\/wp-content\\\/uploads\\\/2020\\\/12\\\/Informe-Lety.jpg\",\"keywords\":[\"CEAPP\",\"Comisi\u00f3n Estatal para la Atenci\u00f3n y Protecci\u00f3n de Periodistas\",\"David de Guadalupe Absal\u00f3n\",\"\u00c9ric Abad\",\"Fluvio C\u00e9sar Mart\u00ednez\",\"gremio reporteril\",\"Israel Hern\u00e1ndez Sosa\",\"Iv\u00e1n Gidi Blanchet\",\"Laura Patricia Gonz\u00e1lez Vargas\",\"Libertad de Prensa 2020\",\"Mar\u00eda Alejandra Herrera G\u00f3mez\",\"Medios de Comunicaci\u00f3n\",\"Periodistas asesinados\",\"Prensa veracruzana\",\"Reporteros Sin Fronteras\",\"Silverio Quevedo Elox\",\"Tulio Moreno Alvarado\",\"Veracruz\"],\"articleSection\":[\"La Nota\"],\"inLanguage\":\"es\",\"potentialAction\":[{\"@type\":\"CommentAction\",\"name\":\"Comment\",\"target\":[\"https:\\\/\\\/lospoliticosveracruz.com\\\/?p=65596#respond\"]}]},{\"@type\":\"WebPage\",\"@id\":\"https:\\\/\\\/lospoliticosveracruz.com\\\/?p=65596\",\"url\":\"https:\\\/\\\/lospoliticosveracruz.com\\\/?p=65596\",\"name\":\"Nueva Ceapp! - Los pol\u00edticos Veracruz\",\"isPartOf\":{\"@id\":\"https:\\\/\\\/lospoliticosveracruz.com\\\/#website\"},\"primaryImageOfPage\":{\"@id\":\"https:\\\/\\\/lospoliticosveracruz.com\\\/?p=65596#primaryimage\"},\"image\":{\"@id\":\"https:\\\/\\\/lospoliticosveracruz.com\\\/?p=65596#primaryimage\"},\"thumbnailUrl\":\"http:\\\/\\\/www.lospoliticosveracruz.com.mx\\\/wp-content\\\/uploads\\\/2020\\\/12\\\/Informe-Lety.jpg\",\"datePublished\":\"2020-12-17T22:09:45+00:00\",\"breadcrumb\":{\"@id\":\"https:\\\/\\\/lospoliticosveracruz.com\\\/?p=65596#breadcrumb\"},\"inLanguage\":\"es\",\"potentialAction\":[{\"@type\":\"ReadAction\",\"target\":[\"https:\\\/\\\/lospoliticosveracruz.com\\\/?p=65596\"]}]},{\"@type\":\"ImageObject\",\"inLanguage\":\"es\",\"@id\":\"https:\\\/\\\/lospoliticosveracruz.com\\\/?p=65596#primaryimage\",\"url\":\"http:\\\/\\\/www.lospoliticosveracruz.com.mx\\\/wp-content\\\/uploads\\\/2020\\\/12\\\/Informe-Lety.jpg\",\"contentUrl\":\"http:\\\/\\\/www.lospoliticosveracruz.com.mx\\\/wp-content\\\/uploads\\\/2020\\\/12\\\/Informe-Lety.jpg\"},{\"@type\":\"BreadcrumbList\",\"@id\":\"https:\\\/\\\/lospoliticosveracruz.com\\\/?p=65596#breadcrumb\",\"itemListElement\":[{\"@type\":\"ListItem\",\"position\":1,\"name\":\"Portada\",\"item\":\"https:\\\/\\\/lospoliticosveracruz.com\\\/\"},{\"@type\":\"ListItem\",\"position\":2,\"name\":\"Nueva Ceapp!\"}]},{\"@type\":\"WebSite\",\"@id\":\"https:\\\/\\\/lospoliticosveracruz.com\\\/#website\",\"url\":\"https:\\\/\\\/lospoliticosveracruz.com\\\/\",\"name\":\"Los pol\u00edticos Veracruz\",\"description\":\"\",\"publisher\":{\"@id\":\"https:\\\/\\\/lospoliticosveracruz.com\\\/#organization\"},\"potentialAction\":[{\"@type\":\"SearchAction\",\"target\":{\"@type\":\"EntryPoint\",\"urlTemplate\":\"https:\\\/\\\/lospoliticosveracruz.com\\\/?s={search_term_string}\"},\"query-input\":{\"@type\":\"PropertyValueSpecification\",\"valueRequired\":true,\"valueName\":\"search_term_string\"}}],\"inLanguage\":\"es\"},{\"@type\":\"Organization\",\"@id\":\"https:\\\/\\\/lospoliticosveracruz.com\\\/#organization\",\"name\":\"Los pol\u00edticos Veracruz\",\"url\":\"https:\\\/\\\/lospoliticosveracruz.com\\\/\",\"logo\":{\"@type\":\"ImageObject\",\"inLanguage\":\"es\",\"@id\":\"https:\\\/\\\/lospoliticosveracruz.com\\\/#\\\/schema\\\/logo\\\/image\\\/\",\"url\":\"https:\\\/\\\/lospoliticosveracruz.com\\\/wp-content\\\/uploads\\\/2025\\\/12\\\/Logo-Nuevo-LOS-POLITICOS-1.jpg\",\"contentUrl\":\"https:\\\/\\\/lospoliticosveracruz.com\\\/wp-content\\\/uploads\\\/2025\\\/12\\\/Logo-Nuevo-LOS-POLITICOS-1.jpg\",\"width\":260,\"height\":70,\"caption\":\"Los pol\u00edticos Veracruz\"},\"image\":{\"@id\":\"https:\\\/\\\/lospoliticosveracruz.com\\\/#\\\/schema\\\/logo\\\/image\\\/\"},\"sameAs\":[\"https:\\\/\\\/www.facebook.com\\\/people\\\/Notimemes-de-los-Polticos\\\/61565672886568\\\/\",\"https:\\\/\\\/x.com\\\/LosPoliticosVer\"]},{\"@type\":\"Person\",\"@id\":\"https:\\\/\\\/lospoliticosveracruz.com\\\/#\\\/schema\\\/person\\\/b8702bb0e538456e6efd07080bf2a4a2\",\"name\":\"Lo viste en Los Pol\u00edticos\",\"image\":{\"@type\":\"ImageObject\",\"inLanguage\":\"es\",\"@id\":\"https:\\\/\\\/secure.gravatar.com\\\/avatar\\\/3a8de04a2656d44082be478bd6c086daa447c4651605818287b9532d3d0bd435?s=96&d=mm&r=g\",\"url\":\"https:\\\/\\\/secure.gravatar.com\\\/avatar\\\/3a8de04a2656d44082be478bd6c086daa447c4651605818287b9532d3d0bd435?s=96&d=mm&r=g\",\"contentUrl\":\"https:\\\/\\\/secure.gravatar.com\\\/avatar\\\/3a8de04a2656d44082be478bd6c086daa447c4651605818287b9532d3d0bd435?s=96&d=mm&r=g\",\"caption\":\"Lo viste en Los Pol\u00edticos\"},\"url\":\"https:\\\/\\\/lospoliticosveracruz.com\\\/?author=2\"}]}<\/script>\n<!-- \/ Yoast SEO plugin. -->","yoast_head_json":{"title":"Nueva Ceapp! - Los pol\u00edticos Veracruz","robots":{"index":"index","follow":"follow","max-snippet":"max-snippet:-1","max-image-preview":"max-image-preview:large","max-video-preview":"max-video-preview:-1"},"canonical":"https:\/\/lospoliticosveracruz.com\/?p=65596","og_locale":"es_ES","og_type":"article","og_title":"Nueva Ceapp! - Los pol\u00edticos Veracruz","og_description":"&nbsp; En medio de la pol\u00e9mica por la situaci\u00f3n que atraviesa la prensa veracruzana, este jueves , el Congreso local aval\u00f3 la nueva conformaci\u00f3n de la Comisi\u00f3n Estatal para la Atenci\u00f3n y Protecci\u00f3n de Periodistas (CEAPP). De tal forma que qued\u00f3 as\u00ed : Silverio Quevedo Elox, Mar\u00eda Alejandra Herrera G\u00f3mez, Viridiana Reyes Cruz, Laura Patricia [&hellip;]","og_url":"https:\/\/lospoliticosveracruz.com\/?p=65596","og_site_name":"Los pol\u00edticos Veracruz","article_publisher":"https:\/\/www.facebook.com\/people\/Notimemes-de-los-Polticos\/61565672886568\/","article_published_time":"2020-12-17T22:09:45+00:00","og_image":[{"url":"http:\/\/www.lospoliticosveracruz.com.mx\/wp-content\/uploads\/2020\/12\/Informe-Lety.jpg","type":"","width":"","height":""}],"author":"Lo viste en Los Pol\u00edticos","twitter_card":"summary_large_image","twitter_creator":"@LosPoliticosVer","twitter_site":"@LosPoliticosVer","twitter_misc":{"Escrito por":"Lo viste en Los Pol\u00edticos","Tiempo de lectura":"1 minuto"},"schema":{"@context":"https:\/\/schema.org","@graph":[{"@type":"Article","@id":"https:\/\/lospoliticosveracruz.com\/?p=65596#article","isPartOf":{"@id":"https:\/\/lospoliticosveracruz.com\/?p=65596"},"author":{"name":"Lo viste en Los Pol\u00edticos","@id":"https:\/\/lospoliticosveracruz.com\/#\/schema\/person\/b8702bb0e538456e6efd07080bf2a4a2"},"headline":"Nueva Ceapp!","datePublished":"2020-12-17T22:09:45+00:00","mainEntityOfPage":{"@id":"https:\/\/lospoliticosveracruz.com\/?p=65596"},"wordCount":239,"commentCount":0,"publisher":{"@id":"https:\/\/lospoliticosveracruz.com\/#organization"},"image":{"@id":"https:\/\/lospoliticosveracruz.com\/?p=65596#primaryimage"},"thumbnailUrl":"http:\/\/www.lospoliticosveracruz.com.mx\/wp-content\/uploads\/2020\/12\/Informe-Lety.jpg","keywords":["CEAPP","Comisi\u00f3n Estatal para la Atenci\u00f3n y Protecci\u00f3n de Periodistas","David de Guadalupe Absal\u00f3n","\u00c9ric Abad","Fluvio C\u00e9sar Mart\u00ednez","gremio reporteril","Israel Hern\u00e1ndez Sosa","Iv\u00e1n Gidi Blanchet","Laura Patricia Gonz\u00e1lez Vargas","Libertad de Prensa 2020","Mar\u00eda Alejandra Herrera G\u00f3mez","Medios de Comunicaci\u00f3n","Periodistas asesinados","Prensa veracruzana","Reporteros Sin Fronteras","Silverio Quevedo Elox","Tulio Moreno Alvarado","Veracruz"],"articleSection":["La Nota"],"inLanguage":"es","potentialAction":[{"@type":"CommentAction","name":"Comment","target":["https:\/\/lospoliticosveracruz.com\/?p=65596#respond"]}]},{"@type":"WebPage","@id":"https:\/\/lospoliticosveracruz.com\/?p=65596","url":"https:\/\/lospoliticosveracruz.com\/?p=65596","name":"Nueva Ceapp! - Los pol\u00edticos Veracruz","isPartOf":{"@id":"https:\/\/lospoliticosveracruz.com\/#website"},"primaryImageOfPage":{"@id":"https:\/\/lospoliticosveracruz.com\/?p=65596#primaryimage"},"image":{"@id":"https:\/\/lospoliticosveracruz.com\/?p=65596#primaryimage"},"thumbnailUrl":"http:\/\/www.lospoliticosveracruz.com.mx\/wp-content\/uploads\/2020\/12\/Informe-Lety.jpg","datePublished":"2020-12-17T22:09:45+00:00","breadcrumb":{"@id":"https:\/\/lospoliticosveracruz.com\/?p=65596#breadcrumb"},"inLanguage":"es","potentialAction":[{"@type":"ReadAction","target":["https:\/\/lospoliticosveracruz.com\/?p=65596"]}]},{"@type":"ImageObject","inLanguage":"es","@id":"https:\/\/lospoliticosveracruz.com\/?p=65596#primaryimage","url":"http:\/\/www.lospoliticosveracruz.com.mx\/wp-content\/uploads\/2020\/12\/Informe-Lety.jpg","contentUrl":"http:\/\/www.lospoliticosveracruz.com.mx\/wp-content\/uploads\/2020\/12\/Informe-Lety.jpg"},{"@type":"BreadcrumbList","@id":"https:\/\/lospoliticosveracruz.com\/?p=65596#breadcrumb","itemListElement":[{"@type":"ListItem","position":1,"name":"Portada","item":"https:\/\/lospoliticosveracruz.com\/"},{"@type":"ListItem","position":2,"name":"Nueva Ceapp!"}]},{"@type":"WebSite","@id":"https:\/\/lospoliticosveracruz.com\/#website","url":"https:\/\/lospoliticosveracruz.com\/","name":"Los pol\u00edticos Veracruz","description":"","publisher":{"@id":"https:\/\/lospoliticosveracruz.com\/#organization"},"potentialAction":[{"@type":"SearchAction","target":{"@type":"EntryPoint","urlTemplate":"https:\/\/lospoliticosveracruz.com\/?s={search_term_string}"},"query-input":{"@type":"PropertyValueSpecification","valueRequired":true,"valueName":"search_term_string"}}],"inLanguage":"es"},{"@type":"Organization","@id":"https:\/\/lospoliticosveracruz.com\/#organization","name":"Los pol\u00edticos Veracruz","url":"https:\/\/lospoliticosveracruz.com\/","logo":{"@type":"ImageObject","inLanguage":"es","@id":"https:\/\/lospoliticosveracruz.com\/#\/schema\/logo\/image\/","url":"https:\/\/lospoliticosveracruz.com\/wp-content\/uploads\/2025\/12\/Logo-Nuevo-LOS-POLITICOS-1.jpg","contentUrl":"https:\/\/lospoliticosveracruz.com\/wp-content\/uploads\/2025\/12\/Logo-Nuevo-LOS-POLITICOS-1.jpg","width":260,"height":70,"caption":"Los pol\u00edticos Veracruz"},"image":{"@id":"https:\/\/lospoliticosveracruz.com\/#\/schema\/logo\/image\/"},"sameAs":["https:\/\/www.facebook.com\/people\/Notimemes-de-los-Polticos\/61565672886568\/","https:\/\/x.com\/LosPoliticosVer"]},{"@type":"Person","@id":"https:\/\/lospoliticosveracruz.com\/#\/schema\/person\/b8702bb0e538456e6efd07080bf2a4a2","name":"Lo viste en Los Pol\u00edticos","image":{"@type":"ImageObject","inLanguage":"es","@id":"https:\/\/secure.gravatar.com\/avatar\/3a8de04a2656d44082be478bd6c086daa447c4651605818287b9532d3d0bd435?s=96&d=mm&r=g","url":"https:\/\/secure.gravatar.com\/avatar\/3a8de04a2656d44082be478bd6c086daa447c4651605818287b9532d3d0bd435?s=96&d=mm&r=g","contentUrl":"https:\/\/secure.gravatar.com\/avatar\/3a8de04a2656d44082be478bd6c086daa447c4651605818287b9532d3d0bd435?s=96&d=mm&r=g","caption":"Lo viste en Los Pol\u00edticos"},"url":"https:\/\/lospoliticosveracruz.com\/?author=2"}]}},"_links":{"self":[{"href":"https:\/\/lospoliticosveracruz.com\/index.php?rest_route=\/wp\/v2\/posts\/65596","targetHints":{"allow":["GET"]}}],"collection":[{"href":"https:\/\/lospoliticosveracruz.com\/index.php?rest_route=\/wp\/v2\/posts"}],"about":[{"href":"https:\/\/lospoliticosveracruz.com\/index.php?rest_route=\/wp\/v2\/types\/post"}],"author":[{"embeddable":true,"href":"https:\/\/lospoliticosveracruz.com\/index.php?rest_route=\/wp\/v2\/users\/2"}],"replies":[{"embeddable":true,"href":"https:\/\/lospoliticosveracruz.com\/index.php?rest_route=%2Fwp%2Fv2%2Fcomments&post=65596"}],"version-history":[{"count":1,"href":"https:\/\/lospoliticosveracruz.com\/index.php?rest_route=\/wp\/v2\/posts\/65596\/revisions"}],"predecessor-version":[{"id":65597,"href":"https:\/\/lospoliticosveracruz.com\/index.php?rest_route=\/wp\/v2\/posts\/65596\/revisions\/65597"}],"wp:attachment":[{"href":"https:\/\/lospoliticosveracruz.com\/index.php?rest_route=%2Fwp%2Fv2%2Fmedia&parent=65596"}],"wp:term":[{"taxonomy":"category","embeddable":true,"href":"https:\/\/lospoliticosveracruz.com\/index.php?rest_route=%2Fwp%2Fv2%2Fcategories&post=65596"},{"taxonomy":"post_tag","embeddable":true,"href":"https:\/\/lospoliticosveracruz.com\/index.php?rest_route=%2Fwp%2Fv2%2Ftags&post=65596"}],"curies":[{"name":"wp","href":"https:\/\/api.w.org\/{rel}","templated":true}]}}