{"id":65716,"date":"2020-12-21T08:55:06","date_gmt":"2020-12-21T14:55:06","guid":{"rendered":"http:\/\/www.lospoliticosveracruz.com.mx\/?p=65716"},"modified":"2020-12-21T08:55:06","modified_gmt":"2020-12-21T14:55:06","slug":"tec-de-xalapa-acoso-persecucion-y-protestas","status":"publish","type":"post","link":"https:\/\/lospoliticosveracruz.com\/?p=65716","title":{"rendered":"Tec de Xalapa: Acoso, persecuci\u00f3n y protestas"},"content":{"rendered":"<p><strong>Ricardo Ch\u00faa<\/strong><br \/>\n<em>Sale y Vale<\/em><\/p>\n<p>\u00abHE MAN\u00bb, LOS OTROS \u00abPECADOS\u00bb&#8230; Si bien es cierto comentamos ayer en este espacio que el diputado local panista, Sergio Hern\u00e1ndez Hern\u00e1ndez, conocido como \u00abHe Man\u00bb, tiene una estructura y alianzas pol\u00edticas dentro del PAN, que lo convierten en el aspirante m\u00e1s fuerte a la alcald\u00eda de Xalapa, al interior de este partido pol\u00edtico para la elecci\u00f3n del 2021&#8230;. Tambi\u00e9n es verdad que cuenta con unos presuntos \u00abPECADOS\u00bb que le pesar\u00eda para esta contienda&#8230; Situaci\u00f3n por la cual puede perder, pese a sus acuerdos con otros grupos de poder&#8230; <\/p>\n<p><a href=\"https:\/\/www.facebook.com\/notaria61veracruz\/\"><img decoding=\"async\" src=\"http:\/\/www.lospoliticosveracruz.com.mx\/wp-content\/uploads\/2020\/07\/CINTILLO-Armando.jpg\" alt=\"\" \/><\/a><\/p>\n<p>El legislador local \u00abazul\u00bb, dice nuestra \u00abGarganta Profunda\u00bb, que Sergio Hern\u00e1ndez cuenta con la estructura m\u00e1s fuerte al interior del PAN en Xalapa&#8230; Con esos n\u00fameros, se puede postular de manera interna y ganarlo a cualquier cargo de elecci\u00f3n popular.. Pero porque siempre hay \u00abun pinche\u00bb pero, el diputado xalape\u00f1o, tiene una mala fama dentro del PAN y entre la sociedad de la capital del Estado.. Que se hizo \u00e9l solo y lo difundi\u00f3 en su momento, la ex diputada local, Cinthya Lobato, cuando era su compa\u00f1era de bancada&#8230;<br \/>\nNos dice este \u00abinformante\u00bb xalape\u00f1o hasta los \u00abtu\u00e9tanos\u00bb&#8230; Que \u00abHe Man\u00bb s\u00f3lo tendr\u00eda una posibilidad de ganar la alcald\u00eda de Xalapa para el pr\u00f3ximo a\u00f1o, si es postulado, con el apoyo de la alianza opositora de partidos pol\u00edticos como PRI PAN PRD&#8230; S\u00f3lo as\u00ed, Sergio Hern\u00e1ndez, la podr\u00eda ganar aunque para la oposici\u00f3n a MORENA, les ser\u00eda m\u00e1s f\u00e1cil, arrebatarle la capital del Estado, postulando por esta misma coalici\u00f3n a David Velasco Chedraui y a\u00fan m\u00e1s, si Los Morenos reciclan a Ricardo Ahued y lo postulan tambi\u00e9n a la alcald\u00eda&#8230;.<br \/>\nLos otros aspirantes no tienen posibilidades al interior del PAN para luchar por ese mismo cargo de elecci\u00f3n popular.. Ni siquiera el diputado local, Omar Miranda, que ya fue regidor del ayuntamiento de Xalapa&#8230; Al cual, sus adversarios llaman: \u00abMascarita Tapada\u00bb&#8230; Pero el caso, es que pese al tiempo que ha pasado de esos se\u00f1alamientos en contra de Sergio Hern\u00e1ndez, lo siguen los se\u00f1alamientos de corrupci\u00f3n como el pasado l\u00edder de la c\u00e1mara de diputados locales en el periodo 2016-2018&#8230;<br \/>\nSe\u00f1alamientos que tambi\u00e9n en su momento&#8230; Hicieron contra su otro contrincante, David Velasco Chedraui, en su paso por la alcald\u00eda de Xalapa hasta por los Juegos Centroamericanos y del C\u00e1ribe 2014 en Veracruz&#8230; Pero en ese sentido, por su linaje econ\u00f3mico al poderoso empresario. le pueden salir las cuentas y ah\u00ed nada paso&#8230; Mientras que los \u00abmalquerientes\u00bb de Sergio Hern\u00e1ndez, dicen que a \u00e9l a diferencia de Chedraui, sus cuentas no le cuadran&#8230;<br \/>\nAdem\u00e1s \u00abGarganta Profunda\u00bb nos confi\u00f3 que quiz\u00e1s, en su af\u00e1n para \u00abtirarle\u00bb su candidatura a la alcald\u00eda a Sergio Hern\u00e1ndez por el PAN&#8230; En el mismo Congreso Local, los diputados locales de MORENA, le podr\u00edan sacar el \u00abExpediente Secreto x\u00bb, que se suponen le tienen \u00abguardado\u00bb al legislador \u00abazul\u00bb&#8230; Sobre todo de sus manejos cuando ten\u00eda el mismo cargo que Juan Javier G\u00f3mez Cazar\u00edn hace apenas unos 4 a\u00f1os&#8230; Donde acusaron a \u00abHe Man\u00bb de ENRIQUECERSE bajo el amparo de Pepe Mancha y de \u00abChico\u00bb Fuentes&#8230; AS\u00cd DE CANIJO&#8230; <\/p>\n<p>OJO&#8230; S\u00f3lo hay que recordar que al inicio de esta Legislatura Local&#8230; En 2018, cuando MORENA toma el poder de todo el Congreso del Estado&#8230; Se anunciaron AUDITOR\u00cdAS al interior de este recinto legislativo por PRESUNTOS malos manejos administrativos con el presupuesto que tienen los diputados locales&#8230; PERO NADA PAS\u00d3 y todo se qued\u00f3 ah\u00ed, pese a que los diputados locales Morenos ten\u00edan toda la informaci\u00f3n para proceder&#8230;<br \/>\nPero hay PRESUNTOS rumores en la Legislatura Local&#8230; Que alguien cercano al \u00abConde\u00bb, Enrique Cambranis y a su ex disc\u00edpulo, Domingo Bahena, iban a iniciar esta auditor\u00eda, que al final, no se hizo&#8230; Se lleg\u00f3 hasta decir que por SUPUESTOS acuerdos productivo$&#8230; Tanto Juan Javier G\u00f3mez Cazarin como Domingo Bahena&#8230; \u00abDescubrieron\u00bb la \u00abhone$tidad\u00bb de \u00abHe Man\u00bb Hern\u00e1ndez y no pas\u00f3 nada&#8230; Pero el punto es, si la alianza opositora \u00abrecicla\u00bb a cuestionables personajes, no va a pegar y ganar\u00e1 MORENA&#8230; TAN&#8230; TAN&#8230;<\/p>\n<p>\u00bfMARTIRES DEL ITSX?&#8230; Los integrantes del Sindicato de Empleados de Trabajadores y Docentes del Instituto Tecnol\u00f3gico Superior de Xalapa (SETDITSX)&#8230; Han denunciado fuertes presiones de un personaje muy pero muy cercano al gobernador de Veracruz, Cuitl\u00e1huac Garc\u00eda, desde su formaci\u00f3n acad\u00e9mica en la UV&#8230; Esta persona es el Doctor, Walter Luis S\u00e1inz.. Quien fue el primer funcionario que el mandatario nombr\u00f3 en un recinto distinto al Palacio de Gobierno&#8230;<br \/>\nEn la comunidad acad\u00e9mica de la UV y de varias entidades educativas de Veracruz&#8230; Se sabe que el gobernador le tiene un gran afecto al doctor&#8230; Y por eso, lo hizo director de ITSX, pese a que sobre este funcionario p\u00fablico pesa una PRESUNTA acusaci\u00f3n de Acoso Sexual en su paso por la UV&#8230; Y que hoy por presiones de este mismo personaje investido como director plenipotenciario&#8230; Se presume que la Fiscal General del Estado, Ver\u00f3nica Hern\u00e1ndez, accedi\u00f3 a encarcelar a su l\u00edder, Fernando Gonz\u00e1lez Rivas y a Ruperto Javier Rojo Vargas&#8230;<br \/>\nAmbos fueron detenidos desde el pasado 15 de diciembre del presente, porque PRESUNTAMENTE, no quisieron entregar el sindicato a Walter Luis Sainz para colocar a incondicionales en este sitio&#8230; Raz\u00f3n por la cual, el d\u00eda de hoy 21 de diciembre a las 10:00 horas, en las afueras del Cereso de Pacho Viejo, en la ciudad de Coatepec&#8230; Los sindicalizados con todo y amenazas realizar\u00e1n una manifestaci\u00f3n para liberaci\u00f3n de ambos dirigentes gremiales del ITSX&#8230;<br \/>\nPero tambi\u00e9n al interior de estos grupos de poder y estos conflictos&#8230; Ha trascendido, que por \u00f3rdenes de \u00abmuy arriba\u00bb del gobierno estatal de Veracruz&#8230; Los detenidos tanto Gonz\u00e1lez Rivas, as\u00ed como Rojo Vargas, en unos d\u00edas m\u00e1s&#8230; Estos personajes ser\u00e1n vinculados a proceso y su sindicato en el ITSX&#8230; Ser\u00e1 desaparecido&#8230; As\u00ed es la justicia en tiempos de la \u00abCuarta Transformaci\u00f3n\u00bb&#8230; As\u00ed que para qu\u00e9 queremos jueces&#8230; En la FGE se tiene la \u00faltima palabra&#8230;AM<\/p>\n","protected":false},"excerpt":{"rendered":"<p>Ricardo Ch\u00faa Sale y Vale \u00abHE MAN\u00bb, LOS OTROS \u00abPECADOS\u00bb&#8230; Si bien es cierto comentamos ayer en este espacio que el diputado local panista, Sergio Hern\u00e1ndez Hern\u00e1ndez, conocido como \u00abHe Man\u00bb, tiene una estructura y alianzas pol\u00edticas dentro del PAN, que lo convierten en el aspirante m\u00e1s fuerte a la alcald\u00eda de Xalapa, al interior [&hellip;]<\/p>\n","protected":false},"author":2,"featured_media":0,"comment_status":"open","ping_status":"open","sticky":false,"template":"","format":"standard","meta":{"tdm_status":"","tdm_grid_status":"","footnotes":""},"categories":[70],"tags":[2517,13561,407,24626,19335,5077,23504,8047,12695,200,1026,266,1065,2702,24627,6481],"class_list":{"0":"post-65716","1":"post","2":"type-post","3":"status-publish","4":"format-standard","6":"category-de-opinion","7":"tag-acoso-sexual","8":"tag-cuitlahauc-garcia-jimenez","9":"tag-david-velasco-chedraui","10":"tag-director-de-itsx","11":"tag-elecciones-2021","12":"tag-fernando-gonzalez-rivas","13":"tag-fiscal-veronica-hernandez","14":"tag-instituto-tecnologico-superior-de-xalapa","15":"tag-juan-javier-gomez-cazarin","16":"tag-juegos-centroamericanos","17":"tag-morena","18":"tag-pan","19":"tag-pepe-mancha","20":"tag-pri-pan-prd","21":"tag-ruperto-javier-rojo-vargas","22":"tag-sergio-hernandez-hernandez"},"yoast_head":"<!-- This site is optimized with the Yoast SEO plugin v27.4 - https:\/\/yoast.com\/product\/yoast-seo-wordpress\/ -->\n<title>Tec de Xalapa: Acoso, persecuci\u00f3n y protestas - Los pol\u00edticos Veracruz<\/title>\n<meta name=\"robots\" content=\"index, follow, max-snippet:-1, max-image-preview:large, max-video-preview:-1\" \/>\n<link rel=\"canonical\" href=\"https:\/\/lospoliticosveracruz.com\/?p=65716\" \/>\n<meta property=\"og:locale\" content=\"es_ES\" \/>\n<meta property=\"og:type\" content=\"article\" \/>\n<meta property=\"og:title\" content=\"Tec de Xalapa: Acoso, persecuci\u00f3n y protestas - Los pol\u00edticos Veracruz\" \/>\n<meta property=\"og:description\" content=\"Ricardo Ch\u00faa Sale y Vale \u00abHE MAN\u00bb, LOS OTROS \u00abPECADOS\u00bb&#8230; Si bien es cierto comentamos ayer en este espacio que el diputado local panista, Sergio Hern\u00e1ndez Hern\u00e1ndez, conocido como \u00abHe Man\u00bb, tiene una estructura y alianzas pol\u00edticas dentro del PAN, que lo convierten en el aspirante m\u00e1s fuerte a la alcald\u00eda de Xalapa, al interior [&hellip;]\" \/>\n<meta property=\"og:url\" content=\"https:\/\/lospoliticosveracruz.com\/?p=65716\" \/>\n<meta property=\"og:site_name\" content=\"Los pol\u00edticos Veracruz\" \/>\n<meta property=\"article:publisher\" content=\"https:\/\/www.facebook.com\/people\/Notimemes-de-los-Polticos\/61565672886568\/\" \/>\n<meta property=\"article:published_time\" content=\"2020-12-21T14:55:06+00:00\" \/>\n<meta property=\"og:image\" content=\"http:\/\/www.lospoliticosveracruz.com.mx\/wp-content\/uploads\/2020\/07\/CINTILLO-Armando.jpg\" \/>\n<meta name=\"author\" content=\"Lo viste en Los Pol\u00edticos\" \/>\n<meta name=\"twitter:card\" content=\"summary_large_image\" \/>\n<meta name=\"twitter:creator\" content=\"@LosPoliticosVer\" \/>\n<meta name=\"twitter:site\" content=\"@LosPoliticosVer\" \/>\n<meta name=\"twitter:label1\" content=\"Escrito por\" \/>\n\t<meta name=\"twitter:data1\" content=\"Lo viste en Los Pol\u00edticos\" \/>\n\t<meta name=\"twitter:label2\" content=\"Tiempo de lectura\" \/>\n\t<meta name=\"twitter:data2\" content=\"5 minutos\" \/>\n<script type=\"application\/ld+json\" class=\"yoast-schema-graph\">{\"@context\":\"https:\\\/\\\/schema.org\",\"@graph\":[{\"@type\":\"Article\",\"@id\":\"https:\\\/\\\/lospoliticosveracruz.com\\\/?p=65716#article\",\"isPartOf\":{\"@id\":\"https:\\\/\\\/lospoliticosveracruz.com\\\/?p=65716\"},\"author\":{\"name\":\"Lo viste en Los Pol\u00edticos\",\"@id\":\"https:\\\/\\\/lospoliticosveracruz.com\\\/#\\\/schema\\\/person\\\/b8702bb0e538456e6efd07080bf2a4a2\"},\"headline\":\"Tec de Xalapa: Acoso, persecuci\u00f3n y protestas\",\"datePublished\":\"2020-12-21T14:55:06+00:00\",\"mainEntityOfPage\":{\"@id\":\"https:\\\/\\\/lospoliticosveracruz.com\\\/?p=65716\"},\"wordCount\":1071,\"commentCount\":0,\"publisher\":{\"@id\":\"https:\\\/\\\/lospoliticosveracruz.com\\\/#organization\"},\"image\":{\"@id\":\"https:\\\/\\\/lospoliticosveracruz.com\\\/?p=65716#primaryimage\"},\"thumbnailUrl\":\"http:\\\/\\\/www.lospoliticosveracruz.com.mx\\\/wp-content\\\/uploads\\\/2020\\\/07\\\/CINTILLO-Armando.jpg\",\"keywords\":[\"acoso sexual\",\"Cuitl\u00e1hauc Garc\u00eda Jim\u00e9nez\",\"David Velasco Chedraui\",\"director de ITSX\",\"Elecciones 2021\",\"Fernando Gonz\u00e1lez Rivas\",\"Fiscal Ver\u00f3nica Hern\u00e1ndez\",\"Instituto Tecnol\u00f3gico Superior de Xalapa\",\"Juan Javier G\u00f3mez Cazar\u00edn\",\"Juegos Centroamericanos\",\"Morena\",\"PAN\",\"Pepe Mancha\",\"PRI PAN PRD\",\"Ruperto Javier Rojo Vargas\",\"Sergio Hern\u00e1ndez Hern\u00e1ndez\"],\"articleSection\":[\"De Opini\u00f3n\"],\"inLanguage\":\"es\",\"potentialAction\":[{\"@type\":\"CommentAction\",\"name\":\"Comment\",\"target\":[\"https:\\\/\\\/lospoliticosveracruz.com\\\/?p=65716#respond\"]}]},{\"@type\":\"WebPage\",\"@id\":\"https:\\\/\\\/lospoliticosveracruz.com\\\/?p=65716\",\"url\":\"https:\\\/\\\/lospoliticosveracruz.com\\\/?p=65716\",\"name\":\"Tec de Xalapa: Acoso, persecuci\u00f3n y protestas - Los pol\u00edticos Veracruz\",\"isPartOf\":{\"@id\":\"https:\\\/\\\/lospoliticosveracruz.com\\\/#website\"},\"primaryImageOfPage\":{\"@id\":\"https:\\\/\\\/lospoliticosveracruz.com\\\/?p=65716#primaryimage\"},\"image\":{\"@id\":\"https:\\\/\\\/lospoliticosveracruz.com\\\/?p=65716#primaryimage\"},\"thumbnailUrl\":\"http:\\\/\\\/www.lospoliticosveracruz.com.mx\\\/wp-content\\\/uploads\\\/2020\\\/07\\\/CINTILLO-Armando.jpg\",\"datePublished\":\"2020-12-21T14:55:06+00:00\",\"breadcrumb\":{\"@id\":\"https:\\\/\\\/lospoliticosveracruz.com\\\/?p=65716#breadcrumb\"},\"inLanguage\":\"es\",\"potentialAction\":[{\"@type\":\"ReadAction\",\"target\":[\"https:\\\/\\\/lospoliticosveracruz.com\\\/?p=65716\"]}]},{\"@type\":\"ImageObject\",\"inLanguage\":\"es\",\"@id\":\"https:\\\/\\\/lospoliticosveracruz.com\\\/?p=65716#primaryimage\",\"url\":\"http:\\\/\\\/www.lospoliticosveracruz.com.mx\\\/wp-content\\\/uploads\\\/2020\\\/07\\\/CINTILLO-Armando.jpg\",\"contentUrl\":\"http:\\\/\\\/www.lospoliticosveracruz.com.mx\\\/wp-content\\\/uploads\\\/2020\\\/07\\\/CINTILLO-Armando.jpg\"},{\"@type\":\"BreadcrumbList\",\"@id\":\"https:\\\/\\\/lospoliticosveracruz.com\\\/?p=65716#breadcrumb\",\"itemListElement\":[{\"@type\":\"ListItem\",\"position\":1,\"name\":\"Portada\",\"item\":\"https:\\\/\\\/lospoliticosveracruz.com\\\/\"},{\"@type\":\"ListItem\",\"position\":2,\"name\":\"Tec de Xalapa: Acoso, persecuci\u00f3n y protestas\"}]},{\"@type\":\"WebSite\",\"@id\":\"https:\\\/\\\/lospoliticosveracruz.com\\\/#website\",\"url\":\"https:\\\/\\\/lospoliticosveracruz.com\\\/\",\"name\":\"Los pol\u00edticos Veracruz\",\"description\":\"\",\"publisher\":{\"@id\":\"https:\\\/\\\/lospoliticosveracruz.com\\\/#organization\"},\"potentialAction\":[{\"@type\":\"SearchAction\",\"target\":{\"@type\":\"EntryPoint\",\"urlTemplate\":\"https:\\\/\\\/lospoliticosveracruz.com\\\/?s={search_term_string}\"},\"query-input\":{\"@type\":\"PropertyValueSpecification\",\"valueRequired\":true,\"valueName\":\"search_term_string\"}}],\"inLanguage\":\"es\"},{\"@type\":\"Organization\",\"@id\":\"https:\\\/\\\/lospoliticosveracruz.com\\\/#organization\",\"name\":\"Los pol\u00edticos Veracruz\",\"url\":\"https:\\\/\\\/lospoliticosveracruz.com\\\/\",\"logo\":{\"@type\":\"ImageObject\",\"inLanguage\":\"es\",\"@id\":\"https:\\\/\\\/lospoliticosveracruz.com\\\/#\\\/schema\\\/logo\\\/image\\\/\",\"url\":\"https:\\\/\\\/lospoliticosveracruz.com\\\/wp-content\\\/uploads\\\/2025\\\/12\\\/Logo-Nuevo-LOS-POLITICOS-1.jpg\",\"contentUrl\":\"https:\\\/\\\/lospoliticosveracruz.com\\\/wp-content\\\/uploads\\\/2025\\\/12\\\/Logo-Nuevo-LOS-POLITICOS-1.jpg\",\"width\":260,\"height\":70,\"caption\":\"Los pol\u00edticos Veracruz\"},\"image\":{\"@id\":\"https:\\\/\\\/lospoliticosveracruz.com\\\/#\\\/schema\\\/logo\\\/image\\\/\"},\"sameAs\":[\"https:\\\/\\\/www.facebook.com\\\/people\\\/Notimemes-de-los-Polticos\\\/61565672886568\\\/\",\"https:\\\/\\\/x.com\\\/LosPoliticosVer\"]},{\"@type\":\"Person\",\"@id\":\"https:\\\/\\\/lospoliticosveracruz.com\\\/#\\\/schema\\\/person\\\/b8702bb0e538456e6efd07080bf2a4a2\",\"name\":\"Lo viste en Los Pol\u00edticos\",\"image\":{\"@type\":\"ImageObject\",\"inLanguage\":\"es\",\"@id\":\"https:\\\/\\\/secure.gravatar.com\\\/avatar\\\/3a8de04a2656d44082be478bd6c086daa447c4651605818287b9532d3d0bd435?s=96&d=mm&r=g\",\"url\":\"https:\\\/\\\/secure.gravatar.com\\\/avatar\\\/3a8de04a2656d44082be478bd6c086daa447c4651605818287b9532d3d0bd435?s=96&d=mm&r=g\",\"contentUrl\":\"https:\\\/\\\/secure.gravatar.com\\\/avatar\\\/3a8de04a2656d44082be478bd6c086daa447c4651605818287b9532d3d0bd435?s=96&d=mm&r=g\",\"caption\":\"Lo viste en Los Pol\u00edticos\"},\"url\":\"https:\\\/\\\/lospoliticosveracruz.com\\\/?author=2\"}]}<\/script>\n<!-- \/ Yoast SEO plugin. -->","yoast_head_json":{"title":"Tec de Xalapa: Acoso, persecuci\u00f3n y protestas - Los pol\u00edticos Veracruz","robots":{"index":"index","follow":"follow","max-snippet":"max-snippet:-1","max-image-preview":"max-image-preview:large","max-video-preview":"max-video-preview:-1"},"canonical":"https:\/\/lospoliticosveracruz.com\/?p=65716","og_locale":"es_ES","og_type":"article","og_title":"Tec de Xalapa: Acoso, persecuci\u00f3n y protestas - Los pol\u00edticos Veracruz","og_description":"Ricardo Ch\u00faa Sale y Vale \u00abHE MAN\u00bb, LOS OTROS \u00abPECADOS\u00bb&#8230; Si bien es cierto comentamos ayer en este espacio que el diputado local panista, Sergio Hern\u00e1ndez Hern\u00e1ndez, conocido como \u00abHe Man\u00bb, tiene una estructura y alianzas pol\u00edticas dentro del PAN, que lo convierten en el aspirante m\u00e1s fuerte a la alcald\u00eda de Xalapa, al interior [&hellip;]","og_url":"https:\/\/lospoliticosveracruz.com\/?p=65716","og_site_name":"Los pol\u00edticos Veracruz","article_publisher":"https:\/\/www.facebook.com\/people\/Notimemes-de-los-Polticos\/61565672886568\/","article_published_time":"2020-12-21T14:55:06+00:00","og_image":[{"url":"http:\/\/www.lospoliticosveracruz.com.mx\/wp-content\/uploads\/2020\/07\/CINTILLO-Armando.jpg","type":"","width":"","height":""}],"author":"Lo viste en Los Pol\u00edticos","twitter_card":"summary_large_image","twitter_creator":"@LosPoliticosVer","twitter_site":"@LosPoliticosVer","twitter_misc":{"Escrito por":"Lo viste en Los Pol\u00edticos","Tiempo de lectura":"5 minutos"},"schema":{"@context":"https:\/\/schema.org","@graph":[{"@type":"Article","@id":"https:\/\/lospoliticosveracruz.com\/?p=65716#article","isPartOf":{"@id":"https:\/\/lospoliticosveracruz.com\/?p=65716"},"author":{"name":"Lo viste en Los Pol\u00edticos","@id":"https:\/\/lospoliticosveracruz.com\/#\/schema\/person\/b8702bb0e538456e6efd07080bf2a4a2"},"headline":"Tec de Xalapa: Acoso, persecuci\u00f3n y protestas","datePublished":"2020-12-21T14:55:06+00:00","mainEntityOfPage":{"@id":"https:\/\/lospoliticosveracruz.com\/?p=65716"},"wordCount":1071,"commentCount":0,"publisher":{"@id":"https:\/\/lospoliticosveracruz.com\/#organization"},"image":{"@id":"https:\/\/lospoliticosveracruz.com\/?p=65716#primaryimage"},"thumbnailUrl":"http:\/\/www.lospoliticosveracruz.com.mx\/wp-content\/uploads\/2020\/07\/CINTILLO-Armando.jpg","keywords":["acoso sexual","Cuitl\u00e1hauc Garc\u00eda Jim\u00e9nez","David Velasco Chedraui","director de ITSX","Elecciones 2021","Fernando Gonz\u00e1lez Rivas","Fiscal Ver\u00f3nica Hern\u00e1ndez","Instituto Tecnol\u00f3gico Superior de Xalapa","Juan Javier G\u00f3mez Cazar\u00edn","Juegos Centroamericanos","Morena","PAN","Pepe Mancha","PRI PAN PRD","Ruperto Javier Rojo Vargas","Sergio Hern\u00e1ndez Hern\u00e1ndez"],"articleSection":["De Opini\u00f3n"],"inLanguage":"es","potentialAction":[{"@type":"CommentAction","name":"Comment","target":["https:\/\/lospoliticosveracruz.com\/?p=65716#respond"]}]},{"@type":"WebPage","@id":"https:\/\/lospoliticosveracruz.com\/?p=65716","url":"https:\/\/lospoliticosveracruz.com\/?p=65716","name":"Tec de Xalapa: Acoso, persecuci\u00f3n y protestas - Los pol\u00edticos Veracruz","isPartOf":{"@id":"https:\/\/lospoliticosveracruz.com\/#website"},"primaryImageOfPage":{"@id":"https:\/\/lospoliticosveracruz.com\/?p=65716#primaryimage"},"image":{"@id":"https:\/\/lospoliticosveracruz.com\/?p=65716#primaryimage"},"thumbnailUrl":"http:\/\/www.lospoliticosveracruz.com.mx\/wp-content\/uploads\/2020\/07\/CINTILLO-Armando.jpg","datePublished":"2020-12-21T14:55:06+00:00","breadcrumb":{"@id":"https:\/\/lospoliticosveracruz.com\/?p=65716#breadcrumb"},"inLanguage":"es","potentialAction":[{"@type":"ReadAction","target":["https:\/\/lospoliticosveracruz.com\/?p=65716"]}]},{"@type":"ImageObject","inLanguage":"es","@id":"https:\/\/lospoliticosveracruz.com\/?p=65716#primaryimage","url":"http:\/\/www.lospoliticosveracruz.com.mx\/wp-content\/uploads\/2020\/07\/CINTILLO-Armando.jpg","contentUrl":"http:\/\/www.lospoliticosveracruz.com.mx\/wp-content\/uploads\/2020\/07\/CINTILLO-Armando.jpg"},{"@type":"BreadcrumbList","@id":"https:\/\/lospoliticosveracruz.com\/?p=65716#breadcrumb","itemListElement":[{"@type":"ListItem","position":1,"name":"Portada","item":"https:\/\/lospoliticosveracruz.com\/"},{"@type":"ListItem","position":2,"name":"Tec de Xalapa: Acoso, persecuci\u00f3n y protestas"}]},{"@type":"WebSite","@id":"https:\/\/lospoliticosveracruz.com\/#website","url":"https:\/\/lospoliticosveracruz.com\/","name":"Los pol\u00edticos Veracruz","description":"","publisher":{"@id":"https:\/\/lospoliticosveracruz.com\/#organization"},"potentialAction":[{"@type":"SearchAction","target":{"@type":"EntryPoint","urlTemplate":"https:\/\/lospoliticosveracruz.com\/?s={search_term_string}"},"query-input":{"@type":"PropertyValueSpecification","valueRequired":true,"valueName":"search_term_string"}}],"inLanguage":"es"},{"@type":"Organization","@id":"https:\/\/lospoliticosveracruz.com\/#organization","name":"Los pol\u00edticos Veracruz","url":"https:\/\/lospoliticosveracruz.com\/","logo":{"@type":"ImageObject","inLanguage":"es","@id":"https:\/\/lospoliticosveracruz.com\/#\/schema\/logo\/image\/","url":"https:\/\/lospoliticosveracruz.com\/wp-content\/uploads\/2025\/12\/Logo-Nuevo-LOS-POLITICOS-1.jpg","contentUrl":"https:\/\/lospoliticosveracruz.com\/wp-content\/uploads\/2025\/12\/Logo-Nuevo-LOS-POLITICOS-1.jpg","width":260,"height":70,"caption":"Los pol\u00edticos Veracruz"},"image":{"@id":"https:\/\/lospoliticosveracruz.com\/#\/schema\/logo\/image\/"},"sameAs":["https:\/\/www.facebook.com\/people\/Notimemes-de-los-Polticos\/61565672886568\/","https:\/\/x.com\/LosPoliticosVer"]},{"@type":"Person","@id":"https:\/\/lospoliticosveracruz.com\/#\/schema\/person\/b8702bb0e538456e6efd07080bf2a4a2","name":"Lo viste en Los Pol\u00edticos","image":{"@type":"ImageObject","inLanguage":"es","@id":"https:\/\/secure.gravatar.com\/avatar\/3a8de04a2656d44082be478bd6c086daa447c4651605818287b9532d3d0bd435?s=96&d=mm&r=g","url":"https:\/\/secure.gravatar.com\/avatar\/3a8de04a2656d44082be478bd6c086daa447c4651605818287b9532d3d0bd435?s=96&d=mm&r=g","contentUrl":"https:\/\/secure.gravatar.com\/avatar\/3a8de04a2656d44082be478bd6c086daa447c4651605818287b9532d3d0bd435?s=96&d=mm&r=g","caption":"Lo viste en Los Pol\u00edticos"},"url":"https:\/\/lospoliticosveracruz.com\/?author=2"}]}},"_links":{"self":[{"href":"https:\/\/lospoliticosveracruz.com\/index.php?rest_route=\/wp\/v2\/posts\/65716","targetHints":{"allow":["GET"]}}],"collection":[{"href":"https:\/\/lospoliticosveracruz.com\/index.php?rest_route=\/wp\/v2\/posts"}],"about":[{"href":"https:\/\/lospoliticosveracruz.com\/index.php?rest_route=\/wp\/v2\/types\/post"}],"author":[{"embeddable":true,"href":"https:\/\/lospoliticosveracruz.com\/index.php?rest_route=\/wp\/v2\/users\/2"}],"replies":[{"embeddable":true,"href":"https:\/\/lospoliticosveracruz.com\/index.php?rest_route=%2Fwp%2Fv2%2Fcomments&post=65716"}],"version-history":[{"count":1,"href":"https:\/\/lospoliticosveracruz.com\/index.php?rest_route=\/wp\/v2\/posts\/65716\/revisions"}],"predecessor-version":[{"id":65722,"href":"https:\/\/lospoliticosveracruz.com\/index.php?rest_route=\/wp\/v2\/posts\/65716\/revisions\/65722"}],"wp:attachment":[{"href":"https:\/\/lospoliticosveracruz.com\/index.php?rest_route=%2Fwp%2Fv2%2Fmedia&parent=65716"}],"wp:term":[{"taxonomy":"category","embeddable":true,"href":"https:\/\/lospoliticosveracruz.com\/index.php?rest_route=%2Fwp%2Fv2%2Fcategories&post=65716"},{"taxonomy":"post_tag","embeddable":true,"href":"https:\/\/lospoliticosveracruz.com\/index.php?rest_route=%2Fwp%2Fv2%2Ftags&post=65716"}],"curies":[{"name":"wp","href":"https:\/\/api.w.org\/{rel}","templated":true}]}}