{"id":65759,"date":"2020-12-22T09:00:12","date_gmt":"2020-12-22T15:00:12","guid":{"rendered":"http:\/\/www.lospoliticosveracruz.com.mx\/?p=65759"},"modified":"2020-12-22T09:00:12","modified_gmt":"2020-12-22T15:00:12","slug":"rojas-diaz-duran","status":"publish","type":"post","link":"https:\/\/lospoliticosveracruz.com\/?p=65759","title":{"rendered":"Rojas D\u00edaz-Dur\u00e1n"},"content":{"rendered":"<p>&nbsp;<\/p>\n<p><strong>Ricardo Ch\u00faa<\/strong><br \/>\n<em>Sale y Vale<\/em><\/p>\n<p>&nbsp;<\/p>\n<p>\u00bfLLEG\u00d3 EL DELEGADO?&#8230; Si otra cosa no sucede hoy por la ma\u00f1ana en el puerto de Veracruz, estar\u00e1 arribando el senador suplente de MORENA, Alejandro Rojas D\u00edaz-Dur\u00e1n, para sostener entrevistas con personajes allegados al diputado federal porte\u00f1o, Ricardo Exsome, con la finalidad de afianzar candidaturas a alcald\u00edas y diputaciones locales&#8230; De personajes que le fueron pedir \u00abayuda y asesor\u00eda\u00bb al l\u00edder del Senado, Ricardo Monreal \u00c1vila&#8230; Y manda a su mejor \u00abgallo\u00bb y a uno de todas sus confianzas&#8230;<\/p>\n<p><a href=\"https:\/\/www.facebook.com\/notaria61veracruz\/\"><img decoding=\"async\" src=\"http:\/\/www.lospoliticosveracruz.com.mx\/wp-content\/uploads\/2020\/07\/CINTILLO-Armando.jpg\" alt=\"\" \/><\/a><\/p>\n<p>Hay que recordar que Rojas D\u00edaz Dur\u00e1n, aunque muchos funcionarios estatales y federales no lo quieren en la entidad, es el personaje que est\u00e1n perfilando grupos pol\u00edticos al interior de MORENA en Veracruz&#8230; Para que sea la persona que designe el dirigente de MORENA en el pa\u00eds, Mario Delgado Carrillo, como el nuevo DELEGADO NACIONAL de este partido en el Estado para enfrentar los procesos electorales federales y estatales del 2021&#8230; Y con eso de que Monreal y Delgado han \u00abfumado la pipa de la paz\u00bb.. Todo es posible en Veracruz&#8230;<br \/>\nSobre todo porque MORENA en la entidad, est\u00e1 muy \u00abfracturado\u00bb en sus grupos pol\u00edticos y no tienen la forma de controlarse entre unos y otros&#8230; Se espera que la capacidad negociadora de Rojas logre esta unidad&#8230; Si es nombrado como delegado nacional y hasta que pueda sentarse con el propio gobernador, Cuitl\u00e1huac Garc\u00eda, despu\u00e9s de que el senador suplente fue uno de sus principales cr\u00edticos de su gobierno&#8230; Pero en semanas pasadas, ambos se unieron porque apoyaron a al proyecto de Porfirio Mu\u00f1oz Ledo, en busca de la dirigencia de los Morenos&#8230;<br \/>\nAs\u00ed que si otra cosa no pasa&#8230; Seguramente estaremos observando el movimiento de diputados federales veracruzanos de MORENA cercanos a Mario Delgado&#8230; \u00abArropando\u00bb en el Caf\u00e9 de los 200 o 500 a\u00f1os del Primo \u00c1ngel, a Alejandro Rojas&#8230; Donde tambi\u00e9n se espera acuda Gonzalo Vicencio en su funci\u00f3n como presidente de partido de manera interina&#8230; Lo que muchos en su momento NEGARON, hoy se puede confirmar con la llegada de Rojas D\u00edaz Duran a Veracruz.. Todo es al estilo PRI&#8230; De donde salieron todos esos Morenos&#8230; TAN, TAN..<\/p>\n<p>CUENTOS CHINOS&#8230; El \u00abGarganta Profunda\u00bb en Veracruz, que trabaj\u00f3, conoci\u00f3 y mando a \u00abfre\u00edr esp\u00e1rragos\u00bb a Mario Delgado hace varios a\u00f1os, pero que conoce bien las \u00abentra\u00f1as\u00bb de MORENA&#8230; Se\u00f1ala que duda de que Delgado Carrillo trate de impulsar como el delegado nacional de su partido en la entidad a Alejandro Rojas&#8230; Ya que el diputado federal Morenista y coordinador de la bancada en el c\u00e1mara baja del Congreso de la Uni\u00f3n&#8230; Es un tipo de los m\u00e1s RENCOROSOS que se conoce en la pol\u00edtica mexicana&#8230;<br \/>\nPor eso, nunca le va a perdonar a Alejandro Rojas que cuando fue su jefe, estuvo sobre de \u00e9l todo el tiempo, porque nunca fue muy \u00ablisto\u00bb en la operaci\u00f3n pol\u00edtica&#8230; Rojas fue el primer jefe de Mario Delgado y por la forma en que lo trataba para que hiciera bien las cosas, hizo que con el tiempo le creciera ese rencor&#8230; No lo soporta, lo odia&#8230; En MORENA es por todos conocido ese sentimiento entre ambos&#8230; Por ello, la duda de que Rojas sea designado por Delgado&#8230; Si de \u00e9l dependiera, no lo har\u00eda&#8230;<br \/>\nAdem\u00e1s el mismo \u00abGarganta Profunda\u00bb confiesa que hoy, ning\u00fan diputado federal veracruzano de MORENA pertenece al \u00abgrupo cercano\u00bb de Mario Delgado&#8230; Ni Jaime Humberto P\u00e9rez Bernab\u00e9, ni Ricardo Exsome Zapata&#8230; As\u00ed que no nos hagamos \u00abpatos\u00bb&#8230; Los \u00fanicos cercanos al coordinador de los legisladores Morenos, es lo que se define como \u00abLa Burbuja\u00bb, y por lo regular son los subcoordinadores, y hasta el momento ning\u00fan veracruzano est\u00e1 en esa posici\u00f3n&#8230; TODO LO DEM\u00c1S, SON \u00abCUENTOS CHINOS\u00bb&#8230;<br \/>\nYa que esos son los \u00abcuentos\u00bb que lanzan de una \u00absupuesta cercan\u00eda\u00bb de personajes con los cuales, los dirigentes \u00abjuegan\u00bb con sus subalternos que no tienen trabajo legislativo&#8230; Y que dentro de MORENA nunca le entendieron a la pol\u00edtica&#8230; Piensan que con venir a la \u00abaldea\u00bb veracruzana a repartir, tal como se hac\u00eda en los tiempos del \u00abviejo\u00bb PRI, les van a creer de su \u00abcercan\u00eda\u00bb&#8230; El tema que la REAL POL\u00cdTIK en Veracruz, dentro del partido en el poder en el Estado y el pa\u00eds, hay muchos incautos&#8230; AM\u00c9N Y M\u00c1S AM\u00c9N&#8230;<\/p>\n<p>BINGEN O MIGUEL.. Ya desde hace semanas se sabe que para el PAN en el puerto de Veracruz&#8230; S\u00f3lo hay dos personajes que est\u00e1n en la lucha por la candidatura a la alcald\u00eda de Veracruz&#8230; Es Bingen Rementer\u00eda o es Miguel \u00c1ngel Yunes junior&#8230; A ambos les va a COSTAR m\u00e1s trabajo ganar la candidatura interna, que ganar la elecci\u00f3n constitucional&#8230; Los n\u00fameros, que cada equipo lleva, entre la militancia es que este proceso al interior est\u00e1 CERRADO y que aun no hay definido nada para nadie&#8230;<br \/>\nPor eso los \u00abtiempos\u00bb en el PAN del lanzamientos de la convocatoria, hecha por el OPLE, es fundamental para los dos equipos al interior del panismo porte\u00f1o&#8230; Si est\u00e1 es lanzada antes del 14 de febrero, es muy probable que se \u00abcierre\u00bb la elecci\u00f3n interna hasta el final y el que salga ganador lo haga \u00abpor una nariz\u00bb&#8230; De eso, no hay duda&#8230; Pero si esta misma convocatoria es lanzada a finales de marzo&#8230; Todo parece indicar que el principal beneficiado ser\u00eda para el Junior de Julen Rementer\u00eda&#8230; Tendr\u00eda m\u00e1s militancia a favor..<br \/>\nEs m\u00e1s dentro del panismo hay una \u00ablectura\u00bb muy PERVERSA&#8230; De que si en caso, la convocatoria para la elecci\u00f3n interna del PAN a la candidatura a la alcald\u00eda, es a finales de marzo&#8230; Yunes M\u00e1rquez, NO PARTICIPAR\u00cdA en la contienda&#8230; Ya que no se iba a exhibir, con una derrota pol\u00edtica, en manos de un \u00abac\u00e9rrimo enemigo\u00bb de unos meses para ac\u00e1 y tampoco, expondr\u00eda su capital y figura pol\u00edtica a tal situaci\u00f3n&#8230; Seguramente el Grupo de los Yunes Azules, la \u00abjugar\u00eda\u00bb con \u00abotra carta\u00bb para no exponer a sus \u00abgallos\u00bb&#8230; Una medida inteligente&#8230;<br \/>\nMiguel \u00c1ngel quiere estar vigente para el 2024 porque como toda persona en la vida&#8230; Quiere una \u00abrevancha\u00bb pol\u00edtica, de lo que no logr\u00f3 en 2018&#8230; As\u00ed que una derrota al interior del PAN en estos momentos, por una candidatura a la alcald\u00eda porte\u00f1a, FRENTE a un \u00abCHAMACO\u00bb de 32 a\u00f1os, que es su par dentro del panismo&#8230; Cuando \u00e9l, ya ha sido dos veces alcalde de Boca del R\u00edo, diputado local y ex candidato a gobernador, pues, simplemente NO SE VA EXPONER a perderla.. QUEDA CLARO&#8230; AMEN Y QUE JESUS LOS AMPARE&#8230;<\/p>\n","protected":false},"excerpt":{"rendered":"<p>&nbsp; Ricardo Ch\u00faa Sale y Vale &nbsp; \u00bfLLEG\u00d3 EL DELEGADO?&#8230; Si otra cosa no sucede hoy por la ma\u00f1ana en el puerto de Veracruz, estar\u00e1 arribando el senador suplente de MORENA, Alejandro Rojas D\u00edaz-Dur\u00e1n, para sostener entrevistas con personajes allegados al diputado federal porte\u00f1o, Ricardo Exsome, con la finalidad de afianzar candidaturas a alcald\u00edas y [&hellip;]<\/p>\n","protected":false},"author":2,"featured_media":64870,"comment_status":"open","ping_status":"open","sticky":false,"template":"","format":"standard","meta":{"tdm_status":"","tdm_grid_status":"","footnotes":""},"categories":[70],"tags":[4684,1681,24670,15016,16032,20170,24671,1026,3272,266,1025,14721,2944,195],"class_list":{"0":"post-65759","1":"post","2":"type-post","3":"status-publish","4":"format-standard","5":"has-post-thumbnail","7":"category-de-opinion","8":"tag-bingen-rementeria","9":"tag-cuitlahuac-garcia","10":"tag-estilo-pri","11":"tag-gonzalo-vicencio","12":"tag-jaime-humberto-perez-bernabe","13":"tag-mario-delgado-carrillo","14":"tag-miguel-angel-yunes-junior","15":"tag-morena","16":"tag-ople","17":"tag-pan","18":"tag-porfirio-munoz-ledo","19":"tag-ricardo-exsome","20":"tag-ricardo-monreal-avila","21":"tag-veracruz"},"yoast_head":"<!-- This site is optimized with the Yoast SEO plugin v27.4 - https:\/\/yoast.com\/product\/yoast-seo-wordpress\/ -->\n<title>Rojas D\u00edaz-Dur\u00e1n - Los pol\u00edticos Veracruz<\/title>\n<meta name=\"robots\" content=\"index, follow, max-snippet:-1, max-image-preview:large, max-video-preview:-1\" \/>\n<link rel=\"canonical\" href=\"https:\/\/lospoliticosveracruz.com\/?p=65759\" \/>\n<meta property=\"og:locale\" content=\"es_ES\" \/>\n<meta property=\"og:type\" content=\"article\" \/>\n<meta property=\"og:title\" content=\"Rojas D\u00edaz-Dur\u00e1n - Los pol\u00edticos Veracruz\" \/>\n<meta property=\"og:description\" content=\"&nbsp; Ricardo Ch\u00faa Sale y Vale &nbsp; \u00bfLLEG\u00d3 EL DELEGADO?&#8230; Si otra cosa no sucede hoy por la ma\u00f1ana en el puerto de Veracruz, estar\u00e1 arribando el senador suplente de MORENA, Alejandro Rojas D\u00edaz-Dur\u00e1n, para sostener entrevistas con personajes allegados al diputado federal porte\u00f1o, Ricardo Exsome, con la finalidad de afianzar candidaturas a alcald\u00edas y [&hellip;]\" \/>\n<meta property=\"og:url\" content=\"https:\/\/lospoliticosveracruz.com\/?p=65759\" \/>\n<meta property=\"og:site_name\" content=\"Los pol\u00edticos Veracruz\" \/>\n<meta property=\"article:publisher\" content=\"https:\/\/www.facebook.com\/people\/Notimemes-de-los-Polticos\/61565672886568\/\" \/>\n<meta property=\"article:published_time\" content=\"2020-12-22T15:00:12+00:00\" \/>\n<meta property=\"og:image\" content=\"https:\/\/lospoliticosveracruz.com\/wp-content\/uploads\/2020\/12\/Alejando-Rojas-D\u00edaz-Dur\u00e1n.jpg\" \/>\n\t<meta property=\"og:image:width\" content=\"650\" \/>\n\t<meta property=\"og:image:height\" content=\"350\" \/>\n\t<meta property=\"og:image:type\" content=\"image\/jpeg\" \/>\n<meta name=\"author\" content=\"Lo viste en Los Pol\u00edticos\" \/>\n<meta name=\"twitter:card\" content=\"summary_large_image\" \/>\n<meta name=\"twitter:creator\" content=\"@LosPoliticosVer\" \/>\n<meta name=\"twitter:site\" content=\"@LosPoliticosVer\" \/>\n<meta name=\"twitter:label1\" content=\"Escrito por\" \/>\n\t<meta name=\"twitter:data1\" content=\"Lo viste en Los Pol\u00edticos\" \/>\n\t<meta name=\"twitter:label2\" content=\"Tiempo de lectura\" \/>\n\t<meta name=\"twitter:data2\" content=\"6 minutos\" \/>\n<script type=\"application\/ld+json\" class=\"yoast-schema-graph\">{\"@context\":\"https:\\\/\\\/schema.org\",\"@graph\":[{\"@type\":\"Article\",\"@id\":\"https:\\\/\\\/lospoliticosveracruz.com\\\/?p=65759#article\",\"isPartOf\":{\"@id\":\"https:\\\/\\\/lospoliticosveracruz.com\\\/?p=65759\"},\"author\":{\"name\":\"Lo viste en Los Pol\u00edticos\",\"@id\":\"https:\\\/\\\/lospoliticosveracruz.com\\\/#\\\/schema\\\/person\\\/b8702bb0e538456e6efd07080bf2a4a2\"},\"headline\":\"Rojas D\u00edaz-Dur\u00e1n\",\"datePublished\":\"2020-12-22T15:00:12+00:00\",\"mainEntityOfPage\":{\"@id\":\"https:\\\/\\\/lospoliticosveracruz.com\\\/?p=65759\"},\"wordCount\":1151,\"commentCount\":0,\"publisher\":{\"@id\":\"https:\\\/\\\/lospoliticosveracruz.com\\\/#organization\"},\"image\":{\"@id\":\"https:\\\/\\\/lospoliticosveracruz.com\\\/?p=65759#primaryimage\"},\"thumbnailUrl\":\"https:\\\/\\\/lospoliticosveracruz.com\\\/wp-content\\\/uploads\\\/2020\\\/12\\\/Alejando-Rojas-D\u00edaz-Dur\u00e1n.jpg\",\"keywords\":[\"Bingen Rementer\u00eda\",\"Cuitl\u00e1huac Garc\u00eda\",\"Estilo PRI\",\"Gonzalo Vicencio\",\"Jaime Humberto P\u00e9rez Bernab\u00e9\",\"Mario Delgado Carrillo\",\"Miguel \u00c1ngel Yunes junior\",\"Morena\",\"OPLE\",\"PAN\",\"Porfirio Mu\u00f1oz Ledo\",\"Ricardo Exsome\",\"Ricardo Monreal \u00c1vila\",\"Veracruz\"],\"articleSection\":[\"De Opini\u00f3n\"],\"inLanguage\":\"es\",\"potentialAction\":[{\"@type\":\"CommentAction\",\"name\":\"Comment\",\"target\":[\"https:\\\/\\\/lospoliticosveracruz.com\\\/?p=65759#respond\"]}]},{\"@type\":\"WebPage\",\"@id\":\"https:\\\/\\\/lospoliticosveracruz.com\\\/?p=65759\",\"url\":\"https:\\\/\\\/lospoliticosveracruz.com\\\/?p=65759\",\"name\":\"Rojas D\u00edaz-Dur\u00e1n - Los pol\u00edticos Veracruz\",\"isPartOf\":{\"@id\":\"https:\\\/\\\/lospoliticosveracruz.com\\\/#website\"},\"primaryImageOfPage\":{\"@id\":\"https:\\\/\\\/lospoliticosveracruz.com\\\/?p=65759#primaryimage\"},\"image\":{\"@id\":\"https:\\\/\\\/lospoliticosveracruz.com\\\/?p=65759#primaryimage\"},\"thumbnailUrl\":\"https:\\\/\\\/lospoliticosveracruz.com\\\/wp-content\\\/uploads\\\/2020\\\/12\\\/Alejando-Rojas-D\u00edaz-Dur\u00e1n.jpg\",\"datePublished\":\"2020-12-22T15:00:12+00:00\",\"breadcrumb\":{\"@id\":\"https:\\\/\\\/lospoliticosveracruz.com\\\/?p=65759#breadcrumb\"},\"inLanguage\":\"es\",\"potentialAction\":[{\"@type\":\"ReadAction\",\"target\":[\"https:\\\/\\\/lospoliticosveracruz.com\\\/?p=65759\"]}]},{\"@type\":\"ImageObject\",\"inLanguage\":\"es\",\"@id\":\"https:\\\/\\\/lospoliticosveracruz.com\\\/?p=65759#primaryimage\",\"url\":\"https:\\\/\\\/lospoliticosveracruz.com\\\/wp-content\\\/uploads\\\/2020\\\/12\\\/Alejando-Rojas-D\u00edaz-Dur\u00e1n.jpg\",\"contentUrl\":\"https:\\\/\\\/lospoliticosveracruz.com\\\/wp-content\\\/uploads\\\/2020\\\/12\\\/Alejando-Rojas-D\u00edaz-Dur\u00e1n.jpg\",\"width\":650,\"height\":350},{\"@type\":\"BreadcrumbList\",\"@id\":\"https:\\\/\\\/lospoliticosveracruz.com\\\/?p=65759#breadcrumb\",\"itemListElement\":[{\"@type\":\"ListItem\",\"position\":1,\"name\":\"Portada\",\"item\":\"https:\\\/\\\/lospoliticosveracruz.com\\\/\"},{\"@type\":\"ListItem\",\"position\":2,\"name\":\"Rojas D\u00edaz-Dur\u00e1n\"}]},{\"@type\":\"WebSite\",\"@id\":\"https:\\\/\\\/lospoliticosveracruz.com\\\/#website\",\"url\":\"https:\\\/\\\/lospoliticosveracruz.com\\\/\",\"name\":\"Los pol\u00edticos Veracruz\",\"description\":\"\",\"publisher\":{\"@id\":\"https:\\\/\\\/lospoliticosveracruz.com\\\/#organization\"},\"potentialAction\":[{\"@type\":\"SearchAction\",\"target\":{\"@type\":\"EntryPoint\",\"urlTemplate\":\"https:\\\/\\\/lospoliticosveracruz.com\\\/?s={search_term_string}\"},\"query-input\":{\"@type\":\"PropertyValueSpecification\",\"valueRequired\":true,\"valueName\":\"search_term_string\"}}],\"inLanguage\":\"es\"},{\"@type\":\"Organization\",\"@id\":\"https:\\\/\\\/lospoliticosveracruz.com\\\/#organization\",\"name\":\"Los pol\u00edticos Veracruz\",\"url\":\"https:\\\/\\\/lospoliticosveracruz.com\\\/\",\"logo\":{\"@type\":\"ImageObject\",\"inLanguage\":\"es\",\"@id\":\"https:\\\/\\\/lospoliticosveracruz.com\\\/#\\\/schema\\\/logo\\\/image\\\/\",\"url\":\"https:\\\/\\\/lospoliticosveracruz.com\\\/wp-content\\\/uploads\\\/2025\\\/12\\\/Logo-Nuevo-LOS-POLITICOS-1.jpg\",\"contentUrl\":\"https:\\\/\\\/lospoliticosveracruz.com\\\/wp-content\\\/uploads\\\/2025\\\/12\\\/Logo-Nuevo-LOS-POLITICOS-1.jpg\",\"width\":260,\"height\":70,\"caption\":\"Los pol\u00edticos Veracruz\"},\"image\":{\"@id\":\"https:\\\/\\\/lospoliticosveracruz.com\\\/#\\\/schema\\\/logo\\\/image\\\/\"},\"sameAs\":[\"https:\\\/\\\/www.facebook.com\\\/people\\\/Notimemes-de-los-Polticos\\\/61565672886568\\\/\",\"https:\\\/\\\/x.com\\\/LosPoliticosVer\"]},{\"@type\":\"Person\",\"@id\":\"https:\\\/\\\/lospoliticosveracruz.com\\\/#\\\/schema\\\/person\\\/b8702bb0e538456e6efd07080bf2a4a2\",\"name\":\"Lo viste en Los Pol\u00edticos\",\"image\":{\"@type\":\"ImageObject\",\"inLanguage\":\"es\",\"@id\":\"https:\\\/\\\/secure.gravatar.com\\\/avatar\\\/3a8de04a2656d44082be478bd6c086daa447c4651605818287b9532d3d0bd435?s=96&d=mm&r=g\",\"url\":\"https:\\\/\\\/secure.gravatar.com\\\/avatar\\\/3a8de04a2656d44082be478bd6c086daa447c4651605818287b9532d3d0bd435?s=96&d=mm&r=g\",\"contentUrl\":\"https:\\\/\\\/secure.gravatar.com\\\/avatar\\\/3a8de04a2656d44082be478bd6c086daa447c4651605818287b9532d3d0bd435?s=96&d=mm&r=g\",\"caption\":\"Lo viste en Los Pol\u00edticos\"},\"url\":\"https:\\\/\\\/lospoliticosveracruz.com\\\/?author=2\"}]}<\/script>\n<!-- \/ Yoast SEO plugin. -->","yoast_head_json":{"title":"Rojas D\u00edaz-Dur\u00e1n - Los pol\u00edticos Veracruz","robots":{"index":"index","follow":"follow","max-snippet":"max-snippet:-1","max-image-preview":"max-image-preview:large","max-video-preview":"max-video-preview:-1"},"canonical":"https:\/\/lospoliticosveracruz.com\/?p=65759","og_locale":"es_ES","og_type":"article","og_title":"Rojas D\u00edaz-Dur\u00e1n - Los pol\u00edticos Veracruz","og_description":"&nbsp; Ricardo Ch\u00faa Sale y Vale &nbsp; \u00bfLLEG\u00d3 EL DELEGADO?&#8230; Si otra cosa no sucede hoy por la ma\u00f1ana en el puerto de Veracruz, estar\u00e1 arribando el senador suplente de MORENA, Alejandro Rojas D\u00edaz-Dur\u00e1n, para sostener entrevistas con personajes allegados al diputado federal porte\u00f1o, Ricardo Exsome, con la finalidad de afianzar candidaturas a alcald\u00edas y [&hellip;]","og_url":"https:\/\/lospoliticosveracruz.com\/?p=65759","og_site_name":"Los pol\u00edticos Veracruz","article_publisher":"https:\/\/www.facebook.com\/people\/Notimemes-de-los-Polticos\/61565672886568\/","article_published_time":"2020-12-22T15:00:12+00:00","og_image":[{"width":650,"height":350,"url":"https:\/\/lospoliticosveracruz.com\/wp-content\/uploads\/2020\/12\/Alejando-Rojas-D\u00edaz-Dur\u00e1n.jpg","type":"image\/jpeg"}],"author":"Lo viste en Los Pol\u00edticos","twitter_card":"summary_large_image","twitter_creator":"@LosPoliticosVer","twitter_site":"@LosPoliticosVer","twitter_misc":{"Escrito por":"Lo viste en Los Pol\u00edticos","Tiempo de lectura":"6 minutos"},"schema":{"@context":"https:\/\/schema.org","@graph":[{"@type":"Article","@id":"https:\/\/lospoliticosveracruz.com\/?p=65759#article","isPartOf":{"@id":"https:\/\/lospoliticosveracruz.com\/?p=65759"},"author":{"name":"Lo viste en Los Pol\u00edticos","@id":"https:\/\/lospoliticosveracruz.com\/#\/schema\/person\/b8702bb0e538456e6efd07080bf2a4a2"},"headline":"Rojas D\u00edaz-Dur\u00e1n","datePublished":"2020-12-22T15:00:12+00:00","mainEntityOfPage":{"@id":"https:\/\/lospoliticosveracruz.com\/?p=65759"},"wordCount":1151,"commentCount":0,"publisher":{"@id":"https:\/\/lospoliticosveracruz.com\/#organization"},"image":{"@id":"https:\/\/lospoliticosveracruz.com\/?p=65759#primaryimage"},"thumbnailUrl":"https:\/\/lospoliticosveracruz.com\/wp-content\/uploads\/2020\/12\/Alejando-Rojas-D\u00edaz-Dur\u00e1n.jpg","keywords":["Bingen Rementer\u00eda","Cuitl\u00e1huac Garc\u00eda","Estilo PRI","Gonzalo Vicencio","Jaime Humberto P\u00e9rez Bernab\u00e9","Mario Delgado Carrillo","Miguel \u00c1ngel Yunes junior","Morena","OPLE","PAN","Porfirio Mu\u00f1oz Ledo","Ricardo Exsome","Ricardo Monreal \u00c1vila","Veracruz"],"articleSection":["De Opini\u00f3n"],"inLanguage":"es","potentialAction":[{"@type":"CommentAction","name":"Comment","target":["https:\/\/lospoliticosveracruz.com\/?p=65759#respond"]}]},{"@type":"WebPage","@id":"https:\/\/lospoliticosveracruz.com\/?p=65759","url":"https:\/\/lospoliticosveracruz.com\/?p=65759","name":"Rojas D\u00edaz-Dur\u00e1n - Los pol\u00edticos Veracruz","isPartOf":{"@id":"https:\/\/lospoliticosveracruz.com\/#website"},"primaryImageOfPage":{"@id":"https:\/\/lospoliticosveracruz.com\/?p=65759#primaryimage"},"image":{"@id":"https:\/\/lospoliticosveracruz.com\/?p=65759#primaryimage"},"thumbnailUrl":"https:\/\/lospoliticosveracruz.com\/wp-content\/uploads\/2020\/12\/Alejando-Rojas-D\u00edaz-Dur\u00e1n.jpg","datePublished":"2020-12-22T15:00:12+00:00","breadcrumb":{"@id":"https:\/\/lospoliticosveracruz.com\/?p=65759#breadcrumb"},"inLanguage":"es","potentialAction":[{"@type":"ReadAction","target":["https:\/\/lospoliticosveracruz.com\/?p=65759"]}]},{"@type":"ImageObject","inLanguage":"es","@id":"https:\/\/lospoliticosveracruz.com\/?p=65759#primaryimage","url":"https:\/\/lospoliticosveracruz.com\/wp-content\/uploads\/2020\/12\/Alejando-Rojas-D\u00edaz-Dur\u00e1n.jpg","contentUrl":"https:\/\/lospoliticosveracruz.com\/wp-content\/uploads\/2020\/12\/Alejando-Rojas-D\u00edaz-Dur\u00e1n.jpg","width":650,"height":350},{"@type":"BreadcrumbList","@id":"https:\/\/lospoliticosveracruz.com\/?p=65759#breadcrumb","itemListElement":[{"@type":"ListItem","position":1,"name":"Portada","item":"https:\/\/lospoliticosveracruz.com\/"},{"@type":"ListItem","position":2,"name":"Rojas D\u00edaz-Dur\u00e1n"}]},{"@type":"WebSite","@id":"https:\/\/lospoliticosveracruz.com\/#website","url":"https:\/\/lospoliticosveracruz.com\/","name":"Los pol\u00edticos Veracruz","description":"","publisher":{"@id":"https:\/\/lospoliticosveracruz.com\/#organization"},"potentialAction":[{"@type":"SearchAction","target":{"@type":"EntryPoint","urlTemplate":"https:\/\/lospoliticosveracruz.com\/?s={search_term_string}"},"query-input":{"@type":"PropertyValueSpecification","valueRequired":true,"valueName":"search_term_string"}}],"inLanguage":"es"},{"@type":"Organization","@id":"https:\/\/lospoliticosveracruz.com\/#organization","name":"Los pol\u00edticos Veracruz","url":"https:\/\/lospoliticosveracruz.com\/","logo":{"@type":"ImageObject","inLanguage":"es","@id":"https:\/\/lospoliticosveracruz.com\/#\/schema\/logo\/image\/","url":"https:\/\/lospoliticosveracruz.com\/wp-content\/uploads\/2025\/12\/Logo-Nuevo-LOS-POLITICOS-1.jpg","contentUrl":"https:\/\/lospoliticosveracruz.com\/wp-content\/uploads\/2025\/12\/Logo-Nuevo-LOS-POLITICOS-1.jpg","width":260,"height":70,"caption":"Los pol\u00edticos Veracruz"},"image":{"@id":"https:\/\/lospoliticosveracruz.com\/#\/schema\/logo\/image\/"},"sameAs":["https:\/\/www.facebook.com\/people\/Notimemes-de-los-Polticos\/61565672886568\/","https:\/\/x.com\/LosPoliticosVer"]},{"@type":"Person","@id":"https:\/\/lospoliticosveracruz.com\/#\/schema\/person\/b8702bb0e538456e6efd07080bf2a4a2","name":"Lo viste en Los Pol\u00edticos","image":{"@type":"ImageObject","inLanguage":"es","@id":"https:\/\/secure.gravatar.com\/avatar\/3a8de04a2656d44082be478bd6c086daa447c4651605818287b9532d3d0bd435?s=96&d=mm&r=g","url":"https:\/\/secure.gravatar.com\/avatar\/3a8de04a2656d44082be478bd6c086daa447c4651605818287b9532d3d0bd435?s=96&d=mm&r=g","contentUrl":"https:\/\/secure.gravatar.com\/avatar\/3a8de04a2656d44082be478bd6c086daa447c4651605818287b9532d3d0bd435?s=96&d=mm&r=g","caption":"Lo viste en Los Pol\u00edticos"},"url":"https:\/\/lospoliticosveracruz.com\/?author=2"}]}},"_links":{"self":[{"href":"https:\/\/lospoliticosveracruz.com\/index.php?rest_route=\/wp\/v2\/posts\/65759","targetHints":{"allow":["GET"]}}],"collection":[{"href":"https:\/\/lospoliticosveracruz.com\/index.php?rest_route=\/wp\/v2\/posts"}],"about":[{"href":"https:\/\/lospoliticosveracruz.com\/index.php?rest_route=\/wp\/v2\/types\/post"}],"author":[{"embeddable":true,"href":"https:\/\/lospoliticosveracruz.com\/index.php?rest_route=\/wp\/v2\/users\/2"}],"replies":[{"embeddable":true,"href":"https:\/\/lospoliticosveracruz.com\/index.php?rest_route=%2Fwp%2Fv2%2Fcomments&post=65759"}],"version-history":[{"count":1,"href":"https:\/\/lospoliticosveracruz.com\/index.php?rest_route=\/wp\/v2\/posts\/65759\/revisions"}],"predecessor-version":[{"id":65763,"href":"https:\/\/lospoliticosveracruz.com\/index.php?rest_route=\/wp\/v2\/posts\/65759\/revisions\/65763"}],"wp:featuredmedia":[{"embeddable":true,"href":"https:\/\/lospoliticosveracruz.com\/index.php?rest_route=\/wp\/v2\/media\/64870"}],"wp:attachment":[{"href":"https:\/\/lospoliticosveracruz.com\/index.php?rest_route=%2Fwp%2Fv2%2Fmedia&parent=65759"}],"wp:term":[{"taxonomy":"category","embeddable":true,"href":"https:\/\/lospoliticosveracruz.com\/index.php?rest_route=%2Fwp%2Fv2%2Fcategories&post=65759"},{"taxonomy":"post_tag","embeddable":true,"href":"https:\/\/lospoliticosveracruz.com\/index.php?rest_route=%2Fwp%2Fv2%2Ftags&post=65759"}],"curies":[{"name":"wp","href":"https:\/\/api.w.org\/{rel}","templated":true}]}}