{"id":65965,"date":"2020-12-29T11:12:45","date_gmt":"2020-12-29T17:12:45","guid":{"rendered":"http:\/\/www.lospoliticosveracruz.com.mx\/?p=65965"},"modified":"2020-12-29T11:12:45","modified_gmt":"2020-12-29T17:12:45","slug":"remesas-gran-esfuerzo-de-sacrificados-migrantes","status":"publish","type":"post","link":"https:\/\/lospoliticosveracruz.com\/?p=65965","title":{"rendered":"Remesas, gran esfuerzo de sacrificados migrantes"},"content":{"rendered":"<p><strong>Rafael Arias Hern\u00e1ndez<\/strong><\/p>\n<p><em>Mutatis mutandis<\/em><\/p>\n<p>Oportuno tener presente los niveles de aportaci\u00f3n y apoyo alcanzados en el mundo, de quienes no habiendo encontrado ni recibido oportunidades de empleo, han tenido que salir de sus pa\u00edses para tener un ingreso y poder apoyar a sus familias, principalmente a trav\u00e9s de las conocidas remesas.<br \/>\nEn cuanto al volumen de ingresos por pa\u00edses, de acuerdo a organismos internacionales, como el Banco Mundial,  tan solo para 2019,  en miles de millones de USD actuales, los principales receptores fueron; la India (83.1), China (68.4), M\u00e9xico (38.5), Filipinas (35.2) y la Rep\u00fablica \u00c1rabe de Egipto (26.).<br \/>\nDebe mencionarse que estas fuentes internacionales e informaci\u00f3n, se\u00f1alaron que en 2020 se presentar\u00eda una disminuci\u00f3n, sobre todo en los pa\u00edses de renta media baja que en 2019, alcanzaron la cifra r\u00e9cord de USD 554 millones de d\u00f3lares, superando los flujos de inversi\u00f3n extranjera directa. As\u00ed, la previsi\u00f3n  establece que las remesas, al mismo tipo de pa\u00edses, se reducir\u00e1 un 19.7%, hasta alcanzar 445 millones de d\u00f3lares, convirti\u00e9ndose en una de las reducciones m\u00e1s pronunciadas de la historia reciente, sin duda, impulsada por los efectos pand\u00e9micos y una crisis econ\u00f3mica internacional que se profundiza.(Banco Mundial, 2020)<br \/>\nEl n\u00famero total de inmigrantes internacionales, seg\u00fan la ONU, se estima en 271.6 millones, algo as\u00ed como el 3.5 % de la poblaci\u00f3n total mundial. Entre 2019 y 2020 ha crecido 0.7 puntos porcentuales. (ONU, DAES, 2019)<br \/>\nLas lecciones de este proceso econ\u00f3mico- demogr\u00e1fico, son m\u00faltiples e importantes. En forma inmediata, la capacidad de sobrevivir se hace presente, pues quienes buscan oportunidad de empleo y no lo encuentran, optan por salir de sus hogares y pa\u00edses, para lograr el sustento b\u00e1sico; tambi\u00e9n muestra las diferencias de los tama\u00f1os de las econom\u00edas y sus mercados, as\u00ed como las importantes diferencias en capacidad de generaci\u00f3n de empleos. Expulsi\u00f3n y atracci\u00f3n, contribuyen a esas decisiones de emigraci\u00f3n.<br \/>\nDebe mencionarse tambi\u00e9n, que este hecho, brinda la oportunidad de mostrar y demostrar el alto sentido de solidaridad humana y fraternidad familiar, ya que el env\u00edo permanente de recursos as\u00ed lo demuestra.<br \/>\nComo tambi\u00e9n se demuestra en nuestro pa\u00eds, que el principal programa de ayuda a los pobres no es gubernamental ni empresarial. El principal programa de ayuda y apoyo a los pobres, es de los pobres.<\/p>\n<p><strong>EL CASO MEXICANO<\/strong><br \/>\nMuy brevemente, habr\u00eda que se\u00f1alar, que en contra de lo  previsto  y comprobado para la regi\u00f3n latinoamericana, nuestro pa\u00eds no sufri\u00f3 una disminuci\u00f3n en la recepci\u00f3n de remesas; e incluso, su presencia como fuente de divisas es singularmente sobresaliente.<br \/>\nSe espera que el 2020, concluya con cerca de los 40 mil millones de d\u00f3lares.<br \/>\nEs m\u00e1s, el Banco de M\u00e9xico inform\u00f3, que de enero a octubre de este a\u00f1o,  el pa\u00eds ha recibido 33,564 mdd por remesas, monto superior a los 30,394 millones  que llegaron en el mismo lapso de 2019, y que representa una variaci\u00f3n del 10.43%.<br \/>\n\u00abEn 2019 el pa\u00eds recibi\u00f3 un total de 36,438 mdd por concepto de remesas\u2026Es probable que las remesas superen los 40,000 millones de d\u00f3lares en el a\u00f1o, ya que en el mes de diciembre suele ser elevado debido a la \u00e9poca navide\u00f1a anticip\u00f3 Gabriela Siller, directora de an\u00e1lisis econ\u00f3mico financiero de Banco Base\u00bb (Expansi\u00f3n, 011220)<br \/>\nIndiscutible, la importancia de las remesas en la econom\u00eda de los mexicanos. Para empezar representan poco m\u00e1s del 3.8 % del Producto Bruto Interno.<br \/>\n\u00abLa recepci\u00f3n por remesas, al segundo trimestre de 2020, fue de 10,674.57 millones de d\u00f3lares (mdd). En 30.1 millones de operaciones; en promedio, cada una fue por 354.65 d\u00f3lares aproximadamente\u00bb. (IIEG de Jalisco, 041120, elaborado con datos de Banxico).<br \/>\nLas entidades federativas, con mayor recepci\u00f3n expresada en porcentaje del total recibido, fueron: Jalisco (9.73), Michoac\u00e1n(9.33), Guanajuato (7.94), Estado de M\u00e9xico (6.49), Ciudad de M\u00e9xico(5.48), Puebla(5.04), Oaxaca(4.71), Guerrero (4.54), Veracruz (4.20) y San Luis Potos\u00ed (3.38).<br \/>\nEn cuanto a Veracruz, recibi\u00f3 1,382 millones de d\u00f3lares en 2018, pasando a 1,512 en 2019, y se espera un cierre de 2020, con alrededor de 1, 600 millones de d\u00f3lares. Destac\u00e1ndose diez municipios como los de m\u00e1s alta recepci\u00f3n. Xalapa, Veracruz, Orizaba, C\u00f3rdoba, San Andr\u00e9s T, Mart\u00ednez de la Torre, Poza Rica, Minatitl\u00e1n, Misantla y Playa Vicente.<\/p>\n<p><strong>FORTALEZAS Y DEBILIDADES<\/strong><em><br \/>\nPara la Historia, 2020 ya es el a\u00f1o de la gran crisis.<br \/>\n\u00bfQu\u00e9 hacer? \u00bfC\u00f3mo enfrentar los grandes retos y superar los m\u00faltiples obst\u00e1culos?<br \/>\nSin duda, debemos evaluar la situaci\u00f3n y condiciones en las que se inicia el 2021.<br \/>\nRespecto a las fortalezas, es indispensable considerarlas, porque en gran medida gracias a ellas se atienden necesidades, resuelven problemas y se prev\u00e9 lo previsible. Lo mismo debe hacerse, con las debilidades, identificarlas y analizarlas.<br \/>\nIdentificar presencia y magnitud de unas y otras, as\u00ed como sus caracter\u00edsticas y alcances, para fortalecer nuestra capacidad de respuesta.<br \/>\nLa generaci\u00f3n de remesas, sostiene a millones de familias y es, desde hace d\u00e9cadas, una fortaleza que debe considerarse y valorarse.<br \/>\nSobre todo ante una inocultable crisis econ\u00f3mica y financiera, presente y actuante; y un aumento de desempleo, pobreza, hambre, inseguridad y, desde luego, problemas de salud que la pandemia agrava y expande.<\/p>\n<p>Acad\u00e9mico. IIESESUV  Twitter@RafaelAriasH, Facebook:Veracruz HoydeRafaelAriasH<\/p>\n","protected":false},"excerpt":{"rendered":"<p>Rafael Arias Hern\u00e1ndez Mutatis mutandis Oportuno tener presente los niveles de aportaci\u00f3n y apoyo alcanzados en el mundo, de quienes no habiendo encontrado ni recibido oportunidades de empleo, han tenido que salir de sus pa\u00edses para tener un ingreso y poder apoyar a sus familias, principalmente a trav\u00e9s de las conocidas remesas. En cuanto al [&hellip;]<\/p>\n","protected":false},"author":2,"featured_media":0,"comment_status":"open","ping_status":"open","sticky":false,"template":"","format":"standard","meta":{"tdm_status":"","tdm_grid_status":"","footnotes":""},"categories":[70],"tags":[24805,4396,7144,3453,24806,2018,24804],"class_list":{"0":"post-65965","1":"post","2":"type-post","3":"status-publish","4":"format-standard","6":"category-de-opinion","7":"tag-economica-mundial","8":"tag-empleo","9":"tag-generacion-de-empleos","10":"tag-migrantes","11":"tag-producto-bruto-interno","12":"tag-remesas","13":"tag-solidaridad-humana"},"yoast_head":"<!-- This site is optimized with the Yoast SEO plugin v27.4 - https:\/\/yoast.com\/product\/yoast-seo-wordpress\/ -->\n<title>Remesas, gran esfuerzo de sacrificados migrantes - Los pol\u00edticos Veracruz<\/title>\n<meta name=\"robots\" content=\"index, follow, max-snippet:-1, max-image-preview:large, max-video-preview:-1\" \/>\n<link rel=\"canonical\" href=\"https:\/\/lospoliticosveracruz.com\/?p=65965\" \/>\n<meta property=\"og:locale\" content=\"es_ES\" \/>\n<meta property=\"og:type\" content=\"article\" \/>\n<meta property=\"og:title\" content=\"Remesas, gran esfuerzo de sacrificados migrantes - Los pol\u00edticos Veracruz\" \/>\n<meta property=\"og:description\" content=\"Rafael Arias Hern\u00e1ndez Mutatis mutandis Oportuno tener presente los niveles de aportaci\u00f3n y apoyo alcanzados en el mundo, de quienes no habiendo encontrado ni recibido oportunidades de empleo, han tenido que salir de sus pa\u00edses para tener un ingreso y poder apoyar a sus familias, principalmente a trav\u00e9s de las conocidas remesas. En cuanto al [&hellip;]\" \/>\n<meta property=\"og:url\" content=\"https:\/\/lospoliticosveracruz.com\/?p=65965\" \/>\n<meta property=\"og:site_name\" content=\"Los pol\u00edticos Veracruz\" \/>\n<meta property=\"article:publisher\" content=\"https:\/\/www.facebook.com\/people\/Notimemes-de-los-Polticos\/61565672886568\/\" \/>\n<meta property=\"article:published_time\" content=\"2020-12-29T17:12:45+00:00\" \/>\n<meta property=\"og:image\" content=\"https:\/\/lospoliticosveracruz.com\/wp-content\/uploads\/2016\/07\/Logo-Dor.jpg\" \/>\n\t<meta property=\"og:image:width\" content=\"200\" \/>\n\t<meta property=\"og:image:height\" content=\"200\" \/>\n\t<meta property=\"og:image:type\" content=\"image\/jpeg\" \/>\n<meta name=\"author\" content=\"Lo viste en Los Pol\u00edticos\" \/>\n<meta name=\"twitter:card\" content=\"summary_large_image\" \/>\n<meta name=\"twitter:creator\" content=\"@LosPoliticosVer\" \/>\n<meta name=\"twitter:site\" content=\"@LosPoliticosVer\" \/>\n<meta name=\"twitter:label1\" content=\"Escrito por\" \/>\n\t<meta name=\"twitter:data1\" content=\"Lo viste en Los Pol\u00edticos\" \/>\n\t<meta name=\"twitter:label2\" content=\"Tiempo de lectura\" \/>\n\t<meta name=\"twitter:data2\" content=\"4 minutos\" \/>\n<script type=\"application\/ld+json\" class=\"yoast-schema-graph\">{\"@context\":\"https:\\\/\\\/schema.org\",\"@graph\":[{\"@type\":\"Article\",\"@id\":\"https:\\\/\\\/lospoliticosveracruz.com\\\/?p=65965#article\",\"isPartOf\":{\"@id\":\"https:\\\/\\\/lospoliticosveracruz.com\\\/?p=65965\"},\"author\":{\"name\":\"Lo viste en Los Pol\u00edticos\",\"@id\":\"https:\\\/\\\/lospoliticosveracruz.com\\\/#\\\/schema\\\/person\\\/b8702bb0e538456e6efd07080bf2a4a2\"},\"headline\":\"Remesas, gran esfuerzo de sacrificados migrantes\",\"datePublished\":\"2020-12-29T17:12:45+00:00\",\"mainEntityOfPage\":{\"@id\":\"https:\\\/\\\/lospoliticosveracruz.com\\\/?p=65965\"},\"wordCount\":891,\"commentCount\":0,\"publisher\":{\"@id\":\"https:\\\/\\\/lospoliticosveracruz.com\\\/#organization\"},\"keywords\":[\"econ\u00f3mica mundial\",\"empleo\",\"generaci\u00f3n de empleos\",\"migrantes\",\"Producto Bruto Interno\",\"Remesas\",\"solidaridad humana\"],\"articleSection\":[\"De Opini\u00f3n\"],\"inLanguage\":\"es\",\"potentialAction\":[{\"@type\":\"CommentAction\",\"name\":\"Comment\",\"target\":[\"https:\\\/\\\/lospoliticosveracruz.com\\\/?p=65965#respond\"]}]},{\"@type\":\"WebPage\",\"@id\":\"https:\\\/\\\/lospoliticosveracruz.com\\\/?p=65965\",\"url\":\"https:\\\/\\\/lospoliticosveracruz.com\\\/?p=65965\",\"name\":\"Remesas, gran esfuerzo de sacrificados migrantes - Los pol\u00edticos Veracruz\",\"isPartOf\":{\"@id\":\"https:\\\/\\\/lospoliticosveracruz.com\\\/#website\"},\"datePublished\":\"2020-12-29T17:12:45+00:00\",\"breadcrumb\":{\"@id\":\"https:\\\/\\\/lospoliticosveracruz.com\\\/?p=65965#breadcrumb\"},\"inLanguage\":\"es\",\"potentialAction\":[{\"@type\":\"ReadAction\",\"target\":[\"https:\\\/\\\/lospoliticosveracruz.com\\\/?p=65965\"]}]},{\"@type\":\"BreadcrumbList\",\"@id\":\"https:\\\/\\\/lospoliticosveracruz.com\\\/?p=65965#breadcrumb\",\"itemListElement\":[{\"@type\":\"ListItem\",\"position\":1,\"name\":\"Portada\",\"item\":\"https:\\\/\\\/lospoliticosveracruz.com\\\/\"},{\"@type\":\"ListItem\",\"position\":2,\"name\":\"Remesas, gran esfuerzo de sacrificados migrantes\"}]},{\"@type\":\"WebSite\",\"@id\":\"https:\\\/\\\/lospoliticosveracruz.com\\\/#website\",\"url\":\"https:\\\/\\\/lospoliticosveracruz.com\\\/\",\"name\":\"Los pol\u00edticos Veracruz\",\"description\":\"\",\"publisher\":{\"@id\":\"https:\\\/\\\/lospoliticosveracruz.com\\\/#organization\"},\"potentialAction\":[{\"@type\":\"SearchAction\",\"target\":{\"@type\":\"EntryPoint\",\"urlTemplate\":\"https:\\\/\\\/lospoliticosveracruz.com\\\/?s={search_term_string}\"},\"query-input\":{\"@type\":\"PropertyValueSpecification\",\"valueRequired\":true,\"valueName\":\"search_term_string\"}}],\"inLanguage\":\"es\"},{\"@type\":\"Organization\",\"@id\":\"https:\\\/\\\/lospoliticosveracruz.com\\\/#organization\",\"name\":\"Los pol\u00edticos Veracruz\",\"url\":\"https:\\\/\\\/lospoliticosveracruz.com\\\/\",\"logo\":{\"@type\":\"ImageObject\",\"inLanguage\":\"es\",\"@id\":\"https:\\\/\\\/lospoliticosveracruz.com\\\/#\\\/schema\\\/logo\\\/image\\\/\",\"url\":\"https:\\\/\\\/lospoliticosveracruz.com\\\/wp-content\\\/uploads\\\/2025\\\/12\\\/Logo-Nuevo-LOS-POLITICOS-1.jpg\",\"contentUrl\":\"https:\\\/\\\/lospoliticosveracruz.com\\\/wp-content\\\/uploads\\\/2025\\\/12\\\/Logo-Nuevo-LOS-POLITICOS-1.jpg\",\"width\":260,\"height\":70,\"caption\":\"Los pol\u00edticos Veracruz\"},\"image\":{\"@id\":\"https:\\\/\\\/lospoliticosveracruz.com\\\/#\\\/schema\\\/logo\\\/image\\\/\"},\"sameAs\":[\"https:\\\/\\\/www.facebook.com\\\/people\\\/Notimemes-de-los-Polticos\\\/61565672886568\\\/\",\"https:\\\/\\\/x.com\\\/LosPoliticosVer\"]},{\"@type\":\"Person\",\"@id\":\"https:\\\/\\\/lospoliticosveracruz.com\\\/#\\\/schema\\\/person\\\/b8702bb0e538456e6efd07080bf2a4a2\",\"name\":\"Lo viste en Los Pol\u00edticos\",\"image\":{\"@type\":\"ImageObject\",\"inLanguage\":\"es\",\"@id\":\"https:\\\/\\\/secure.gravatar.com\\\/avatar\\\/3a8de04a2656d44082be478bd6c086daa447c4651605818287b9532d3d0bd435?s=96&d=mm&r=g\",\"url\":\"https:\\\/\\\/secure.gravatar.com\\\/avatar\\\/3a8de04a2656d44082be478bd6c086daa447c4651605818287b9532d3d0bd435?s=96&d=mm&r=g\",\"contentUrl\":\"https:\\\/\\\/secure.gravatar.com\\\/avatar\\\/3a8de04a2656d44082be478bd6c086daa447c4651605818287b9532d3d0bd435?s=96&d=mm&r=g\",\"caption\":\"Lo viste en Los Pol\u00edticos\"},\"url\":\"https:\\\/\\\/lospoliticosveracruz.com\\\/?author=2\"}]}<\/script>\n<!-- \/ Yoast SEO plugin. -->","yoast_head_json":{"title":"Remesas, gran esfuerzo de sacrificados migrantes - Los pol\u00edticos Veracruz","robots":{"index":"index","follow":"follow","max-snippet":"max-snippet:-1","max-image-preview":"max-image-preview:large","max-video-preview":"max-video-preview:-1"},"canonical":"https:\/\/lospoliticosveracruz.com\/?p=65965","og_locale":"es_ES","og_type":"article","og_title":"Remesas, gran esfuerzo de sacrificados migrantes - Los pol\u00edticos Veracruz","og_description":"Rafael Arias Hern\u00e1ndez Mutatis mutandis Oportuno tener presente los niveles de aportaci\u00f3n y apoyo alcanzados en el mundo, de quienes no habiendo encontrado ni recibido oportunidades de empleo, han tenido que salir de sus pa\u00edses para tener un ingreso y poder apoyar a sus familias, principalmente a trav\u00e9s de las conocidas remesas. En cuanto al [&hellip;]","og_url":"https:\/\/lospoliticosveracruz.com\/?p=65965","og_site_name":"Los pol\u00edticos Veracruz","article_publisher":"https:\/\/www.facebook.com\/people\/Notimemes-de-los-Polticos\/61565672886568\/","article_published_time":"2020-12-29T17:12:45+00:00","og_image":[{"width":200,"height":200,"url":"https:\/\/lospoliticosveracruz.com\/wp-content\/uploads\/2016\/07\/Logo-Dor.jpg","type":"image\/jpeg"}],"author":"Lo viste en Los Pol\u00edticos","twitter_card":"summary_large_image","twitter_creator":"@LosPoliticosVer","twitter_site":"@LosPoliticosVer","twitter_misc":{"Escrito por":"Lo viste en Los Pol\u00edticos","Tiempo de lectura":"4 minutos"},"schema":{"@context":"https:\/\/schema.org","@graph":[{"@type":"Article","@id":"https:\/\/lospoliticosveracruz.com\/?p=65965#article","isPartOf":{"@id":"https:\/\/lospoliticosveracruz.com\/?p=65965"},"author":{"name":"Lo viste en Los Pol\u00edticos","@id":"https:\/\/lospoliticosveracruz.com\/#\/schema\/person\/b8702bb0e538456e6efd07080bf2a4a2"},"headline":"Remesas, gran esfuerzo de sacrificados migrantes","datePublished":"2020-12-29T17:12:45+00:00","mainEntityOfPage":{"@id":"https:\/\/lospoliticosveracruz.com\/?p=65965"},"wordCount":891,"commentCount":0,"publisher":{"@id":"https:\/\/lospoliticosveracruz.com\/#organization"},"keywords":["econ\u00f3mica mundial","empleo","generaci\u00f3n de empleos","migrantes","Producto Bruto Interno","Remesas","solidaridad humana"],"articleSection":["De Opini\u00f3n"],"inLanguage":"es","potentialAction":[{"@type":"CommentAction","name":"Comment","target":["https:\/\/lospoliticosveracruz.com\/?p=65965#respond"]}]},{"@type":"WebPage","@id":"https:\/\/lospoliticosveracruz.com\/?p=65965","url":"https:\/\/lospoliticosveracruz.com\/?p=65965","name":"Remesas, gran esfuerzo de sacrificados migrantes - Los pol\u00edticos Veracruz","isPartOf":{"@id":"https:\/\/lospoliticosveracruz.com\/#website"},"datePublished":"2020-12-29T17:12:45+00:00","breadcrumb":{"@id":"https:\/\/lospoliticosveracruz.com\/?p=65965#breadcrumb"},"inLanguage":"es","potentialAction":[{"@type":"ReadAction","target":["https:\/\/lospoliticosveracruz.com\/?p=65965"]}]},{"@type":"BreadcrumbList","@id":"https:\/\/lospoliticosveracruz.com\/?p=65965#breadcrumb","itemListElement":[{"@type":"ListItem","position":1,"name":"Portada","item":"https:\/\/lospoliticosveracruz.com\/"},{"@type":"ListItem","position":2,"name":"Remesas, gran esfuerzo de sacrificados migrantes"}]},{"@type":"WebSite","@id":"https:\/\/lospoliticosveracruz.com\/#website","url":"https:\/\/lospoliticosveracruz.com\/","name":"Los pol\u00edticos Veracruz","description":"","publisher":{"@id":"https:\/\/lospoliticosveracruz.com\/#organization"},"potentialAction":[{"@type":"SearchAction","target":{"@type":"EntryPoint","urlTemplate":"https:\/\/lospoliticosveracruz.com\/?s={search_term_string}"},"query-input":{"@type":"PropertyValueSpecification","valueRequired":true,"valueName":"search_term_string"}}],"inLanguage":"es"},{"@type":"Organization","@id":"https:\/\/lospoliticosveracruz.com\/#organization","name":"Los pol\u00edticos Veracruz","url":"https:\/\/lospoliticosveracruz.com\/","logo":{"@type":"ImageObject","inLanguage":"es","@id":"https:\/\/lospoliticosveracruz.com\/#\/schema\/logo\/image\/","url":"https:\/\/lospoliticosveracruz.com\/wp-content\/uploads\/2025\/12\/Logo-Nuevo-LOS-POLITICOS-1.jpg","contentUrl":"https:\/\/lospoliticosveracruz.com\/wp-content\/uploads\/2025\/12\/Logo-Nuevo-LOS-POLITICOS-1.jpg","width":260,"height":70,"caption":"Los pol\u00edticos Veracruz"},"image":{"@id":"https:\/\/lospoliticosveracruz.com\/#\/schema\/logo\/image\/"},"sameAs":["https:\/\/www.facebook.com\/people\/Notimemes-de-los-Polticos\/61565672886568\/","https:\/\/x.com\/LosPoliticosVer"]},{"@type":"Person","@id":"https:\/\/lospoliticosveracruz.com\/#\/schema\/person\/b8702bb0e538456e6efd07080bf2a4a2","name":"Lo viste en Los Pol\u00edticos","image":{"@type":"ImageObject","inLanguage":"es","@id":"https:\/\/secure.gravatar.com\/avatar\/3a8de04a2656d44082be478bd6c086daa447c4651605818287b9532d3d0bd435?s=96&d=mm&r=g","url":"https:\/\/secure.gravatar.com\/avatar\/3a8de04a2656d44082be478bd6c086daa447c4651605818287b9532d3d0bd435?s=96&d=mm&r=g","contentUrl":"https:\/\/secure.gravatar.com\/avatar\/3a8de04a2656d44082be478bd6c086daa447c4651605818287b9532d3d0bd435?s=96&d=mm&r=g","caption":"Lo viste en Los Pol\u00edticos"},"url":"https:\/\/lospoliticosveracruz.com\/?author=2"}]}},"_links":{"self":[{"href":"https:\/\/lospoliticosveracruz.com\/index.php?rest_route=\/wp\/v2\/posts\/65965","targetHints":{"allow":["GET"]}}],"collection":[{"href":"https:\/\/lospoliticosveracruz.com\/index.php?rest_route=\/wp\/v2\/posts"}],"about":[{"href":"https:\/\/lospoliticosveracruz.com\/index.php?rest_route=\/wp\/v2\/types\/post"}],"author":[{"embeddable":true,"href":"https:\/\/lospoliticosveracruz.com\/index.php?rest_route=\/wp\/v2\/users\/2"}],"replies":[{"embeddable":true,"href":"https:\/\/lospoliticosveracruz.com\/index.php?rest_route=%2Fwp%2Fv2%2Fcomments&post=65965"}],"version-history":[{"count":1,"href":"https:\/\/lospoliticosveracruz.com\/index.php?rest_route=\/wp\/v2\/posts\/65965\/revisions"}],"predecessor-version":[{"id":65967,"href":"https:\/\/lospoliticosveracruz.com\/index.php?rest_route=\/wp\/v2\/posts\/65965\/revisions\/65967"}],"wp:attachment":[{"href":"https:\/\/lospoliticosveracruz.com\/index.php?rest_route=%2Fwp%2Fv2%2Fmedia&parent=65965"}],"wp:term":[{"taxonomy":"category","embeddable":true,"href":"https:\/\/lospoliticosveracruz.com\/index.php?rest_route=%2Fwp%2Fv2%2Fcategories&post=65965"},{"taxonomy":"post_tag","embeddable":true,"href":"https:\/\/lospoliticosveracruz.com\/index.php?rest_route=%2Fwp%2Fv2%2Ftags&post=65965"}],"curies":[{"name":"wp","href":"https:\/\/api.w.org\/{rel}","templated":true}]}}