{"id":65968,"date":"2020-12-29T11:25:57","date_gmt":"2020-12-29T17:25:57","guid":{"rendered":"http:\/\/www.lospoliticosveracruz.com.mx\/?p=65968"},"modified":"2020-12-29T11:25:57","modified_gmt":"2020-12-29T17:25:57","slug":"va-termo-para-tuxpan","status":"publish","type":"post","link":"https:\/\/lospoliticosveracruz.com\/?p=65968","title":{"rendered":"Va Termo para Tuxpan!"},"content":{"rendered":"<p>El pr\u00f3ximo mes -enero- se emitir\u00e1 la  licitaci\u00f3n para la nueva planta termoel\u00e9ctrica de ciclo combinado de la CFE en el municipio de Tuxpan, inform\u00f3 el diputado federal  Marco Medina P\u00e9rez, quien resalt\u00f3 que con ello habr\u00e1 una importante generaci\u00f3n de empleo.<br \/>\n\u00abEsperamos que en 3 meses inicie la construcci\u00f3n de este importante proyecto.\u00bb<br \/>\nEl legislador morenista, expuso que el Consejo de  Administraci\u00f3n que encabeza Roc\u00edo Nahle, Secretaria de Energ\u00eda, y Manuel Bartlett  Director de la CFE,  aprob\u00f3 y dictamin\u00f3 la edificaci\u00f3n de la nueva central energ\u00e9tica en este puerto.<br \/>\nMarco Medina resalt\u00f3 que ya est\u00e1n listas las licitaciones para la obra en Tuxpan.<br \/>\nEntre las noticias importantes tambi\u00e9n destac\u00f3 que  los pr\u00f3ximos meses habr\u00e1 contrataci\u00f3n de personal, as\u00ed como la adquisici\u00f3n de materiales para la misma, por lo que se generar\u00e1 un fuerte impacto econ\u00f3mico en el puerto y se multiplicar\u00e1n los empleos ya con la puesta en marcha de esta nueva unidad de ciclo combinado.<br \/>\nMedina P\u00e8rez,  destac\u00f3 el impulso a este proyecto del gobernador del estado, Cuitl\u00e1huac Garc\u00eda, y de la titular de la SENER Roc\u00edo Nahle, siguiendo las instrucciones del Presidente Andr\u00e9s Manuel L\u00f3pez Obrador para generar una mayor eficacia operativa que permita con la nueva termoel\u00e9ctrica y el sistema el\u00e9ctrico que se est\u00e1 creando, producir un mejor servicio a un menor costo y con mayor calidad.<br \/>\nEl tambi\u00e9n Secretario de la Comisi\u00f3n de Hacienda del Congreso Federal detall\u00f3 que la titular de la SENER Roc\u00edo Nahle le comunic\u00f3 que al aprobarse el Plan de Negocios de la CFE 2021-2025 se autorizaron adem\u00e1s de la nueva planta de Tuxpan, 5 nuevas centrales en diversas partes del pa\u00eds, con una inversi\u00f3n estimada en m\u00e1s de 3,100 millones de d\u00f3lares, lo que reforzar\u00e1 la infraestructura energ\u00e9tica de M\u00e9xico, impuls\u00e1ndose una mayor productividad econ\u00f3mica y un mejor servicio en todos los hogares de la Rep\u00fablica.<br \/>\nMarco Medina remarc\u00f3 que ya es un hecho la construcci\u00f3n de la nueva termoel\u00e9ctrica de ciclo combinado y la contrataci\u00f3n de miles de trabajadores para esta obra, lo que respalda la solidez de la pol\u00edtica del gobierno actual, que ha logrado avanzar en sus planes energ\u00e9ticos de forma independiente y ajeno a las pr\u00e1cticas corporativas de anta\u00f1o que privilegiaban el inter\u00e9s de las empresas extranjeras por encima del bienestar nacional.<\/p>\n","protected":false},"excerpt":{"rendered":"<p>El pr\u00f3ximo mes -enero- se emitir\u00e1 la licitaci\u00f3n para la nueva planta termoel\u00e9ctrica de ciclo combinado de la CFE en el municipio de Tuxpan, inform\u00f3 el diputado federal Marco Medina P\u00e9rez, quien resalt\u00f3 que con ello habr\u00e1 una importante generaci\u00f3n de empleo. \u00abEsperamos que en 3 meses inicie la construcci\u00f3n de este importante proyecto.\u00bb El [&hellip;]<\/p>\n","protected":false},"author":2,"featured_media":0,"comment_status":"open","ping_status":"open","sticky":false,"template":"","format":"standard","meta":{"tdm_status":"","tdm_grid_status":"","footnotes":""},"categories":[6446],"tags":[17426,618,24810,12744,24807,12040,24809,1026,24808,3578,18990,203],"class_list":{"0":"post-65968","1":"post","2":"type-post","3":"status-publish","4":"format-standard","6":"category-la-nota","7":"tag-4t","8":"tag-andres-manuel-lopez-obrador","9":"tag-central-energetica","10":"tag-cuarta-transformacion","11":"tag-licitacion","12":"tag-manuel-bartlett","13":"tag-marco-medina-perez","14":"tag-morena","15":"tag-planta-termoelectrica","16":"tag-rocio-nahle","17":"tag-sener","18":"tag-tuxpan"},"yoast_head":"<!-- This site is optimized with the Yoast SEO plugin v27.4 - https:\/\/yoast.com\/product\/yoast-seo-wordpress\/ -->\n<title>Va Termo para Tuxpan! - Los pol\u00edticos Veracruz<\/title>\n<meta name=\"robots\" content=\"index, follow, max-snippet:-1, max-image-preview:large, max-video-preview:-1\" \/>\n<link rel=\"canonical\" href=\"https:\/\/lospoliticosveracruz.com\/?p=65968\" \/>\n<meta property=\"og:locale\" content=\"es_ES\" \/>\n<meta property=\"og:type\" content=\"article\" \/>\n<meta property=\"og:title\" content=\"Va Termo para Tuxpan! - Los pol\u00edticos Veracruz\" \/>\n<meta property=\"og:description\" content=\"El pr\u00f3ximo mes -enero- se emitir\u00e1 la licitaci\u00f3n para la nueva planta termoel\u00e9ctrica de ciclo combinado de la CFE en el municipio de Tuxpan, inform\u00f3 el diputado federal Marco Medina P\u00e9rez, quien resalt\u00f3 que con ello habr\u00e1 una importante generaci\u00f3n de empleo. \u00abEsperamos que en 3 meses inicie la construcci\u00f3n de este importante proyecto.\u00bb El [&hellip;]\" \/>\n<meta property=\"og:url\" content=\"https:\/\/lospoliticosveracruz.com\/?p=65968\" \/>\n<meta property=\"og:site_name\" content=\"Los pol\u00edticos Veracruz\" \/>\n<meta property=\"article:publisher\" content=\"https:\/\/www.facebook.com\/people\/Notimemes-de-los-Polticos\/61565672886568\/\" \/>\n<meta property=\"article:published_time\" content=\"2020-12-29T17:25:57+00:00\" \/>\n<meta property=\"og:image\" content=\"https:\/\/lospoliticosveracruz.com\/wp-content\/uploads\/2016\/07\/Logo-Dor.jpg\" \/>\n\t<meta property=\"og:image:width\" content=\"200\" \/>\n\t<meta property=\"og:image:height\" content=\"200\" \/>\n\t<meta property=\"og:image:type\" content=\"image\/jpeg\" \/>\n<meta name=\"author\" content=\"Lo viste en Los Pol\u00edticos\" \/>\n<meta name=\"twitter:card\" content=\"summary_large_image\" \/>\n<meta name=\"twitter:creator\" content=\"@LosPoliticosVer\" \/>\n<meta name=\"twitter:site\" content=\"@LosPoliticosVer\" \/>\n<meta name=\"twitter:label1\" content=\"Escrito por\" \/>\n\t<meta name=\"twitter:data1\" content=\"Lo viste en Los Pol\u00edticos\" \/>\n\t<meta name=\"twitter:label2\" content=\"Tiempo de lectura\" \/>\n\t<meta name=\"twitter:data2\" content=\"2 minutos\" \/>\n<script type=\"application\/ld+json\" class=\"yoast-schema-graph\">{\"@context\":\"https:\\\/\\\/schema.org\",\"@graph\":[{\"@type\":\"Article\",\"@id\":\"https:\\\/\\\/lospoliticosveracruz.com\\\/?p=65968#article\",\"isPartOf\":{\"@id\":\"https:\\\/\\\/lospoliticosveracruz.com\\\/?p=65968\"},\"author\":{\"name\":\"Lo viste en Los Pol\u00edticos\",\"@id\":\"https:\\\/\\\/lospoliticosveracruz.com\\\/#\\\/schema\\\/person\\\/b8702bb0e538456e6efd07080bf2a4a2\"},\"headline\":\"Va Termo para Tuxpan!\",\"datePublished\":\"2020-12-29T17:25:57+00:00\",\"mainEntityOfPage\":{\"@id\":\"https:\\\/\\\/lospoliticosveracruz.com\\\/?p=65968\"},\"wordCount\":424,\"commentCount\":0,\"publisher\":{\"@id\":\"https:\\\/\\\/lospoliticosveracruz.com\\\/#organization\"},\"keywords\":[\"4T\",\"Andr\u00e9s Manuel L\u00f3pez Obrador\",\"central energ\u00e9tica\",\"Cuarta Transformaci\u00f3n\",\"Licitaci\u00f3n\",\"Manuel Bartlett\",\"Marco Medina P\u00e9rez\",\"Morena\",\"planta termoel\u00e9ctrica\",\"Roc\u00edo Nahle\",\"Sener\",\"Tuxpan\"],\"articleSection\":[\"La Nota\"],\"inLanguage\":\"es\",\"potentialAction\":[{\"@type\":\"CommentAction\",\"name\":\"Comment\",\"target\":[\"https:\\\/\\\/lospoliticosveracruz.com\\\/?p=65968#respond\"]}]},{\"@type\":\"WebPage\",\"@id\":\"https:\\\/\\\/lospoliticosveracruz.com\\\/?p=65968\",\"url\":\"https:\\\/\\\/lospoliticosveracruz.com\\\/?p=65968\",\"name\":\"Va Termo para Tuxpan! - Los pol\u00edticos Veracruz\",\"isPartOf\":{\"@id\":\"https:\\\/\\\/lospoliticosveracruz.com\\\/#website\"},\"datePublished\":\"2020-12-29T17:25:57+00:00\",\"breadcrumb\":{\"@id\":\"https:\\\/\\\/lospoliticosveracruz.com\\\/?p=65968#breadcrumb\"},\"inLanguage\":\"es\",\"potentialAction\":[{\"@type\":\"ReadAction\",\"target\":[\"https:\\\/\\\/lospoliticosveracruz.com\\\/?p=65968\"]}]},{\"@type\":\"BreadcrumbList\",\"@id\":\"https:\\\/\\\/lospoliticosveracruz.com\\\/?p=65968#breadcrumb\",\"itemListElement\":[{\"@type\":\"ListItem\",\"position\":1,\"name\":\"Portada\",\"item\":\"https:\\\/\\\/lospoliticosveracruz.com\\\/\"},{\"@type\":\"ListItem\",\"position\":2,\"name\":\"Va Termo para Tuxpan!\"}]},{\"@type\":\"WebSite\",\"@id\":\"https:\\\/\\\/lospoliticosveracruz.com\\\/#website\",\"url\":\"https:\\\/\\\/lospoliticosveracruz.com\\\/\",\"name\":\"Los pol\u00edticos Veracruz\",\"description\":\"\",\"publisher\":{\"@id\":\"https:\\\/\\\/lospoliticosveracruz.com\\\/#organization\"},\"potentialAction\":[{\"@type\":\"SearchAction\",\"target\":{\"@type\":\"EntryPoint\",\"urlTemplate\":\"https:\\\/\\\/lospoliticosveracruz.com\\\/?s={search_term_string}\"},\"query-input\":{\"@type\":\"PropertyValueSpecification\",\"valueRequired\":true,\"valueName\":\"search_term_string\"}}],\"inLanguage\":\"es\"},{\"@type\":\"Organization\",\"@id\":\"https:\\\/\\\/lospoliticosveracruz.com\\\/#organization\",\"name\":\"Los pol\u00edticos Veracruz\",\"url\":\"https:\\\/\\\/lospoliticosveracruz.com\\\/\",\"logo\":{\"@type\":\"ImageObject\",\"inLanguage\":\"es\",\"@id\":\"https:\\\/\\\/lospoliticosveracruz.com\\\/#\\\/schema\\\/logo\\\/image\\\/\",\"url\":\"https:\\\/\\\/lospoliticosveracruz.com\\\/wp-content\\\/uploads\\\/2025\\\/12\\\/Logo-Nuevo-LOS-POLITICOS-1.jpg\",\"contentUrl\":\"https:\\\/\\\/lospoliticosveracruz.com\\\/wp-content\\\/uploads\\\/2025\\\/12\\\/Logo-Nuevo-LOS-POLITICOS-1.jpg\",\"width\":260,\"height\":70,\"caption\":\"Los pol\u00edticos Veracruz\"},\"image\":{\"@id\":\"https:\\\/\\\/lospoliticosveracruz.com\\\/#\\\/schema\\\/logo\\\/image\\\/\"},\"sameAs\":[\"https:\\\/\\\/www.facebook.com\\\/people\\\/Notimemes-de-los-Polticos\\\/61565672886568\\\/\",\"https:\\\/\\\/x.com\\\/LosPoliticosVer\"]},{\"@type\":\"Person\",\"@id\":\"https:\\\/\\\/lospoliticosveracruz.com\\\/#\\\/schema\\\/person\\\/b8702bb0e538456e6efd07080bf2a4a2\",\"name\":\"Lo viste en Los Pol\u00edticos\",\"image\":{\"@type\":\"ImageObject\",\"inLanguage\":\"es\",\"@id\":\"https:\\\/\\\/secure.gravatar.com\\\/avatar\\\/3a8de04a2656d44082be478bd6c086daa447c4651605818287b9532d3d0bd435?s=96&d=mm&r=g\",\"url\":\"https:\\\/\\\/secure.gravatar.com\\\/avatar\\\/3a8de04a2656d44082be478bd6c086daa447c4651605818287b9532d3d0bd435?s=96&d=mm&r=g\",\"contentUrl\":\"https:\\\/\\\/secure.gravatar.com\\\/avatar\\\/3a8de04a2656d44082be478bd6c086daa447c4651605818287b9532d3d0bd435?s=96&d=mm&r=g\",\"caption\":\"Lo viste en Los Pol\u00edticos\"},\"url\":\"https:\\\/\\\/lospoliticosveracruz.com\\\/?author=2\"}]}<\/script>\n<!-- \/ Yoast SEO plugin. -->","yoast_head_json":{"title":"Va Termo para Tuxpan! - Los pol\u00edticos Veracruz","robots":{"index":"index","follow":"follow","max-snippet":"max-snippet:-1","max-image-preview":"max-image-preview:large","max-video-preview":"max-video-preview:-1"},"canonical":"https:\/\/lospoliticosveracruz.com\/?p=65968","og_locale":"es_ES","og_type":"article","og_title":"Va Termo para Tuxpan! - Los pol\u00edticos Veracruz","og_description":"El pr\u00f3ximo mes -enero- se emitir\u00e1 la licitaci\u00f3n para la nueva planta termoel\u00e9ctrica de ciclo combinado de la CFE en el municipio de Tuxpan, inform\u00f3 el diputado federal Marco Medina P\u00e9rez, quien resalt\u00f3 que con ello habr\u00e1 una importante generaci\u00f3n de empleo. \u00abEsperamos que en 3 meses inicie la construcci\u00f3n de este importante proyecto.\u00bb El [&hellip;]","og_url":"https:\/\/lospoliticosveracruz.com\/?p=65968","og_site_name":"Los pol\u00edticos Veracruz","article_publisher":"https:\/\/www.facebook.com\/people\/Notimemes-de-los-Polticos\/61565672886568\/","article_published_time":"2020-12-29T17:25:57+00:00","og_image":[{"width":200,"height":200,"url":"https:\/\/lospoliticosveracruz.com\/wp-content\/uploads\/2016\/07\/Logo-Dor.jpg","type":"image\/jpeg"}],"author":"Lo viste en Los Pol\u00edticos","twitter_card":"summary_large_image","twitter_creator":"@LosPoliticosVer","twitter_site":"@LosPoliticosVer","twitter_misc":{"Escrito por":"Lo viste en Los Pol\u00edticos","Tiempo de lectura":"2 minutos"},"schema":{"@context":"https:\/\/schema.org","@graph":[{"@type":"Article","@id":"https:\/\/lospoliticosveracruz.com\/?p=65968#article","isPartOf":{"@id":"https:\/\/lospoliticosveracruz.com\/?p=65968"},"author":{"name":"Lo viste en Los Pol\u00edticos","@id":"https:\/\/lospoliticosveracruz.com\/#\/schema\/person\/b8702bb0e538456e6efd07080bf2a4a2"},"headline":"Va Termo para Tuxpan!","datePublished":"2020-12-29T17:25:57+00:00","mainEntityOfPage":{"@id":"https:\/\/lospoliticosveracruz.com\/?p=65968"},"wordCount":424,"commentCount":0,"publisher":{"@id":"https:\/\/lospoliticosveracruz.com\/#organization"},"keywords":["4T","Andr\u00e9s Manuel L\u00f3pez Obrador","central energ\u00e9tica","Cuarta Transformaci\u00f3n","Licitaci\u00f3n","Manuel Bartlett","Marco Medina P\u00e9rez","Morena","planta termoel\u00e9ctrica","Roc\u00edo Nahle","Sener","Tuxpan"],"articleSection":["La Nota"],"inLanguage":"es","potentialAction":[{"@type":"CommentAction","name":"Comment","target":["https:\/\/lospoliticosveracruz.com\/?p=65968#respond"]}]},{"@type":"WebPage","@id":"https:\/\/lospoliticosveracruz.com\/?p=65968","url":"https:\/\/lospoliticosveracruz.com\/?p=65968","name":"Va Termo para Tuxpan! - Los pol\u00edticos Veracruz","isPartOf":{"@id":"https:\/\/lospoliticosveracruz.com\/#website"},"datePublished":"2020-12-29T17:25:57+00:00","breadcrumb":{"@id":"https:\/\/lospoliticosveracruz.com\/?p=65968#breadcrumb"},"inLanguage":"es","potentialAction":[{"@type":"ReadAction","target":["https:\/\/lospoliticosveracruz.com\/?p=65968"]}]},{"@type":"BreadcrumbList","@id":"https:\/\/lospoliticosveracruz.com\/?p=65968#breadcrumb","itemListElement":[{"@type":"ListItem","position":1,"name":"Portada","item":"https:\/\/lospoliticosveracruz.com\/"},{"@type":"ListItem","position":2,"name":"Va Termo para Tuxpan!"}]},{"@type":"WebSite","@id":"https:\/\/lospoliticosveracruz.com\/#website","url":"https:\/\/lospoliticosveracruz.com\/","name":"Los pol\u00edticos Veracruz","description":"","publisher":{"@id":"https:\/\/lospoliticosveracruz.com\/#organization"},"potentialAction":[{"@type":"SearchAction","target":{"@type":"EntryPoint","urlTemplate":"https:\/\/lospoliticosveracruz.com\/?s={search_term_string}"},"query-input":{"@type":"PropertyValueSpecification","valueRequired":true,"valueName":"search_term_string"}}],"inLanguage":"es"},{"@type":"Organization","@id":"https:\/\/lospoliticosveracruz.com\/#organization","name":"Los pol\u00edticos Veracruz","url":"https:\/\/lospoliticosveracruz.com\/","logo":{"@type":"ImageObject","inLanguage":"es","@id":"https:\/\/lospoliticosveracruz.com\/#\/schema\/logo\/image\/","url":"https:\/\/lospoliticosveracruz.com\/wp-content\/uploads\/2025\/12\/Logo-Nuevo-LOS-POLITICOS-1.jpg","contentUrl":"https:\/\/lospoliticosveracruz.com\/wp-content\/uploads\/2025\/12\/Logo-Nuevo-LOS-POLITICOS-1.jpg","width":260,"height":70,"caption":"Los pol\u00edticos Veracruz"},"image":{"@id":"https:\/\/lospoliticosveracruz.com\/#\/schema\/logo\/image\/"},"sameAs":["https:\/\/www.facebook.com\/people\/Notimemes-de-los-Polticos\/61565672886568\/","https:\/\/x.com\/LosPoliticosVer"]},{"@type":"Person","@id":"https:\/\/lospoliticosveracruz.com\/#\/schema\/person\/b8702bb0e538456e6efd07080bf2a4a2","name":"Lo viste en Los Pol\u00edticos","image":{"@type":"ImageObject","inLanguage":"es","@id":"https:\/\/secure.gravatar.com\/avatar\/3a8de04a2656d44082be478bd6c086daa447c4651605818287b9532d3d0bd435?s=96&d=mm&r=g","url":"https:\/\/secure.gravatar.com\/avatar\/3a8de04a2656d44082be478bd6c086daa447c4651605818287b9532d3d0bd435?s=96&d=mm&r=g","contentUrl":"https:\/\/secure.gravatar.com\/avatar\/3a8de04a2656d44082be478bd6c086daa447c4651605818287b9532d3d0bd435?s=96&d=mm&r=g","caption":"Lo viste en Los Pol\u00edticos"},"url":"https:\/\/lospoliticosveracruz.com\/?author=2"}]}},"_links":{"self":[{"href":"https:\/\/lospoliticosveracruz.com\/index.php?rest_route=\/wp\/v2\/posts\/65968","targetHints":{"allow":["GET"]}}],"collection":[{"href":"https:\/\/lospoliticosveracruz.com\/index.php?rest_route=\/wp\/v2\/posts"}],"about":[{"href":"https:\/\/lospoliticosveracruz.com\/index.php?rest_route=\/wp\/v2\/types\/post"}],"author":[{"embeddable":true,"href":"https:\/\/lospoliticosveracruz.com\/index.php?rest_route=\/wp\/v2\/users\/2"}],"replies":[{"embeddable":true,"href":"https:\/\/lospoliticosveracruz.com\/index.php?rest_route=%2Fwp%2Fv2%2Fcomments&post=65968"}],"version-history":[{"count":1,"href":"https:\/\/lospoliticosveracruz.com\/index.php?rest_route=\/wp\/v2\/posts\/65968\/revisions"}],"predecessor-version":[{"id":65970,"href":"https:\/\/lospoliticosveracruz.com\/index.php?rest_route=\/wp\/v2\/posts\/65968\/revisions\/65970"}],"wp:attachment":[{"href":"https:\/\/lospoliticosveracruz.com\/index.php?rest_route=%2Fwp%2Fv2%2Fmedia&parent=65968"}],"wp:term":[{"taxonomy":"category","embeddable":true,"href":"https:\/\/lospoliticosveracruz.com\/index.php?rest_route=%2Fwp%2Fv2%2Fcategories&post=65968"},{"taxonomy":"post_tag","embeddable":true,"href":"https:\/\/lospoliticosveracruz.com\/index.php?rest_route=%2Fwp%2Fv2%2Ftags&post=65968"}],"curies":[{"name":"wp","href":"https:\/\/api.w.org\/{rel}","templated":true}]}}