{"id":65976,"date":"2020-12-29T13:41:07","date_gmt":"2020-12-29T19:41:07","guid":{"rendered":"http:\/\/www.lospoliticosveracruz.com.mx\/?p=65976"},"modified":"2020-12-29T13:41:07","modified_gmt":"2020-12-29T19:41:07","slug":"alzan-la-mano-en-misantla","status":"publish","type":"post","link":"https:\/\/lospoliticosveracruz.com\/?p=65976","title":{"rendered":"Alzan la mano en Misantla"},"content":{"rendered":"<p><strong>Salvador Mu\u00f1oz<\/strong><\/p>\n<p><em>Los Pol\u00edticos<\/em><\/p>\n<p><span style=\"font-weight: 400;\">En Misantla, la versi\u00f3n la tomaron con humor: \u201c\u00a1Qu\u00e9 verg\u00fcenza!, \u00a1tenemos que pasar por chismosos!\u201d y se r\u00eden. El tema de la ma\u00f1ana es esa noticia que circul\u00f3 en el Notiver que anuncia, en un pantallazo de Whatsapp de un grupo denominado \u201cDistrito 8 Misantla\u201d, que el PT no va en alianza con Morena y el Verde. Esa versi\u00f3n al menos despabil\u00f3 a muchos que reposan el recalentado de Navidad y sue\u00f1an con la Cena de A\u00f1o Nuevo pues tuvieron que desempolvar el \u201caplaus\u00f3metro\u201d para medir sus niveles contra potenciales rivales.<\/span><\/p>\n<p><span style=\"font-weight: 400;\">Por ejemplo, en Morena, citan a dos candidatos a la curul siendo el m\u00e1s fuerte hasta el momento, Rub\u00e9n Dar\u00edo Carrasco, el empresario Coyame; mientras, el alcalde de Vega de Alatorre, Rom\u00e1n Bastida Huesca no cesa en su lucha por alcanzar la candidatura, aunque le ponen dos \u201cpero\u201d:<\/span><\/p>\n<p><span style=\"font-weight: 400;\">1.- No concluir\u00eda su mandato como presidente municipal lo que lo convierte en un pol\u00edtico \u201csaltimbanqui\u201d&#8230;<\/span><\/p>\n<p><span style=\"font-weight: 400;\">2.- Que con la escuela partidista con la que se gradu\u00f3, sabe que tiene que invertirle en caso de que sea el candidato\u2026 \u00bfy de d\u00f3nde va a sacar?<\/span><\/p>\n<p><span style=\"font-weight: 400;\">Hay quienes citaban a Noreya Portilla Gumecindo, pero es seguro que en una de \u00e9sas, salte como aspirante a una curul federal, aunque habr\u00e1 que esperar.<\/span><\/p>\n<p><span style=\"font-weight: 400;\">Otra dama que bien podr\u00eda y deber\u00eda ser tomada en cuenta es Eleaney Sesma, dirigente estatal de Asuntos de la Mujer del PVEM. Conocida y reconocida.<\/span><\/p>\n<p><span style=\"font-weight: 400;\">Tocando el tema de las curules de San L\u00e1zaro, en Movimiento Ciudadano tienen definido tambi\u00e9n a su candidato en la figura de Miguel Castillo, joven empresario que en la sola menci\u00f3n es bien recibida entre los alte\u00f1os\u2026 pero si MC tiene una buena en Miguel, la mala es que no tiene carta que suene por la curul local, en el Palacio de Encanto.<\/span><\/p>\n<p><span style=\"font-weight: 400;\">Quien s\u00ed suena, sin que ello implique que la tenga, es Fidencio Romero Ortega, alcalde de Yecuatla, quien contender\u00eda por el PRD.<\/span><\/p>\n<p><span style=\"font-weight: 400;\">Por cierto, hablando de Presidentes Municipales, otro que ha dejado escapar sus aspiraciones entre los cercanos a \u00e9l, es el alcalde de Misantla, Oth\u00f3n Hern\u00e1ndez Candanedo, a quien su corazoncito le palpita por estar en el Congreso local como en estos momentos lo hace su hija, Marigraz\u2026 por el PAN.<\/span><\/p>\n<p><span style=\"font-weight: 400;\">Haciendo la cuenta, por lo menos tenemos tres alcaldes con aspiraciones a ser diputado local por su distrito: Rom\u00e1n, Oth\u00f3n y Fidencio.<\/span><\/p>\n<p><span style=\"font-weight: 400;\">Si bien, el m\u00e1s fuerte podr\u00eda ser Oth\u00f3n, las aspiraciones de su yerno Fernando Rodr\u00edguez pudieran venirse al traste, quiz\u00e1s no tanto en el partido como entre la poblaci\u00f3n, porque si bien, el puesto de Marigraz Hern\u00e1ndez es por la v\u00eda pluri, la gente lo que ver\u00eda es la concentraci\u00f3n de poder en una familia pol\u00edtica.<\/span><\/p>\n<p><span style=\"font-weight: 400;\">Por el PRI aparece Marco Dom\u00ednguez, un joven entusiasta que sin hacer mucho ruido, recorre el distrito de punta a punta. Actualmente es secretario de Gesti\u00f3n Social de la CNOP Veracruz por lo que no se duda que el dirigente Adolfo Ram\u00edrez Arana, vea en \u00e9l una carta fuerte con la que haya que jugar, se vaya en alianza o no. \u00a1Ojo! Porque Marco cuenta con algo que muchos de los citados ac\u00e1, carece: simpat\u00eda, misma que igual irradia en el PRI como hasta en el mismo PAN. Conoce el teje-maneje del trabajo legislativo y su sencillez abre puertas.<\/span><\/p>\n<p><span style=\"font-weight: 400;\">Por supuesto, \u00e9stos son s\u00f3lo algunos de los m\u00e1s citados en el distrito de la Se\u00f1orial Misantla, tomando en cuenta que falta lo que Movimiento Ciudadano diga, as\u00ed como el PT, ahora que seg\u00fan el hijo de Vicente Aguilar, dejan la alianza de Morena con PVEM.<\/span><\/p>\n<p>&nbsp;<\/p>\n<p><span style=\"font-weight: 400;\">smcainito@gmail.com<\/span><\/p>\n","protected":false},"excerpt":{"rendered":"<p>Salvador Mu\u00f1oz Los Pol\u00edticos En Misantla, la versi\u00f3n la tomaron con humor: \u201c\u00a1Qu\u00e9 verg\u00fcenza!, \u00a1tenemos que pasar por chismosos!\u201d y se r\u00eden. El tema de la ma\u00f1ana es esa noticia que circul\u00f3 en el Notiver que anuncia, en un pantallazo de Whatsapp de un grupo denominado \u201cDistrito 8 Misantla\u201d, que el PT no va en [&hellip;]<\/p>\n","protected":false},"author":2,"featured_media":0,"comment_status":"open","ping_status":"open","sticky":false,"template":"","format":"standard","meta":{"tdm_status":"","tdm_grid_status":"","footnotes":""},"categories":[70],"tags":[2842,24678,3402,201,1026,13706,266,251,2289,264,4980,21990,2646],"class_list":{"0":"post-65976","1":"post","2":"type-post","3":"status-publish","4":"format-standard","6":"category-de-opinion","7":"tag-eleaney-sesma","8":"tag-luis-vicente-aguilar-castillo","9":"tag-marco-dominguez","10":"tag-misantla","11":"tag-morena","12":"tag-othon-hernandez-candanedo","13":"tag-pan","14":"tag-pri","15":"tag-pt","16":"tag-pvem","17":"tag-roman-bastida-huesca","18":"tag-ruben-dario-carrasco","19":"tag-salvador-munoz"},"yoast_head":"<!-- This site is optimized with the Yoast SEO plugin v27.4 - https:\/\/yoast.com\/product\/yoast-seo-wordpress\/ -->\n<title>Alzan la mano en Misantla - Los pol\u00edticos Veracruz<\/title>\n<meta name=\"robots\" content=\"index, follow, max-snippet:-1, max-image-preview:large, max-video-preview:-1\" \/>\n<link rel=\"canonical\" href=\"https:\/\/lospoliticosveracruz.com\/?p=65976\" \/>\n<meta property=\"og:locale\" content=\"es_ES\" \/>\n<meta property=\"og:type\" content=\"article\" \/>\n<meta property=\"og:title\" content=\"Alzan la mano en Misantla - Los pol\u00edticos Veracruz\" \/>\n<meta property=\"og:description\" content=\"Salvador Mu\u00f1oz Los Pol\u00edticos En Misantla, la versi\u00f3n la tomaron con humor: \u201c\u00a1Qu\u00e9 verg\u00fcenza!, \u00a1tenemos que pasar por chismosos!\u201d y se r\u00eden. El tema de la ma\u00f1ana es esa noticia que circul\u00f3 en el Notiver que anuncia, en un pantallazo de Whatsapp de un grupo denominado \u201cDistrito 8 Misantla\u201d, que el PT no va en [&hellip;]\" \/>\n<meta property=\"og:url\" content=\"https:\/\/lospoliticosveracruz.com\/?p=65976\" \/>\n<meta property=\"og:site_name\" content=\"Los pol\u00edticos Veracruz\" \/>\n<meta property=\"article:publisher\" content=\"https:\/\/www.facebook.com\/people\/Notimemes-de-los-Polticos\/61565672886568\/\" \/>\n<meta property=\"article:published_time\" content=\"2020-12-29T19:41:07+00:00\" \/>\n<meta property=\"og:image\" content=\"https:\/\/lospoliticosveracruz.com\/wp-content\/uploads\/2016\/07\/Logo-Dor.jpg\" \/>\n\t<meta property=\"og:image:width\" content=\"200\" \/>\n\t<meta property=\"og:image:height\" content=\"200\" \/>\n\t<meta property=\"og:image:type\" content=\"image\/jpeg\" \/>\n<meta name=\"author\" content=\"Lo viste en Los Pol\u00edticos\" \/>\n<meta name=\"twitter:card\" content=\"summary_large_image\" \/>\n<meta name=\"twitter:creator\" content=\"@LosPoliticosVer\" \/>\n<meta name=\"twitter:site\" content=\"@LosPoliticosVer\" \/>\n<meta name=\"twitter:label1\" content=\"Escrito por\" \/>\n\t<meta name=\"twitter:data1\" content=\"Lo viste en Los Pol\u00edticos\" \/>\n\t<meta name=\"twitter:label2\" content=\"Tiempo de lectura\" \/>\n\t<meta name=\"twitter:data2\" content=\"3 minutos\" \/>\n<script type=\"application\/ld+json\" class=\"yoast-schema-graph\">{\"@context\":\"https:\\\/\\\/schema.org\",\"@graph\":[{\"@type\":\"Article\",\"@id\":\"https:\\\/\\\/lospoliticosveracruz.com\\\/?p=65976#article\",\"isPartOf\":{\"@id\":\"https:\\\/\\\/lospoliticosveracruz.com\\\/?p=65976\"},\"author\":{\"name\":\"Lo viste en Los Pol\u00edticos\",\"@id\":\"https:\\\/\\\/lospoliticosveracruz.com\\\/#\\\/schema\\\/person\\\/b8702bb0e538456e6efd07080bf2a4a2\"},\"headline\":\"Alzan la mano en Misantla\",\"datePublished\":\"2020-12-29T19:41:07+00:00\",\"mainEntityOfPage\":{\"@id\":\"https:\\\/\\\/lospoliticosveracruz.com\\\/?p=65976\"},\"wordCount\":653,\"commentCount\":0,\"publisher\":{\"@id\":\"https:\\\/\\\/lospoliticosveracruz.com\\\/#organization\"},\"keywords\":[\"Eleaney Sesma\",\"Luis Vicente Aguilar Castillo\",\"Marco Dom\u00ednguez\",\"Misantla\",\"Morena\",\"Oth\u00f3n Hern\u00e1ndez Candanedo\",\"PAN\",\"PRI\",\"PT\",\"PVEM\",\"Rom\u00e1n Bastida Huesca\",\"Rub\u00e9n Dar\u00edo Carrasco.\",\"Salvador Mu\u00f1oz\"],\"articleSection\":[\"De Opini\u00f3n\"],\"inLanguage\":\"es\",\"potentialAction\":[{\"@type\":\"CommentAction\",\"name\":\"Comment\",\"target\":[\"https:\\\/\\\/lospoliticosveracruz.com\\\/?p=65976#respond\"]}]},{\"@type\":\"WebPage\",\"@id\":\"https:\\\/\\\/lospoliticosveracruz.com\\\/?p=65976\",\"url\":\"https:\\\/\\\/lospoliticosveracruz.com\\\/?p=65976\",\"name\":\"Alzan la mano en Misantla - Los pol\u00edticos Veracruz\",\"isPartOf\":{\"@id\":\"https:\\\/\\\/lospoliticosveracruz.com\\\/#website\"},\"datePublished\":\"2020-12-29T19:41:07+00:00\",\"breadcrumb\":{\"@id\":\"https:\\\/\\\/lospoliticosveracruz.com\\\/?p=65976#breadcrumb\"},\"inLanguage\":\"es\",\"potentialAction\":[{\"@type\":\"ReadAction\",\"target\":[\"https:\\\/\\\/lospoliticosveracruz.com\\\/?p=65976\"]}]},{\"@type\":\"BreadcrumbList\",\"@id\":\"https:\\\/\\\/lospoliticosveracruz.com\\\/?p=65976#breadcrumb\",\"itemListElement\":[{\"@type\":\"ListItem\",\"position\":1,\"name\":\"Portada\",\"item\":\"https:\\\/\\\/lospoliticosveracruz.com\\\/\"},{\"@type\":\"ListItem\",\"position\":2,\"name\":\"Alzan la mano en Misantla\"}]},{\"@type\":\"WebSite\",\"@id\":\"https:\\\/\\\/lospoliticosveracruz.com\\\/#website\",\"url\":\"https:\\\/\\\/lospoliticosveracruz.com\\\/\",\"name\":\"Los pol\u00edticos Veracruz\",\"description\":\"\",\"publisher\":{\"@id\":\"https:\\\/\\\/lospoliticosveracruz.com\\\/#organization\"},\"potentialAction\":[{\"@type\":\"SearchAction\",\"target\":{\"@type\":\"EntryPoint\",\"urlTemplate\":\"https:\\\/\\\/lospoliticosveracruz.com\\\/?s={search_term_string}\"},\"query-input\":{\"@type\":\"PropertyValueSpecification\",\"valueRequired\":true,\"valueName\":\"search_term_string\"}}],\"inLanguage\":\"es\"},{\"@type\":\"Organization\",\"@id\":\"https:\\\/\\\/lospoliticosveracruz.com\\\/#organization\",\"name\":\"Los pol\u00edticos Veracruz\",\"url\":\"https:\\\/\\\/lospoliticosveracruz.com\\\/\",\"logo\":{\"@type\":\"ImageObject\",\"inLanguage\":\"es\",\"@id\":\"https:\\\/\\\/lospoliticosveracruz.com\\\/#\\\/schema\\\/logo\\\/image\\\/\",\"url\":\"https:\\\/\\\/lospoliticosveracruz.com\\\/wp-content\\\/uploads\\\/2025\\\/12\\\/Logo-Nuevo-LOS-POLITICOS-1.jpg\",\"contentUrl\":\"https:\\\/\\\/lospoliticosveracruz.com\\\/wp-content\\\/uploads\\\/2025\\\/12\\\/Logo-Nuevo-LOS-POLITICOS-1.jpg\",\"width\":260,\"height\":70,\"caption\":\"Los pol\u00edticos Veracruz\"},\"image\":{\"@id\":\"https:\\\/\\\/lospoliticosveracruz.com\\\/#\\\/schema\\\/logo\\\/image\\\/\"},\"sameAs\":[\"https:\\\/\\\/www.facebook.com\\\/people\\\/Notimemes-de-los-Polticos\\\/61565672886568\\\/\",\"https:\\\/\\\/x.com\\\/LosPoliticosVer\"]},{\"@type\":\"Person\",\"@id\":\"https:\\\/\\\/lospoliticosveracruz.com\\\/#\\\/schema\\\/person\\\/b8702bb0e538456e6efd07080bf2a4a2\",\"name\":\"Lo viste en Los Pol\u00edticos\",\"image\":{\"@type\":\"ImageObject\",\"inLanguage\":\"es\",\"@id\":\"https:\\\/\\\/secure.gravatar.com\\\/avatar\\\/3a8de04a2656d44082be478bd6c086daa447c4651605818287b9532d3d0bd435?s=96&d=mm&r=g\",\"url\":\"https:\\\/\\\/secure.gravatar.com\\\/avatar\\\/3a8de04a2656d44082be478bd6c086daa447c4651605818287b9532d3d0bd435?s=96&d=mm&r=g\",\"contentUrl\":\"https:\\\/\\\/secure.gravatar.com\\\/avatar\\\/3a8de04a2656d44082be478bd6c086daa447c4651605818287b9532d3d0bd435?s=96&d=mm&r=g\",\"caption\":\"Lo viste en Los Pol\u00edticos\"},\"url\":\"https:\\\/\\\/lospoliticosveracruz.com\\\/?author=2\"}]}<\/script>\n<!-- \/ Yoast SEO plugin. -->","yoast_head_json":{"title":"Alzan la mano en Misantla - Los pol\u00edticos Veracruz","robots":{"index":"index","follow":"follow","max-snippet":"max-snippet:-1","max-image-preview":"max-image-preview:large","max-video-preview":"max-video-preview:-1"},"canonical":"https:\/\/lospoliticosveracruz.com\/?p=65976","og_locale":"es_ES","og_type":"article","og_title":"Alzan la mano en Misantla - Los pol\u00edticos Veracruz","og_description":"Salvador Mu\u00f1oz Los Pol\u00edticos En Misantla, la versi\u00f3n la tomaron con humor: \u201c\u00a1Qu\u00e9 verg\u00fcenza!, \u00a1tenemos que pasar por chismosos!\u201d y se r\u00eden. El tema de la ma\u00f1ana es esa noticia que circul\u00f3 en el Notiver que anuncia, en un pantallazo de Whatsapp de un grupo denominado \u201cDistrito 8 Misantla\u201d, que el PT no va en [&hellip;]","og_url":"https:\/\/lospoliticosveracruz.com\/?p=65976","og_site_name":"Los pol\u00edticos Veracruz","article_publisher":"https:\/\/www.facebook.com\/people\/Notimemes-de-los-Polticos\/61565672886568\/","article_published_time":"2020-12-29T19:41:07+00:00","og_image":[{"width":200,"height":200,"url":"https:\/\/lospoliticosveracruz.com\/wp-content\/uploads\/2016\/07\/Logo-Dor.jpg","type":"image\/jpeg"}],"author":"Lo viste en Los Pol\u00edticos","twitter_card":"summary_large_image","twitter_creator":"@LosPoliticosVer","twitter_site":"@LosPoliticosVer","twitter_misc":{"Escrito por":"Lo viste en Los Pol\u00edticos","Tiempo de lectura":"3 minutos"},"schema":{"@context":"https:\/\/schema.org","@graph":[{"@type":"Article","@id":"https:\/\/lospoliticosveracruz.com\/?p=65976#article","isPartOf":{"@id":"https:\/\/lospoliticosveracruz.com\/?p=65976"},"author":{"name":"Lo viste en Los Pol\u00edticos","@id":"https:\/\/lospoliticosveracruz.com\/#\/schema\/person\/b8702bb0e538456e6efd07080bf2a4a2"},"headline":"Alzan la mano en Misantla","datePublished":"2020-12-29T19:41:07+00:00","mainEntityOfPage":{"@id":"https:\/\/lospoliticosveracruz.com\/?p=65976"},"wordCount":653,"commentCount":0,"publisher":{"@id":"https:\/\/lospoliticosveracruz.com\/#organization"},"keywords":["Eleaney Sesma","Luis Vicente Aguilar Castillo","Marco Dom\u00ednguez","Misantla","Morena","Oth\u00f3n Hern\u00e1ndez Candanedo","PAN","PRI","PT","PVEM","Rom\u00e1n Bastida Huesca","Rub\u00e9n Dar\u00edo Carrasco.","Salvador Mu\u00f1oz"],"articleSection":["De Opini\u00f3n"],"inLanguage":"es","potentialAction":[{"@type":"CommentAction","name":"Comment","target":["https:\/\/lospoliticosveracruz.com\/?p=65976#respond"]}]},{"@type":"WebPage","@id":"https:\/\/lospoliticosveracruz.com\/?p=65976","url":"https:\/\/lospoliticosveracruz.com\/?p=65976","name":"Alzan la mano en Misantla - Los pol\u00edticos Veracruz","isPartOf":{"@id":"https:\/\/lospoliticosveracruz.com\/#website"},"datePublished":"2020-12-29T19:41:07+00:00","breadcrumb":{"@id":"https:\/\/lospoliticosveracruz.com\/?p=65976#breadcrumb"},"inLanguage":"es","potentialAction":[{"@type":"ReadAction","target":["https:\/\/lospoliticosveracruz.com\/?p=65976"]}]},{"@type":"BreadcrumbList","@id":"https:\/\/lospoliticosveracruz.com\/?p=65976#breadcrumb","itemListElement":[{"@type":"ListItem","position":1,"name":"Portada","item":"https:\/\/lospoliticosveracruz.com\/"},{"@type":"ListItem","position":2,"name":"Alzan la mano en Misantla"}]},{"@type":"WebSite","@id":"https:\/\/lospoliticosveracruz.com\/#website","url":"https:\/\/lospoliticosveracruz.com\/","name":"Los pol\u00edticos Veracruz","description":"","publisher":{"@id":"https:\/\/lospoliticosveracruz.com\/#organization"},"potentialAction":[{"@type":"SearchAction","target":{"@type":"EntryPoint","urlTemplate":"https:\/\/lospoliticosveracruz.com\/?s={search_term_string}"},"query-input":{"@type":"PropertyValueSpecification","valueRequired":true,"valueName":"search_term_string"}}],"inLanguage":"es"},{"@type":"Organization","@id":"https:\/\/lospoliticosveracruz.com\/#organization","name":"Los pol\u00edticos Veracruz","url":"https:\/\/lospoliticosveracruz.com\/","logo":{"@type":"ImageObject","inLanguage":"es","@id":"https:\/\/lospoliticosveracruz.com\/#\/schema\/logo\/image\/","url":"https:\/\/lospoliticosveracruz.com\/wp-content\/uploads\/2025\/12\/Logo-Nuevo-LOS-POLITICOS-1.jpg","contentUrl":"https:\/\/lospoliticosveracruz.com\/wp-content\/uploads\/2025\/12\/Logo-Nuevo-LOS-POLITICOS-1.jpg","width":260,"height":70,"caption":"Los pol\u00edticos Veracruz"},"image":{"@id":"https:\/\/lospoliticosveracruz.com\/#\/schema\/logo\/image\/"},"sameAs":["https:\/\/www.facebook.com\/people\/Notimemes-de-los-Polticos\/61565672886568\/","https:\/\/x.com\/LosPoliticosVer"]},{"@type":"Person","@id":"https:\/\/lospoliticosveracruz.com\/#\/schema\/person\/b8702bb0e538456e6efd07080bf2a4a2","name":"Lo viste en Los Pol\u00edticos","image":{"@type":"ImageObject","inLanguage":"es","@id":"https:\/\/secure.gravatar.com\/avatar\/3a8de04a2656d44082be478bd6c086daa447c4651605818287b9532d3d0bd435?s=96&d=mm&r=g","url":"https:\/\/secure.gravatar.com\/avatar\/3a8de04a2656d44082be478bd6c086daa447c4651605818287b9532d3d0bd435?s=96&d=mm&r=g","contentUrl":"https:\/\/secure.gravatar.com\/avatar\/3a8de04a2656d44082be478bd6c086daa447c4651605818287b9532d3d0bd435?s=96&d=mm&r=g","caption":"Lo viste en Los Pol\u00edticos"},"url":"https:\/\/lospoliticosveracruz.com\/?author=2"}]}},"_links":{"self":[{"href":"https:\/\/lospoliticosveracruz.com\/index.php?rest_route=\/wp\/v2\/posts\/65976","targetHints":{"allow":["GET"]}}],"collection":[{"href":"https:\/\/lospoliticosveracruz.com\/index.php?rest_route=\/wp\/v2\/posts"}],"about":[{"href":"https:\/\/lospoliticosveracruz.com\/index.php?rest_route=\/wp\/v2\/types\/post"}],"author":[{"embeddable":true,"href":"https:\/\/lospoliticosveracruz.com\/index.php?rest_route=\/wp\/v2\/users\/2"}],"replies":[{"embeddable":true,"href":"https:\/\/lospoliticosveracruz.com\/index.php?rest_route=%2Fwp%2Fv2%2Fcomments&post=65976"}],"version-history":[{"count":1,"href":"https:\/\/lospoliticosveracruz.com\/index.php?rest_route=\/wp\/v2\/posts\/65976\/revisions"}],"predecessor-version":[{"id":65978,"href":"https:\/\/lospoliticosveracruz.com\/index.php?rest_route=\/wp\/v2\/posts\/65976\/revisions\/65978"}],"wp:attachment":[{"href":"https:\/\/lospoliticosveracruz.com\/index.php?rest_route=%2Fwp%2Fv2%2Fmedia&parent=65976"}],"wp:term":[{"taxonomy":"category","embeddable":true,"href":"https:\/\/lospoliticosveracruz.com\/index.php?rest_route=%2Fwp%2Fv2%2Fcategories&post=65976"},{"taxonomy":"post_tag","embeddable":true,"href":"https:\/\/lospoliticosveracruz.com\/index.php?rest_route=%2Fwp%2Fv2%2Ftags&post=65976"}],"curies":[{"name":"wp","href":"https:\/\/api.w.org\/{rel}","templated":true}]}}