{"id":66027,"date":"2020-12-30T17:01:24","date_gmt":"2020-12-30T23:01:24","guid":{"rendered":"http:\/\/www.lospoliticosveracruz.com.mx\/?p=66027"},"modified":"2020-12-31T08:03:45","modified_gmt":"2020-12-31T14:03:45","slug":"pausa","status":"publish","type":"post","link":"https:\/\/lospoliticosveracruz.com\/?p=66027","title":{"rendered":"\u201c\u00a1Pausa!\u201d"},"content":{"rendered":"<p><strong>Salvador Mu\u00f1oz<\/strong><\/p>\n<p><em>Los Pol\u00edticos<\/em><\/p>\n<p><span style=\"font-weight: 400;\">Hace un a\u00f1o, a las ocho de la noche, ya hab\u00edamos cenado\u2026 est\u00e1bamos viendo una peli, cuando a su cel, un n\u00famero desconocido la convocaba a contestar. Pusimos la \u201cPausa\u201d y respondi\u00f3.<\/span><\/p>\n<p><a href=\"https:\/\/www.facebook.com\/notaria61veracruz\/\"><img decoding=\"async\" src=\"http:\/\/www.lospoliticosveracruz.com.mx\/wp-content\/uploads\/2020\/07\/CINTILLO-Armando.jpg\" alt=\"\" \/><\/a><\/p>\n<p><span style=\"font-weight: 400;\">Hago una pausa por la \u201cPausa\u201d: amo ir al cine, es m\u00e1s, extra\u00f1o ir al cine, a las salas, acomodarme entre la fila D, F o G, mero enmedio, y perderme por casi dos horas en una historia pasando frente a mis ojos. Si es posible, disfrutar de una crepa con queso Filadelfia, mermelada y jam\u00f3n, aunque realmente disfruto m\u00e1s la cara de quien me atiende por pedirle que le agregue el jam\u00f3n. La pandemia, quiz\u00e1s en breve tiempo, haga realidad una de mis fantas\u00edas en la sala de un cine, la pr\u00f3xima vez que vaya: el espacio de una butaca entre mi persona y un desconocido. No s\u00e9 si sea el \u00fanico, pero el contacto, el roce, el leve contacto con desconocidos, me genera un malestar, una incomodidad, que me obliga a replegar y repegar mi cuerpo hasta donde me es posible, al lado de la Mujer.<\/span><\/p>\n<p><span style=\"font-weight: 400;\">La pandemia nos llev\u00f3 a ver pel\u00edculas en la plataforma de moda\u2026 no, la de moda es la de Disney\u2026 me refiero a Netflix y hasta acudimos en un momento dado a buscar en YouTube.<\/span><\/p>\n<p><span style=\"font-weight: 400;\">Hay quien considere que ver una pel\u00edcula en casa, amontonados en el sof\u00e1 por los fr\u00edos propios de la temporada, acompa\u00f1ados de unas palomitas, quiz\u00e1s refresco, una pizza y una copa de vino, sea un buen motivo para unir a los integrantes de la familia para un momento de paz y sosiego\u2026 \u00a1pero no!<\/span><\/p>\n<p><span style=\"font-weight: 400;\">Hay muchos factores que hacen que una pel\u00edcula en casa rompa la armon\u00eda de quien gusta perderse por casi dos horas en una historia pasando frente a sus ojos\u2026 o sea Yo:<\/span><\/p>\n<p><span style=\"font-weight: 400;\">1.- No entiendo cu\u00e1l es el motivo para que las vejigas de tu Mujer, de tu sobrino, de tu suegra y hasta cu\u00f1ada se relajen en casa y no mantengan el mismo control que cuando est\u00e1n en una sala de cine\u2026 \u201c\u00a1Pausa! Voy al ba\u00f1o!\u201d<\/span><\/p>\n<p><span style=\"font-weight: 400;\">2.- \u00bfPor qu\u00e9 es m\u00e1s f\u00e1cil contestar la llamada de la comadre, del amigo, del pariente, en la sala de la casa mientras se ve una pel\u00edcula, que cuando se est\u00e1 en la sala del cine y te dicen que mantengas en silencio tu celular o es m\u00e1s, hasta te invitan a apagarlo? \u201c\u00a1Pausa! Voy a contestar!\u201d<\/span><\/p>\n<p><span style=\"font-weight: 400;\">3.- \u00bfSe han dado cuenta que las palomitas, el refresco, o lo que sea, dura menos en la casa que en la sala del cine? \u201c\u00a1Pausa! Voy a preparar m\u00e1s palomitas!\u201d \u201c\u00a1Pausa! caliento m\u00e1s pizza!\u201d \u201c\u00a1Pausa! Quiero m\u00e1s vino!\u201d (Lo acepto\u2026 la \u00faltima \u201cPausa\u201d es m\u00eda).<\/span><\/p>\n<p><span style=\"font-weight: 400;\">4.- Se repite hasta tres veces el punto 1\u2026 \u201c\u00a1Pausa! Voy al ba\u00f1o!\u201d<\/span><\/p>\n<p><span style=\"font-weight: 400;\">Lo cierto es que al final, uno aplica la m\u00e1xima de Charles Darwin: \u201cLas especies que sobreviven no son las m\u00e1s fuertes ni las m\u00e1s inteligentes, sino aquellas que se adaptan mejor al cambio\u201d y mis niveles de tolerancia con esta pandemia se han incrementado\u2026 ya tolero m\u00e1s las \u201cpausas\u201d que por llamadas, que por pip\u00ed, que por comida y bebidas\u2026 \u00bfo ser\u00e1 que el vino obra el milagro? \u00a1Como sea! Creo que mi \u201cpausa\u201d a la introducci\u00f3n de esta columna dur\u00f3 m\u00e1s que una llamada de mi suegra, una ida al \u201cpipisrum\u201d o una visita a la cocina\u2026<\/span><\/p>\n<p><span style=\"font-weight: 400;\">Les dec\u00eda que la Mujer, justo cuando est\u00e1bamos acomodados ese 31 de diciembre de 2019 en el sof\u00e1, viendo una peli, despu\u00e9s de haber cenado, recibi\u00f3 una llamada de un n\u00famero que no conoc\u00eda\u2026 puse \u201cPausa\u201d, la escuch\u00e9 hablar, presentarse, y pedir unos datos a su interlocutora; al concluir la llamada s\u00f3lo me dijo: \u201cTrabajo\u201d&#8230; una Doctora ten\u00eda que hacer el tr\u00e1mite de una factura \u00a1y no sab\u00eda! la Mujer se transform\u00f3 en la Contadora y en unos minutos, le resolvi\u00f3 la vida a una doctora.<\/span><\/p>\n<p><span style=\"font-weight: 400;\">Este 30, desde la ma\u00f1ana, se apuraba la Mujer con su trabajo, con el cierre de ejercicios fiscales del 2020 para evitar que sus clientes caigan en observaci\u00f3n. Quiere descansar el 31 viendo en la noche, una peli, sin que haya interrupciones por trabajo y si hay alguna \u201cPausa\u201d, que \u00e9sta sea por ir al ba\u00f1o, por una llamada familiar o por una visita a la cocina\u2026 \u00a1ah! y una copa de vino para despedir el a\u00f1o\u2026<\/span><\/p>\n<p>&nbsp;<\/p>\n<p><span style=\"font-weight: 400;\">smcainito@gmail.com<\/span><\/p>\n","protected":false},"excerpt":{"rendered":"<p>Salvador Mu\u00f1oz Los Pol\u00edticos Hace un a\u00f1o, a las ocho de la noche, ya hab\u00edamos cenado\u2026 est\u00e1bamos viendo una peli, cuando a su cel, un n\u00famero desconocido la convocaba a contestar. Pusimos la \u201cPausa\u201d y respondi\u00f3. Hago una pausa por la \u201cPausa\u201d: amo ir al cine, es m\u00e1s, extra\u00f1o ir al cine, a las salas, [&hellip;]<\/p>\n","protected":false},"author":2,"featured_media":0,"comment_status":"open","ping_status":"open","sticky":false,"template":"","format":"standard","meta":{"tdm_status":"","tdm_grid_status":"","footnotes":""},"categories":[70],"tags":[24854,18463,17737,9591,288,2646],"class_list":{"0":"post-66027","1":"post","2":"type-post","3":"status-publish","4":"format-standard","6":"category-de-opinion","7":"tag-charles-darwin","8":"tag-cine","9":"tag-disney","10":"tag-fin-de-ano","11":"tag-netflix","12":"tag-salvador-munoz"},"yoast_head":"<!-- This site is optimized with the Yoast SEO plugin v27.4 - https:\/\/yoast.com\/product\/yoast-seo-wordpress\/ -->\n<title>\u201c\u00a1Pausa!\u201d - Los pol\u00edticos Veracruz<\/title>\n<meta name=\"robots\" content=\"index, follow, max-snippet:-1, max-image-preview:large, max-video-preview:-1\" \/>\n<link rel=\"canonical\" href=\"https:\/\/lospoliticosveracruz.com\/?p=66027\" \/>\n<meta property=\"og:locale\" content=\"es_ES\" \/>\n<meta property=\"og:type\" content=\"article\" \/>\n<meta property=\"og:title\" content=\"\u201c\u00a1Pausa!\u201d - Los pol\u00edticos Veracruz\" \/>\n<meta property=\"og:description\" content=\"Salvador Mu\u00f1oz Los Pol\u00edticos Hace un a\u00f1o, a las ocho de la noche, ya hab\u00edamos cenado\u2026 est\u00e1bamos viendo una peli, cuando a su cel, un n\u00famero desconocido la convocaba a contestar. Pusimos la \u201cPausa\u201d y respondi\u00f3. Hago una pausa por la \u201cPausa\u201d: amo ir al cine, es m\u00e1s, extra\u00f1o ir al cine, a las salas, [&hellip;]\" \/>\n<meta property=\"og:url\" content=\"https:\/\/lospoliticosveracruz.com\/?p=66027\" \/>\n<meta property=\"og:site_name\" content=\"Los pol\u00edticos Veracruz\" \/>\n<meta property=\"article:publisher\" content=\"https:\/\/www.facebook.com\/people\/Notimemes-de-los-Polticos\/61565672886568\/\" \/>\n<meta property=\"article:published_time\" content=\"2020-12-30T23:01:24+00:00\" \/>\n<meta property=\"article:modified_time\" content=\"2020-12-31T14:03:45+00:00\" \/>\n<meta property=\"og:image\" content=\"http:\/\/www.lospoliticosveracruz.com.mx\/wp-content\/uploads\/2020\/07\/CINTILLO-Armando.jpg\" \/>\n<meta name=\"author\" content=\"Lo viste en Los Pol\u00edticos\" \/>\n<meta name=\"twitter:card\" content=\"summary_large_image\" \/>\n<meta name=\"twitter:creator\" content=\"@LosPoliticosVer\" \/>\n<meta name=\"twitter:site\" content=\"@LosPoliticosVer\" \/>\n<meta name=\"twitter:label1\" content=\"Escrito por\" \/>\n\t<meta name=\"twitter:data1\" content=\"Lo viste en Los Pol\u00edticos\" \/>\n\t<meta name=\"twitter:label2\" content=\"Tiempo de lectura\" \/>\n\t<meta name=\"twitter:data2\" content=\"4 minutos\" \/>\n<script type=\"application\/ld+json\" class=\"yoast-schema-graph\">{\"@context\":\"https:\\\/\\\/schema.org\",\"@graph\":[{\"@type\":\"Article\",\"@id\":\"https:\\\/\\\/lospoliticosveracruz.com\\\/?p=66027#article\",\"isPartOf\":{\"@id\":\"https:\\\/\\\/lospoliticosveracruz.com\\\/?p=66027\"},\"author\":{\"name\":\"Lo viste en Los Pol\u00edticos\",\"@id\":\"https:\\\/\\\/lospoliticosveracruz.com\\\/#\\\/schema\\\/person\\\/b8702bb0e538456e6efd07080bf2a4a2\"},\"headline\":\"\u201c\u00a1Pausa!\u201d\",\"datePublished\":\"2020-12-30T23:01:24+00:00\",\"dateModified\":\"2020-12-31T14:03:45+00:00\",\"mainEntityOfPage\":{\"@id\":\"https:\\\/\\\/lospoliticosveracruz.com\\\/?p=66027\"},\"wordCount\":780,\"commentCount\":0,\"publisher\":{\"@id\":\"https:\\\/\\\/lospoliticosveracruz.com\\\/#organization\"},\"image\":{\"@id\":\"https:\\\/\\\/lospoliticosveracruz.com\\\/?p=66027#primaryimage\"},\"thumbnailUrl\":\"http:\\\/\\\/www.lospoliticosveracruz.com.mx\\\/wp-content\\\/uploads\\\/2020\\\/07\\\/CINTILLO-Armando.jpg\",\"keywords\":[\"Charles Darwin\",\"cine\",\"Disney\",\"Fin de a\u00f1o\",\"Netflix\",\"Salvador Mu\u00f1oz\"],\"articleSection\":[\"De Opini\u00f3n\"],\"inLanguage\":\"es\",\"potentialAction\":[{\"@type\":\"CommentAction\",\"name\":\"Comment\",\"target\":[\"https:\\\/\\\/lospoliticosveracruz.com\\\/?p=66027#respond\"]}]},{\"@type\":\"WebPage\",\"@id\":\"https:\\\/\\\/lospoliticosveracruz.com\\\/?p=66027\",\"url\":\"https:\\\/\\\/lospoliticosveracruz.com\\\/?p=66027\",\"name\":\"\u201c\u00a1Pausa!\u201d - Los pol\u00edticos Veracruz\",\"isPartOf\":{\"@id\":\"https:\\\/\\\/lospoliticosveracruz.com\\\/#website\"},\"primaryImageOfPage\":{\"@id\":\"https:\\\/\\\/lospoliticosveracruz.com\\\/?p=66027#primaryimage\"},\"image\":{\"@id\":\"https:\\\/\\\/lospoliticosveracruz.com\\\/?p=66027#primaryimage\"},\"thumbnailUrl\":\"http:\\\/\\\/www.lospoliticosveracruz.com.mx\\\/wp-content\\\/uploads\\\/2020\\\/07\\\/CINTILLO-Armando.jpg\",\"datePublished\":\"2020-12-30T23:01:24+00:00\",\"dateModified\":\"2020-12-31T14:03:45+00:00\",\"breadcrumb\":{\"@id\":\"https:\\\/\\\/lospoliticosveracruz.com\\\/?p=66027#breadcrumb\"},\"inLanguage\":\"es\",\"potentialAction\":[{\"@type\":\"ReadAction\",\"target\":[\"https:\\\/\\\/lospoliticosveracruz.com\\\/?p=66027\"]}]},{\"@type\":\"ImageObject\",\"inLanguage\":\"es\",\"@id\":\"https:\\\/\\\/lospoliticosveracruz.com\\\/?p=66027#primaryimage\",\"url\":\"http:\\\/\\\/www.lospoliticosveracruz.com.mx\\\/wp-content\\\/uploads\\\/2020\\\/07\\\/CINTILLO-Armando.jpg\",\"contentUrl\":\"http:\\\/\\\/www.lospoliticosveracruz.com.mx\\\/wp-content\\\/uploads\\\/2020\\\/07\\\/CINTILLO-Armando.jpg\"},{\"@type\":\"BreadcrumbList\",\"@id\":\"https:\\\/\\\/lospoliticosveracruz.com\\\/?p=66027#breadcrumb\",\"itemListElement\":[{\"@type\":\"ListItem\",\"position\":1,\"name\":\"Portada\",\"item\":\"https:\\\/\\\/lospoliticosveracruz.com\\\/\"},{\"@type\":\"ListItem\",\"position\":2,\"name\":\"\u201c\u00a1Pausa!\u201d\"}]},{\"@type\":\"WebSite\",\"@id\":\"https:\\\/\\\/lospoliticosveracruz.com\\\/#website\",\"url\":\"https:\\\/\\\/lospoliticosveracruz.com\\\/\",\"name\":\"Los pol\u00edticos Veracruz\",\"description\":\"\",\"publisher\":{\"@id\":\"https:\\\/\\\/lospoliticosveracruz.com\\\/#organization\"},\"potentialAction\":[{\"@type\":\"SearchAction\",\"target\":{\"@type\":\"EntryPoint\",\"urlTemplate\":\"https:\\\/\\\/lospoliticosveracruz.com\\\/?s={search_term_string}\"},\"query-input\":{\"@type\":\"PropertyValueSpecification\",\"valueRequired\":true,\"valueName\":\"search_term_string\"}}],\"inLanguage\":\"es\"},{\"@type\":\"Organization\",\"@id\":\"https:\\\/\\\/lospoliticosveracruz.com\\\/#organization\",\"name\":\"Los pol\u00edticos Veracruz\",\"url\":\"https:\\\/\\\/lospoliticosveracruz.com\\\/\",\"logo\":{\"@type\":\"ImageObject\",\"inLanguage\":\"es\",\"@id\":\"https:\\\/\\\/lospoliticosveracruz.com\\\/#\\\/schema\\\/logo\\\/image\\\/\",\"url\":\"https:\\\/\\\/lospoliticosveracruz.com\\\/wp-content\\\/uploads\\\/2025\\\/12\\\/Logo-Nuevo-LOS-POLITICOS-1.jpg\",\"contentUrl\":\"https:\\\/\\\/lospoliticosveracruz.com\\\/wp-content\\\/uploads\\\/2025\\\/12\\\/Logo-Nuevo-LOS-POLITICOS-1.jpg\",\"width\":260,\"height\":70,\"caption\":\"Los pol\u00edticos Veracruz\"},\"image\":{\"@id\":\"https:\\\/\\\/lospoliticosveracruz.com\\\/#\\\/schema\\\/logo\\\/image\\\/\"},\"sameAs\":[\"https:\\\/\\\/www.facebook.com\\\/people\\\/Notimemes-de-los-Polticos\\\/61565672886568\\\/\",\"https:\\\/\\\/x.com\\\/LosPoliticosVer\"]},{\"@type\":\"Person\",\"@id\":\"https:\\\/\\\/lospoliticosveracruz.com\\\/#\\\/schema\\\/person\\\/b8702bb0e538456e6efd07080bf2a4a2\",\"name\":\"Lo viste en Los Pol\u00edticos\",\"image\":{\"@type\":\"ImageObject\",\"inLanguage\":\"es\",\"@id\":\"https:\\\/\\\/secure.gravatar.com\\\/avatar\\\/3a8de04a2656d44082be478bd6c086daa447c4651605818287b9532d3d0bd435?s=96&d=mm&r=g\",\"url\":\"https:\\\/\\\/secure.gravatar.com\\\/avatar\\\/3a8de04a2656d44082be478bd6c086daa447c4651605818287b9532d3d0bd435?s=96&d=mm&r=g\",\"contentUrl\":\"https:\\\/\\\/secure.gravatar.com\\\/avatar\\\/3a8de04a2656d44082be478bd6c086daa447c4651605818287b9532d3d0bd435?s=96&d=mm&r=g\",\"caption\":\"Lo viste en Los Pol\u00edticos\"},\"url\":\"https:\\\/\\\/lospoliticosveracruz.com\\\/?author=2\"}]}<\/script>\n<!-- \/ Yoast SEO plugin. -->","yoast_head_json":{"title":"\u201c\u00a1Pausa!\u201d - Los pol\u00edticos Veracruz","robots":{"index":"index","follow":"follow","max-snippet":"max-snippet:-1","max-image-preview":"max-image-preview:large","max-video-preview":"max-video-preview:-1"},"canonical":"https:\/\/lospoliticosveracruz.com\/?p=66027","og_locale":"es_ES","og_type":"article","og_title":"\u201c\u00a1Pausa!\u201d - Los pol\u00edticos Veracruz","og_description":"Salvador Mu\u00f1oz Los Pol\u00edticos Hace un a\u00f1o, a las ocho de la noche, ya hab\u00edamos cenado\u2026 est\u00e1bamos viendo una peli, cuando a su cel, un n\u00famero desconocido la convocaba a contestar. Pusimos la \u201cPausa\u201d y respondi\u00f3. Hago una pausa por la \u201cPausa\u201d: amo ir al cine, es m\u00e1s, extra\u00f1o ir al cine, a las salas, [&hellip;]","og_url":"https:\/\/lospoliticosveracruz.com\/?p=66027","og_site_name":"Los pol\u00edticos Veracruz","article_publisher":"https:\/\/www.facebook.com\/people\/Notimemes-de-los-Polticos\/61565672886568\/","article_published_time":"2020-12-30T23:01:24+00:00","article_modified_time":"2020-12-31T14:03:45+00:00","og_image":[{"url":"http:\/\/www.lospoliticosveracruz.com.mx\/wp-content\/uploads\/2020\/07\/CINTILLO-Armando.jpg","type":"","width":"","height":""}],"author":"Lo viste en Los Pol\u00edticos","twitter_card":"summary_large_image","twitter_creator":"@LosPoliticosVer","twitter_site":"@LosPoliticosVer","twitter_misc":{"Escrito por":"Lo viste en Los Pol\u00edticos","Tiempo de lectura":"4 minutos"},"schema":{"@context":"https:\/\/schema.org","@graph":[{"@type":"Article","@id":"https:\/\/lospoliticosveracruz.com\/?p=66027#article","isPartOf":{"@id":"https:\/\/lospoliticosveracruz.com\/?p=66027"},"author":{"name":"Lo viste en Los Pol\u00edticos","@id":"https:\/\/lospoliticosveracruz.com\/#\/schema\/person\/b8702bb0e538456e6efd07080bf2a4a2"},"headline":"\u201c\u00a1Pausa!\u201d","datePublished":"2020-12-30T23:01:24+00:00","dateModified":"2020-12-31T14:03:45+00:00","mainEntityOfPage":{"@id":"https:\/\/lospoliticosveracruz.com\/?p=66027"},"wordCount":780,"commentCount":0,"publisher":{"@id":"https:\/\/lospoliticosveracruz.com\/#organization"},"image":{"@id":"https:\/\/lospoliticosveracruz.com\/?p=66027#primaryimage"},"thumbnailUrl":"http:\/\/www.lospoliticosveracruz.com.mx\/wp-content\/uploads\/2020\/07\/CINTILLO-Armando.jpg","keywords":["Charles Darwin","cine","Disney","Fin de a\u00f1o","Netflix","Salvador Mu\u00f1oz"],"articleSection":["De Opini\u00f3n"],"inLanguage":"es","potentialAction":[{"@type":"CommentAction","name":"Comment","target":["https:\/\/lospoliticosveracruz.com\/?p=66027#respond"]}]},{"@type":"WebPage","@id":"https:\/\/lospoliticosveracruz.com\/?p=66027","url":"https:\/\/lospoliticosveracruz.com\/?p=66027","name":"\u201c\u00a1Pausa!\u201d - Los pol\u00edticos Veracruz","isPartOf":{"@id":"https:\/\/lospoliticosveracruz.com\/#website"},"primaryImageOfPage":{"@id":"https:\/\/lospoliticosveracruz.com\/?p=66027#primaryimage"},"image":{"@id":"https:\/\/lospoliticosveracruz.com\/?p=66027#primaryimage"},"thumbnailUrl":"http:\/\/www.lospoliticosveracruz.com.mx\/wp-content\/uploads\/2020\/07\/CINTILLO-Armando.jpg","datePublished":"2020-12-30T23:01:24+00:00","dateModified":"2020-12-31T14:03:45+00:00","breadcrumb":{"@id":"https:\/\/lospoliticosveracruz.com\/?p=66027#breadcrumb"},"inLanguage":"es","potentialAction":[{"@type":"ReadAction","target":["https:\/\/lospoliticosveracruz.com\/?p=66027"]}]},{"@type":"ImageObject","inLanguage":"es","@id":"https:\/\/lospoliticosveracruz.com\/?p=66027#primaryimage","url":"http:\/\/www.lospoliticosveracruz.com.mx\/wp-content\/uploads\/2020\/07\/CINTILLO-Armando.jpg","contentUrl":"http:\/\/www.lospoliticosveracruz.com.mx\/wp-content\/uploads\/2020\/07\/CINTILLO-Armando.jpg"},{"@type":"BreadcrumbList","@id":"https:\/\/lospoliticosveracruz.com\/?p=66027#breadcrumb","itemListElement":[{"@type":"ListItem","position":1,"name":"Portada","item":"https:\/\/lospoliticosveracruz.com\/"},{"@type":"ListItem","position":2,"name":"\u201c\u00a1Pausa!\u201d"}]},{"@type":"WebSite","@id":"https:\/\/lospoliticosveracruz.com\/#website","url":"https:\/\/lospoliticosveracruz.com\/","name":"Los pol\u00edticos Veracruz","description":"","publisher":{"@id":"https:\/\/lospoliticosveracruz.com\/#organization"},"potentialAction":[{"@type":"SearchAction","target":{"@type":"EntryPoint","urlTemplate":"https:\/\/lospoliticosveracruz.com\/?s={search_term_string}"},"query-input":{"@type":"PropertyValueSpecification","valueRequired":true,"valueName":"search_term_string"}}],"inLanguage":"es"},{"@type":"Organization","@id":"https:\/\/lospoliticosveracruz.com\/#organization","name":"Los pol\u00edticos Veracruz","url":"https:\/\/lospoliticosveracruz.com\/","logo":{"@type":"ImageObject","inLanguage":"es","@id":"https:\/\/lospoliticosveracruz.com\/#\/schema\/logo\/image\/","url":"https:\/\/lospoliticosveracruz.com\/wp-content\/uploads\/2025\/12\/Logo-Nuevo-LOS-POLITICOS-1.jpg","contentUrl":"https:\/\/lospoliticosveracruz.com\/wp-content\/uploads\/2025\/12\/Logo-Nuevo-LOS-POLITICOS-1.jpg","width":260,"height":70,"caption":"Los pol\u00edticos Veracruz"},"image":{"@id":"https:\/\/lospoliticosveracruz.com\/#\/schema\/logo\/image\/"},"sameAs":["https:\/\/www.facebook.com\/people\/Notimemes-de-los-Polticos\/61565672886568\/","https:\/\/x.com\/LosPoliticosVer"]},{"@type":"Person","@id":"https:\/\/lospoliticosveracruz.com\/#\/schema\/person\/b8702bb0e538456e6efd07080bf2a4a2","name":"Lo viste en Los Pol\u00edticos","image":{"@type":"ImageObject","inLanguage":"es","@id":"https:\/\/secure.gravatar.com\/avatar\/3a8de04a2656d44082be478bd6c086daa447c4651605818287b9532d3d0bd435?s=96&d=mm&r=g","url":"https:\/\/secure.gravatar.com\/avatar\/3a8de04a2656d44082be478bd6c086daa447c4651605818287b9532d3d0bd435?s=96&d=mm&r=g","contentUrl":"https:\/\/secure.gravatar.com\/avatar\/3a8de04a2656d44082be478bd6c086daa447c4651605818287b9532d3d0bd435?s=96&d=mm&r=g","caption":"Lo viste en Los Pol\u00edticos"},"url":"https:\/\/lospoliticosveracruz.com\/?author=2"}]}},"_links":{"self":[{"href":"https:\/\/lospoliticosveracruz.com\/index.php?rest_route=\/wp\/v2\/posts\/66027","targetHints":{"allow":["GET"]}}],"collection":[{"href":"https:\/\/lospoliticosveracruz.com\/index.php?rest_route=\/wp\/v2\/posts"}],"about":[{"href":"https:\/\/lospoliticosveracruz.com\/index.php?rest_route=\/wp\/v2\/types\/post"}],"author":[{"embeddable":true,"href":"https:\/\/lospoliticosveracruz.com\/index.php?rest_route=\/wp\/v2\/users\/2"}],"replies":[{"embeddable":true,"href":"https:\/\/lospoliticosveracruz.com\/index.php?rest_route=%2Fwp%2Fv2%2Fcomments&post=66027"}],"version-history":[{"count":2,"href":"https:\/\/lospoliticosveracruz.com\/index.php?rest_route=\/wp\/v2\/posts\/66027\/revisions"}],"predecessor-version":[{"id":66039,"href":"https:\/\/lospoliticosveracruz.com\/index.php?rest_route=\/wp\/v2\/posts\/66027\/revisions\/66039"}],"wp:attachment":[{"href":"https:\/\/lospoliticosveracruz.com\/index.php?rest_route=%2Fwp%2Fv2%2Fmedia&parent=66027"}],"wp:term":[{"taxonomy":"category","embeddable":true,"href":"https:\/\/lospoliticosveracruz.com\/index.php?rest_route=%2Fwp%2Fv2%2Fcategories&post=66027"},{"taxonomy":"post_tag","embeddable":true,"href":"https:\/\/lospoliticosveracruz.com\/index.php?rest_route=%2Fwp%2Fv2%2Ftags&post=66027"}],"curies":[{"name":"wp","href":"https:\/\/api.w.org\/{rel}","templated":true}]}}