{"id":66044,"date":"2020-12-31T08:59:43","date_gmt":"2020-12-31T14:59:43","guid":{"rendered":"http:\/\/www.lospoliticosveracruz.com.mx\/?p=66044"},"modified":"2020-12-31T09:00:22","modified_gmt":"2020-12-31T15:00:22","slug":"fidel-el-gran-aliado","status":"publish","type":"post","link":"https:\/\/lospoliticosveracruz.com\/?p=66044","title":{"rendered":"Fidel, el gran aliado"},"content":{"rendered":"<p><strong>Ricardo Ch\u00faa<\/strong><br \/>\n<em>Sale y Vale<\/em><\/p>\n<p>FELIZ A\u00d1O 2021&#8230; Hoy por la noche acaba el a\u00f1o m\u00e1s dif\u00edcil en la historia moderna de la humanidad&#8230; Veracruz no qued\u00f3 fuera de esta situaci\u00f3n&#8230; Una pandemia, nos puso en los primeros meses del 2020, en una situaci\u00f3n que no pensaramos que fuera tan cr\u00edtica y que no termina&#8230; Este a\u00f1o hemos tenido serias p\u00e9rdidas en todos los sentidos&#8230;. El COVID-19 se llev\u00f3 a familiares, afectos o conocidos&#8230; Vidas humanas que hace 12 meses festejabamos con ellas las fiestas de fin de a\u00f1o 2019&#8230; HOY SE HAN IDO&#8230; <\/p>\n<p><a href=\"https:\/\/www.facebook.com\/notaria61veracruz\/\"><img decoding=\"async\" src=\"http:\/\/www.lospoliticosveracruz.com.mx\/wp-content\/uploads\/2020\/07\/CINTILLO-Armando.jpg\" alt=\"\" \/><\/a><\/p>\n<p>Pero las p\u00e9rdidas no han parado con el fin de a\u00f1o&#8230; Contin\u00faan y m\u00e1s con el segundo re-brote de Coronavirus que dicen pronto llegar\u00e1 a M\u00e9xico&#8230; As\u00ed que no queda de otra que cuidarnos.. Ya sabemos como se las \u00abgasta\u00bb el gobierno federal en esta materia&#8230; Ya que tambi\u00e9n tendremos que aprender a sobrevivir de otra crisis econ\u00f3mica que viene este 2021 porque la pandemia nos har\u00e1 guardarnos un tiempo m\u00e1s en casa&#8230; Caer\u00e1 la actividad econ\u00f3mica en todo el pa\u00eds&#8230; Veracruz no ser\u00e1 la excepci\u00f3n&#8230;<\/p>\n<p>No obstante, pese a todo ello&#8230; Hay que sentirnos felices hoy porque somos sobrevivientes del 2020&#8230; Se tiene la fortuna que hoy en la noche, podremos compartir el pan y la sal con los pocos familiares o amigos que est\u00e9n a nuestro lado&#8230; A pesar de que se lea t\u00e9trico&#8230; Hay que celebrar porque en este a\u00f1o de p\u00e9rdidas, nosotros nos quedamos&#8230; Hoy muchas familias estar\u00e1n de luto, pero otras no y eso en estos tiempos, es un triunfo&#8230; <\/p>\n<p>Hoy desde este espacio&#8230; A todos les deseamos un feliz 2021 que inicia en punto de las 00.00 horas&#8230; Se vale derramar una l\u00e1grima por los que se nos han adelantado, sin propon\u00e9rselo, pero la enfermedad es as\u00ed&#8230; Hay que abrazar y sonre\u00edr a los que a\u00fan est\u00e1n con nosotros&#8230; Ya que al final, eso es lo \u00fanico que cuenta y que nos queda siempre en nuestra memoria&#8230; El amor y cari\u00f1o de nuestras familias y afectos&#8230; Que la dicha y la paz dure por siempre&#8230; Nos leemos en enero&#8230; FELIZ A\u00d1O 2021&#8230;   <\/p>\n<p>EL GRAN ALIADO&#8230; El gran ganador del proceso electoral local y federal en 2021 en Veracruz&#8230; Si no cambian en las pr\u00f3ximas semanas, ser\u00e1 el ex gobernador, Fidel Herrera Beltr\u00e1n, que a pesar de su convalecencia f\u00edsica&#8230; No se ve, sino se siente que siempre fue un GRAN ALIADO de MORENA desde el 2015 en Veracruz&#8230; S\u00f3lo hay que echar un \u00abojo\u00bb de los posibles candidatos a cargos de elecci\u00f3n popular que se disputar\u00e1n en la entidad&#8230; Tiene muchas de sus \u00abcreaciones\u00bb en todos los partidos&#8230; Posiblemente hasta su hijo, Javier, participe&#8230;<\/p>\n<p>En las pr\u00f3ximas semanas se sabr\u00e1 quienes ser\u00e1n postulados por la alianza opositora del PAN-PRI y PRD en Veracruz&#8230; As\u00ed como los de coalici\u00f3n MORENA-PVEM y PT&#8230; Ah\u00ed se dar\u00e1n cuenta que muchos de los pol\u00edticos de la \u00abFidelidad\u00bb estar\u00e1n intentando volver al \u00abruedo\u00bb, ya sea por la oposici\u00f3n o por el partido de Andr\u00e9s Manuel L\u00f3pez Obrador&#8230; Pero sin querer o de manera \u00abperversa\u00bb, Fidel Herrera tiene mucho que ver con ellos&#8230; A lo mejor no en la negociaci\u00f3n pol\u00edtica, pero s\u00ed en su formaci\u00f3n ideol\u00f3gica&#8230; Ah\u00ed est\u00e1n Los Morenos&#8230;<\/p>\n<p>En casi todos los distritos de Veracruz&#8230; Se prev\u00e9 que vaya un candidato, en su momento \u00abfidelista\u00bb por alguno de los partidos pol\u00edticos en cuesti\u00f3n&#8230; Y que con eso queda demostrado que este personaje, un animal pol\u00edtico por excelencia, dej\u00f3 una \u00abgran escuela\u00bb de actores en Veracruz.. Que a\u00fan est\u00e1n activos&#8230; Algunos de ellos le salieron muy malos, pero otros fueron unos \u00abgarbanzos de a libra\u00bb porque han \u00absobrevivido\u00bb al duartismo, yunismo y ahora \u00abmorenismo\u00bb&#8230; Y ah\u00ed siguen&#8230;.<\/p>\n<p>As\u00ed que no hay que \u00abhacerse bolas\u00bb&#8230; El ganador ser\u00e1 Fidel Herrera&#8230; Ya que muchos le contin\u00faan mostrando lealtad, como si fuera una pel\u00edcula de Coppola&#8230; Pero su gran triunfo ser\u00e1 que su hijo, Javier Herrera Borunda, logre \u00abpegar\u00bb la candidatura a diputado federal por el distrito de Cosamaloapan, por PVEM-MORENA-PT&#8230; Y de ganarla, se convierte en \u00abmoneda de cambio\u00bb para Veracruz en 2024&#8230; Que le competir\u00eda a Rocio Nahle o Ricardo Ahued&#8230; Apuntenlo&#8230; Ricardo Monreal estar\u00eda detr\u00e1s de \u00e9l junto con Manuel Velasco&#8230; ASPTM&#8230;  <\/p>\n<p>MORENA CONTRA ISLE\u00d1O&#8230; Vaya situaci\u00f3n legal que tendr\u00e1 en contra el ex alcalde de Medell\u00edn de Bravo, Marcos Isle\u00f1o, quien presuntamente pretende de nuevo ser aspirante a la alcald\u00eda de este municipio por el PVEM&#8230; Su figura ser\u00e1 denunciada ante la Fiscal\u00eda Especializada en Contra de Delitos Electorales (FEPADE) por presuntos actos anticipados de campa\u00f1a y sobre todo por ocupar m\u00f3dulos de vacunaci\u00f3n de Influenza del IMSS, instalados en el domicilio particular de su asociaci\u00f3n civil para aplicarla de manera gratuita&#8230; Qu\u00e9 conflicto&#8230;<\/p>\n<p>El asunto lo llevar\u00e1 directamente el delegado de la Asociaci\u00f3n Pol\u00edtica Nacional, \u00abUnidos por un Pa\u00eds Mejor\u00bb, el ex diputado local, Agust\u00edn Mantilla Trolle, que junto con miembros de MORENA en este municipio, acudir\u00e1n a la Fiscal\u00eda General de la Rep\u00fablica para hacer patente esta denuncia&#8230; Ya que se presume que fue una familiar directa del ex alcalde, la que realiz\u00f3 esta acci\u00f3n en el domicilio particular de la asociaci\u00f3n que dirige Isle\u00f1o&#8230;<\/p>\n<p>Aqu\u00ed s\u00f3lo queda de \u00abdos sopas\u00bb&#8230; Isle\u00f1o desmiente y presenta pruebas de las insidias en su contra o simplemente enfrenta el proceso abierto sobre su persona asentado en la FEPADE&#8230; Lo que se duda, es que el personaje no es un improvisado para cometer tal ERROR, pensando que no lo iban a notar&#8230; De comprobarse su veracidad.. Ser\u00e1 un retroceso a su carrera pol\u00edtica y quedar\u00e1 mal ante el propio, Manuel Huerta, el delegado del gobierno federal en Veracruz, que por tal situaci\u00f3n porque hasta a \u00e9l, se lo \u00ablleva entre la patas\u00bb.. AMEN&#8230;   <\/p>\n<p>LA AVANZADA DE ELIZABETH&#8230;. Hace d\u00edas en este espacio comentamos que ante la inminente decisi\u00f3n de Ricardo Ahued, de no participar por la candidatura de MORENA a la alcald\u00eda de Xalapa, hab\u00eda el proyecto de invitar como aspirante a la ex diputada federal priista, Elizabeth Morales, qui\u00e9n ocup\u00f3 este cargo del 2010-2013&#8230;. Y para muestra \u00abbasta un bot\u00f3n\u00bb&#8230; Gonzalo Vicencio, delegado en funci\u00f3n de presidente estatal de MORENA, tom\u00f3 protesta a presidentes de comit\u00e9s seccionales en la capital, a gente muy cercana a Do\u00f1a ELMO&#8230;<\/p>\n<p>Entre ellas Michelle Serv\u00edn Gonz\u00e1lez y Artemio Rosales, gente muy identificada y cercana a La Morales&#8230; Fueron funcionarios de su absoluta confianza y su carrera pol\u00edtica la hicieron crecer a su lado en tiempos de Fidel Herrera&#8230; D\u00f3nde est\u00e1n aquellos que dec\u00edan que esto no era cierto.. Y que era una \u00abfalsedad\u00bb que MORENA \u00abreciclar\u00e1\u00bb a priistas para enfrentarlos contra priistas&#8230; MORENA no es partido pol\u00edtico, es movimiento&#8230; MORENA no tiene cuadros&#8230; Xalapa es el mejor ejemplo&#8230;  Gana Fidel Herrera siempre Fidel&#8230; REAL POLITIK..<\/p>\n","protected":false},"excerpt":{"rendered":"<p>Ricardo Ch\u00faa Sale y Vale FELIZ A\u00d1O 2021&#8230; Hoy por la noche acaba el a\u00f1o m\u00e1s dif\u00edcil en la historia moderna de la humanidad&#8230; Veracruz no qued\u00f3 fuera de esta situaci\u00f3n&#8230; Una pandemia, nos puso en los primeros meses del 2020, en una situaci\u00f3n que no pensaramos que fuera tan cr\u00edtica y que no termina&#8230; [&hellip;]<\/p>\n","protected":false},"author":2,"featured_media":0,"comment_status":"open","ping_status":"open","sticky":false,"template":"","format":"standard","meta":{"tdm_status":"","tdm_grid_status":"","footnotes":""},"categories":[70],"tags":[3199,405,3181,410,9591,19748,1026,266,16929,7571,107,251,21134,2289,264,876,195],"class_list":{"0":"post-66044","1":"post","2":"type-post","3":"status-publish","4":"format-standard","6":"category-de-opinion","7":"tag-alianza","8":"tag-elizabeth-morales-garcia","9":"tag-fepade","10":"tag-fidel-herrera-beltran","11":"tag-fin-de-ano","12":"tag-marcos-isleno","13":"tag-morena","14":"tag-pan","15":"tag-pandemia","16":"tag-perdidas","17":"tag-prd","18":"tag-pri","19":"tag-proceso-electoral-2021","20":"tag-pt","21":"tag-pvem","22":"tag-ricardo-ahued","23":"tag-veracruz"},"yoast_head":"<!-- This site is optimized with the Yoast SEO plugin v27.4 - https:\/\/yoast.com\/product\/yoast-seo-wordpress\/ -->\n<title>Fidel, el gran aliado - Los pol\u00edticos Veracruz<\/title>\n<meta name=\"robots\" content=\"index, follow, max-snippet:-1, max-image-preview:large, max-video-preview:-1\" \/>\n<link rel=\"canonical\" href=\"https:\/\/lospoliticosveracruz.com\/?p=66044\" \/>\n<meta property=\"og:locale\" content=\"es_ES\" \/>\n<meta property=\"og:type\" content=\"article\" \/>\n<meta property=\"og:title\" content=\"Fidel, el gran aliado - Los pol\u00edticos Veracruz\" \/>\n<meta property=\"og:description\" content=\"Ricardo Ch\u00faa Sale y Vale FELIZ A\u00d1O 2021&#8230; Hoy por la noche acaba el a\u00f1o m\u00e1s dif\u00edcil en la historia moderna de la humanidad&#8230; Veracruz no qued\u00f3 fuera de esta situaci\u00f3n&#8230; Una pandemia, nos puso en los primeros meses del 2020, en una situaci\u00f3n que no pensaramos que fuera tan cr\u00edtica y que no termina&#8230; [&hellip;]\" \/>\n<meta property=\"og:url\" content=\"https:\/\/lospoliticosveracruz.com\/?p=66044\" \/>\n<meta property=\"og:site_name\" content=\"Los pol\u00edticos Veracruz\" \/>\n<meta property=\"article:publisher\" content=\"https:\/\/www.facebook.com\/people\/Notimemes-de-los-Polticos\/61565672886568\/\" \/>\n<meta property=\"article:published_time\" content=\"2020-12-31T14:59:43+00:00\" \/>\n<meta property=\"article:modified_time\" content=\"2020-12-31T15:00:22+00:00\" \/>\n<meta property=\"og:image\" content=\"http:\/\/www.lospoliticosveracruz.com.mx\/wp-content\/uploads\/2020\/07\/CINTILLO-Armando.jpg\" \/>\n<meta name=\"author\" content=\"Lo viste en Los Pol\u00edticos\" \/>\n<meta name=\"twitter:card\" content=\"summary_large_image\" \/>\n<meta name=\"twitter:creator\" content=\"@LosPoliticosVer\" \/>\n<meta name=\"twitter:site\" content=\"@LosPoliticosVer\" \/>\n<meta name=\"twitter:label1\" content=\"Escrito por\" \/>\n\t<meta name=\"twitter:data1\" content=\"Lo viste en Los Pol\u00edticos\" \/>\n\t<meta name=\"twitter:label2\" content=\"Tiempo de lectura\" \/>\n\t<meta name=\"twitter:data2\" content=\"6 minutos\" \/>\n<script type=\"application\/ld+json\" class=\"yoast-schema-graph\">{\"@context\":\"https:\\\/\\\/schema.org\",\"@graph\":[{\"@type\":\"Article\",\"@id\":\"https:\\\/\\\/lospoliticosveracruz.com\\\/?p=66044#article\",\"isPartOf\":{\"@id\":\"https:\\\/\\\/lospoliticosveracruz.com\\\/?p=66044\"},\"author\":{\"name\":\"Lo viste en Los Pol\u00edticos\",\"@id\":\"https:\\\/\\\/lospoliticosveracruz.com\\\/#\\\/schema\\\/person\\\/b8702bb0e538456e6efd07080bf2a4a2\"},\"headline\":\"Fidel, el gran aliado\",\"datePublished\":\"2020-12-31T14:59:43+00:00\",\"dateModified\":\"2020-12-31T15:00:22+00:00\",\"mainEntityOfPage\":{\"@id\":\"https:\\\/\\\/lospoliticosveracruz.com\\\/?p=66044\"},\"wordCount\":1213,\"commentCount\":0,\"publisher\":{\"@id\":\"https:\\\/\\\/lospoliticosveracruz.com\\\/#organization\"},\"image\":{\"@id\":\"https:\\\/\\\/lospoliticosveracruz.com\\\/?p=66044#primaryimage\"},\"thumbnailUrl\":\"http:\\\/\\\/www.lospoliticosveracruz.com.mx\\\/wp-content\\\/uploads\\\/2020\\\/07\\\/CINTILLO-Armando.jpg\",\"keywords\":[\"alianza\",\"Elizabeth Morales Garc\u00eda\",\"Fepade\",\"Fidel Herrera Beltr\u00e1n\",\"Fin de a\u00f1o\",\"Marcos Isle\u00f1o\",\"Morena\",\"PAN\",\"pandemia\",\"P\u00e9rdidas\",\"PRD\",\"PRI\",\"Proceso electoral 2021\",\"PT\",\"PVEM\",\"Ricardo Ahued\",\"Veracruz\"],\"articleSection\":[\"De Opini\u00f3n\"],\"inLanguage\":\"es\",\"potentialAction\":[{\"@type\":\"CommentAction\",\"name\":\"Comment\",\"target\":[\"https:\\\/\\\/lospoliticosveracruz.com\\\/?p=66044#respond\"]}]},{\"@type\":\"WebPage\",\"@id\":\"https:\\\/\\\/lospoliticosveracruz.com\\\/?p=66044\",\"url\":\"https:\\\/\\\/lospoliticosveracruz.com\\\/?p=66044\",\"name\":\"Fidel, el gran aliado - Los pol\u00edticos Veracruz\",\"isPartOf\":{\"@id\":\"https:\\\/\\\/lospoliticosveracruz.com\\\/#website\"},\"primaryImageOfPage\":{\"@id\":\"https:\\\/\\\/lospoliticosveracruz.com\\\/?p=66044#primaryimage\"},\"image\":{\"@id\":\"https:\\\/\\\/lospoliticosveracruz.com\\\/?p=66044#primaryimage\"},\"thumbnailUrl\":\"http:\\\/\\\/www.lospoliticosveracruz.com.mx\\\/wp-content\\\/uploads\\\/2020\\\/07\\\/CINTILLO-Armando.jpg\",\"datePublished\":\"2020-12-31T14:59:43+00:00\",\"dateModified\":\"2020-12-31T15:00:22+00:00\",\"breadcrumb\":{\"@id\":\"https:\\\/\\\/lospoliticosveracruz.com\\\/?p=66044#breadcrumb\"},\"inLanguage\":\"es\",\"potentialAction\":[{\"@type\":\"ReadAction\",\"target\":[\"https:\\\/\\\/lospoliticosveracruz.com\\\/?p=66044\"]}]},{\"@type\":\"ImageObject\",\"inLanguage\":\"es\",\"@id\":\"https:\\\/\\\/lospoliticosveracruz.com\\\/?p=66044#primaryimage\",\"url\":\"http:\\\/\\\/www.lospoliticosveracruz.com.mx\\\/wp-content\\\/uploads\\\/2020\\\/07\\\/CINTILLO-Armando.jpg\",\"contentUrl\":\"http:\\\/\\\/www.lospoliticosveracruz.com.mx\\\/wp-content\\\/uploads\\\/2020\\\/07\\\/CINTILLO-Armando.jpg\"},{\"@type\":\"BreadcrumbList\",\"@id\":\"https:\\\/\\\/lospoliticosveracruz.com\\\/?p=66044#breadcrumb\",\"itemListElement\":[{\"@type\":\"ListItem\",\"position\":1,\"name\":\"Portada\",\"item\":\"https:\\\/\\\/lospoliticosveracruz.com\\\/\"},{\"@type\":\"ListItem\",\"position\":2,\"name\":\"Fidel, el gran aliado\"}]},{\"@type\":\"WebSite\",\"@id\":\"https:\\\/\\\/lospoliticosveracruz.com\\\/#website\",\"url\":\"https:\\\/\\\/lospoliticosveracruz.com\\\/\",\"name\":\"Los pol\u00edticos Veracruz\",\"description\":\"\",\"publisher\":{\"@id\":\"https:\\\/\\\/lospoliticosveracruz.com\\\/#organization\"},\"potentialAction\":[{\"@type\":\"SearchAction\",\"target\":{\"@type\":\"EntryPoint\",\"urlTemplate\":\"https:\\\/\\\/lospoliticosveracruz.com\\\/?s={search_term_string}\"},\"query-input\":{\"@type\":\"PropertyValueSpecification\",\"valueRequired\":true,\"valueName\":\"search_term_string\"}}],\"inLanguage\":\"es\"},{\"@type\":\"Organization\",\"@id\":\"https:\\\/\\\/lospoliticosveracruz.com\\\/#organization\",\"name\":\"Los pol\u00edticos Veracruz\",\"url\":\"https:\\\/\\\/lospoliticosveracruz.com\\\/\",\"logo\":{\"@type\":\"ImageObject\",\"inLanguage\":\"es\",\"@id\":\"https:\\\/\\\/lospoliticosveracruz.com\\\/#\\\/schema\\\/logo\\\/image\\\/\",\"url\":\"https:\\\/\\\/lospoliticosveracruz.com\\\/wp-content\\\/uploads\\\/2025\\\/12\\\/Logo-Nuevo-LOS-POLITICOS-1.jpg\",\"contentUrl\":\"https:\\\/\\\/lospoliticosveracruz.com\\\/wp-content\\\/uploads\\\/2025\\\/12\\\/Logo-Nuevo-LOS-POLITICOS-1.jpg\",\"width\":260,\"height\":70,\"caption\":\"Los pol\u00edticos Veracruz\"},\"image\":{\"@id\":\"https:\\\/\\\/lospoliticosveracruz.com\\\/#\\\/schema\\\/logo\\\/image\\\/\"},\"sameAs\":[\"https:\\\/\\\/www.facebook.com\\\/people\\\/Notimemes-de-los-Polticos\\\/61565672886568\\\/\",\"https:\\\/\\\/x.com\\\/LosPoliticosVer\"]},{\"@type\":\"Person\",\"@id\":\"https:\\\/\\\/lospoliticosveracruz.com\\\/#\\\/schema\\\/person\\\/b8702bb0e538456e6efd07080bf2a4a2\",\"name\":\"Lo viste en Los Pol\u00edticos\",\"image\":{\"@type\":\"ImageObject\",\"inLanguage\":\"es\",\"@id\":\"https:\\\/\\\/secure.gravatar.com\\\/avatar\\\/3a8de04a2656d44082be478bd6c086daa447c4651605818287b9532d3d0bd435?s=96&d=mm&r=g\",\"url\":\"https:\\\/\\\/secure.gravatar.com\\\/avatar\\\/3a8de04a2656d44082be478bd6c086daa447c4651605818287b9532d3d0bd435?s=96&d=mm&r=g\",\"contentUrl\":\"https:\\\/\\\/secure.gravatar.com\\\/avatar\\\/3a8de04a2656d44082be478bd6c086daa447c4651605818287b9532d3d0bd435?s=96&d=mm&r=g\",\"caption\":\"Lo viste en Los Pol\u00edticos\"},\"url\":\"https:\\\/\\\/lospoliticosveracruz.com\\\/?author=2\"}]}<\/script>\n<!-- \/ Yoast SEO plugin. -->","yoast_head_json":{"title":"Fidel, el gran aliado - Los pol\u00edticos Veracruz","robots":{"index":"index","follow":"follow","max-snippet":"max-snippet:-1","max-image-preview":"max-image-preview:large","max-video-preview":"max-video-preview:-1"},"canonical":"https:\/\/lospoliticosveracruz.com\/?p=66044","og_locale":"es_ES","og_type":"article","og_title":"Fidel, el gran aliado - Los pol\u00edticos Veracruz","og_description":"Ricardo Ch\u00faa Sale y Vale FELIZ A\u00d1O 2021&#8230; Hoy por la noche acaba el a\u00f1o m\u00e1s dif\u00edcil en la historia moderna de la humanidad&#8230; Veracruz no qued\u00f3 fuera de esta situaci\u00f3n&#8230; Una pandemia, nos puso en los primeros meses del 2020, en una situaci\u00f3n que no pensaramos que fuera tan cr\u00edtica y que no termina&#8230; [&hellip;]","og_url":"https:\/\/lospoliticosveracruz.com\/?p=66044","og_site_name":"Los pol\u00edticos Veracruz","article_publisher":"https:\/\/www.facebook.com\/people\/Notimemes-de-los-Polticos\/61565672886568\/","article_published_time":"2020-12-31T14:59:43+00:00","article_modified_time":"2020-12-31T15:00:22+00:00","og_image":[{"url":"http:\/\/www.lospoliticosveracruz.com.mx\/wp-content\/uploads\/2020\/07\/CINTILLO-Armando.jpg","type":"","width":"","height":""}],"author":"Lo viste en Los Pol\u00edticos","twitter_card":"summary_large_image","twitter_creator":"@LosPoliticosVer","twitter_site":"@LosPoliticosVer","twitter_misc":{"Escrito por":"Lo viste en Los Pol\u00edticos","Tiempo de lectura":"6 minutos"},"schema":{"@context":"https:\/\/schema.org","@graph":[{"@type":"Article","@id":"https:\/\/lospoliticosveracruz.com\/?p=66044#article","isPartOf":{"@id":"https:\/\/lospoliticosveracruz.com\/?p=66044"},"author":{"name":"Lo viste en Los Pol\u00edticos","@id":"https:\/\/lospoliticosveracruz.com\/#\/schema\/person\/b8702bb0e538456e6efd07080bf2a4a2"},"headline":"Fidel, el gran aliado","datePublished":"2020-12-31T14:59:43+00:00","dateModified":"2020-12-31T15:00:22+00:00","mainEntityOfPage":{"@id":"https:\/\/lospoliticosveracruz.com\/?p=66044"},"wordCount":1213,"commentCount":0,"publisher":{"@id":"https:\/\/lospoliticosveracruz.com\/#organization"},"image":{"@id":"https:\/\/lospoliticosveracruz.com\/?p=66044#primaryimage"},"thumbnailUrl":"http:\/\/www.lospoliticosveracruz.com.mx\/wp-content\/uploads\/2020\/07\/CINTILLO-Armando.jpg","keywords":["alianza","Elizabeth Morales Garc\u00eda","Fepade","Fidel Herrera Beltr\u00e1n","Fin de a\u00f1o","Marcos Isle\u00f1o","Morena","PAN","pandemia","P\u00e9rdidas","PRD","PRI","Proceso electoral 2021","PT","PVEM","Ricardo Ahued","Veracruz"],"articleSection":["De Opini\u00f3n"],"inLanguage":"es","potentialAction":[{"@type":"CommentAction","name":"Comment","target":["https:\/\/lospoliticosveracruz.com\/?p=66044#respond"]}]},{"@type":"WebPage","@id":"https:\/\/lospoliticosveracruz.com\/?p=66044","url":"https:\/\/lospoliticosveracruz.com\/?p=66044","name":"Fidel, el gran aliado - Los pol\u00edticos Veracruz","isPartOf":{"@id":"https:\/\/lospoliticosveracruz.com\/#website"},"primaryImageOfPage":{"@id":"https:\/\/lospoliticosveracruz.com\/?p=66044#primaryimage"},"image":{"@id":"https:\/\/lospoliticosveracruz.com\/?p=66044#primaryimage"},"thumbnailUrl":"http:\/\/www.lospoliticosveracruz.com.mx\/wp-content\/uploads\/2020\/07\/CINTILLO-Armando.jpg","datePublished":"2020-12-31T14:59:43+00:00","dateModified":"2020-12-31T15:00:22+00:00","breadcrumb":{"@id":"https:\/\/lospoliticosveracruz.com\/?p=66044#breadcrumb"},"inLanguage":"es","potentialAction":[{"@type":"ReadAction","target":["https:\/\/lospoliticosveracruz.com\/?p=66044"]}]},{"@type":"ImageObject","inLanguage":"es","@id":"https:\/\/lospoliticosveracruz.com\/?p=66044#primaryimage","url":"http:\/\/www.lospoliticosveracruz.com.mx\/wp-content\/uploads\/2020\/07\/CINTILLO-Armando.jpg","contentUrl":"http:\/\/www.lospoliticosveracruz.com.mx\/wp-content\/uploads\/2020\/07\/CINTILLO-Armando.jpg"},{"@type":"BreadcrumbList","@id":"https:\/\/lospoliticosveracruz.com\/?p=66044#breadcrumb","itemListElement":[{"@type":"ListItem","position":1,"name":"Portada","item":"https:\/\/lospoliticosveracruz.com\/"},{"@type":"ListItem","position":2,"name":"Fidel, el gran aliado"}]},{"@type":"WebSite","@id":"https:\/\/lospoliticosveracruz.com\/#website","url":"https:\/\/lospoliticosveracruz.com\/","name":"Los pol\u00edticos Veracruz","description":"","publisher":{"@id":"https:\/\/lospoliticosveracruz.com\/#organization"},"potentialAction":[{"@type":"SearchAction","target":{"@type":"EntryPoint","urlTemplate":"https:\/\/lospoliticosveracruz.com\/?s={search_term_string}"},"query-input":{"@type":"PropertyValueSpecification","valueRequired":true,"valueName":"search_term_string"}}],"inLanguage":"es"},{"@type":"Organization","@id":"https:\/\/lospoliticosveracruz.com\/#organization","name":"Los pol\u00edticos Veracruz","url":"https:\/\/lospoliticosveracruz.com\/","logo":{"@type":"ImageObject","inLanguage":"es","@id":"https:\/\/lospoliticosveracruz.com\/#\/schema\/logo\/image\/","url":"https:\/\/lospoliticosveracruz.com\/wp-content\/uploads\/2025\/12\/Logo-Nuevo-LOS-POLITICOS-1.jpg","contentUrl":"https:\/\/lospoliticosveracruz.com\/wp-content\/uploads\/2025\/12\/Logo-Nuevo-LOS-POLITICOS-1.jpg","width":260,"height":70,"caption":"Los pol\u00edticos Veracruz"},"image":{"@id":"https:\/\/lospoliticosveracruz.com\/#\/schema\/logo\/image\/"},"sameAs":["https:\/\/www.facebook.com\/people\/Notimemes-de-los-Polticos\/61565672886568\/","https:\/\/x.com\/LosPoliticosVer"]},{"@type":"Person","@id":"https:\/\/lospoliticosveracruz.com\/#\/schema\/person\/b8702bb0e538456e6efd07080bf2a4a2","name":"Lo viste en Los Pol\u00edticos","image":{"@type":"ImageObject","inLanguage":"es","@id":"https:\/\/secure.gravatar.com\/avatar\/3a8de04a2656d44082be478bd6c086daa447c4651605818287b9532d3d0bd435?s=96&d=mm&r=g","url":"https:\/\/secure.gravatar.com\/avatar\/3a8de04a2656d44082be478bd6c086daa447c4651605818287b9532d3d0bd435?s=96&d=mm&r=g","contentUrl":"https:\/\/secure.gravatar.com\/avatar\/3a8de04a2656d44082be478bd6c086daa447c4651605818287b9532d3d0bd435?s=96&d=mm&r=g","caption":"Lo viste en Los Pol\u00edticos"},"url":"https:\/\/lospoliticosveracruz.com\/?author=2"}]}},"_links":{"self":[{"href":"https:\/\/lospoliticosveracruz.com\/index.php?rest_route=\/wp\/v2\/posts\/66044","targetHints":{"allow":["GET"]}}],"collection":[{"href":"https:\/\/lospoliticosveracruz.com\/index.php?rest_route=\/wp\/v2\/posts"}],"about":[{"href":"https:\/\/lospoliticosveracruz.com\/index.php?rest_route=\/wp\/v2\/types\/post"}],"author":[{"embeddable":true,"href":"https:\/\/lospoliticosveracruz.com\/index.php?rest_route=\/wp\/v2\/users\/2"}],"replies":[{"embeddable":true,"href":"https:\/\/lospoliticosveracruz.com\/index.php?rest_route=%2Fwp%2Fv2%2Fcomments&post=66044"}],"version-history":[{"count":2,"href":"https:\/\/lospoliticosveracruz.com\/index.php?rest_route=\/wp\/v2\/posts\/66044\/revisions"}],"predecessor-version":[{"id":66046,"href":"https:\/\/lospoliticosveracruz.com\/index.php?rest_route=\/wp\/v2\/posts\/66044\/revisions\/66046"}],"wp:attachment":[{"href":"https:\/\/lospoliticosveracruz.com\/index.php?rest_route=%2Fwp%2Fv2%2Fmedia&parent=66044"}],"wp:term":[{"taxonomy":"category","embeddable":true,"href":"https:\/\/lospoliticosveracruz.com\/index.php?rest_route=%2Fwp%2Fv2%2Fcategories&post=66044"},{"taxonomy":"post_tag","embeddable":true,"href":"https:\/\/lospoliticosveracruz.com\/index.php?rest_route=%2Fwp%2Fv2%2Ftags&post=66044"}],"curies":[{"name":"wp","href":"https:\/\/api.w.org\/{rel}","templated":true}]}}