{"id":66058,"date":"2020-12-31T11:06:10","date_gmt":"2020-12-31T17:06:10","guid":{"rendered":"http:\/\/www.lospoliticosveracruz.com.mx\/?p=66058"},"modified":"2020-12-31T11:06:10","modified_gmt":"2020-12-31T17:06:10","slug":"pesadillas-y-suenos-2020-2021","status":"publish","type":"post","link":"https:\/\/lospoliticosveracruz.com\/?p=66058","title":{"rendered":"Pesadillas y sue\u00f1os (2020-2021)"},"content":{"rendered":"<p><strong>Uriel Flores Aguayo<\/strong><\/p>\n<p>&nbsp;<\/p>\n<p>Termin\u00f3 el a\u00f1o 2020, el de la pesadilla y la tragedia, el que nunca imaginamos ni siquiera en las mentes creativas del cine y la literatura. Hemos vivido un a\u00f1o terror\u00edfico, de in\u00e9ditos retos e incertidumbre. Lo que empez\u00f3 como una informaci\u00f3n lejana proveniente de China y con los confusos mensajes de las autoridades pol\u00edticas y de salud, de golpe nos coloc\u00f3 en un apresurado y misterioso confinamiento que trajo extra\u00f1as sensaciones y apremios econ\u00f3micos. Despu\u00e9s pasamos a una relativa normalidad, distinta, con las reiteradas vacilaciones oficiales y un ascenso fren\u00e9tico de contagios y fallecimientos. Ante una realidad concreta y palpable, cada vez m\u00e1s cercana a todos, se ha impuesto la mayoritaria responsabilidad social por convicci\u00f3n, sentido com\u00fan o reflejo de sobrevivencia. No deja de haber comportamientos poco serios entre grupos de individuos y miembros de los Gobiernos, que carecen hasta de sentido com\u00fan o lo evitan por razones de ignorancia, sexistas, pol\u00edticas o econ\u00f3micas.<\/p>\n<p>&nbsp;<\/p>\n<p>Somos fr\u00e1giles, m\u00e1s de lo que supon\u00edamos, nos cuesta asumirnos como colectivos y aplicar medidas generales. Hemos tenido que aprender r\u00e1pido, seguimos haci\u00e9ndolo, y adoptar pr\u00e1cticas novedosas en nuestro comportamiento individual y social. El miedo y la incertidumbre es nuestra sombra pero no nos paraliz\u00f3. Nuestras debilidades no son tan contundentes como para dejar de resistir; m\u00e1s que nunca, para estos momentos de crisis, tienen sentido conceptos y actitudes como empat\u00eda y resiliencia. Ya es un hecho que son m\u00e1s las muestras solidarias que el sectarismo entre la ciudadan\u00eda, que transitamos, con altibajos, hacia una evoluci\u00f3n humanista. Las familias y las redes sociales han sido claves en contener al virus en l\u00edmites soportables para nuestro sistema de salud y la econom\u00eda, a pesar \u00a0de la mediocridad de las \u00e9lites.<\/p>\n<p>&nbsp;<\/p>\n<p>El mundo ha sido sacudido, Mexico con \u00e9l. Para la humanidad estas crisis son un parteaguas, para nuestra generaci\u00f3n una herida profunda que tardar\u00e1 en sanar. Es de obviedad decirlo pero tal vez sea indispensable hacerlo como recordatorio y ruta del futuro inmediato. Vivimos ahora, en tiempo real, con despertar mon\u00f3tono y rutinario, en peligro; en una especie de ruleta rusa, con informaci\u00f3n triste, cotidiana, de ca\u00eddas mortales. La muerte nos ronda, anda ah\u00ed, como posibilidad cercana, y nos impacta. Es la muerte, que se ha ensa\u00f1ado con M\u00e9xico, la que, asust\u00e1ndonos, nos obliga a tomar las medidas universales de previsi\u00f3n.<\/p>\n<p>&nbsp;<\/p>\n<p>En una haza\u00f1a cient\u00edfica, trabajando a marchas forzadas, varios laboratorios ya est\u00e1n distribuyendo la vacuna que nos har\u00e1 inmunes contra el Coronavirus. Hay que festejar que los cient\u00edficos hayan encontrado el ant\u00eddoto tan pronto. Es una luz de esperanza. Es probable que en unos ocho meses estemos en condiciones de superar la pandemia. Hay que celebrar que la ciencia nos salve y muestre su papel vital en el funcionamiento del mundo. Es, a la vez, una cachetada con guante blanco al oscurantismo y a la demagogia. Las vacunas son logro cient\u00edfico y se adquieren con recursos p\u00fablicos; por supuesto que deben ser gratuitas como lo son las dem\u00e1s vacunas, las ordinarias, que se han aplicado toda la vida en nuestro pa\u00eds. La luz que nos llega se vuelve el sue\u00f1o que queremos hacer realidad para el A\u00f1o Nuevo, el 2021. Un a\u00f1o de salud, sin virus y sin muertes; un a\u00f1o de recuperaci\u00f3n de la econom\u00eda, con empleos y reactivaci\u00f3n de las Pymes. Si hay salud, saldremos un poco de la pobreza en que estamos sumidos. Si hay salud, se podr\u00e1n ocupar los recursos para reactivar a la econom\u00eda. En fin, la pesadilla debe volverse sue\u00f1o. Un sue\u00f1o que nos regrese la vida sencilla, con salud, la convivencia familiar y social, las actividades educativas en las aulas, los paseos tur\u00edsticos, la recreaci\u00f3n y el deporte, las congregaciones de la fe, las fiestas, en fin, la vida plena. Por mucho tiempo nuestras metas y aspiraciones ser\u00e1n modestas, realistas. Quedar\u00e1 en la memoria perenne lo que estamos viviendo, valoraremos lo importante, lo humano. Esta prueba, brutal y mort\u00edfera, la aprobaremos con una calificaci\u00f3n mediana siempre y cuando salgamos un poco mejores como seres humanos. La calificaci\u00f3n incluye dos etapas: la que estamos pasando, con un determinado comportamiento, y la que siga al momento de la inmunizaci\u00f3n.<\/p>\n<p>&nbsp;<\/p>\n<p>Recadito: inmundo el manoseo pol\u00edtico de las vacunas. Es un quiebre \u00e9tico sin retorno.<\/p>\n<p><a href=\"mailto:Ufa.1959@gmail.com\">Ufa.1959@gmail.com<\/a><\/p>\n","protected":false},"excerpt":{"rendered":"<p>Uriel Flores Aguayo &nbsp; Termin\u00f3 el a\u00f1o 2020, el de la pesadilla y la tragedia, el que nunca imaginamos ni siquiera en las mentes creativas del cine y la literatura. Hemos vivido un a\u00f1o terror\u00edfico, de in\u00e9ditos retos e incertidumbre. Lo que empez\u00f3 como una informaci\u00f3n lejana proveniente de China y con los confusos mensajes [&hellip;]<\/p>\n","protected":false},"author":2,"featured_media":66059,"comment_status":"open","ping_status":"open","sticky":false,"template":"","format":"standard","meta":{"tdm_status":"","tdm_grid_status":"","footnotes":""},"categories":[70],"tags":[17829,10898,20973,24871,24868,24869,24867,24870,551,24866,2552,6582],"class_list":{"0":"post-66058","1":"post","2":"type-post","3":"status-publish","4":"format-standard","5":"has-post-thumbnail","7":"category-de-opinion","8":"tag-covid","9":"tag-demagogia","10":"tag-empatia","11":"tag-hazana-cientifica","12":"tag-inmunizacion","13":"tag-manoseo-politico","14":"tag-oscurantismos","15":"tag-quiebre-etico","16":"tag-redes-sociales","17":"tag-resiliencia","18":"tag-uriel-flores-aguayo","19":"tag-vacunas"},"yoast_head":"<!-- This site is optimized with the Yoast SEO plugin v27.4 - https:\/\/yoast.com\/product\/yoast-seo-wordpress\/ -->\n<title>Pesadillas y sue\u00f1os (2020-2021) - Los pol\u00edticos Veracruz<\/title>\n<meta name=\"robots\" content=\"index, follow, max-snippet:-1, max-image-preview:large, max-video-preview:-1\" \/>\n<link rel=\"canonical\" href=\"https:\/\/lospoliticosveracruz.com\/?p=66058\" \/>\n<meta property=\"og:locale\" content=\"es_ES\" \/>\n<meta property=\"og:type\" content=\"article\" \/>\n<meta property=\"og:title\" content=\"Pesadillas y sue\u00f1os (2020-2021) - Los pol\u00edticos Veracruz\" \/>\n<meta property=\"og:description\" content=\"Uriel Flores Aguayo &nbsp; Termin\u00f3 el a\u00f1o 2020, el de la pesadilla y la tragedia, el que nunca imaginamos ni siquiera en las mentes creativas del cine y la literatura. Hemos vivido un a\u00f1o terror\u00edfico, de in\u00e9ditos retos e incertidumbre. Lo que empez\u00f3 como una informaci\u00f3n lejana proveniente de China y con los confusos mensajes [&hellip;]\" \/>\n<meta property=\"og:url\" content=\"https:\/\/lospoliticosveracruz.com\/?p=66058\" \/>\n<meta property=\"og:site_name\" content=\"Los pol\u00edticos Veracruz\" \/>\n<meta property=\"article:publisher\" content=\"https:\/\/www.facebook.com\/people\/Notimemes-de-los-Polticos\/61565672886568\/\" \/>\n<meta property=\"article:published_time\" content=\"2020-12-31T17:06:10+00:00\" \/>\n<meta property=\"og:image\" content=\"https:\/\/lospoliticosveracruz.com\/wp-content\/uploads\/2020\/12\/Vacuna1.jpg\" \/>\n\t<meta property=\"og:image:width\" content=\"650\" \/>\n\t<meta property=\"og:image:height\" content=\"350\" \/>\n\t<meta property=\"og:image:type\" content=\"image\/jpeg\" \/>\n<meta name=\"author\" content=\"Lo viste en Los Pol\u00edticos\" \/>\n<meta name=\"twitter:card\" content=\"summary_large_image\" \/>\n<meta name=\"twitter:creator\" content=\"@LosPoliticosVer\" \/>\n<meta name=\"twitter:site\" content=\"@LosPoliticosVer\" \/>\n<meta name=\"twitter:label1\" content=\"Escrito por\" \/>\n\t<meta name=\"twitter:data1\" content=\"Lo viste en Los Pol\u00edticos\" \/>\n\t<meta name=\"twitter:label2\" content=\"Tiempo de lectura\" \/>\n\t<meta name=\"twitter:data2\" content=\"4 minutos\" \/>\n<script type=\"application\/ld+json\" class=\"yoast-schema-graph\">{\"@context\":\"https:\\\/\\\/schema.org\",\"@graph\":[{\"@type\":\"Article\",\"@id\":\"https:\\\/\\\/lospoliticosveracruz.com\\\/?p=66058#article\",\"isPartOf\":{\"@id\":\"https:\\\/\\\/lospoliticosveracruz.com\\\/?p=66058\"},\"author\":{\"name\":\"Lo viste en Los Pol\u00edticos\",\"@id\":\"https:\\\/\\\/lospoliticosveracruz.com\\\/#\\\/schema\\\/person\\\/b8702bb0e538456e6efd07080bf2a4a2\"},\"headline\":\"Pesadillas y sue\u00f1os (2020-2021)\",\"datePublished\":\"2020-12-31T17:06:10+00:00\",\"mainEntityOfPage\":{\"@id\":\"https:\\\/\\\/lospoliticosveracruz.com\\\/?p=66058\"},\"wordCount\":782,\"commentCount\":0,\"publisher\":{\"@id\":\"https:\\\/\\\/lospoliticosveracruz.com\\\/#organization\"},\"image\":{\"@id\":\"https:\\\/\\\/lospoliticosveracruz.com\\\/?p=66058#primaryimage\"},\"thumbnailUrl\":\"https:\\\/\\\/lospoliticosveracruz.com\\\/wp-content\\\/uploads\\\/2020\\\/12\\\/Vacuna1.jpg\",\"keywords\":[\"Covid\",\"Demagogia\",\"Empat\u00eda\",\"haza\u00f1a cient\u00edfica\",\"inmunizaci\u00f3n\",\"manoseo pol\u00edtico\",\"Oscurantismos\",\"quiebre \u00e9tico\",\"redes sociales\",\"Resiliencia\",\"Uriel Flores Aguayo\",\"Vacunas\"],\"articleSection\":[\"De Opini\u00f3n\"],\"inLanguage\":\"es\",\"potentialAction\":[{\"@type\":\"CommentAction\",\"name\":\"Comment\",\"target\":[\"https:\\\/\\\/lospoliticosveracruz.com\\\/?p=66058#respond\"]}]},{\"@type\":\"WebPage\",\"@id\":\"https:\\\/\\\/lospoliticosveracruz.com\\\/?p=66058\",\"url\":\"https:\\\/\\\/lospoliticosveracruz.com\\\/?p=66058\",\"name\":\"Pesadillas y sue\u00f1os (2020-2021) - Los pol\u00edticos Veracruz\",\"isPartOf\":{\"@id\":\"https:\\\/\\\/lospoliticosveracruz.com\\\/#website\"},\"primaryImageOfPage\":{\"@id\":\"https:\\\/\\\/lospoliticosveracruz.com\\\/?p=66058#primaryimage\"},\"image\":{\"@id\":\"https:\\\/\\\/lospoliticosveracruz.com\\\/?p=66058#primaryimage\"},\"thumbnailUrl\":\"https:\\\/\\\/lospoliticosveracruz.com\\\/wp-content\\\/uploads\\\/2020\\\/12\\\/Vacuna1.jpg\",\"datePublished\":\"2020-12-31T17:06:10+00:00\",\"breadcrumb\":{\"@id\":\"https:\\\/\\\/lospoliticosveracruz.com\\\/?p=66058#breadcrumb\"},\"inLanguage\":\"es\",\"potentialAction\":[{\"@type\":\"ReadAction\",\"target\":[\"https:\\\/\\\/lospoliticosveracruz.com\\\/?p=66058\"]}]},{\"@type\":\"ImageObject\",\"inLanguage\":\"es\",\"@id\":\"https:\\\/\\\/lospoliticosveracruz.com\\\/?p=66058#primaryimage\",\"url\":\"https:\\\/\\\/lospoliticosveracruz.com\\\/wp-content\\\/uploads\\\/2020\\\/12\\\/Vacuna1.jpg\",\"contentUrl\":\"https:\\\/\\\/lospoliticosveracruz.com\\\/wp-content\\\/uploads\\\/2020\\\/12\\\/Vacuna1.jpg\",\"width\":650,\"height\":350},{\"@type\":\"BreadcrumbList\",\"@id\":\"https:\\\/\\\/lospoliticosveracruz.com\\\/?p=66058#breadcrumb\",\"itemListElement\":[{\"@type\":\"ListItem\",\"position\":1,\"name\":\"Portada\",\"item\":\"https:\\\/\\\/lospoliticosveracruz.com\\\/\"},{\"@type\":\"ListItem\",\"position\":2,\"name\":\"Pesadillas y sue\u00f1os (2020-2021)\"}]},{\"@type\":\"WebSite\",\"@id\":\"https:\\\/\\\/lospoliticosveracruz.com\\\/#website\",\"url\":\"https:\\\/\\\/lospoliticosveracruz.com\\\/\",\"name\":\"Los pol\u00edticos Veracruz\",\"description\":\"\",\"publisher\":{\"@id\":\"https:\\\/\\\/lospoliticosveracruz.com\\\/#organization\"},\"potentialAction\":[{\"@type\":\"SearchAction\",\"target\":{\"@type\":\"EntryPoint\",\"urlTemplate\":\"https:\\\/\\\/lospoliticosveracruz.com\\\/?s={search_term_string}\"},\"query-input\":{\"@type\":\"PropertyValueSpecification\",\"valueRequired\":true,\"valueName\":\"search_term_string\"}}],\"inLanguage\":\"es\"},{\"@type\":\"Organization\",\"@id\":\"https:\\\/\\\/lospoliticosveracruz.com\\\/#organization\",\"name\":\"Los pol\u00edticos Veracruz\",\"url\":\"https:\\\/\\\/lospoliticosveracruz.com\\\/\",\"logo\":{\"@type\":\"ImageObject\",\"inLanguage\":\"es\",\"@id\":\"https:\\\/\\\/lospoliticosveracruz.com\\\/#\\\/schema\\\/logo\\\/image\\\/\",\"url\":\"https:\\\/\\\/lospoliticosveracruz.com\\\/wp-content\\\/uploads\\\/2025\\\/12\\\/Logo-Nuevo-LOS-POLITICOS-1.jpg\",\"contentUrl\":\"https:\\\/\\\/lospoliticosveracruz.com\\\/wp-content\\\/uploads\\\/2025\\\/12\\\/Logo-Nuevo-LOS-POLITICOS-1.jpg\",\"width\":260,\"height\":70,\"caption\":\"Los pol\u00edticos Veracruz\"},\"image\":{\"@id\":\"https:\\\/\\\/lospoliticosveracruz.com\\\/#\\\/schema\\\/logo\\\/image\\\/\"},\"sameAs\":[\"https:\\\/\\\/www.facebook.com\\\/people\\\/Notimemes-de-los-Polticos\\\/61565672886568\\\/\",\"https:\\\/\\\/x.com\\\/LosPoliticosVer\"]},{\"@type\":\"Person\",\"@id\":\"https:\\\/\\\/lospoliticosveracruz.com\\\/#\\\/schema\\\/person\\\/b8702bb0e538456e6efd07080bf2a4a2\",\"name\":\"Lo viste en Los Pol\u00edticos\",\"image\":{\"@type\":\"ImageObject\",\"inLanguage\":\"es\",\"@id\":\"https:\\\/\\\/secure.gravatar.com\\\/avatar\\\/3a8de04a2656d44082be478bd6c086daa447c4651605818287b9532d3d0bd435?s=96&d=mm&r=g\",\"url\":\"https:\\\/\\\/secure.gravatar.com\\\/avatar\\\/3a8de04a2656d44082be478bd6c086daa447c4651605818287b9532d3d0bd435?s=96&d=mm&r=g\",\"contentUrl\":\"https:\\\/\\\/secure.gravatar.com\\\/avatar\\\/3a8de04a2656d44082be478bd6c086daa447c4651605818287b9532d3d0bd435?s=96&d=mm&r=g\",\"caption\":\"Lo viste en Los Pol\u00edticos\"},\"url\":\"https:\\\/\\\/lospoliticosveracruz.com\\\/?author=2\"}]}<\/script>\n<!-- \/ Yoast SEO plugin. -->","yoast_head_json":{"title":"Pesadillas y sue\u00f1os (2020-2021) - Los pol\u00edticos Veracruz","robots":{"index":"index","follow":"follow","max-snippet":"max-snippet:-1","max-image-preview":"max-image-preview:large","max-video-preview":"max-video-preview:-1"},"canonical":"https:\/\/lospoliticosveracruz.com\/?p=66058","og_locale":"es_ES","og_type":"article","og_title":"Pesadillas y sue\u00f1os (2020-2021) - Los pol\u00edticos Veracruz","og_description":"Uriel Flores Aguayo &nbsp; Termin\u00f3 el a\u00f1o 2020, el de la pesadilla y la tragedia, el que nunca imaginamos ni siquiera en las mentes creativas del cine y la literatura. Hemos vivido un a\u00f1o terror\u00edfico, de in\u00e9ditos retos e incertidumbre. Lo que empez\u00f3 como una informaci\u00f3n lejana proveniente de China y con los confusos mensajes [&hellip;]","og_url":"https:\/\/lospoliticosveracruz.com\/?p=66058","og_site_name":"Los pol\u00edticos Veracruz","article_publisher":"https:\/\/www.facebook.com\/people\/Notimemes-de-los-Polticos\/61565672886568\/","article_published_time":"2020-12-31T17:06:10+00:00","og_image":[{"width":650,"height":350,"url":"https:\/\/lospoliticosveracruz.com\/wp-content\/uploads\/2020\/12\/Vacuna1.jpg","type":"image\/jpeg"}],"author":"Lo viste en Los Pol\u00edticos","twitter_card":"summary_large_image","twitter_creator":"@LosPoliticosVer","twitter_site":"@LosPoliticosVer","twitter_misc":{"Escrito por":"Lo viste en Los Pol\u00edticos","Tiempo de lectura":"4 minutos"},"schema":{"@context":"https:\/\/schema.org","@graph":[{"@type":"Article","@id":"https:\/\/lospoliticosveracruz.com\/?p=66058#article","isPartOf":{"@id":"https:\/\/lospoliticosveracruz.com\/?p=66058"},"author":{"name":"Lo viste en Los Pol\u00edticos","@id":"https:\/\/lospoliticosveracruz.com\/#\/schema\/person\/b8702bb0e538456e6efd07080bf2a4a2"},"headline":"Pesadillas y sue\u00f1os (2020-2021)","datePublished":"2020-12-31T17:06:10+00:00","mainEntityOfPage":{"@id":"https:\/\/lospoliticosveracruz.com\/?p=66058"},"wordCount":782,"commentCount":0,"publisher":{"@id":"https:\/\/lospoliticosveracruz.com\/#organization"},"image":{"@id":"https:\/\/lospoliticosveracruz.com\/?p=66058#primaryimage"},"thumbnailUrl":"https:\/\/lospoliticosveracruz.com\/wp-content\/uploads\/2020\/12\/Vacuna1.jpg","keywords":["Covid","Demagogia","Empat\u00eda","haza\u00f1a cient\u00edfica","inmunizaci\u00f3n","manoseo pol\u00edtico","Oscurantismos","quiebre \u00e9tico","redes sociales","Resiliencia","Uriel Flores Aguayo","Vacunas"],"articleSection":["De Opini\u00f3n"],"inLanguage":"es","potentialAction":[{"@type":"CommentAction","name":"Comment","target":["https:\/\/lospoliticosveracruz.com\/?p=66058#respond"]}]},{"@type":"WebPage","@id":"https:\/\/lospoliticosveracruz.com\/?p=66058","url":"https:\/\/lospoliticosveracruz.com\/?p=66058","name":"Pesadillas y sue\u00f1os (2020-2021) - Los pol\u00edticos Veracruz","isPartOf":{"@id":"https:\/\/lospoliticosveracruz.com\/#website"},"primaryImageOfPage":{"@id":"https:\/\/lospoliticosveracruz.com\/?p=66058#primaryimage"},"image":{"@id":"https:\/\/lospoliticosveracruz.com\/?p=66058#primaryimage"},"thumbnailUrl":"https:\/\/lospoliticosveracruz.com\/wp-content\/uploads\/2020\/12\/Vacuna1.jpg","datePublished":"2020-12-31T17:06:10+00:00","breadcrumb":{"@id":"https:\/\/lospoliticosveracruz.com\/?p=66058#breadcrumb"},"inLanguage":"es","potentialAction":[{"@type":"ReadAction","target":["https:\/\/lospoliticosveracruz.com\/?p=66058"]}]},{"@type":"ImageObject","inLanguage":"es","@id":"https:\/\/lospoliticosveracruz.com\/?p=66058#primaryimage","url":"https:\/\/lospoliticosveracruz.com\/wp-content\/uploads\/2020\/12\/Vacuna1.jpg","contentUrl":"https:\/\/lospoliticosveracruz.com\/wp-content\/uploads\/2020\/12\/Vacuna1.jpg","width":650,"height":350},{"@type":"BreadcrumbList","@id":"https:\/\/lospoliticosveracruz.com\/?p=66058#breadcrumb","itemListElement":[{"@type":"ListItem","position":1,"name":"Portada","item":"https:\/\/lospoliticosveracruz.com\/"},{"@type":"ListItem","position":2,"name":"Pesadillas y sue\u00f1os (2020-2021)"}]},{"@type":"WebSite","@id":"https:\/\/lospoliticosveracruz.com\/#website","url":"https:\/\/lospoliticosveracruz.com\/","name":"Los pol\u00edticos Veracruz","description":"","publisher":{"@id":"https:\/\/lospoliticosveracruz.com\/#organization"},"potentialAction":[{"@type":"SearchAction","target":{"@type":"EntryPoint","urlTemplate":"https:\/\/lospoliticosveracruz.com\/?s={search_term_string}"},"query-input":{"@type":"PropertyValueSpecification","valueRequired":true,"valueName":"search_term_string"}}],"inLanguage":"es"},{"@type":"Organization","@id":"https:\/\/lospoliticosveracruz.com\/#organization","name":"Los pol\u00edticos Veracruz","url":"https:\/\/lospoliticosveracruz.com\/","logo":{"@type":"ImageObject","inLanguage":"es","@id":"https:\/\/lospoliticosveracruz.com\/#\/schema\/logo\/image\/","url":"https:\/\/lospoliticosveracruz.com\/wp-content\/uploads\/2025\/12\/Logo-Nuevo-LOS-POLITICOS-1.jpg","contentUrl":"https:\/\/lospoliticosveracruz.com\/wp-content\/uploads\/2025\/12\/Logo-Nuevo-LOS-POLITICOS-1.jpg","width":260,"height":70,"caption":"Los pol\u00edticos Veracruz"},"image":{"@id":"https:\/\/lospoliticosveracruz.com\/#\/schema\/logo\/image\/"},"sameAs":["https:\/\/www.facebook.com\/people\/Notimemes-de-los-Polticos\/61565672886568\/","https:\/\/x.com\/LosPoliticosVer"]},{"@type":"Person","@id":"https:\/\/lospoliticosveracruz.com\/#\/schema\/person\/b8702bb0e538456e6efd07080bf2a4a2","name":"Lo viste en Los Pol\u00edticos","image":{"@type":"ImageObject","inLanguage":"es","@id":"https:\/\/secure.gravatar.com\/avatar\/3a8de04a2656d44082be478bd6c086daa447c4651605818287b9532d3d0bd435?s=96&d=mm&r=g","url":"https:\/\/secure.gravatar.com\/avatar\/3a8de04a2656d44082be478bd6c086daa447c4651605818287b9532d3d0bd435?s=96&d=mm&r=g","contentUrl":"https:\/\/secure.gravatar.com\/avatar\/3a8de04a2656d44082be478bd6c086daa447c4651605818287b9532d3d0bd435?s=96&d=mm&r=g","caption":"Lo viste en Los Pol\u00edticos"},"url":"https:\/\/lospoliticosveracruz.com\/?author=2"}]}},"_links":{"self":[{"href":"https:\/\/lospoliticosveracruz.com\/index.php?rest_route=\/wp\/v2\/posts\/66058","targetHints":{"allow":["GET"]}}],"collection":[{"href":"https:\/\/lospoliticosveracruz.com\/index.php?rest_route=\/wp\/v2\/posts"}],"about":[{"href":"https:\/\/lospoliticosveracruz.com\/index.php?rest_route=\/wp\/v2\/types\/post"}],"author":[{"embeddable":true,"href":"https:\/\/lospoliticosveracruz.com\/index.php?rest_route=\/wp\/v2\/users\/2"}],"replies":[{"embeddable":true,"href":"https:\/\/lospoliticosveracruz.com\/index.php?rest_route=%2Fwp%2Fv2%2Fcomments&post=66058"}],"version-history":[{"count":1,"href":"https:\/\/lospoliticosveracruz.com\/index.php?rest_route=\/wp\/v2\/posts\/66058\/revisions"}],"predecessor-version":[{"id":66060,"href":"https:\/\/lospoliticosveracruz.com\/index.php?rest_route=\/wp\/v2\/posts\/66058\/revisions\/66060"}],"wp:featuredmedia":[{"embeddable":true,"href":"https:\/\/lospoliticosveracruz.com\/index.php?rest_route=\/wp\/v2\/media\/66059"}],"wp:attachment":[{"href":"https:\/\/lospoliticosveracruz.com\/index.php?rest_route=%2Fwp%2Fv2%2Fmedia&parent=66058"}],"wp:term":[{"taxonomy":"category","embeddable":true,"href":"https:\/\/lospoliticosveracruz.com\/index.php?rest_route=%2Fwp%2Fv2%2Fcategories&post=66058"},{"taxonomy":"post_tag","embeddable":true,"href":"https:\/\/lospoliticosveracruz.com\/index.php?rest_route=%2Fwp%2Fv2%2Ftags&post=66058"}],"curies":[{"name":"wp","href":"https:\/\/api.w.org\/{rel}","templated":true}]}}