{"id":66103,"date":"2021-01-03T18:24:45","date_gmt":"2021-01-04T00:24:45","guid":{"rendered":"http:\/\/www.lospoliticosveracruz.com.mx\/?p=66103"},"modified":"2021-01-03T18:26:52","modified_gmt":"2021-01-04T00:26:52","slug":"mujeres-recargadas-2021","status":"publish","type":"post","link":"https:\/\/lospoliticosveracruz.com\/?p=66103","title":{"rendered":"Mujeres Recargadas 2021"},"content":{"rendered":"<p><strong>Brenda Caballero<\/strong><\/p>\n<p><em>N\u00fameros Rojos<\/em><\/p>\n<p><span style=\"font-weight: 400;\">Hoy, primer lunes de 2021, a pensar de la pandemia y con toda la actitud iniciamos con los Lunes de Mujeres. \u00bfQu\u00e9 mujeres vienen con todo, este a\u00f1o que inicia?<\/span><\/p>\n<p><span style=\"font-weight: 400;\">Empecemos con Roc\u00edo Nahle Garc\u00eda quien desde la Secretar\u00eda de Energ\u00eda sigue moviendo sus hilos para ser la pr\u00f3xima candidata a la gubernatura de Veracruz. Roc\u00edo ya es marca registrada al igual que el Presidente. Con ello tendr\u00e1 derecho de marca durante 10 a\u00f1os sobre servicios, productos, actividades que se comercialicen con su nombre. \u00bfY qui\u00e9n le hizo el tr\u00e1mite? Nada m\u00e1s y nada menos que la ex contralora veracruzana Leslie Garibo Puga.<\/span><\/p>\n<p><span style=\"font-weight: 400;\">Con la llegada de Isabel In\u00e9s Romero Cruz al Poder Judicial del Estado de Veracruz, la dependencia dio un giro total. Dijeran por all\u00ed: el cambio se not\u00f3. Se ven las actividades que realizan y sobre todo el seguimiento a las mismas. Algo que hace rato no se percib\u00eda es la coordinaci\u00f3n del Poder Judicial con la Fiscal\u00eda y hasta con el Instituto de la Mujer.<\/span><\/p>\n<p><span style=\"font-weight: 400;\">Y ya que estamos hablando de Poderes, pasamos al Legislativo. Una luz para las mujeres y su lucha crece en el Centro de Estudios para la Igualdad de G\u00e9nero y Derechos Humanos de la\u00a0 LXV Legislatura del Congreso del Estado que preside M\u00f3nica Mendoza Madrigal, quien no para de moverse en redes sociales para derribar las barreras patriarcales actuales. Recientemente recibi\u00f3 la medalla Leona Vicario, Madre de la Patria por el Colectivo Nacional por la Sororidad Leona Vicario y ya debe estar planeando m\u00e1s actividades en favor de las mujeres y sus derechos.<\/span><\/p>\n<p><span style=\"font-weight: 400;\">A Cinthya Lobato Calder\u00f3n tambi\u00e9n se le viene un a\u00f1o con mucho trabajo, pues bajo su responsabilidad estar\u00e1 la designaci\u00f3n de los y las ciudadanas que habr\u00e1n de ser votados en los puestos de elecci\u00f3n popular por el partido Unidad Ciudadana en el estado de Veracruz. Aparte por all\u00ed mencionan su nombre para contender por Xalapa. \u00bfSer\u00e1?<\/span><\/p>\n<p><span style=\"font-weight: 400;\">Y ya que andamos por la capital del estado, estos \u00faltimos d\u00edas ha sonado bastante fuerte el nombre de Elizabeth Morales Garc\u00eda para contender por la Alcald\u00eda de Xalapa por el partido Morena. Desde luego que su nombre resalt\u00f3 algunos malestares hasta en los mismos morenos, dizque por su pasado pri\u00edsta. Creo que el acento en la \u201c\u00ed\u201d de \u201cpri\u00edsta\u201d bien merece una pr\u00f3xima columna.<\/span><\/p>\n<p><span style=\"font-weight: 400;\">En mi \u00faltima columna de 2020, mencionaba el caso de Coatepec y su lugar 51 de 100 municipios con los mayores casos de feminicidios. All\u00e1 suena el nombre de la actual s\u00edndica Arely Bonilla P\u00e9rez para una diputaci\u00f3n. Ojal\u00e1 y si nos lee, empiece a tomar acciones de prevenci\u00f3n y las contemple en su campa\u00f1a.<\/span><\/p>\n<p><span style=\"font-weight: 400;\">En Movimiento Ciudadano, las mujeres ya andan recorriendo distritos, tal es el caso de Elena C\u00f3rdoba Molina por la alcald\u00eda de Alto Lucero, Ivonne Trujillo Ortiz y Ruth Callejas Rold\u00e1n. \u00a1Ah! pero el Partido Verde no se queda atr\u00e1s y Andrea Yunes tambi\u00e9n se encarta para la alcald\u00eda de Veracruz. En la zona conurbada Veracruz-Boca del R\u00edo no se mencionan mujeres para las Alcald\u00edas, sin embargo tal parece que Anil\u00fa Ingram Vallines y Marijos\u00e9 Gamboa Torales trabajar\u00e1n en conjunto por la Alianza.\u00a0<\/span><\/p>\n<p><span style=\"font-weight: 400;\">Definitivamente el 2021 traer\u00e1 muchas sorpresas y sorprendidos. Desde luego que las mujeres que se mencionan en este espacio no son todas las que est\u00e1n, ni est\u00e1n todas las que son pero lo que s\u00ed es seguro es que el 2021 nos traer\u00e1 m\u00e1s mujeres en el poder para poder tomar decisiones que nos beneficien a todas y todos los veracruzanos.<\/span><\/p>\n<p><span style=\"font-weight: 400;\">A iniciar bien el a\u00f1o&#8230;<\/span><\/p>\n<p>&nbsp;<\/p>\n<p><span style=\"font-weight: 400;\">@NumerosRojos_BC<\/span><\/p>\n<p><span style=\"font-weight: 400;\">caballero_brenda@hotmail.com<\/span><\/p>\n","protected":false},"excerpt":{"rendered":"<p>Brenda Caballero N\u00fameros Rojos Hoy, primer lunes de 2021, a pensar de la pandemia y con toda la actitud iniciamos con los Lunes de Mujeres. \u00bfQu\u00e9 mujeres vienen con todo, este a\u00f1o que inicia? Empecemos con Roc\u00edo Nahle Garc\u00eda quien desde la Secretar\u00eda de Energ\u00eda sigue moviendo sus hilos para ser la pr\u00f3xima candidata a [&hellip;]<\/p>\n","protected":false},"author":2,"featured_media":0,"comment_status":"open","ping_status":"open","sticky":false,"template":"","format":"standard","meta":{"tdm_status":"","tdm_grid_status":"","footnotes":""},"categories":[70],"tags":[257,1872,2687,5021,4272,405,15620,13408,1871,13921,9982,4386,10559],"class_list":{"0":"post-66103","1":"post","2":"type-post","3":"status-publish","4":"format-standard","6":"category-de-opinion","7":"tag-andrea-yunes","8":"tag-anilu-ingram-vallines","9":"tag-brenda-caballero","10":"tag-cinthya-lobato-calderon","11":"tag-elena-cordoba-molina","12":"tag-elizabeth-morales-garcia","13":"tag-isabel-ines-romero-cruz","14":"tag-ivonne-trujillo-ortiz","15":"tag-marijose-gamboa-torales","16":"tag-monica-mendoza-madrigal","17":"tag-norma-rocio-nahle-garcia","18":"tag-rocio-nahle-garcia","19":"tag-ruth-callejas-roldan"},"yoast_head":"<!-- This site is optimized with the Yoast SEO plugin v27.4 - https:\/\/yoast.com\/product\/yoast-seo-wordpress\/ -->\n<title>Mujeres Recargadas 2021 - Los pol\u00edticos Veracruz<\/title>\n<meta name=\"robots\" content=\"index, follow, max-snippet:-1, max-image-preview:large, max-video-preview:-1\" \/>\n<link rel=\"canonical\" href=\"https:\/\/lospoliticosveracruz.com\/?p=66103\" \/>\n<meta property=\"og:locale\" content=\"es_ES\" \/>\n<meta property=\"og:type\" content=\"article\" \/>\n<meta property=\"og:title\" content=\"Mujeres Recargadas 2021 - Los pol\u00edticos Veracruz\" \/>\n<meta property=\"og:description\" content=\"Brenda Caballero N\u00fameros Rojos Hoy, primer lunes de 2021, a pensar de la pandemia y con toda la actitud iniciamos con los Lunes de Mujeres. \u00bfQu\u00e9 mujeres vienen con todo, este a\u00f1o que inicia? Empecemos con Roc\u00edo Nahle Garc\u00eda quien desde la Secretar\u00eda de Energ\u00eda sigue moviendo sus hilos para ser la pr\u00f3xima candidata a [&hellip;]\" \/>\n<meta property=\"og:url\" content=\"https:\/\/lospoliticosveracruz.com\/?p=66103\" \/>\n<meta property=\"og:site_name\" content=\"Los pol\u00edticos Veracruz\" \/>\n<meta property=\"article:publisher\" content=\"https:\/\/www.facebook.com\/people\/Notimemes-de-los-Polticos\/61565672886568\/\" \/>\n<meta property=\"article:published_time\" content=\"2021-01-04T00:24:45+00:00\" \/>\n<meta property=\"article:modified_time\" content=\"2021-01-04T00:26:52+00:00\" \/>\n<meta property=\"og:image\" content=\"https:\/\/lospoliticosveracruz.com\/wp-content\/uploads\/2016\/07\/Logo-Dor.jpg\" \/>\n\t<meta property=\"og:image:width\" content=\"200\" \/>\n\t<meta property=\"og:image:height\" content=\"200\" \/>\n\t<meta property=\"og:image:type\" content=\"image\/jpeg\" \/>\n<meta name=\"author\" content=\"Lo viste en Los Pol\u00edticos\" \/>\n<meta name=\"twitter:card\" content=\"summary_large_image\" \/>\n<meta name=\"twitter:creator\" content=\"@LosPoliticosVer\" \/>\n<meta name=\"twitter:site\" content=\"@LosPoliticosVer\" \/>\n<meta name=\"twitter:label1\" content=\"Escrito por\" \/>\n\t<meta name=\"twitter:data1\" content=\"Lo viste en Los Pol\u00edticos\" \/>\n\t<meta name=\"twitter:label2\" content=\"Tiempo de lectura\" \/>\n\t<meta name=\"twitter:data2\" content=\"3 minutos\" \/>\n<script type=\"application\/ld+json\" class=\"yoast-schema-graph\">{\"@context\":\"https:\\\/\\\/schema.org\",\"@graph\":[{\"@type\":\"Article\",\"@id\":\"https:\\\/\\\/lospoliticosveracruz.com\\\/?p=66103#article\",\"isPartOf\":{\"@id\":\"https:\\\/\\\/lospoliticosveracruz.com\\\/?p=66103\"},\"author\":{\"name\":\"Lo viste en Los Pol\u00edticos\",\"@id\":\"https:\\\/\\\/lospoliticosveracruz.com\\\/#\\\/schema\\\/person\\\/b8702bb0e538456e6efd07080bf2a4a2\"},\"headline\":\"Mujeres Recargadas 2021\",\"datePublished\":\"2021-01-04T00:24:45+00:00\",\"dateModified\":\"2021-01-04T00:26:52+00:00\",\"mainEntityOfPage\":{\"@id\":\"https:\\\/\\\/lospoliticosveracruz.com\\\/?p=66103\"},\"wordCount\":641,\"commentCount\":0,\"publisher\":{\"@id\":\"https:\\\/\\\/lospoliticosveracruz.com\\\/#organization\"},\"keywords\":[\"Andrea Yunes\",\"Anil\u00fa Ingram Vallines\",\"Brenda Caballero\",\"Cinthya Lobato Calder\u00f3n\",\"Elena C\u00f3rdoba Molina\",\"Elizabeth Morales Garc\u00eda\",\"Isabel In\u00e9s Romero Cruz\",\"Ivonne Trujillo Ortiz\",\"Marijose Gamboa Torales\",\"M\u00f3nica Mendoza Madrigal\",\"Norma Roc\u00edo Nahle Garc\u00eda\",\"Roc\u00edo Nahle Garc\u00eda\",\"Ruth Callejas Rold\u00e1n\"],\"articleSection\":[\"De Opini\u00f3n\"],\"inLanguage\":\"es\",\"potentialAction\":[{\"@type\":\"CommentAction\",\"name\":\"Comment\",\"target\":[\"https:\\\/\\\/lospoliticosveracruz.com\\\/?p=66103#respond\"]}]},{\"@type\":\"WebPage\",\"@id\":\"https:\\\/\\\/lospoliticosveracruz.com\\\/?p=66103\",\"url\":\"https:\\\/\\\/lospoliticosveracruz.com\\\/?p=66103\",\"name\":\"Mujeres Recargadas 2021 - Los pol\u00edticos Veracruz\",\"isPartOf\":{\"@id\":\"https:\\\/\\\/lospoliticosveracruz.com\\\/#website\"},\"datePublished\":\"2021-01-04T00:24:45+00:00\",\"dateModified\":\"2021-01-04T00:26:52+00:00\",\"breadcrumb\":{\"@id\":\"https:\\\/\\\/lospoliticosveracruz.com\\\/?p=66103#breadcrumb\"},\"inLanguage\":\"es\",\"potentialAction\":[{\"@type\":\"ReadAction\",\"target\":[\"https:\\\/\\\/lospoliticosveracruz.com\\\/?p=66103\"]}]},{\"@type\":\"BreadcrumbList\",\"@id\":\"https:\\\/\\\/lospoliticosveracruz.com\\\/?p=66103#breadcrumb\",\"itemListElement\":[{\"@type\":\"ListItem\",\"position\":1,\"name\":\"Portada\",\"item\":\"https:\\\/\\\/lospoliticosveracruz.com\\\/\"},{\"@type\":\"ListItem\",\"position\":2,\"name\":\"Mujeres Recargadas 2021\"}]},{\"@type\":\"WebSite\",\"@id\":\"https:\\\/\\\/lospoliticosveracruz.com\\\/#website\",\"url\":\"https:\\\/\\\/lospoliticosveracruz.com\\\/\",\"name\":\"Los pol\u00edticos Veracruz\",\"description\":\"\",\"publisher\":{\"@id\":\"https:\\\/\\\/lospoliticosveracruz.com\\\/#organization\"},\"potentialAction\":[{\"@type\":\"SearchAction\",\"target\":{\"@type\":\"EntryPoint\",\"urlTemplate\":\"https:\\\/\\\/lospoliticosveracruz.com\\\/?s={search_term_string}\"},\"query-input\":{\"@type\":\"PropertyValueSpecification\",\"valueRequired\":true,\"valueName\":\"search_term_string\"}}],\"inLanguage\":\"es\"},{\"@type\":\"Organization\",\"@id\":\"https:\\\/\\\/lospoliticosveracruz.com\\\/#organization\",\"name\":\"Los pol\u00edticos Veracruz\",\"url\":\"https:\\\/\\\/lospoliticosveracruz.com\\\/\",\"logo\":{\"@type\":\"ImageObject\",\"inLanguage\":\"es\",\"@id\":\"https:\\\/\\\/lospoliticosveracruz.com\\\/#\\\/schema\\\/logo\\\/image\\\/\",\"url\":\"https:\\\/\\\/lospoliticosveracruz.com\\\/wp-content\\\/uploads\\\/2025\\\/12\\\/Logo-Nuevo-LOS-POLITICOS-1.jpg\",\"contentUrl\":\"https:\\\/\\\/lospoliticosveracruz.com\\\/wp-content\\\/uploads\\\/2025\\\/12\\\/Logo-Nuevo-LOS-POLITICOS-1.jpg\",\"width\":260,\"height\":70,\"caption\":\"Los pol\u00edticos Veracruz\"},\"image\":{\"@id\":\"https:\\\/\\\/lospoliticosveracruz.com\\\/#\\\/schema\\\/logo\\\/image\\\/\"},\"sameAs\":[\"https:\\\/\\\/www.facebook.com\\\/people\\\/Notimemes-de-los-Polticos\\\/61565672886568\\\/\",\"https:\\\/\\\/x.com\\\/LosPoliticosVer\"]},{\"@type\":\"Person\",\"@id\":\"https:\\\/\\\/lospoliticosveracruz.com\\\/#\\\/schema\\\/person\\\/b8702bb0e538456e6efd07080bf2a4a2\",\"name\":\"Lo viste en Los Pol\u00edticos\",\"image\":{\"@type\":\"ImageObject\",\"inLanguage\":\"es\",\"@id\":\"https:\\\/\\\/secure.gravatar.com\\\/avatar\\\/3a8de04a2656d44082be478bd6c086daa447c4651605818287b9532d3d0bd435?s=96&d=mm&r=g\",\"url\":\"https:\\\/\\\/secure.gravatar.com\\\/avatar\\\/3a8de04a2656d44082be478bd6c086daa447c4651605818287b9532d3d0bd435?s=96&d=mm&r=g\",\"contentUrl\":\"https:\\\/\\\/secure.gravatar.com\\\/avatar\\\/3a8de04a2656d44082be478bd6c086daa447c4651605818287b9532d3d0bd435?s=96&d=mm&r=g\",\"caption\":\"Lo viste en Los Pol\u00edticos\"},\"url\":\"https:\\\/\\\/lospoliticosveracruz.com\\\/?author=2\"}]}<\/script>\n<!-- \/ Yoast SEO plugin. -->","yoast_head_json":{"title":"Mujeres Recargadas 2021 - Los pol\u00edticos Veracruz","robots":{"index":"index","follow":"follow","max-snippet":"max-snippet:-1","max-image-preview":"max-image-preview:large","max-video-preview":"max-video-preview:-1"},"canonical":"https:\/\/lospoliticosveracruz.com\/?p=66103","og_locale":"es_ES","og_type":"article","og_title":"Mujeres Recargadas 2021 - Los pol\u00edticos Veracruz","og_description":"Brenda Caballero N\u00fameros Rojos Hoy, primer lunes de 2021, a pensar de la pandemia y con toda la actitud iniciamos con los Lunes de Mujeres. \u00bfQu\u00e9 mujeres vienen con todo, este a\u00f1o que inicia? Empecemos con Roc\u00edo Nahle Garc\u00eda quien desde la Secretar\u00eda de Energ\u00eda sigue moviendo sus hilos para ser la pr\u00f3xima candidata a [&hellip;]","og_url":"https:\/\/lospoliticosveracruz.com\/?p=66103","og_site_name":"Los pol\u00edticos Veracruz","article_publisher":"https:\/\/www.facebook.com\/people\/Notimemes-de-los-Polticos\/61565672886568\/","article_published_time":"2021-01-04T00:24:45+00:00","article_modified_time":"2021-01-04T00:26:52+00:00","og_image":[{"width":200,"height":200,"url":"https:\/\/lospoliticosveracruz.com\/wp-content\/uploads\/2016\/07\/Logo-Dor.jpg","type":"image\/jpeg"}],"author":"Lo viste en Los Pol\u00edticos","twitter_card":"summary_large_image","twitter_creator":"@LosPoliticosVer","twitter_site":"@LosPoliticosVer","twitter_misc":{"Escrito por":"Lo viste en Los Pol\u00edticos","Tiempo de lectura":"3 minutos"},"schema":{"@context":"https:\/\/schema.org","@graph":[{"@type":"Article","@id":"https:\/\/lospoliticosveracruz.com\/?p=66103#article","isPartOf":{"@id":"https:\/\/lospoliticosveracruz.com\/?p=66103"},"author":{"name":"Lo viste en Los Pol\u00edticos","@id":"https:\/\/lospoliticosveracruz.com\/#\/schema\/person\/b8702bb0e538456e6efd07080bf2a4a2"},"headline":"Mujeres Recargadas 2021","datePublished":"2021-01-04T00:24:45+00:00","dateModified":"2021-01-04T00:26:52+00:00","mainEntityOfPage":{"@id":"https:\/\/lospoliticosveracruz.com\/?p=66103"},"wordCount":641,"commentCount":0,"publisher":{"@id":"https:\/\/lospoliticosveracruz.com\/#organization"},"keywords":["Andrea Yunes","Anil\u00fa Ingram Vallines","Brenda Caballero","Cinthya Lobato Calder\u00f3n","Elena C\u00f3rdoba Molina","Elizabeth Morales Garc\u00eda","Isabel In\u00e9s Romero Cruz","Ivonne Trujillo Ortiz","Marijose Gamboa Torales","M\u00f3nica Mendoza Madrigal","Norma Roc\u00edo Nahle Garc\u00eda","Roc\u00edo Nahle Garc\u00eda","Ruth Callejas Rold\u00e1n"],"articleSection":["De Opini\u00f3n"],"inLanguage":"es","potentialAction":[{"@type":"CommentAction","name":"Comment","target":["https:\/\/lospoliticosveracruz.com\/?p=66103#respond"]}]},{"@type":"WebPage","@id":"https:\/\/lospoliticosveracruz.com\/?p=66103","url":"https:\/\/lospoliticosveracruz.com\/?p=66103","name":"Mujeres Recargadas 2021 - Los pol\u00edticos Veracruz","isPartOf":{"@id":"https:\/\/lospoliticosveracruz.com\/#website"},"datePublished":"2021-01-04T00:24:45+00:00","dateModified":"2021-01-04T00:26:52+00:00","breadcrumb":{"@id":"https:\/\/lospoliticosveracruz.com\/?p=66103#breadcrumb"},"inLanguage":"es","potentialAction":[{"@type":"ReadAction","target":["https:\/\/lospoliticosveracruz.com\/?p=66103"]}]},{"@type":"BreadcrumbList","@id":"https:\/\/lospoliticosveracruz.com\/?p=66103#breadcrumb","itemListElement":[{"@type":"ListItem","position":1,"name":"Portada","item":"https:\/\/lospoliticosveracruz.com\/"},{"@type":"ListItem","position":2,"name":"Mujeres Recargadas 2021"}]},{"@type":"WebSite","@id":"https:\/\/lospoliticosveracruz.com\/#website","url":"https:\/\/lospoliticosveracruz.com\/","name":"Los pol\u00edticos Veracruz","description":"","publisher":{"@id":"https:\/\/lospoliticosveracruz.com\/#organization"},"potentialAction":[{"@type":"SearchAction","target":{"@type":"EntryPoint","urlTemplate":"https:\/\/lospoliticosveracruz.com\/?s={search_term_string}"},"query-input":{"@type":"PropertyValueSpecification","valueRequired":true,"valueName":"search_term_string"}}],"inLanguage":"es"},{"@type":"Organization","@id":"https:\/\/lospoliticosveracruz.com\/#organization","name":"Los pol\u00edticos Veracruz","url":"https:\/\/lospoliticosveracruz.com\/","logo":{"@type":"ImageObject","inLanguage":"es","@id":"https:\/\/lospoliticosveracruz.com\/#\/schema\/logo\/image\/","url":"https:\/\/lospoliticosveracruz.com\/wp-content\/uploads\/2025\/12\/Logo-Nuevo-LOS-POLITICOS-1.jpg","contentUrl":"https:\/\/lospoliticosveracruz.com\/wp-content\/uploads\/2025\/12\/Logo-Nuevo-LOS-POLITICOS-1.jpg","width":260,"height":70,"caption":"Los pol\u00edticos Veracruz"},"image":{"@id":"https:\/\/lospoliticosveracruz.com\/#\/schema\/logo\/image\/"},"sameAs":["https:\/\/www.facebook.com\/people\/Notimemes-de-los-Polticos\/61565672886568\/","https:\/\/x.com\/LosPoliticosVer"]},{"@type":"Person","@id":"https:\/\/lospoliticosveracruz.com\/#\/schema\/person\/b8702bb0e538456e6efd07080bf2a4a2","name":"Lo viste en Los Pol\u00edticos","image":{"@type":"ImageObject","inLanguage":"es","@id":"https:\/\/secure.gravatar.com\/avatar\/3a8de04a2656d44082be478bd6c086daa447c4651605818287b9532d3d0bd435?s=96&d=mm&r=g","url":"https:\/\/secure.gravatar.com\/avatar\/3a8de04a2656d44082be478bd6c086daa447c4651605818287b9532d3d0bd435?s=96&d=mm&r=g","contentUrl":"https:\/\/secure.gravatar.com\/avatar\/3a8de04a2656d44082be478bd6c086daa447c4651605818287b9532d3d0bd435?s=96&d=mm&r=g","caption":"Lo viste en Los Pol\u00edticos"},"url":"https:\/\/lospoliticosveracruz.com\/?author=2"}]}},"_links":{"self":[{"href":"https:\/\/lospoliticosveracruz.com\/index.php?rest_route=\/wp\/v2\/posts\/66103","targetHints":{"allow":["GET"]}}],"collection":[{"href":"https:\/\/lospoliticosveracruz.com\/index.php?rest_route=\/wp\/v2\/posts"}],"about":[{"href":"https:\/\/lospoliticosveracruz.com\/index.php?rest_route=\/wp\/v2\/types\/post"}],"author":[{"embeddable":true,"href":"https:\/\/lospoliticosveracruz.com\/index.php?rest_route=\/wp\/v2\/users\/2"}],"replies":[{"embeddable":true,"href":"https:\/\/lospoliticosveracruz.com\/index.php?rest_route=%2Fwp%2Fv2%2Fcomments&post=66103"}],"version-history":[{"count":2,"href":"https:\/\/lospoliticosveracruz.com\/index.php?rest_route=\/wp\/v2\/posts\/66103\/revisions"}],"predecessor-version":[{"id":66106,"href":"https:\/\/lospoliticosveracruz.com\/index.php?rest_route=\/wp\/v2\/posts\/66103\/revisions\/66106"}],"wp:attachment":[{"href":"https:\/\/lospoliticosveracruz.com\/index.php?rest_route=%2Fwp%2Fv2%2Fmedia&parent=66103"}],"wp:term":[{"taxonomy":"category","embeddable":true,"href":"https:\/\/lospoliticosveracruz.com\/index.php?rest_route=%2Fwp%2Fv2%2Fcategories&post=66103"},{"taxonomy":"post_tag","embeddable":true,"href":"https:\/\/lospoliticosveracruz.com\/index.php?rest_route=%2Fwp%2Fv2%2Ftags&post=66103"}],"curies":[{"name":"wp","href":"https:\/\/api.w.org\/{rel}","templated":true}]}}