{"id":66111,"date":"2021-01-04T08:19:34","date_gmt":"2021-01-04T14:19:34","guid":{"rendered":"http:\/\/www.lospoliticosveracruz.com.mx\/?p=66111"},"modified":"2021-01-04T08:19:34","modified_gmt":"2021-01-04T14:19:34","slug":"puro-sobrino","status":"publish","type":"post","link":"https:\/\/lospoliticosveracruz.com\/?p=66111","title":{"rendered":"Puro sobrino!"},"content":{"rendered":"<p><strong>Ricardo Ch\u00faa<\/strong><br \/>\n<em>Sale y Vale<\/em><\/p>\n<p>OJO&#8230;. Las encuestas realizadas por partidos pol\u00edticos de oposici\u00f3n en Boca del R\u00edo&#8230; Se\u00f1alan que rumbo a la contienda de los pr\u00f3ximos meses a la alcald\u00eda boque\u00f1a.. .No hay partido o personaje que rebase pol\u00edticamente al PAN para ganar este proceso en el municipio&#8230; Mientras que el personaje que arrasa con todo a los dem\u00e1s aspirantes a la presidencia municipal es el diputado local, Juan Manuel Unanue Abascal&#8230; Hasta como candidato independiente ganar\u00eda la elecci\u00f3n municipal&#8230;<\/p>\n<p><a href=\"https:\/\/www.facebook.com\/notaria61veracruz\/\"><img decoding=\"async\" src=\"http:\/\/www.lospoliticosveracruz.com.mx\/wp-content\/uploads\/2020\/07\/CINTILLO-Armando.jpg\" alt=\"\" \/><\/a><\/p>\n<p>El PAN tiene todo para ganar como partido pol\u00edtico el municipio de Boca del R\u00edo, como mantiene el poder desde el 2013&#8230; S\u00f3lo que Unannue fuera por otro partido diferente al PAN, es el personaje que les podr\u00eda provocar una divisi\u00f3n profunda&#8230; Juan Manuel es el \u00fanico personaje que garantiza el triunfo d\u00e1ndole una \u00abarrastrada\u00bb a MORENA&#8230; Es un factor parecido como sucede con Ricardo Ahued en Xalapa&#8230;. Donde su persona rebasa a todos los partidos&#8230; Esto es normal, cuando llevas m\u00e1s de una d\u00e9cada trabajando \u00abla plaza\u00bb&#8230; AMEN&#8230;<\/p>\n<p>\u00bfRA\u00daL ARIAS CANDIDATO?&#8230; Despu\u00e9s de que en Xalapa, MORENA quiere \u00abrevivir\u00bb priistas para poder quedarse con el municipio en la capital del Estado, por el tema de la PRESUNTA invitaci\u00f3n a Elizabeth Morales, como una de sus aspirantes a este cargo de elecci\u00f3n popular&#8230; Hay voces que dicen que la alianza opositora en esta ciudad, podr\u00eda postular al ex rector de la Universidad Veracruzana, Ra\u00fal Ar\u00edas Lovillo&#8230; ZUCUTUM&#8230; Obvio a David Velasco Chedraui, lo \u00abmover\u00edan\u00bb a la diputaci\u00f3n local&#8230; BYE alcald\u00eda&#8230;<br \/>\nEl motivo es sencillo&#8230; Si Los Morenos sacan a Ricardo Ahued de la \u00abjugada\u00bb para la alcald\u00eda xalape\u00f1a o \u00e9l mismo se retira de la contienda&#8230; La oposici\u00f3n no puede correr ning\u00fan riesgo, de que la ciudadan\u00eda y la poblaci\u00f3n en general de pensamiento de izquierda en esa ciudad, le den el voto de confianza&#8230; No a Hipo-Crito sino a una priista \u00abdisfrazada\u00bb de Morenista como ser\u00eda Do\u00f1a ELMO&#8230; En eso el proyecto Ar\u00edas Lovillo, encaja perfecto&#8230;<br \/>\nYa que si bien es cierto&#8230; El ex rector de la UV no es una persona muy bien vista en el PAN y PRI, por su cercan\u00eda con la \u00abFidelidad Prospera\u00bb, si ser\u00e1 un factor fundamental para \u00abfracturar\u00bb el voto de la izquierda en Xalapa&#8230; Y eso lo hace peligroso para MORENA porque con esa divisi\u00f3n, puede provocar que el PRI recupere el control de la misma capital del Estado&#8230; Entonces, los que echan n\u00fameros electorales en los partidos&#8230; Saben que Lovillo es una buena opci\u00f3n para esta contienda local&#8230;<br \/>\nPara nadie es un secreto&#8230; Que el \u00fanico personaje en MORENA en Xalapa, que le gana a todos los aspirantes opositores llamense como se llamen&#8230; Es Ricardo Ahued&#8230; No hay otro.. Si \u00e9l no participa por la alcald\u00eda&#8230;. La oposici\u00f3n se queda con ella&#8230; Hasta con los distritos locales y federales de esta capital porque Ahued es el \u00fanico que los \u00abjalar\u00eda\u00bb con sus votos para que ganen&#8230; Pero si no va&#8230; Las posibilidades se reducen&#8230;. Se puede dar un escenario muy \u00abtricolor\u00bb con Am\u00e9rico Z\u00fa\u00f1iga, David Velasco y Ra\u00fal Ar\u00edas&#8230; Es una posibilidad&#8230;<br \/>\nDe nuevo, el gran ganador de todo ser\u00eda Fidel Herrera y su grupo pol\u00edtico&#8230; Ya que Elizabeth Morales, Am\u00e9rico Z\u00fa\u00f1iga, David Velasco, Ricardo Ahued&#8230; Fueron personajes que crecieron bajo la \u00absombra\u00bb de la \u00abFidelidad\u00bb&#8230; Ra\u00fal Ar\u00edas fue rector de la UV, mientras \u00e9l era gobernador&#8230; As\u00ed que tambi\u00e9n \u00e9l est\u00e1 \u00absalpicado\u00bb por ser \u00abFiel\u00bb&#8230; De esa manera, sea donde sea y por el partido pol\u00edtico que sea&#8230; Xalapa ser\u00e1 de Herrera Beltr\u00e1n&#8230; Haiga como haiga sido \u00abfracturando a la izquierda\u00bb&#8230; CONSUMATUM EST&#8230;<\/p>\n<p>LAS PUGNAS&#8230; Si bien es cierto en la zona de Los Tuxtlas.. Los partidos, que en este momento cuentan, con mayor clientela electoral son MORENA y PAN&#8230; El PRI lo trae de a\u00f1os atr\u00e1s&#8230;. Dado los \u00faltimos resultados electorales&#8230; Pero el problema de estos organismos pol\u00edticos, no es al exterior, ya que se puede observar que es m\u00e1s grande el pleito al interior de los dos primeros organismos pol\u00edticos en esa regi\u00f3n&#8230;<br \/>\nYa que sucede que en las posiciones, que se pelean los dos partidos al interior, es para ver c\u00f3mo quedan parados despu\u00e9s del proceso electoral de este a\u00f1o, para enfrentar la sucesi\u00f3n estatal del 2024&#8230; Sobre todo que esto tiene que ver en como se alinean sus equipos&#8230; Ya que con ese prop\u00f3sito, situaci\u00f3n que se puede tomar como v\u00e1lida, no han medido ambos partidos que en esta zona pueden llevarse entre las patas a militantes y simpatizantes por las decisiones puede resultar contraproducente para MORENA y PAN&#8230;.<br \/>\nPara muestra un bot\u00f3n&#8230; En el municipio de San Andr\u00e9s Tuxtla, el alcalde, Octavio P\u00e9rez Garay impulsa como su propuesta un candidato alcalde con amplias posibilidades de ganar&#8230; Por lo que representa su estructura y trabajo que ha consolidado pol\u00edticamente&#8230; Pero en ese tema, viene el \u00abprietito en el arroz\u00bb&#8230; Ya que \u00abTavito\u00bb, es compadre de Miguel Angel Yunes Junior y eso al grupo de Joaqu\u00edn Guzm\u00e1n Avil\u00e9s, puede no gustarles por su cercan\u00eda&#8230; P\u00f6r eso intentan, que en este municipio el candidato sea una mujer, no un var\u00f3n por el tema de g\u00e9nero&#8230;<br \/>\nEl caso aqu\u00ed es que seg\u00fan estas encuestas&#8230; La aspirante no tiene posibilidad de triunfo con todo y la alianza&#8230;. Ya que en Xalapa en el comit\u00e9 estatal del PAN&#8230; Ven al candidato de \u00abTavito\u00bb como una extensi\u00f3n del \u00abYunismo Azul\u00bb hac\u00eda la zona y as\u00ed est\u00e1n las cosas, en varios municipios del Estado&#8230; Pero como a \u00abr\u00edo revuelto, ganancia de pescadores\u00bb&#8230; De los resultados de la confrontaci\u00f3n&#8230;. El beneficiado directo es MORENA&#8230;. M\u00e1s no Juan Javier G\u00f3mez Cazar\u00edn sino el grupo de Gonzalo Vicencio&#8230;<br \/>\nYa que de esta manera y por estos pleitos&#8230; Le facilitan el camino a Los Morenos&#8230; Ya que \u00abLos Prietos\u00bb no tiene estructura org\u00e1nica como partido&#8230; No est\u00e1n organizados y como partido no existen en la zona&#8230; Pero tienen la estructura de Bienestar, pero esa le puede ser suficiente para ganar el municipio de San Andr\u00e9s Tuxtla, si es que en el PAN existe una \u00abruptura\u00bb al interior en la regi\u00f3n, por el pleito entre el comit\u00e9 estatal y los \u00abYunes Azules\u00bb&#8230; As\u00ed que se unen y se ponen de acuerdo o MORENA le \u00abcome el mandado\u00bb&#8230; AMEN&#8230;<\/p>\n","protected":false},"excerpt":{"rendered":"<p>Ricardo Ch\u00faa Sale y Vale OJO&#8230;. Las encuestas realizadas por partidos pol\u00edticos de oposici\u00f3n en Boca del R\u00edo&#8230; Se\u00f1alan que rumbo a la contienda de los pr\u00f3ximos meses a la alcald\u00eda boque\u00f1a.. .No hay partido o personaje que rebase pol\u00edticamente al PAN para ganar este proceso en el municipio&#8230; Mientras que el personaje que arrasa [&hellip;]<\/p>\n","protected":false},"author":2,"featured_media":0,"comment_status":"open","ping_status":"open","sticky":false,"template":"","format":"standard","meta":{"tdm_status":"","tdm_grid_status":"","footnotes":""},"categories":[70],"tags":[601,22091,19335,405,79,17579,1026,266,251,11193,12621,2812,96],"class_list":{"0":"post-66111","1":"post","2":"type-post","3":"status-publish","4":"format-standard","6":"category-de-opinion","7":"tag-boca-del-rio","8":"tag-clientela-electoral","9":"tag-elecciones-2021","10":"tag-elizabeth-morales-garcia","11":"tag-fidel-herrera","12":"tag-juan-manuel-unanue","13":"tag-morena","14":"tag-pan","15":"tag-pri","16":"tag-proceso-electoral","17":"tag-raul-arias-lovillo","18":"tag-ricardo-ahued-bardahuil","19":"tag-xalapa"},"yoast_head":"<!-- This site is optimized with the Yoast SEO plugin v27.4 - https:\/\/yoast.com\/product\/yoast-seo-wordpress\/ -->\n<title>Puro sobrino! - Los pol\u00edticos Veracruz<\/title>\n<meta name=\"robots\" content=\"index, follow, max-snippet:-1, max-image-preview:large, max-video-preview:-1\" \/>\n<link rel=\"canonical\" href=\"https:\/\/lospoliticosveracruz.com\/?p=66111\" \/>\n<meta property=\"og:locale\" content=\"es_ES\" \/>\n<meta property=\"og:type\" content=\"article\" \/>\n<meta property=\"og:title\" content=\"Puro sobrino! - Los pol\u00edticos Veracruz\" \/>\n<meta property=\"og:description\" content=\"Ricardo Ch\u00faa Sale y Vale OJO&#8230;. Las encuestas realizadas por partidos pol\u00edticos de oposici\u00f3n en Boca del R\u00edo&#8230; Se\u00f1alan que rumbo a la contienda de los pr\u00f3ximos meses a la alcald\u00eda boque\u00f1a.. .No hay partido o personaje que rebase pol\u00edticamente al PAN para ganar este proceso en el municipio&#8230; Mientras que el personaje que arrasa [&hellip;]\" \/>\n<meta property=\"og:url\" content=\"https:\/\/lospoliticosveracruz.com\/?p=66111\" \/>\n<meta property=\"og:site_name\" content=\"Los pol\u00edticos Veracruz\" \/>\n<meta property=\"article:publisher\" content=\"https:\/\/www.facebook.com\/people\/Notimemes-de-los-Polticos\/61565672886568\/\" \/>\n<meta property=\"article:published_time\" content=\"2021-01-04T14:19:34+00:00\" \/>\n<meta property=\"og:image\" content=\"http:\/\/www.lospoliticosveracruz.com.mx\/wp-content\/uploads\/2020\/07\/CINTILLO-Armando.jpg\" \/>\n<meta name=\"author\" content=\"Lo viste en Los Pol\u00edticos\" \/>\n<meta name=\"twitter:card\" content=\"summary_large_image\" \/>\n<meta name=\"twitter:creator\" content=\"@LosPoliticosVer\" \/>\n<meta name=\"twitter:site\" content=\"@LosPoliticosVer\" \/>\n<meta name=\"twitter:label1\" content=\"Escrito por\" \/>\n\t<meta name=\"twitter:data1\" content=\"Lo viste en Los Pol\u00edticos\" \/>\n\t<meta name=\"twitter:label2\" content=\"Tiempo de lectura\" \/>\n\t<meta name=\"twitter:data2\" content=\"6 minutos\" \/>\n<script type=\"application\/ld+json\" class=\"yoast-schema-graph\">{\"@context\":\"https:\\\/\\\/schema.org\",\"@graph\":[{\"@type\":\"Article\",\"@id\":\"https:\\\/\\\/lospoliticosveracruz.com\\\/?p=66111#article\",\"isPartOf\":{\"@id\":\"https:\\\/\\\/lospoliticosveracruz.com\\\/?p=66111\"},\"author\":{\"name\":\"Lo viste en Los Pol\u00edticos\",\"@id\":\"https:\\\/\\\/lospoliticosveracruz.com\\\/#\\\/schema\\\/person\\\/b8702bb0e538456e6efd07080bf2a4a2\"},\"headline\":\"Puro sobrino!\",\"datePublished\":\"2021-01-04T14:19:34+00:00\",\"mainEntityOfPage\":{\"@id\":\"https:\\\/\\\/lospoliticosveracruz.com\\\/?p=66111\"},\"wordCount\":1127,\"commentCount\":0,\"publisher\":{\"@id\":\"https:\\\/\\\/lospoliticosveracruz.com\\\/#organization\"},\"image\":{\"@id\":\"https:\\\/\\\/lospoliticosveracruz.com\\\/?p=66111#primaryimage\"},\"thumbnailUrl\":\"http:\\\/\\\/www.lospoliticosveracruz.com.mx\\\/wp-content\\\/uploads\\\/2020\\\/07\\\/CINTILLO-Armando.jpg\",\"keywords\":[\"Boca del R\u00edo\",\"Clientela electoral.\",\"Elecciones 2021\",\"Elizabeth Morales Garc\u00eda\",\"Fidel Herrera\",\"Juan Manuel Unanue\",\"Morena\",\"PAN\",\"PRI\",\"proceso electoral\",\"Ra\u00fal Arias Lovillo\",\"Ricardo Ahued Bardahuil\",\"Xalapa\"],\"articleSection\":[\"De Opini\u00f3n\"],\"inLanguage\":\"es\",\"potentialAction\":[{\"@type\":\"CommentAction\",\"name\":\"Comment\",\"target\":[\"https:\\\/\\\/lospoliticosveracruz.com\\\/?p=66111#respond\"]}]},{\"@type\":\"WebPage\",\"@id\":\"https:\\\/\\\/lospoliticosveracruz.com\\\/?p=66111\",\"url\":\"https:\\\/\\\/lospoliticosveracruz.com\\\/?p=66111\",\"name\":\"Puro sobrino! - Los pol\u00edticos Veracruz\",\"isPartOf\":{\"@id\":\"https:\\\/\\\/lospoliticosveracruz.com\\\/#website\"},\"primaryImageOfPage\":{\"@id\":\"https:\\\/\\\/lospoliticosveracruz.com\\\/?p=66111#primaryimage\"},\"image\":{\"@id\":\"https:\\\/\\\/lospoliticosveracruz.com\\\/?p=66111#primaryimage\"},\"thumbnailUrl\":\"http:\\\/\\\/www.lospoliticosveracruz.com.mx\\\/wp-content\\\/uploads\\\/2020\\\/07\\\/CINTILLO-Armando.jpg\",\"datePublished\":\"2021-01-04T14:19:34+00:00\",\"breadcrumb\":{\"@id\":\"https:\\\/\\\/lospoliticosveracruz.com\\\/?p=66111#breadcrumb\"},\"inLanguage\":\"es\",\"potentialAction\":[{\"@type\":\"ReadAction\",\"target\":[\"https:\\\/\\\/lospoliticosveracruz.com\\\/?p=66111\"]}]},{\"@type\":\"ImageObject\",\"inLanguage\":\"es\",\"@id\":\"https:\\\/\\\/lospoliticosveracruz.com\\\/?p=66111#primaryimage\",\"url\":\"http:\\\/\\\/www.lospoliticosveracruz.com.mx\\\/wp-content\\\/uploads\\\/2020\\\/07\\\/CINTILLO-Armando.jpg\",\"contentUrl\":\"http:\\\/\\\/www.lospoliticosveracruz.com.mx\\\/wp-content\\\/uploads\\\/2020\\\/07\\\/CINTILLO-Armando.jpg\"},{\"@type\":\"BreadcrumbList\",\"@id\":\"https:\\\/\\\/lospoliticosveracruz.com\\\/?p=66111#breadcrumb\",\"itemListElement\":[{\"@type\":\"ListItem\",\"position\":1,\"name\":\"Portada\",\"item\":\"https:\\\/\\\/lospoliticosveracruz.com\\\/\"},{\"@type\":\"ListItem\",\"position\":2,\"name\":\"Puro sobrino!\"}]},{\"@type\":\"WebSite\",\"@id\":\"https:\\\/\\\/lospoliticosveracruz.com\\\/#website\",\"url\":\"https:\\\/\\\/lospoliticosveracruz.com\\\/\",\"name\":\"Los pol\u00edticos Veracruz\",\"description\":\"\",\"publisher\":{\"@id\":\"https:\\\/\\\/lospoliticosveracruz.com\\\/#organization\"},\"potentialAction\":[{\"@type\":\"SearchAction\",\"target\":{\"@type\":\"EntryPoint\",\"urlTemplate\":\"https:\\\/\\\/lospoliticosveracruz.com\\\/?s={search_term_string}\"},\"query-input\":{\"@type\":\"PropertyValueSpecification\",\"valueRequired\":true,\"valueName\":\"search_term_string\"}}],\"inLanguage\":\"es\"},{\"@type\":\"Organization\",\"@id\":\"https:\\\/\\\/lospoliticosveracruz.com\\\/#organization\",\"name\":\"Los pol\u00edticos Veracruz\",\"url\":\"https:\\\/\\\/lospoliticosveracruz.com\\\/\",\"logo\":{\"@type\":\"ImageObject\",\"inLanguage\":\"es\",\"@id\":\"https:\\\/\\\/lospoliticosveracruz.com\\\/#\\\/schema\\\/logo\\\/image\\\/\",\"url\":\"https:\\\/\\\/lospoliticosveracruz.com\\\/wp-content\\\/uploads\\\/2025\\\/12\\\/Logo-Nuevo-LOS-POLITICOS-1.jpg\",\"contentUrl\":\"https:\\\/\\\/lospoliticosveracruz.com\\\/wp-content\\\/uploads\\\/2025\\\/12\\\/Logo-Nuevo-LOS-POLITICOS-1.jpg\",\"width\":260,\"height\":70,\"caption\":\"Los pol\u00edticos Veracruz\"},\"image\":{\"@id\":\"https:\\\/\\\/lospoliticosveracruz.com\\\/#\\\/schema\\\/logo\\\/image\\\/\"},\"sameAs\":[\"https:\\\/\\\/www.facebook.com\\\/people\\\/Notimemes-de-los-Polticos\\\/61565672886568\\\/\",\"https:\\\/\\\/x.com\\\/LosPoliticosVer\"]},{\"@type\":\"Person\",\"@id\":\"https:\\\/\\\/lospoliticosveracruz.com\\\/#\\\/schema\\\/person\\\/b8702bb0e538456e6efd07080bf2a4a2\",\"name\":\"Lo viste en Los Pol\u00edticos\",\"image\":{\"@type\":\"ImageObject\",\"inLanguage\":\"es\",\"@id\":\"https:\\\/\\\/secure.gravatar.com\\\/avatar\\\/3a8de04a2656d44082be478bd6c086daa447c4651605818287b9532d3d0bd435?s=96&d=mm&r=g\",\"url\":\"https:\\\/\\\/secure.gravatar.com\\\/avatar\\\/3a8de04a2656d44082be478bd6c086daa447c4651605818287b9532d3d0bd435?s=96&d=mm&r=g\",\"contentUrl\":\"https:\\\/\\\/secure.gravatar.com\\\/avatar\\\/3a8de04a2656d44082be478bd6c086daa447c4651605818287b9532d3d0bd435?s=96&d=mm&r=g\",\"caption\":\"Lo viste en Los Pol\u00edticos\"},\"url\":\"https:\\\/\\\/lospoliticosveracruz.com\\\/?author=2\"}]}<\/script>\n<!-- \/ Yoast SEO plugin. -->","yoast_head_json":{"title":"Puro sobrino! - Los pol\u00edticos Veracruz","robots":{"index":"index","follow":"follow","max-snippet":"max-snippet:-1","max-image-preview":"max-image-preview:large","max-video-preview":"max-video-preview:-1"},"canonical":"https:\/\/lospoliticosveracruz.com\/?p=66111","og_locale":"es_ES","og_type":"article","og_title":"Puro sobrino! - Los pol\u00edticos Veracruz","og_description":"Ricardo Ch\u00faa Sale y Vale OJO&#8230;. Las encuestas realizadas por partidos pol\u00edticos de oposici\u00f3n en Boca del R\u00edo&#8230; Se\u00f1alan que rumbo a la contienda de los pr\u00f3ximos meses a la alcald\u00eda boque\u00f1a.. .No hay partido o personaje que rebase pol\u00edticamente al PAN para ganar este proceso en el municipio&#8230; Mientras que el personaje que arrasa [&hellip;]","og_url":"https:\/\/lospoliticosveracruz.com\/?p=66111","og_site_name":"Los pol\u00edticos Veracruz","article_publisher":"https:\/\/www.facebook.com\/people\/Notimemes-de-los-Polticos\/61565672886568\/","article_published_time":"2021-01-04T14:19:34+00:00","og_image":[{"url":"http:\/\/www.lospoliticosveracruz.com.mx\/wp-content\/uploads\/2020\/07\/CINTILLO-Armando.jpg","type":"","width":"","height":""}],"author":"Lo viste en Los Pol\u00edticos","twitter_card":"summary_large_image","twitter_creator":"@LosPoliticosVer","twitter_site":"@LosPoliticosVer","twitter_misc":{"Escrito por":"Lo viste en Los Pol\u00edticos","Tiempo de lectura":"6 minutos"},"schema":{"@context":"https:\/\/schema.org","@graph":[{"@type":"Article","@id":"https:\/\/lospoliticosveracruz.com\/?p=66111#article","isPartOf":{"@id":"https:\/\/lospoliticosveracruz.com\/?p=66111"},"author":{"name":"Lo viste en Los Pol\u00edticos","@id":"https:\/\/lospoliticosveracruz.com\/#\/schema\/person\/b8702bb0e538456e6efd07080bf2a4a2"},"headline":"Puro sobrino!","datePublished":"2021-01-04T14:19:34+00:00","mainEntityOfPage":{"@id":"https:\/\/lospoliticosveracruz.com\/?p=66111"},"wordCount":1127,"commentCount":0,"publisher":{"@id":"https:\/\/lospoliticosveracruz.com\/#organization"},"image":{"@id":"https:\/\/lospoliticosveracruz.com\/?p=66111#primaryimage"},"thumbnailUrl":"http:\/\/www.lospoliticosveracruz.com.mx\/wp-content\/uploads\/2020\/07\/CINTILLO-Armando.jpg","keywords":["Boca del R\u00edo","Clientela electoral.","Elecciones 2021","Elizabeth Morales Garc\u00eda","Fidel Herrera","Juan Manuel Unanue","Morena","PAN","PRI","proceso electoral","Ra\u00fal Arias Lovillo","Ricardo Ahued Bardahuil","Xalapa"],"articleSection":["De Opini\u00f3n"],"inLanguage":"es","potentialAction":[{"@type":"CommentAction","name":"Comment","target":["https:\/\/lospoliticosveracruz.com\/?p=66111#respond"]}]},{"@type":"WebPage","@id":"https:\/\/lospoliticosveracruz.com\/?p=66111","url":"https:\/\/lospoliticosveracruz.com\/?p=66111","name":"Puro sobrino! - Los pol\u00edticos Veracruz","isPartOf":{"@id":"https:\/\/lospoliticosveracruz.com\/#website"},"primaryImageOfPage":{"@id":"https:\/\/lospoliticosveracruz.com\/?p=66111#primaryimage"},"image":{"@id":"https:\/\/lospoliticosveracruz.com\/?p=66111#primaryimage"},"thumbnailUrl":"http:\/\/www.lospoliticosveracruz.com.mx\/wp-content\/uploads\/2020\/07\/CINTILLO-Armando.jpg","datePublished":"2021-01-04T14:19:34+00:00","breadcrumb":{"@id":"https:\/\/lospoliticosveracruz.com\/?p=66111#breadcrumb"},"inLanguage":"es","potentialAction":[{"@type":"ReadAction","target":["https:\/\/lospoliticosveracruz.com\/?p=66111"]}]},{"@type":"ImageObject","inLanguage":"es","@id":"https:\/\/lospoliticosveracruz.com\/?p=66111#primaryimage","url":"http:\/\/www.lospoliticosveracruz.com.mx\/wp-content\/uploads\/2020\/07\/CINTILLO-Armando.jpg","contentUrl":"http:\/\/www.lospoliticosveracruz.com.mx\/wp-content\/uploads\/2020\/07\/CINTILLO-Armando.jpg"},{"@type":"BreadcrumbList","@id":"https:\/\/lospoliticosveracruz.com\/?p=66111#breadcrumb","itemListElement":[{"@type":"ListItem","position":1,"name":"Portada","item":"https:\/\/lospoliticosveracruz.com\/"},{"@type":"ListItem","position":2,"name":"Puro sobrino!"}]},{"@type":"WebSite","@id":"https:\/\/lospoliticosveracruz.com\/#website","url":"https:\/\/lospoliticosveracruz.com\/","name":"Los pol\u00edticos Veracruz","description":"","publisher":{"@id":"https:\/\/lospoliticosveracruz.com\/#organization"},"potentialAction":[{"@type":"SearchAction","target":{"@type":"EntryPoint","urlTemplate":"https:\/\/lospoliticosveracruz.com\/?s={search_term_string}"},"query-input":{"@type":"PropertyValueSpecification","valueRequired":true,"valueName":"search_term_string"}}],"inLanguage":"es"},{"@type":"Organization","@id":"https:\/\/lospoliticosveracruz.com\/#organization","name":"Los pol\u00edticos Veracruz","url":"https:\/\/lospoliticosveracruz.com\/","logo":{"@type":"ImageObject","inLanguage":"es","@id":"https:\/\/lospoliticosveracruz.com\/#\/schema\/logo\/image\/","url":"https:\/\/lospoliticosveracruz.com\/wp-content\/uploads\/2025\/12\/Logo-Nuevo-LOS-POLITICOS-1.jpg","contentUrl":"https:\/\/lospoliticosveracruz.com\/wp-content\/uploads\/2025\/12\/Logo-Nuevo-LOS-POLITICOS-1.jpg","width":260,"height":70,"caption":"Los pol\u00edticos Veracruz"},"image":{"@id":"https:\/\/lospoliticosveracruz.com\/#\/schema\/logo\/image\/"},"sameAs":["https:\/\/www.facebook.com\/people\/Notimemes-de-los-Polticos\/61565672886568\/","https:\/\/x.com\/LosPoliticosVer"]},{"@type":"Person","@id":"https:\/\/lospoliticosveracruz.com\/#\/schema\/person\/b8702bb0e538456e6efd07080bf2a4a2","name":"Lo viste en Los Pol\u00edticos","image":{"@type":"ImageObject","inLanguage":"es","@id":"https:\/\/secure.gravatar.com\/avatar\/3a8de04a2656d44082be478bd6c086daa447c4651605818287b9532d3d0bd435?s=96&d=mm&r=g","url":"https:\/\/secure.gravatar.com\/avatar\/3a8de04a2656d44082be478bd6c086daa447c4651605818287b9532d3d0bd435?s=96&d=mm&r=g","contentUrl":"https:\/\/secure.gravatar.com\/avatar\/3a8de04a2656d44082be478bd6c086daa447c4651605818287b9532d3d0bd435?s=96&d=mm&r=g","caption":"Lo viste en Los Pol\u00edticos"},"url":"https:\/\/lospoliticosveracruz.com\/?author=2"}]}},"_links":{"self":[{"href":"https:\/\/lospoliticosveracruz.com\/index.php?rest_route=\/wp\/v2\/posts\/66111","targetHints":{"allow":["GET"]}}],"collection":[{"href":"https:\/\/lospoliticosveracruz.com\/index.php?rest_route=\/wp\/v2\/posts"}],"about":[{"href":"https:\/\/lospoliticosveracruz.com\/index.php?rest_route=\/wp\/v2\/types\/post"}],"author":[{"embeddable":true,"href":"https:\/\/lospoliticosveracruz.com\/index.php?rest_route=\/wp\/v2\/users\/2"}],"replies":[{"embeddable":true,"href":"https:\/\/lospoliticosveracruz.com\/index.php?rest_route=%2Fwp%2Fv2%2Fcomments&post=66111"}],"version-history":[{"count":1,"href":"https:\/\/lospoliticosveracruz.com\/index.php?rest_route=\/wp\/v2\/posts\/66111\/revisions"}],"predecessor-version":[{"id":66113,"href":"https:\/\/lospoliticosveracruz.com\/index.php?rest_route=\/wp\/v2\/posts\/66111\/revisions\/66113"}],"wp:attachment":[{"href":"https:\/\/lospoliticosveracruz.com\/index.php?rest_route=%2Fwp%2Fv2%2Fmedia&parent=66111"}],"wp:term":[{"taxonomy":"category","embeddable":true,"href":"https:\/\/lospoliticosveracruz.com\/index.php?rest_route=%2Fwp%2Fv2%2Fcategories&post=66111"},{"taxonomy":"post_tag","embeddable":true,"href":"https:\/\/lospoliticosveracruz.com\/index.php?rest_route=%2Fwp%2Fv2%2Ftags&post=66111"}],"curies":[{"name":"wp","href":"https:\/\/api.w.org\/{rel}","templated":true}]}}