{"id":66126,"date":"2021-01-04T11:50:54","date_gmt":"2021-01-04T17:50:54","guid":{"rendered":"http:\/\/www.lospoliticosveracruz.com.mx\/?p=66126"},"modified":"2021-01-04T11:50:54","modified_gmt":"2021-01-04T17:50:54","slug":"el-imss-te-protege-si-te-quedas-sin-chamba","status":"publish","type":"post","link":"https:\/\/lospoliticosveracruz.com\/?p=66126","title":{"rendered":"El IMSS te protege si te quedas sin chamba"},"content":{"rendered":"<p>&nbsp;<br \/>\nEntre los beneficios que ofrece el Instituto Mexicano del Seguro Social (IMSS) en materia de seguridad social, se encuentra el Retiro Parcial por Desempleo, una protecci\u00f3n que tiene el trabajador formal, particularmente importante en momentos de emergencia sanitaria, ya que en el caso de p\u00e9rdida del empleo, puede hacerse uso de los recursos de la cuenta individual del trabajador.<\/p>\n<p>Los requisitos para acceder a este beneficio son: tener 46 d\u00edas naturales de estar desempleado, haber estado registrado al menos durante tres a\u00f1os con una AFORE, tener dos o m\u00e1s a\u00f1os cotizados en el Seguro Social y no haber efectuado retiros de su cuenta individual en los \u00faltimos cinco a\u00f1os.<\/p>\n<p>Una vez cumplidos los requisitos, es necesario presentarse en la AFORE y solicitar la realizaci\u00f3n del tr\u00e1mite; hecho esto, la AFORE validar\u00e1 que se cumpla con las condiciones del tr\u00e1mite y el IMSS certificar\u00e1 en su caso el derecho al Retiro Parcial por Desempleo.<\/p>\n<p>La disposici\u00f3n parcial de los recursos de la cuenta individual se podr\u00e1 realizar con base en dos modalidades: en la primera, si la cuenta individual tiene al menos tres a\u00f1os de haber sido abierta y la persona tiene un m\u00ednimo de dos a\u00f1os de cotizaci\u00f3n al IMSS, entonces se puede retirar en una sola exhibici\u00f3n un monto equivalente a 30 d\u00edas del \u00faltimo Salario Base de Cotizaci\u00f3n registrado con un l\u00edmite de 10 veces el valor de la Unidad de Medida y Actualizaci\u00f3n (UMA).<\/p>\n<p>La segunda modalidad es aplicable cuando la cuenta individual tiene m\u00e1s de cinco a\u00f1os de haber sido abierta; en estos casos, el monto a retirar corresponde a lo que resulte menor entre el importe correspondiente a 90 d\u00edas del Salario Base de Cotizaci\u00f3n de las \u00faltimas 250 semanas o el 11.5 por ciento de los recursos acumulados en la subcuenta de Retiro, Cesant\u00eda en Edad Avanzada y Vejez (RCV).<\/p>\n<p>Lo recomendable es acceder al Retiro Parcial por Desempleo s\u00f3lo en caso de emergencias, ya que al retirar los recursos de sus ahorros tambi\u00e9n se disminuyen las semanas cotizadas. No obstante, para no afectar la posibilidad de pensionarse, los recursos retirados pueden ser repuestos posteriormente e ingresados a la cuenta individual, con lo que se reintegrar\u00e1n las semanas que hubieran sido descontadas.<\/p>\n<p>Es posible consultar las semanas cotizadas de manera muy sencilla, con lo cual las personas pueden conocer su situaci\u00f3n afiliatoria con el Instituto, es decir, qu\u00e9 patrones las han dado de alta, y con qu\u00e9 periodos y salarios las han registrado.<\/p>\n<p>Este tr\u00e1mite se puede realizar a trav\u00e9s de la p\u00e1gina<a href=\"http:\/\/www.imss.gob.mx\"><em><strong> www.imss.gob.mx<\/strong> <\/em><\/a>en el apartado de servicios digitales. Lo \u00fanico que se requiere es contar con un correo electr\u00f3nico, CURP, N\u00famero de Seguridad Social y de manera autom\u00e1tica el sistema generar\u00e1 el resultado de la consulta.<\/p>\n<p>Es importante que las personas se cercioren de que en los registros del IMSS se cuenten con sus datos correctos y actualizados, para acceder a realizar tanto estos tr\u00e1mites digitales como para recibir todos los servicios que ofrece el Instituto.<\/p>\n<p>Para mayor informaci\u00f3n de los tr\u00e1mites antes se\u00f1alados se ha puesto a disposici\u00f3n de la poblaci\u00f3n el n\u00famero 800 623 2323, opci\u00f3n 1, de lunes a viernes en un horario de 8:00 a 20:00 horas, y los s\u00e1bados y domingos de 8:00 a 14:00 horas.<\/p>\n","protected":false},"excerpt":{"rendered":"<p>&nbsp; Entre los beneficios que ofrece el Instituto Mexicano del Seguro Social (IMSS) en materia de seguridad social, se encuentra el Retiro Parcial por Desempleo, una protecci\u00f3n que tiene el trabajador formal, particularmente importante en momentos de emergencia sanitaria, ya que en el caso de p\u00e9rdida del empleo, puede hacerse uso de los recursos de [&hellip;]<\/p>\n","protected":false},"author":2,"featured_media":0,"comment_status":"open","ping_status":"open","sticky":false,"template":"","format":"standard","meta":{"tdm_status":"","tdm_grid_status":"","footnotes":""},"categories":[73],"tags":[17036,1208,24894,11292,24896,24895,11904],"class_list":{"0":"post-66126","1":"post","2":"type-post","3":"status-publish","4":"format-standard","6":"category-de-boleto","7":"tag-emergencia-sanitaria","8":"tag-imss","9":"tag-retiro-parcial-por-desempleo","10":"tag-seguridad-social","11":"tag-subcuenta-de-retiro","12":"tag-trabajador-formal","13":"tag-uma"},"yoast_head":"<!-- This site is optimized with the Yoast SEO plugin v27.4 - https:\/\/yoast.com\/product\/yoast-seo-wordpress\/ -->\n<title>El IMSS te protege si te quedas sin chamba - Los pol\u00edticos Veracruz<\/title>\n<meta name=\"robots\" content=\"index, follow, max-snippet:-1, max-image-preview:large, max-video-preview:-1\" \/>\n<link rel=\"canonical\" href=\"https:\/\/lospoliticosveracruz.com\/?p=66126\" \/>\n<meta property=\"og:locale\" content=\"es_ES\" \/>\n<meta property=\"og:type\" content=\"article\" \/>\n<meta property=\"og:title\" content=\"El IMSS te protege si te quedas sin chamba - Los pol\u00edticos Veracruz\" \/>\n<meta property=\"og:description\" content=\"&nbsp; Entre los beneficios que ofrece el Instituto Mexicano del Seguro Social (IMSS) en materia de seguridad social, se encuentra el Retiro Parcial por Desempleo, una protecci\u00f3n que tiene el trabajador formal, particularmente importante en momentos de emergencia sanitaria, ya que en el caso de p\u00e9rdida del empleo, puede hacerse uso de los recursos de [&hellip;]\" \/>\n<meta property=\"og:url\" content=\"https:\/\/lospoliticosveracruz.com\/?p=66126\" \/>\n<meta property=\"og:site_name\" content=\"Los pol\u00edticos Veracruz\" \/>\n<meta property=\"article:publisher\" content=\"https:\/\/www.facebook.com\/people\/Notimemes-de-los-Polticos\/61565672886568\/\" \/>\n<meta property=\"article:published_time\" content=\"2021-01-04T17:50:54+00:00\" \/>\n<meta property=\"og:image\" content=\"https:\/\/lospoliticosveracruz.com\/wp-content\/uploads\/2016\/07\/Logo-Dor.jpg\" \/>\n\t<meta property=\"og:image:width\" content=\"200\" \/>\n\t<meta property=\"og:image:height\" content=\"200\" \/>\n\t<meta property=\"og:image:type\" content=\"image\/jpeg\" \/>\n<meta name=\"author\" content=\"Lo viste en Los Pol\u00edticos\" \/>\n<meta name=\"twitter:card\" content=\"summary_large_image\" \/>\n<meta name=\"twitter:creator\" content=\"@LosPoliticosVer\" \/>\n<meta name=\"twitter:site\" content=\"@LosPoliticosVer\" \/>\n<meta name=\"twitter:label1\" content=\"Escrito por\" \/>\n\t<meta name=\"twitter:data1\" content=\"Lo viste en Los Pol\u00edticos\" \/>\n\t<meta name=\"twitter:label2\" content=\"Tiempo de lectura\" \/>\n\t<meta name=\"twitter:data2\" content=\"3 minutos\" \/>\n<script type=\"application\/ld+json\" class=\"yoast-schema-graph\">{\"@context\":\"https:\\\/\\\/schema.org\",\"@graph\":[{\"@type\":\"Article\",\"@id\":\"https:\\\/\\\/lospoliticosveracruz.com\\\/?p=66126#article\",\"isPartOf\":{\"@id\":\"https:\\\/\\\/lospoliticosveracruz.com\\\/?p=66126\"},\"author\":{\"name\":\"Lo viste en Los Pol\u00edticos\",\"@id\":\"https:\\\/\\\/lospoliticosveracruz.com\\\/#\\\/schema\\\/person\\\/b8702bb0e538456e6efd07080bf2a4a2\"},\"headline\":\"El IMSS te protege si te quedas sin chamba\",\"datePublished\":\"2021-01-04T17:50:54+00:00\",\"mainEntityOfPage\":{\"@id\":\"https:\\\/\\\/lospoliticosveracruz.com\\\/?p=66126\"},\"wordCount\":582,\"commentCount\":0,\"publisher\":{\"@id\":\"https:\\\/\\\/lospoliticosveracruz.com\\\/#organization\"},\"keywords\":[\"emergencia sanitaria\",\"IMSS\",\"Retiro Parcial por Desempleo\",\"Seguridad Social\",\"subcuenta de Retiro\",\"trabajador formal\",\"UMA\"],\"articleSection\":[\"De Boleto\"],\"inLanguage\":\"es\",\"potentialAction\":[{\"@type\":\"CommentAction\",\"name\":\"Comment\",\"target\":[\"https:\\\/\\\/lospoliticosveracruz.com\\\/?p=66126#respond\"]}]},{\"@type\":\"WebPage\",\"@id\":\"https:\\\/\\\/lospoliticosveracruz.com\\\/?p=66126\",\"url\":\"https:\\\/\\\/lospoliticosveracruz.com\\\/?p=66126\",\"name\":\"El IMSS te protege si te quedas sin chamba - Los pol\u00edticos Veracruz\",\"isPartOf\":{\"@id\":\"https:\\\/\\\/lospoliticosveracruz.com\\\/#website\"},\"datePublished\":\"2021-01-04T17:50:54+00:00\",\"breadcrumb\":{\"@id\":\"https:\\\/\\\/lospoliticosveracruz.com\\\/?p=66126#breadcrumb\"},\"inLanguage\":\"es\",\"potentialAction\":[{\"@type\":\"ReadAction\",\"target\":[\"https:\\\/\\\/lospoliticosveracruz.com\\\/?p=66126\"]}]},{\"@type\":\"BreadcrumbList\",\"@id\":\"https:\\\/\\\/lospoliticosveracruz.com\\\/?p=66126#breadcrumb\",\"itemListElement\":[{\"@type\":\"ListItem\",\"position\":1,\"name\":\"Portada\",\"item\":\"https:\\\/\\\/lospoliticosveracruz.com\\\/\"},{\"@type\":\"ListItem\",\"position\":2,\"name\":\"El IMSS te protege si te quedas sin chamba\"}]},{\"@type\":\"WebSite\",\"@id\":\"https:\\\/\\\/lospoliticosveracruz.com\\\/#website\",\"url\":\"https:\\\/\\\/lospoliticosveracruz.com\\\/\",\"name\":\"Los pol\u00edticos Veracruz\",\"description\":\"\",\"publisher\":{\"@id\":\"https:\\\/\\\/lospoliticosveracruz.com\\\/#organization\"},\"potentialAction\":[{\"@type\":\"SearchAction\",\"target\":{\"@type\":\"EntryPoint\",\"urlTemplate\":\"https:\\\/\\\/lospoliticosveracruz.com\\\/?s={search_term_string}\"},\"query-input\":{\"@type\":\"PropertyValueSpecification\",\"valueRequired\":true,\"valueName\":\"search_term_string\"}}],\"inLanguage\":\"es\"},{\"@type\":\"Organization\",\"@id\":\"https:\\\/\\\/lospoliticosveracruz.com\\\/#organization\",\"name\":\"Los pol\u00edticos Veracruz\",\"url\":\"https:\\\/\\\/lospoliticosveracruz.com\\\/\",\"logo\":{\"@type\":\"ImageObject\",\"inLanguage\":\"es\",\"@id\":\"https:\\\/\\\/lospoliticosveracruz.com\\\/#\\\/schema\\\/logo\\\/image\\\/\",\"url\":\"https:\\\/\\\/lospoliticosveracruz.com\\\/wp-content\\\/uploads\\\/2025\\\/12\\\/Logo-Nuevo-LOS-POLITICOS-1.jpg\",\"contentUrl\":\"https:\\\/\\\/lospoliticosveracruz.com\\\/wp-content\\\/uploads\\\/2025\\\/12\\\/Logo-Nuevo-LOS-POLITICOS-1.jpg\",\"width\":260,\"height\":70,\"caption\":\"Los pol\u00edticos Veracruz\"},\"image\":{\"@id\":\"https:\\\/\\\/lospoliticosveracruz.com\\\/#\\\/schema\\\/logo\\\/image\\\/\"},\"sameAs\":[\"https:\\\/\\\/www.facebook.com\\\/people\\\/Notimemes-de-los-Polticos\\\/61565672886568\\\/\",\"https:\\\/\\\/x.com\\\/LosPoliticosVer\"]},{\"@type\":\"Person\",\"@id\":\"https:\\\/\\\/lospoliticosveracruz.com\\\/#\\\/schema\\\/person\\\/b8702bb0e538456e6efd07080bf2a4a2\",\"name\":\"Lo viste en Los Pol\u00edticos\",\"image\":{\"@type\":\"ImageObject\",\"inLanguage\":\"es\",\"@id\":\"https:\\\/\\\/secure.gravatar.com\\\/avatar\\\/3a8de04a2656d44082be478bd6c086daa447c4651605818287b9532d3d0bd435?s=96&d=mm&r=g\",\"url\":\"https:\\\/\\\/secure.gravatar.com\\\/avatar\\\/3a8de04a2656d44082be478bd6c086daa447c4651605818287b9532d3d0bd435?s=96&d=mm&r=g\",\"contentUrl\":\"https:\\\/\\\/secure.gravatar.com\\\/avatar\\\/3a8de04a2656d44082be478bd6c086daa447c4651605818287b9532d3d0bd435?s=96&d=mm&r=g\",\"caption\":\"Lo viste en Los Pol\u00edticos\"},\"url\":\"https:\\\/\\\/lospoliticosveracruz.com\\\/?author=2\"}]}<\/script>\n<!-- \/ Yoast SEO plugin. -->","yoast_head_json":{"title":"El IMSS te protege si te quedas sin chamba - Los pol\u00edticos Veracruz","robots":{"index":"index","follow":"follow","max-snippet":"max-snippet:-1","max-image-preview":"max-image-preview:large","max-video-preview":"max-video-preview:-1"},"canonical":"https:\/\/lospoliticosveracruz.com\/?p=66126","og_locale":"es_ES","og_type":"article","og_title":"El IMSS te protege si te quedas sin chamba - Los pol\u00edticos Veracruz","og_description":"&nbsp; Entre los beneficios que ofrece el Instituto Mexicano del Seguro Social (IMSS) en materia de seguridad social, se encuentra el Retiro Parcial por Desempleo, una protecci\u00f3n que tiene el trabajador formal, particularmente importante en momentos de emergencia sanitaria, ya que en el caso de p\u00e9rdida del empleo, puede hacerse uso de los recursos de [&hellip;]","og_url":"https:\/\/lospoliticosveracruz.com\/?p=66126","og_site_name":"Los pol\u00edticos Veracruz","article_publisher":"https:\/\/www.facebook.com\/people\/Notimemes-de-los-Polticos\/61565672886568\/","article_published_time":"2021-01-04T17:50:54+00:00","og_image":[{"width":200,"height":200,"url":"https:\/\/lospoliticosveracruz.com\/wp-content\/uploads\/2016\/07\/Logo-Dor.jpg","type":"image\/jpeg"}],"author":"Lo viste en Los Pol\u00edticos","twitter_card":"summary_large_image","twitter_creator":"@LosPoliticosVer","twitter_site":"@LosPoliticosVer","twitter_misc":{"Escrito por":"Lo viste en Los Pol\u00edticos","Tiempo de lectura":"3 minutos"},"schema":{"@context":"https:\/\/schema.org","@graph":[{"@type":"Article","@id":"https:\/\/lospoliticosveracruz.com\/?p=66126#article","isPartOf":{"@id":"https:\/\/lospoliticosveracruz.com\/?p=66126"},"author":{"name":"Lo viste en Los Pol\u00edticos","@id":"https:\/\/lospoliticosveracruz.com\/#\/schema\/person\/b8702bb0e538456e6efd07080bf2a4a2"},"headline":"El IMSS te protege si te quedas sin chamba","datePublished":"2021-01-04T17:50:54+00:00","mainEntityOfPage":{"@id":"https:\/\/lospoliticosveracruz.com\/?p=66126"},"wordCount":582,"commentCount":0,"publisher":{"@id":"https:\/\/lospoliticosveracruz.com\/#organization"},"keywords":["emergencia sanitaria","IMSS","Retiro Parcial por Desempleo","Seguridad Social","subcuenta de Retiro","trabajador formal","UMA"],"articleSection":["De Boleto"],"inLanguage":"es","potentialAction":[{"@type":"CommentAction","name":"Comment","target":["https:\/\/lospoliticosveracruz.com\/?p=66126#respond"]}]},{"@type":"WebPage","@id":"https:\/\/lospoliticosveracruz.com\/?p=66126","url":"https:\/\/lospoliticosveracruz.com\/?p=66126","name":"El IMSS te protege si te quedas sin chamba - Los pol\u00edticos Veracruz","isPartOf":{"@id":"https:\/\/lospoliticosveracruz.com\/#website"},"datePublished":"2021-01-04T17:50:54+00:00","breadcrumb":{"@id":"https:\/\/lospoliticosveracruz.com\/?p=66126#breadcrumb"},"inLanguage":"es","potentialAction":[{"@type":"ReadAction","target":["https:\/\/lospoliticosveracruz.com\/?p=66126"]}]},{"@type":"BreadcrumbList","@id":"https:\/\/lospoliticosveracruz.com\/?p=66126#breadcrumb","itemListElement":[{"@type":"ListItem","position":1,"name":"Portada","item":"https:\/\/lospoliticosveracruz.com\/"},{"@type":"ListItem","position":2,"name":"El IMSS te protege si te quedas sin chamba"}]},{"@type":"WebSite","@id":"https:\/\/lospoliticosveracruz.com\/#website","url":"https:\/\/lospoliticosveracruz.com\/","name":"Los pol\u00edticos Veracruz","description":"","publisher":{"@id":"https:\/\/lospoliticosveracruz.com\/#organization"},"potentialAction":[{"@type":"SearchAction","target":{"@type":"EntryPoint","urlTemplate":"https:\/\/lospoliticosveracruz.com\/?s={search_term_string}"},"query-input":{"@type":"PropertyValueSpecification","valueRequired":true,"valueName":"search_term_string"}}],"inLanguage":"es"},{"@type":"Organization","@id":"https:\/\/lospoliticosveracruz.com\/#organization","name":"Los pol\u00edticos Veracruz","url":"https:\/\/lospoliticosveracruz.com\/","logo":{"@type":"ImageObject","inLanguage":"es","@id":"https:\/\/lospoliticosveracruz.com\/#\/schema\/logo\/image\/","url":"https:\/\/lospoliticosveracruz.com\/wp-content\/uploads\/2025\/12\/Logo-Nuevo-LOS-POLITICOS-1.jpg","contentUrl":"https:\/\/lospoliticosveracruz.com\/wp-content\/uploads\/2025\/12\/Logo-Nuevo-LOS-POLITICOS-1.jpg","width":260,"height":70,"caption":"Los pol\u00edticos Veracruz"},"image":{"@id":"https:\/\/lospoliticosveracruz.com\/#\/schema\/logo\/image\/"},"sameAs":["https:\/\/www.facebook.com\/people\/Notimemes-de-los-Polticos\/61565672886568\/","https:\/\/x.com\/LosPoliticosVer"]},{"@type":"Person","@id":"https:\/\/lospoliticosveracruz.com\/#\/schema\/person\/b8702bb0e538456e6efd07080bf2a4a2","name":"Lo viste en Los Pol\u00edticos","image":{"@type":"ImageObject","inLanguage":"es","@id":"https:\/\/secure.gravatar.com\/avatar\/3a8de04a2656d44082be478bd6c086daa447c4651605818287b9532d3d0bd435?s=96&d=mm&r=g","url":"https:\/\/secure.gravatar.com\/avatar\/3a8de04a2656d44082be478bd6c086daa447c4651605818287b9532d3d0bd435?s=96&d=mm&r=g","contentUrl":"https:\/\/secure.gravatar.com\/avatar\/3a8de04a2656d44082be478bd6c086daa447c4651605818287b9532d3d0bd435?s=96&d=mm&r=g","caption":"Lo viste en Los Pol\u00edticos"},"url":"https:\/\/lospoliticosveracruz.com\/?author=2"}]}},"_links":{"self":[{"href":"https:\/\/lospoliticosveracruz.com\/index.php?rest_route=\/wp\/v2\/posts\/66126","targetHints":{"allow":["GET"]}}],"collection":[{"href":"https:\/\/lospoliticosveracruz.com\/index.php?rest_route=\/wp\/v2\/posts"}],"about":[{"href":"https:\/\/lospoliticosveracruz.com\/index.php?rest_route=\/wp\/v2\/types\/post"}],"author":[{"embeddable":true,"href":"https:\/\/lospoliticosveracruz.com\/index.php?rest_route=\/wp\/v2\/users\/2"}],"replies":[{"embeddable":true,"href":"https:\/\/lospoliticosveracruz.com\/index.php?rest_route=%2Fwp%2Fv2%2Fcomments&post=66126"}],"version-history":[{"count":1,"href":"https:\/\/lospoliticosveracruz.com\/index.php?rest_route=\/wp\/v2\/posts\/66126\/revisions"}],"predecessor-version":[{"id":66128,"href":"https:\/\/lospoliticosveracruz.com\/index.php?rest_route=\/wp\/v2\/posts\/66126\/revisions\/66128"}],"wp:attachment":[{"href":"https:\/\/lospoliticosveracruz.com\/index.php?rest_route=%2Fwp%2Fv2%2Fmedia&parent=66126"}],"wp:term":[{"taxonomy":"category","embeddable":true,"href":"https:\/\/lospoliticosveracruz.com\/index.php?rest_route=%2Fwp%2Fv2%2Fcategories&post=66126"},{"taxonomy":"post_tag","embeddable":true,"href":"https:\/\/lospoliticosveracruz.com\/index.php?rest_route=%2Fwp%2Fv2%2Ftags&post=66126"}],"curies":[{"name":"wp","href":"https:\/\/api.w.org\/{rel}","templated":true}]}}