{"id":66138,"date":"2021-01-04T18:14:54","date_gmt":"2021-01-05T00:14:54","guid":{"rendered":"http:\/\/www.lospoliticosveracruz.com.mx\/?p=66138"},"modified":"2021-01-05T08:06:06","modified_gmt":"2021-01-05T14:06:06","slug":"alianza-o-alternativa","status":"publish","type":"post","link":"https:\/\/lospoliticosveracruz.com\/?p=66138","title":{"rendered":"Alianza o Alternativa"},"content":{"rendered":"<p><strong>Salvador Mu\u00f1oz<\/strong><\/p>\n<p><em>Los Pol\u00edticos<\/em><\/p>\n<p><span style=\"font-weight: 400;\">Un fen\u00f3meno interesante se est\u00e1 dando en el ciudadano, en el de a pie, en el que perdi\u00f3 su empleo o el que teni\u00e9ndolo en el gobierno, es v\u00edctima de un d\u00e9spota como jefe: en estas pr\u00f3ximas elecciones, no est\u00e1 considerando votar por la Alianza, sino por la Alternativa.<\/span><\/p>\n<p><a href=\"https:\/\/www.facebook.com\/notaria61veracruz\/\"><img decoding=\"async\" src=\"http:\/\/www.lospoliticosveracruz.com.mx\/wp-content\/uploads\/2020\/07\/CINTILLO-Armando.jpg\" alt=\"\" \/><\/a><\/p>\n<p><span style=\"font-weight: 400;\">S\u00ed, parece lo mismo, pero no lo es; sin embargo, en Morena ya sintieron pasos en la azotea, tanto, que hasta comerciales anti-Alianza han salido a relucir en aras de denostar al PRI-AN, los dos partidos que concentran la lluvia de misiles que inici\u00f3 el mismo Presidente.<\/span><\/p>\n<p><span style=\"font-weight: 400;\">Hay que aclarar que la Alianza vista como una Alternativa por el ciudadano, est\u00e1 latente hasta el momento, no es una certeza\u2026 la probabilidad ha de crecer en cuanto empiecen a sonar los nombres de quienes han de competir por las curules locales y federales as\u00ed como por las alcald\u00edas \u00a1y ojo! porque si Morena lleva buenos candidatos y no hijos de la t\u00f3mbola, el juego se puede nivelar. Recuerden que estas elecciones podemos volver a votar por el candidato, por la persona, y ya no tanto por las siglas o en masa. Mucho si no se aprendi\u00f3 la lecci\u00f3n.<\/span><\/p>\n<p><span style=\"font-weight: 400;\">\u00a1Estamos de acuerdo! Hay municipios donde el personaje ya est\u00e1 m\u00e1s que cantado o si no est\u00e1 al cien por ciento, las circunstancias pol\u00edticas, el ambiente al interior de su partido, lo lleva casi de la mano para ponerle el fierro de \u201cCandidato\u201d o \u201cCandidata\u201d.<\/span><\/p>\n<p><span style=\"font-weight: 400;\">Un ejemplo de ello puede ser Boca del R\u00edo con Juan Manuel de Unanue, al que no se le ve por ning\u00fan lado competencia dentro de su partido sin pretensi\u00f3n de ser despectivo o minimizar a alguien.<\/span><\/p>\n<p><span style=\"font-weight: 400;\">Caso contrario ocurre en el Puerto, donde a Bingen Rementer\u00eda le ponen piedras en el camino lo que de cierto modo, no genera certidumbre en el panismo jarocho, aunque en el ciudadano pareciera no importarles los pleitos caseros.<\/span><\/p>\n<p><span style=\"font-weight: 400;\">En Xalapa, la pugna es similar: Sergio Hern\u00e1ndez por un lado; David Velasco, por otro, aunque ac\u00e1 el asunto tiene m\u00e1s hilos que deshebrar\u2026<\/span><\/p>\n<p><span style=\"font-weight: 400;\">Hasta donde se sabe, el CEN del PAN que encabeza Marko Cort\u00e9s, dej\u00f3 en claro al dirigente estatal del blanquiazul, Joaqu\u00edn Guzm\u00e1n Avil\u00e9s, que la alianza estatal va con sem\u00e1foro verde pero con algunas aristas:<\/span><\/p>\n<p><span style=\"font-weight: 400;\">1.- Se ir\u00e1 en funci\u00f3n de la proporci\u00f3n. Es decir, donde el mayor n\u00famero de votos tenga el PAN, es mano.<\/span><\/p>\n<p><span style=\"font-weight: 400;\">2.- Se ir\u00e1 en funci\u00f3n del candidato. Claro que puede haber municipios donde el gobierno panista est\u00e9 desgastado. Es posible que, o lleve un buen candidato del PAN o alguno de la alianza; y el punto m\u00e1s importante:<\/span><\/p>\n<p><span style=\"font-weight: 400;\">3.- Ni Tuxpan, Tantoyuca, Veracruz-Boca del R\u00edo y Xalapa estar\u00e1n sujetos a la Alianza; es decir, sus candidatos a la presidencia municipal ser\u00e1n netamente celestes, panistas de sangre azul, \u00a1ah! y decidido por la militancia\u2026 es decir que en el caso del Puerto, Chiquiyunes si quisiera ser candidato a la alcald\u00eda que hoy gobierna su hermano, tendr\u00eda un chance contra Bingen; en el caso de Sergio Hern\u00e1ndez, si acaso se respetara la posici\u00f3n del CEN del PAN, su contrincante m\u00e1s cercano ser\u00eda Omar Miranda Romero\u2026<\/span><\/p>\n<p><span style=\"font-weight: 400;\">Lo que s\u00ed es un hecho, es que la Alianza m\u00e1s que uni\u00f3n de fuerzas contra Morena como es visto por los pol\u00edticos, entre los ciudadanos su mejor sin\u00f3nimo bien podr\u00eda ser la Alternativa, misma que a\u00fan es latente en el sentir del elector que bien se puede confirmar con el candidato que se postule para la presidencia municipal, o se enfile a otros partidos que van solos, ya sea por convicci\u00f3n o porque no tienen de otra\u2026<\/span><\/p>\n<p><span style=\"font-weight: 400;\">Al final, la Alternancia es el juego de la democracia llevada a su m\u00e1xima expresi\u00f3n, donde todos los partidos pueden tener su pedacito de gloria.<\/span><\/p>\n<p>&nbsp;<\/p>\n<p><span style=\"font-weight: 400;\">smcainito@gmail.com<\/span><\/p>\n<p>&nbsp;<\/p>\n","protected":false},"excerpt":{"rendered":"<p>Salvador Mu\u00f1oz Los Pol\u00edticos Un fen\u00f3meno interesante se est\u00e1 dando en el ciudadano, en el de a pie, en el que perdi\u00f3 su empleo o el que teni\u00e9ndolo en el gobierno, es v\u00edctima de un d\u00e9spota como jefe: en estas pr\u00f3ximas elecciones, no est\u00e1 considerando votar por la Alianza, sino por la Alternativa. S\u00ed, parece [&hellip;]<\/p>\n","protected":false},"author":2,"featured_media":64967,"comment_status":"open","ping_status":"open","sticky":false,"template":"","format":"standard","meta":{"tdm_status":"","tdm_grid_status":"","footnotes":""},"categories":[70],"tags":[3199,4684,601,5087,450,1273,3288,12562,1951,266,251,2646,6142,752,203,195,96],"class_list":{"0":"post-66138","1":"post","2":"type-post","3":"status-publish","4":"format-standard","5":"has-post-thumbnail","7":"category-de-opinion","8":"tag-alianza","9":"tag-bingen-rementeria","10":"tag-boca-del-rio","11":"tag-candidata","12":"tag-candidato","13":"tag-david-velasco","14":"tag-joaquin-guzman-aviles","15":"tag-marko-cortes","16":"tag-omar-miranda-romero","17":"tag-pan","18":"tag-pri","19":"tag-salvador-munoz","20":"tag-sergio-hernandez","21":"tag-tantoyuca","22":"tag-tuxpan","23":"tag-veracruz","24":"tag-xalapa"},"yoast_head":"<!-- This site is optimized with the Yoast SEO plugin v27.4 - https:\/\/yoast.com\/product\/yoast-seo-wordpress\/ -->\n<title>Alianza o Alternativa - Los pol\u00edticos Veracruz<\/title>\n<meta name=\"robots\" content=\"index, follow, max-snippet:-1, max-image-preview:large, max-video-preview:-1\" \/>\n<link rel=\"canonical\" href=\"https:\/\/lospoliticosveracruz.com\/?p=66138\" \/>\n<meta property=\"og:locale\" content=\"es_ES\" \/>\n<meta property=\"og:type\" content=\"article\" \/>\n<meta property=\"og:title\" content=\"Alianza o Alternativa - Los pol\u00edticos Veracruz\" \/>\n<meta property=\"og:description\" content=\"Salvador Mu\u00f1oz Los Pol\u00edticos Un fen\u00f3meno interesante se est\u00e1 dando en el ciudadano, en el de a pie, en el que perdi\u00f3 su empleo o el que teni\u00e9ndolo en el gobierno, es v\u00edctima de un d\u00e9spota como jefe: en estas pr\u00f3ximas elecciones, no est\u00e1 considerando votar por la Alianza, sino por la Alternativa. S\u00ed, parece [&hellip;]\" \/>\n<meta property=\"og:url\" content=\"https:\/\/lospoliticosveracruz.com\/?p=66138\" \/>\n<meta property=\"og:site_name\" content=\"Los pol\u00edticos Veracruz\" \/>\n<meta property=\"article:publisher\" content=\"https:\/\/www.facebook.com\/people\/Notimemes-de-los-Polticos\/61565672886568\/\" \/>\n<meta property=\"article:published_time\" content=\"2021-01-05T00:14:54+00:00\" \/>\n<meta property=\"article:modified_time\" content=\"2021-01-05T14:06:06+00:00\" \/>\n<meta property=\"og:image\" content=\"https:\/\/lospoliticosveracruz.com\/wp-content\/uploads\/2020\/12\/Alianzas-caras.jpg\" \/>\n\t<meta property=\"og:image:width\" content=\"600\" \/>\n\t<meta property=\"og:image:height\" content=\"320\" \/>\n\t<meta property=\"og:image:type\" content=\"image\/jpeg\" \/>\n<meta name=\"author\" content=\"Lo viste en Los Pol\u00edticos\" \/>\n<meta name=\"twitter:card\" content=\"summary_large_image\" \/>\n<meta name=\"twitter:creator\" content=\"@LosPoliticosVer\" \/>\n<meta name=\"twitter:site\" content=\"@LosPoliticosVer\" \/>\n<meta name=\"twitter:label1\" content=\"Escrito por\" \/>\n\t<meta name=\"twitter:data1\" content=\"Lo viste en Los Pol\u00edticos\" \/>\n\t<meta name=\"twitter:label2\" content=\"Tiempo de lectura\" \/>\n\t<meta name=\"twitter:data2\" content=\"3 minutos\" \/>\n<script type=\"application\/ld+json\" class=\"yoast-schema-graph\">{\"@context\":\"https:\\\/\\\/schema.org\",\"@graph\":[{\"@type\":\"Article\",\"@id\":\"https:\\\/\\\/lospoliticosveracruz.com\\\/?p=66138#article\",\"isPartOf\":{\"@id\":\"https:\\\/\\\/lospoliticosveracruz.com\\\/?p=66138\"},\"author\":{\"name\":\"Lo viste en Los Pol\u00edticos\",\"@id\":\"https:\\\/\\\/lospoliticosveracruz.com\\\/#\\\/schema\\\/person\\\/b8702bb0e538456e6efd07080bf2a4a2\"},\"headline\":\"Alianza o Alternativa\",\"datePublished\":\"2021-01-05T00:14:54+00:00\",\"dateModified\":\"2021-01-05T14:06:06+00:00\",\"mainEntityOfPage\":{\"@id\":\"https:\\\/\\\/lospoliticosveracruz.com\\\/?p=66138\"},\"wordCount\":680,\"commentCount\":0,\"publisher\":{\"@id\":\"https:\\\/\\\/lospoliticosveracruz.com\\\/#organization\"},\"image\":{\"@id\":\"https:\\\/\\\/lospoliticosveracruz.com\\\/?p=66138#primaryimage\"},\"thumbnailUrl\":\"https:\\\/\\\/lospoliticosveracruz.com\\\/wp-content\\\/uploads\\\/2020\\\/12\\\/Alianzas-caras.jpg\",\"keywords\":[\"alianza\",\"Bingen Rementer\u00eda\",\"Boca del R\u00edo\",\"candidata\",\"candidato\",\"David Velasco\",\"Joaqu\u00edn Guzm\u00e1n Avil\u00e9s\",\"Marko Cort\u00e9s\",\"Omar Miranda Romero\",\"PAN\",\"PRI\",\"Salvador Mu\u00f1oz\",\"Sergio Hern\u00e1ndez\",\"Tantoyuca\",\"Tuxpan\",\"Veracruz\",\"Xalapa\"],\"articleSection\":[\"De Opini\u00f3n\"],\"inLanguage\":\"es\",\"potentialAction\":[{\"@type\":\"CommentAction\",\"name\":\"Comment\",\"target\":[\"https:\\\/\\\/lospoliticosveracruz.com\\\/?p=66138#respond\"]}]},{\"@type\":\"WebPage\",\"@id\":\"https:\\\/\\\/lospoliticosveracruz.com\\\/?p=66138\",\"url\":\"https:\\\/\\\/lospoliticosveracruz.com\\\/?p=66138\",\"name\":\"Alianza o Alternativa - Los pol\u00edticos Veracruz\",\"isPartOf\":{\"@id\":\"https:\\\/\\\/lospoliticosveracruz.com\\\/#website\"},\"primaryImageOfPage\":{\"@id\":\"https:\\\/\\\/lospoliticosveracruz.com\\\/?p=66138#primaryimage\"},\"image\":{\"@id\":\"https:\\\/\\\/lospoliticosveracruz.com\\\/?p=66138#primaryimage\"},\"thumbnailUrl\":\"https:\\\/\\\/lospoliticosveracruz.com\\\/wp-content\\\/uploads\\\/2020\\\/12\\\/Alianzas-caras.jpg\",\"datePublished\":\"2021-01-05T00:14:54+00:00\",\"dateModified\":\"2021-01-05T14:06:06+00:00\",\"breadcrumb\":{\"@id\":\"https:\\\/\\\/lospoliticosveracruz.com\\\/?p=66138#breadcrumb\"},\"inLanguage\":\"es\",\"potentialAction\":[{\"@type\":\"ReadAction\",\"target\":[\"https:\\\/\\\/lospoliticosveracruz.com\\\/?p=66138\"]}]},{\"@type\":\"ImageObject\",\"inLanguage\":\"es\",\"@id\":\"https:\\\/\\\/lospoliticosveracruz.com\\\/?p=66138#primaryimage\",\"url\":\"https:\\\/\\\/lospoliticosveracruz.com\\\/wp-content\\\/uploads\\\/2020\\\/12\\\/Alianzas-caras.jpg\",\"contentUrl\":\"https:\\\/\\\/lospoliticosveracruz.com\\\/wp-content\\\/uploads\\\/2020\\\/12\\\/Alianzas-caras.jpg\",\"width\":600,\"height\":320},{\"@type\":\"BreadcrumbList\",\"@id\":\"https:\\\/\\\/lospoliticosveracruz.com\\\/?p=66138#breadcrumb\",\"itemListElement\":[{\"@type\":\"ListItem\",\"position\":1,\"name\":\"Portada\",\"item\":\"https:\\\/\\\/lospoliticosveracruz.com\\\/\"},{\"@type\":\"ListItem\",\"position\":2,\"name\":\"Alianza o Alternativa\"}]},{\"@type\":\"WebSite\",\"@id\":\"https:\\\/\\\/lospoliticosveracruz.com\\\/#website\",\"url\":\"https:\\\/\\\/lospoliticosveracruz.com\\\/\",\"name\":\"Los pol\u00edticos Veracruz\",\"description\":\"\",\"publisher\":{\"@id\":\"https:\\\/\\\/lospoliticosveracruz.com\\\/#organization\"},\"potentialAction\":[{\"@type\":\"SearchAction\",\"target\":{\"@type\":\"EntryPoint\",\"urlTemplate\":\"https:\\\/\\\/lospoliticosveracruz.com\\\/?s={search_term_string}\"},\"query-input\":{\"@type\":\"PropertyValueSpecification\",\"valueRequired\":true,\"valueName\":\"search_term_string\"}}],\"inLanguage\":\"es\"},{\"@type\":\"Organization\",\"@id\":\"https:\\\/\\\/lospoliticosveracruz.com\\\/#organization\",\"name\":\"Los pol\u00edticos Veracruz\",\"url\":\"https:\\\/\\\/lospoliticosveracruz.com\\\/\",\"logo\":{\"@type\":\"ImageObject\",\"inLanguage\":\"es\",\"@id\":\"https:\\\/\\\/lospoliticosveracruz.com\\\/#\\\/schema\\\/logo\\\/image\\\/\",\"url\":\"https:\\\/\\\/lospoliticosveracruz.com\\\/wp-content\\\/uploads\\\/2025\\\/12\\\/Logo-Nuevo-LOS-POLITICOS-1.jpg\",\"contentUrl\":\"https:\\\/\\\/lospoliticosveracruz.com\\\/wp-content\\\/uploads\\\/2025\\\/12\\\/Logo-Nuevo-LOS-POLITICOS-1.jpg\",\"width\":260,\"height\":70,\"caption\":\"Los pol\u00edticos Veracruz\"},\"image\":{\"@id\":\"https:\\\/\\\/lospoliticosveracruz.com\\\/#\\\/schema\\\/logo\\\/image\\\/\"},\"sameAs\":[\"https:\\\/\\\/www.facebook.com\\\/people\\\/Notimemes-de-los-Polticos\\\/61565672886568\\\/\",\"https:\\\/\\\/x.com\\\/LosPoliticosVer\"]},{\"@type\":\"Person\",\"@id\":\"https:\\\/\\\/lospoliticosveracruz.com\\\/#\\\/schema\\\/person\\\/b8702bb0e538456e6efd07080bf2a4a2\",\"name\":\"Lo viste en Los Pol\u00edticos\",\"image\":{\"@type\":\"ImageObject\",\"inLanguage\":\"es\",\"@id\":\"https:\\\/\\\/secure.gravatar.com\\\/avatar\\\/3a8de04a2656d44082be478bd6c086daa447c4651605818287b9532d3d0bd435?s=96&d=mm&r=g\",\"url\":\"https:\\\/\\\/secure.gravatar.com\\\/avatar\\\/3a8de04a2656d44082be478bd6c086daa447c4651605818287b9532d3d0bd435?s=96&d=mm&r=g\",\"contentUrl\":\"https:\\\/\\\/secure.gravatar.com\\\/avatar\\\/3a8de04a2656d44082be478bd6c086daa447c4651605818287b9532d3d0bd435?s=96&d=mm&r=g\",\"caption\":\"Lo viste en Los Pol\u00edticos\"},\"url\":\"https:\\\/\\\/lospoliticosveracruz.com\\\/?author=2\"}]}<\/script>\n<!-- \/ Yoast SEO plugin. -->","yoast_head_json":{"title":"Alianza o Alternativa - Los pol\u00edticos Veracruz","robots":{"index":"index","follow":"follow","max-snippet":"max-snippet:-1","max-image-preview":"max-image-preview:large","max-video-preview":"max-video-preview:-1"},"canonical":"https:\/\/lospoliticosveracruz.com\/?p=66138","og_locale":"es_ES","og_type":"article","og_title":"Alianza o Alternativa - Los pol\u00edticos Veracruz","og_description":"Salvador Mu\u00f1oz Los Pol\u00edticos Un fen\u00f3meno interesante se est\u00e1 dando en el ciudadano, en el de a pie, en el que perdi\u00f3 su empleo o el que teni\u00e9ndolo en el gobierno, es v\u00edctima de un d\u00e9spota como jefe: en estas pr\u00f3ximas elecciones, no est\u00e1 considerando votar por la Alianza, sino por la Alternativa. S\u00ed, parece [&hellip;]","og_url":"https:\/\/lospoliticosveracruz.com\/?p=66138","og_site_name":"Los pol\u00edticos Veracruz","article_publisher":"https:\/\/www.facebook.com\/people\/Notimemes-de-los-Polticos\/61565672886568\/","article_published_time":"2021-01-05T00:14:54+00:00","article_modified_time":"2021-01-05T14:06:06+00:00","og_image":[{"width":600,"height":320,"url":"https:\/\/lospoliticosveracruz.com\/wp-content\/uploads\/2020\/12\/Alianzas-caras.jpg","type":"image\/jpeg"}],"author":"Lo viste en Los Pol\u00edticos","twitter_card":"summary_large_image","twitter_creator":"@LosPoliticosVer","twitter_site":"@LosPoliticosVer","twitter_misc":{"Escrito por":"Lo viste en Los Pol\u00edticos","Tiempo de lectura":"3 minutos"},"schema":{"@context":"https:\/\/schema.org","@graph":[{"@type":"Article","@id":"https:\/\/lospoliticosveracruz.com\/?p=66138#article","isPartOf":{"@id":"https:\/\/lospoliticosveracruz.com\/?p=66138"},"author":{"name":"Lo viste en Los Pol\u00edticos","@id":"https:\/\/lospoliticosveracruz.com\/#\/schema\/person\/b8702bb0e538456e6efd07080bf2a4a2"},"headline":"Alianza o Alternativa","datePublished":"2021-01-05T00:14:54+00:00","dateModified":"2021-01-05T14:06:06+00:00","mainEntityOfPage":{"@id":"https:\/\/lospoliticosveracruz.com\/?p=66138"},"wordCount":680,"commentCount":0,"publisher":{"@id":"https:\/\/lospoliticosveracruz.com\/#organization"},"image":{"@id":"https:\/\/lospoliticosveracruz.com\/?p=66138#primaryimage"},"thumbnailUrl":"https:\/\/lospoliticosveracruz.com\/wp-content\/uploads\/2020\/12\/Alianzas-caras.jpg","keywords":["alianza","Bingen Rementer\u00eda","Boca del R\u00edo","candidata","candidato","David Velasco","Joaqu\u00edn Guzm\u00e1n Avil\u00e9s","Marko Cort\u00e9s","Omar Miranda Romero","PAN","PRI","Salvador Mu\u00f1oz","Sergio Hern\u00e1ndez","Tantoyuca","Tuxpan","Veracruz","Xalapa"],"articleSection":["De Opini\u00f3n"],"inLanguage":"es","potentialAction":[{"@type":"CommentAction","name":"Comment","target":["https:\/\/lospoliticosveracruz.com\/?p=66138#respond"]}]},{"@type":"WebPage","@id":"https:\/\/lospoliticosveracruz.com\/?p=66138","url":"https:\/\/lospoliticosveracruz.com\/?p=66138","name":"Alianza o Alternativa - Los pol\u00edticos Veracruz","isPartOf":{"@id":"https:\/\/lospoliticosveracruz.com\/#website"},"primaryImageOfPage":{"@id":"https:\/\/lospoliticosveracruz.com\/?p=66138#primaryimage"},"image":{"@id":"https:\/\/lospoliticosveracruz.com\/?p=66138#primaryimage"},"thumbnailUrl":"https:\/\/lospoliticosveracruz.com\/wp-content\/uploads\/2020\/12\/Alianzas-caras.jpg","datePublished":"2021-01-05T00:14:54+00:00","dateModified":"2021-01-05T14:06:06+00:00","breadcrumb":{"@id":"https:\/\/lospoliticosveracruz.com\/?p=66138#breadcrumb"},"inLanguage":"es","potentialAction":[{"@type":"ReadAction","target":["https:\/\/lospoliticosveracruz.com\/?p=66138"]}]},{"@type":"ImageObject","inLanguage":"es","@id":"https:\/\/lospoliticosveracruz.com\/?p=66138#primaryimage","url":"https:\/\/lospoliticosveracruz.com\/wp-content\/uploads\/2020\/12\/Alianzas-caras.jpg","contentUrl":"https:\/\/lospoliticosveracruz.com\/wp-content\/uploads\/2020\/12\/Alianzas-caras.jpg","width":600,"height":320},{"@type":"BreadcrumbList","@id":"https:\/\/lospoliticosveracruz.com\/?p=66138#breadcrumb","itemListElement":[{"@type":"ListItem","position":1,"name":"Portada","item":"https:\/\/lospoliticosveracruz.com\/"},{"@type":"ListItem","position":2,"name":"Alianza o Alternativa"}]},{"@type":"WebSite","@id":"https:\/\/lospoliticosveracruz.com\/#website","url":"https:\/\/lospoliticosveracruz.com\/","name":"Los pol\u00edticos Veracruz","description":"","publisher":{"@id":"https:\/\/lospoliticosveracruz.com\/#organization"},"potentialAction":[{"@type":"SearchAction","target":{"@type":"EntryPoint","urlTemplate":"https:\/\/lospoliticosveracruz.com\/?s={search_term_string}"},"query-input":{"@type":"PropertyValueSpecification","valueRequired":true,"valueName":"search_term_string"}}],"inLanguage":"es"},{"@type":"Organization","@id":"https:\/\/lospoliticosveracruz.com\/#organization","name":"Los pol\u00edticos Veracruz","url":"https:\/\/lospoliticosveracruz.com\/","logo":{"@type":"ImageObject","inLanguage":"es","@id":"https:\/\/lospoliticosveracruz.com\/#\/schema\/logo\/image\/","url":"https:\/\/lospoliticosveracruz.com\/wp-content\/uploads\/2025\/12\/Logo-Nuevo-LOS-POLITICOS-1.jpg","contentUrl":"https:\/\/lospoliticosveracruz.com\/wp-content\/uploads\/2025\/12\/Logo-Nuevo-LOS-POLITICOS-1.jpg","width":260,"height":70,"caption":"Los pol\u00edticos Veracruz"},"image":{"@id":"https:\/\/lospoliticosveracruz.com\/#\/schema\/logo\/image\/"},"sameAs":["https:\/\/www.facebook.com\/people\/Notimemes-de-los-Polticos\/61565672886568\/","https:\/\/x.com\/LosPoliticosVer"]},{"@type":"Person","@id":"https:\/\/lospoliticosveracruz.com\/#\/schema\/person\/b8702bb0e538456e6efd07080bf2a4a2","name":"Lo viste en Los Pol\u00edticos","image":{"@type":"ImageObject","inLanguage":"es","@id":"https:\/\/secure.gravatar.com\/avatar\/3a8de04a2656d44082be478bd6c086daa447c4651605818287b9532d3d0bd435?s=96&d=mm&r=g","url":"https:\/\/secure.gravatar.com\/avatar\/3a8de04a2656d44082be478bd6c086daa447c4651605818287b9532d3d0bd435?s=96&d=mm&r=g","contentUrl":"https:\/\/secure.gravatar.com\/avatar\/3a8de04a2656d44082be478bd6c086daa447c4651605818287b9532d3d0bd435?s=96&d=mm&r=g","caption":"Lo viste en Los Pol\u00edticos"},"url":"https:\/\/lospoliticosveracruz.com\/?author=2"}]}},"_links":{"self":[{"href":"https:\/\/lospoliticosveracruz.com\/index.php?rest_route=\/wp\/v2\/posts\/66138","targetHints":{"allow":["GET"]}}],"collection":[{"href":"https:\/\/lospoliticosveracruz.com\/index.php?rest_route=\/wp\/v2\/posts"}],"about":[{"href":"https:\/\/lospoliticosveracruz.com\/index.php?rest_route=\/wp\/v2\/types\/post"}],"author":[{"embeddable":true,"href":"https:\/\/lospoliticosveracruz.com\/index.php?rest_route=\/wp\/v2\/users\/2"}],"replies":[{"embeddable":true,"href":"https:\/\/lospoliticosveracruz.com\/index.php?rest_route=%2Fwp%2Fv2%2Fcomments&post=66138"}],"version-history":[{"count":2,"href":"https:\/\/lospoliticosveracruz.com\/index.php?rest_route=\/wp\/v2\/posts\/66138\/revisions"}],"predecessor-version":[{"id":66147,"href":"https:\/\/lospoliticosveracruz.com\/index.php?rest_route=\/wp\/v2\/posts\/66138\/revisions\/66147"}],"wp:featuredmedia":[{"embeddable":true,"href":"https:\/\/lospoliticosveracruz.com\/index.php?rest_route=\/wp\/v2\/media\/64967"}],"wp:attachment":[{"href":"https:\/\/lospoliticosveracruz.com\/index.php?rest_route=%2Fwp%2Fv2%2Fmedia&parent=66138"}],"wp:term":[{"taxonomy":"category","embeddable":true,"href":"https:\/\/lospoliticosveracruz.com\/index.php?rest_route=%2Fwp%2Fv2%2Fcategories&post=66138"},{"taxonomy":"post_tag","embeddable":true,"href":"https:\/\/lospoliticosveracruz.com\/index.php?rest_route=%2Fwp%2Fv2%2Ftags&post=66138"}],"curies":[{"name":"wp","href":"https:\/\/api.w.org\/{rel}","templated":true}]}}