{"id":66170,"date":"2021-01-05T17:34:43","date_gmt":"2021-01-05T23:34:43","guid":{"rendered":"http:\/\/www.lospoliticosveracruz.com.mx\/?p=66170"},"modified":"2021-01-05T17:34:43","modified_gmt":"2021-01-05T23:34:43","slug":"metro-para-medir-gobiernos","status":"publish","type":"post","link":"https:\/\/lospoliticosveracruz.com\/?p=66170","title":{"rendered":"Metro para medir gobiernos"},"content":{"rendered":"<p><strong>Lorena Pi\u00f1\u00f3n Rivera<\/strong><br \/>\n<em>Consummatum est<\/em><\/p>\n<p>Ya estamos en el 2021 y estoy segura de que con sana distancia y el poder de tu voto, tendremos un mejor a\u00f1o. A los partidos pol\u00edticos se les debe evaluar por su capacidad de hacer, ya sea en la oposici\u00f3n o cuando detentan el poder. El voto debe ejercerse de manera informada y el ciudadano tiene el poder de aprobar o sancionar con su voto a los gobiernos en ejercicio.<br \/>\nA unas horas de culminar el 2020, en el Partido Revolucionario Institucional intensificamos nuestras actividades para exponer que nuestros gobiernos en el pa\u00eds fueron los que realizaron grandes obras y acciones que aportaron beneficios a nuestros bisabuelos y que significan tambi\u00e9n apoyo para nuestros propios bisnietos y generaciones m\u00e1s por nacer.}<br \/>\nLlegamos al 2021 como una opci\u00f3n pol\u00edtica que presenta su experiencia acumulada de infraestructura positiva para el pa\u00eds, y as\u00ed contrastar con datos duros e irrefutables la magnitud de la impericia y el desastre que representa para los mexicanos el gobierno de Morena.<br \/>\nAs\u00ed el Presidente del PRI Alejandro Moreno y el dirigente capitalino Israel Betanzos, presentaron el libro \u00abMetropolitano: el metro de la Ciudad de M\u00e9xico\u00bb. Este documento presentado en versi\u00f3n f\u00edsica y libro electr\u00f3nico es un ejemplo del compromiso de los gobiernos priistas con las necesidades y las causas sociales. Es preciso destacar que 11 de las 12 l\u00edneas actuales de ese sistema de transporte en la capital de la Rep\u00fablica fueron construidas con el respaldo de administraciones provenientes del PRI.<br \/>\nMoreno C\u00e1rdenas afirm\u00f3 que el metro ha representado por a\u00f1os generaci\u00f3n de empleo, dinamismo comercial, conexi\u00f3n eficiente, inclusi\u00f3n digital, y enormes avances desde el punto de vista de la ingenier\u00eda civil mexicana. Asimismo, Israel Betanzos enfatiz\u00f3 que el gobierno debe considerar la aplicaci\u00f3n inmediata de la vacuna a los trabajadores del metro \u00abporque tambi\u00e9n son h\u00e9roes an\u00f3nimos y han apoyado en la movilidad de la ciudadan\u00eda en estos momentos dif\u00edciles de la pandemia\u00bb.<br \/>\nEl PRI es un partido con vocaci\u00f3n de poder, cuyo legado como agente transformador del pa\u00eds ha trascendido generaciones, y mantendr\u00e1 su vigencia en el porvenir. Es necesario que las autoridades de la Ciudad de M\u00e9xico, independientemente de su origen partidista, acepten que deben revertir el deterioro de las instalaciones del Metro y recuperar los proyectos de ampliaci\u00f3n de las rutas que ha impulsado el PRI para beneficiar a m\u00e1s personas.<br \/>\nMe siento muy honrada de ser integrante del Comit\u00e9 Nacional Editorial del PRI. Como instancia colegiada responsable de orientar, coordinar y supervisar la actividad editorial del partido; nos comprometemos a seguir creando contenidos que demuestren la eficacia destacada de los gobiernos priistas en la soluci\u00f3n de muchas demandas ciudadanas.<br \/>\nViajar en el Metro es profundamente democr\u00e1tico. Vayan a donde quieran, desde Indios Verdes hasta Pantitl\u00e1n, pasando por la V\u00eda L\u00e1ctea y el Z\u00f3calo. Entonen la canci\u00f3n de Metro Balderas o El Metro de Caf\u00e9 Tacvba. Incluso ll\u00e1menle como gusten, Metro o gusano naranja: Pero nunca olviden que fue construido por los gobiernos del PRI, para beneficiar a millones de pasajeros que requieren transportarse todos los d\u00edas para estudiar o ganarse la vida.<br \/>\nConsummatum: Este pa\u00eds requiere de un gobierno de acciones, no de s\u00edmbolos. Un ahuehuete no significa ni representa el dolor de los m\u00e1s de 120 mil mexicanos que han muerto hasta ahora. Tw: @lorenapignon_<br \/>\nSecretaria Nacional de Gesti\u00f3n Social del PRI<\/p>\n","protected":false},"excerpt":{"rendered":"<p>Lorena Pi\u00f1\u00f3n Rivera Consummatum est Ya estamos en el 2021 y estoy segura de que con sana distancia y el poder de tu voto, tendremos un mejor a\u00f1o. A los partidos pol\u00edticos se les debe evaluar por su capacidad de hacer, ya sea en la oposici\u00f3n o cuando detentan el poder. El voto debe ejercerse [&hellip;]<\/p>\n","protected":false},"author":2,"featured_media":0,"comment_status":"open","ping_status":"open","sticky":false,"template":"","format":"standard","meta":{"tdm_status":"","tdm_grid_status":"","footnotes":""},"categories":[70],"tags":[14170,207,4770,24908,16929,251],"class_list":{"0":"post-66170","1":"post","2":"type-post","3":"status-publish","4":"format-standard","6":"category-de-opinion","7":"tag-alejandro-moreno","8":"tag-democracia","9":"tag-lorena-pinon-rivera","10":"tag-metro","11":"tag-pandemia","12":"tag-pri"},"yoast_head":"<!-- This site is optimized with the Yoast SEO plugin v27.4 - https:\/\/yoast.com\/product\/yoast-seo-wordpress\/ -->\n<title>Metro para medir gobiernos - Los pol\u00edticos Veracruz<\/title>\n<meta name=\"robots\" content=\"index, follow, max-snippet:-1, max-image-preview:large, max-video-preview:-1\" \/>\n<link rel=\"canonical\" href=\"https:\/\/lospoliticosveracruz.com\/?p=66170\" \/>\n<meta property=\"og:locale\" content=\"es_ES\" \/>\n<meta property=\"og:type\" content=\"article\" \/>\n<meta property=\"og:title\" content=\"Metro para medir gobiernos - Los pol\u00edticos Veracruz\" \/>\n<meta property=\"og:description\" content=\"Lorena Pi\u00f1\u00f3n Rivera Consummatum est Ya estamos en el 2021 y estoy segura de que con sana distancia y el poder de tu voto, tendremos un mejor a\u00f1o. A los partidos pol\u00edticos se les debe evaluar por su capacidad de hacer, ya sea en la oposici\u00f3n o cuando detentan el poder. El voto debe ejercerse [&hellip;]\" \/>\n<meta property=\"og:url\" content=\"https:\/\/lospoliticosveracruz.com\/?p=66170\" \/>\n<meta property=\"og:site_name\" content=\"Los pol\u00edticos Veracruz\" \/>\n<meta property=\"article:publisher\" content=\"https:\/\/www.facebook.com\/people\/Notimemes-de-los-Polticos\/61565672886568\/\" \/>\n<meta property=\"article:published_time\" content=\"2021-01-05T23:34:43+00:00\" \/>\n<meta property=\"og:image\" content=\"https:\/\/lospoliticosveracruz.com\/wp-content\/uploads\/2016\/07\/Logo-Dor.jpg\" \/>\n\t<meta property=\"og:image:width\" content=\"200\" \/>\n\t<meta property=\"og:image:height\" content=\"200\" \/>\n\t<meta property=\"og:image:type\" content=\"image\/jpeg\" \/>\n<meta name=\"author\" content=\"Lo viste en Los Pol\u00edticos\" \/>\n<meta name=\"twitter:card\" content=\"summary_large_image\" \/>\n<meta name=\"twitter:creator\" content=\"@LosPoliticosVer\" \/>\n<meta name=\"twitter:site\" content=\"@LosPoliticosVer\" \/>\n<meta name=\"twitter:label1\" content=\"Escrito por\" \/>\n\t<meta name=\"twitter:data1\" content=\"Lo viste en Los Pol\u00edticos\" \/>\n\t<meta name=\"twitter:label2\" content=\"Tiempo de lectura\" \/>\n\t<meta name=\"twitter:data2\" content=\"3 minutos\" \/>\n<script type=\"application\/ld+json\" class=\"yoast-schema-graph\">{\"@context\":\"https:\\\/\\\/schema.org\",\"@graph\":[{\"@type\":\"Article\",\"@id\":\"https:\\\/\\\/lospoliticosveracruz.com\\\/?p=66170#article\",\"isPartOf\":{\"@id\":\"https:\\\/\\\/lospoliticosveracruz.com\\\/?p=66170\"},\"author\":{\"name\":\"Lo viste en Los Pol\u00edticos\",\"@id\":\"https:\\\/\\\/lospoliticosveracruz.com\\\/#\\\/schema\\\/person\\\/b8702bb0e538456e6efd07080bf2a4a2\"},\"headline\":\"Metro para medir gobiernos\",\"datePublished\":\"2021-01-05T23:34:43+00:00\",\"mainEntityOfPage\":{\"@id\":\"https:\\\/\\\/lospoliticosveracruz.com\\\/?p=66170\"},\"wordCount\":601,\"commentCount\":0,\"publisher\":{\"@id\":\"https:\\\/\\\/lospoliticosveracruz.com\\\/#organization\"},\"keywords\":[\"Alejandro Moreno\",\"democracia\",\"Lorena Pi\u00f1\u00f3n Rivera\",\"Metro\",\"pandemia\",\"PRI\"],\"articleSection\":[\"De Opini\u00f3n\"],\"inLanguage\":\"es\",\"potentialAction\":[{\"@type\":\"CommentAction\",\"name\":\"Comment\",\"target\":[\"https:\\\/\\\/lospoliticosveracruz.com\\\/?p=66170#respond\"]}]},{\"@type\":\"WebPage\",\"@id\":\"https:\\\/\\\/lospoliticosveracruz.com\\\/?p=66170\",\"url\":\"https:\\\/\\\/lospoliticosveracruz.com\\\/?p=66170\",\"name\":\"Metro para medir gobiernos - Los pol\u00edticos Veracruz\",\"isPartOf\":{\"@id\":\"https:\\\/\\\/lospoliticosveracruz.com\\\/#website\"},\"datePublished\":\"2021-01-05T23:34:43+00:00\",\"breadcrumb\":{\"@id\":\"https:\\\/\\\/lospoliticosveracruz.com\\\/?p=66170#breadcrumb\"},\"inLanguage\":\"es\",\"potentialAction\":[{\"@type\":\"ReadAction\",\"target\":[\"https:\\\/\\\/lospoliticosveracruz.com\\\/?p=66170\"]}]},{\"@type\":\"BreadcrumbList\",\"@id\":\"https:\\\/\\\/lospoliticosveracruz.com\\\/?p=66170#breadcrumb\",\"itemListElement\":[{\"@type\":\"ListItem\",\"position\":1,\"name\":\"Portada\",\"item\":\"https:\\\/\\\/lospoliticosveracruz.com\\\/\"},{\"@type\":\"ListItem\",\"position\":2,\"name\":\"Metro para medir gobiernos\"}]},{\"@type\":\"WebSite\",\"@id\":\"https:\\\/\\\/lospoliticosveracruz.com\\\/#website\",\"url\":\"https:\\\/\\\/lospoliticosveracruz.com\\\/\",\"name\":\"Los pol\u00edticos Veracruz\",\"description\":\"\",\"publisher\":{\"@id\":\"https:\\\/\\\/lospoliticosveracruz.com\\\/#organization\"},\"potentialAction\":[{\"@type\":\"SearchAction\",\"target\":{\"@type\":\"EntryPoint\",\"urlTemplate\":\"https:\\\/\\\/lospoliticosveracruz.com\\\/?s={search_term_string}\"},\"query-input\":{\"@type\":\"PropertyValueSpecification\",\"valueRequired\":true,\"valueName\":\"search_term_string\"}}],\"inLanguage\":\"es\"},{\"@type\":\"Organization\",\"@id\":\"https:\\\/\\\/lospoliticosveracruz.com\\\/#organization\",\"name\":\"Los pol\u00edticos Veracruz\",\"url\":\"https:\\\/\\\/lospoliticosveracruz.com\\\/\",\"logo\":{\"@type\":\"ImageObject\",\"inLanguage\":\"es\",\"@id\":\"https:\\\/\\\/lospoliticosveracruz.com\\\/#\\\/schema\\\/logo\\\/image\\\/\",\"url\":\"https:\\\/\\\/lospoliticosveracruz.com\\\/wp-content\\\/uploads\\\/2025\\\/12\\\/Logo-Nuevo-LOS-POLITICOS-1.jpg\",\"contentUrl\":\"https:\\\/\\\/lospoliticosveracruz.com\\\/wp-content\\\/uploads\\\/2025\\\/12\\\/Logo-Nuevo-LOS-POLITICOS-1.jpg\",\"width\":260,\"height\":70,\"caption\":\"Los pol\u00edticos Veracruz\"},\"image\":{\"@id\":\"https:\\\/\\\/lospoliticosveracruz.com\\\/#\\\/schema\\\/logo\\\/image\\\/\"},\"sameAs\":[\"https:\\\/\\\/www.facebook.com\\\/people\\\/Notimemes-de-los-Polticos\\\/61565672886568\\\/\",\"https:\\\/\\\/x.com\\\/LosPoliticosVer\"]},{\"@type\":\"Person\",\"@id\":\"https:\\\/\\\/lospoliticosveracruz.com\\\/#\\\/schema\\\/person\\\/b8702bb0e538456e6efd07080bf2a4a2\",\"name\":\"Lo viste en Los Pol\u00edticos\",\"image\":{\"@type\":\"ImageObject\",\"inLanguage\":\"es\",\"@id\":\"https:\\\/\\\/secure.gravatar.com\\\/avatar\\\/3a8de04a2656d44082be478bd6c086daa447c4651605818287b9532d3d0bd435?s=96&d=mm&r=g\",\"url\":\"https:\\\/\\\/secure.gravatar.com\\\/avatar\\\/3a8de04a2656d44082be478bd6c086daa447c4651605818287b9532d3d0bd435?s=96&d=mm&r=g\",\"contentUrl\":\"https:\\\/\\\/secure.gravatar.com\\\/avatar\\\/3a8de04a2656d44082be478bd6c086daa447c4651605818287b9532d3d0bd435?s=96&d=mm&r=g\",\"caption\":\"Lo viste en Los Pol\u00edticos\"},\"url\":\"https:\\\/\\\/lospoliticosveracruz.com\\\/?author=2\"}]}<\/script>\n<!-- \/ Yoast SEO plugin. -->","yoast_head_json":{"title":"Metro para medir gobiernos - Los pol\u00edticos Veracruz","robots":{"index":"index","follow":"follow","max-snippet":"max-snippet:-1","max-image-preview":"max-image-preview:large","max-video-preview":"max-video-preview:-1"},"canonical":"https:\/\/lospoliticosveracruz.com\/?p=66170","og_locale":"es_ES","og_type":"article","og_title":"Metro para medir gobiernos - Los pol\u00edticos Veracruz","og_description":"Lorena Pi\u00f1\u00f3n Rivera Consummatum est Ya estamos en el 2021 y estoy segura de que con sana distancia y el poder de tu voto, tendremos un mejor a\u00f1o. A los partidos pol\u00edticos se les debe evaluar por su capacidad de hacer, ya sea en la oposici\u00f3n o cuando detentan el poder. El voto debe ejercerse [&hellip;]","og_url":"https:\/\/lospoliticosveracruz.com\/?p=66170","og_site_name":"Los pol\u00edticos Veracruz","article_publisher":"https:\/\/www.facebook.com\/people\/Notimemes-de-los-Polticos\/61565672886568\/","article_published_time":"2021-01-05T23:34:43+00:00","og_image":[{"width":200,"height":200,"url":"https:\/\/lospoliticosveracruz.com\/wp-content\/uploads\/2016\/07\/Logo-Dor.jpg","type":"image\/jpeg"}],"author":"Lo viste en Los Pol\u00edticos","twitter_card":"summary_large_image","twitter_creator":"@LosPoliticosVer","twitter_site":"@LosPoliticosVer","twitter_misc":{"Escrito por":"Lo viste en Los Pol\u00edticos","Tiempo de lectura":"3 minutos"},"schema":{"@context":"https:\/\/schema.org","@graph":[{"@type":"Article","@id":"https:\/\/lospoliticosveracruz.com\/?p=66170#article","isPartOf":{"@id":"https:\/\/lospoliticosveracruz.com\/?p=66170"},"author":{"name":"Lo viste en Los Pol\u00edticos","@id":"https:\/\/lospoliticosveracruz.com\/#\/schema\/person\/b8702bb0e538456e6efd07080bf2a4a2"},"headline":"Metro para medir gobiernos","datePublished":"2021-01-05T23:34:43+00:00","mainEntityOfPage":{"@id":"https:\/\/lospoliticosveracruz.com\/?p=66170"},"wordCount":601,"commentCount":0,"publisher":{"@id":"https:\/\/lospoliticosveracruz.com\/#organization"},"keywords":["Alejandro Moreno","democracia","Lorena Pi\u00f1\u00f3n Rivera","Metro","pandemia","PRI"],"articleSection":["De Opini\u00f3n"],"inLanguage":"es","potentialAction":[{"@type":"CommentAction","name":"Comment","target":["https:\/\/lospoliticosveracruz.com\/?p=66170#respond"]}]},{"@type":"WebPage","@id":"https:\/\/lospoliticosveracruz.com\/?p=66170","url":"https:\/\/lospoliticosveracruz.com\/?p=66170","name":"Metro para medir gobiernos - Los pol\u00edticos Veracruz","isPartOf":{"@id":"https:\/\/lospoliticosveracruz.com\/#website"},"datePublished":"2021-01-05T23:34:43+00:00","breadcrumb":{"@id":"https:\/\/lospoliticosveracruz.com\/?p=66170#breadcrumb"},"inLanguage":"es","potentialAction":[{"@type":"ReadAction","target":["https:\/\/lospoliticosveracruz.com\/?p=66170"]}]},{"@type":"BreadcrumbList","@id":"https:\/\/lospoliticosveracruz.com\/?p=66170#breadcrumb","itemListElement":[{"@type":"ListItem","position":1,"name":"Portada","item":"https:\/\/lospoliticosveracruz.com\/"},{"@type":"ListItem","position":2,"name":"Metro para medir gobiernos"}]},{"@type":"WebSite","@id":"https:\/\/lospoliticosveracruz.com\/#website","url":"https:\/\/lospoliticosveracruz.com\/","name":"Los pol\u00edticos Veracruz","description":"","publisher":{"@id":"https:\/\/lospoliticosveracruz.com\/#organization"},"potentialAction":[{"@type":"SearchAction","target":{"@type":"EntryPoint","urlTemplate":"https:\/\/lospoliticosveracruz.com\/?s={search_term_string}"},"query-input":{"@type":"PropertyValueSpecification","valueRequired":true,"valueName":"search_term_string"}}],"inLanguage":"es"},{"@type":"Organization","@id":"https:\/\/lospoliticosveracruz.com\/#organization","name":"Los pol\u00edticos Veracruz","url":"https:\/\/lospoliticosveracruz.com\/","logo":{"@type":"ImageObject","inLanguage":"es","@id":"https:\/\/lospoliticosveracruz.com\/#\/schema\/logo\/image\/","url":"https:\/\/lospoliticosveracruz.com\/wp-content\/uploads\/2025\/12\/Logo-Nuevo-LOS-POLITICOS-1.jpg","contentUrl":"https:\/\/lospoliticosveracruz.com\/wp-content\/uploads\/2025\/12\/Logo-Nuevo-LOS-POLITICOS-1.jpg","width":260,"height":70,"caption":"Los pol\u00edticos Veracruz"},"image":{"@id":"https:\/\/lospoliticosveracruz.com\/#\/schema\/logo\/image\/"},"sameAs":["https:\/\/www.facebook.com\/people\/Notimemes-de-los-Polticos\/61565672886568\/","https:\/\/x.com\/LosPoliticosVer"]},{"@type":"Person","@id":"https:\/\/lospoliticosveracruz.com\/#\/schema\/person\/b8702bb0e538456e6efd07080bf2a4a2","name":"Lo viste en Los Pol\u00edticos","image":{"@type":"ImageObject","inLanguage":"es","@id":"https:\/\/secure.gravatar.com\/avatar\/3a8de04a2656d44082be478bd6c086daa447c4651605818287b9532d3d0bd435?s=96&d=mm&r=g","url":"https:\/\/secure.gravatar.com\/avatar\/3a8de04a2656d44082be478bd6c086daa447c4651605818287b9532d3d0bd435?s=96&d=mm&r=g","contentUrl":"https:\/\/secure.gravatar.com\/avatar\/3a8de04a2656d44082be478bd6c086daa447c4651605818287b9532d3d0bd435?s=96&d=mm&r=g","caption":"Lo viste en Los Pol\u00edticos"},"url":"https:\/\/lospoliticosveracruz.com\/?author=2"}]}},"_links":{"self":[{"href":"https:\/\/lospoliticosveracruz.com\/index.php?rest_route=\/wp\/v2\/posts\/66170","targetHints":{"allow":["GET"]}}],"collection":[{"href":"https:\/\/lospoliticosveracruz.com\/index.php?rest_route=\/wp\/v2\/posts"}],"about":[{"href":"https:\/\/lospoliticosveracruz.com\/index.php?rest_route=\/wp\/v2\/types\/post"}],"author":[{"embeddable":true,"href":"https:\/\/lospoliticosveracruz.com\/index.php?rest_route=\/wp\/v2\/users\/2"}],"replies":[{"embeddable":true,"href":"https:\/\/lospoliticosveracruz.com\/index.php?rest_route=%2Fwp%2Fv2%2Fcomments&post=66170"}],"version-history":[{"count":1,"href":"https:\/\/lospoliticosveracruz.com\/index.php?rest_route=\/wp\/v2\/posts\/66170\/revisions"}],"predecessor-version":[{"id":66172,"href":"https:\/\/lospoliticosveracruz.com\/index.php?rest_route=\/wp\/v2\/posts\/66170\/revisions\/66172"}],"wp:attachment":[{"href":"https:\/\/lospoliticosveracruz.com\/index.php?rest_route=%2Fwp%2Fv2%2Fmedia&parent=66170"}],"wp:term":[{"taxonomy":"category","embeddable":true,"href":"https:\/\/lospoliticosveracruz.com\/index.php?rest_route=%2Fwp%2Fv2%2Fcategories&post=66170"},{"taxonomy":"post_tag","embeddable":true,"href":"https:\/\/lospoliticosveracruz.com\/index.php?rest_route=%2Fwp%2Fv2%2Ftags&post=66170"}],"curies":[{"name":"wp","href":"https:\/\/api.w.org\/{rel}","templated":true}]}}