{"id":66198,"date":"2021-01-06T08:06:58","date_gmt":"2021-01-06T14:06:58","guid":{"rendered":"http:\/\/www.lospoliticosveracruz.com.mx\/?p=66198"},"modified":"2021-01-06T08:12:42","modified_gmt":"2021-01-06T14:12:42","slug":"pesimos-funcionarios","status":"publish","type":"post","link":"https:\/\/lospoliticosveracruz.com\/?p=66198","title":{"rendered":"P\u00e9simos funcionarios"},"content":{"rendered":"<p><strong>Eduardo Venegas Naranjo<\/strong><\/p>\n<p><em>Aqu\u00ed Entre Nos&#8230;<\/em><\/p>\n<p>El alcalde de Alvarado, Bogar Ru\u00edz Rosas ha sido se\u00f1alado en redes sociales por no poner mano dura y no prohibir eventos masivos ante la emergencia sanitaria por el COVID19.<br \/>\nLo cierto es que la ciudadan\u00eda debe ser consciente pero a los alvarade\u00f1os les ganaron m\u00e1s las ganas de disfrutar del inicio del 2021 que cuidar las medidas sanitarias, por unos cuantos han pagado todos, pues los pobladores han sido se\u00f1alados por su idiosincrasia.<br \/>\nA Bogar le falta liderazgo en Alvarado hay ingobernabilidad, su administraci\u00f3n ha sido gris, nada trascendente, de escasos resultados siempre ha estado alejado de quienes lo pueden ayudar; como por ejemplo por\u00a0\u00a0el gobierno del Estado no es tomado en cuenta , es un cero a la izquierda para Cuitl\u00e1huac Garc\u00eda Jimenez y Eric Patrocinio Cisneros Burgos.<br \/>\nLo cierto es que Alvarado es un municipio importante en la entidad veracruzana, cuenta con buenas entradas econ\u00f3micas pero\u00a0\u00a0el mun\u00edcipe no lo ha sabido explotar, esta segunda ocasi\u00f3n como alcalde Ru\u00edz Rosas no ha logrado capitalizar a su administraci\u00f3n , su escaso trabajo lo pone como uno de los peores funcionarios que ha tenido Alvarado.<\/p>\n<p><a href=\"http:\/\/www.lospoliticosveracruz.com.mx\/wp-content\/uploads\/2021\/01\/E914682B-CDBD-4C99-9CF3-CFF862706D48.jpeg\"><img loading=\"lazy\" decoding=\"async\" src=\"http:\/\/www.lospoliticosveracruz.com.mx\/wp-content\/uploads\/2021\/01\/E914682B-CDBD-4C99-9CF3-CFF862706D48-300x162.jpeg\" alt=\"E914682B-CDBD-4C99-9CF3-CFF862706D48\" width=\"300\" height=\"162\" class=\"aligncenter size-medium wp-image-66200\" \/><\/a><br \/>\nYa que hablamos de malos funcionarios no podemos dejar de mencionar al flamante titular de la \u00a0de la Comisi\u00f3n de Agua del Estado\u00a0de Veracruz, C. P. Diego L\u00f3pez Vergara quien no ha sabido trabajar con estrategia y buenas determinaciones.<br \/>\nPara empezar el servicio es p\u00e9simo, c\u00f3mo funcionario es \u201cojete\u201d con sus paisanos, no sabe servir, es un hombre sin tacto, su talento est\u00e1 en hacer d\u00e9cimas, Diego debe renunciar ya tiene cansada a la ciudadan\u00eda, no demorando le armar\u00e1n tremendo zafarrancho, merecido de lo tiene. .<br \/>\nAunado a todo lo anterior la calidad del agua es p\u00e9sima, en resumidas cuentas CAEV vierte \u201cmierda\u201d en el agua a los tlacotalpe\u00f1os, ya se hicieron estudios al agua, los resultados fueron preocupantes.<br \/>\nL\u00f3pez Vergara, deber\u00eda tener un poco de verg\u00fcenza, as\u00ed como exige a los usuarios que paguen atenaz\u00e1ndolos en cortarles \u00f3 suspender el servicio, tiene la obligaci\u00f3n de otorgar agua de calidad.<\/p>\n","protected":false},"excerpt":{"rendered":"<p>Eduardo Venegas Naranjo Aqu\u00ed Entre Nos&#8230; El alcalde de Alvarado, Bogar Ru\u00edz Rosas ha sido se\u00f1alado en redes sociales por no poner mano dura y no prohibir eventos masivos ante la emergencia sanitaria por el COVID19. Lo cierto es que la ciudadan\u00eda debe ser consciente pero a los alvarade\u00f1os les ganaron m\u00e1s las ganas de [&hellip;]<\/p>\n","protected":false},"author":2,"featured_media":0,"comment_status":"open","ping_status":"open","sticky":false,"template":"","format":"standard","meta":{"tdm_status":"","tdm_grid_status":"","footnotes":""},"categories":[70],"tags":[301,3739,13561,21541,13170,17036,12299,24928,6721],"class_list":{"0":"post-66198","1":"post","2":"type-post","3":"status-publish","4":"format-standard","6":"category-de-opinion","7":"tag-alvarado","8":"tag-caev","9":"tag-cuitlahauc-garcia-jimenez","10":"tag-diego-lopez-vergara","11":"tag-eduardo-venegas-naranjo","12":"tag-emergencia-sanitaria","13":"tag-eric-cisneros-burgos","14":"tag-eventos-masivos","15":"tag-ingobernabilidad"},"yoast_head":"<!-- This site is optimized with the Yoast SEO plugin v27.4 - https:\/\/yoast.com\/product\/yoast-seo-wordpress\/ -->\n<title>P\u00e9simos funcionarios - Los pol\u00edticos Veracruz<\/title>\n<meta name=\"robots\" content=\"index, follow, max-snippet:-1, max-image-preview:large, max-video-preview:-1\" \/>\n<link rel=\"canonical\" href=\"https:\/\/lospoliticosveracruz.com\/?p=66198\" \/>\n<meta property=\"og:locale\" content=\"es_ES\" \/>\n<meta property=\"og:type\" content=\"article\" \/>\n<meta property=\"og:title\" content=\"P\u00e9simos funcionarios - Los pol\u00edticos Veracruz\" \/>\n<meta property=\"og:description\" content=\"Eduardo Venegas Naranjo Aqu\u00ed Entre Nos&#8230; El alcalde de Alvarado, Bogar Ru\u00edz Rosas ha sido se\u00f1alado en redes sociales por no poner mano dura y no prohibir eventos masivos ante la emergencia sanitaria por el COVID19. Lo cierto es que la ciudadan\u00eda debe ser consciente pero a los alvarade\u00f1os les ganaron m\u00e1s las ganas de [&hellip;]\" \/>\n<meta property=\"og:url\" content=\"https:\/\/lospoliticosveracruz.com\/?p=66198\" \/>\n<meta property=\"og:site_name\" content=\"Los pol\u00edticos Veracruz\" \/>\n<meta property=\"article:publisher\" content=\"https:\/\/www.facebook.com\/people\/Notimemes-de-los-Polticos\/61565672886568\/\" \/>\n<meta property=\"article:published_time\" content=\"2021-01-06T14:06:58+00:00\" \/>\n<meta property=\"article:modified_time\" content=\"2021-01-06T14:12:42+00:00\" \/>\n<meta property=\"og:image\" content=\"http:\/\/www.lospoliticosveracruz.com.mx\/wp-content\/uploads\/2021\/01\/E914682B-CDBD-4C99-9CF3-CFF862706D48-300x162.jpeg\" \/>\n<meta name=\"author\" content=\"Lo viste en Los Pol\u00edticos\" \/>\n<meta name=\"twitter:card\" content=\"summary_large_image\" \/>\n<meta name=\"twitter:creator\" content=\"@LosPoliticosVer\" \/>\n<meta name=\"twitter:site\" content=\"@LosPoliticosVer\" \/>\n<meta name=\"twitter:label1\" content=\"Escrito por\" \/>\n\t<meta name=\"twitter:data1\" content=\"Lo viste en Los Pol\u00edticos\" \/>\n\t<meta name=\"twitter:label2\" content=\"Tiempo de lectura\" \/>\n\t<meta name=\"twitter:data2\" content=\"2 minutos\" \/>\n<script type=\"application\/ld+json\" class=\"yoast-schema-graph\">{\"@context\":\"https:\\\/\\\/schema.org\",\"@graph\":[{\"@type\":\"Article\",\"@id\":\"https:\\\/\\\/lospoliticosveracruz.com\\\/?p=66198#article\",\"isPartOf\":{\"@id\":\"https:\\\/\\\/lospoliticosveracruz.com\\\/?p=66198\"},\"author\":{\"name\":\"Lo viste en Los Pol\u00edticos\",\"@id\":\"https:\\\/\\\/lospoliticosveracruz.com\\\/#\\\/schema\\\/person\\\/b8702bb0e538456e6efd07080bf2a4a2\"},\"headline\":\"P\u00e9simos funcionarios\",\"datePublished\":\"2021-01-06T14:06:58+00:00\",\"dateModified\":\"2021-01-06T14:12:42+00:00\",\"mainEntityOfPage\":{\"@id\":\"https:\\\/\\\/lospoliticosveracruz.com\\\/?p=66198\"},\"wordCount\":370,\"commentCount\":0,\"publisher\":{\"@id\":\"https:\\\/\\\/lospoliticosveracruz.com\\\/#organization\"},\"image\":{\"@id\":\"https:\\\/\\\/lospoliticosveracruz.com\\\/?p=66198#primaryimage\"},\"thumbnailUrl\":\"http:\\\/\\\/www.lospoliticosveracruz.com.mx\\\/wp-content\\\/uploads\\\/2021\\\/01\\\/E914682B-CDBD-4C99-9CF3-CFF862706D48-300x162.jpeg\",\"keywords\":[\"Alvarado\",\"CAEV\",\"Cuitl\u00e1hauc Garc\u00eda Jim\u00e9nez\",\"Diego L\u00f3pez Vergara\",\"Eduardo Venegas Naranjo\",\"emergencia sanitaria\",\"Eric Cisneros Burgos\",\"Eventos masivos\",\"Ingobernabilidad\"],\"articleSection\":[\"De Opini\u00f3n\"],\"inLanguage\":\"es\",\"potentialAction\":[{\"@type\":\"CommentAction\",\"name\":\"Comment\",\"target\":[\"https:\\\/\\\/lospoliticosveracruz.com\\\/?p=66198#respond\"]}]},{\"@type\":\"WebPage\",\"@id\":\"https:\\\/\\\/lospoliticosveracruz.com\\\/?p=66198\",\"url\":\"https:\\\/\\\/lospoliticosveracruz.com\\\/?p=66198\",\"name\":\"P\u00e9simos funcionarios - Los pol\u00edticos Veracruz\",\"isPartOf\":{\"@id\":\"https:\\\/\\\/lospoliticosveracruz.com\\\/#website\"},\"primaryImageOfPage\":{\"@id\":\"https:\\\/\\\/lospoliticosveracruz.com\\\/?p=66198#primaryimage\"},\"image\":{\"@id\":\"https:\\\/\\\/lospoliticosveracruz.com\\\/?p=66198#primaryimage\"},\"thumbnailUrl\":\"http:\\\/\\\/www.lospoliticosveracruz.com.mx\\\/wp-content\\\/uploads\\\/2021\\\/01\\\/E914682B-CDBD-4C99-9CF3-CFF862706D48-300x162.jpeg\",\"datePublished\":\"2021-01-06T14:06:58+00:00\",\"dateModified\":\"2021-01-06T14:12:42+00:00\",\"breadcrumb\":{\"@id\":\"https:\\\/\\\/lospoliticosveracruz.com\\\/?p=66198#breadcrumb\"},\"inLanguage\":\"es\",\"potentialAction\":[{\"@type\":\"ReadAction\",\"target\":[\"https:\\\/\\\/lospoliticosveracruz.com\\\/?p=66198\"]}]},{\"@type\":\"ImageObject\",\"inLanguage\":\"es\",\"@id\":\"https:\\\/\\\/lospoliticosveracruz.com\\\/?p=66198#primaryimage\",\"url\":\"http:\\\/\\\/www.lospoliticosveracruz.com.mx\\\/wp-content\\\/uploads\\\/2021\\\/01\\\/E914682B-CDBD-4C99-9CF3-CFF862706D48-300x162.jpeg\",\"contentUrl\":\"http:\\\/\\\/www.lospoliticosveracruz.com.mx\\\/wp-content\\\/uploads\\\/2021\\\/01\\\/E914682B-CDBD-4C99-9CF3-CFF862706D48-300x162.jpeg\"},{\"@type\":\"BreadcrumbList\",\"@id\":\"https:\\\/\\\/lospoliticosveracruz.com\\\/?p=66198#breadcrumb\",\"itemListElement\":[{\"@type\":\"ListItem\",\"position\":1,\"name\":\"Portada\",\"item\":\"https:\\\/\\\/lospoliticosveracruz.com\\\/\"},{\"@type\":\"ListItem\",\"position\":2,\"name\":\"P\u00e9simos funcionarios\"}]},{\"@type\":\"WebSite\",\"@id\":\"https:\\\/\\\/lospoliticosveracruz.com\\\/#website\",\"url\":\"https:\\\/\\\/lospoliticosveracruz.com\\\/\",\"name\":\"Los pol\u00edticos Veracruz\",\"description\":\"\",\"publisher\":{\"@id\":\"https:\\\/\\\/lospoliticosveracruz.com\\\/#organization\"},\"potentialAction\":[{\"@type\":\"SearchAction\",\"target\":{\"@type\":\"EntryPoint\",\"urlTemplate\":\"https:\\\/\\\/lospoliticosveracruz.com\\\/?s={search_term_string}\"},\"query-input\":{\"@type\":\"PropertyValueSpecification\",\"valueRequired\":true,\"valueName\":\"search_term_string\"}}],\"inLanguage\":\"es\"},{\"@type\":\"Organization\",\"@id\":\"https:\\\/\\\/lospoliticosveracruz.com\\\/#organization\",\"name\":\"Los pol\u00edticos Veracruz\",\"url\":\"https:\\\/\\\/lospoliticosveracruz.com\\\/\",\"logo\":{\"@type\":\"ImageObject\",\"inLanguage\":\"es\",\"@id\":\"https:\\\/\\\/lospoliticosveracruz.com\\\/#\\\/schema\\\/logo\\\/image\\\/\",\"url\":\"https:\\\/\\\/lospoliticosveracruz.com\\\/wp-content\\\/uploads\\\/2025\\\/12\\\/Logo-Nuevo-LOS-POLITICOS-1.jpg\",\"contentUrl\":\"https:\\\/\\\/lospoliticosveracruz.com\\\/wp-content\\\/uploads\\\/2025\\\/12\\\/Logo-Nuevo-LOS-POLITICOS-1.jpg\",\"width\":260,\"height\":70,\"caption\":\"Los pol\u00edticos Veracruz\"},\"image\":{\"@id\":\"https:\\\/\\\/lospoliticosveracruz.com\\\/#\\\/schema\\\/logo\\\/image\\\/\"},\"sameAs\":[\"https:\\\/\\\/www.facebook.com\\\/people\\\/Notimemes-de-los-Polticos\\\/61565672886568\\\/\",\"https:\\\/\\\/x.com\\\/LosPoliticosVer\"]},{\"@type\":\"Person\",\"@id\":\"https:\\\/\\\/lospoliticosveracruz.com\\\/#\\\/schema\\\/person\\\/b8702bb0e538456e6efd07080bf2a4a2\",\"name\":\"Lo viste en Los Pol\u00edticos\",\"image\":{\"@type\":\"ImageObject\",\"inLanguage\":\"es\",\"@id\":\"https:\\\/\\\/secure.gravatar.com\\\/avatar\\\/3a8de04a2656d44082be478bd6c086daa447c4651605818287b9532d3d0bd435?s=96&d=mm&r=g\",\"url\":\"https:\\\/\\\/secure.gravatar.com\\\/avatar\\\/3a8de04a2656d44082be478bd6c086daa447c4651605818287b9532d3d0bd435?s=96&d=mm&r=g\",\"contentUrl\":\"https:\\\/\\\/secure.gravatar.com\\\/avatar\\\/3a8de04a2656d44082be478bd6c086daa447c4651605818287b9532d3d0bd435?s=96&d=mm&r=g\",\"caption\":\"Lo viste en Los Pol\u00edticos\"},\"url\":\"https:\\\/\\\/lospoliticosveracruz.com\\\/?author=2\"}]}<\/script>\n<!-- \/ Yoast SEO plugin. -->","yoast_head_json":{"title":"P\u00e9simos funcionarios - Los pol\u00edticos Veracruz","robots":{"index":"index","follow":"follow","max-snippet":"max-snippet:-1","max-image-preview":"max-image-preview:large","max-video-preview":"max-video-preview:-1"},"canonical":"https:\/\/lospoliticosveracruz.com\/?p=66198","og_locale":"es_ES","og_type":"article","og_title":"P\u00e9simos funcionarios - Los pol\u00edticos Veracruz","og_description":"Eduardo Venegas Naranjo Aqu\u00ed Entre Nos&#8230; El alcalde de Alvarado, Bogar Ru\u00edz Rosas ha sido se\u00f1alado en redes sociales por no poner mano dura y no prohibir eventos masivos ante la emergencia sanitaria por el COVID19. Lo cierto es que la ciudadan\u00eda debe ser consciente pero a los alvarade\u00f1os les ganaron m\u00e1s las ganas de [&hellip;]","og_url":"https:\/\/lospoliticosveracruz.com\/?p=66198","og_site_name":"Los pol\u00edticos Veracruz","article_publisher":"https:\/\/www.facebook.com\/people\/Notimemes-de-los-Polticos\/61565672886568\/","article_published_time":"2021-01-06T14:06:58+00:00","article_modified_time":"2021-01-06T14:12:42+00:00","og_image":[{"url":"http:\/\/www.lospoliticosveracruz.com.mx\/wp-content\/uploads\/2021\/01\/E914682B-CDBD-4C99-9CF3-CFF862706D48-300x162.jpeg","type":"","width":"","height":""}],"author":"Lo viste en Los Pol\u00edticos","twitter_card":"summary_large_image","twitter_creator":"@LosPoliticosVer","twitter_site":"@LosPoliticosVer","twitter_misc":{"Escrito por":"Lo viste en Los Pol\u00edticos","Tiempo de lectura":"2 minutos"},"schema":{"@context":"https:\/\/schema.org","@graph":[{"@type":"Article","@id":"https:\/\/lospoliticosveracruz.com\/?p=66198#article","isPartOf":{"@id":"https:\/\/lospoliticosveracruz.com\/?p=66198"},"author":{"name":"Lo viste en Los Pol\u00edticos","@id":"https:\/\/lospoliticosveracruz.com\/#\/schema\/person\/b8702bb0e538456e6efd07080bf2a4a2"},"headline":"P\u00e9simos funcionarios","datePublished":"2021-01-06T14:06:58+00:00","dateModified":"2021-01-06T14:12:42+00:00","mainEntityOfPage":{"@id":"https:\/\/lospoliticosveracruz.com\/?p=66198"},"wordCount":370,"commentCount":0,"publisher":{"@id":"https:\/\/lospoliticosveracruz.com\/#organization"},"image":{"@id":"https:\/\/lospoliticosveracruz.com\/?p=66198#primaryimage"},"thumbnailUrl":"http:\/\/www.lospoliticosveracruz.com.mx\/wp-content\/uploads\/2021\/01\/E914682B-CDBD-4C99-9CF3-CFF862706D48-300x162.jpeg","keywords":["Alvarado","CAEV","Cuitl\u00e1hauc Garc\u00eda Jim\u00e9nez","Diego L\u00f3pez Vergara","Eduardo Venegas Naranjo","emergencia sanitaria","Eric Cisneros Burgos","Eventos masivos","Ingobernabilidad"],"articleSection":["De Opini\u00f3n"],"inLanguage":"es","potentialAction":[{"@type":"CommentAction","name":"Comment","target":["https:\/\/lospoliticosveracruz.com\/?p=66198#respond"]}]},{"@type":"WebPage","@id":"https:\/\/lospoliticosveracruz.com\/?p=66198","url":"https:\/\/lospoliticosveracruz.com\/?p=66198","name":"P\u00e9simos funcionarios - Los pol\u00edticos Veracruz","isPartOf":{"@id":"https:\/\/lospoliticosveracruz.com\/#website"},"primaryImageOfPage":{"@id":"https:\/\/lospoliticosveracruz.com\/?p=66198#primaryimage"},"image":{"@id":"https:\/\/lospoliticosveracruz.com\/?p=66198#primaryimage"},"thumbnailUrl":"http:\/\/www.lospoliticosveracruz.com.mx\/wp-content\/uploads\/2021\/01\/E914682B-CDBD-4C99-9CF3-CFF862706D48-300x162.jpeg","datePublished":"2021-01-06T14:06:58+00:00","dateModified":"2021-01-06T14:12:42+00:00","breadcrumb":{"@id":"https:\/\/lospoliticosveracruz.com\/?p=66198#breadcrumb"},"inLanguage":"es","potentialAction":[{"@type":"ReadAction","target":["https:\/\/lospoliticosveracruz.com\/?p=66198"]}]},{"@type":"ImageObject","inLanguage":"es","@id":"https:\/\/lospoliticosveracruz.com\/?p=66198#primaryimage","url":"http:\/\/www.lospoliticosveracruz.com.mx\/wp-content\/uploads\/2021\/01\/E914682B-CDBD-4C99-9CF3-CFF862706D48-300x162.jpeg","contentUrl":"http:\/\/www.lospoliticosveracruz.com.mx\/wp-content\/uploads\/2021\/01\/E914682B-CDBD-4C99-9CF3-CFF862706D48-300x162.jpeg"},{"@type":"BreadcrumbList","@id":"https:\/\/lospoliticosveracruz.com\/?p=66198#breadcrumb","itemListElement":[{"@type":"ListItem","position":1,"name":"Portada","item":"https:\/\/lospoliticosveracruz.com\/"},{"@type":"ListItem","position":2,"name":"P\u00e9simos funcionarios"}]},{"@type":"WebSite","@id":"https:\/\/lospoliticosveracruz.com\/#website","url":"https:\/\/lospoliticosveracruz.com\/","name":"Los pol\u00edticos Veracruz","description":"","publisher":{"@id":"https:\/\/lospoliticosveracruz.com\/#organization"},"potentialAction":[{"@type":"SearchAction","target":{"@type":"EntryPoint","urlTemplate":"https:\/\/lospoliticosveracruz.com\/?s={search_term_string}"},"query-input":{"@type":"PropertyValueSpecification","valueRequired":true,"valueName":"search_term_string"}}],"inLanguage":"es"},{"@type":"Organization","@id":"https:\/\/lospoliticosveracruz.com\/#organization","name":"Los pol\u00edticos Veracruz","url":"https:\/\/lospoliticosveracruz.com\/","logo":{"@type":"ImageObject","inLanguage":"es","@id":"https:\/\/lospoliticosveracruz.com\/#\/schema\/logo\/image\/","url":"https:\/\/lospoliticosveracruz.com\/wp-content\/uploads\/2025\/12\/Logo-Nuevo-LOS-POLITICOS-1.jpg","contentUrl":"https:\/\/lospoliticosveracruz.com\/wp-content\/uploads\/2025\/12\/Logo-Nuevo-LOS-POLITICOS-1.jpg","width":260,"height":70,"caption":"Los pol\u00edticos Veracruz"},"image":{"@id":"https:\/\/lospoliticosveracruz.com\/#\/schema\/logo\/image\/"},"sameAs":["https:\/\/www.facebook.com\/people\/Notimemes-de-los-Polticos\/61565672886568\/","https:\/\/x.com\/LosPoliticosVer"]},{"@type":"Person","@id":"https:\/\/lospoliticosveracruz.com\/#\/schema\/person\/b8702bb0e538456e6efd07080bf2a4a2","name":"Lo viste en Los Pol\u00edticos","image":{"@type":"ImageObject","inLanguage":"es","@id":"https:\/\/secure.gravatar.com\/avatar\/3a8de04a2656d44082be478bd6c086daa447c4651605818287b9532d3d0bd435?s=96&d=mm&r=g","url":"https:\/\/secure.gravatar.com\/avatar\/3a8de04a2656d44082be478bd6c086daa447c4651605818287b9532d3d0bd435?s=96&d=mm&r=g","contentUrl":"https:\/\/secure.gravatar.com\/avatar\/3a8de04a2656d44082be478bd6c086daa447c4651605818287b9532d3d0bd435?s=96&d=mm&r=g","caption":"Lo viste en Los Pol\u00edticos"},"url":"https:\/\/lospoliticosveracruz.com\/?author=2"}]}},"_links":{"self":[{"href":"https:\/\/lospoliticosveracruz.com\/index.php?rest_route=\/wp\/v2\/posts\/66198","targetHints":{"allow":["GET"]}}],"collection":[{"href":"https:\/\/lospoliticosveracruz.com\/index.php?rest_route=\/wp\/v2\/posts"}],"about":[{"href":"https:\/\/lospoliticosveracruz.com\/index.php?rest_route=\/wp\/v2\/types\/post"}],"author":[{"embeddable":true,"href":"https:\/\/lospoliticosveracruz.com\/index.php?rest_route=\/wp\/v2\/users\/2"}],"replies":[{"embeddable":true,"href":"https:\/\/lospoliticosveracruz.com\/index.php?rest_route=%2Fwp%2Fv2%2Fcomments&post=66198"}],"version-history":[{"count":1,"href":"https:\/\/lospoliticosveracruz.com\/index.php?rest_route=\/wp\/v2\/posts\/66198\/revisions"}],"predecessor-version":[{"id":66201,"href":"https:\/\/lospoliticosveracruz.com\/index.php?rest_route=\/wp\/v2\/posts\/66198\/revisions\/66201"}],"wp:attachment":[{"href":"https:\/\/lospoliticosveracruz.com\/index.php?rest_route=%2Fwp%2Fv2%2Fmedia&parent=66198"}],"wp:term":[{"taxonomy":"category","embeddable":true,"href":"https:\/\/lospoliticosveracruz.com\/index.php?rest_route=%2Fwp%2Fv2%2Fcategories&post=66198"},{"taxonomy":"post_tag","embeddable":true,"href":"https:\/\/lospoliticosveracruz.com\/index.php?rest_route=%2Fwp%2Fv2%2Ftags&post=66198"}],"curies":[{"name":"wp","href":"https:\/\/api.w.org\/{rel}","templated":true}]}}