{"id":66203,"date":"2021-01-06T08:40:55","date_gmt":"2021-01-06T14:40:55","guid":{"rendered":"http:\/\/www.lospoliticosveracruz.com.mx\/?p=66203"},"modified":"2021-01-06T08:42:04","modified_gmt":"2021-01-06T14:42:04","slug":"yunes-la-estrategia-erika-la-del-muerto-o-muerta","status":"publish","type":"post","link":"https:\/\/lospoliticosveracruz.com\/?p=66203","title":{"rendered":"Yunes, la estrategia; Erika, la del Muerto&#8230; o muerta"},"content":{"rendered":"<p><strong>Ricardo Ch\u00faa<\/strong><br \/>\n<em>Sale y Vale<\/em><\/p>\n<p>OJO&#8230; Hay un asesor pol\u00edtico ligado a MORENA que mandaron a operar a Veracruz&#8230; Y que est\u00e1 recomendando al partido y actores pol\u00edticos&#8230; Que empiecen a manejar un discurso para DESCALIFICAR a la alianza opositora, de que siguen siendo lo mismo, ocupando el argumento que en la entidad s\u00f3lo existe la oportunidad para los cargos p\u00fablicos y pol\u00edticos para los que se apellidan Yunes&#8230; Sino, no se tiene la oportunidad de acceder a las \u00abgrandes ligas\u00bb de la vida p\u00fablica del Estado&#8230;<\/p>\n<p><a href=\"https:\/\/www.facebook.com\/notaria61veracruz\/\"><img decoding=\"async\" src=\"http:\/\/www.lospoliticosveracruz.com.mx\/wp-content\/uploads\/2020\/07\/CINTILLO-Armando.jpg\" alt=\"\" \/><\/a><\/p>\n<p>El argumento es sencillo&#8230; En 2010 hubo un Yunes como candidato a gobernador (Miguel Angel por el PAN-PANAL)&#8230; En 2012 s\u00f3lo puros Yunes entraron al Senado (Pepe, H\u00e9ctor y Fernando)&#8230; En 2016 hubo dos Yunes como candidatos a gobernador (H\u00e9ctor y Miguel Angel) y en 2018, de nuevo otros dos Yunes fueron candidatos a gobernador (Pepe y Miguel Angel junior)&#8230; Ah\u00ed gan\u00f3 un \u00abGarc\u00eda\u00bb&#8230; La duda que expone el asesor \u00abMoreno\u00bb: \u00bfQu\u00e9 no hay otros?&#8230; OJO&#8230; Esos \u00abmameyazos\u00bb si causan da\u00f1os&#8230; MORENA LOS VA EXPLOTAR&#8230; AMEN&#8230; <\/p>\n<p>LA CULPABLE&#8230; A pesar de que lo negar\u00e1 cuando est\u00e9 frente de ella&#8230; Que dir\u00e1 que no es cierto, que todo es falso, que son insidias en su contra&#8230; Que es \u00abfuego amigo\u00bb del mismo PRI&#8230; Lo que es una realidad, es que Juan Javier G\u00f3mez Cazar\u00edn, presidente de la Junta de Coordinaci\u00f3n Pol\u00edtica del Congreso Local, y \u00abpastor\u00bb de la bancada de MORENA&#8230; Est\u00e1 se\u00f1alando a una hom\u00f3loga, de ser responsable de que en la Legislatura del Estado, hubiera una \u00abMata-Hari\u00bb, que en diciembre pasado present\u00f3 su \u00abrenuncia\u00bb al cargo que ostentaba&#8230;<\/p>\n<p>Si recuerdan el \u00faltimo mes del 2020, en Xalapa, hicieron p\u00fablica la \u00abRENUNCIA\u00bb de la que fuera subdirectora Jur\u00eddica del Congreso Local, Maribel Chuy&#8230; Las redes sociale aliadas a Cazar\u00edn se\u00f1alaron que ella \u00abrenunci\u00f3\u00bb por su incapacidad en conocimientos jur\u00eddicos para realizar de manera correcta una Reforma Electoral, que fue rechazada por la Suprema Corte de Justicia de la Naci\u00f3n al Congreso Local, en noviembre pasado, y que la responsable de esa malograda reforma, era la que \u00abrenunciaba\u00bb al cargo&#8230; Hasta ah\u00ed se dijo&#8230;<\/p>\n<p>Despu\u00e9s \u00abGarganta Profunda\u00bb dio a conocer que la verdadera raz\u00f3n de la salida de Chuy&#8230; Se debi\u00f3 que por una \u00abRed de Contraespionaje\u00bb en el \u00abPalomar\u00bb de Palacio de Gobierno, se descubri\u00f3 que ella, mensajeaba todo lo que pasaba en reuniones \u00abTop Secret\u00bb de la bancada de MORENA en este recinto, a personas cercanas al senador, Ricardo Monreal, que ven los temas de Veracruz&#8230; Algo que molest\u00f3 mucho a MORENA y al gobierno estatal.. Ah\u00ed le dijeron BYE&#8230; <\/p>\n<p>Por eso, a este personaje la \u00abbautizaron\u00bb como la \u00abMata Hari Jarocha\u00bb, la c\u00e9lebre bailarina ex\u00f3tica de los Pa\u00edses Bajos, que en la Primera Guerra Mundial, espiaba para los franceses y tambi\u00e9n para los alemanes, por eso fue fusilada&#8230; Pero de ese tema, como muchos otros, acusaron a Cazar\u00edn de ser muy \u00abdescuidado\u00bb de su personal y que dej\u00f3 exhibido que en Palacio de Gobierno de Veracruz, hab\u00eda un \u00abCISEN\u00bb como en los tiempos de Yunes&#8230; Je Je Je&#8230; <\/p>\n<p>Debido a ello, hubo molestias de varios diputados locales&#8230; Pero nadie dijo nada&#8230; Sin embargo, \u00abGarganta Profunda\u00bb se\u00f1ala que G\u00f3mez Cazar\u00edn a contado a varios allegados, que a \u00e9l, le \u00abechan\u00bb la culpa del tema de Maribel Chuy&#8230; Cuando \u00e9l nada tiene que ver&#8230; Que si bien es cierto, depend\u00eda administrativamente de la JUCOPO&#8230; Pero que este ex funcionario, no era de su equipo cercano&#8230; Menos de su confianza&#8230;. MOCOS PETRA&#8230; \u00bfEntonces?&#8230;<\/p>\n<p>Nos dice, \u00abGarganta Profunda\u00bb que Cazar\u00edn ha dicho en reuniones un DATO RELEVANTE sobre Maribel Chuy&#8230;  Que ella verdaderamente es gente directa de la diputada local, Erika Ayala&#8230; Y que fue ella quien la puso ah\u00ed&#8230; Y que la dirigente sindical del COBAEV, la sostuvo pese a los esc\u00e1ndalos en los que se meti\u00f3 por asuntos particulares y que Maribel ha ocupado cargos diversos&#8230; Pero siempre como el \u00abbrazo operativo\u00bb de Erika Ayala&#8230; Cazar\u00edn aqu\u00ed aplico la de: \u00abEse muerto no lo cargo yo&#8230; Que lo cargue, el que lo mat\u00f3\u00bb&#8230;  ZUCUTUM&#8230;   <\/p>\n<p>PEPE, LA OTRA OPERACI\u00d3N&#8230; Muy buena expectativa ha levantado en el sector pol\u00edtico opositor de la entidad&#8230; Que el ex senador priista veracruzano, Jos\u00e9 Francisco Yunes Zorrilla, si bien es cierto, no participar\u00e1 de manera directa en la elecci\u00f3n de este a\u00f1o como candidato a diputado federal por el distrito de Perote, d\u00e1ndole paso a un miembro su equipo en la regi\u00f3n, como lo es; Juan Francisco Herbert Prado, para lograr impulsarlo a ganar en la demarcaci\u00f3n&#8230; Sin duda, marca el regreso de PepeYu a las lides pol\u00edticas&#8230;<\/p>\n<p>Ya que la imagen del perote\u00f1o en Veracruz es bien vista y hay cuadros priistas que est\u00e1n esperando su regreso a la vida p\u00fablica, aunque sea detr\u00e1s de bambalinas, para poder buscar acercamientos con \u00e9l y con ello volver a participar tambi\u00e9n en la pol\u00edtica \u00abjarocha\u00bb desde su trinchera en varios puntos de la entidad&#8230; Esto hace ver que Pepe Yunes contin\u00faa siendo un buen activo pol\u00edtico del PRI en la entidad&#8230; NO HA PERDIDO SU \u00abTOQUE\u00bb&#8230;<\/p>\n<p>De seguro, el ex legislador perote\u00f1o no s\u00f3lo abonar\u00e1 por el triunfo del distrito de Perote que encabezar\u00e1 el PRI en la alianza opositora&#8230;. Probablemente ayudar\u00e1 en el distrito de Orizaba para que el PRI tambi\u00e9n gane en esta demarcaci\u00f3n con la coalici\u00f3n, donde seguramente el postulado ser\u00e1 el actual alcalde, Igor Roji o el empresario, Fidel Kuri Grajales; donde PepeYu sostiene una f\u00e9rrea amistad con el empresario, Juan Manuel D\u00edez Francos&#8230; El verdadero \u00abVito Corleone\u00bb de la Pluviosilla&#8230;<\/p>\n<p>Se puede decir que pasar\u00e1 lo mismo en los distritos de Xalapa&#8230; Donde tambi\u00e9n la alianza a trav\u00e9s del PRI encabezar\u00e1 estas candidatura&#8230; Ah\u00ed seguramente se postular\u00e1 Am\u00e9rico Z\u00fa\u00f1iga, ah\u00ed tambi\u00e9n el ex senador apoyar\u00eda con todo para que este distrito urbano logre el triunfo&#8230; Ya que Am\u00e9rico, gran parte de su carrera pol\u00edtica, se la debe al de Perote&#8230; El lo apuntal\u00f3 con Javier Duarte en 2013 para ser alcalde de la capital y en 2017, lo hizo presidente del PRI estatal&#8230; La carrera de Am\u00e9rico est\u00e1 ligada a Pepe y Fidel Herrera&#8230; <\/p>\n<p>As\u00ed, pues, los que pensaban que PepeYu estaba dedicado a otras cosas&#8230; Menos a la pol\u00edtica, est\u00e1n equivocados&#8230; Tambi\u00e9n como en su momento, hizo de Boca del R\u00edo su centro de operaciones&#8230; Ahora es Coatepec, donde realiza reuniones&#8230; Al final de cuentas, el ex diputado es de una sola pieza y no \u00abcambio de pijama\u00bb cuando el PRI fue derrotado por MORENA en 2018&#8230; A pesar de las TRAICIONES POL\u00cdTICAS de las que fue objeto&#8230; El contin\u00fao siendo rojo, no se hizo Morado&#8230; ESO ES TENER TEMPLE&#8230; AMEN&#8230;<\/p>\n","protected":false},"excerpt":{"rendered":"<p>Ricardo Ch\u00faa Sale y Vale OJO&#8230; Hay un asesor pol\u00edtico ligado a MORENA que mandaron a operar a Veracruz&#8230; Y que est\u00e1 recomendando al partido y actores pol\u00edticos&#8230; Que empiecen a manejar un discurso para DESCALIFICAR a la alianza opositora, de que siguen siendo lo mismo, ocupando el argumento que en la entidad s\u00f3lo existe [&hellip;]<\/p>\n","protected":false},"author":2,"featured_media":0,"comment_status":"open","ping_status":"open","sticky":false,"template":"","format":"standard","meta":{"tdm_status":"","tdm_grid_status":"","footnotes":""},"categories":[70],"tags":[483,119,1846,24903,12695,24929,1026,570,1414,13604,10353,24930,96],"class_list":{"0":"post-66203","1":"post","2":"type-post","3":"status-publish","4":"format-standard","6":"category-de-opinion","7":"tag-americo-zuniga","8":"tag-hector-yunes","9":"tag-jose-francisco-yunes-zorrilla","10":"tag-juan-francisco-herbert-prado","11":"tag-juan-javier-gomez-cazarin","12":"tag-maribel-chuy","13":"tag-morena","14":"tag-pepe-yunes","15":"tag-reforma-electoral","16":"tag-ricardo-chua","17":"tag-ricardo-monreal","18":"tag-traiciones-politicas","19":"tag-xalapa"},"yoast_head":"<!-- This site is optimized with the Yoast SEO plugin v27.4 - https:\/\/yoast.com\/product\/yoast-seo-wordpress\/ -->\n<title>Yunes, la estrategia; Erika, la del Muerto... o muerta - Los pol\u00edticos Veracruz<\/title>\n<meta name=\"robots\" content=\"index, follow, max-snippet:-1, max-image-preview:large, max-video-preview:-1\" \/>\n<link rel=\"canonical\" href=\"https:\/\/lospoliticosveracruz.com\/?p=66203\" \/>\n<meta property=\"og:locale\" content=\"es_ES\" \/>\n<meta property=\"og:type\" content=\"article\" \/>\n<meta property=\"og:title\" content=\"Yunes, la estrategia; Erika, la del Muerto... o muerta - Los pol\u00edticos Veracruz\" \/>\n<meta property=\"og:description\" content=\"Ricardo Ch\u00faa Sale y Vale OJO&#8230; Hay un asesor pol\u00edtico ligado a MORENA que mandaron a operar a Veracruz&#8230; Y que est\u00e1 recomendando al partido y actores pol\u00edticos&#8230; Que empiecen a manejar un discurso para DESCALIFICAR a la alianza opositora, de que siguen siendo lo mismo, ocupando el argumento que en la entidad s\u00f3lo existe [&hellip;]\" \/>\n<meta property=\"og:url\" content=\"https:\/\/lospoliticosveracruz.com\/?p=66203\" \/>\n<meta property=\"og:site_name\" content=\"Los pol\u00edticos Veracruz\" \/>\n<meta property=\"article:publisher\" content=\"https:\/\/www.facebook.com\/people\/Notimemes-de-los-Polticos\/61565672886568\/\" \/>\n<meta property=\"article:published_time\" content=\"2021-01-06T14:40:55+00:00\" \/>\n<meta property=\"article:modified_time\" content=\"2021-01-06T14:42:04+00:00\" \/>\n<meta property=\"og:image\" content=\"http:\/\/www.lospoliticosveracruz.com.mx\/wp-content\/uploads\/2020\/07\/CINTILLO-Armando.jpg\" \/>\n<meta name=\"author\" content=\"Lo viste en Los Pol\u00edticos\" \/>\n<meta name=\"twitter:card\" content=\"summary_large_image\" \/>\n<meta name=\"twitter:creator\" content=\"@LosPoliticosVer\" \/>\n<meta name=\"twitter:site\" content=\"@LosPoliticosVer\" \/>\n<meta name=\"twitter:label1\" content=\"Escrito por\" \/>\n\t<meta name=\"twitter:data1\" content=\"Lo viste en Los Pol\u00edticos\" \/>\n\t<meta name=\"twitter:label2\" content=\"Tiempo de lectura\" \/>\n\t<meta name=\"twitter:data2\" content=\"6 minutos\" \/>\n<script type=\"application\/ld+json\" class=\"yoast-schema-graph\">{\"@context\":\"https:\\\/\\\/schema.org\",\"@graph\":[{\"@type\":\"Article\",\"@id\":\"https:\\\/\\\/lospoliticosveracruz.com\\\/?p=66203#article\",\"isPartOf\":{\"@id\":\"https:\\\/\\\/lospoliticosveracruz.com\\\/?p=66203\"},\"author\":{\"name\":\"Lo viste en Los Pol\u00edticos\",\"@id\":\"https:\\\/\\\/lospoliticosveracruz.com\\\/#\\\/schema\\\/person\\\/b8702bb0e538456e6efd07080bf2a4a2\"},\"headline\":\"Yunes, la estrategia; Erika, la del Muerto&#8230; o muerta\",\"datePublished\":\"2021-01-06T14:40:55+00:00\",\"dateModified\":\"2021-01-06T14:42:04+00:00\",\"mainEntityOfPage\":{\"@id\":\"https:\\\/\\\/lospoliticosveracruz.com\\\/?p=66203\"},\"wordCount\":1175,\"commentCount\":0,\"publisher\":{\"@id\":\"https:\\\/\\\/lospoliticosveracruz.com\\\/#organization\"},\"image\":{\"@id\":\"https:\\\/\\\/lospoliticosveracruz.com\\\/?p=66203#primaryimage\"},\"thumbnailUrl\":\"http:\\\/\\\/www.lospoliticosveracruz.com.mx\\\/wp-content\\\/uploads\\\/2020\\\/07\\\/CINTILLO-Armando.jpg\",\"keywords\":[\"Am\u00e9rico Z\u00fa\u00f1iga\",\"H\u00e9ctor Yunes\",\"Jos\u00e9 Francisco Yunes Zorrilla\",\"Juan Francisco Herbert Prado\",\"Juan Javier G\u00f3mez Cazar\u00edn\",\"Maribel Chuy\",\"Morena\",\"Pepe Yunes\",\"reforma electoral\",\"Ricardo Ch\u00faa\",\"Ricardo Monreal\",\"Traiciones pol\u00edticas\",\"Xalapa\"],\"articleSection\":[\"De Opini\u00f3n\"],\"inLanguage\":\"es\",\"potentialAction\":[{\"@type\":\"CommentAction\",\"name\":\"Comment\",\"target\":[\"https:\\\/\\\/lospoliticosveracruz.com\\\/?p=66203#respond\"]}]},{\"@type\":\"WebPage\",\"@id\":\"https:\\\/\\\/lospoliticosveracruz.com\\\/?p=66203\",\"url\":\"https:\\\/\\\/lospoliticosveracruz.com\\\/?p=66203\",\"name\":\"Yunes, la estrategia; Erika, la del Muerto... o muerta - Los pol\u00edticos Veracruz\",\"isPartOf\":{\"@id\":\"https:\\\/\\\/lospoliticosveracruz.com\\\/#website\"},\"primaryImageOfPage\":{\"@id\":\"https:\\\/\\\/lospoliticosveracruz.com\\\/?p=66203#primaryimage\"},\"image\":{\"@id\":\"https:\\\/\\\/lospoliticosveracruz.com\\\/?p=66203#primaryimage\"},\"thumbnailUrl\":\"http:\\\/\\\/www.lospoliticosveracruz.com.mx\\\/wp-content\\\/uploads\\\/2020\\\/07\\\/CINTILLO-Armando.jpg\",\"datePublished\":\"2021-01-06T14:40:55+00:00\",\"dateModified\":\"2021-01-06T14:42:04+00:00\",\"breadcrumb\":{\"@id\":\"https:\\\/\\\/lospoliticosveracruz.com\\\/?p=66203#breadcrumb\"},\"inLanguage\":\"es\",\"potentialAction\":[{\"@type\":\"ReadAction\",\"target\":[\"https:\\\/\\\/lospoliticosveracruz.com\\\/?p=66203\"]}]},{\"@type\":\"ImageObject\",\"inLanguage\":\"es\",\"@id\":\"https:\\\/\\\/lospoliticosveracruz.com\\\/?p=66203#primaryimage\",\"url\":\"http:\\\/\\\/www.lospoliticosveracruz.com.mx\\\/wp-content\\\/uploads\\\/2020\\\/07\\\/CINTILLO-Armando.jpg\",\"contentUrl\":\"http:\\\/\\\/www.lospoliticosveracruz.com.mx\\\/wp-content\\\/uploads\\\/2020\\\/07\\\/CINTILLO-Armando.jpg\"},{\"@type\":\"BreadcrumbList\",\"@id\":\"https:\\\/\\\/lospoliticosveracruz.com\\\/?p=66203#breadcrumb\",\"itemListElement\":[{\"@type\":\"ListItem\",\"position\":1,\"name\":\"Portada\",\"item\":\"https:\\\/\\\/lospoliticosveracruz.com\\\/\"},{\"@type\":\"ListItem\",\"position\":2,\"name\":\"Yunes, la estrategia; Erika, la del Muerto&#8230; o muerta\"}]},{\"@type\":\"WebSite\",\"@id\":\"https:\\\/\\\/lospoliticosveracruz.com\\\/#website\",\"url\":\"https:\\\/\\\/lospoliticosveracruz.com\\\/\",\"name\":\"Los pol\u00edticos Veracruz\",\"description\":\"\",\"publisher\":{\"@id\":\"https:\\\/\\\/lospoliticosveracruz.com\\\/#organization\"},\"potentialAction\":[{\"@type\":\"SearchAction\",\"target\":{\"@type\":\"EntryPoint\",\"urlTemplate\":\"https:\\\/\\\/lospoliticosveracruz.com\\\/?s={search_term_string}\"},\"query-input\":{\"@type\":\"PropertyValueSpecification\",\"valueRequired\":true,\"valueName\":\"search_term_string\"}}],\"inLanguage\":\"es\"},{\"@type\":\"Organization\",\"@id\":\"https:\\\/\\\/lospoliticosveracruz.com\\\/#organization\",\"name\":\"Los pol\u00edticos Veracruz\",\"url\":\"https:\\\/\\\/lospoliticosveracruz.com\\\/\",\"logo\":{\"@type\":\"ImageObject\",\"inLanguage\":\"es\",\"@id\":\"https:\\\/\\\/lospoliticosveracruz.com\\\/#\\\/schema\\\/logo\\\/image\\\/\",\"url\":\"https:\\\/\\\/lospoliticosveracruz.com\\\/wp-content\\\/uploads\\\/2025\\\/12\\\/Logo-Nuevo-LOS-POLITICOS-1.jpg\",\"contentUrl\":\"https:\\\/\\\/lospoliticosveracruz.com\\\/wp-content\\\/uploads\\\/2025\\\/12\\\/Logo-Nuevo-LOS-POLITICOS-1.jpg\",\"width\":260,\"height\":70,\"caption\":\"Los pol\u00edticos Veracruz\"},\"image\":{\"@id\":\"https:\\\/\\\/lospoliticosveracruz.com\\\/#\\\/schema\\\/logo\\\/image\\\/\"},\"sameAs\":[\"https:\\\/\\\/www.facebook.com\\\/people\\\/Notimemes-de-los-Polticos\\\/61565672886568\\\/\",\"https:\\\/\\\/x.com\\\/LosPoliticosVer\"]},{\"@type\":\"Person\",\"@id\":\"https:\\\/\\\/lospoliticosveracruz.com\\\/#\\\/schema\\\/person\\\/b8702bb0e538456e6efd07080bf2a4a2\",\"name\":\"Lo viste en Los Pol\u00edticos\",\"image\":{\"@type\":\"ImageObject\",\"inLanguage\":\"es\",\"@id\":\"https:\\\/\\\/secure.gravatar.com\\\/avatar\\\/3a8de04a2656d44082be478bd6c086daa447c4651605818287b9532d3d0bd435?s=96&d=mm&r=g\",\"url\":\"https:\\\/\\\/secure.gravatar.com\\\/avatar\\\/3a8de04a2656d44082be478bd6c086daa447c4651605818287b9532d3d0bd435?s=96&d=mm&r=g\",\"contentUrl\":\"https:\\\/\\\/secure.gravatar.com\\\/avatar\\\/3a8de04a2656d44082be478bd6c086daa447c4651605818287b9532d3d0bd435?s=96&d=mm&r=g\",\"caption\":\"Lo viste en Los Pol\u00edticos\"},\"url\":\"https:\\\/\\\/lospoliticosveracruz.com\\\/?author=2\"}]}<\/script>\n<!-- \/ Yoast SEO plugin. -->","yoast_head_json":{"title":"Yunes, la estrategia; Erika, la del Muerto... o muerta - Los pol\u00edticos Veracruz","robots":{"index":"index","follow":"follow","max-snippet":"max-snippet:-1","max-image-preview":"max-image-preview:large","max-video-preview":"max-video-preview:-1"},"canonical":"https:\/\/lospoliticosveracruz.com\/?p=66203","og_locale":"es_ES","og_type":"article","og_title":"Yunes, la estrategia; Erika, la del Muerto... o muerta - Los pol\u00edticos Veracruz","og_description":"Ricardo Ch\u00faa Sale y Vale OJO&#8230; Hay un asesor pol\u00edtico ligado a MORENA que mandaron a operar a Veracruz&#8230; Y que est\u00e1 recomendando al partido y actores pol\u00edticos&#8230; Que empiecen a manejar un discurso para DESCALIFICAR a la alianza opositora, de que siguen siendo lo mismo, ocupando el argumento que en la entidad s\u00f3lo existe [&hellip;]","og_url":"https:\/\/lospoliticosveracruz.com\/?p=66203","og_site_name":"Los pol\u00edticos Veracruz","article_publisher":"https:\/\/www.facebook.com\/people\/Notimemes-de-los-Polticos\/61565672886568\/","article_published_time":"2021-01-06T14:40:55+00:00","article_modified_time":"2021-01-06T14:42:04+00:00","og_image":[{"url":"http:\/\/www.lospoliticosveracruz.com.mx\/wp-content\/uploads\/2020\/07\/CINTILLO-Armando.jpg","type":"","width":"","height":""}],"author":"Lo viste en Los Pol\u00edticos","twitter_card":"summary_large_image","twitter_creator":"@LosPoliticosVer","twitter_site":"@LosPoliticosVer","twitter_misc":{"Escrito por":"Lo viste en Los Pol\u00edticos","Tiempo de lectura":"6 minutos"},"schema":{"@context":"https:\/\/schema.org","@graph":[{"@type":"Article","@id":"https:\/\/lospoliticosveracruz.com\/?p=66203#article","isPartOf":{"@id":"https:\/\/lospoliticosveracruz.com\/?p=66203"},"author":{"name":"Lo viste en Los Pol\u00edticos","@id":"https:\/\/lospoliticosveracruz.com\/#\/schema\/person\/b8702bb0e538456e6efd07080bf2a4a2"},"headline":"Yunes, la estrategia; Erika, la del Muerto&#8230; o muerta","datePublished":"2021-01-06T14:40:55+00:00","dateModified":"2021-01-06T14:42:04+00:00","mainEntityOfPage":{"@id":"https:\/\/lospoliticosveracruz.com\/?p=66203"},"wordCount":1175,"commentCount":0,"publisher":{"@id":"https:\/\/lospoliticosveracruz.com\/#organization"},"image":{"@id":"https:\/\/lospoliticosveracruz.com\/?p=66203#primaryimage"},"thumbnailUrl":"http:\/\/www.lospoliticosveracruz.com.mx\/wp-content\/uploads\/2020\/07\/CINTILLO-Armando.jpg","keywords":["Am\u00e9rico Z\u00fa\u00f1iga","H\u00e9ctor Yunes","Jos\u00e9 Francisco Yunes Zorrilla","Juan Francisco Herbert Prado","Juan Javier G\u00f3mez Cazar\u00edn","Maribel Chuy","Morena","Pepe Yunes","reforma electoral","Ricardo Ch\u00faa","Ricardo Monreal","Traiciones pol\u00edticas","Xalapa"],"articleSection":["De Opini\u00f3n"],"inLanguage":"es","potentialAction":[{"@type":"CommentAction","name":"Comment","target":["https:\/\/lospoliticosveracruz.com\/?p=66203#respond"]}]},{"@type":"WebPage","@id":"https:\/\/lospoliticosveracruz.com\/?p=66203","url":"https:\/\/lospoliticosveracruz.com\/?p=66203","name":"Yunes, la estrategia; Erika, la del Muerto... o muerta - Los pol\u00edticos Veracruz","isPartOf":{"@id":"https:\/\/lospoliticosveracruz.com\/#website"},"primaryImageOfPage":{"@id":"https:\/\/lospoliticosveracruz.com\/?p=66203#primaryimage"},"image":{"@id":"https:\/\/lospoliticosveracruz.com\/?p=66203#primaryimage"},"thumbnailUrl":"http:\/\/www.lospoliticosveracruz.com.mx\/wp-content\/uploads\/2020\/07\/CINTILLO-Armando.jpg","datePublished":"2021-01-06T14:40:55+00:00","dateModified":"2021-01-06T14:42:04+00:00","breadcrumb":{"@id":"https:\/\/lospoliticosveracruz.com\/?p=66203#breadcrumb"},"inLanguage":"es","potentialAction":[{"@type":"ReadAction","target":["https:\/\/lospoliticosveracruz.com\/?p=66203"]}]},{"@type":"ImageObject","inLanguage":"es","@id":"https:\/\/lospoliticosveracruz.com\/?p=66203#primaryimage","url":"http:\/\/www.lospoliticosveracruz.com.mx\/wp-content\/uploads\/2020\/07\/CINTILLO-Armando.jpg","contentUrl":"http:\/\/www.lospoliticosveracruz.com.mx\/wp-content\/uploads\/2020\/07\/CINTILLO-Armando.jpg"},{"@type":"BreadcrumbList","@id":"https:\/\/lospoliticosveracruz.com\/?p=66203#breadcrumb","itemListElement":[{"@type":"ListItem","position":1,"name":"Portada","item":"https:\/\/lospoliticosveracruz.com\/"},{"@type":"ListItem","position":2,"name":"Yunes, la estrategia; Erika, la del Muerto&#8230; o muerta"}]},{"@type":"WebSite","@id":"https:\/\/lospoliticosveracruz.com\/#website","url":"https:\/\/lospoliticosveracruz.com\/","name":"Los pol\u00edticos Veracruz","description":"","publisher":{"@id":"https:\/\/lospoliticosveracruz.com\/#organization"},"potentialAction":[{"@type":"SearchAction","target":{"@type":"EntryPoint","urlTemplate":"https:\/\/lospoliticosveracruz.com\/?s={search_term_string}"},"query-input":{"@type":"PropertyValueSpecification","valueRequired":true,"valueName":"search_term_string"}}],"inLanguage":"es"},{"@type":"Organization","@id":"https:\/\/lospoliticosveracruz.com\/#organization","name":"Los pol\u00edticos Veracruz","url":"https:\/\/lospoliticosveracruz.com\/","logo":{"@type":"ImageObject","inLanguage":"es","@id":"https:\/\/lospoliticosveracruz.com\/#\/schema\/logo\/image\/","url":"https:\/\/lospoliticosveracruz.com\/wp-content\/uploads\/2025\/12\/Logo-Nuevo-LOS-POLITICOS-1.jpg","contentUrl":"https:\/\/lospoliticosveracruz.com\/wp-content\/uploads\/2025\/12\/Logo-Nuevo-LOS-POLITICOS-1.jpg","width":260,"height":70,"caption":"Los pol\u00edticos Veracruz"},"image":{"@id":"https:\/\/lospoliticosveracruz.com\/#\/schema\/logo\/image\/"},"sameAs":["https:\/\/www.facebook.com\/people\/Notimemes-de-los-Polticos\/61565672886568\/","https:\/\/x.com\/LosPoliticosVer"]},{"@type":"Person","@id":"https:\/\/lospoliticosveracruz.com\/#\/schema\/person\/b8702bb0e538456e6efd07080bf2a4a2","name":"Lo viste en Los Pol\u00edticos","image":{"@type":"ImageObject","inLanguage":"es","@id":"https:\/\/secure.gravatar.com\/avatar\/3a8de04a2656d44082be478bd6c086daa447c4651605818287b9532d3d0bd435?s=96&d=mm&r=g","url":"https:\/\/secure.gravatar.com\/avatar\/3a8de04a2656d44082be478bd6c086daa447c4651605818287b9532d3d0bd435?s=96&d=mm&r=g","contentUrl":"https:\/\/secure.gravatar.com\/avatar\/3a8de04a2656d44082be478bd6c086daa447c4651605818287b9532d3d0bd435?s=96&d=mm&r=g","caption":"Lo viste en Los Pol\u00edticos"},"url":"https:\/\/lospoliticosveracruz.com\/?author=2"}]}},"_links":{"self":[{"href":"https:\/\/lospoliticosveracruz.com\/index.php?rest_route=\/wp\/v2\/posts\/66203","targetHints":{"allow":["GET"]}}],"collection":[{"href":"https:\/\/lospoliticosveracruz.com\/index.php?rest_route=\/wp\/v2\/posts"}],"about":[{"href":"https:\/\/lospoliticosveracruz.com\/index.php?rest_route=\/wp\/v2\/types\/post"}],"author":[{"embeddable":true,"href":"https:\/\/lospoliticosveracruz.com\/index.php?rest_route=\/wp\/v2\/users\/2"}],"replies":[{"embeddable":true,"href":"https:\/\/lospoliticosveracruz.com\/index.php?rest_route=%2Fwp%2Fv2%2Fcomments&post=66203"}],"version-history":[{"count":2,"href":"https:\/\/lospoliticosveracruz.com\/index.php?rest_route=\/wp\/v2\/posts\/66203\/revisions"}],"predecessor-version":[{"id":66205,"href":"https:\/\/lospoliticosveracruz.com\/index.php?rest_route=\/wp\/v2\/posts\/66203\/revisions\/66205"}],"wp:attachment":[{"href":"https:\/\/lospoliticosveracruz.com\/index.php?rest_route=%2Fwp%2Fv2%2Fmedia&parent=66203"}],"wp:term":[{"taxonomy":"category","embeddable":true,"href":"https:\/\/lospoliticosveracruz.com\/index.php?rest_route=%2Fwp%2Fv2%2Fcategories&post=66203"},{"taxonomy":"post_tag","embeddable":true,"href":"https:\/\/lospoliticosveracruz.com\/index.php?rest_route=%2Fwp%2Fv2%2Ftags&post=66203"}],"curies":[{"name":"wp","href":"https:\/\/api.w.org\/{rel}","templated":true}]}}