{"id":66254,"date":"2021-01-06T20:51:06","date_gmt":"2021-01-07T02:51:06","guid":{"rendered":"http:\/\/www.lospoliticosveracruz.com.mx\/?p=66254"},"modified":"2021-01-07T07:55:07","modified_gmt":"2021-01-07T13:55:07","slug":"checo-vicho-y-chapito","status":"publish","type":"post","link":"https:\/\/lospoliticosveracruz.com\/?p=66254","title":{"rendered":"Checo, Vicho y Chapito"},"content":{"rendered":"<p><strong>Salvador Mu\u00f1oz<\/strong><\/p>\n<p><em>Los Pol\u00edticos<\/em><\/p>\n<p>La pugna por la candidatura en Xalapa, por parte del PAN, lleva lugar a cantidad de historias narradas por las partes interesadas. Cada quien habla maravillas de su gallo; de los pactos alcanzados; de los convenios logrados; de los amarres obtenidos; que en un momento dado, lo han de llevar a encabezar esa cruzada del blanquiazul para por fin, ver coronados sus esfuerzos siendo autoridad en la Ciudad Capital. \u00a1Nom\u00e1s imaginen si se da!: Veracruz, Boca del R\u00edo, C\u00f3rdoba y Xalapa\u2026 y s\u00famele municipios y curules, como el primer paso para volver por la gubernatura en este 2024, pero para llegar a ese a\u00f1o, primero hay que resolver el 21\u2026 y hacer efectivos los triunfos\u2026 mientras, no deja de ser cuentas de lecherita.<\/p>\n<p><a href=\"https:\/\/www.facebook.com\/notaria61veracruz\/\"><img decoding=\"async\" src=\"http:\/\/www.lospoliticosveracruz.com.mx\/wp-content\/uploads\/2020\/07\/CINTILLO-Armando.jpg\" alt=\"\" \/><\/a><\/p>\n<p>En este mismo espacio, se planteaba la idea de que el PAN tiene decidida su candidatura para un militante de sangre azul, lo que la convocatoria expedida el d\u00eda de ayer por Acci\u00f3n Nacional, da lugar a muchas interpretaciones\u2026 como por ejemplo, en su punto 12, donde cita que \u201cpodr\u00e1n solicitar su registro de precandidatura a integrar las planillas a cargos municipales, las y los militantes del Partido Acci\u00f3n Nacional y la ciudadan\u00eda de reconocido prestigio y honorabilidad\u201d. Es decir: para muchos, es el pase de entrada de David Velasco Chedraui.<br \/>\nOtro punto interesante se da en el inciso D del Punto 12: \u201cTrat\u00e1ndose de militantes, no encontrarse sancionados al momento de presentar su solicitud de registro, con suspensi\u00f3n de derechos, inhabilitaci\u00f3n para ocupar una candidatura o expulsi\u00f3n\u2026\u201d<br \/>\nLo que da lugar para recordar el caso de la alter-bancada del PAN en el Congreso local con todo y sus integrantes, as\u00ed como el caso de Rodrigo Garc\u00eda Escalante, que hasta donde se sabe, en mayo fue expulsado del partido. Lo que s\u00ed se desconoce es si se sigue alg\u00fan proceso contra el resto de quienes participaron en esa \u201cBancada rebelde\u201d, lo que pudiera convertirse en un As bajo la manga para el dirigente del partido, Chapito Guzm\u00e1n, cuando se trate de apretar las tuercas a Montserrat Ortega Ruiz, Mar\u00eda de Jes\u00fas Mart\u00ednez D\u00edaz, Marigraz Hern\u00e1ndez I\u00f1iguez (recuerden que su pap\u00e1 pretender\u00eda la curul local y el esposa de ella, la alcald\u00eda), Arturo Serna Barajas, Juan Manuel de Unanue Abascal (fuerte y \u00fanico contendiente por Boca), Mar\u00eda Josefina Gamboa Torales, Judith Pineda Andrade y Sergio Hern\u00e1ndez Hern\u00e1ndez (otro fuerte aspirante a la candidatura por la Atenas).<br \/>\n\u00a1Ojo! Lo anterior es expuesto en caso de que el PAN fuera solo, sin aliados, por la alcald\u00eda de Xalapa\u2026 \u00bfpero qu\u00e9 pasa si fuera en alianza con PRD y PRI como se ha venido mencionando desde hace rato pero que a\u00fan no se define? La convocatoria dice lo siguiente:<br \/>\nSi el PAN acuerda participar a trav\u00e9s de cualquier modalidad de asociaci\u00f3n electoral con otros partidos pol\u00edticos, \u201cla Comisi\u00f3n Organizadora Electoral podr\u00e1 proponer a la Comisi\u00f3n Permanente Nacional del Consejo Nacional del Partido Acci\u00f3n Nacional la cancelaci\u00f3n del proceso interno de selecci\u00f3n de candidaturas a que hace referencia la presente Convocatoria, siempre que el convenio establezca un m\u00e9todo diverso de elecci\u00f3n o la postulaci\u00f3n deje de corresponder al Partido Acci\u00f3n Nacional\u201d.<br \/>\nDe acuerdo a los n\u00fameros en los \u00faltimos procesos electorales, todo indica que la postulaci\u00f3n le pertenece al PAN, lo que da lugar a que, entonces, tampoco haya\u00a0\u201cun m\u00e9todo diverso de elecci\u00f3n\u201d salvo a que el PRD diga otra cosa; \u00bfel PRI? se mantiene cauto\u2026 Habr\u00e1 que ver c\u00f3mo jugar\u00edan estas barajas a la hora de afinar los acuerdos Chapito, Marlon y Cadena\u2026 El asunto en la candidatura del PAN por la alcald\u00eda de Xalapa, sigue estando sujeta a qui\u00e9n traga m\u00e1s pinole\u2026 \u00a1y ojo! No es un choque entre Checo y Vicho, sino entre Checo y Chapito\u2026 las estrategias est\u00e1n en juego.<\/p>\n<p>smcainito@gmail.com<\/p>\n","protected":false},"excerpt":{"rendered":"<p>Salvador Mu\u00f1oz Los Pol\u00edticos La pugna por la candidatura en Xalapa, por parte del PAN, lleva lugar a cantidad de historias narradas por las partes interesadas. Cada quien habla maravillas de su gallo; de los pactos alcanzados; de los convenios logrados; de los amarres obtenidos; que en un momento dado, lo han de llevar a [&hellip;]<\/p>\n","protected":false},"author":2,"featured_media":0,"comment_status":"open","ping_status":"open","sticky":false,"template":"","format":"standard","meta":{"tdm_status":"","tdm_grid_status":"","footnotes":""},"categories":[70],"tags":[601,4059,16045,751,407,24955,8456,11832,10989,14098,2908,10402,266,3479,3722,2646,15095,6481,195,96],"class_list":{"0":"post-66254","1":"post","2":"type-post","3":"status-publish","4":"format-standard","6":"category-de-opinion","7":"tag-boca-del-rio","8":"tag-candidatura","9":"tag-chapito-guzman","10":"tag-cordoba","11":"tag-david-velasco-chedraui","12":"tag-josefina-gamboa-torales","13":"tag-juan-manuel-de-unanue-abascal","14":"tag-judith-pineda-andrade","15":"tag-maria-de-jesus-martinez-diaz","16":"tag-marigraz-hernandez-iniguez","17":"tag-marlon-ramirez-marin","18":"tag-montserrat-ortega-ruiz","19":"tag-pan","20":"tag-pan-prd","21":"tag-rodrigo-garcia-escalante","22":"tag-salvador-munoz","23":"tag-sergio-cadena","24":"tag-sergio-hernandez-hernandez","25":"tag-veracruz","26":"tag-xalapa"},"yoast_head":"<!-- This site is optimized with the Yoast SEO plugin v27.4 - https:\/\/yoast.com\/product\/yoast-seo-wordpress\/ -->\n<title>Checo, Vicho y Chapito - Los pol\u00edticos Veracruz<\/title>\n<meta name=\"robots\" content=\"index, follow, max-snippet:-1, max-image-preview:large, max-video-preview:-1\" \/>\n<link rel=\"canonical\" href=\"https:\/\/lospoliticosveracruz.com\/?p=66254\" \/>\n<meta property=\"og:locale\" content=\"es_ES\" \/>\n<meta property=\"og:type\" content=\"article\" \/>\n<meta property=\"og:title\" content=\"Checo, Vicho y Chapito - Los pol\u00edticos Veracruz\" \/>\n<meta property=\"og:description\" content=\"Salvador Mu\u00f1oz Los Pol\u00edticos La pugna por la candidatura en Xalapa, por parte del PAN, lleva lugar a cantidad de historias narradas por las partes interesadas. Cada quien habla maravillas de su gallo; de los pactos alcanzados; de los convenios logrados; de los amarres obtenidos; que en un momento dado, lo han de llevar a [&hellip;]\" \/>\n<meta property=\"og:url\" content=\"https:\/\/lospoliticosveracruz.com\/?p=66254\" \/>\n<meta property=\"og:site_name\" content=\"Los pol\u00edticos Veracruz\" \/>\n<meta property=\"article:publisher\" content=\"https:\/\/www.facebook.com\/people\/Notimemes-de-los-Polticos\/61565672886568\/\" \/>\n<meta property=\"article:published_time\" content=\"2021-01-07T02:51:06+00:00\" \/>\n<meta property=\"article:modified_time\" content=\"2021-01-07T13:55:07+00:00\" \/>\n<meta property=\"og:image\" content=\"http:\/\/www.lospoliticosveracruz.com.mx\/wp-content\/uploads\/2020\/07\/CINTILLO-Armando.jpg\" \/>\n<meta name=\"author\" content=\"Lo viste en Los Pol\u00edticos\" \/>\n<meta name=\"twitter:card\" content=\"summary_large_image\" \/>\n<meta name=\"twitter:creator\" content=\"@LosPoliticosVer\" \/>\n<meta name=\"twitter:site\" content=\"@LosPoliticosVer\" \/>\n<meta name=\"twitter:label1\" content=\"Escrito por\" \/>\n\t<meta name=\"twitter:data1\" content=\"Lo viste en Los Pol\u00edticos\" \/>\n\t<meta name=\"twitter:label2\" content=\"Tiempo de lectura\" \/>\n\t<meta name=\"twitter:data2\" content=\"3 minutos\" \/>\n<script type=\"application\/ld+json\" class=\"yoast-schema-graph\">{\"@context\":\"https:\\\/\\\/schema.org\",\"@graph\":[{\"@type\":\"Article\",\"@id\":\"https:\\\/\\\/lospoliticosveracruz.com\\\/?p=66254#article\",\"isPartOf\":{\"@id\":\"https:\\\/\\\/lospoliticosveracruz.com\\\/?p=66254\"},\"author\":{\"name\":\"Lo viste en Los Pol\u00edticos\",\"@id\":\"https:\\\/\\\/lospoliticosveracruz.com\\\/#\\\/schema\\\/person\\\/b8702bb0e538456e6efd07080bf2a4a2\"},\"headline\":\"Checo, Vicho y Chapito\",\"datePublished\":\"2021-01-07T02:51:06+00:00\",\"dateModified\":\"2021-01-07T13:55:07+00:00\",\"mainEntityOfPage\":{\"@id\":\"https:\\\/\\\/lospoliticosveracruz.com\\\/?p=66254\"},\"wordCount\":684,\"commentCount\":0,\"publisher\":{\"@id\":\"https:\\\/\\\/lospoliticosveracruz.com\\\/#organization\"},\"image\":{\"@id\":\"https:\\\/\\\/lospoliticosveracruz.com\\\/?p=66254#primaryimage\"},\"thumbnailUrl\":\"http:\\\/\\\/www.lospoliticosveracruz.com.mx\\\/wp-content\\\/uploads\\\/2020\\\/07\\\/CINTILLO-Armando.jpg\",\"keywords\":[\"Boca del R\u00edo\",\"candidatura\",\"Chapito Guzm\u00e1n\",\"C\u00f3rdoba\",\"David Velasco Chedraui\",\"Josefina Gamboa Torales\",\"Juan Manuel de Unanue Abascal\",\"Judith Pineda Andrade\",\"Mar\u00eda de Jes\u00fas Mart\u00ednez D\u00edaz\",\"Marigraz Hern\u00e1ndez I\u00f1iguez\",\"Marlon Ram\u00edrez Mar\u00edn\",\"Montserrat Ortega Ruiz\",\"PAN\",\"PAN-PRD\",\"Rodrigo Garc\u00eda Escalante\",\"Salvador Mu\u00f1oz\",\"Sergio Cadena\",\"Sergio Hern\u00e1ndez Hern\u00e1ndez\",\"Veracruz\",\"Xalapa\"],\"articleSection\":[\"De Opini\u00f3n\"],\"inLanguage\":\"es\",\"potentialAction\":[{\"@type\":\"CommentAction\",\"name\":\"Comment\",\"target\":[\"https:\\\/\\\/lospoliticosveracruz.com\\\/?p=66254#respond\"]}]},{\"@type\":\"WebPage\",\"@id\":\"https:\\\/\\\/lospoliticosveracruz.com\\\/?p=66254\",\"url\":\"https:\\\/\\\/lospoliticosveracruz.com\\\/?p=66254\",\"name\":\"Checo, Vicho y Chapito - Los pol\u00edticos Veracruz\",\"isPartOf\":{\"@id\":\"https:\\\/\\\/lospoliticosveracruz.com\\\/#website\"},\"primaryImageOfPage\":{\"@id\":\"https:\\\/\\\/lospoliticosveracruz.com\\\/?p=66254#primaryimage\"},\"image\":{\"@id\":\"https:\\\/\\\/lospoliticosveracruz.com\\\/?p=66254#primaryimage\"},\"thumbnailUrl\":\"http:\\\/\\\/www.lospoliticosveracruz.com.mx\\\/wp-content\\\/uploads\\\/2020\\\/07\\\/CINTILLO-Armando.jpg\",\"datePublished\":\"2021-01-07T02:51:06+00:00\",\"dateModified\":\"2021-01-07T13:55:07+00:00\",\"breadcrumb\":{\"@id\":\"https:\\\/\\\/lospoliticosveracruz.com\\\/?p=66254#breadcrumb\"},\"inLanguage\":\"es\",\"potentialAction\":[{\"@type\":\"ReadAction\",\"target\":[\"https:\\\/\\\/lospoliticosveracruz.com\\\/?p=66254\"]}]},{\"@type\":\"ImageObject\",\"inLanguage\":\"es\",\"@id\":\"https:\\\/\\\/lospoliticosveracruz.com\\\/?p=66254#primaryimage\",\"url\":\"http:\\\/\\\/www.lospoliticosveracruz.com.mx\\\/wp-content\\\/uploads\\\/2020\\\/07\\\/CINTILLO-Armando.jpg\",\"contentUrl\":\"http:\\\/\\\/www.lospoliticosveracruz.com.mx\\\/wp-content\\\/uploads\\\/2020\\\/07\\\/CINTILLO-Armando.jpg\"},{\"@type\":\"BreadcrumbList\",\"@id\":\"https:\\\/\\\/lospoliticosveracruz.com\\\/?p=66254#breadcrumb\",\"itemListElement\":[{\"@type\":\"ListItem\",\"position\":1,\"name\":\"Portada\",\"item\":\"https:\\\/\\\/lospoliticosveracruz.com\\\/\"},{\"@type\":\"ListItem\",\"position\":2,\"name\":\"Checo, Vicho y Chapito\"}]},{\"@type\":\"WebSite\",\"@id\":\"https:\\\/\\\/lospoliticosveracruz.com\\\/#website\",\"url\":\"https:\\\/\\\/lospoliticosveracruz.com\\\/\",\"name\":\"Los pol\u00edticos Veracruz\",\"description\":\"\",\"publisher\":{\"@id\":\"https:\\\/\\\/lospoliticosveracruz.com\\\/#organization\"},\"potentialAction\":[{\"@type\":\"SearchAction\",\"target\":{\"@type\":\"EntryPoint\",\"urlTemplate\":\"https:\\\/\\\/lospoliticosveracruz.com\\\/?s={search_term_string}\"},\"query-input\":{\"@type\":\"PropertyValueSpecification\",\"valueRequired\":true,\"valueName\":\"search_term_string\"}}],\"inLanguage\":\"es\"},{\"@type\":\"Organization\",\"@id\":\"https:\\\/\\\/lospoliticosveracruz.com\\\/#organization\",\"name\":\"Los pol\u00edticos Veracruz\",\"url\":\"https:\\\/\\\/lospoliticosveracruz.com\\\/\",\"logo\":{\"@type\":\"ImageObject\",\"inLanguage\":\"es\",\"@id\":\"https:\\\/\\\/lospoliticosveracruz.com\\\/#\\\/schema\\\/logo\\\/image\\\/\",\"url\":\"https:\\\/\\\/lospoliticosveracruz.com\\\/wp-content\\\/uploads\\\/2025\\\/12\\\/Logo-Nuevo-LOS-POLITICOS-1.jpg\",\"contentUrl\":\"https:\\\/\\\/lospoliticosveracruz.com\\\/wp-content\\\/uploads\\\/2025\\\/12\\\/Logo-Nuevo-LOS-POLITICOS-1.jpg\",\"width\":260,\"height\":70,\"caption\":\"Los pol\u00edticos Veracruz\"},\"image\":{\"@id\":\"https:\\\/\\\/lospoliticosveracruz.com\\\/#\\\/schema\\\/logo\\\/image\\\/\"},\"sameAs\":[\"https:\\\/\\\/www.facebook.com\\\/people\\\/Notimemes-de-los-Polticos\\\/61565672886568\\\/\",\"https:\\\/\\\/x.com\\\/LosPoliticosVer\"]},{\"@type\":\"Person\",\"@id\":\"https:\\\/\\\/lospoliticosveracruz.com\\\/#\\\/schema\\\/person\\\/b8702bb0e538456e6efd07080bf2a4a2\",\"name\":\"Lo viste en Los Pol\u00edticos\",\"image\":{\"@type\":\"ImageObject\",\"inLanguage\":\"es\",\"@id\":\"https:\\\/\\\/secure.gravatar.com\\\/avatar\\\/3a8de04a2656d44082be478bd6c086daa447c4651605818287b9532d3d0bd435?s=96&d=mm&r=g\",\"url\":\"https:\\\/\\\/secure.gravatar.com\\\/avatar\\\/3a8de04a2656d44082be478bd6c086daa447c4651605818287b9532d3d0bd435?s=96&d=mm&r=g\",\"contentUrl\":\"https:\\\/\\\/secure.gravatar.com\\\/avatar\\\/3a8de04a2656d44082be478bd6c086daa447c4651605818287b9532d3d0bd435?s=96&d=mm&r=g\",\"caption\":\"Lo viste en Los Pol\u00edticos\"},\"url\":\"https:\\\/\\\/lospoliticosveracruz.com\\\/?author=2\"}]}<\/script>\n<!-- \/ Yoast SEO plugin. -->","yoast_head_json":{"title":"Checo, Vicho y Chapito - Los pol\u00edticos Veracruz","robots":{"index":"index","follow":"follow","max-snippet":"max-snippet:-1","max-image-preview":"max-image-preview:large","max-video-preview":"max-video-preview:-1"},"canonical":"https:\/\/lospoliticosveracruz.com\/?p=66254","og_locale":"es_ES","og_type":"article","og_title":"Checo, Vicho y Chapito - Los pol\u00edticos Veracruz","og_description":"Salvador Mu\u00f1oz Los Pol\u00edticos La pugna por la candidatura en Xalapa, por parte del PAN, lleva lugar a cantidad de historias narradas por las partes interesadas. Cada quien habla maravillas de su gallo; de los pactos alcanzados; de los convenios logrados; de los amarres obtenidos; que en un momento dado, lo han de llevar a [&hellip;]","og_url":"https:\/\/lospoliticosveracruz.com\/?p=66254","og_site_name":"Los pol\u00edticos Veracruz","article_publisher":"https:\/\/www.facebook.com\/people\/Notimemes-de-los-Polticos\/61565672886568\/","article_published_time":"2021-01-07T02:51:06+00:00","article_modified_time":"2021-01-07T13:55:07+00:00","og_image":[{"url":"http:\/\/www.lospoliticosveracruz.com.mx\/wp-content\/uploads\/2020\/07\/CINTILLO-Armando.jpg","type":"","width":"","height":""}],"author":"Lo viste en Los Pol\u00edticos","twitter_card":"summary_large_image","twitter_creator":"@LosPoliticosVer","twitter_site":"@LosPoliticosVer","twitter_misc":{"Escrito por":"Lo viste en Los Pol\u00edticos","Tiempo de lectura":"3 minutos"},"schema":{"@context":"https:\/\/schema.org","@graph":[{"@type":"Article","@id":"https:\/\/lospoliticosveracruz.com\/?p=66254#article","isPartOf":{"@id":"https:\/\/lospoliticosveracruz.com\/?p=66254"},"author":{"name":"Lo viste en Los Pol\u00edticos","@id":"https:\/\/lospoliticosveracruz.com\/#\/schema\/person\/b8702bb0e538456e6efd07080bf2a4a2"},"headline":"Checo, Vicho y Chapito","datePublished":"2021-01-07T02:51:06+00:00","dateModified":"2021-01-07T13:55:07+00:00","mainEntityOfPage":{"@id":"https:\/\/lospoliticosveracruz.com\/?p=66254"},"wordCount":684,"commentCount":0,"publisher":{"@id":"https:\/\/lospoliticosveracruz.com\/#organization"},"image":{"@id":"https:\/\/lospoliticosveracruz.com\/?p=66254#primaryimage"},"thumbnailUrl":"http:\/\/www.lospoliticosveracruz.com.mx\/wp-content\/uploads\/2020\/07\/CINTILLO-Armando.jpg","keywords":["Boca del R\u00edo","candidatura","Chapito Guzm\u00e1n","C\u00f3rdoba","David Velasco Chedraui","Josefina Gamboa Torales","Juan Manuel de Unanue Abascal","Judith Pineda Andrade","Mar\u00eda de Jes\u00fas Mart\u00ednez D\u00edaz","Marigraz Hern\u00e1ndez I\u00f1iguez","Marlon Ram\u00edrez Mar\u00edn","Montserrat Ortega Ruiz","PAN","PAN-PRD","Rodrigo Garc\u00eda Escalante","Salvador Mu\u00f1oz","Sergio Cadena","Sergio Hern\u00e1ndez Hern\u00e1ndez","Veracruz","Xalapa"],"articleSection":["De Opini\u00f3n"],"inLanguage":"es","potentialAction":[{"@type":"CommentAction","name":"Comment","target":["https:\/\/lospoliticosveracruz.com\/?p=66254#respond"]}]},{"@type":"WebPage","@id":"https:\/\/lospoliticosveracruz.com\/?p=66254","url":"https:\/\/lospoliticosveracruz.com\/?p=66254","name":"Checo, Vicho y Chapito - Los pol\u00edticos Veracruz","isPartOf":{"@id":"https:\/\/lospoliticosveracruz.com\/#website"},"primaryImageOfPage":{"@id":"https:\/\/lospoliticosveracruz.com\/?p=66254#primaryimage"},"image":{"@id":"https:\/\/lospoliticosveracruz.com\/?p=66254#primaryimage"},"thumbnailUrl":"http:\/\/www.lospoliticosveracruz.com.mx\/wp-content\/uploads\/2020\/07\/CINTILLO-Armando.jpg","datePublished":"2021-01-07T02:51:06+00:00","dateModified":"2021-01-07T13:55:07+00:00","breadcrumb":{"@id":"https:\/\/lospoliticosveracruz.com\/?p=66254#breadcrumb"},"inLanguage":"es","potentialAction":[{"@type":"ReadAction","target":["https:\/\/lospoliticosveracruz.com\/?p=66254"]}]},{"@type":"ImageObject","inLanguage":"es","@id":"https:\/\/lospoliticosveracruz.com\/?p=66254#primaryimage","url":"http:\/\/www.lospoliticosveracruz.com.mx\/wp-content\/uploads\/2020\/07\/CINTILLO-Armando.jpg","contentUrl":"http:\/\/www.lospoliticosveracruz.com.mx\/wp-content\/uploads\/2020\/07\/CINTILLO-Armando.jpg"},{"@type":"BreadcrumbList","@id":"https:\/\/lospoliticosveracruz.com\/?p=66254#breadcrumb","itemListElement":[{"@type":"ListItem","position":1,"name":"Portada","item":"https:\/\/lospoliticosveracruz.com\/"},{"@type":"ListItem","position":2,"name":"Checo, Vicho y Chapito"}]},{"@type":"WebSite","@id":"https:\/\/lospoliticosveracruz.com\/#website","url":"https:\/\/lospoliticosveracruz.com\/","name":"Los pol\u00edticos Veracruz","description":"","publisher":{"@id":"https:\/\/lospoliticosveracruz.com\/#organization"},"potentialAction":[{"@type":"SearchAction","target":{"@type":"EntryPoint","urlTemplate":"https:\/\/lospoliticosveracruz.com\/?s={search_term_string}"},"query-input":{"@type":"PropertyValueSpecification","valueRequired":true,"valueName":"search_term_string"}}],"inLanguage":"es"},{"@type":"Organization","@id":"https:\/\/lospoliticosveracruz.com\/#organization","name":"Los pol\u00edticos Veracruz","url":"https:\/\/lospoliticosveracruz.com\/","logo":{"@type":"ImageObject","inLanguage":"es","@id":"https:\/\/lospoliticosveracruz.com\/#\/schema\/logo\/image\/","url":"https:\/\/lospoliticosveracruz.com\/wp-content\/uploads\/2025\/12\/Logo-Nuevo-LOS-POLITICOS-1.jpg","contentUrl":"https:\/\/lospoliticosveracruz.com\/wp-content\/uploads\/2025\/12\/Logo-Nuevo-LOS-POLITICOS-1.jpg","width":260,"height":70,"caption":"Los pol\u00edticos Veracruz"},"image":{"@id":"https:\/\/lospoliticosveracruz.com\/#\/schema\/logo\/image\/"},"sameAs":["https:\/\/www.facebook.com\/people\/Notimemes-de-los-Polticos\/61565672886568\/","https:\/\/x.com\/LosPoliticosVer"]},{"@type":"Person","@id":"https:\/\/lospoliticosveracruz.com\/#\/schema\/person\/b8702bb0e538456e6efd07080bf2a4a2","name":"Lo viste en Los Pol\u00edticos","image":{"@type":"ImageObject","inLanguage":"es","@id":"https:\/\/secure.gravatar.com\/avatar\/3a8de04a2656d44082be478bd6c086daa447c4651605818287b9532d3d0bd435?s=96&d=mm&r=g","url":"https:\/\/secure.gravatar.com\/avatar\/3a8de04a2656d44082be478bd6c086daa447c4651605818287b9532d3d0bd435?s=96&d=mm&r=g","contentUrl":"https:\/\/secure.gravatar.com\/avatar\/3a8de04a2656d44082be478bd6c086daa447c4651605818287b9532d3d0bd435?s=96&d=mm&r=g","caption":"Lo viste en Los Pol\u00edticos"},"url":"https:\/\/lospoliticosveracruz.com\/?author=2"}]}},"_links":{"self":[{"href":"https:\/\/lospoliticosveracruz.com\/index.php?rest_route=\/wp\/v2\/posts\/66254","targetHints":{"allow":["GET"]}}],"collection":[{"href":"https:\/\/lospoliticosveracruz.com\/index.php?rest_route=\/wp\/v2\/posts"}],"about":[{"href":"https:\/\/lospoliticosveracruz.com\/index.php?rest_route=\/wp\/v2\/types\/post"}],"author":[{"embeddable":true,"href":"https:\/\/lospoliticosveracruz.com\/index.php?rest_route=\/wp\/v2\/users\/2"}],"replies":[{"embeddable":true,"href":"https:\/\/lospoliticosveracruz.com\/index.php?rest_route=%2Fwp%2Fv2%2Fcomments&post=66254"}],"version-history":[{"count":3,"href":"https:\/\/lospoliticosveracruz.com\/index.php?rest_route=\/wp\/v2\/posts\/66254\/revisions"}],"predecessor-version":[{"id":66261,"href":"https:\/\/lospoliticosveracruz.com\/index.php?rest_route=\/wp\/v2\/posts\/66254\/revisions\/66261"}],"wp:attachment":[{"href":"https:\/\/lospoliticosveracruz.com\/index.php?rest_route=%2Fwp%2Fv2%2Fmedia&parent=66254"}],"wp:term":[{"taxonomy":"category","embeddable":true,"href":"https:\/\/lospoliticosveracruz.com\/index.php?rest_route=%2Fwp%2Fv2%2Fcategories&post=66254"},{"taxonomy":"post_tag","embeddable":true,"href":"https:\/\/lospoliticosveracruz.com\/index.php?rest_route=%2Fwp%2Fv2%2Ftags&post=66254"}],"curies":[{"name":"wp","href":"https:\/\/api.w.org\/{rel}","templated":true}]}}