{"id":66264,"date":"2021-01-07T08:58:48","date_gmt":"2021-01-07T14:58:48","guid":{"rendered":"http:\/\/www.lospoliticosveracruz.com.mx\/?p=66264"},"modified":"2021-01-07T08:58:48","modified_gmt":"2021-01-07T14:58:48","slug":"las-candidaturas-independientes-y-los-partidos","status":"publish","type":"post","link":"https:\/\/lospoliticosveracruz.com\/?p=66264","title":{"rendered":"Las candidaturas independientes y los partidos"},"content":{"rendered":"<p><strong>Uriel Flores Aguayo<\/strong><\/p>\n<p>Los mexicanos tenemos derecho a votar y ser votados. Para obtener alguna candidatura a un cargo de elecci\u00f3n popular se debe ser miembro de un partido pol\u00edtico, ser invitado por ellos o acudir a la figura independiente. Esta \u00faltima posibilidad es m\u00e1s o menos reciente, producto de la reforma electoral del a\u00f1o 2014, y la m\u00e1s dif\u00edcil de conseguir. La figura independiente para una candidatura tan solo de nivel municipal es m\u00e1s exigente que algunos de los requisitos que se piden para formar partidos pol\u00edticos locales y nacionales. Lo ideal, para fomento y fortaleza de la democracia, ser\u00eda que se dieran todas las facilidades para las candidaturas y dejar a los electores la decisi\u00f3n de respaldar o no las opciones que se le presentaran. Por el momento quien quiera intentar una v\u00eda extra partidaria requiere mucha convicci\u00f3n para recorrerla. <\/p>\n<p>Pienso que, en lo municipal, las diferencias entre los partidos son de forma. Sus propuestas son esencialmente parecidas. Votar por un partido para integrar el Ayuntamiento casi siempre tiene que ver con cuestiones lejanas a los asuntos del \u00e1mbito municipal. Gran servicio a la sociedad le har\u00edan los partidos si abren sus candidaturas y postulan a los mejores ciudadanos, no necesariamente a sus l\u00edderes o mejores militantes. Si encuentran que coincidan en la misma figura el mejor afiliado y buen ciudadano, no habr\u00eda que regatearles su preferencia con ellos y ellas. Los partidos son un medio, no un fin; se agrupan para impulsar un programa de gobierno y canalizan las demandas e intereses de la ciudadan\u00eda; en su definici\u00f3n constitucional son, adem\u00e1s, organismos de inter\u00e9s p\u00fablico y se sostienen con recursos del erario. Por lo tanto, deben evitar un comportamiento patrimonial y estar al servicio de la democracia. Eso implica postular a los mejores para los cargos populares. Lo ideal es que los Cabildos se integren por lo m\u00e1s representativo de la poblaci\u00f3n municipal. <\/p>\n<p>Optar por las candidaturas independientes es, simplemente, ejercer un derecho y una forma de abrir canales variados de expresi\u00f3n pol\u00edtica. No hay que pedir permiso a nadie ni depender de otros c\u00e1lculos que no sean los de acudir al respaldo popular. Sin sigla o marca uno se atiene al nombre propio, lo cual coincide con esa caracter\u00edstica de las elecciones municipales donde influye mucho la persona. Una buena candidatura, es decir, atractiva, se abre paso independientemente del partido que la presente; una mala candidatura, desinflada, hace descender incluso a partidos con tendencia mayoritaria. Por eso no es ociosa la figura independiente. Entre un mar de partidos, alud de siglas y colores, alg\u00fan nombre conocido puede suscitar adhesiones o, al menos, curiosidad. <\/p>\n<p>Nada hay que reprochar a las candidaturas independientes. No le restan a nadie, al contrario, ampl\u00edan las opciones pol\u00edticas y refrescan el escenario democr\u00e1tico. Es lo mismo a cualquier nivel. Y son m\u00e1s necesarias en el \u00e1mbito municipal, donde habitamos, donde tenemos las necesidades inmediatas de servicios b\u00e1sicos. <\/p>\n<p>Pensando en XALAPA, donde podr\u00eda intentar una participaci\u00f3n independiente, se\u00f1alo los elementos claves de un gobierno \u00fatil y transformador: fuerte, con autoridad plena; abierto de par en par; de di\u00e1logo directo y cotidiano; profesional; con visi\u00f3n equitativa de una casa com\u00fan; multicolor; transparente; xalape\u00f1ista, etc.. En las candidaturas es mucho m\u00e1s importante que el partido postulante el arraigo, la trayectoria y la capacidad de quienes aspiren. Error grave, de los que luego se pagan muy caros, es votar por una candidatura \u00fanicamente por que es apoyada por tal o cual partido. Es mejor conocer a la persona antes de votar.<\/p>\n<p>Recadito: poco hay tan rid\u00edculo que los funcionarios se pongan ropa del color de sus partidos. Adem\u00e1s es primitivo y Antidemocr\u00e1tico.<\/p>\n<p>ufa.1959@gmail.com <\/p>\n","protected":false},"excerpt":{"rendered":"<p>Uriel Flores Aguayo Los mexicanos tenemos derecho a votar y ser votados. Para obtener alguna candidatura a un cargo de elecci\u00f3n popular se debe ser miembro de un partido pol\u00edtico, ser invitado por ellos o acudir a la figura independiente. Esta \u00faltima posibilidad es m\u00e1s o menos reciente, producto de la reforma electoral del a\u00f1o [&hellip;]<\/p>\n","protected":false},"author":2,"featured_media":0,"comment_status":"open","ping_status":"open","sticky":false,"template":"","format":"standard","meta":{"tdm_status":"","tdm_grid_status":"","footnotes":""},"categories":[70],"tags":[6954,21712,19335,1709,1414,2552,195,96],"class_list":{"0":"post-66264","1":"post","2":"type-post","3":"status-publish","4":"format-standard","6":"category-de-opinion","7":"tag-candidaturas-independientes","8":"tag-derecho-a-votar","9":"tag-elecciones-2021","10":"tag-partidos-politicos","11":"tag-reforma-electoral","12":"tag-uriel-flores-aguayo","13":"tag-veracruz","14":"tag-xalapa"},"yoast_head":"<!-- This site is optimized with the Yoast SEO plugin v27.4 - https:\/\/yoast.com\/product\/yoast-seo-wordpress\/ -->\n<title>Las candidaturas independientes y los partidos - Los pol\u00edticos Veracruz<\/title>\n<meta name=\"robots\" content=\"index, follow, max-snippet:-1, max-image-preview:large, max-video-preview:-1\" \/>\n<link rel=\"canonical\" href=\"https:\/\/lospoliticosveracruz.com\/?p=66264\" \/>\n<meta property=\"og:locale\" content=\"es_ES\" \/>\n<meta property=\"og:type\" content=\"article\" \/>\n<meta property=\"og:title\" content=\"Las candidaturas independientes y los partidos - Los pol\u00edticos Veracruz\" \/>\n<meta property=\"og:description\" content=\"Uriel Flores Aguayo Los mexicanos tenemos derecho a votar y ser votados. Para obtener alguna candidatura a un cargo de elecci\u00f3n popular se debe ser miembro de un partido pol\u00edtico, ser invitado por ellos o acudir a la figura independiente. Esta \u00faltima posibilidad es m\u00e1s o menos reciente, producto de la reforma electoral del a\u00f1o [&hellip;]\" \/>\n<meta property=\"og:url\" content=\"https:\/\/lospoliticosveracruz.com\/?p=66264\" \/>\n<meta property=\"og:site_name\" content=\"Los pol\u00edticos Veracruz\" \/>\n<meta property=\"article:publisher\" content=\"https:\/\/www.facebook.com\/people\/Notimemes-de-los-Polticos\/61565672886568\/\" \/>\n<meta property=\"article:published_time\" content=\"2021-01-07T14:58:48+00:00\" \/>\n<meta property=\"og:image\" content=\"https:\/\/lospoliticosveracruz.com\/wp-content\/uploads\/2016\/07\/Logo-Dor.jpg\" \/>\n\t<meta property=\"og:image:width\" content=\"200\" \/>\n\t<meta property=\"og:image:height\" content=\"200\" \/>\n\t<meta property=\"og:image:type\" content=\"image\/jpeg\" \/>\n<meta name=\"author\" content=\"Lo viste en Los Pol\u00edticos\" \/>\n<meta name=\"twitter:card\" content=\"summary_large_image\" \/>\n<meta name=\"twitter:creator\" content=\"@LosPoliticosVer\" \/>\n<meta name=\"twitter:site\" content=\"@LosPoliticosVer\" \/>\n<meta name=\"twitter:label1\" content=\"Escrito por\" \/>\n\t<meta name=\"twitter:data1\" content=\"Lo viste en Los Pol\u00edticos\" \/>\n\t<meta name=\"twitter:label2\" content=\"Tiempo de lectura\" \/>\n\t<meta name=\"twitter:data2\" content=\"3 minutos\" \/>\n<script type=\"application\/ld+json\" class=\"yoast-schema-graph\">{\"@context\":\"https:\\\/\\\/schema.org\",\"@graph\":[{\"@type\":\"Article\",\"@id\":\"https:\\\/\\\/lospoliticosveracruz.com\\\/?p=66264#article\",\"isPartOf\":{\"@id\":\"https:\\\/\\\/lospoliticosveracruz.com\\\/?p=66264\"},\"author\":{\"name\":\"Lo viste en Los Pol\u00edticos\",\"@id\":\"https:\\\/\\\/lospoliticosveracruz.com\\\/#\\\/schema\\\/person\\\/b8702bb0e538456e6efd07080bf2a4a2\"},\"headline\":\"Las candidaturas independientes y los partidos\",\"datePublished\":\"2021-01-07T14:58:48+00:00\",\"mainEntityOfPage\":{\"@id\":\"https:\\\/\\\/lospoliticosveracruz.com\\\/?p=66264\"},\"wordCount\":657,\"commentCount\":0,\"publisher\":{\"@id\":\"https:\\\/\\\/lospoliticosveracruz.com\\\/#organization\"},\"keywords\":[\"Candidaturas independientes\",\"Derecho a Votar\",\"Elecciones 2021\",\"partidos pol\u00edticos\",\"reforma electoral\",\"Uriel Flores Aguayo\",\"Veracruz\",\"Xalapa\"],\"articleSection\":[\"De Opini\u00f3n\"],\"inLanguage\":\"es\",\"potentialAction\":[{\"@type\":\"CommentAction\",\"name\":\"Comment\",\"target\":[\"https:\\\/\\\/lospoliticosveracruz.com\\\/?p=66264#respond\"]}]},{\"@type\":\"WebPage\",\"@id\":\"https:\\\/\\\/lospoliticosveracruz.com\\\/?p=66264\",\"url\":\"https:\\\/\\\/lospoliticosveracruz.com\\\/?p=66264\",\"name\":\"Las candidaturas independientes y los partidos - Los pol\u00edticos Veracruz\",\"isPartOf\":{\"@id\":\"https:\\\/\\\/lospoliticosveracruz.com\\\/#website\"},\"datePublished\":\"2021-01-07T14:58:48+00:00\",\"breadcrumb\":{\"@id\":\"https:\\\/\\\/lospoliticosveracruz.com\\\/?p=66264#breadcrumb\"},\"inLanguage\":\"es\",\"potentialAction\":[{\"@type\":\"ReadAction\",\"target\":[\"https:\\\/\\\/lospoliticosveracruz.com\\\/?p=66264\"]}]},{\"@type\":\"BreadcrumbList\",\"@id\":\"https:\\\/\\\/lospoliticosveracruz.com\\\/?p=66264#breadcrumb\",\"itemListElement\":[{\"@type\":\"ListItem\",\"position\":1,\"name\":\"Portada\",\"item\":\"https:\\\/\\\/lospoliticosveracruz.com\\\/\"},{\"@type\":\"ListItem\",\"position\":2,\"name\":\"Las candidaturas independientes y los partidos\"}]},{\"@type\":\"WebSite\",\"@id\":\"https:\\\/\\\/lospoliticosveracruz.com\\\/#website\",\"url\":\"https:\\\/\\\/lospoliticosveracruz.com\\\/\",\"name\":\"Los pol\u00edticos Veracruz\",\"description\":\"\",\"publisher\":{\"@id\":\"https:\\\/\\\/lospoliticosveracruz.com\\\/#organization\"},\"potentialAction\":[{\"@type\":\"SearchAction\",\"target\":{\"@type\":\"EntryPoint\",\"urlTemplate\":\"https:\\\/\\\/lospoliticosveracruz.com\\\/?s={search_term_string}\"},\"query-input\":{\"@type\":\"PropertyValueSpecification\",\"valueRequired\":true,\"valueName\":\"search_term_string\"}}],\"inLanguage\":\"es\"},{\"@type\":\"Organization\",\"@id\":\"https:\\\/\\\/lospoliticosveracruz.com\\\/#organization\",\"name\":\"Los pol\u00edticos Veracruz\",\"url\":\"https:\\\/\\\/lospoliticosveracruz.com\\\/\",\"logo\":{\"@type\":\"ImageObject\",\"inLanguage\":\"es\",\"@id\":\"https:\\\/\\\/lospoliticosveracruz.com\\\/#\\\/schema\\\/logo\\\/image\\\/\",\"url\":\"https:\\\/\\\/lospoliticosveracruz.com\\\/wp-content\\\/uploads\\\/2025\\\/12\\\/Logo-Nuevo-LOS-POLITICOS-1.jpg\",\"contentUrl\":\"https:\\\/\\\/lospoliticosveracruz.com\\\/wp-content\\\/uploads\\\/2025\\\/12\\\/Logo-Nuevo-LOS-POLITICOS-1.jpg\",\"width\":260,\"height\":70,\"caption\":\"Los pol\u00edticos Veracruz\"},\"image\":{\"@id\":\"https:\\\/\\\/lospoliticosveracruz.com\\\/#\\\/schema\\\/logo\\\/image\\\/\"},\"sameAs\":[\"https:\\\/\\\/www.facebook.com\\\/people\\\/Notimemes-de-los-Polticos\\\/61565672886568\\\/\",\"https:\\\/\\\/x.com\\\/LosPoliticosVer\"]},{\"@type\":\"Person\",\"@id\":\"https:\\\/\\\/lospoliticosveracruz.com\\\/#\\\/schema\\\/person\\\/b8702bb0e538456e6efd07080bf2a4a2\",\"name\":\"Lo viste en Los Pol\u00edticos\",\"image\":{\"@type\":\"ImageObject\",\"inLanguage\":\"es\",\"@id\":\"https:\\\/\\\/secure.gravatar.com\\\/avatar\\\/3a8de04a2656d44082be478bd6c086daa447c4651605818287b9532d3d0bd435?s=96&d=mm&r=g\",\"url\":\"https:\\\/\\\/secure.gravatar.com\\\/avatar\\\/3a8de04a2656d44082be478bd6c086daa447c4651605818287b9532d3d0bd435?s=96&d=mm&r=g\",\"contentUrl\":\"https:\\\/\\\/secure.gravatar.com\\\/avatar\\\/3a8de04a2656d44082be478bd6c086daa447c4651605818287b9532d3d0bd435?s=96&d=mm&r=g\",\"caption\":\"Lo viste en Los Pol\u00edticos\"},\"url\":\"https:\\\/\\\/lospoliticosveracruz.com\\\/?author=2\"}]}<\/script>\n<!-- \/ Yoast SEO plugin. -->","yoast_head_json":{"title":"Las candidaturas independientes y los partidos - Los pol\u00edticos Veracruz","robots":{"index":"index","follow":"follow","max-snippet":"max-snippet:-1","max-image-preview":"max-image-preview:large","max-video-preview":"max-video-preview:-1"},"canonical":"https:\/\/lospoliticosveracruz.com\/?p=66264","og_locale":"es_ES","og_type":"article","og_title":"Las candidaturas independientes y los partidos - Los pol\u00edticos Veracruz","og_description":"Uriel Flores Aguayo Los mexicanos tenemos derecho a votar y ser votados. Para obtener alguna candidatura a un cargo de elecci\u00f3n popular se debe ser miembro de un partido pol\u00edtico, ser invitado por ellos o acudir a la figura independiente. Esta \u00faltima posibilidad es m\u00e1s o menos reciente, producto de la reforma electoral del a\u00f1o [&hellip;]","og_url":"https:\/\/lospoliticosveracruz.com\/?p=66264","og_site_name":"Los pol\u00edticos Veracruz","article_publisher":"https:\/\/www.facebook.com\/people\/Notimemes-de-los-Polticos\/61565672886568\/","article_published_time":"2021-01-07T14:58:48+00:00","og_image":[{"width":200,"height":200,"url":"https:\/\/lospoliticosveracruz.com\/wp-content\/uploads\/2016\/07\/Logo-Dor.jpg","type":"image\/jpeg"}],"author":"Lo viste en Los Pol\u00edticos","twitter_card":"summary_large_image","twitter_creator":"@LosPoliticosVer","twitter_site":"@LosPoliticosVer","twitter_misc":{"Escrito por":"Lo viste en Los Pol\u00edticos","Tiempo de lectura":"3 minutos"},"schema":{"@context":"https:\/\/schema.org","@graph":[{"@type":"Article","@id":"https:\/\/lospoliticosveracruz.com\/?p=66264#article","isPartOf":{"@id":"https:\/\/lospoliticosveracruz.com\/?p=66264"},"author":{"name":"Lo viste en Los Pol\u00edticos","@id":"https:\/\/lospoliticosveracruz.com\/#\/schema\/person\/b8702bb0e538456e6efd07080bf2a4a2"},"headline":"Las candidaturas independientes y los partidos","datePublished":"2021-01-07T14:58:48+00:00","mainEntityOfPage":{"@id":"https:\/\/lospoliticosveracruz.com\/?p=66264"},"wordCount":657,"commentCount":0,"publisher":{"@id":"https:\/\/lospoliticosveracruz.com\/#organization"},"keywords":["Candidaturas independientes","Derecho a Votar","Elecciones 2021","partidos pol\u00edticos","reforma electoral","Uriel Flores Aguayo","Veracruz","Xalapa"],"articleSection":["De Opini\u00f3n"],"inLanguage":"es","potentialAction":[{"@type":"CommentAction","name":"Comment","target":["https:\/\/lospoliticosveracruz.com\/?p=66264#respond"]}]},{"@type":"WebPage","@id":"https:\/\/lospoliticosveracruz.com\/?p=66264","url":"https:\/\/lospoliticosveracruz.com\/?p=66264","name":"Las candidaturas independientes y los partidos - Los pol\u00edticos Veracruz","isPartOf":{"@id":"https:\/\/lospoliticosveracruz.com\/#website"},"datePublished":"2021-01-07T14:58:48+00:00","breadcrumb":{"@id":"https:\/\/lospoliticosveracruz.com\/?p=66264#breadcrumb"},"inLanguage":"es","potentialAction":[{"@type":"ReadAction","target":["https:\/\/lospoliticosveracruz.com\/?p=66264"]}]},{"@type":"BreadcrumbList","@id":"https:\/\/lospoliticosveracruz.com\/?p=66264#breadcrumb","itemListElement":[{"@type":"ListItem","position":1,"name":"Portada","item":"https:\/\/lospoliticosveracruz.com\/"},{"@type":"ListItem","position":2,"name":"Las candidaturas independientes y los partidos"}]},{"@type":"WebSite","@id":"https:\/\/lospoliticosveracruz.com\/#website","url":"https:\/\/lospoliticosveracruz.com\/","name":"Los pol\u00edticos Veracruz","description":"","publisher":{"@id":"https:\/\/lospoliticosveracruz.com\/#organization"},"potentialAction":[{"@type":"SearchAction","target":{"@type":"EntryPoint","urlTemplate":"https:\/\/lospoliticosveracruz.com\/?s={search_term_string}"},"query-input":{"@type":"PropertyValueSpecification","valueRequired":true,"valueName":"search_term_string"}}],"inLanguage":"es"},{"@type":"Organization","@id":"https:\/\/lospoliticosveracruz.com\/#organization","name":"Los pol\u00edticos Veracruz","url":"https:\/\/lospoliticosveracruz.com\/","logo":{"@type":"ImageObject","inLanguage":"es","@id":"https:\/\/lospoliticosveracruz.com\/#\/schema\/logo\/image\/","url":"https:\/\/lospoliticosveracruz.com\/wp-content\/uploads\/2025\/12\/Logo-Nuevo-LOS-POLITICOS-1.jpg","contentUrl":"https:\/\/lospoliticosveracruz.com\/wp-content\/uploads\/2025\/12\/Logo-Nuevo-LOS-POLITICOS-1.jpg","width":260,"height":70,"caption":"Los pol\u00edticos Veracruz"},"image":{"@id":"https:\/\/lospoliticosveracruz.com\/#\/schema\/logo\/image\/"},"sameAs":["https:\/\/www.facebook.com\/people\/Notimemes-de-los-Polticos\/61565672886568\/","https:\/\/x.com\/LosPoliticosVer"]},{"@type":"Person","@id":"https:\/\/lospoliticosveracruz.com\/#\/schema\/person\/b8702bb0e538456e6efd07080bf2a4a2","name":"Lo viste en Los Pol\u00edticos","image":{"@type":"ImageObject","inLanguage":"es","@id":"https:\/\/secure.gravatar.com\/avatar\/3a8de04a2656d44082be478bd6c086daa447c4651605818287b9532d3d0bd435?s=96&d=mm&r=g","url":"https:\/\/secure.gravatar.com\/avatar\/3a8de04a2656d44082be478bd6c086daa447c4651605818287b9532d3d0bd435?s=96&d=mm&r=g","contentUrl":"https:\/\/secure.gravatar.com\/avatar\/3a8de04a2656d44082be478bd6c086daa447c4651605818287b9532d3d0bd435?s=96&d=mm&r=g","caption":"Lo viste en Los Pol\u00edticos"},"url":"https:\/\/lospoliticosveracruz.com\/?author=2"}]}},"_links":{"self":[{"href":"https:\/\/lospoliticosveracruz.com\/index.php?rest_route=\/wp\/v2\/posts\/66264","targetHints":{"allow":["GET"]}}],"collection":[{"href":"https:\/\/lospoliticosveracruz.com\/index.php?rest_route=\/wp\/v2\/posts"}],"about":[{"href":"https:\/\/lospoliticosveracruz.com\/index.php?rest_route=\/wp\/v2\/types\/post"}],"author":[{"embeddable":true,"href":"https:\/\/lospoliticosveracruz.com\/index.php?rest_route=\/wp\/v2\/users\/2"}],"replies":[{"embeddable":true,"href":"https:\/\/lospoliticosveracruz.com\/index.php?rest_route=%2Fwp%2Fv2%2Fcomments&post=66264"}],"version-history":[{"count":1,"href":"https:\/\/lospoliticosveracruz.com\/index.php?rest_route=\/wp\/v2\/posts\/66264\/revisions"}],"predecessor-version":[{"id":66270,"href":"https:\/\/lospoliticosveracruz.com\/index.php?rest_route=\/wp\/v2\/posts\/66264\/revisions\/66270"}],"wp:attachment":[{"href":"https:\/\/lospoliticosveracruz.com\/index.php?rest_route=%2Fwp%2Fv2%2Fmedia&parent=66264"}],"wp:term":[{"taxonomy":"category","embeddable":true,"href":"https:\/\/lospoliticosveracruz.com\/index.php?rest_route=%2Fwp%2Fv2%2Fcategories&post=66264"},{"taxonomy":"post_tag","embeddable":true,"href":"https:\/\/lospoliticosveracruz.com\/index.php?rest_route=%2Fwp%2Fv2%2Ftags&post=66264"}],"curies":[{"name":"wp","href":"https:\/\/api.w.org\/{rel}","templated":true}]}}