{"id":66319,"date":"2021-01-08T08:42:12","date_gmt":"2021-01-08T14:42:12","guid":{"rendered":"http:\/\/www.lospoliticosveracruz.com.mx\/?p=66319"},"modified":"2021-01-08T08:42:41","modified_gmt":"2021-01-08T14:42:41","slug":"los-400-de-bingen-y-los-pro-arias-hechos-a-mano","status":"publish","type":"post","link":"https:\/\/lospoliticosveracruz.com\/?p=66319","title":{"rendered":"Los 400 de Bingen y los Pro-Arias, \u201chechos a mano\u201d"},"content":{"rendered":"<p><strong>Ricardo Chua<\/strong><br \/>\n<em>Sale y vale<\/em><\/p>\n<p>PAN PORTE\u00d1O, LA OTRA DISPUTA&#8230; Despu\u00e9s que se dio a conocer LA RESOLUCI\u00d3N del Tribunal Electoral de Veracruz (TEV) de dar entrada a los amparos suscritos por militantes del PAN, para que sean tomados en cuenta como miembros activos en el puerto de Veracruz y puedan votar en la contienda interna, el pr\u00f3ximo 14 de febrero para elegir al candidato de este partido a la alcald\u00eda de este municipio&#8230; \u00abEl Garganta Profunda Azul\u00bb nos dijo que el dictamen BENEFICIA directamente a la aspiraci\u00f3n del diputado local, Bingen Rementeria Molina&#8230;<\/p>\n<p><a href=\"https:\/\/www.facebook.com\/notaria61veracruz\/\"><img decoding=\"async\" src=\"http:\/\/www.lospoliticosveracruz.com.mx\/wp-content\/uploads\/2020\/07\/CINTILLO-Armando.jpg\" alt=\"\" \/><\/a><\/p>\n<p>La explicaci\u00f3n es sencilla&#8230; \u00abGarganta Profunda Azul\u00bb comenta que por la decisi\u00f3n del TEV, el Registro Nacional de Militantes del PAN, tiene que DAR DE ALTA a los casi 400 miembros activos del PAN porte\u00f1o, que buscaban la militancia para participar en los procesos internos del puerto de Veracruz&#8230; Que en su mayor\u00eda son simpatizantes del proyecto de Bingen Rementeria en su lucha por lograr la candidatura a la alcald\u00eda porte\u00f1a, teniendo como rival a Miguel \u00c1ngel Yunes M\u00e1rquez&#8230;<\/p>\n<p>Ya que antes de la sentencia del TEV, en el padr\u00f3n panista del puerto hab\u00eda un total de Mil 776 militantes con sus derechos pol\u00edticos en activo&#8230; Ahora, despu\u00e9s de esa resoluci\u00f3n se incluyen otros 400 miembros m\u00e1s&#8230; D\u00e1ndole un \u00abMAMEYAZO\u00bb directo al \u00abcoraz\u00f3n\u00bb del proyecto municipal de \u00abLos Yunes Azules\u00bb&#8230; Ya que en el conteo final, el PAN porte\u00f1o tiene 2 mil 350 militantes&#8230; Y que es posible, de que el lunes o martes pr\u00f3ximo, por la fecha, se incluyan a 100 militantes m\u00e1s, identificados con el proyecto de \u00abLos Rementeria\u00bb&#8230;<\/p>\n<p>As\u00ed que haciendo \u00abn\u00fameros alegres\u00bb el \u00abGarganta Profundo Azul\u00bb nos dice que de esos 2 mil 350 militantes activos panistas porte\u00f1os&#8230; Bingen tiene alrededor de mil 400 militantes que lo apoyan en su proyecto&#8230; Mientras que los \u00abYunes Azules\u00bb se quedaron con alrededor de 950 simpatizantes&#8230; Por eso, era tan determinante para el diputado local, que la sentencia del TEV saliera en este momento..  Y la circunstancia le favoreci\u00f3&#8230; Entran 400 militantes m\u00e1s el d\u00eda de ayer y le dan la vuelta a la elecci\u00f3n interna&#8230; <\/p>\n<p>Al fin de cuentas&#8230; Si el padr\u00f3n se hubiera quedado como estaba.. Bingen ten\u00eda una ventaja muy \u00abp\u00edrrica\u00bb contra de Yunes M\u00e1rquez&#8230; Ganaban pero \u00abapretados\u00bb&#8230; Pero con esto, Los Rementeria se despegan&#8230; Y faltan que se integren alrededor de 100 militantes m\u00e1s&#8230; Que van con Bingen&#8230; As\u00ed que la lectura, es que Los Yunes tendr\u00e1n que \u00absoltar\u00bb el 2021 para participar en 2024&#8230; La alcald\u00eda o gubernatura&#8230; No se pueden \u00abcomer todo el pastel\u00bb como lo hicieron en 2016 y 2018&#8230; REAL POLITIK.. VOX POPULI, VOX DEUS&#8230; <\/p>\n<p>ACADEMIC POWER.. Despu\u00e9s que el lunes se\u00f1alamos en este espacio de manera EXCLUSIVA que exist\u00eda la posibilidad, que el ex rector de la Universidad Veracruzana, Ra\u00fal Ar\u00edas Lovillo, podr\u00eda ser uno de los aspirantes a la alcald\u00eda de Xalapa por un partido pol\u00edtico distinto a MORENA y que el mismo personaje reconoci\u00f3 en sus redes sociales, que si desea participar&#8230; De manera r\u00e1pida, entre la comunidad acad\u00e9mica, intelectual y cultural de la capital&#8230; Muchos de sus miembros, se sumaron al proyecto de Lovillo&#8230; Que canijo&#8230;<\/p>\n<p>Sabedores de los alcances que tienen en la actualidad, los servicios de mensajer\u00eda en celulares y redes sociales&#8230; Un poderoso grupo de acad\u00e9micos de la UV&#8230; Nos dice \u00abGarganta Profunda\u00bb&#8230; Crearon un grupo de \u00abGuasap\u00bb para apoyar y afinar esta aspiraci\u00f3n para lograr la candidatura&#8230; A este grupo de \u00abwhatsapp\u00bb lo llamaron:\u00bbApoyo a Ra\u00fal Arias\u00bb y en el cual participan casi 100 acad\u00e9micos que est\u00e1n en ese chat&#8230; Lo que hace el buscar la plenitud del \u00abPinche Poder\u00bb&#8230; Fidelista al fin&#8230;<\/p>\n<p>Lo que es un hecho.. Es que ese chat cuando se cre\u00f3, nos dice \u00abEl Garganta Profunda Universitario\u00bb, creci\u00f3 a una velocidad impresionante y nadie se neg\u00f3 a participar en el mismo o se sali\u00f3 despu\u00e9s de que fuera incluido dentro de este grupo&#8230; Lo cual quiere decir, que pese a lo que se diga, los \u00abacad\u00e9micos\u00bb de la UV y grupos de intelectuales, entre ellos podr\u00e1n \u00abdespedazarse\u00bb, pero jam\u00e1s se har\u00e1n da\u00f1o&#8230; Que intensos&#8230;<\/p>\n<p>Entre la informaci\u00f3n que nos solt\u00f3 \u00abGarganta Profunda Universitario\u00bb es que las primeras propuestas a las que llegaron acuerdo&#8230; Era que como acad\u00e9micos ten\u00edan que hacer una carta a los partidos pol\u00edticos de oposici\u00f3n, para darles a conocer el \u00abrespaldo\u00bb a la aspiraci\u00f3n de Lovillo a la alcald\u00eda de Xalapa&#8230; Una carta, que al parecer, hizo Rafael Vela, un personaje que era investigador de CONACYT pero que tiempo despu\u00e9s tuvo un serio conflicto con su t\u00edtulo de Doctor y fue separado de ese instituto a donde jam\u00e1s pudo regresar&#8230; <\/p>\n<p>Al final, el que le hizo el documento al ex rector de la UV, nos informa \u00abGarganta Profunda\u00bb, fue Inocencio Y\u00e1\u00f1ez Vicencio, el famoso \u00abChencho\u00bb, el ide\u00f3logo del PRI en Veracruz, en su momento aliado de H\u00e9ctor Yunes, del cual se separ\u00f3 por diferencias&#8230; En fin, que se arma el chat y participan personajes ligados a la UV, COLVER, Humanidades  con Ernesto Fern\u00e1ndez Panes&#8230; Con Lovillo est\u00e1n resurgiendo los intelectuales de izquierda, que se fueron del PRD en Veracruz&#8230; Van a dividir a MORENA en la capital con o sin candidatura&#8230;<\/p>\n<p>PERO porque siempre en todo hay un pinche pero&#8230; Este tipo de manifestaciones cuando salgan del grupo de \u00abguasap\u00bb a la luz p\u00fablica y dirijan la carta a los partidos de oposici\u00f3n&#8230; Los que saben de ciencia y PERVERSIDAD pol\u00edtica&#8230; Se van a reir, de ver la INOCENCIA de los acad\u00e9micos&#8230; Ya que se unen a una causa en com\u00fan, pero entre ellos, quienes los conocen, los catalogan como una \u00abFauna de Solitarios\u00bb&#8230; Con sus \u00abEGOS hasta la luna\u00bb, que  hasta parecen columnistas pol\u00edticos ja ja ja&#8230; Pero qu\u00e9 eso ser\u00e1, lo que los lleve a la derrota&#8230;  <\/p>\n<p>No hay que ser muy sabio&#8230; Para adivinar como la mayor\u00eda de intelectuales y acad\u00e9micos de Xalapa&#8230; Se sienten \u00abhechos a mano\u00bb&#8230; De seguro, la carta en apoyo a Ra\u00fal Ar\u00edas para que logre la candidatura a la alcald\u00eda, que le enviaran a los partidos pol\u00edtica ser\u00e1 m\u00e1s que PETULANTE&#8230; Como creyendo que con Lovillo como candidato, les est\u00e1n haciendo un favor&#8230; Obvio los organismos pol\u00edticos, lo mandaran a la ver&#8230;. Su realidad&#8230; Van en alianza&#8230; Y quiz\u00e1s, no necesiten a un personaje como el ex rector&#8230; AMEN&#8230;<\/p>\n","protected":false},"excerpt":{"rendered":"<p>Ricardo Chua Sale y vale PAN PORTE\u00d1O, LA OTRA DISPUTA&#8230; Despu\u00e9s que se dio a conocer LA RESOLUCI\u00d3N del Tribunal Electoral de Veracruz (TEV) de dar entrada a los amparos suscritos por militantes del PAN, para que sean tomados en cuenta como miembros activos en el puerto de Veracruz y puedan votar en la contienda [&hellip;]<\/p>\n","protected":false},"author":2,"featured_media":0,"comment_status":"open","ping_status":"open","sticky":false,"template":"","format":"standard","meta":{"tdm_status":"","tdm_grid_status":"","footnotes":""},"categories":[70],"tags":[1818,24997,119,536,266,251,12621,8317,6753],"class_list":{"0":"post-66319","1":"post","2":"type-post","3":"status-publish","4":"format-standard","6":"category-de-opinion","7":"tag-candidatos","8":"tag-contienda-interna","9":"tag-hector-yunes","10":"tag-miguel-angel-yunes-marquez","11":"tag-pan","12":"tag-pri","13":"tag-raul-arias-lovillo","14":"tag-tev","15":"tag-tribunal-electoral-de-veracruz"},"yoast_head":"<!-- This site is optimized with the Yoast SEO plugin v27.4 - https:\/\/yoast.com\/product\/yoast-seo-wordpress\/ -->\n<title>Los 400 de Bingen y los Pro-Arias, \u201chechos a mano\u201d - Los pol\u00edticos Veracruz<\/title>\n<meta name=\"robots\" content=\"index, follow, max-snippet:-1, max-image-preview:large, max-video-preview:-1\" \/>\n<link rel=\"canonical\" href=\"https:\/\/lospoliticosveracruz.com\/?p=66319\" \/>\n<meta property=\"og:locale\" content=\"es_ES\" \/>\n<meta property=\"og:type\" content=\"article\" \/>\n<meta property=\"og:title\" content=\"Los 400 de Bingen y los Pro-Arias, \u201chechos a mano\u201d - Los pol\u00edticos Veracruz\" \/>\n<meta property=\"og:description\" content=\"Ricardo Chua Sale y vale PAN PORTE\u00d1O, LA OTRA DISPUTA&#8230; Despu\u00e9s que se dio a conocer LA RESOLUCI\u00d3N del Tribunal Electoral de Veracruz (TEV) de dar entrada a los amparos suscritos por militantes del PAN, para que sean tomados en cuenta como miembros activos en el puerto de Veracruz y puedan votar en la contienda [&hellip;]\" \/>\n<meta property=\"og:url\" content=\"https:\/\/lospoliticosveracruz.com\/?p=66319\" \/>\n<meta property=\"og:site_name\" content=\"Los pol\u00edticos Veracruz\" \/>\n<meta property=\"article:publisher\" content=\"https:\/\/www.facebook.com\/people\/Notimemes-de-los-Polticos\/61565672886568\/\" \/>\n<meta property=\"article:published_time\" content=\"2021-01-08T14:42:12+00:00\" \/>\n<meta property=\"article:modified_time\" content=\"2021-01-08T14:42:41+00:00\" \/>\n<meta property=\"og:image\" content=\"http:\/\/www.lospoliticosveracruz.com.mx\/wp-content\/uploads\/2020\/07\/CINTILLO-Armando.jpg\" \/>\n<meta name=\"author\" content=\"Lo viste en Los Pol\u00edticos\" \/>\n<meta name=\"twitter:card\" content=\"summary_large_image\" \/>\n<meta name=\"twitter:creator\" content=\"@LosPoliticosVer\" \/>\n<meta name=\"twitter:site\" content=\"@LosPoliticosVer\" \/>\n<meta name=\"twitter:label1\" content=\"Escrito por\" \/>\n\t<meta name=\"twitter:data1\" content=\"Lo viste en Los Pol\u00edticos\" \/>\n\t<meta name=\"twitter:label2\" content=\"Tiempo de lectura\" \/>\n\t<meta name=\"twitter:data2\" content=\"6 minutos\" \/>\n<script type=\"application\/ld+json\" class=\"yoast-schema-graph\">{\"@context\":\"https:\\\/\\\/schema.org\",\"@graph\":[{\"@type\":\"Article\",\"@id\":\"https:\\\/\\\/lospoliticosveracruz.com\\\/?p=66319#article\",\"isPartOf\":{\"@id\":\"https:\\\/\\\/lospoliticosveracruz.com\\\/?p=66319\"},\"author\":{\"name\":\"Lo viste en Los Pol\u00edticos\",\"@id\":\"https:\\\/\\\/lospoliticosveracruz.com\\\/#\\\/schema\\\/person\\\/b8702bb0e538456e6efd07080bf2a4a2\"},\"headline\":\"Los 400 de Bingen y los Pro-Arias, \u201chechos a mano\u201d\",\"datePublished\":\"2021-01-08T14:42:12+00:00\",\"dateModified\":\"2021-01-08T14:42:41+00:00\",\"mainEntityOfPage\":{\"@id\":\"https:\\\/\\\/lospoliticosveracruz.com\\\/?p=66319\"},\"wordCount\":1126,\"commentCount\":0,\"publisher\":{\"@id\":\"https:\\\/\\\/lospoliticosveracruz.com\\\/#organization\"},\"image\":{\"@id\":\"https:\\\/\\\/lospoliticosveracruz.com\\\/?p=66319#primaryimage\"},\"thumbnailUrl\":\"http:\\\/\\\/www.lospoliticosveracruz.com.mx\\\/wp-content\\\/uploads\\\/2020\\\/07\\\/CINTILLO-Armando.jpg\",\"keywords\":[\"candidatos\",\"Contienda interna\",\"H\u00e9ctor Yunes\",\"Miguel \u00c1ngel Yunes M\u00e1rquez\",\"PAN\",\"PRI\",\"Ra\u00fal Arias Lovillo\",\"TEV\",\"Tribunal Electoral de Veracruz\"],\"articleSection\":[\"De Opini\u00f3n\"],\"inLanguage\":\"es\",\"potentialAction\":[{\"@type\":\"CommentAction\",\"name\":\"Comment\",\"target\":[\"https:\\\/\\\/lospoliticosveracruz.com\\\/?p=66319#respond\"]}]},{\"@type\":\"WebPage\",\"@id\":\"https:\\\/\\\/lospoliticosveracruz.com\\\/?p=66319\",\"url\":\"https:\\\/\\\/lospoliticosveracruz.com\\\/?p=66319\",\"name\":\"Los 400 de Bingen y los Pro-Arias, \u201chechos a mano\u201d - Los pol\u00edticos Veracruz\",\"isPartOf\":{\"@id\":\"https:\\\/\\\/lospoliticosveracruz.com\\\/#website\"},\"primaryImageOfPage\":{\"@id\":\"https:\\\/\\\/lospoliticosveracruz.com\\\/?p=66319#primaryimage\"},\"image\":{\"@id\":\"https:\\\/\\\/lospoliticosveracruz.com\\\/?p=66319#primaryimage\"},\"thumbnailUrl\":\"http:\\\/\\\/www.lospoliticosveracruz.com.mx\\\/wp-content\\\/uploads\\\/2020\\\/07\\\/CINTILLO-Armando.jpg\",\"datePublished\":\"2021-01-08T14:42:12+00:00\",\"dateModified\":\"2021-01-08T14:42:41+00:00\",\"breadcrumb\":{\"@id\":\"https:\\\/\\\/lospoliticosveracruz.com\\\/?p=66319#breadcrumb\"},\"inLanguage\":\"es\",\"potentialAction\":[{\"@type\":\"ReadAction\",\"target\":[\"https:\\\/\\\/lospoliticosveracruz.com\\\/?p=66319\"]}]},{\"@type\":\"ImageObject\",\"inLanguage\":\"es\",\"@id\":\"https:\\\/\\\/lospoliticosveracruz.com\\\/?p=66319#primaryimage\",\"url\":\"http:\\\/\\\/www.lospoliticosveracruz.com.mx\\\/wp-content\\\/uploads\\\/2020\\\/07\\\/CINTILLO-Armando.jpg\",\"contentUrl\":\"http:\\\/\\\/www.lospoliticosveracruz.com.mx\\\/wp-content\\\/uploads\\\/2020\\\/07\\\/CINTILLO-Armando.jpg\"},{\"@type\":\"BreadcrumbList\",\"@id\":\"https:\\\/\\\/lospoliticosveracruz.com\\\/?p=66319#breadcrumb\",\"itemListElement\":[{\"@type\":\"ListItem\",\"position\":1,\"name\":\"Portada\",\"item\":\"https:\\\/\\\/lospoliticosveracruz.com\\\/\"},{\"@type\":\"ListItem\",\"position\":2,\"name\":\"Los 400 de Bingen y los Pro-Arias, \u201chechos a mano\u201d\"}]},{\"@type\":\"WebSite\",\"@id\":\"https:\\\/\\\/lospoliticosveracruz.com\\\/#website\",\"url\":\"https:\\\/\\\/lospoliticosveracruz.com\\\/\",\"name\":\"Los pol\u00edticos Veracruz\",\"description\":\"\",\"publisher\":{\"@id\":\"https:\\\/\\\/lospoliticosveracruz.com\\\/#organization\"},\"potentialAction\":[{\"@type\":\"SearchAction\",\"target\":{\"@type\":\"EntryPoint\",\"urlTemplate\":\"https:\\\/\\\/lospoliticosveracruz.com\\\/?s={search_term_string}\"},\"query-input\":{\"@type\":\"PropertyValueSpecification\",\"valueRequired\":true,\"valueName\":\"search_term_string\"}}],\"inLanguage\":\"es\"},{\"@type\":\"Organization\",\"@id\":\"https:\\\/\\\/lospoliticosveracruz.com\\\/#organization\",\"name\":\"Los pol\u00edticos Veracruz\",\"url\":\"https:\\\/\\\/lospoliticosveracruz.com\\\/\",\"logo\":{\"@type\":\"ImageObject\",\"inLanguage\":\"es\",\"@id\":\"https:\\\/\\\/lospoliticosveracruz.com\\\/#\\\/schema\\\/logo\\\/image\\\/\",\"url\":\"https:\\\/\\\/lospoliticosveracruz.com\\\/wp-content\\\/uploads\\\/2025\\\/12\\\/Logo-Nuevo-LOS-POLITICOS-1.jpg\",\"contentUrl\":\"https:\\\/\\\/lospoliticosveracruz.com\\\/wp-content\\\/uploads\\\/2025\\\/12\\\/Logo-Nuevo-LOS-POLITICOS-1.jpg\",\"width\":260,\"height\":70,\"caption\":\"Los pol\u00edticos Veracruz\"},\"image\":{\"@id\":\"https:\\\/\\\/lospoliticosveracruz.com\\\/#\\\/schema\\\/logo\\\/image\\\/\"},\"sameAs\":[\"https:\\\/\\\/www.facebook.com\\\/people\\\/Notimemes-de-los-Polticos\\\/61565672886568\\\/\",\"https:\\\/\\\/x.com\\\/LosPoliticosVer\"]},{\"@type\":\"Person\",\"@id\":\"https:\\\/\\\/lospoliticosveracruz.com\\\/#\\\/schema\\\/person\\\/b8702bb0e538456e6efd07080bf2a4a2\",\"name\":\"Lo viste en Los Pol\u00edticos\",\"image\":{\"@type\":\"ImageObject\",\"inLanguage\":\"es\",\"@id\":\"https:\\\/\\\/secure.gravatar.com\\\/avatar\\\/3a8de04a2656d44082be478bd6c086daa447c4651605818287b9532d3d0bd435?s=96&d=mm&r=g\",\"url\":\"https:\\\/\\\/secure.gravatar.com\\\/avatar\\\/3a8de04a2656d44082be478bd6c086daa447c4651605818287b9532d3d0bd435?s=96&d=mm&r=g\",\"contentUrl\":\"https:\\\/\\\/secure.gravatar.com\\\/avatar\\\/3a8de04a2656d44082be478bd6c086daa447c4651605818287b9532d3d0bd435?s=96&d=mm&r=g\",\"caption\":\"Lo viste en Los Pol\u00edticos\"},\"url\":\"https:\\\/\\\/lospoliticosveracruz.com\\\/?author=2\"}]}<\/script>\n<!-- \/ Yoast SEO plugin. -->","yoast_head_json":{"title":"Los 400 de Bingen y los Pro-Arias, \u201chechos a mano\u201d - Los pol\u00edticos Veracruz","robots":{"index":"index","follow":"follow","max-snippet":"max-snippet:-1","max-image-preview":"max-image-preview:large","max-video-preview":"max-video-preview:-1"},"canonical":"https:\/\/lospoliticosveracruz.com\/?p=66319","og_locale":"es_ES","og_type":"article","og_title":"Los 400 de Bingen y los Pro-Arias, \u201chechos a mano\u201d - Los pol\u00edticos Veracruz","og_description":"Ricardo Chua Sale y vale PAN PORTE\u00d1O, LA OTRA DISPUTA&#8230; Despu\u00e9s que se dio a conocer LA RESOLUCI\u00d3N del Tribunal Electoral de Veracruz (TEV) de dar entrada a los amparos suscritos por militantes del PAN, para que sean tomados en cuenta como miembros activos en el puerto de Veracruz y puedan votar en la contienda [&hellip;]","og_url":"https:\/\/lospoliticosveracruz.com\/?p=66319","og_site_name":"Los pol\u00edticos Veracruz","article_publisher":"https:\/\/www.facebook.com\/people\/Notimemes-de-los-Polticos\/61565672886568\/","article_published_time":"2021-01-08T14:42:12+00:00","article_modified_time":"2021-01-08T14:42:41+00:00","og_image":[{"url":"http:\/\/www.lospoliticosveracruz.com.mx\/wp-content\/uploads\/2020\/07\/CINTILLO-Armando.jpg","type":"","width":"","height":""}],"author":"Lo viste en Los Pol\u00edticos","twitter_card":"summary_large_image","twitter_creator":"@LosPoliticosVer","twitter_site":"@LosPoliticosVer","twitter_misc":{"Escrito por":"Lo viste en Los Pol\u00edticos","Tiempo de lectura":"6 minutos"},"schema":{"@context":"https:\/\/schema.org","@graph":[{"@type":"Article","@id":"https:\/\/lospoliticosveracruz.com\/?p=66319#article","isPartOf":{"@id":"https:\/\/lospoliticosveracruz.com\/?p=66319"},"author":{"name":"Lo viste en Los Pol\u00edticos","@id":"https:\/\/lospoliticosveracruz.com\/#\/schema\/person\/b8702bb0e538456e6efd07080bf2a4a2"},"headline":"Los 400 de Bingen y los Pro-Arias, \u201chechos a mano\u201d","datePublished":"2021-01-08T14:42:12+00:00","dateModified":"2021-01-08T14:42:41+00:00","mainEntityOfPage":{"@id":"https:\/\/lospoliticosveracruz.com\/?p=66319"},"wordCount":1126,"commentCount":0,"publisher":{"@id":"https:\/\/lospoliticosveracruz.com\/#organization"},"image":{"@id":"https:\/\/lospoliticosveracruz.com\/?p=66319#primaryimage"},"thumbnailUrl":"http:\/\/www.lospoliticosveracruz.com.mx\/wp-content\/uploads\/2020\/07\/CINTILLO-Armando.jpg","keywords":["candidatos","Contienda interna","H\u00e9ctor Yunes","Miguel \u00c1ngel Yunes M\u00e1rquez","PAN","PRI","Ra\u00fal Arias Lovillo","TEV","Tribunal Electoral de Veracruz"],"articleSection":["De Opini\u00f3n"],"inLanguage":"es","potentialAction":[{"@type":"CommentAction","name":"Comment","target":["https:\/\/lospoliticosveracruz.com\/?p=66319#respond"]}]},{"@type":"WebPage","@id":"https:\/\/lospoliticosveracruz.com\/?p=66319","url":"https:\/\/lospoliticosveracruz.com\/?p=66319","name":"Los 400 de Bingen y los Pro-Arias, \u201chechos a mano\u201d - Los pol\u00edticos Veracruz","isPartOf":{"@id":"https:\/\/lospoliticosveracruz.com\/#website"},"primaryImageOfPage":{"@id":"https:\/\/lospoliticosveracruz.com\/?p=66319#primaryimage"},"image":{"@id":"https:\/\/lospoliticosveracruz.com\/?p=66319#primaryimage"},"thumbnailUrl":"http:\/\/www.lospoliticosveracruz.com.mx\/wp-content\/uploads\/2020\/07\/CINTILLO-Armando.jpg","datePublished":"2021-01-08T14:42:12+00:00","dateModified":"2021-01-08T14:42:41+00:00","breadcrumb":{"@id":"https:\/\/lospoliticosveracruz.com\/?p=66319#breadcrumb"},"inLanguage":"es","potentialAction":[{"@type":"ReadAction","target":["https:\/\/lospoliticosveracruz.com\/?p=66319"]}]},{"@type":"ImageObject","inLanguage":"es","@id":"https:\/\/lospoliticosveracruz.com\/?p=66319#primaryimage","url":"http:\/\/www.lospoliticosveracruz.com.mx\/wp-content\/uploads\/2020\/07\/CINTILLO-Armando.jpg","contentUrl":"http:\/\/www.lospoliticosveracruz.com.mx\/wp-content\/uploads\/2020\/07\/CINTILLO-Armando.jpg"},{"@type":"BreadcrumbList","@id":"https:\/\/lospoliticosveracruz.com\/?p=66319#breadcrumb","itemListElement":[{"@type":"ListItem","position":1,"name":"Portada","item":"https:\/\/lospoliticosveracruz.com\/"},{"@type":"ListItem","position":2,"name":"Los 400 de Bingen y los Pro-Arias, \u201chechos a mano\u201d"}]},{"@type":"WebSite","@id":"https:\/\/lospoliticosveracruz.com\/#website","url":"https:\/\/lospoliticosveracruz.com\/","name":"Los pol\u00edticos Veracruz","description":"","publisher":{"@id":"https:\/\/lospoliticosveracruz.com\/#organization"},"potentialAction":[{"@type":"SearchAction","target":{"@type":"EntryPoint","urlTemplate":"https:\/\/lospoliticosveracruz.com\/?s={search_term_string}"},"query-input":{"@type":"PropertyValueSpecification","valueRequired":true,"valueName":"search_term_string"}}],"inLanguage":"es"},{"@type":"Organization","@id":"https:\/\/lospoliticosveracruz.com\/#organization","name":"Los pol\u00edticos Veracruz","url":"https:\/\/lospoliticosveracruz.com\/","logo":{"@type":"ImageObject","inLanguage":"es","@id":"https:\/\/lospoliticosveracruz.com\/#\/schema\/logo\/image\/","url":"https:\/\/lospoliticosveracruz.com\/wp-content\/uploads\/2025\/12\/Logo-Nuevo-LOS-POLITICOS-1.jpg","contentUrl":"https:\/\/lospoliticosveracruz.com\/wp-content\/uploads\/2025\/12\/Logo-Nuevo-LOS-POLITICOS-1.jpg","width":260,"height":70,"caption":"Los pol\u00edticos Veracruz"},"image":{"@id":"https:\/\/lospoliticosveracruz.com\/#\/schema\/logo\/image\/"},"sameAs":["https:\/\/www.facebook.com\/people\/Notimemes-de-los-Polticos\/61565672886568\/","https:\/\/x.com\/LosPoliticosVer"]},{"@type":"Person","@id":"https:\/\/lospoliticosveracruz.com\/#\/schema\/person\/b8702bb0e538456e6efd07080bf2a4a2","name":"Lo viste en Los Pol\u00edticos","image":{"@type":"ImageObject","inLanguage":"es","@id":"https:\/\/secure.gravatar.com\/avatar\/3a8de04a2656d44082be478bd6c086daa447c4651605818287b9532d3d0bd435?s=96&d=mm&r=g","url":"https:\/\/secure.gravatar.com\/avatar\/3a8de04a2656d44082be478bd6c086daa447c4651605818287b9532d3d0bd435?s=96&d=mm&r=g","contentUrl":"https:\/\/secure.gravatar.com\/avatar\/3a8de04a2656d44082be478bd6c086daa447c4651605818287b9532d3d0bd435?s=96&d=mm&r=g","caption":"Lo viste en Los Pol\u00edticos"},"url":"https:\/\/lospoliticosveracruz.com\/?author=2"}]}},"_links":{"self":[{"href":"https:\/\/lospoliticosveracruz.com\/index.php?rest_route=\/wp\/v2\/posts\/66319","targetHints":{"allow":["GET"]}}],"collection":[{"href":"https:\/\/lospoliticosveracruz.com\/index.php?rest_route=\/wp\/v2\/posts"}],"about":[{"href":"https:\/\/lospoliticosveracruz.com\/index.php?rest_route=\/wp\/v2\/types\/post"}],"author":[{"embeddable":true,"href":"https:\/\/lospoliticosveracruz.com\/index.php?rest_route=\/wp\/v2\/users\/2"}],"replies":[{"embeddable":true,"href":"https:\/\/lospoliticosveracruz.com\/index.php?rest_route=%2Fwp%2Fv2%2Fcomments&post=66319"}],"version-history":[{"count":2,"href":"https:\/\/lospoliticosveracruz.com\/index.php?rest_route=\/wp\/v2\/posts\/66319\/revisions"}],"predecessor-version":[{"id":66321,"href":"https:\/\/lospoliticosveracruz.com\/index.php?rest_route=\/wp\/v2\/posts\/66319\/revisions\/66321"}],"wp:attachment":[{"href":"https:\/\/lospoliticosveracruz.com\/index.php?rest_route=%2Fwp%2Fv2%2Fmedia&parent=66319"}],"wp:term":[{"taxonomy":"category","embeddable":true,"href":"https:\/\/lospoliticosveracruz.com\/index.php?rest_route=%2Fwp%2Fv2%2Fcategories&post=66319"},{"taxonomy":"post_tag","embeddable":true,"href":"https:\/\/lospoliticosveracruz.com\/index.php?rest_route=%2Fwp%2Fv2%2Ftags&post=66319"}],"curies":[{"name":"wp","href":"https:\/\/api.w.org\/{rel}","templated":true}]}}