{"id":66359,"date":"2021-01-08T22:26:02","date_gmt":"2021-01-09T04:26:02","guid":{"rendered":"http:\/\/www.lospoliticosveracruz.com.mx\/?p=66359"},"modified":"2021-01-08T22:26:02","modified_gmt":"2021-01-09T04:26:02","slug":"gracias-profesionales-de-la-salud","status":"publish","type":"post","link":"https:\/\/lospoliticosveracruz.com\/?p=66359","title":{"rendered":"Gracias, profesionales de la salud"},"content":{"rendered":"<p>&nbsp;<\/p>\n<p><strong>Brenda Caballero<\/strong><\/p>\n<p><em>N\u00fameros Rojos<\/em><\/p>\n<p>\u201c\u00a1No hablen tan cerca!\u201d, \u00a1Al\u00e9jate de tu hermana!\u201d, me dice mi mam\u00e1. Es dif\u00edcil entenderlo por lo apegadas que siempre hemos sido. Y la verdad duele escucharlo, m\u00e1s cuando son fechas de uni\u00f3n familiar como la Cena de A\u00f1o nuevo. Pero mi madre lo hace por protegerme, para que no me contagie, ya que ella sigue trabajando en hospital Covid, all\u00e1 en CDMX.<br \/>\nMi instinto de informaci\u00f3n me lleva a preguntarle sobre los casos&#8230; si en verdad est\u00e1n los hospitales llenos; sin embargo, poco a poco he aprendido a no preguntarle&#8230; creo que lo que vive ella y todo su gremio como m\u00e9dicos, enfermeras y personal que trabaja en Hospitales o Cl\u00ednicas ya es demasiado. Quisieran un respiro, que ya no hubiera m\u00e1s ingresos por Covid, que la gente se mantuviera en sus casas y si es necesario salir, usaran cubrebocas. Est\u00e1n cansados y no quieren hablar de ello.<br \/>\n\u00bfPero sabe usted lo que realmente viven estos h\u00e9roes? Bueno, no todos&#8230; hablo de los que realmente est\u00e1n en el \u00e1rea de batalla, los que ven ingresar todos los d\u00edas pacientes, los que los atienden y limpian sus \u00e1reas, cambian sus s\u00e1banas, les llevan de comer; los que los escuchan hablar con sus familiares con la esperanza de poder salir del hospital, pero que simplemente las condiciones m\u00e9dicas les son negativas.<br \/>\nSeguramente usted conoce a alguien que labore en el sector salud. \u00bfHa platicado con \u00e9l o ella? \u00bfLe ha preguntado c\u00f3mo se siente? \u00bfSi necesita algo?<br \/>\nNo es f\u00e1cil ponerse en los zapatos de los dem\u00e1s, y m\u00e1s del personal de salud en estas circunstancias. Es f\u00e1cil criticar la falta de atenci\u00f3n, insensibilidad y hasta malos tratos en los hospitales, \u00bfpero qu\u00e9 hay en el fondo?<br \/>\nYa hab\u00edamos escuchado que el personal m\u00e9dico y de enfermer\u00eda hab\u00edan sido discriminados por su trabajo; incluso, en algunos casos, desalojados por sus arrendatarios por temor al contagio del SARS-COV-2. Han sido atacados en v\u00eda p\u00fablica con agua o palabras altisonantes, o hasta encarcelados por supuestamente no salvar vidas.<br \/>\nLo peor es que muchos y muchas han muerto en el campo de batalla. De acuerdo a cifras de la Secretar\u00eda de Salud a nivel federal, 1 de cada 10 contagios es de personal m\u00e9dico.<br \/>\nA ello s\u00famele los que han perdido a su esposo, pareja, padres, hermanos y que tienen que seguir laborando frente al virus que les arrebat\u00f3 a su ser querido.<br \/>\nOtros m\u00e1s tienen secuelas tanto f\u00edsicas como emocionales. Dentro de las f\u00edsicas se tiene la disnea, la fibrosis pulmonar, las articulaciones inflamadas, el da\u00f1o cerebral, insuficiencia renal, deterioro de la memoria, da\u00f1o al coraz\u00f3n, fatiga cr\u00f3nica, la sequedad al despertar en las gl\u00e1ndulas salivares y lagrimales, p\u00e9rdida de olfato y gusto, que a pesar del tiempo no se recuperan.<br \/>\nDentro de las secuelas emocionales se tiene la depresi\u00f3n, el insomnio, la ansiedad.<br \/>\n\u00bfQu\u00e9 pol\u00edticas p\u00fablicas tenemos actualmente para poder apoyar a nuestros profesionales de la salud?<br \/>\nPorque una cosa es la vacuna y otra muy diferente el apoyo psicol\u00f3gico, el emocional.<br \/>\nA prop\u00f3sito de la vacuna, esperemos que no pase lo mismo que con la Medalla Miguel Hidalgo y que realmente se les aplique a los que est\u00e1n atendiendo a pacientes Covid; no a recomendados o influyentes.<br \/>\nRecordemos el caso del m\u00e9dico Luis Humberto Barr\u00f3n Garc\u00eda, jefe de urgencias de la Cl\u00ednica 11 del IMSS en la ciudad de Xalapa, quien fue condecorado por el Presidente L\u00f3pez Obrador el pasado 16 de septiembre con dicha medalla y un premio de 100 mil pesos, a pesar de que el mismo personal de Salud se indign\u00f3 y levant\u00f3 la voz se\u00f1alando que el m\u00e9dico nunca entr\u00f3 al \u00e1rea covid y por ende, nunca atendi\u00f3 pacientes con el virus. Dijera el mismo Presidente Andr\u00e9s Manuel: \u00a1Qu\u00e9 inmoralidad!<\/p>\n<p>@NumerosRojos_BC<br \/>\ncaballero_brenda@hotmail.com<\/p>\n","protected":false},"excerpt":{"rendered":"<p>&nbsp; Brenda Caballero N\u00fameros Rojos \u201c\u00a1No hablen tan cerca!\u201d, \u00a1Al\u00e9jate de tu hermana!\u201d, me dice mi mam\u00e1. Es dif\u00edcil entenderlo por lo apegadas que siempre hemos sido. Y la verdad duele escucharlo, m\u00e1s cuando son fechas de uni\u00f3n familiar como la Cena de A\u00f1o nuevo. Pero mi madre lo hace por protegerme, para que no [&hellip;]<\/p>\n","protected":false},"author":2,"featured_media":0,"comment_status":"open","ping_status":"open","sticky":false,"template":"","format":"standard","meta":{"tdm_status":"","tdm_grid_status":"","footnotes":""},"categories":[70],"tags":[2687,25026,5399,17389,9937,17326,25027,11187,25028,25030,25029,3805,21438,17483,17408,1090,616],"class_list":{"0":"post-66359","1":"post","2":"type-post","3":"status-publish","4":"format-standard","6":"category-de-opinion","7":"tag-brenda-caballero","8":"tag-cena-de-ano-nuevo","9":"tag-clinicas","10":"tag-cubrebocas","11":"tag-depresion","12":"tag-enfermeras","13":"tag-hospital-covid","14":"tag-hospitales","15":"tag-insomnio","16":"tag-luis-humberto-barron-garcia","17":"tag-medalla-miguel-hidalgo","18":"tag-medicos","19":"tag-personal-de-salud","20":"tag-personal-medico","21":"tag-quedate-en-casa","22":"tag-sector-salud","23":"tag-vacuna"},"yoast_head":"<!-- This site is optimized with the Yoast SEO plugin v27.4 - https:\/\/yoast.com\/product\/yoast-seo-wordpress\/ -->\n<title>Gracias, profesionales de la salud - Los pol\u00edticos Veracruz<\/title>\n<meta name=\"robots\" content=\"index, follow, max-snippet:-1, max-image-preview:large, max-video-preview:-1\" \/>\n<link rel=\"canonical\" href=\"https:\/\/lospoliticosveracruz.com\/?p=66359\" \/>\n<meta property=\"og:locale\" content=\"es_ES\" \/>\n<meta property=\"og:type\" content=\"article\" \/>\n<meta property=\"og:title\" content=\"Gracias, profesionales de la salud - Los pol\u00edticos Veracruz\" \/>\n<meta property=\"og:description\" content=\"&nbsp; Brenda Caballero N\u00fameros Rojos \u201c\u00a1No hablen tan cerca!\u201d, \u00a1Al\u00e9jate de tu hermana!\u201d, me dice mi mam\u00e1. Es dif\u00edcil entenderlo por lo apegadas que siempre hemos sido. Y la verdad duele escucharlo, m\u00e1s cuando son fechas de uni\u00f3n familiar como la Cena de A\u00f1o nuevo. Pero mi madre lo hace por protegerme, para que no [&hellip;]\" \/>\n<meta property=\"og:url\" content=\"https:\/\/lospoliticosveracruz.com\/?p=66359\" \/>\n<meta property=\"og:site_name\" content=\"Los pol\u00edticos Veracruz\" \/>\n<meta property=\"article:publisher\" content=\"https:\/\/www.facebook.com\/people\/Notimemes-de-los-Polticos\/61565672886568\/\" \/>\n<meta property=\"article:published_time\" content=\"2021-01-09T04:26:02+00:00\" \/>\n<meta property=\"og:image\" content=\"https:\/\/lospoliticosveracruz.com\/wp-content\/uploads\/2016\/07\/Logo-Dor.jpg\" \/>\n\t<meta property=\"og:image:width\" content=\"200\" \/>\n\t<meta property=\"og:image:height\" content=\"200\" \/>\n\t<meta property=\"og:image:type\" content=\"image\/jpeg\" \/>\n<meta name=\"author\" content=\"Lo viste en Los Pol\u00edticos\" \/>\n<meta name=\"twitter:card\" content=\"summary_large_image\" \/>\n<meta name=\"twitter:creator\" content=\"@LosPoliticosVer\" \/>\n<meta name=\"twitter:site\" content=\"@LosPoliticosVer\" \/>\n<meta name=\"twitter:label1\" content=\"Escrito por\" \/>\n\t<meta name=\"twitter:data1\" content=\"Lo viste en Los Pol\u00edticos\" \/>\n\t<meta name=\"twitter:label2\" content=\"Tiempo de lectura\" \/>\n\t<meta name=\"twitter:data2\" content=\"3 minutos\" \/>\n<script type=\"application\/ld+json\" class=\"yoast-schema-graph\">{\"@context\":\"https:\\\/\\\/schema.org\",\"@graph\":[{\"@type\":\"Article\",\"@id\":\"https:\\\/\\\/lospoliticosveracruz.com\\\/?p=66359#article\",\"isPartOf\":{\"@id\":\"https:\\\/\\\/lospoliticosveracruz.com\\\/?p=66359\"},\"author\":{\"name\":\"Lo viste en Los Pol\u00edticos\",\"@id\":\"https:\\\/\\\/lospoliticosveracruz.com\\\/#\\\/schema\\\/person\\\/b8702bb0e538456e6efd07080bf2a4a2\"},\"headline\":\"Gracias, profesionales de la salud\",\"datePublished\":\"2021-01-09T04:26:02+00:00\",\"mainEntityOfPage\":{\"@id\":\"https:\\\/\\\/lospoliticosveracruz.com\\\/?p=66359\"},\"wordCount\":689,\"commentCount\":0,\"publisher\":{\"@id\":\"https:\\\/\\\/lospoliticosveracruz.com\\\/#organization\"},\"keywords\":[\"Brenda Caballero\",\"Cena de A\u00f1o nuevo\",\"cl\u00ednicas\",\"cubrebocas\",\"depresi\u00f3n\",\"enfermeras\",\"hospital Covid\",\"Hospitales\",\"insomnio\",\"Luis Humberto Barr\u00f3n Garc\u00eda\",\"Medalla Miguel Hidalgo\",\"m\u00e9dicos\",\"Personal de Salud\",\"personal m\u00e9dico\",\"Qu\u00e9date en casa\",\"Sector Salud\",\"vacuna\"],\"articleSection\":[\"De Opini\u00f3n\"],\"inLanguage\":\"es\",\"potentialAction\":[{\"@type\":\"CommentAction\",\"name\":\"Comment\",\"target\":[\"https:\\\/\\\/lospoliticosveracruz.com\\\/?p=66359#respond\"]}]},{\"@type\":\"WebPage\",\"@id\":\"https:\\\/\\\/lospoliticosveracruz.com\\\/?p=66359\",\"url\":\"https:\\\/\\\/lospoliticosveracruz.com\\\/?p=66359\",\"name\":\"Gracias, profesionales de la salud - Los pol\u00edticos Veracruz\",\"isPartOf\":{\"@id\":\"https:\\\/\\\/lospoliticosveracruz.com\\\/#website\"},\"datePublished\":\"2021-01-09T04:26:02+00:00\",\"breadcrumb\":{\"@id\":\"https:\\\/\\\/lospoliticosveracruz.com\\\/?p=66359#breadcrumb\"},\"inLanguage\":\"es\",\"potentialAction\":[{\"@type\":\"ReadAction\",\"target\":[\"https:\\\/\\\/lospoliticosveracruz.com\\\/?p=66359\"]}]},{\"@type\":\"BreadcrumbList\",\"@id\":\"https:\\\/\\\/lospoliticosveracruz.com\\\/?p=66359#breadcrumb\",\"itemListElement\":[{\"@type\":\"ListItem\",\"position\":1,\"name\":\"Portada\",\"item\":\"https:\\\/\\\/lospoliticosveracruz.com\\\/\"},{\"@type\":\"ListItem\",\"position\":2,\"name\":\"Gracias, profesionales de la salud\"}]},{\"@type\":\"WebSite\",\"@id\":\"https:\\\/\\\/lospoliticosveracruz.com\\\/#website\",\"url\":\"https:\\\/\\\/lospoliticosveracruz.com\\\/\",\"name\":\"Los pol\u00edticos Veracruz\",\"description\":\"\",\"publisher\":{\"@id\":\"https:\\\/\\\/lospoliticosveracruz.com\\\/#organization\"},\"potentialAction\":[{\"@type\":\"SearchAction\",\"target\":{\"@type\":\"EntryPoint\",\"urlTemplate\":\"https:\\\/\\\/lospoliticosveracruz.com\\\/?s={search_term_string}\"},\"query-input\":{\"@type\":\"PropertyValueSpecification\",\"valueRequired\":true,\"valueName\":\"search_term_string\"}}],\"inLanguage\":\"es\"},{\"@type\":\"Organization\",\"@id\":\"https:\\\/\\\/lospoliticosveracruz.com\\\/#organization\",\"name\":\"Los pol\u00edticos Veracruz\",\"url\":\"https:\\\/\\\/lospoliticosveracruz.com\\\/\",\"logo\":{\"@type\":\"ImageObject\",\"inLanguage\":\"es\",\"@id\":\"https:\\\/\\\/lospoliticosveracruz.com\\\/#\\\/schema\\\/logo\\\/image\\\/\",\"url\":\"https:\\\/\\\/lospoliticosveracruz.com\\\/wp-content\\\/uploads\\\/2025\\\/12\\\/Logo-Nuevo-LOS-POLITICOS-1.jpg\",\"contentUrl\":\"https:\\\/\\\/lospoliticosveracruz.com\\\/wp-content\\\/uploads\\\/2025\\\/12\\\/Logo-Nuevo-LOS-POLITICOS-1.jpg\",\"width\":260,\"height\":70,\"caption\":\"Los pol\u00edticos Veracruz\"},\"image\":{\"@id\":\"https:\\\/\\\/lospoliticosveracruz.com\\\/#\\\/schema\\\/logo\\\/image\\\/\"},\"sameAs\":[\"https:\\\/\\\/www.facebook.com\\\/people\\\/Notimemes-de-los-Polticos\\\/61565672886568\\\/\",\"https:\\\/\\\/x.com\\\/LosPoliticosVer\"]},{\"@type\":\"Person\",\"@id\":\"https:\\\/\\\/lospoliticosveracruz.com\\\/#\\\/schema\\\/person\\\/b8702bb0e538456e6efd07080bf2a4a2\",\"name\":\"Lo viste en Los Pol\u00edticos\",\"image\":{\"@type\":\"ImageObject\",\"inLanguage\":\"es\",\"@id\":\"https:\\\/\\\/secure.gravatar.com\\\/avatar\\\/3a8de04a2656d44082be478bd6c086daa447c4651605818287b9532d3d0bd435?s=96&d=mm&r=g\",\"url\":\"https:\\\/\\\/secure.gravatar.com\\\/avatar\\\/3a8de04a2656d44082be478bd6c086daa447c4651605818287b9532d3d0bd435?s=96&d=mm&r=g\",\"contentUrl\":\"https:\\\/\\\/secure.gravatar.com\\\/avatar\\\/3a8de04a2656d44082be478bd6c086daa447c4651605818287b9532d3d0bd435?s=96&d=mm&r=g\",\"caption\":\"Lo viste en Los Pol\u00edticos\"},\"url\":\"https:\\\/\\\/lospoliticosveracruz.com\\\/?author=2\"}]}<\/script>\n<!-- \/ Yoast SEO plugin. -->","yoast_head_json":{"title":"Gracias, profesionales de la salud - Los pol\u00edticos Veracruz","robots":{"index":"index","follow":"follow","max-snippet":"max-snippet:-1","max-image-preview":"max-image-preview:large","max-video-preview":"max-video-preview:-1"},"canonical":"https:\/\/lospoliticosveracruz.com\/?p=66359","og_locale":"es_ES","og_type":"article","og_title":"Gracias, profesionales de la salud - Los pol\u00edticos Veracruz","og_description":"&nbsp; Brenda Caballero N\u00fameros Rojos \u201c\u00a1No hablen tan cerca!\u201d, \u00a1Al\u00e9jate de tu hermana!\u201d, me dice mi mam\u00e1. Es dif\u00edcil entenderlo por lo apegadas que siempre hemos sido. Y la verdad duele escucharlo, m\u00e1s cuando son fechas de uni\u00f3n familiar como la Cena de A\u00f1o nuevo. Pero mi madre lo hace por protegerme, para que no [&hellip;]","og_url":"https:\/\/lospoliticosveracruz.com\/?p=66359","og_site_name":"Los pol\u00edticos Veracruz","article_publisher":"https:\/\/www.facebook.com\/people\/Notimemes-de-los-Polticos\/61565672886568\/","article_published_time":"2021-01-09T04:26:02+00:00","og_image":[{"width":200,"height":200,"url":"https:\/\/lospoliticosveracruz.com\/wp-content\/uploads\/2016\/07\/Logo-Dor.jpg","type":"image\/jpeg"}],"author":"Lo viste en Los Pol\u00edticos","twitter_card":"summary_large_image","twitter_creator":"@LosPoliticosVer","twitter_site":"@LosPoliticosVer","twitter_misc":{"Escrito por":"Lo viste en Los Pol\u00edticos","Tiempo de lectura":"3 minutos"},"schema":{"@context":"https:\/\/schema.org","@graph":[{"@type":"Article","@id":"https:\/\/lospoliticosveracruz.com\/?p=66359#article","isPartOf":{"@id":"https:\/\/lospoliticosveracruz.com\/?p=66359"},"author":{"name":"Lo viste en Los Pol\u00edticos","@id":"https:\/\/lospoliticosveracruz.com\/#\/schema\/person\/b8702bb0e538456e6efd07080bf2a4a2"},"headline":"Gracias, profesionales de la salud","datePublished":"2021-01-09T04:26:02+00:00","mainEntityOfPage":{"@id":"https:\/\/lospoliticosveracruz.com\/?p=66359"},"wordCount":689,"commentCount":0,"publisher":{"@id":"https:\/\/lospoliticosveracruz.com\/#organization"},"keywords":["Brenda Caballero","Cena de A\u00f1o nuevo","cl\u00ednicas","cubrebocas","depresi\u00f3n","enfermeras","hospital Covid","Hospitales","insomnio","Luis Humberto Barr\u00f3n Garc\u00eda","Medalla Miguel Hidalgo","m\u00e9dicos","Personal de Salud","personal m\u00e9dico","Qu\u00e9date en casa","Sector Salud","vacuna"],"articleSection":["De Opini\u00f3n"],"inLanguage":"es","potentialAction":[{"@type":"CommentAction","name":"Comment","target":["https:\/\/lospoliticosveracruz.com\/?p=66359#respond"]}]},{"@type":"WebPage","@id":"https:\/\/lospoliticosveracruz.com\/?p=66359","url":"https:\/\/lospoliticosveracruz.com\/?p=66359","name":"Gracias, profesionales de la salud - Los pol\u00edticos Veracruz","isPartOf":{"@id":"https:\/\/lospoliticosveracruz.com\/#website"},"datePublished":"2021-01-09T04:26:02+00:00","breadcrumb":{"@id":"https:\/\/lospoliticosveracruz.com\/?p=66359#breadcrumb"},"inLanguage":"es","potentialAction":[{"@type":"ReadAction","target":["https:\/\/lospoliticosveracruz.com\/?p=66359"]}]},{"@type":"BreadcrumbList","@id":"https:\/\/lospoliticosveracruz.com\/?p=66359#breadcrumb","itemListElement":[{"@type":"ListItem","position":1,"name":"Portada","item":"https:\/\/lospoliticosveracruz.com\/"},{"@type":"ListItem","position":2,"name":"Gracias, profesionales de la salud"}]},{"@type":"WebSite","@id":"https:\/\/lospoliticosveracruz.com\/#website","url":"https:\/\/lospoliticosveracruz.com\/","name":"Los pol\u00edticos Veracruz","description":"","publisher":{"@id":"https:\/\/lospoliticosveracruz.com\/#organization"},"potentialAction":[{"@type":"SearchAction","target":{"@type":"EntryPoint","urlTemplate":"https:\/\/lospoliticosveracruz.com\/?s={search_term_string}"},"query-input":{"@type":"PropertyValueSpecification","valueRequired":true,"valueName":"search_term_string"}}],"inLanguage":"es"},{"@type":"Organization","@id":"https:\/\/lospoliticosveracruz.com\/#organization","name":"Los pol\u00edticos Veracruz","url":"https:\/\/lospoliticosveracruz.com\/","logo":{"@type":"ImageObject","inLanguage":"es","@id":"https:\/\/lospoliticosveracruz.com\/#\/schema\/logo\/image\/","url":"https:\/\/lospoliticosveracruz.com\/wp-content\/uploads\/2025\/12\/Logo-Nuevo-LOS-POLITICOS-1.jpg","contentUrl":"https:\/\/lospoliticosveracruz.com\/wp-content\/uploads\/2025\/12\/Logo-Nuevo-LOS-POLITICOS-1.jpg","width":260,"height":70,"caption":"Los pol\u00edticos Veracruz"},"image":{"@id":"https:\/\/lospoliticosveracruz.com\/#\/schema\/logo\/image\/"},"sameAs":["https:\/\/www.facebook.com\/people\/Notimemes-de-los-Polticos\/61565672886568\/","https:\/\/x.com\/LosPoliticosVer"]},{"@type":"Person","@id":"https:\/\/lospoliticosveracruz.com\/#\/schema\/person\/b8702bb0e538456e6efd07080bf2a4a2","name":"Lo viste en Los Pol\u00edticos","image":{"@type":"ImageObject","inLanguage":"es","@id":"https:\/\/secure.gravatar.com\/avatar\/3a8de04a2656d44082be478bd6c086daa447c4651605818287b9532d3d0bd435?s=96&d=mm&r=g","url":"https:\/\/secure.gravatar.com\/avatar\/3a8de04a2656d44082be478bd6c086daa447c4651605818287b9532d3d0bd435?s=96&d=mm&r=g","contentUrl":"https:\/\/secure.gravatar.com\/avatar\/3a8de04a2656d44082be478bd6c086daa447c4651605818287b9532d3d0bd435?s=96&d=mm&r=g","caption":"Lo viste en Los Pol\u00edticos"},"url":"https:\/\/lospoliticosveracruz.com\/?author=2"}]}},"_links":{"self":[{"href":"https:\/\/lospoliticosveracruz.com\/index.php?rest_route=\/wp\/v2\/posts\/66359","targetHints":{"allow":["GET"]}}],"collection":[{"href":"https:\/\/lospoliticosveracruz.com\/index.php?rest_route=\/wp\/v2\/posts"}],"about":[{"href":"https:\/\/lospoliticosveracruz.com\/index.php?rest_route=\/wp\/v2\/types\/post"}],"author":[{"embeddable":true,"href":"https:\/\/lospoliticosveracruz.com\/index.php?rest_route=\/wp\/v2\/users\/2"}],"replies":[{"embeddable":true,"href":"https:\/\/lospoliticosveracruz.com\/index.php?rest_route=%2Fwp%2Fv2%2Fcomments&post=66359"}],"version-history":[{"count":1,"href":"https:\/\/lospoliticosveracruz.com\/index.php?rest_route=\/wp\/v2\/posts\/66359\/revisions"}],"predecessor-version":[{"id":66361,"href":"https:\/\/lospoliticosveracruz.com\/index.php?rest_route=\/wp\/v2\/posts\/66359\/revisions\/66361"}],"wp:attachment":[{"href":"https:\/\/lospoliticosveracruz.com\/index.php?rest_route=%2Fwp%2Fv2%2Fmedia&parent=66359"}],"wp:term":[{"taxonomy":"category","embeddable":true,"href":"https:\/\/lospoliticosveracruz.com\/index.php?rest_route=%2Fwp%2Fv2%2Fcategories&post=66359"},{"taxonomy":"post_tag","embeddable":true,"href":"https:\/\/lospoliticosveracruz.com\/index.php?rest_route=%2Fwp%2Fv2%2Ftags&post=66359"}],"curies":[{"name":"wp","href":"https:\/\/api.w.org\/{rel}","templated":true}]}}