{"id":66362,"date":"2021-01-08T22:33:46","date_gmt":"2021-01-09T04:33:46","guid":{"rendered":"http:\/\/www.lospoliticosveracruz.com.mx\/?p=66362"},"modified":"2021-01-08T22:33:46","modified_gmt":"2021-01-09T04:33:46","slug":"cuesta-de-enero-2","status":"publish","type":"post","link":"https:\/\/lospoliticosveracruz.com\/?p=66362","title":{"rendered":"Cuesta de Enero"},"content":{"rendered":"<p>&nbsp;<\/p>\n<p><strong>Teresa Carbajal<\/strong><\/p>\n<p><em>Debo, no niego; pago lo justo <\/em><\/p>\n<p>Despu\u00e9s de haber sobrevivido al 2020 nos encontramos de frente a la primera curva del a\u00f1o en la que desde siempre se han puesto a prueba nuestras estrategias financieras para comenzar sin preocupaciones econ\u00f3micas may\u00fasculas un nuevo ciclo, s\u00f3lo que a diferencia de los anteriores en esta ocasi\u00f3n venimos del inicio de una crisis sin precedentes.<br \/>\nEndeudados, sin ahorros, y en algunos casos sin ingresos logramos terminar un a\u00f1o que se caracteriz\u00f3 por las consecuencias de la enfermedad en el plano econ\u00f3mico; cierres, quiebras, despidos, falta de ventas y nuevas deudas provocaron la incertidumbre de las familias por la incapacidad para responder de las necesidades de sus integrantes.<br \/>\nSin duda en breve tendremos los informes oficiales que nos confirmar\u00e1n que una mayor brecha de desigualdad se abri\u00f3 entre quienes pudieron conservar su empleo trabajando desde casa, contra quienes por cuestiones de vulnerabilidad y riesgo se vieron impedidos para continuar su actividad de salir a las calles para buscar sustento diario, haciendo m\u00e1s pobres a los pobres.<br \/>\nEn ambos casos tuvimos que aprender una nueva forma de afrontar la vida para ponerla en pr\u00e1ctica todo el 2021; el que ya nos recibe con aumentos de precios en productos de la canasta b\u00e1sica y una primera plana diaria en impresos de voces de auxilio de representantes de diversos gremios que por ser clasificados como no esenciales se encuentran al borde de la quiebra definitiva.<br \/>\nSin embargo una gran lecci\u00f3n que por ning\u00fan motivo debemos olvidar es que mientras haya vida y salud habr\u00e1 esperanza, y habr\u00e1 soluci\u00f3n para cualquier problema incluso de tipo econ\u00f3mico, de esos que parecen imposibles; pues tal parece que la cartera vencida, el impago, las deudas, los embargos, la cobranza y dem\u00e1s tambi\u00e9n habr\u00e1n de marcar este nuevo a\u00f1o en el que la enfermedad sigue presente.<br \/>\nPor ello es importante recordar que no se debe sucumbir al terror de la cobranza cuando se torna abusiva, que ninguna deuda puede arrebatarnos la libertad, ni la dignidad; pues nada est\u00e1 por encima del respeto a nuestros derechos esenciales de los que gozamos por el solo hecho de ser humanos, personas con derechos y libertades consagradas en nuestro M\u00e1ximo orden legal que es la Constituci\u00f3n General de la Rep\u00fablica.<br \/>\nDe ah\u00ed la importancia de mantenernos siempre informados y debidamente asesorados para saber c\u00f3mo defender nuestro patrimonio desde el \u00e1mbito familiar, laboral, o de nuestra comunidad, espacios en d\u00f3nde es frecuente que se presenten actos que pueden irrumpir en nuestra paz personal.<br \/>\nYa hemos dado en ocasiones anteriores pl\u00e1ticas y talleres sobre c\u00f3mo enfrentar la cobranza abusiva, as\u00ed mismo desde el 2014 el Barz\u00f3n opera la Cruzada Estatal para prevenir los abusos de los despachos de cobranza. Este a\u00f1o estamos programando ya la segunda etapa de la Jornada Estatal para la Protecci\u00f3n y Defensa del Patrimonio Familiar que inicio el 27 de agosto de 2020, que incluir\u00e1 m\u00e1s charlas y talleres sobre el tema pero en el campo de embargos y cobros judiciales, les pido que est\u00e9n atentos al seguimiento de estos temas para estar mejor preparados en el conocimiento de tus derechos como deudor.<br \/>\n\u00c9ste es nuestro compromiso social de ayuda a la ciudadan\u00eda para enfrentar juntos la crisis, \u00a1Feliz a\u00f1o a todos!<\/p>\n<p>Llama al 2281148502 visite www.elbarzonrc.org Contacte elbarzonrc@yahoo.com.mx, O s\u00edgame en @terecarbajal<\/p>\n","protected":false},"excerpt":{"rendered":"<p>&nbsp; Teresa Carbajal Debo, no niego; pago lo justo Despu\u00e9s de haber sobrevivido al 2020 nos encontramos de frente a la primera curva del a\u00f1o en la que desde siempre se han puesto a prueba nuestras estrategias financieras para comenzar sin preocupaciones econ\u00f3micas may\u00fasculas un nuevo ciclo, s\u00f3lo que a diferencia de los anteriores en [&hellip;]<\/p>\n","protected":false},"author":2,"featured_media":0,"comment_status":"open","ping_status":"open","sticky":false,"template":"","format":"standard","meta":{"tdm_status":"","tdm_grid_status":"","footnotes":""},"categories":[70],"tags":[25032,871,25031,16507,15570],"class_list":{"0":"post-66362","1":"post","2":"type-post","3":"status-publish","4":"format-standard","6":"category-de-opinion","7":"tag-brecha-de-desigualdad","8":"tag-crisis","9":"tag-estrategias-financieras","10":"tag-incertidumbre","11":"tag-teresa-carbajal"},"yoast_head":"<!-- This site is optimized with the Yoast SEO plugin v27.4 - https:\/\/yoast.com\/product\/yoast-seo-wordpress\/ -->\n<title>Cuesta de Enero - Los pol\u00edticos Veracruz<\/title>\n<meta name=\"robots\" content=\"index, follow, max-snippet:-1, max-image-preview:large, max-video-preview:-1\" \/>\n<link rel=\"canonical\" href=\"https:\/\/lospoliticosveracruz.com\/?p=66362\" \/>\n<meta property=\"og:locale\" content=\"es_ES\" \/>\n<meta property=\"og:type\" content=\"article\" \/>\n<meta property=\"og:title\" content=\"Cuesta de Enero - Los pol\u00edticos Veracruz\" \/>\n<meta property=\"og:description\" content=\"&nbsp; Teresa Carbajal Debo, no niego; pago lo justo Despu\u00e9s de haber sobrevivido al 2020 nos encontramos de frente a la primera curva del a\u00f1o en la que desde siempre se han puesto a prueba nuestras estrategias financieras para comenzar sin preocupaciones econ\u00f3micas may\u00fasculas un nuevo ciclo, s\u00f3lo que a diferencia de los anteriores en [&hellip;]\" \/>\n<meta property=\"og:url\" content=\"https:\/\/lospoliticosveracruz.com\/?p=66362\" \/>\n<meta property=\"og:site_name\" content=\"Los pol\u00edticos Veracruz\" \/>\n<meta property=\"article:publisher\" content=\"https:\/\/www.facebook.com\/people\/Notimemes-de-los-Polticos\/61565672886568\/\" \/>\n<meta property=\"article:published_time\" content=\"2021-01-09T04:33:46+00:00\" \/>\n<meta property=\"og:image\" content=\"https:\/\/lospoliticosveracruz.com\/wp-content\/uploads\/2016\/07\/Logo-Dor.jpg\" \/>\n\t<meta property=\"og:image:width\" content=\"200\" \/>\n\t<meta property=\"og:image:height\" content=\"200\" \/>\n\t<meta property=\"og:image:type\" content=\"image\/jpeg\" \/>\n<meta name=\"author\" content=\"Lo viste en Los Pol\u00edticos\" \/>\n<meta name=\"twitter:card\" content=\"summary_large_image\" \/>\n<meta name=\"twitter:creator\" content=\"@LosPoliticosVer\" \/>\n<meta name=\"twitter:site\" content=\"@LosPoliticosVer\" \/>\n<meta name=\"twitter:label1\" content=\"Escrito por\" \/>\n\t<meta name=\"twitter:data1\" content=\"Lo viste en Los Pol\u00edticos\" \/>\n\t<meta name=\"twitter:label2\" content=\"Tiempo de lectura\" \/>\n\t<meta name=\"twitter:data2\" content=\"3 minutos\" \/>\n<script type=\"application\/ld+json\" class=\"yoast-schema-graph\">{\"@context\":\"https:\\\/\\\/schema.org\",\"@graph\":[{\"@type\":\"Article\",\"@id\":\"https:\\\/\\\/lospoliticosveracruz.com\\\/?p=66362#article\",\"isPartOf\":{\"@id\":\"https:\\\/\\\/lospoliticosveracruz.com\\\/?p=66362\"},\"author\":{\"name\":\"Lo viste en Los Pol\u00edticos\",\"@id\":\"https:\\\/\\\/lospoliticosveracruz.com\\\/#\\\/schema\\\/person\\\/b8702bb0e538456e6efd07080bf2a4a2\"},\"headline\":\"Cuesta de Enero\",\"datePublished\":\"2021-01-09T04:33:46+00:00\",\"mainEntityOfPage\":{\"@id\":\"https:\\\/\\\/lospoliticosveracruz.com\\\/?p=66362\"},\"wordCount\":589,\"commentCount\":0,\"publisher\":{\"@id\":\"https:\\\/\\\/lospoliticosveracruz.com\\\/#organization\"},\"keywords\":[\"brecha de desigualdad\",\"crisis\",\"estrategias financieras\",\"incertidumbre\",\"Teresa Carbajal\"],\"articleSection\":[\"De Opini\u00f3n\"],\"inLanguage\":\"es\",\"potentialAction\":[{\"@type\":\"CommentAction\",\"name\":\"Comment\",\"target\":[\"https:\\\/\\\/lospoliticosveracruz.com\\\/?p=66362#respond\"]}]},{\"@type\":\"WebPage\",\"@id\":\"https:\\\/\\\/lospoliticosveracruz.com\\\/?p=66362\",\"url\":\"https:\\\/\\\/lospoliticosveracruz.com\\\/?p=66362\",\"name\":\"Cuesta de Enero - Los pol\u00edticos Veracruz\",\"isPartOf\":{\"@id\":\"https:\\\/\\\/lospoliticosveracruz.com\\\/#website\"},\"datePublished\":\"2021-01-09T04:33:46+00:00\",\"breadcrumb\":{\"@id\":\"https:\\\/\\\/lospoliticosveracruz.com\\\/?p=66362#breadcrumb\"},\"inLanguage\":\"es\",\"potentialAction\":[{\"@type\":\"ReadAction\",\"target\":[\"https:\\\/\\\/lospoliticosveracruz.com\\\/?p=66362\"]}]},{\"@type\":\"BreadcrumbList\",\"@id\":\"https:\\\/\\\/lospoliticosveracruz.com\\\/?p=66362#breadcrumb\",\"itemListElement\":[{\"@type\":\"ListItem\",\"position\":1,\"name\":\"Portada\",\"item\":\"https:\\\/\\\/lospoliticosveracruz.com\\\/\"},{\"@type\":\"ListItem\",\"position\":2,\"name\":\"Cuesta de Enero\"}]},{\"@type\":\"WebSite\",\"@id\":\"https:\\\/\\\/lospoliticosveracruz.com\\\/#website\",\"url\":\"https:\\\/\\\/lospoliticosveracruz.com\\\/\",\"name\":\"Los pol\u00edticos Veracruz\",\"description\":\"\",\"publisher\":{\"@id\":\"https:\\\/\\\/lospoliticosveracruz.com\\\/#organization\"},\"potentialAction\":[{\"@type\":\"SearchAction\",\"target\":{\"@type\":\"EntryPoint\",\"urlTemplate\":\"https:\\\/\\\/lospoliticosveracruz.com\\\/?s={search_term_string}\"},\"query-input\":{\"@type\":\"PropertyValueSpecification\",\"valueRequired\":true,\"valueName\":\"search_term_string\"}}],\"inLanguage\":\"es\"},{\"@type\":\"Organization\",\"@id\":\"https:\\\/\\\/lospoliticosveracruz.com\\\/#organization\",\"name\":\"Los pol\u00edticos Veracruz\",\"url\":\"https:\\\/\\\/lospoliticosveracruz.com\\\/\",\"logo\":{\"@type\":\"ImageObject\",\"inLanguage\":\"es\",\"@id\":\"https:\\\/\\\/lospoliticosveracruz.com\\\/#\\\/schema\\\/logo\\\/image\\\/\",\"url\":\"https:\\\/\\\/lospoliticosveracruz.com\\\/wp-content\\\/uploads\\\/2025\\\/12\\\/Logo-Nuevo-LOS-POLITICOS-1.jpg\",\"contentUrl\":\"https:\\\/\\\/lospoliticosveracruz.com\\\/wp-content\\\/uploads\\\/2025\\\/12\\\/Logo-Nuevo-LOS-POLITICOS-1.jpg\",\"width\":260,\"height\":70,\"caption\":\"Los pol\u00edticos Veracruz\"},\"image\":{\"@id\":\"https:\\\/\\\/lospoliticosveracruz.com\\\/#\\\/schema\\\/logo\\\/image\\\/\"},\"sameAs\":[\"https:\\\/\\\/www.facebook.com\\\/people\\\/Notimemes-de-los-Polticos\\\/61565672886568\\\/\",\"https:\\\/\\\/x.com\\\/LosPoliticosVer\"]},{\"@type\":\"Person\",\"@id\":\"https:\\\/\\\/lospoliticosveracruz.com\\\/#\\\/schema\\\/person\\\/b8702bb0e538456e6efd07080bf2a4a2\",\"name\":\"Lo viste en Los Pol\u00edticos\",\"image\":{\"@type\":\"ImageObject\",\"inLanguage\":\"es\",\"@id\":\"https:\\\/\\\/secure.gravatar.com\\\/avatar\\\/3a8de04a2656d44082be478bd6c086daa447c4651605818287b9532d3d0bd435?s=96&d=mm&r=g\",\"url\":\"https:\\\/\\\/secure.gravatar.com\\\/avatar\\\/3a8de04a2656d44082be478bd6c086daa447c4651605818287b9532d3d0bd435?s=96&d=mm&r=g\",\"contentUrl\":\"https:\\\/\\\/secure.gravatar.com\\\/avatar\\\/3a8de04a2656d44082be478bd6c086daa447c4651605818287b9532d3d0bd435?s=96&d=mm&r=g\",\"caption\":\"Lo viste en Los Pol\u00edticos\"},\"url\":\"https:\\\/\\\/lospoliticosveracruz.com\\\/?author=2\"}]}<\/script>\n<!-- \/ Yoast SEO plugin. -->","yoast_head_json":{"title":"Cuesta de Enero - Los pol\u00edticos Veracruz","robots":{"index":"index","follow":"follow","max-snippet":"max-snippet:-1","max-image-preview":"max-image-preview:large","max-video-preview":"max-video-preview:-1"},"canonical":"https:\/\/lospoliticosveracruz.com\/?p=66362","og_locale":"es_ES","og_type":"article","og_title":"Cuesta de Enero - Los pol\u00edticos Veracruz","og_description":"&nbsp; Teresa Carbajal Debo, no niego; pago lo justo Despu\u00e9s de haber sobrevivido al 2020 nos encontramos de frente a la primera curva del a\u00f1o en la que desde siempre se han puesto a prueba nuestras estrategias financieras para comenzar sin preocupaciones econ\u00f3micas may\u00fasculas un nuevo ciclo, s\u00f3lo que a diferencia de los anteriores en [&hellip;]","og_url":"https:\/\/lospoliticosveracruz.com\/?p=66362","og_site_name":"Los pol\u00edticos Veracruz","article_publisher":"https:\/\/www.facebook.com\/people\/Notimemes-de-los-Polticos\/61565672886568\/","article_published_time":"2021-01-09T04:33:46+00:00","og_image":[{"width":200,"height":200,"url":"https:\/\/lospoliticosveracruz.com\/wp-content\/uploads\/2016\/07\/Logo-Dor.jpg","type":"image\/jpeg"}],"author":"Lo viste en Los Pol\u00edticos","twitter_card":"summary_large_image","twitter_creator":"@LosPoliticosVer","twitter_site":"@LosPoliticosVer","twitter_misc":{"Escrito por":"Lo viste en Los Pol\u00edticos","Tiempo de lectura":"3 minutos"},"schema":{"@context":"https:\/\/schema.org","@graph":[{"@type":"Article","@id":"https:\/\/lospoliticosveracruz.com\/?p=66362#article","isPartOf":{"@id":"https:\/\/lospoliticosveracruz.com\/?p=66362"},"author":{"name":"Lo viste en Los Pol\u00edticos","@id":"https:\/\/lospoliticosveracruz.com\/#\/schema\/person\/b8702bb0e538456e6efd07080bf2a4a2"},"headline":"Cuesta de Enero","datePublished":"2021-01-09T04:33:46+00:00","mainEntityOfPage":{"@id":"https:\/\/lospoliticosveracruz.com\/?p=66362"},"wordCount":589,"commentCount":0,"publisher":{"@id":"https:\/\/lospoliticosveracruz.com\/#organization"},"keywords":["brecha de desigualdad","crisis","estrategias financieras","incertidumbre","Teresa Carbajal"],"articleSection":["De Opini\u00f3n"],"inLanguage":"es","potentialAction":[{"@type":"CommentAction","name":"Comment","target":["https:\/\/lospoliticosveracruz.com\/?p=66362#respond"]}]},{"@type":"WebPage","@id":"https:\/\/lospoliticosveracruz.com\/?p=66362","url":"https:\/\/lospoliticosveracruz.com\/?p=66362","name":"Cuesta de Enero - Los pol\u00edticos Veracruz","isPartOf":{"@id":"https:\/\/lospoliticosveracruz.com\/#website"},"datePublished":"2021-01-09T04:33:46+00:00","breadcrumb":{"@id":"https:\/\/lospoliticosveracruz.com\/?p=66362#breadcrumb"},"inLanguage":"es","potentialAction":[{"@type":"ReadAction","target":["https:\/\/lospoliticosveracruz.com\/?p=66362"]}]},{"@type":"BreadcrumbList","@id":"https:\/\/lospoliticosveracruz.com\/?p=66362#breadcrumb","itemListElement":[{"@type":"ListItem","position":1,"name":"Portada","item":"https:\/\/lospoliticosveracruz.com\/"},{"@type":"ListItem","position":2,"name":"Cuesta de Enero"}]},{"@type":"WebSite","@id":"https:\/\/lospoliticosveracruz.com\/#website","url":"https:\/\/lospoliticosveracruz.com\/","name":"Los pol\u00edticos Veracruz","description":"","publisher":{"@id":"https:\/\/lospoliticosveracruz.com\/#organization"},"potentialAction":[{"@type":"SearchAction","target":{"@type":"EntryPoint","urlTemplate":"https:\/\/lospoliticosveracruz.com\/?s={search_term_string}"},"query-input":{"@type":"PropertyValueSpecification","valueRequired":true,"valueName":"search_term_string"}}],"inLanguage":"es"},{"@type":"Organization","@id":"https:\/\/lospoliticosveracruz.com\/#organization","name":"Los pol\u00edticos Veracruz","url":"https:\/\/lospoliticosveracruz.com\/","logo":{"@type":"ImageObject","inLanguage":"es","@id":"https:\/\/lospoliticosveracruz.com\/#\/schema\/logo\/image\/","url":"https:\/\/lospoliticosveracruz.com\/wp-content\/uploads\/2025\/12\/Logo-Nuevo-LOS-POLITICOS-1.jpg","contentUrl":"https:\/\/lospoliticosveracruz.com\/wp-content\/uploads\/2025\/12\/Logo-Nuevo-LOS-POLITICOS-1.jpg","width":260,"height":70,"caption":"Los pol\u00edticos Veracruz"},"image":{"@id":"https:\/\/lospoliticosveracruz.com\/#\/schema\/logo\/image\/"},"sameAs":["https:\/\/www.facebook.com\/people\/Notimemes-de-los-Polticos\/61565672886568\/","https:\/\/x.com\/LosPoliticosVer"]},{"@type":"Person","@id":"https:\/\/lospoliticosveracruz.com\/#\/schema\/person\/b8702bb0e538456e6efd07080bf2a4a2","name":"Lo viste en Los Pol\u00edticos","image":{"@type":"ImageObject","inLanguage":"es","@id":"https:\/\/secure.gravatar.com\/avatar\/3a8de04a2656d44082be478bd6c086daa447c4651605818287b9532d3d0bd435?s=96&d=mm&r=g","url":"https:\/\/secure.gravatar.com\/avatar\/3a8de04a2656d44082be478bd6c086daa447c4651605818287b9532d3d0bd435?s=96&d=mm&r=g","contentUrl":"https:\/\/secure.gravatar.com\/avatar\/3a8de04a2656d44082be478bd6c086daa447c4651605818287b9532d3d0bd435?s=96&d=mm&r=g","caption":"Lo viste en Los Pol\u00edticos"},"url":"https:\/\/lospoliticosveracruz.com\/?author=2"}]}},"_links":{"self":[{"href":"https:\/\/lospoliticosveracruz.com\/index.php?rest_route=\/wp\/v2\/posts\/66362","targetHints":{"allow":["GET"]}}],"collection":[{"href":"https:\/\/lospoliticosveracruz.com\/index.php?rest_route=\/wp\/v2\/posts"}],"about":[{"href":"https:\/\/lospoliticosveracruz.com\/index.php?rest_route=\/wp\/v2\/types\/post"}],"author":[{"embeddable":true,"href":"https:\/\/lospoliticosveracruz.com\/index.php?rest_route=\/wp\/v2\/users\/2"}],"replies":[{"embeddable":true,"href":"https:\/\/lospoliticosveracruz.com\/index.php?rest_route=%2Fwp%2Fv2%2Fcomments&post=66362"}],"version-history":[{"count":1,"href":"https:\/\/lospoliticosveracruz.com\/index.php?rest_route=\/wp\/v2\/posts\/66362\/revisions"}],"predecessor-version":[{"id":66364,"href":"https:\/\/lospoliticosveracruz.com\/index.php?rest_route=\/wp\/v2\/posts\/66362\/revisions\/66364"}],"wp:attachment":[{"href":"https:\/\/lospoliticosveracruz.com\/index.php?rest_route=%2Fwp%2Fv2%2Fmedia&parent=66362"}],"wp:term":[{"taxonomy":"category","embeddable":true,"href":"https:\/\/lospoliticosveracruz.com\/index.php?rest_route=%2Fwp%2Fv2%2Fcategories&post=66362"},{"taxonomy":"post_tag","embeddable":true,"href":"https:\/\/lospoliticosveracruz.com\/index.php?rest_route=%2Fwp%2Fv2%2Ftags&post=66362"}],"curies":[{"name":"wp","href":"https:\/\/api.w.org\/{rel}","templated":true}]}}