{"id":66365,"date":"2021-01-09T09:26:20","date_gmt":"2021-01-09T15:26:20","guid":{"rendered":"http:\/\/www.lospoliticosveracruz.com.mx\/?p=66365"},"modified":"2021-01-09T09:55:48","modified_gmt":"2021-01-09T15:55:48","slug":"efecto-titanic-en-morena","status":"publish","type":"post","link":"https:\/\/lospoliticosveracruz.com\/?p=66365","title":{"rendered":"Efecto Titanic en Morena"},"content":{"rendered":"<p><strong>Ricardo Ch\u00faa<\/strong><br \/>\n<em>Sale y Vale<\/em><\/p>\n<p>OJO&#8230; Nos cuenta \u00abGarganta Profunda\u00bb que el fallo que emiti\u00f3 el pasado mi\u00e9rcoles, el Tribunal Electoral de Veracruz sobre el caso de los 473 militantes adherentes del PAN, que hab\u00edan presentado un juicio sobre sus derechos pol\u00edticos en contra del comit\u00e9 nacional cuyo documento es TEV-JDC-657\/2020-INC-1 para que los reconociera como MIEMBROS ACTIVOS para votar en los pr\u00f3ximos procesos internos panistas en el puerto de Veracruz&#8230; Es una decisi\u00f3n jur\u00eddica con CAR\u00c1CTER DE IRREVOCABLE&#8230; Es decir, ya no se puede impugnar el fallo&#8230;<\/p>\n<p><a href=\"https:\/\/www.facebook.com\/notaria61veracruz\/\"><img decoding=\"async\" src=\"http:\/\/www.lospoliticosveracruz.com.mx\/wp-content\/uploads\/2020\/07\/CINTILLO-Armando.jpg\" alt=\"\" \/><\/a><\/p>\n<p>Con esto, esos militantes panistas porte\u00f1os, ahora miembros activos, tienen salvados sus derechos al interior del PAN para ejercer su voto en las contiendas internas para elegir candidatos a alcaldes, diputados locales y dirigentes municipales del partido&#8230; Ya que no hay otra instancia jur\u00eddica a la que puedan recurrir, alg\u00fan inconforme con el fallo, para que la echen para atr\u00e1s&#8230; As\u00ed de ca\u00f1\u00f3n&#8230; Lo volvemos a se\u00f1alar&#8230; El beneficiado con el tema de la inscripci\u00f3n de militantes, es el proyecto de Bingen Rementeria porque son personas identificadas con \u00e9l&#8230;<\/p>\n<p>Pero con esto, la presunta estrategia que ten\u00edan el grupo de \u00abLos Yunes Azules\u00bb de que la elecci\u00f3n interna para elegir candidato a alcalde fuera en el mes de febrero&#8230; Ya no le surti\u00f3 efecto con el fallo del TEV&#8230; Los Yunes apostaban a los tiempos para poder apuntalar la candidatura de Miguel \u00c1ngel junior&#8230; Pero con esto, se les sali\u00f3 de control la contienda interna porque ya no tienen el equilibrio de fuerzas&#8230; AMEN Y QUE SEA LO QUE DIOS QUIERA&#8230;<\/p>\n<p>EL FACTOR ARIAS EN VERACRUZ&#8230; Hay versiones al interior de MORENA en Veracruz&#8230; Que despu\u00e9s de las evidentes \u00abfracturas\u00bb de sus grupos pol\u00edticos y luchas internas entre personajes que manejan y los que pretender ejercer el control del comit\u00e9 estatal&#8230; Hay quienes estuvieron muy identificados con la 4T durante estos tres a\u00f1os en el poder pol\u00edtico federal y estatal&#8230; Y que son fuertes aspirantes a cargos de elecci\u00f3n popular (diputados y alcaldes) que ya est\u00e1n dudando en contender por las siglas del organismo&#8230;<\/p>\n<p>El motivo es sencillo, ya que hay tres situaciones a la que temen en demas\u00eda dentro de MORENA&#8230; La primera es que la sociedad, les d\u00e9 la espalda en 2021 en el proceso electoral y que no les refrende la victoria tal como sucedi\u00f3 en 2018, que en Veracruz, lo ganaron todo&#8230; El segundo punto es que la divisi\u00f3n al interior de Los Morenos, haga que los grupos no trabajen a la par en municipios y distritos, se creen m\u00e1s conflictos y eso conlleva a una derrota directa de los candidatos del partido de Andr\u00e9s Manuel L\u00f3pez Obrador&#8230;<\/p>\n<p>La tercera raz\u00f3n y la m\u00e1s poderosa, es la formaci\u00f3n de la alianza opositora de partidos pol\u00edticos (PRIANPRD), coalici\u00f3n que la sociedad que est\u00e1 contra del movimiento de la 4T acepta muy bien&#8230; No le est\u00e1 poniendo \u00abPEROS\u00bb en Veracruz&#8230; Y candidatos de oposici\u00f3n, que en otro proceso electoral y otras circunstancias, ser\u00edan IMPRESENTABLES, ahora sucede un efecto contrario&#8230; Al representar un proyecto distinto a AMLO votar\u00edan por ellos y ganar\u00edan la elecci\u00f3n a MORENA&#8230; Por eso, los otrora aliados Morenos ahora dudan&#8230;<\/p>\n<p>Los que saben de Ciencia y Sociolog\u00eda Pol\u00edtica se\u00f1alan que este efecto que le est\u00e1 pasando a MORENA, que sus aspirantes y aliados, ahora no quieran participar o duden en hacerlo como candidatos, es la misma situaci\u00f3n cuando dicen que \u00ablas ratas son las primeras en huir, cuando el barco se hunde\u00bb o el caso contrario sucede cuando los Morenos son \u00abcastigados\u00bb por su propio partido, al no postularlos como candidatos porque hay otros \u00abmejores\u00bb aspirantes&#8230; Les da ese nuevo \u00abs\u00edndrome\u00bb que se conoce \u00abEl Efecto Cristobal Arias\u00bb&#8230;<\/p>\n<p>Hay que recordar que Crist\u00f3bal Arias, es un senador de MORENA, que le fue impedido ser candidato a gobernador en Michoac\u00e1n, por pugnas con Mario Delgado y que por \u00abencuesta\u00bb le dieron la candidatura a otro personaje&#8230; Al otro d\u00eda, molesto y a punto de romper con este organismo, al legislador se le vio platicando y desayunando con dirigentes estatales de otros partidos de oposici\u00f3n, como el PRI&#8230; Y ahora, se presume que puede ser el candidato de la coalici\u00f3n del PRD-PRI-PAN en el estado&#8230; MICHOACANAZO&#8230;<\/p>\n<p>As\u00ed como el senador hay muchos personajes que le pueden seguir sus pasos en Veracruz&#8230; Y eso que Arias fue el primer senador del Frente Democr\u00e1tico Nacional (FDN) en 1988, junto con Porfirio Mu\u00f1oz Ledo e Ifigenia Mart\u00ednez, cuando Cuaht\u00e9moc C\u00e1rdenas fue el candidato Presidencial&#8230; Era cardenista, hasta que tuvo sus diferencias con \u00abEl Tata\u00bb y hasta all\u00ed lleg\u00f3 su cardenismo&#8230; As\u00ed tambi\u00e9n andan los \u00abaires jarochos\u00bb&#8230;<\/p>\n<p>Sobre todo, despu\u00e9s que MORENA cometi\u00f3 \u00aberrores garrafales\u00bb como partido&#8230; Al anunciar lo que podr\u00edan ser algunos de sus candidatos a diputados locales, federales y alcaldes, antes que se dieran a conocer, cu\u00e1les ser\u00edan los que postular\u00eda la alianza opositora&#8230; No esperaron para \u00abcachar los quiebres\u00bb de otros partidos&#8230; Y la oposici\u00f3n se las puede aplicar&#8230; A eso se le llama: NOVATEZ, en un sentido elegante, para no llamarlo de otra manera&#8230; \u00bfCu\u00e1ntos Crist\u00f3bal Arias habr\u00e1 en Veracruz?&#8230; AMEN..<\/p>\n<p>EL SUSTO&#8230; Vaya \u00abcalambre\u00bb que metieron al ex diputado local y ex regidor de Xalapa, Alfonso V\u00e1zquez Cuevas&#8230; Hermano del \u00abPipo\u00bb V\u00e1zquez Cuevas, ex l\u00edder estatal del PAN&#8230; Ya que presuntamente un grupo fuera de la ley&#8230; Lo llam\u00f3 para extorsionar y amenazar con da\u00f1arlo a \u00e9l o a su familia, si este no cumpl\u00eda sus peticiones o pago de \u00abderecho piso\u00bb&#8230; Situaci\u00f3n por la cual, el empresario acudi\u00f3 a la Fiscal\u00eda de Veracruz a presentar una denuncia de hechos, que qued\u00f3 asentada con n\u00famero UAT\/D-XI\/XAL\/6\/46\/2021&#8230;<\/p>\n<p>Con esto queda claro que estos delitos siguen a la alza en Veracruz&#8230; Y que personas que cuentan con un patrimonio, sean pol\u00edticos o no, son amenazados con las extorsiones de las que son objetos por presuntos delincuentes&#8230; Alfonso V\u00e1zquez en 2018 oper\u00f3 para MORENA en Xalapa y varios puntos del Estado en apoyo a Cuitl\u00e1huac Garc\u00eda, despu\u00e9s del proceso, se retir\u00f3 a sus negocios, por lo cual, ahora es extorsionado&#8230; Ya todo est\u00e1 en manos de la Fiscal, Ver\u00f3nica Hern\u00e1ndez&#8230;. Ojal\u00e1 y todo quede en amenazas&#8230; Es un perfil muy alto&#8230;<\/p>\n","protected":false},"excerpt":{"rendered":"<p>Ricardo Ch\u00faa Sale y Vale OJO&#8230; Nos cuenta \u00abGarganta Profunda\u00bb que el fallo que emiti\u00f3 el pasado mi\u00e9rcoles, el Tribunal Electoral de Veracruz sobre el caso de los 473 militantes adherentes del PAN, que hab\u00edan presentado un juicio sobre sus derechos pol\u00edticos en contra del comit\u00e9 nacional cuyo documento es TEV-JDC-657\/2020-INC-1 para que los reconociera [&hellip;]<\/p>\n","protected":false},"author":2,"featured_media":0,"comment_status":"open","ping_status":"open","sticky":false,"template":"","format":"standard","meta":{"tdm_status":"","tdm_grid_status":"","footnotes":""},"categories":[70],"tags":[17426,4989,7829,25033,12744,20706,7322,25034,18877,12596,6192,25035,266,24819,11193,8317,6753],"class_list":{"0":"post-66365","1":"post","2":"type-post","3":"status-publish","4":"format-standard","6":"category-de-opinion","7":"tag-4t","8":"tag-bingen-rementeria-molina","9":"tag-coalicion","10":"tag-contiendas-internas","11":"tag-cuarta-transformacion","12":"tag-derechos-politicos","13":"tag-division","14":"tag-eleccion-interna","15":"tag-frente-democratico-nacional","16":"tag-mario-delgado","17":"tag-miguel-angel-yunes-marque","18":"tag-morena-veracruz","19":"tag-pan","20":"tag-prianprd","21":"tag-proceso-electoral","22":"tag-tev","23":"tag-tribunal-electoral-de-veracruz"},"yoast_head":"<!-- This site is optimized with the Yoast SEO plugin v27.4 - https:\/\/yoast.com\/product\/yoast-seo-wordpress\/ -->\n<title>Efecto Titanic en Morena - Los pol\u00edticos Veracruz<\/title>\n<meta name=\"robots\" content=\"index, follow, max-snippet:-1, max-image-preview:large, max-video-preview:-1\" \/>\n<link rel=\"canonical\" href=\"https:\/\/lospoliticosveracruz.com\/?p=66365\" \/>\n<meta property=\"og:locale\" content=\"es_ES\" \/>\n<meta property=\"og:type\" content=\"article\" \/>\n<meta property=\"og:title\" content=\"Efecto Titanic en Morena - Los pol\u00edticos Veracruz\" \/>\n<meta property=\"og:description\" content=\"Ricardo Ch\u00faa Sale y Vale OJO&#8230; Nos cuenta \u00abGarganta Profunda\u00bb que el fallo que emiti\u00f3 el pasado mi\u00e9rcoles, el Tribunal Electoral de Veracruz sobre el caso de los 473 militantes adherentes del PAN, que hab\u00edan presentado un juicio sobre sus derechos pol\u00edticos en contra del comit\u00e9 nacional cuyo documento es TEV-JDC-657\/2020-INC-1 para que los reconociera [&hellip;]\" \/>\n<meta property=\"og:url\" content=\"https:\/\/lospoliticosveracruz.com\/?p=66365\" \/>\n<meta property=\"og:site_name\" content=\"Los pol\u00edticos Veracruz\" \/>\n<meta property=\"article:publisher\" content=\"https:\/\/www.facebook.com\/people\/Notimemes-de-los-Polticos\/61565672886568\/\" \/>\n<meta property=\"article:published_time\" content=\"2021-01-09T15:26:20+00:00\" \/>\n<meta property=\"article:modified_time\" content=\"2021-01-09T15:55:48+00:00\" \/>\n<meta property=\"og:image\" content=\"http:\/\/www.lospoliticosveracruz.com.mx\/wp-content\/uploads\/2020\/07\/CINTILLO-Armando.jpg\" \/>\n<meta name=\"author\" content=\"Lo viste en Los Pol\u00edticos\" \/>\n<meta name=\"twitter:card\" content=\"summary_large_image\" \/>\n<meta name=\"twitter:creator\" content=\"@LosPoliticosVer\" \/>\n<meta name=\"twitter:site\" content=\"@LosPoliticosVer\" \/>\n<meta name=\"twitter:label1\" content=\"Escrito por\" \/>\n\t<meta name=\"twitter:data1\" content=\"Lo viste en Los Pol\u00edticos\" \/>\n\t<meta name=\"twitter:label2\" content=\"Tiempo de lectura\" \/>\n\t<meta name=\"twitter:data2\" content=\"5 minutos\" \/>\n<script type=\"application\/ld+json\" class=\"yoast-schema-graph\">{\"@context\":\"https:\\\/\\\/schema.org\",\"@graph\":[{\"@type\":\"Article\",\"@id\":\"https:\\\/\\\/lospoliticosveracruz.com\\\/?p=66365#article\",\"isPartOf\":{\"@id\":\"https:\\\/\\\/lospoliticosveracruz.com\\\/?p=66365\"},\"author\":{\"name\":\"Lo viste en Los Pol\u00edticos\",\"@id\":\"https:\\\/\\\/lospoliticosveracruz.com\\\/#\\\/schema\\\/person\\\/b8702bb0e538456e6efd07080bf2a4a2\"},\"headline\":\"Efecto Titanic en Morena\",\"datePublished\":\"2021-01-09T15:26:20+00:00\",\"dateModified\":\"2021-01-09T15:55:48+00:00\",\"mainEntityOfPage\":{\"@id\":\"https:\\\/\\\/lospoliticosveracruz.com\\\/?p=66365\"},\"wordCount\":1100,\"commentCount\":0,\"publisher\":{\"@id\":\"https:\\\/\\\/lospoliticosveracruz.com\\\/#organization\"},\"image\":{\"@id\":\"https:\\\/\\\/lospoliticosveracruz.com\\\/?p=66365#primaryimage\"},\"thumbnailUrl\":\"http:\\\/\\\/www.lospoliticosveracruz.com.mx\\\/wp-content\\\/uploads\\\/2020\\\/07\\\/CINTILLO-Armando.jpg\",\"keywords\":[\"4T\",\"Bingen Rementer\u00eda Molina\",\"Coalici\u00f3n\",\"Contiendas internas\",\"Cuarta Transformaci\u00f3n\",\"Derechos pol\u00edticos\",\"Divisi\u00f3n\",\"Elecci\u00f3n interna\",\"Frente Democr\u00e1tico Nacional\",\"Mario Delgado\",\"Miguel \u00c1ngel Yunes M\u00e1rque\",\"Morena Veracruz\",\"PAN\",\"PRIANPRD\",\"proceso electoral\",\"TEV\",\"Tribunal Electoral de Veracruz\"],\"articleSection\":[\"De Opini\u00f3n\"],\"inLanguage\":\"es\",\"potentialAction\":[{\"@type\":\"CommentAction\",\"name\":\"Comment\",\"target\":[\"https:\\\/\\\/lospoliticosveracruz.com\\\/?p=66365#respond\"]}]},{\"@type\":\"WebPage\",\"@id\":\"https:\\\/\\\/lospoliticosveracruz.com\\\/?p=66365\",\"url\":\"https:\\\/\\\/lospoliticosveracruz.com\\\/?p=66365\",\"name\":\"Efecto Titanic en Morena - Los pol\u00edticos Veracruz\",\"isPartOf\":{\"@id\":\"https:\\\/\\\/lospoliticosveracruz.com\\\/#website\"},\"primaryImageOfPage\":{\"@id\":\"https:\\\/\\\/lospoliticosveracruz.com\\\/?p=66365#primaryimage\"},\"image\":{\"@id\":\"https:\\\/\\\/lospoliticosveracruz.com\\\/?p=66365#primaryimage\"},\"thumbnailUrl\":\"http:\\\/\\\/www.lospoliticosveracruz.com.mx\\\/wp-content\\\/uploads\\\/2020\\\/07\\\/CINTILLO-Armando.jpg\",\"datePublished\":\"2021-01-09T15:26:20+00:00\",\"dateModified\":\"2021-01-09T15:55:48+00:00\",\"breadcrumb\":{\"@id\":\"https:\\\/\\\/lospoliticosveracruz.com\\\/?p=66365#breadcrumb\"},\"inLanguage\":\"es\",\"potentialAction\":[{\"@type\":\"ReadAction\",\"target\":[\"https:\\\/\\\/lospoliticosveracruz.com\\\/?p=66365\"]}]},{\"@type\":\"ImageObject\",\"inLanguage\":\"es\",\"@id\":\"https:\\\/\\\/lospoliticosveracruz.com\\\/?p=66365#primaryimage\",\"url\":\"http:\\\/\\\/www.lospoliticosveracruz.com.mx\\\/wp-content\\\/uploads\\\/2020\\\/07\\\/CINTILLO-Armando.jpg\",\"contentUrl\":\"http:\\\/\\\/www.lospoliticosveracruz.com.mx\\\/wp-content\\\/uploads\\\/2020\\\/07\\\/CINTILLO-Armando.jpg\"},{\"@type\":\"BreadcrumbList\",\"@id\":\"https:\\\/\\\/lospoliticosveracruz.com\\\/?p=66365#breadcrumb\",\"itemListElement\":[{\"@type\":\"ListItem\",\"position\":1,\"name\":\"Portada\",\"item\":\"https:\\\/\\\/lospoliticosveracruz.com\\\/\"},{\"@type\":\"ListItem\",\"position\":2,\"name\":\"Efecto Titanic en Morena\"}]},{\"@type\":\"WebSite\",\"@id\":\"https:\\\/\\\/lospoliticosveracruz.com\\\/#website\",\"url\":\"https:\\\/\\\/lospoliticosveracruz.com\\\/\",\"name\":\"Los pol\u00edticos Veracruz\",\"description\":\"\",\"publisher\":{\"@id\":\"https:\\\/\\\/lospoliticosveracruz.com\\\/#organization\"},\"potentialAction\":[{\"@type\":\"SearchAction\",\"target\":{\"@type\":\"EntryPoint\",\"urlTemplate\":\"https:\\\/\\\/lospoliticosveracruz.com\\\/?s={search_term_string}\"},\"query-input\":{\"@type\":\"PropertyValueSpecification\",\"valueRequired\":true,\"valueName\":\"search_term_string\"}}],\"inLanguage\":\"es\"},{\"@type\":\"Organization\",\"@id\":\"https:\\\/\\\/lospoliticosveracruz.com\\\/#organization\",\"name\":\"Los pol\u00edticos Veracruz\",\"url\":\"https:\\\/\\\/lospoliticosveracruz.com\\\/\",\"logo\":{\"@type\":\"ImageObject\",\"inLanguage\":\"es\",\"@id\":\"https:\\\/\\\/lospoliticosveracruz.com\\\/#\\\/schema\\\/logo\\\/image\\\/\",\"url\":\"https:\\\/\\\/lospoliticosveracruz.com\\\/wp-content\\\/uploads\\\/2025\\\/12\\\/Logo-Nuevo-LOS-POLITICOS-1.jpg\",\"contentUrl\":\"https:\\\/\\\/lospoliticosveracruz.com\\\/wp-content\\\/uploads\\\/2025\\\/12\\\/Logo-Nuevo-LOS-POLITICOS-1.jpg\",\"width\":260,\"height\":70,\"caption\":\"Los pol\u00edticos Veracruz\"},\"image\":{\"@id\":\"https:\\\/\\\/lospoliticosveracruz.com\\\/#\\\/schema\\\/logo\\\/image\\\/\"},\"sameAs\":[\"https:\\\/\\\/www.facebook.com\\\/people\\\/Notimemes-de-los-Polticos\\\/61565672886568\\\/\",\"https:\\\/\\\/x.com\\\/LosPoliticosVer\"]},{\"@type\":\"Person\",\"@id\":\"https:\\\/\\\/lospoliticosveracruz.com\\\/#\\\/schema\\\/person\\\/b8702bb0e538456e6efd07080bf2a4a2\",\"name\":\"Lo viste en Los Pol\u00edticos\",\"image\":{\"@type\":\"ImageObject\",\"inLanguage\":\"es\",\"@id\":\"https:\\\/\\\/secure.gravatar.com\\\/avatar\\\/3a8de04a2656d44082be478bd6c086daa447c4651605818287b9532d3d0bd435?s=96&d=mm&r=g\",\"url\":\"https:\\\/\\\/secure.gravatar.com\\\/avatar\\\/3a8de04a2656d44082be478bd6c086daa447c4651605818287b9532d3d0bd435?s=96&d=mm&r=g\",\"contentUrl\":\"https:\\\/\\\/secure.gravatar.com\\\/avatar\\\/3a8de04a2656d44082be478bd6c086daa447c4651605818287b9532d3d0bd435?s=96&d=mm&r=g\",\"caption\":\"Lo viste en Los Pol\u00edticos\"},\"url\":\"https:\\\/\\\/lospoliticosveracruz.com\\\/?author=2\"}]}<\/script>\n<!-- \/ Yoast SEO plugin. -->","yoast_head_json":{"title":"Efecto Titanic en Morena - Los pol\u00edticos Veracruz","robots":{"index":"index","follow":"follow","max-snippet":"max-snippet:-1","max-image-preview":"max-image-preview:large","max-video-preview":"max-video-preview:-1"},"canonical":"https:\/\/lospoliticosveracruz.com\/?p=66365","og_locale":"es_ES","og_type":"article","og_title":"Efecto Titanic en Morena - Los pol\u00edticos Veracruz","og_description":"Ricardo Ch\u00faa Sale y Vale OJO&#8230; Nos cuenta \u00abGarganta Profunda\u00bb que el fallo que emiti\u00f3 el pasado mi\u00e9rcoles, el Tribunal Electoral de Veracruz sobre el caso de los 473 militantes adherentes del PAN, que hab\u00edan presentado un juicio sobre sus derechos pol\u00edticos en contra del comit\u00e9 nacional cuyo documento es TEV-JDC-657\/2020-INC-1 para que los reconociera [&hellip;]","og_url":"https:\/\/lospoliticosveracruz.com\/?p=66365","og_site_name":"Los pol\u00edticos Veracruz","article_publisher":"https:\/\/www.facebook.com\/people\/Notimemes-de-los-Polticos\/61565672886568\/","article_published_time":"2021-01-09T15:26:20+00:00","article_modified_time":"2021-01-09T15:55:48+00:00","og_image":[{"url":"http:\/\/www.lospoliticosveracruz.com.mx\/wp-content\/uploads\/2020\/07\/CINTILLO-Armando.jpg","type":"","width":"","height":""}],"author":"Lo viste en Los Pol\u00edticos","twitter_card":"summary_large_image","twitter_creator":"@LosPoliticosVer","twitter_site":"@LosPoliticosVer","twitter_misc":{"Escrito por":"Lo viste en Los Pol\u00edticos","Tiempo de lectura":"5 minutos"},"schema":{"@context":"https:\/\/schema.org","@graph":[{"@type":"Article","@id":"https:\/\/lospoliticosveracruz.com\/?p=66365#article","isPartOf":{"@id":"https:\/\/lospoliticosveracruz.com\/?p=66365"},"author":{"name":"Lo viste en Los Pol\u00edticos","@id":"https:\/\/lospoliticosveracruz.com\/#\/schema\/person\/b8702bb0e538456e6efd07080bf2a4a2"},"headline":"Efecto Titanic en Morena","datePublished":"2021-01-09T15:26:20+00:00","dateModified":"2021-01-09T15:55:48+00:00","mainEntityOfPage":{"@id":"https:\/\/lospoliticosveracruz.com\/?p=66365"},"wordCount":1100,"commentCount":0,"publisher":{"@id":"https:\/\/lospoliticosveracruz.com\/#organization"},"image":{"@id":"https:\/\/lospoliticosveracruz.com\/?p=66365#primaryimage"},"thumbnailUrl":"http:\/\/www.lospoliticosveracruz.com.mx\/wp-content\/uploads\/2020\/07\/CINTILLO-Armando.jpg","keywords":["4T","Bingen Rementer\u00eda Molina","Coalici\u00f3n","Contiendas internas","Cuarta Transformaci\u00f3n","Derechos pol\u00edticos","Divisi\u00f3n","Elecci\u00f3n interna","Frente Democr\u00e1tico Nacional","Mario Delgado","Miguel \u00c1ngel Yunes M\u00e1rque","Morena Veracruz","PAN","PRIANPRD","proceso electoral","TEV","Tribunal Electoral de Veracruz"],"articleSection":["De Opini\u00f3n"],"inLanguage":"es","potentialAction":[{"@type":"CommentAction","name":"Comment","target":["https:\/\/lospoliticosveracruz.com\/?p=66365#respond"]}]},{"@type":"WebPage","@id":"https:\/\/lospoliticosveracruz.com\/?p=66365","url":"https:\/\/lospoliticosveracruz.com\/?p=66365","name":"Efecto Titanic en Morena - Los pol\u00edticos Veracruz","isPartOf":{"@id":"https:\/\/lospoliticosveracruz.com\/#website"},"primaryImageOfPage":{"@id":"https:\/\/lospoliticosveracruz.com\/?p=66365#primaryimage"},"image":{"@id":"https:\/\/lospoliticosveracruz.com\/?p=66365#primaryimage"},"thumbnailUrl":"http:\/\/www.lospoliticosveracruz.com.mx\/wp-content\/uploads\/2020\/07\/CINTILLO-Armando.jpg","datePublished":"2021-01-09T15:26:20+00:00","dateModified":"2021-01-09T15:55:48+00:00","breadcrumb":{"@id":"https:\/\/lospoliticosveracruz.com\/?p=66365#breadcrumb"},"inLanguage":"es","potentialAction":[{"@type":"ReadAction","target":["https:\/\/lospoliticosveracruz.com\/?p=66365"]}]},{"@type":"ImageObject","inLanguage":"es","@id":"https:\/\/lospoliticosveracruz.com\/?p=66365#primaryimage","url":"http:\/\/www.lospoliticosveracruz.com.mx\/wp-content\/uploads\/2020\/07\/CINTILLO-Armando.jpg","contentUrl":"http:\/\/www.lospoliticosveracruz.com.mx\/wp-content\/uploads\/2020\/07\/CINTILLO-Armando.jpg"},{"@type":"BreadcrumbList","@id":"https:\/\/lospoliticosveracruz.com\/?p=66365#breadcrumb","itemListElement":[{"@type":"ListItem","position":1,"name":"Portada","item":"https:\/\/lospoliticosveracruz.com\/"},{"@type":"ListItem","position":2,"name":"Efecto Titanic en Morena"}]},{"@type":"WebSite","@id":"https:\/\/lospoliticosveracruz.com\/#website","url":"https:\/\/lospoliticosveracruz.com\/","name":"Los pol\u00edticos Veracruz","description":"","publisher":{"@id":"https:\/\/lospoliticosveracruz.com\/#organization"},"potentialAction":[{"@type":"SearchAction","target":{"@type":"EntryPoint","urlTemplate":"https:\/\/lospoliticosveracruz.com\/?s={search_term_string}"},"query-input":{"@type":"PropertyValueSpecification","valueRequired":true,"valueName":"search_term_string"}}],"inLanguage":"es"},{"@type":"Organization","@id":"https:\/\/lospoliticosveracruz.com\/#organization","name":"Los pol\u00edticos Veracruz","url":"https:\/\/lospoliticosveracruz.com\/","logo":{"@type":"ImageObject","inLanguage":"es","@id":"https:\/\/lospoliticosveracruz.com\/#\/schema\/logo\/image\/","url":"https:\/\/lospoliticosveracruz.com\/wp-content\/uploads\/2025\/12\/Logo-Nuevo-LOS-POLITICOS-1.jpg","contentUrl":"https:\/\/lospoliticosveracruz.com\/wp-content\/uploads\/2025\/12\/Logo-Nuevo-LOS-POLITICOS-1.jpg","width":260,"height":70,"caption":"Los pol\u00edticos Veracruz"},"image":{"@id":"https:\/\/lospoliticosveracruz.com\/#\/schema\/logo\/image\/"},"sameAs":["https:\/\/www.facebook.com\/people\/Notimemes-de-los-Polticos\/61565672886568\/","https:\/\/x.com\/LosPoliticosVer"]},{"@type":"Person","@id":"https:\/\/lospoliticosveracruz.com\/#\/schema\/person\/b8702bb0e538456e6efd07080bf2a4a2","name":"Lo viste en Los Pol\u00edticos","image":{"@type":"ImageObject","inLanguage":"es","@id":"https:\/\/secure.gravatar.com\/avatar\/3a8de04a2656d44082be478bd6c086daa447c4651605818287b9532d3d0bd435?s=96&d=mm&r=g","url":"https:\/\/secure.gravatar.com\/avatar\/3a8de04a2656d44082be478bd6c086daa447c4651605818287b9532d3d0bd435?s=96&d=mm&r=g","contentUrl":"https:\/\/secure.gravatar.com\/avatar\/3a8de04a2656d44082be478bd6c086daa447c4651605818287b9532d3d0bd435?s=96&d=mm&r=g","caption":"Lo viste en Los Pol\u00edticos"},"url":"https:\/\/lospoliticosveracruz.com\/?author=2"}]}},"_links":{"self":[{"href":"https:\/\/lospoliticosveracruz.com\/index.php?rest_route=\/wp\/v2\/posts\/66365","targetHints":{"allow":["GET"]}}],"collection":[{"href":"https:\/\/lospoliticosveracruz.com\/index.php?rest_route=\/wp\/v2\/posts"}],"about":[{"href":"https:\/\/lospoliticosveracruz.com\/index.php?rest_route=\/wp\/v2\/types\/post"}],"author":[{"embeddable":true,"href":"https:\/\/lospoliticosveracruz.com\/index.php?rest_route=\/wp\/v2\/users\/2"}],"replies":[{"embeddable":true,"href":"https:\/\/lospoliticosveracruz.com\/index.php?rest_route=%2Fwp%2Fv2%2Fcomments&post=66365"}],"version-history":[{"count":2,"href":"https:\/\/lospoliticosveracruz.com\/index.php?rest_route=\/wp\/v2\/posts\/66365\/revisions"}],"predecessor-version":[{"id":66372,"href":"https:\/\/lospoliticosveracruz.com\/index.php?rest_route=\/wp\/v2\/posts\/66365\/revisions\/66372"}],"wp:attachment":[{"href":"https:\/\/lospoliticosveracruz.com\/index.php?rest_route=%2Fwp%2Fv2%2Fmedia&parent=66365"}],"wp:term":[{"taxonomy":"category","embeddable":true,"href":"https:\/\/lospoliticosveracruz.com\/index.php?rest_route=%2Fwp%2Fv2%2Fcategories&post=66365"},{"taxonomy":"post_tag","embeddable":true,"href":"https:\/\/lospoliticosveracruz.com\/index.php?rest_route=%2Fwp%2Fv2%2Ftags&post=66365"}],"curies":[{"name":"wp","href":"https:\/\/api.w.org\/{rel}","templated":true}]}}