{"id":66403,"date":"2021-01-10T12:18:27","date_gmt":"2021-01-10T18:18:27","guid":{"rendered":"http:\/\/www.lospoliticosveracruz.com.mx\/?p=66403"},"modified":"2021-01-10T12:18:27","modified_gmt":"2021-01-10T18:18:27","slug":"acuerdos-ocultos-del-chapito-rompen-alianza","status":"publish","type":"post","link":"https:\/\/lospoliticosveracruz.com\/?p=66403","title":{"rendered":"Acuerdos ocultos del Chapito rompen alianza"},"content":{"rendered":"<p><strong>Posicionamiento del dirigente del PRD estatal, Sergio Cadena Mart\u00ednez<\/strong><\/p>\n<p>\u00abSe\u00f1oras y se\u00f1ores:<\/p>\n<p>Amigos de los medios de comunicaci\u00f3n:<\/p>\n<p>Veracruz vive una situaci\u00f3n cr\u00edtica. Se pierden empleos, quiebran negocios, la salud est\u00e1 en riesgo, mientras la incertidumbre, el miedo y la desesperanza se extienden por todo el territorio veracruzano.<\/p>\n<p>Vemos un gobierno fallido que no est\u00e1 a la altura de las necesidades de la sociedad, al no mejorar los indicadores de pobreza, de tranquilidad social o que garantice el desarrollo econ\u00f3mico que genere calidad de vida.<\/p>\n<p>Este contexto de crisis determin\u00f3 que las dirigencias de tres partidos pol\u00edticos, encontraran semejanzas y dieran forma a un frente pol\u00edtico com\u00fan, con una propuesta \u00fanica a la sociedad veracruzana para cambiar la situaci\u00f3n y trabajar a favor del buen gobierno y el bienestar social.<\/p>\n<p>Durante el segundo semestre de 2020, los dirigentes del PRI, del PAN y del PRD nos reunimos regularmente para analizar y construir una propuesta pol\u00edtica y social que rompiera con la inercia de un gobierno sin resultados.<\/p>\n<p>Las fuerzas partidistas caminaron en la coincidencia de objetivos y se resolvieron las diferencias de opini\u00f3n siempre pensando en Veracruz.<\/p>\n<p>Pero los acuerdos pol\u00edticos no se logran con posturas soberbias, pretendiendo imponer en la mesa decisiones necias e inamovibles.<\/p>\n<p>Estas conductas han enturbiado la ruta trazada de las negociaciones, al prevalecer una postura que solo privilegia intereses personales y de grupo partidista.<\/p>\n<p>El desd\u00e9n y la soberbia que ha mostrado la dirigencia panista ha dificultado la concreci\u00f3n de acuerdos.<\/p>\n<p>No se lucha contra un autoritarismo, permitiendo otro de caracter\u00edsticas semejantes. No podemos ofertar democracia a las y los veracruzanos si las posturas ego\u00edstas y las imposiciones son permitidas y toleradas por los aliados.<\/p>\n<p>La falta de compromiso y la imposici\u00f3n acaban con el m\u00ednimo de confianza para llegar a un acuerdo e incluso, dejan entrever que no se cumple con la palabra empe\u00f1ada porque est\u00e1n obligados a atender otros acuerdos ocultos.<\/p>\n<p>Es decepcionante que ahora el dirigente estatal del PAN, Joaqu\u00edn Guzm\u00e1n Avil\u00e9s, intente tergiversar las causas de una ruptura pol\u00edtica que el mismo gener\u00f3. Manifestar su buena fe y su disposici\u00f3n cuando no la ha habido, es de c\u00ednicos y mentirosos.<\/p>\n<p>Ante esta situaci\u00f3n, el Partido de la Revoluci\u00f3n Democr\u00e1tica refrenda su compromiso con las y los veracruzanos y reitera el llamado a construir un gran frente pol\u00edtico opositor, en alianza con el Partido Revolucionario Institucional.<\/p>\n<p>El PRD y el PRI continuaremos y reforzaremos el compromiso hist\u00f3rico de enfrentar y contener las intenciones de un poder pol\u00edtico autoritario que pretende destruir las instituciones que son contrapeso del gobierno y que recurre al encono que ha fracturado a la sociedad mexicana.<\/p>\n<p>Ambos partidos seguiremos caminando, convocando a la sociedad civil, a los grupos pol\u00edticos y a los sectores productivos a conformar un gran frente opositor con definiciones claras y objetivos comunes que se sumen al rescate de Veracruz.<\/p>\n<p>Expresamos nuestra convicci\u00f3n y nuestra entrega a la lucha que hemos asumido y que seguiremos adelante.<\/p>\n<p>&nbsp;<\/p>\n","protected":false},"excerpt":{"rendered":"<p>Posicionamiento del dirigente del PRD estatal, Sergio Cadena Mart\u00ednez \u00abSe\u00f1oras y se\u00f1ores: Amigos de los medios de comunicaci\u00f3n: Veracruz vive una situaci\u00f3n cr\u00edtica. Se pierden empleos, quiebran negocios, la salud est\u00e1 en riesgo, mientras la incertidumbre, el miedo y la desesperanza se extienden por todo el territorio veracruzano. Vemos un gobierno fallido que no est\u00e1 [&hellip;]<\/p>\n","protected":false},"author":2,"featured_media":0,"comment_status":"open","ping_status":"open","sticky":false,"template":"","format":"standard","meta":{"tdm_status":"","tdm_grid_status":"","footnotes":""},"categories":[73],"tags":[3199,3288,107,251,7887,195],"class_list":{"0":"post-66403","1":"post","2":"type-post","3":"status-publish","4":"format-standard","6":"category-de-boleto","7":"tag-alianza","8":"tag-joaquin-guzman-aviles","9":"tag-prd","10":"tag-pri","11":"tag-sergio-cadena-martinez","12":"tag-veracruz"},"yoast_head":"<!-- This site is optimized with the Yoast SEO plugin v28.1 - https:\/\/yoast.com\/product\/yoast-seo-wordpress\/ -->\n<title>Acuerdos ocultos del Chapito rompen alianza - Los pol\u00edticos Veracruz<\/title>\n<meta name=\"robots\" content=\"index, follow, max-snippet:-1, max-image-preview:large, max-video-preview:-1\" \/>\n<link rel=\"canonical\" href=\"https:\/\/lospoliticosveracruz.com\/?p=66403\" \/>\n<meta property=\"og:locale\" content=\"es_ES\" \/>\n<meta property=\"og:type\" content=\"article\" \/>\n<meta property=\"og:title\" content=\"Acuerdos ocultos del Chapito rompen alianza - Los pol\u00edticos Veracruz\" \/>\n<meta property=\"og:description\" content=\"Posicionamiento del dirigente del PRD estatal, Sergio Cadena Mart\u00ednez \u00abSe\u00f1oras y se\u00f1ores: Amigos de los medios de comunicaci\u00f3n: Veracruz vive una situaci\u00f3n cr\u00edtica. Se pierden empleos, quiebran negocios, la salud est\u00e1 en riesgo, mientras la incertidumbre, el miedo y la desesperanza se extienden por todo el territorio veracruzano. Vemos un gobierno fallido que no est\u00e1 [&hellip;]\" \/>\n<meta property=\"og:url\" content=\"https:\/\/lospoliticosveracruz.com\/?p=66403\" \/>\n<meta property=\"og:site_name\" content=\"Los pol\u00edticos Veracruz\" \/>\n<meta property=\"article:publisher\" content=\"https:\/\/www.facebook.com\/people\/Notimemes-de-los-Polticos\/61565672886568\/\" \/>\n<meta property=\"article:published_time\" content=\"2021-01-10T18:18:27+00:00\" \/>\n<meta property=\"og:image\" content=\"https:\/\/lospoliticosveracruz.com\/wp-content\/uploads\/2016\/07\/Logo-Dor.jpg\" \/>\n\t<meta property=\"og:image:width\" content=\"200\" \/>\n\t<meta property=\"og:image:height\" content=\"200\" \/>\n\t<meta property=\"og:image:type\" content=\"image\/jpeg\" \/>\n<meta name=\"author\" content=\"Lo viste en Los Pol\u00edticos\" \/>\n<meta name=\"twitter:card\" content=\"summary_large_image\" \/>\n<meta name=\"twitter:creator\" content=\"@LosPoliticosVer\" \/>\n<meta name=\"twitter:site\" content=\"@LosPoliticosVer\" \/>\n<meta name=\"twitter:label1\" content=\"Escrito por\" \/>\n\t<meta name=\"twitter:data1\" content=\"Lo viste en Los Pol\u00edticos\" \/>\n\t<meta name=\"twitter:label2\" content=\"Tiempo de lectura\" \/>\n\t<meta name=\"twitter:data2\" content=\"3 minutos\" \/>\n<script type=\"application\/ld+json\" class=\"yoast-schema-graph\">{\"@context\":\"https:\\\/\\\/schema.org\",\"@graph\":[{\"@type\":\"Article\",\"@id\":\"https:\\\/\\\/lospoliticosveracruz.com\\\/?p=66403#article\",\"isPartOf\":{\"@id\":\"https:\\\/\\\/lospoliticosveracruz.com\\\/?p=66403\"},\"author\":{\"name\":\"Lo viste en Los Pol\u00edticos\",\"@id\":\"https:\\\/\\\/lospoliticosveracruz.com\\\/#\\\/schema\\\/person\\\/b8702bb0e538456e6efd07080bf2a4a2\"},\"headline\":\"Acuerdos ocultos del Chapito rompen alianza\",\"datePublished\":\"2021-01-10T18:18:27+00:00\",\"mainEntityOfPage\":{\"@id\":\"https:\\\/\\\/lospoliticosveracruz.com\\\/?p=66403\"},\"wordCount\":533,\"commentCount\":0,\"publisher\":{\"@id\":\"https:\\\/\\\/lospoliticosveracruz.com\\\/#organization\"},\"keywords\":[\"alianza\",\"Joaqu\u00edn Guzm\u00e1n Avil\u00e9s\",\"PRD\",\"PRI\",\"Sergio Cadena Mart\u00ednez\",\"Veracruz\"],\"articleSection\":[\"De Boleto\"],\"inLanguage\":\"es\",\"potentialAction\":[{\"@type\":\"CommentAction\",\"name\":\"Comment\",\"target\":[\"https:\\\/\\\/lospoliticosveracruz.com\\\/?p=66403#respond\"]}]},{\"@type\":\"WebPage\",\"@id\":\"https:\\\/\\\/lospoliticosveracruz.com\\\/?p=66403\",\"url\":\"https:\\\/\\\/lospoliticosveracruz.com\\\/?p=66403\",\"name\":\"Acuerdos ocultos del Chapito rompen alianza - Los pol\u00edticos Veracruz\",\"isPartOf\":{\"@id\":\"https:\\\/\\\/lospoliticosveracruz.com\\\/#website\"},\"datePublished\":\"2021-01-10T18:18:27+00:00\",\"breadcrumb\":{\"@id\":\"https:\\\/\\\/lospoliticosveracruz.com\\\/?p=66403#breadcrumb\"},\"inLanguage\":\"es\",\"potentialAction\":[{\"@type\":\"ReadAction\",\"target\":[\"https:\\\/\\\/lospoliticosveracruz.com\\\/?p=66403\"]}]},{\"@type\":\"BreadcrumbList\",\"@id\":\"https:\\\/\\\/lospoliticosveracruz.com\\\/?p=66403#breadcrumb\",\"itemListElement\":[{\"@type\":\"ListItem\",\"position\":1,\"name\":\"Portada\",\"item\":\"https:\\\/\\\/lospoliticosveracruz.com\\\/\"},{\"@type\":\"ListItem\",\"position\":2,\"name\":\"Acuerdos ocultos del Chapito rompen alianza\"}]},{\"@type\":\"WebSite\",\"@id\":\"https:\\\/\\\/lospoliticosveracruz.com\\\/#website\",\"url\":\"https:\\\/\\\/lospoliticosveracruz.com\\\/\",\"name\":\"Los pol\u00edticos Veracruz\",\"description\":\"\",\"publisher\":{\"@id\":\"https:\\\/\\\/lospoliticosveracruz.com\\\/#organization\"},\"potentialAction\":[{\"@type\":\"SearchAction\",\"target\":{\"@type\":\"EntryPoint\",\"urlTemplate\":\"https:\\\/\\\/lospoliticosveracruz.com\\\/?s={search_term_string}\"},\"query-input\":{\"@type\":\"PropertyValueSpecification\",\"valueRequired\":true,\"valueName\":\"search_term_string\"}}],\"inLanguage\":\"es\"},{\"@type\":\"Organization\",\"@id\":\"https:\\\/\\\/lospoliticosveracruz.com\\\/#organization\",\"name\":\"Los pol\u00edticos Veracruz\",\"url\":\"https:\\\/\\\/lospoliticosveracruz.com\\\/\",\"logo\":{\"@type\":\"ImageObject\",\"inLanguage\":\"es\",\"@id\":\"https:\\\/\\\/lospoliticosveracruz.com\\\/#\\\/schema\\\/logo\\\/image\\\/\",\"url\":\"https:\\\/\\\/lospoliticosveracruz.com\\\/wp-content\\\/uploads\\\/2025\\\/12\\\/Logo-Nuevo-LOS-POLITICOS-1.jpg\",\"contentUrl\":\"https:\\\/\\\/lospoliticosveracruz.com\\\/wp-content\\\/uploads\\\/2025\\\/12\\\/Logo-Nuevo-LOS-POLITICOS-1.jpg\",\"width\":260,\"height\":70,\"caption\":\"Los pol\u00edticos Veracruz\"},\"image\":{\"@id\":\"https:\\\/\\\/lospoliticosveracruz.com\\\/#\\\/schema\\\/logo\\\/image\\\/\"},\"sameAs\":[\"https:\\\/\\\/www.facebook.com\\\/people\\\/Notimemes-de-los-Polticos\\\/61565672886568\\\/\",\"https:\\\/\\\/x.com\\\/LosPoliticosVer\"]},{\"@type\":\"Person\",\"@id\":\"https:\\\/\\\/lospoliticosveracruz.com\\\/#\\\/schema\\\/person\\\/b8702bb0e538456e6efd07080bf2a4a2\",\"name\":\"Lo viste en Los Pol\u00edticos\",\"image\":{\"@type\":\"ImageObject\",\"inLanguage\":\"es\",\"@id\":\"https:\\\/\\\/secure.gravatar.com\\\/avatar\\\/3a8de04a2656d44082be478bd6c086daa447c4651605818287b9532d3d0bd435?s=96&d=mm&r=g\",\"url\":\"https:\\\/\\\/secure.gravatar.com\\\/avatar\\\/3a8de04a2656d44082be478bd6c086daa447c4651605818287b9532d3d0bd435?s=96&d=mm&r=g\",\"contentUrl\":\"https:\\\/\\\/secure.gravatar.com\\\/avatar\\\/3a8de04a2656d44082be478bd6c086daa447c4651605818287b9532d3d0bd435?s=96&d=mm&r=g\",\"caption\":\"Lo viste en Los Pol\u00edticos\"},\"url\":\"https:\\\/\\\/lospoliticosveracruz.com\\\/?author=2\"}]}<\/script>\n<!-- \/ Yoast SEO plugin. -->","yoast_head_json":{"title":"Acuerdos ocultos del Chapito rompen alianza - Los pol\u00edticos Veracruz","robots":{"index":"index","follow":"follow","max-snippet":"max-snippet:-1","max-image-preview":"max-image-preview:large","max-video-preview":"max-video-preview:-1"},"canonical":"https:\/\/lospoliticosveracruz.com\/?p=66403","og_locale":"es_ES","og_type":"article","og_title":"Acuerdos ocultos del Chapito rompen alianza - Los pol\u00edticos Veracruz","og_description":"Posicionamiento del dirigente del PRD estatal, Sergio Cadena Mart\u00ednez \u00abSe\u00f1oras y se\u00f1ores: Amigos de los medios de comunicaci\u00f3n: Veracruz vive una situaci\u00f3n cr\u00edtica. Se pierden empleos, quiebran negocios, la salud est\u00e1 en riesgo, mientras la incertidumbre, el miedo y la desesperanza se extienden por todo el territorio veracruzano. Vemos un gobierno fallido que no est\u00e1 [&hellip;]","og_url":"https:\/\/lospoliticosveracruz.com\/?p=66403","og_site_name":"Los pol\u00edticos Veracruz","article_publisher":"https:\/\/www.facebook.com\/people\/Notimemes-de-los-Polticos\/61565672886568\/","article_published_time":"2021-01-10T18:18:27+00:00","og_image":[{"width":200,"height":200,"url":"https:\/\/lospoliticosveracruz.com\/wp-content\/uploads\/2016\/07\/Logo-Dor.jpg","type":"image\/jpeg"}],"author":"Lo viste en Los Pol\u00edticos","twitter_card":"summary_large_image","twitter_creator":"@LosPoliticosVer","twitter_site":"@LosPoliticosVer","twitter_misc":{"Escrito por":"Lo viste en Los Pol\u00edticos","Tiempo de lectura":"3 minutos"},"schema":{"@context":"https:\/\/schema.org","@graph":[{"@type":"Article","@id":"https:\/\/lospoliticosveracruz.com\/?p=66403#article","isPartOf":{"@id":"https:\/\/lospoliticosveracruz.com\/?p=66403"},"author":{"name":"Lo viste en Los Pol\u00edticos","@id":"https:\/\/lospoliticosveracruz.com\/#\/schema\/person\/b8702bb0e538456e6efd07080bf2a4a2"},"headline":"Acuerdos ocultos del Chapito rompen alianza","datePublished":"2021-01-10T18:18:27+00:00","mainEntityOfPage":{"@id":"https:\/\/lospoliticosveracruz.com\/?p=66403"},"wordCount":533,"commentCount":0,"publisher":{"@id":"https:\/\/lospoliticosveracruz.com\/#organization"},"keywords":["alianza","Joaqu\u00edn Guzm\u00e1n Avil\u00e9s","PRD","PRI","Sergio Cadena Mart\u00ednez","Veracruz"],"articleSection":["De Boleto"],"inLanguage":"es","potentialAction":[{"@type":"CommentAction","name":"Comment","target":["https:\/\/lospoliticosveracruz.com\/?p=66403#respond"]}]},{"@type":"WebPage","@id":"https:\/\/lospoliticosveracruz.com\/?p=66403","url":"https:\/\/lospoliticosveracruz.com\/?p=66403","name":"Acuerdos ocultos del Chapito rompen alianza - Los pol\u00edticos Veracruz","isPartOf":{"@id":"https:\/\/lospoliticosveracruz.com\/#website"},"datePublished":"2021-01-10T18:18:27+00:00","breadcrumb":{"@id":"https:\/\/lospoliticosveracruz.com\/?p=66403#breadcrumb"},"inLanguage":"es","potentialAction":[{"@type":"ReadAction","target":["https:\/\/lospoliticosveracruz.com\/?p=66403"]}]},{"@type":"BreadcrumbList","@id":"https:\/\/lospoliticosveracruz.com\/?p=66403#breadcrumb","itemListElement":[{"@type":"ListItem","position":1,"name":"Portada","item":"https:\/\/lospoliticosveracruz.com\/"},{"@type":"ListItem","position":2,"name":"Acuerdos ocultos del Chapito rompen alianza"}]},{"@type":"WebSite","@id":"https:\/\/lospoliticosveracruz.com\/#website","url":"https:\/\/lospoliticosveracruz.com\/","name":"Los pol\u00edticos Veracruz","description":"","publisher":{"@id":"https:\/\/lospoliticosveracruz.com\/#organization"},"potentialAction":[{"@type":"SearchAction","target":{"@type":"EntryPoint","urlTemplate":"https:\/\/lospoliticosveracruz.com\/?s={search_term_string}"},"query-input":{"@type":"PropertyValueSpecification","valueRequired":true,"valueName":"search_term_string"}}],"inLanguage":"es"},{"@type":"Organization","@id":"https:\/\/lospoliticosveracruz.com\/#organization","name":"Los pol\u00edticos Veracruz","url":"https:\/\/lospoliticosveracruz.com\/","logo":{"@type":"ImageObject","inLanguage":"es","@id":"https:\/\/lospoliticosveracruz.com\/#\/schema\/logo\/image\/","url":"https:\/\/lospoliticosveracruz.com\/wp-content\/uploads\/2025\/12\/Logo-Nuevo-LOS-POLITICOS-1.jpg","contentUrl":"https:\/\/lospoliticosveracruz.com\/wp-content\/uploads\/2025\/12\/Logo-Nuevo-LOS-POLITICOS-1.jpg","width":260,"height":70,"caption":"Los pol\u00edticos Veracruz"},"image":{"@id":"https:\/\/lospoliticosveracruz.com\/#\/schema\/logo\/image\/"},"sameAs":["https:\/\/www.facebook.com\/people\/Notimemes-de-los-Polticos\/61565672886568\/","https:\/\/x.com\/LosPoliticosVer"]},{"@type":"Person","@id":"https:\/\/lospoliticosveracruz.com\/#\/schema\/person\/b8702bb0e538456e6efd07080bf2a4a2","name":"Lo viste en Los Pol\u00edticos","image":{"@type":"ImageObject","inLanguage":"es","@id":"https:\/\/secure.gravatar.com\/avatar\/3a8de04a2656d44082be478bd6c086daa447c4651605818287b9532d3d0bd435?s=96&d=mm&r=g","url":"https:\/\/secure.gravatar.com\/avatar\/3a8de04a2656d44082be478bd6c086daa447c4651605818287b9532d3d0bd435?s=96&d=mm&r=g","contentUrl":"https:\/\/secure.gravatar.com\/avatar\/3a8de04a2656d44082be478bd6c086daa447c4651605818287b9532d3d0bd435?s=96&d=mm&r=g","caption":"Lo viste en Los Pol\u00edticos"},"url":"https:\/\/lospoliticosveracruz.com\/?author=2"}]}},"_links":{"self":[{"href":"https:\/\/lospoliticosveracruz.com\/index.php?rest_route=\/wp\/v2\/posts\/66403","targetHints":{"allow":["GET"]}}],"collection":[{"href":"https:\/\/lospoliticosveracruz.com\/index.php?rest_route=\/wp\/v2\/posts"}],"about":[{"href":"https:\/\/lospoliticosveracruz.com\/index.php?rest_route=\/wp\/v2\/types\/post"}],"author":[{"embeddable":true,"href":"https:\/\/lospoliticosveracruz.com\/index.php?rest_route=\/wp\/v2\/users\/2"}],"replies":[{"embeddable":true,"href":"https:\/\/lospoliticosveracruz.com\/index.php?rest_route=%2Fwp%2Fv2%2Fcomments&post=66403"}],"version-history":[{"count":1,"href":"https:\/\/lospoliticosveracruz.com\/index.php?rest_route=\/wp\/v2\/posts\/66403\/revisions"}],"predecessor-version":[{"id":66405,"href":"https:\/\/lospoliticosveracruz.com\/index.php?rest_route=\/wp\/v2\/posts\/66403\/revisions\/66405"}],"wp:attachment":[{"href":"https:\/\/lospoliticosveracruz.com\/index.php?rest_route=%2Fwp%2Fv2%2Fmedia&parent=66403"}],"wp:term":[{"taxonomy":"category","embeddable":true,"href":"https:\/\/lospoliticosveracruz.com\/index.php?rest_route=%2Fwp%2Fv2%2Fcategories&post=66403"},{"taxonomy":"post_tag","embeddable":true,"href":"https:\/\/lospoliticosveracruz.com\/index.php?rest_route=%2Fwp%2Fv2%2Ftags&post=66403"}],"curies":[{"name":"wp","href":"https:\/\/api.w.org\/{rel}","templated":true}]}}