{"id":66409,"date":"2021-01-10T12:43:33","date_gmt":"2021-01-10T18:43:33","guid":{"rendered":"http:\/\/www.lospoliticosveracruz.com.mx\/?p=66409"},"modified":"2021-01-10T12:43:33","modified_gmt":"2021-01-10T18:43:33","slug":"vamos-solos-prd-y-pri-marlon","status":"publish","type":"post","link":"https:\/\/lospoliticosveracruz.com\/?p=66409","title":{"rendered":"Vamos solos PRD y PRI: Marlon"},"content":{"rendered":"<p><strong>Posicionamiento de\u00a0Marlon Ram\u00edrez Mar\u00edn, presidente del\u00a0CDE del PRI\u00a0<\/strong><b>Veracruz<\/b><\/p>\n<p>\u00abQuiero puntualizar que: la justa proporci\u00f3n de lo que cada partido representa ante los ciudadanos de Veracruz, no est\u00e1 marcada en el porcentaje de m\u00e1ximos y m\u00ednimos hist\u00f3ricos de votaci\u00f3n, ni en los periodos en los que gobernantes gozaron de la plenitud del poder, con la participaci\u00f3n de partidos de oposici\u00f3n responsables, que acompa\u00f1aron lo que era bueno para Veracruz y para M\u00e9xico, y se opusieron a lo que no, sino en las voluntades regionales de quienes en vez de someterse a los caprichos de Palacio de Gobierno, han dado la cara por defender los ideales de un pa\u00eds con salud, libertades, con inversi\u00f3n privada, con empleo, con seguridad y programas sociales que no conviertan en clientela a los veracruzanos, sino que los ayuden a salir de los problemas como son: los desastres naturales, la desaceleraci\u00f3n econ\u00f3mica mundial, la de la debacle de la industria petrolera y la pandemia de Covid-19.<\/p>\n<p>Por eso, y para no interferir en los asuntos internos de quienes dentro de los partidos anteponen proyectos personales rumbo a la sucesi\u00f3n de gobernador en 2024, pensando en ellos y no en Veracruz, y queriendo inmiscuir a las dirigencias locales de los partidos que hemos sido generosas en nuestras propuestas y que suscribimos una alianza federal otorgando todas las ventajas a nuestros compa\u00f1eros de coalici\u00f3n, pidi\u00e9ndoles la oportunidad de compensar en lo local la participaci\u00f3n de nuestros cuadros ciudadanos y militantes, siendo \u00e9sta negada, le solicitamos con humildad a la dirigencia de Acci\u00f3n Nacional nos permita explorar la posibilidad de ir solo PRD y PRI en una alianza, que tenga la libertad de alzar la voz por los que no est\u00e1n de acuerdo con el Gobierno de M\u00e9xico y con el Gobierno de Veracruz, dar oportunidad a que los gobiernos locales, refrenden sus victorias, y en conjunto, los que somos revolucionarios, actuar como tal, y no con la sumisi\u00f3n de una oposici\u00f3n que m\u00e1s pareciera una simple suposici\u00f3n.<\/p>\n<p><strong>Amigas y Amigos:<\/strong><\/p>\n<p>La Dirigencia del PRI en Veracruz, ha sido clara desde un inicio, en\u00a0 su activismo a favor de la alianza, con la claridad de que no le vamos a regatear a Veracruz, la posibilidad de contar con un gobierno preparado, que d\u00e9 soluciones y no solo pretextos, por lo que iniciamos la defensa de nuestra democracia estatal, convocando con humildad y sencillez a las dos fuerzas pol\u00edticas con mayor arraigo y estructura en el estado, para que juntos logr\u00e1ramos evitar el fraude electoral institucional, impulsado desde Palacio de Gobierno, y operado por la mayor\u00eda legislativa en turno, y lo logramos, y a su vez, acudimos al encuentro de la alianza que ocup\u00f3 el segundo sitio en las elecciones pr\u00f3ximas anteriores, no por hacer cuentas alegres con los votos obtenidos porque la pol\u00edtica no es, va siendo, y ninguna elecci\u00f3n es igual a otra, <strong>sino por considerar que sus cuadros mujeres y hombres son valiosos porque representaban a la oposici\u00f3n en Veracruz<\/strong>, y as\u00ed logramos horas de negociaci\u00f3n, y momentos que sin duda fueron agradables y hoy son an\u00e9cdota.<\/p>\n<p><strong>Como Presidente Estatal del PRI, yo conozco las presiones a las que estamos expuestos,<\/strong> <strong>porque el PRI es un partido que gobern\u00f3 m\u00e1s de 80 a\u00f1os este estado<\/strong>, <strong>y que cuenta en su historia con cuadros pol\u00edticos que han nutrido otras expresiones partidarias, incluso, al grado de llevar a una de ellas a la victoria electoral, y por primera vez ganar la gubernatura de Veracruz<\/strong>, <strong>por ejemplo; pero como esa fuerza, dentro del PRI, existen distintas fuerzas que en una elecci\u00f3n leg\u00edtima, me dieron la oportunidad de conducir el partido, y que hoy, pueden no estar totalmente de acuerdo, con mis decisiones, sin embargo las respetan, porque nos caracteriza la institucionalidad y es a ellos a quienes les tendr\u00e9 que dar cuenta, de la amplia disposici\u00f3n de este partido para construir con la derecha y con la izquierda, al grado de ceder al m\u00e1ximo, sin posiciones irreductibles,<\/strong> <strong>pero respetando nuestras fortalezas regionales de las que ya les habl\u00e9<\/strong>.<\/p>\n<p><strong>Es por ello que celebro y agradezco de manera franca y sincera el acompa\u00f1amiento que hasta hoy nos dio el doctor Joaqu\u00edn Guzm\u00e1n Avil\u00e9s, dirigente estatal del PAN a quien desde este espacio env\u00edo un saludo y mi cari\u00f1o en lo personal, y reitero mi compromiso pol\u00edtico como dirigente del PRI en el estado con mi compa\u00f1ero y amigo, Lic. Sergio Cadena Mart\u00ednez, dirigente estatal del PRD, con quien el d\u00eda de hoy presentamos una alternativa revolucionaria para los veracruzanos, a la cual, a\u00fan y hasta que lo permita la ley, pueden sumarse otros partidos pol\u00edticos e inclusive, de existir una reflexi\u00f3n, y entendimiento al interior de lo que necesita hoy Veracruz, el mismo Acci\u00f3n Nacional\u00bb.<\/strong><\/p>\n","protected":false},"excerpt":{"rendered":"<p>Posicionamiento de\u00a0Marlon Ram\u00edrez Mar\u00edn, presidente del\u00a0CDE del PRI\u00a0Veracruz \u00abQuiero puntualizar que: la justa proporci\u00f3n de lo que cada partido representa ante los ciudadanos de Veracruz, no est\u00e1 marcada en el porcentaje de m\u00e1ximos y m\u00ednimos hist\u00f3ricos de votaci\u00f3n, ni en los periodos en los que gobernantes gozaron de la plenitud del poder, con la participaci\u00f3n [&hellip;]<\/p>\n","protected":false},"author":2,"featured_media":0,"comment_status":"open","ping_status":"open","sticky":false,"template":"","format":"standard","meta":{"tdm_status":"","tdm_grid_status":"","footnotes":""},"categories":[73],"tags":[3199,3288,2908,266,107,251,7887,195],"class_list":{"0":"post-66409","1":"post","2":"type-post","3":"status-publish","4":"format-standard","6":"category-de-boleto","7":"tag-alianza","8":"tag-joaquin-guzman-aviles","9":"tag-marlon-ramirez-marin","10":"tag-pan","11":"tag-prd","12":"tag-pri","13":"tag-sergio-cadena-martinez","14":"tag-veracruz"},"yoast_head":"<!-- This site is optimized with the Yoast SEO plugin v27.4 - https:\/\/yoast.com\/product\/yoast-seo-wordpress\/ -->\n<title>Vamos solos PRD y PRI: Marlon - Los pol\u00edticos Veracruz<\/title>\n<meta name=\"robots\" content=\"index, follow, max-snippet:-1, max-image-preview:large, max-video-preview:-1\" \/>\n<link rel=\"canonical\" href=\"https:\/\/lospoliticosveracruz.com\/?p=66409\" \/>\n<meta property=\"og:locale\" content=\"es_ES\" \/>\n<meta property=\"og:type\" content=\"article\" \/>\n<meta property=\"og:title\" content=\"Vamos solos PRD y PRI: Marlon - Los pol\u00edticos Veracruz\" \/>\n<meta property=\"og:description\" content=\"Posicionamiento de\u00a0Marlon Ram\u00edrez Mar\u00edn, presidente del\u00a0CDE del PRI\u00a0Veracruz \u00abQuiero puntualizar que: la justa proporci\u00f3n de lo que cada partido representa ante los ciudadanos de Veracruz, no est\u00e1 marcada en el porcentaje de m\u00e1ximos y m\u00ednimos hist\u00f3ricos de votaci\u00f3n, ni en los periodos en los que gobernantes gozaron de la plenitud del poder, con la participaci\u00f3n [&hellip;]\" \/>\n<meta property=\"og:url\" content=\"https:\/\/lospoliticosveracruz.com\/?p=66409\" \/>\n<meta property=\"og:site_name\" content=\"Los pol\u00edticos Veracruz\" \/>\n<meta property=\"article:publisher\" content=\"https:\/\/www.facebook.com\/people\/Notimemes-de-los-Polticos\/61565672886568\/\" \/>\n<meta property=\"article:published_time\" content=\"2021-01-10T18:43:33+00:00\" \/>\n<meta property=\"og:image\" content=\"https:\/\/lospoliticosveracruz.com\/wp-content\/uploads\/2016\/07\/Logo-Dor.jpg\" \/>\n\t<meta property=\"og:image:width\" content=\"200\" \/>\n\t<meta property=\"og:image:height\" content=\"200\" \/>\n\t<meta property=\"og:image:type\" content=\"image\/jpeg\" \/>\n<meta name=\"author\" content=\"Lo viste en Los Pol\u00edticos\" \/>\n<meta name=\"twitter:card\" content=\"summary_large_image\" \/>\n<meta name=\"twitter:creator\" content=\"@LosPoliticosVer\" \/>\n<meta name=\"twitter:site\" content=\"@LosPoliticosVer\" \/>\n<meta name=\"twitter:label1\" content=\"Escrito por\" \/>\n\t<meta name=\"twitter:data1\" content=\"Lo viste en Los Pol\u00edticos\" \/>\n\t<meta name=\"twitter:label2\" content=\"Tiempo de lectura\" \/>\n\t<meta name=\"twitter:data2\" content=\"4 minutos\" \/>\n<script type=\"application\/ld+json\" class=\"yoast-schema-graph\">{\"@context\":\"https:\\\/\\\/schema.org\",\"@graph\":[{\"@type\":\"Article\",\"@id\":\"https:\\\/\\\/lospoliticosveracruz.com\\\/?p=66409#article\",\"isPartOf\":{\"@id\":\"https:\\\/\\\/lospoliticosveracruz.com\\\/?p=66409\"},\"author\":{\"name\":\"Lo viste en Los Pol\u00edticos\",\"@id\":\"https:\\\/\\\/lospoliticosveracruz.com\\\/#\\\/schema\\\/person\\\/b8702bb0e538456e6efd07080bf2a4a2\"},\"headline\":\"Vamos solos PRD y PRI: Marlon\",\"datePublished\":\"2021-01-10T18:43:33+00:00\",\"mainEntityOfPage\":{\"@id\":\"https:\\\/\\\/lospoliticosveracruz.com\\\/?p=66409\"},\"wordCount\":847,\"commentCount\":0,\"publisher\":{\"@id\":\"https:\\\/\\\/lospoliticosveracruz.com\\\/#organization\"},\"keywords\":[\"alianza\",\"Joaqu\u00edn Guzm\u00e1n Avil\u00e9s\",\"Marlon Ram\u00edrez Mar\u00edn\",\"PAN\",\"PRD\",\"PRI\",\"Sergio Cadena Mart\u00ednez\",\"Veracruz\"],\"articleSection\":[\"De Boleto\"],\"inLanguage\":\"es\",\"potentialAction\":[{\"@type\":\"CommentAction\",\"name\":\"Comment\",\"target\":[\"https:\\\/\\\/lospoliticosveracruz.com\\\/?p=66409#respond\"]}]},{\"@type\":\"WebPage\",\"@id\":\"https:\\\/\\\/lospoliticosveracruz.com\\\/?p=66409\",\"url\":\"https:\\\/\\\/lospoliticosveracruz.com\\\/?p=66409\",\"name\":\"Vamos solos PRD y PRI: Marlon - Los pol\u00edticos Veracruz\",\"isPartOf\":{\"@id\":\"https:\\\/\\\/lospoliticosveracruz.com\\\/#website\"},\"datePublished\":\"2021-01-10T18:43:33+00:00\",\"breadcrumb\":{\"@id\":\"https:\\\/\\\/lospoliticosveracruz.com\\\/?p=66409#breadcrumb\"},\"inLanguage\":\"es\",\"potentialAction\":[{\"@type\":\"ReadAction\",\"target\":[\"https:\\\/\\\/lospoliticosveracruz.com\\\/?p=66409\"]}]},{\"@type\":\"BreadcrumbList\",\"@id\":\"https:\\\/\\\/lospoliticosveracruz.com\\\/?p=66409#breadcrumb\",\"itemListElement\":[{\"@type\":\"ListItem\",\"position\":1,\"name\":\"Portada\",\"item\":\"https:\\\/\\\/lospoliticosveracruz.com\\\/\"},{\"@type\":\"ListItem\",\"position\":2,\"name\":\"Vamos solos PRD y PRI: Marlon\"}]},{\"@type\":\"WebSite\",\"@id\":\"https:\\\/\\\/lospoliticosveracruz.com\\\/#website\",\"url\":\"https:\\\/\\\/lospoliticosveracruz.com\\\/\",\"name\":\"Los pol\u00edticos Veracruz\",\"description\":\"\",\"publisher\":{\"@id\":\"https:\\\/\\\/lospoliticosveracruz.com\\\/#organization\"},\"potentialAction\":[{\"@type\":\"SearchAction\",\"target\":{\"@type\":\"EntryPoint\",\"urlTemplate\":\"https:\\\/\\\/lospoliticosveracruz.com\\\/?s={search_term_string}\"},\"query-input\":{\"@type\":\"PropertyValueSpecification\",\"valueRequired\":true,\"valueName\":\"search_term_string\"}}],\"inLanguage\":\"es\"},{\"@type\":\"Organization\",\"@id\":\"https:\\\/\\\/lospoliticosveracruz.com\\\/#organization\",\"name\":\"Los pol\u00edticos Veracruz\",\"url\":\"https:\\\/\\\/lospoliticosveracruz.com\\\/\",\"logo\":{\"@type\":\"ImageObject\",\"inLanguage\":\"es\",\"@id\":\"https:\\\/\\\/lospoliticosveracruz.com\\\/#\\\/schema\\\/logo\\\/image\\\/\",\"url\":\"https:\\\/\\\/lospoliticosveracruz.com\\\/wp-content\\\/uploads\\\/2025\\\/12\\\/Logo-Nuevo-LOS-POLITICOS-1.jpg\",\"contentUrl\":\"https:\\\/\\\/lospoliticosveracruz.com\\\/wp-content\\\/uploads\\\/2025\\\/12\\\/Logo-Nuevo-LOS-POLITICOS-1.jpg\",\"width\":260,\"height\":70,\"caption\":\"Los pol\u00edticos Veracruz\"},\"image\":{\"@id\":\"https:\\\/\\\/lospoliticosveracruz.com\\\/#\\\/schema\\\/logo\\\/image\\\/\"},\"sameAs\":[\"https:\\\/\\\/www.facebook.com\\\/people\\\/Notimemes-de-los-Polticos\\\/61565672886568\\\/\",\"https:\\\/\\\/x.com\\\/LosPoliticosVer\"]},{\"@type\":\"Person\",\"@id\":\"https:\\\/\\\/lospoliticosveracruz.com\\\/#\\\/schema\\\/person\\\/b8702bb0e538456e6efd07080bf2a4a2\",\"name\":\"Lo viste en Los Pol\u00edticos\",\"image\":{\"@type\":\"ImageObject\",\"inLanguage\":\"es\",\"@id\":\"https:\\\/\\\/secure.gravatar.com\\\/avatar\\\/3a8de04a2656d44082be478bd6c086daa447c4651605818287b9532d3d0bd435?s=96&d=mm&r=g\",\"url\":\"https:\\\/\\\/secure.gravatar.com\\\/avatar\\\/3a8de04a2656d44082be478bd6c086daa447c4651605818287b9532d3d0bd435?s=96&d=mm&r=g\",\"contentUrl\":\"https:\\\/\\\/secure.gravatar.com\\\/avatar\\\/3a8de04a2656d44082be478bd6c086daa447c4651605818287b9532d3d0bd435?s=96&d=mm&r=g\",\"caption\":\"Lo viste en Los Pol\u00edticos\"},\"url\":\"https:\\\/\\\/lospoliticosveracruz.com\\\/?author=2\"}]}<\/script>\n<!-- \/ Yoast SEO plugin. -->","yoast_head_json":{"title":"Vamos solos PRD y PRI: Marlon - Los pol\u00edticos Veracruz","robots":{"index":"index","follow":"follow","max-snippet":"max-snippet:-1","max-image-preview":"max-image-preview:large","max-video-preview":"max-video-preview:-1"},"canonical":"https:\/\/lospoliticosveracruz.com\/?p=66409","og_locale":"es_ES","og_type":"article","og_title":"Vamos solos PRD y PRI: Marlon - Los pol\u00edticos Veracruz","og_description":"Posicionamiento de\u00a0Marlon Ram\u00edrez Mar\u00edn, presidente del\u00a0CDE del PRI\u00a0Veracruz \u00abQuiero puntualizar que: la justa proporci\u00f3n de lo que cada partido representa ante los ciudadanos de Veracruz, no est\u00e1 marcada en el porcentaje de m\u00e1ximos y m\u00ednimos hist\u00f3ricos de votaci\u00f3n, ni en los periodos en los que gobernantes gozaron de la plenitud del poder, con la participaci\u00f3n [&hellip;]","og_url":"https:\/\/lospoliticosveracruz.com\/?p=66409","og_site_name":"Los pol\u00edticos Veracruz","article_publisher":"https:\/\/www.facebook.com\/people\/Notimemes-de-los-Polticos\/61565672886568\/","article_published_time":"2021-01-10T18:43:33+00:00","og_image":[{"width":200,"height":200,"url":"https:\/\/lospoliticosveracruz.com\/wp-content\/uploads\/2016\/07\/Logo-Dor.jpg","type":"image\/jpeg"}],"author":"Lo viste en Los Pol\u00edticos","twitter_card":"summary_large_image","twitter_creator":"@LosPoliticosVer","twitter_site":"@LosPoliticosVer","twitter_misc":{"Escrito por":"Lo viste en Los Pol\u00edticos","Tiempo de lectura":"4 minutos"},"schema":{"@context":"https:\/\/schema.org","@graph":[{"@type":"Article","@id":"https:\/\/lospoliticosveracruz.com\/?p=66409#article","isPartOf":{"@id":"https:\/\/lospoliticosveracruz.com\/?p=66409"},"author":{"name":"Lo viste en Los Pol\u00edticos","@id":"https:\/\/lospoliticosveracruz.com\/#\/schema\/person\/b8702bb0e538456e6efd07080bf2a4a2"},"headline":"Vamos solos PRD y PRI: Marlon","datePublished":"2021-01-10T18:43:33+00:00","mainEntityOfPage":{"@id":"https:\/\/lospoliticosveracruz.com\/?p=66409"},"wordCount":847,"commentCount":0,"publisher":{"@id":"https:\/\/lospoliticosveracruz.com\/#organization"},"keywords":["alianza","Joaqu\u00edn Guzm\u00e1n Avil\u00e9s","Marlon Ram\u00edrez Mar\u00edn","PAN","PRD","PRI","Sergio Cadena Mart\u00ednez","Veracruz"],"articleSection":["De Boleto"],"inLanguage":"es","potentialAction":[{"@type":"CommentAction","name":"Comment","target":["https:\/\/lospoliticosveracruz.com\/?p=66409#respond"]}]},{"@type":"WebPage","@id":"https:\/\/lospoliticosveracruz.com\/?p=66409","url":"https:\/\/lospoliticosveracruz.com\/?p=66409","name":"Vamos solos PRD y PRI: Marlon - Los pol\u00edticos Veracruz","isPartOf":{"@id":"https:\/\/lospoliticosveracruz.com\/#website"},"datePublished":"2021-01-10T18:43:33+00:00","breadcrumb":{"@id":"https:\/\/lospoliticosveracruz.com\/?p=66409#breadcrumb"},"inLanguage":"es","potentialAction":[{"@type":"ReadAction","target":["https:\/\/lospoliticosveracruz.com\/?p=66409"]}]},{"@type":"BreadcrumbList","@id":"https:\/\/lospoliticosveracruz.com\/?p=66409#breadcrumb","itemListElement":[{"@type":"ListItem","position":1,"name":"Portada","item":"https:\/\/lospoliticosveracruz.com\/"},{"@type":"ListItem","position":2,"name":"Vamos solos PRD y PRI: Marlon"}]},{"@type":"WebSite","@id":"https:\/\/lospoliticosveracruz.com\/#website","url":"https:\/\/lospoliticosveracruz.com\/","name":"Los pol\u00edticos Veracruz","description":"","publisher":{"@id":"https:\/\/lospoliticosveracruz.com\/#organization"},"potentialAction":[{"@type":"SearchAction","target":{"@type":"EntryPoint","urlTemplate":"https:\/\/lospoliticosveracruz.com\/?s={search_term_string}"},"query-input":{"@type":"PropertyValueSpecification","valueRequired":true,"valueName":"search_term_string"}}],"inLanguage":"es"},{"@type":"Organization","@id":"https:\/\/lospoliticosveracruz.com\/#organization","name":"Los pol\u00edticos Veracruz","url":"https:\/\/lospoliticosveracruz.com\/","logo":{"@type":"ImageObject","inLanguage":"es","@id":"https:\/\/lospoliticosveracruz.com\/#\/schema\/logo\/image\/","url":"https:\/\/lospoliticosveracruz.com\/wp-content\/uploads\/2025\/12\/Logo-Nuevo-LOS-POLITICOS-1.jpg","contentUrl":"https:\/\/lospoliticosveracruz.com\/wp-content\/uploads\/2025\/12\/Logo-Nuevo-LOS-POLITICOS-1.jpg","width":260,"height":70,"caption":"Los pol\u00edticos Veracruz"},"image":{"@id":"https:\/\/lospoliticosveracruz.com\/#\/schema\/logo\/image\/"},"sameAs":["https:\/\/www.facebook.com\/people\/Notimemes-de-los-Polticos\/61565672886568\/","https:\/\/x.com\/LosPoliticosVer"]},{"@type":"Person","@id":"https:\/\/lospoliticosveracruz.com\/#\/schema\/person\/b8702bb0e538456e6efd07080bf2a4a2","name":"Lo viste en Los Pol\u00edticos","image":{"@type":"ImageObject","inLanguage":"es","@id":"https:\/\/secure.gravatar.com\/avatar\/3a8de04a2656d44082be478bd6c086daa447c4651605818287b9532d3d0bd435?s=96&d=mm&r=g","url":"https:\/\/secure.gravatar.com\/avatar\/3a8de04a2656d44082be478bd6c086daa447c4651605818287b9532d3d0bd435?s=96&d=mm&r=g","contentUrl":"https:\/\/secure.gravatar.com\/avatar\/3a8de04a2656d44082be478bd6c086daa447c4651605818287b9532d3d0bd435?s=96&d=mm&r=g","caption":"Lo viste en Los Pol\u00edticos"},"url":"https:\/\/lospoliticosveracruz.com\/?author=2"}]}},"_links":{"self":[{"href":"https:\/\/lospoliticosveracruz.com\/index.php?rest_route=\/wp\/v2\/posts\/66409","targetHints":{"allow":["GET"]}}],"collection":[{"href":"https:\/\/lospoliticosveracruz.com\/index.php?rest_route=\/wp\/v2\/posts"}],"about":[{"href":"https:\/\/lospoliticosveracruz.com\/index.php?rest_route=\/wp\/v2\/types\/post"}],"author":[{"embeddable":true,"href":"https:\/\/lospoliticosveracruz.com\/index.php?rest_route=\/wp\/v2\/users\/2"}],"replies":[{"embeddable":true,"href":"https:\/\/lospoliticosveracruz.com\/index.php?rest_route=%2Fwp%2Fv2%2Fcomments&post=66409"}],"version-history":[{"count":1,"href":"https:\/\/lospoliticosveracruz.com\/index.php?rest_route=\/wp\/v2\/posts\/66409\/revisions"}],"predecessor-version":[{"id":66411,"href":"https:\/\/lospoliticosveracruz.com\/index.php?rest_route=\/wp\/v2\/posts\/66409\/revisions\/66411"}],"wp:attachment":[{"href":"https:\/\/lospoliticosveracruz.com\/index.php?rest_route=%2Fwp%2Fv2%2Fmedia&parent=66409"}],"wp:term":[{"taxonomy":"category","embeddable":true,"href":"https:\/\/lospoliticosveracruz.com\/index.php?rest_route=%2Fwp%2Fv2%2Fcategories&post=66409"},{"taxonomy":"post_tag","embeddable":true,"href":"https:\/\/lospoliticosveracruz.com\/index.php?rest_route=%2Fwp%2Fv2%2Ftags&post=66409"}],"curies":[{"name":"wp","href":"https:\/\/api.w.org\/{rel}","templated":true}]}}