{"id":66421,"date":"2021-01-10T18:17:43","date_gmt":"2021-01-11T00:17:43","guid":{"rendered":"http:\/\/www.lospoliticosveracruz.com.mx\/?p=66421"},"modified":"2021-01-10T18:17:43","modified_gmt":"2021-01-11T00:17:43","slug":"cita-chapito-al-pri-y-prd-para-reiniciar-dialogo","status":"publish","type":"post","link":"https:\/\/lospoliticosveracruz.com\/?p=66421","title":{"rendered":"Cita Chapito al PRI y PRD para reiniciar di\u00e1logo"},"content":{"rendered":"<div class=\"page\" title=\"Page 1\">\n<div class=\"layoutArea\">\n<div class=\"column\">\n<p><strong>Comunicado Comit\u00e9 Directivo Estatal PAN Veracruz<\/strong><\/p>\n<p>En Acci\u00f3n Nacional celebramos que el PRI y el PRD hayan encontrado las prontas coincidencias que los llevaron a anunciar una alianza entre si, nada les deseamos m\u00e1s que esto fructifique en el bien de Veracruz.<\/p>\n<p>En Acci\u00f3n Nacional compartimos el mismo inter\u00e9s por consolidar el bloque opositor m\u00e1s amplio posible, no solo con los partidos pol\u00edticos; antes que con ellos con todas las expresiones y sectores de la sociedad; pues no son los institutos pol\u00edticos sino los ciudadanos a quienes hemos puesto en el centro de nuestros esfuerzos.<\/p>\n<p>La amplia agenda que debe incluir este bloque opositor tiene muchos marcadores que debemos consolidar, asegurando la inclusi\u00f3n de organizaciones y sectores de la sociedad que representen al \u00e1mbito empresarial, rural, acad\u00e9mico y cultural de Veracruz.<\/p>\n<p>Mientras el PRI y el PRD van avanzando en coincidencias entre sus Institutos Pol\u00edticos, nosotros igualmente vamos avanzando en las coincidencias con estos sectores de la sociedad, lo cual nos entusiasma y motiva igual que los avances que ellos han logrado.<\/p>\n<p>Entendemos la necesidad que el PRI y el PRD tienen de justificar ante las militancias de ambos partidos las decisiones que van tomando, as\u00ed como su inter\u00e9s por comunicarlo a la opini\u00f3n p\u00fablica, en Acci\u00f3n Nacional creemos que los medios de comunicaci\u00f3n no son un espacio para dirimir diferencias; los alcances y las particularidades de la alianza las haremos publicas cuando sean totales y cuando sean definitivas.<\/p>\n<p>Reiteramos nuestra disposici\u00f3n al di\u00e1logo (si es que en algunos momentos o bajo algunas circunstancias ello no hubiera sido cabalmente entendido), creemos que la mesa instalada desde hace meses debe ser el espacio de di\u00e1logo y construcci\u00f3n de acuerdos e invitamos cordialmente a todas las partes a ocupar la silla que tenemos en esa importante mesa por el bien de Veracruz.<\/p>\n<p>Hago un llamado a los dirigentes de nuestros respectivos partidos para cuidar nuestras expresiones p\u00fablicas, reconvini\u00e9ndonos mutuamente al respeto que nos debemos y evitando expresiones que pongan en entredicho la disposici\u00f3n y la voluntad que hemos manifestado a lo largo de estos meses y de la cual doy fe.<\/p>\n<p>P\u00fablicamente invito al Presidente Marlon Ram\u00edrez y al Presidente Sergio Cadena para designar un equipo de trabajo que no agote en esfuerzos para conciliar las condiciones de un dialogo eficaz que nos permita alcanzar una alianza generosa y responsable para Veracruz.<\/p>\n<p>Es por ello que el pr\u00f3ximo lunes, desde las 11 de la ma\u00f1ana estar\u00e1 dispuesta la misma sala de juntas en el mismo lugar en el que tuvimos nuestra \u00faltima reuni\u00f3n con una representaci\u00f3n del PAN, a la espera de los colaboradores que los Presidentes dispongan designar para que juntos reencaucemos el di\u00e1logo por Veracruz.<\/p>\n<p>Dr. Joaqu\u00edn Guzm\u00e1n Avil\u00e9s<br \/>\nPresidente del Comit\u00e9 Directivo Estatal del PAN Veracruz<\/p>\n<\/div>\n<\/div>\n<\/div>\n","protected":false},"excerpt":{"rendered":"<p>Comunicado Comit\u00e9 Directivo Estatal PAN Veracruz En Acci\u00f3n Nacional celebramos que el PRI y el PRD hayan encontrado las prontas coincidencias que los llevaron a anunciar una alianza entre si, nada les deseamos m\u00e1s que esto fructifique en el bien de Veracruz. En Acci\u00f3n Nacional compartimos el mismo inter\u00e9s por consolidar el bloque opositor m\u00e1s [&hellip;]<\/p>\n","protected":false},"author":2,"featured_media":0,"comment_status":"open","ping_status":"open","sticky":false,"template":"","format":"standard","meta":{"tdm_status":"","tdm_grid_status":"","footnotes":""},"categories":[73],"tags":[3199,3288,266,107,251,195],"class_list":{"0":"post-66421","1":"post","2":"type-post","3":"status-publish","4":"format-standard","6":"category-de-boleto","7":"tag-alianza","8":"tag-joaquin-guzman-aviles","9":"tag-pan","10":"tag-prd","11":"tag-pri","12":"tag-veracruz"},"yoast_head":"<!-- This site is optimized with the Yoast SEO plugin v27.4 - https:\/\/yoast.com\/product\/yoast-seo-wordpress\/ -->\n<title>Cita Chapito al PRI y PRD para reiniciar di\u00e1logo - Los pol\u00edticos Veracruz<\/title>\n<meta name=\"robots\" content=\"index, follow, max-snippet:-1, max-image-preview:large, max-video-preview:-1\" \/>\n<link rel=\"canonical\" href=\"https:\/\/lospoliticosveracruz.com\/?p=66421\" \/>\n<meta property=\"og:locale\" content=\"es_ES\" \/>\n<meta property=\"og:type\" content=\"article\" \/>\n<meta property=\"og:title\" content=\"Cita Chapito al PRI y PRD para reiniciar di\u00e1logo - Los pol\u00edticos Veracruz\" \/>\n<meta property=\"og:description\" content=\"Comunicado Comit\u00e9 Directivo Estatal PAN Veracruz En Acci\u00f3n Nacional celebramos que el PRI y el PRD hayan encontrado las prontas coincidencias que los llevaron a anunciar una alianza entre si, nada les deseamos m\u00e1s que esto fructifique en el bien de Veracruz. En Acci\u00f3n Nacional compartimos el mismo inter\u00e9s por consolidar el bloque opositor m\u00e1s [&hellip;]\" \/>\n<meta property=\"og:url\" content=\"https:\/\/lospoliticosveracruz.com\/?p=66421\" \/>\n<meta property=\"og:site_name\" content=\"Los pol\u00edticos Veracruz\" \/>\n<meta property=\"article:publisher\" content=\"https:\/\/www.facebook.com\/people\/Notimemes-de-los-Polticos\/61565672886568\/\" \/>\n<meta property=\"article:published_time\" content=\"2021-01-11T00:17:43+00:00\" \/>\n<meta property=\"og:image\" content=\"https:\/\/lospoliticosveracruz.com\/wp-content\/uploads\/2016\/07\/Logo-Dor.jpg\" \/>\n\t<meta property=\"og:image:width\" content=\"200\" \/>\n\t<meta property=\"og:image:height\" content=\"200\" \/>\n\t<meta property=\"og:image:type\" content=\"image\/jpeg\" \/>\n<meta name=\"author\" content=\"Lo viste en Los Pol\u00edticos\" \/>\n<meta name=\"twitter:card\" content=\"summary_large_image\" \/>\n<meta name=\"twitter:creator\" content=\"@LosPoliticosVer\" \/>\n<meta name=\"twitter:site\" content=\"@LosPoliticosVer\" \/>\n<meta name=\"twitter:label1\" content=\"Escrito por\" \/>\n\t<meta name=\"twitter:data1\" content=\"Lo viste en Los Pol\u00edticos\" \/>\n\t<meta name=\"twitter:label2\" content=\"Tiempo de lectura\" \/>\n\t<meta name=\"twitter:data2\" content=\"2 minutos\" \/>\n<script type=\"application\/ld+json\" class=\"yoast-schema-graph\">{\"@context\":\"https:\\\/\\\/schema.org\",\"@graph\":[{\"@type\":\"Article\",\"@id\":\"https:\\\/\\\/lospoliticosveracruz.com\\\/?p=66421#article\",\"isPartOf\":{\"@id\":\"https:\\\/\\\/lospoliticosveracruz.com\\\/?p=66421\"},\"author\":{\"name\":\"Lo viste en Los Pol\u00edticos\",\"@id\":\"https:\\\/\\\/lospoliticosveracruz.com\\\/#\\\/schema\\\/person\\\/b8702bb0e538456e6efd07080bf2a4a2\"},\"headline\":\"Cita Chapito al PRI y PRD para reiniciar di\u00e1logo\",\"datePublished\":\"2021-01-11T00:17:43+00:00\",\"mainEntityOfPage\":{\"@id\":\"https:\\\/\\\/lospoliticosveracruz.com\\\/?p=66421\"},\"wordCount\":498,\"commentCount\":0,\"publisher\":{\"@id\":\"https:\\\/\\\/lospoliticosveracruz.com\\\/#organization\"},\"keywords\":[\"alianza\",\"Joaqu\u00edn Guzm\u00e1n Avil\u00e9s\",\"PAN\",\"PRD\",\"PRI\",\"Veracruz\"],\"articleSection\":[\"De Boleto\"],\"inLanguage\":\"es\",\"potentialAction\":[{\"@type\":\"CommentAction\",\"name\":\"Comment\",\"target\":[\"https:\\\/\\\/lospoliticosveracruz.com\\\/?p=66421#respond\"]}]},{\"@type\":\"WebPage\",\"@id\":\"https:\\\/\\\/lospoliticosveracruz.com\\\/?p=66421\",\"url\":\"https:\\\/\\\/lospoliticosveracruz.com\\\/?p=66421\",\"name\":\"Cita Chapito al PRI y PRD para reiniciar di\u00e1logo - Los pol\u00edticos Veracruz\",\"isPartOf\":{\"@id\":\"https:\\\/\\\/lospoliticosveracruz.com\\\/#website\"},\"datePublished\":\"2021-01-11T00:17:43+00:00\",\"breadcrumb\":{\"@id\":\"https:\\\/\\\/lospoliticosveracruz.com\\\/?p=66421#breadcrumb\"},\"inLanguage\":\"es\",\"potentialAction\":[{\"@type\":\"ReadAction\",\"target\":[\"https:\\\/\\\/lospoliticosveracruz.com\\\/?p=66421\"]}]},{\"@type\":\"BreadcrumbList\",\"@id\":\"https:\\\/\\\/lospoliticosveracruz.com\\\/?p=66421#breadcrumb\",\"itemListElement\":[{\"@type\":\"ListItem\",\"position\":1,\"name\":\"Portada\",\"item\":\"https:\\\/\\\/lospoliticosveracruz.com\\\/\"},{\"@type\":\"ListItem\",\"position\":2,\"name\":\"Cita Chapito al PRI y PRD para reiniciar di\u00e1logo\"}]},{\"@type\":\"WebSite\",\"@id\":\"https:\\\/\\\/lospoliticosveracruz.com\\\/#website\",\"url\":\"https:\\\/\\\/lospoliticosveracruz.com\\\/\",\"name\":\"Los pol\u00edticos Veracruz\",\"description\":\"\",\"publisher\":{\"@id\":\"https:\\\/\\\/lospoliticosveracruz.com\\\/#organization\"},\"potentialAction\":[{\"@type\":\"SearchAction\",\"target\":{\"@type\":\"EntryPoint\",\"urlTemplate\":\"https:\\\/\\\/lospoliticosveracruz.com\\\/?s={search_term_string}\"},\"query-input\":{\"@type\":\"PropertyValueSpecification\",\"valueRequired\":true,\"valueName\":\"search_term_string\"}}],\"inLanguage\":\"es\"},{\"@type\":\"Organization\",\"@id\":\"https:\\\/\\\/lospoliticosveracruz.com\\\/#organization\",\"name\":\"Los pol\u00edticos Veracruz\",\"url\":\"https:\\\/\\\/lospoliticosveracruz.com\\\/\",\"logo\":{\"@type\":\"ImageObject\",\"inLanguage\":\"es\",\"@id\":\"https:\\\/\\\/lospoliticosveracruz.com\\\/#\\\/schema\\\/logo\\\/image\\\/\",\"url\":\"https:\\\/\\\/lospoliticosveracruz.com\\\/wp-content\\\/uploads\\\/2025\\\/12\\\/Logo-Nuevo-LOS-POLITICOS-1.jpg\",\"contentUrl\":\"https:\\\/\\\/lospoliticosveracruz.com\\\/wp-content\\\/uploads\\\/2025\\\/12\\\/Logo-Nuevo-LOS-POLITICOS-1.jpg\",\"width\":260,\"height\":70,\"caption\":\"Los pol\u00edticos Veracruz\"},\"image\":{\"@id\":\"https:\\\/\\\/lospoliticosveracruz.com\\\/#\\\/schema\\\/logo\\\/image\\\/\"},\"sameAs\":[\"https:\\\/\\\/www.facebook.com\\\/people\\\/Notimemes-de-los-Polticos\\\/61565672886568\\\/\",\"https:\\\/\\\/x.com\\\/LosPoliticosVer\"]},{\"@type\":\"Person\",\"@id\":\"https:\\\/\\\/lospoliticosveracruz.com\\\/#\\\/schema\\\/person\\\/b8702bb0e538456e6efd07080bf2a4a2\",\"name\":\"Lo viste en Los Pol\u00edticos\",\"image\":{\"@type\":\"ImageObject\",\"inLanguage\":\"es\",\"@id\":\"https:\\\/\\\/secure.gravatar.com\\\/avatar\\\/3a8de04a2656d44082be478bd6c086daa447c4651605818287b9532d3d0bd435?s=96&d=mm&r=g\",\"url\":\"https:\\\/\\\/secure.gravatar.com\\\/avatar\\\/3a8de04a2656d44082be478bd6c086daa447c4651605818287b9532d3d0bd435?s=96&d=mm&r=g\",\"contentUrl\":\"https:\\\/\\\/secure.gravatar.com\\\/avatar\\\/3a8de04a2656d44082be478bd6c086daa447c4651605818287b9532d3d0bd435?s=96&d=mm&r=g\",\"caption\":\"Lo viste en Los Pol\u00edticos\"},\"url\":\"https:\\\/\\\/lospoliticosveracruz.com\\\/?author=2\"}]}<\/script>\n<!-- \/ Yoast SEO plugin. -->","yoast_head_json":{"title":"Cita Chapito al PRI y PRD para reiniciar di\u00e1logo - Los pol\u00edticos Veracruz","robots":{"index":"index","follow":"follow","max-snippet":"max-snippet:-1","max-image-preview":"max-image-preview:large","max-video-preview":"max-video-preview:-1"},"canonical":"https:\/\/lospoliticosveracruz.com\/?p=66421","og_locale":"es_ES","og_type":"article","og_title":"Cita Chapito al PRI y PRD para reiniciar di\u00e1logo - Los pol\u00edticos Veracruz","og_description":"Comunicado Comit\u00e9 Directivo Estatal PAN Veracruz En Acci\u00f3n Nacional celebramos que el PRI y el PRD hayan encontrado las prontas coincidencias que los llevaron a anunciar una alianza entre si, nada les deseamos m\u00e1s que esto fructifique en el bien de Veracruz. En Acci\u00f3n Nacional compartimos el mismo inter\u00e9s por consolidar el bloque opositor m\u00e1s [&hellip;]","og_url":"https:\/\/lospoliticosveracruz.com\/?p=66421","og_site_name":"Los pol\u00edticos Veracruz","article_publisher":"https:\/\/www.facebook.com\/people\/Notimemes-de-los-Polticos\/61565672886568\/","article_published_time":"2021-01-11T00:17:43+00:00","og_image":[{"width":200,"height":200,"url":"https:\/\/lospoliticosveracruz.com\/wp-content\/uploads\/2016\/07\/Logo-Dor.jpg","type":"image\/jpeg"}],"author":"Lo viste en Los Pol\u00edticos","twitter_card":"summary_large_image","twitter_creator":"@LosPoliticosVer","twitter_site":"@LosPoliticosVer","twitter_misc":{"Escrito por":"Lo viste en Los Pol\u00edticos","Tiempo de lectura":"2 minutos"},"schema":{"@context":"https:\/\/schema.org","@graph":[{"@type":"Article","@id":"https:\/\/lospoliticosveracruz.com\/?p=66421#article","isPartOf":{"@id":"https:\/\/lospoliticosveracruz.com\/?p=66421"},"author":{"name":"Lo viste en Los Pol\u00edticos","@id":"https:\/\/lospoliticosveracruz.com\/#\/schema\/person\/b8702bb0e538456e6efd07080bf2a4a2"},"headline":"Cita Chapito al PRI y PRD para reiniciar di\u00e1logo","datePublished":"2021-01-11T00:17:43+00:00","mainEntityOfPage":{"@id":"https:\/\/lospoliticosveracruz.com\/?p=66421"},"wordCount":498,"commentCount":0,"publisher":{"@id":"https:\/\/lospoliticosveracruz.com\/#organization"},"keywords":["alianza","Joaqu\u00edn Guzm\u00e1n Avil\u00e9s","PAN","PRD","PRI","Veracruz"],"articleSection":["De Boleto"],"inLanguage":"es","potentialAction":[{"@type":"CommentAction","name":"Comment","target":["https:\/\/lospoliticosveracruz.com\/?p=66421#respond"]}]},{"@type":"WebPage","@id":"https:\/\/lospoliticosveracruz.com\/?p=66421","url":"https:\/\/lospoliticosveracruz.com\/?p=66421","name":"Cita Chapito al PRI y PRD para reiniciar di\u00e1logo - Los pol\u00edticos Veracruz","isPartOf":{"@id":"https:\/\/lospoliticosveracruz.com\/#website"},"datePublished":"2021-01-11T00:17:43+00:00","breadcrumb":{"@id":"https:\/\/lospoliticosveracruz.com\/?p=66421#breadcrumb"},"inLanguage":"es","potentialAction":[{"@type":"ReadAction","target":["https:\/\/lospoliticosveracruz.com\/?p=66421"]}]},{"@type":"BreadcrumbList","@id":"https:\/\/lospoliticosveracruz.com\/?p=66421#breadcrumb","itemListElement":[{"@type":"ListItem","position":1,"name":"Portada","item":"https:\/\/lospoliticosveracruz.com\/"},{"@type":"ListItem","position":2,"name":"Cita Chapito al PRI y PRD para reiniciar di\u00e1logo"}]},{"@type":"WebSite","@id":"https:\/\/lospoliticosveracruz.com\/#website","url":"https:\/\/lospoliticosveracruz.com\/","name":"Los pol\u00edticos Veracruz","description":"","publisher":{"@id":"https:\/\/lospoliticosveracruz.com\/#organization"},"potentialAction":[{"@type":"SearchAction","target":{"@type":"EntryPoint","urlTemplate":"https:\/\/lospoliticosveracruz.com\/?s={search_term_string}"},"query-input":{"@type":"PropertyValueSpecification","valueRequired":true,"valueName":"search_term_string"}}],"inLanguage":"es"},{"@type":"Organization","@id":"https:\/\/lospoliticosveracruz.com\/#organization","name":"Los pol\u00edticos Veracruz","url":"https:\/\/lospoliticosveracruz.com\/","logo":{"@type":"ImageObject","inLanguage":"es","@id":"https:\/\/lospoliticosveracruz.com\/#\/schema\/logo\/image\/","url":"https:\/\/lospoliticosveracruz.com\/wp-content\/uploads\/2025\/12\/Logo-Nuevo-LOS-POLITICOS-1.jpg","contentUrl":"https:\/\/lospoliticosveracruz.com\/wp-content\/uploads\/2025\/12\/Logo-Nuevo-LOS-POLITICOS-1.jpg","width":260,"height":70,"caption":"Los pol\u00edticos Veracruz"},"image":{"@id":"https:\/\/lospoliticosveracruz.com\/#\/schema\/logo\/image\/"},"sameAs":["https:\/\/www.facebook.com\/people\/Notimemes-de-los-Polticos\/61565672886568\/","https:\/\/x.com\/LosPoliticosVer"]},{"@type":"Person","@id":"https:\/\/lospoliticosveracruz.com\/#\/schema\/person\/b8702bb0e538456e6efd07080bf2a4a2","name":"Lo viste en Los Pol\u00edticos","image":{"@type":"ImageObject","inLanguage":"es","@id":"https:\/\/secure.gravatar.com\/avatar\/3a8de04a2656d44082be478bd6c086daa447c4651605818287b9532d3d0bd435?s=96&d=mm&r=g","url":"https:\/\/secure.gravatar.com\/avatar\/3a8de04a2656d44082be478bd6c086daa447c4651605818287b9532d3d0bd435?s=96&d=mm&r=g","contentUrl":"https:\/\/secure.gravatar.com\/avatar\/3a8de04a2656d44082be478bd6c086daa447c4651605818287b9532d3d0bd435?s=96&d=mm&r=g","caption":"Lo viste en Los Pol\u00edticos"},"url":"https:\/\/lospoliticosveracruz.com\/?author=2"}]}},"_links":{"self":[{"href":"https:\/\/lospoliticosveracruz.com\/index.php?rest_route=\/wp\/v2\/posts\/66421","targetHints":{"allow":["GET"]}}],"collection":[{"href":"https:\/\/lospoliticosveracruz.com\/index.php?rest_route=\/wp\/v2\/posts"}],"about":[{"href":"https:\/\/lospoliticosveracruz.com\/index.php?rest_route=\/wp\/v2\/types\/post"}],"author":[{"embeddable":true,"href":"https:\/\/lospoliticosveracruz.com\/index.php?rest_route=\/wp\/v2\/users\/2"}],"replies":[{"embeddable":true,"href":"https:\/\/lospoliticosveracruz.com\/index.php?rest_route=%2Fwp%2Fv2%2Fcomments&post=66421"}],"version-history":[{"count":1,"href":"https:\/\/lospoliticosveracruz.com\/index.php?rest_route=\/wp\/v2\/posts\/66421\/revisions"}],"predecessor-version":[{"id":66422,"href":"https:\/\/lospoliticosveracruz.com\/index.php?rest_route=\/wp\/v2\/posts\/66421\/revisions\/66422"}],"wp:attachment":[{"href":"https:\/\/lospoliticosveracruz.com\/index.php?rest_route=%2Fwp%2Fv2%2Fmedia&parent=66421"}],"wp:term":[{"taxonomy":"category","embeddable":true,"href":"https:\/\/lospoliticosveracruz.com\/index.php?rest_route=%2Fwp%2Fv2%2Fcategories&post=66421"},{"taxonomy":"post_tag","embeddable":true,"href":"https:\/\/lospoliticosveracruz.com\/index.php?rest_route=%2Fwp%2Fv2%2Ftags&post=66421"}],"curies":[{"name":"wp","href":"https:\/\/api.w.org\/{rel}","templated":true}]}}