{"id":66432,"date":"2021-01-11T08:19:18","date_gmt":"2021-01-11T14:19:18","guid":{"rendered":"http:\/\/www.lospoliticosveracruz.com.mx\/?p=66432"},"modified":"2021-01-11T08:19:44","modified_gmt":"2021-01-11T14:19:44","slug":"salvar-la-alianza","status":"publish","type":"post","link":"https:\/\/lospoliticosveracruz.com\/?p=66432","title":{"rendered":"Salvar la alianza!"},"content":{"rendered":"<p><strong>Ricardo Ch\u00faa<\/strong><br \/>\n<em>Sale y Vale<\/em><\/p>\n<p>A pesar que los \u00e1nimos de ayer por la ma\u00f1ana andaban muy \u00abcaldeados\u00bb por el tema de la \u00abca\u00edda\u00bb de la alianza opositora para la elecci\u00f3n local del 2021.. Y que s\u00f3lo podr\u00eda conformarla PRI y PRD sin el PAN&#8230; Lo que fue un hecho, es que a pesar de las declaraciones de ambos partidos, lo que se vio es que dirigentes panistas no cayeron en provocaciones medi\u00e1ticas, en dimes y diretes&#8230;. Eso hace que la posibilidad de la alianza se mantenga&#8230;  \u00abGarganta Profunda Azul\u00bb mencion\u00f3 que no todo est\u00e1 perdido&#8230; ASPTM&#8230;.<\/p>\n<p><a href=\"https:\/\/www.facebook.com\/notaria61veracruz\/\"><img decoding=\"async\" src=\"http:\/\/www.lospoliticosveracruz.com.mx\/wp-content\/uploads\/2020\/07\/CINTILLO-Armando.jpg\" alt=\"\" \/><\/a><\/p>\n<p>El mismo \u00abGarganta Profunda\u00bb se\u00f1al\u00f3 que hasta sorprendi\u00f3 que en su comunicado, Joaqu\u00edn Guzm\u00e1n Avil\u00e9s, fuera mesurado en su respuesta, despu\u00e9s de la \u00abrecetada\u00bb que le dio Sergio Cadena, del PRD, a su persona&#8230; Se puede decir que fue POL\u00cdTICAMENTE CORRECTO y que eso hace denotar, para el perjuicio de MORENA, que el PAN est\u00e1 abierto a continuar en la construcci\u00f3n de la alianza opositora&#8230; SE LA REVIR\u00d3&#8230;<\/p>\n<p>El propio \u00abGarganta Profunda\u00bb cont\u00f3 que hasta Marko Cort\u00e9s, el l\u00edder nacional del PAN, se comunic\u00f3 con Guzm\u00e1n Avil\u00e9s para se\u00f1alar que busque las maneras adecuadas de continuar el di\u00e1logo y que la percepci\u00f3n ciudadana, no quede de que ellos como panistas, evitaron que se firmara la alianza de partidos de oposici\u00f3n en Veracruz&#8230; Pero que \u00e9l como presidente nacional panista, respetaba la decisi\u00f3n que tomara el comit\u00e9 estatal en Veracruz&#8230; Eso fue m\u00e1s que un respaldo&#8230;<\/p>\n<p>Adem\u00e1s que el propio l\u00edder nacional del PAN apoy\u00f3 la idea de Guzm\u00e1n Avil\u00e9s, de que tanto el PRI y el PRD designen un EQUIPO DE TRABAJO para que se re\u00fanan de manera inmediata con el del panista para que contin\u00faen los di\u00e1logos, en los temas que est\u00e1n \u00abestancados\u00bb, y de esa manera sacar adelante el proyecto de la alianza opositora&#8230; Y que con ello, limen todas las asperezas que se puedan tener por este asunto&#8230;. HAY QUE ACORDAR&#8230;.<\/p>\n<p>Si para ese momento, dice \u00abGarganta Profunda\u00bb, tienen la \u00abcabeza m\u00e1s fr\u00eda\u00bb, es seguro, que estas delegaciones de trabajo se re\u00fanan para continuar las pl\u00e1ticas y se lleguen acuerdos, que la puedan \u00abdestrabar\u00bb y se logre conformar la coalici\u00f3n PRI-PRD-PAN aunque sea en las elecciones para renovar las pr\u00f3ximas diputaciones locales del Congreso del Estado&#8230; Ya que en el tema de las alcald\u00edas ser\u00eda muy dif\u00edcil&#8230;<\/p>\n<p>Al final de cuentas&#8230; Pese a dichos de unos&#8230; Los dirigentes estatales opositores se respetaron&#8230; Cuidaron sus expresiones y no pusieron en entredicho la voluntad, de llevar a cabo la alianza&#8230; El hecho es que OJALA todos los partidos de oposici\u00f3n tengan en cuenta, que si no van UNIDOS en Veracruz&#8230; Toda la expectativa levantada, no servir\u00e1 de nada y hasta sin Reforma Electoral, no ser\u00e1 impedimento para que MORENA les pueda ganar de nuevo la mayor\u00eda en la elecci\u00f3n&#8230; Esta en juego el EQUILIBRIO DE PODERES&#8230;.<\/p>\n<p>Por lo pronto, ah\u00ed est\u00e1 llamado de \u00abEl Chapito\u00bb Guzm\u00e1n Avil\u00e9s a la reuni\u00f3n con los equipos del PRI y PRD hoy en el sitio de sus encuentros&#8230; Puede que alguno de los dos partidos, no acuda a la reuni\u00f3n&#8230; Algo normal porque pueden argumentar, no acudir para no \u00abseguirle el juego\u00bb a Guzm\u00e1n Avil\u00e9s&#8230; Al menos, no la reuni\u00f3n de hoy&#8230; Quiz\u00e1s en d\u00edas posteriores las cosas cambien y los veamos de nuevo juntos&#8230; YA QUE SEPARADOS NADIE GANA&#8230; S\u00f3lo MORENA&#8230; AMEN&#8230;<\/p>\n<p>LO RARO DE LA COALICI\u00d3N&#8230; En este asunto del \u00abrompimiento\u00bb de la alianza opositora en Veracruz&#8230; Muchos alcaldes, sobre todo panistas, se\u00f1alaron en sus redes sociales, que le daban el total apoyo a la alianza con PRI y PRD&#8230; Que era hora de mantener la uni\u00f3n, era tiempo de ceder y ver el bien com\u00fan, no intereses personales porque el enemigo estaba enfrente&#8230; As\u00ed lo dijeron como \u00abpresionando\u00bb a Joaqu\u00edn Guzm\u00e1n Avil\u00e9s, para que acepte condiciones y se siente a negociar.. Esa puede ser la lectura del mensaje de los mun\u00edcipes&#8230;<\/p>\n<p>Este llamado p\u00fablico, lo hizo Ra\u00fal Hermida, alcalde de Cosamaloapan, que en su municipio, los panistas avalaron la alianza&#8230; Lo RARO fue su hom\u00f3logo porte\u00f1o, Fernando Yunes M\u00e1rquez, quien hizo lo mismo, pero el comit\u00e9 local del PAN porte\u00f1o, bajo su control, fue de los que VOT\u00d3 EN CONTRA de la coalici\u00f3n.. Y ahora que est\u00e1 \u00abentrampada\u00bb, dice que SI LA APOYA&#8230; Su hermano, Miguel \u00c1ngel hasta dijo que NO LA DIGER\u00cdA&#8230; Qui\u00e9n los entiende, primero no y ahora si o ser\u00e1 estrategia para \u00abgolpear\u00bb al \u00abChapito\u00bb&#8230;  \u00bfA POCO NO?&#8230;<\/p>\n<p>Fernando Yunes es un tipo listo y que tiene experiencia en cargos p\u00fablicos y pol\u00edticos&#8230; Sabe bien que en este momento, NO HAY ALIANZA&#8230; Y \u00e9l est\u00e1 \u00abjugando\u00bb a hacer pol\u00edtica.. Ya que est\u00e1 m\u00e1s que consiente, que SU OPINI\u00d3N, no pesa, ni cuenta.. Es s\u00f3lo un alcalde m\u00e1s de los 212 que hay en el Estado&#8230; Y que su grupo pol\u00edtico no tiene el control del comit\u00e9 estatal&#8230; As\u00ed que ese tipo de presiones, pareciera que le hacen el \u00abjuego\u00bb a MORENA para que no exista la coalici\u00f3n&#8230; Parece una estrategia r\u00fastica y hasta poco inteligente&#8230;<\/p>\n<p>PD&#8230; Hay algo que los partidos pol\u00edticos de oposici\u00f3n a MORENA en Veracruz DEBEN REFLEXIONAR&#8230; Pero tambi\u00e9n contestarse: \u00bfEs una exigencia de la sociedad civil o del electorado veracruzano, qu\u00e9 haya alianza opositora?&#8230; ACASO estos organismos, NO HAN VISTO LAS ENCUESTAS&#8230; S\u00f3lo hay que recordarles, que la oposici\u00f3n en la entidad en el proceso federal, seg\u00fan sondeos, pueden ganar 14 de las 20 diputaciones federales, gracias a la coalici\u00f3n opositora&#8230; Si no, los Morenos \u00ablos barren\u00bb&#8230; <\/p>\n<p>Si eso pasa en el proceso federal&#8230; En la elecci\u00f3n local, no va a suceder lo contario&#8230; M\u00e1s cuando se sabe, que la propia sociedad, no sabr\u00e1 entender como en la federal si van en alianza PAN-PRI-PRD en 19 distritos de 20 y en lo local, no ser\u00e1 as\u00ed&#8230; Van a confundirla&#8230; Y m\u00e1s aun cuando las propias encuestas les se\u00f1alan que s\u00f3lo en coalici\u00f3n, la oposici\u00f3n puede tener los triunfos necesarios para evitar un gobierno totalitario y sin contrapesos&#8230; LA PELOTA LA TIENEN EN SU CANCHA&#8230;. DIOS LOS BENDIGA&#8230;<\/p>\n","protected":false},"excerpt":{"rendered":"<p>Ricardo Ch\u00faa Sale y Vale A pesar que los \u00e1nimos de ayer por la ma\u00f1ana andaban muy \u00abcaldeados\u00bb por el tema de la \u00abca\u00edda\u00bb de la alianza opositora para la elecci\u00f3n local del 2021.. Y que s\u00f3lo podr\u00eda conformarla PRI y PRD sin el PAN&#8230; Lo que fue un hecho, es que a pesar de [&hellip;]<\/p>\n","protected":false},"author":2,"featured_media":50872,"comment_status":"open","ping_status":"open","sticky":false,"template":"","format":"standard","meta":{"tdm_status":"","tdm_grid_status":"","footnotes":""},"categories":[70],"tags":[3199,19335,25072,3288,12562,25070,1026,266,107,251,12583,1414,13604,15095,25071,25054],"class_list":{"0":"post-66432","1":"post","2":"type-post","3":"status-publish","4":"format-standard","5":"has-post-thumbnail","7":"category-de-opinion","8":"tag-alianza","9":"tag-elecciones-2021","10":"tag-fernando-yunez","11":"tag-joaquin-guzman-aviles","12":"tag-marko-cortes","13":"tag-mesa-de-dialogo","14":"tag-morena","15":"tag-pan","16":"tag-prd","17":"tag-pri","18":"tag-raul-hermida-salto","19":"tag-reforma-electoral","20":"tag-ricardo-chua","21":"tag-sergio-cadena","22":"tag-unidos-por-veracruz","23":"tag-va-por-veracruz"},"yoast_head":"<!-- This site is optimized with the Yoast SEO plugin v27.4 - https:\/\/yoast.com\/product\/yoast-seo-wordpress\/ -->\n<title>Salvar la alianza! - Los pol\u00edticos Veracruz<\/title>\n<meta name=\"robots\" content=\"index, follow, max-snippet:-1, max-image-preview:large, max-video-preview:-1\" \/>\n<link rel=\"canonical\" href=\"https:\/\/lospoliticosveracruz.com\/?p=66432\" \/>\n<meta property=\"og:locale\" content=\"es_ES\" \/>\n<meta property=\"og:type\" content=\"article\" \/>\n<meta property=\"og:title\" content=\"Salvar la alianza! - Los pol\u00edticos Veracruz\" \/>\n<meta property=\"og:description\" content=\"Ricardo Ch\u00faa Sale y Vale A pesar que los \u00e1nimos de ayer por la ma\u00f1ana andaban muy \u00abcaldeados\u00bb por el tema de la \u00abca\u00edda\u00bb de la alianza opositora para la elecci\u00f3n local del 2021.. Y que s\u00f3lo podr\u00eda conformarla PRI y PRD sin el PAN&#8230; Lo que fue un hecho, es que a pesar de [&hellip;]\" \/>\n<meta property=\"og:url\" content=\"https:\/\/lospoliticosveracruz.com\/?p=66432\" \/>\n<meta property=\"og:site_name\" content=\"Los pol\u00edticos Veracruz\" \/>\n<meta property=\"article:publisher\" content=\"https:\/\/www.facebook.com\/people\/Notimemes-de-los-Polticos\/61565672886568\/\" \/>\n<meta property=\"article:published_time\" content=\"2021-01-11T14:19:18+00:00\" \/>\n<meta property=\"article:modified_time\" content=\"2021-01-11T14:19:44+00:00\" \/>\n<meta property=\"og:image\" content=\"https:\/\/lospoliticosveracruz.com\/wp-content\/uploads\/2019\/11\/Chapo.jpeg\" \/>\n\t<meta property=\"og:image:width\" content=\"690\" \/>\n\t<meta property=\"og:image:height\" content=\"447\" \/>\n\t<meta property=\"og:image:type\" content=\"image\/jpeg\" \/>\n<meta name=\"author\" content=\"Lo viste en Los Pol\u00edticos\" \/>\n<meta name=\"twitter:card\" content=\"summary_large_image\" \/>\n<meta name=\"twitter:creator\" content=\"@LosPoliticosVer\" \/>\n<meta name=\"twitter:site\" content=\"@LosPoliticosVer\" \/>\n<meta name=\"twitter:label1\" content=\"Escrito por\" \/>\n\t<meta name=\"twitter:data1\" content=\"Lo viste en Los Pol\u00edticos\" \/>\n\t<meta name=\"twitter:label2\" content=\"Tiempo de lectura\" \/>\n\t<meta name=\"twitter:data2\" content=\"5 minutos\" \/>\n<script type=\"application\/ld+json\" class=\"yoast-schema-graph\">{\"@context\":\"https:\\\/\\\/schema.org\",\"@graph\":[{\"@type\":\"Article\",\"@id\":\"https:\\\/\\\/lospoliticosveracruz.com\\\/?p=66432#article\",\"isPartOf\":{\"@id\":\"https:\\\/\\\/lospoliticosveracruz.com\\\/?p=66432\"},\"author\":{\"name\":\"Lo viste en Los Pol\u00edticos\",\"@id\":\"https:\\\/\\\/lospoliticosveracruz.com\\\/#\\\/schema\\\/person\\\/b8702bb0e538456e6efd07080bf2a4a2\"},\"headline\":\"Salvar la alianza!\",\"datePublished\":\"2021-01-11T14:19:18+00:00\",\"dateModified\":\"2021-01-11T14:19:44+00:00\",\"mainEntityOfPage\":{\"@id\":\"https:\\\/\\\/lospoliticosveracruz.com\\\/?p=66432\"},\"wordCount\":1093,\"commentCount\":0,\"publisher\":{\"@id\":\"https:\\\/\\\/lospoliticosveracruz.com\\\/#organization\"},\"image\":{\"@id\":\"https:\\\/\\\/lospoliticosveracruz.com\\\/?p=66432#primaryimage\"},\"thumbnailUrl\":\"https:\\\/\\\/lospoliticosveracruz.com\\\/wp-content\\\/uploads\\\/2019\\\/11\\\/Chapo.jpeg\",\"keywords\":[\"alianza\",\"Elecciones 2021\",\"Fernando Yunez\",\"Joaqu\u00edn Guzm\u00e1n Avil\u00e9s\",\"Marko Cort\u00e9s\",\"Mesa de di\u00e1logo\",\"Morena\",\"PAN\",\"PRD\",\"PRI\",\"Ra\u00fal Hermida Salto\",\"reforma electoral\",\"Ricardo Ch\u00faa\",\"Sergio Cadena\",\"Unidos por Veracruz\",\"Va por Veracruz\"],\"articleSection\":[\"De Opini\u00f3n\"],\"inLanguage\":\"es\",\"potentialAction\":[{\"@type\":\"CommentAction\",\"name\":\"Comment\",\"target\":[\"https:\\\/\\\/lospoliticosveracruz.com\\\/?p=66432#respond\"]}]},{\"@type\":\"WebPage\",\"@id\":\"https:\\\/\\\/lospoliticosveracruz.com\\\/?p=66432\",\"url\":\"https:\\\/\\\/lospoliticosveracruz.com\\\/?p=66432\",\"name\":\"Salvar la alianza! - Los pol\u00edticos Veracruz\",\"isPartOf\":{\"@id\":\"https:\\\/\\\/lospoliticosveracruz.com\\\/#website\"},\"primaryImageOfPage\":{\"@id\":\"https:\\\/\\\/lospoliticosveracruz.com\\\/?p=66432#primaryimage\"},\"image\":{\"@id\":\"https:\\\/\\\/lospoliticosveracruz.com\\\/?p=66432#primaryimage\"},\"thumbnailUrl\":\"https:\\\/\\\/lospoliticosveracruz.com\\\/wp-content\\\/uploads\\\/2019\\\/11\\\/Chapo.jpeg\",\"datePublished\":\"2021-01-11T14:19:18+00:00\",\"dateModified\":\"2021-01-11T14:19:44+00:00\",\"breadcrumb\":{\"@id\":\"https:\\\/\\\/lospoliticosveracruz.com\\\/?p=66432#breadcrumb\"},\"inLanguage\":\"es\",\"potentialAction\":[{\"@type\":\"ReadAction\",\"target\":[\"https:\\\/\\\/lospoliticosveracruz.com\\\/?p=66432\"]}]},{\"@type\":\"ImageObject\",\"inLanguage\":\"es\",\"@id\":\"https:\\\/\\\/lospoliticosveracruz.com\\\/?p=66432#primaryimage\",\"url\":\"https:\\\/\\\/lospoliticosveracruz.com\\\/wp-content\\\/uploads\\\/2019\\\/11\\\/Chapo.jpeg\",\"contentUrl\":\"https:\\\/\\\/lospoliticosveracruz.com\\\/wp-content\\\/uploads\\\/2019\\\/11\\\/Chapo.jpeg\",\"width\":690,\"height\":447},{\"@type\":\"BreadcrumbList\",\"@id\":\"https:\\\/\\\/lospoliticosveracruz.com\\\/?p=66432#breadcrumb\",\"itemListElement\":[{\"@type\":\"ListItem\",\"position\":1,\"name\":\"Portada\",\"item\":\"https:\\\/\\\/lospoliticosveracruz.com\\\/\"},{\"@type\":\"ListItem\",\"position\":2,\"name\":\"Salvar la alianza!\"}]},{\"@type\":\"WebSite\",\"@id\":\"https:\\\/\\\/lospoliticosveracruz.com\\\/#website\",\"url\":\"https:\\\/\\\/lospoliticosveracruz.com\\\/\",\"name\":\"Los pol\u00edticos Veracruz\",\"description\":\"\",\"publisher\":{\"@id\":\"https:\\\/\\\/lospoliticosveracruz.com\\\/#organization\"},\"potentialAction\":[{\"@type\":\"SearchAction\",\"target\":{\"@type\":\"EntryPoint\",\"urlTemplate\":\"https:\\\/\\\/lospoliticosveracruz.com\\\/?s={search_term_string}\"},\"query-input\":{\"@type\":\"PropertyValueSpecification\",\"valueRequired\":true,\"valueName\":\"search_term_string\"}}],\"inLanguage\":\"es\"},{\"@type\":\"Organization\",\"@id\":\"https:\\\/\\\/lospoliticosveracruz.com\\\/#organization\",\"name\":\"Los pol\u00edticos Veracruz\",\"url\":\"https:\\\/\\\/lospoliticosveracruz.com\\\/\",\"logo\":{\"@type\":\"ImageObject\",\"inLanguage\":\"es\",\"@id\":\"https:\\\/\\\/lospoliticosveracruz.com\\\/#\\\/schema\\\/logo\\\/image\\\/\",\"url\":\"https:\\\/\\\/lospoliticosveracruz.com\\\/wp-content\\\/uploads\\\/2025\\\/12\\\/Logo-Nuevo-LOS-POLITICOS-1.jpg\",\"contentUrl\":\"https:\\\/\\\/lospoliticosveracruz.com\\\/wp-content\\\/uploads\\\/2025\\\/12\\\/Logo-Nuevo-LOS-POLITICOS-1.jpg\",\"width\":260,\"height\":70,\"caption\":\"Los pol\u00edticos Veracruz\"},\"image\":{\"@id\":\"https:\\\/\\\/lospoliticosveracruz.com\\\/#\\\/schema\\\/logo\\\/image\\\/\"},\"sameAs\":[\"https:\\\/\\\/www.facebook.com\\\/people\\\/Notimemes-de-los-Polticos\\\/61565672886568\\\/\",\"https:\\\/\\\/x.com\\\/LosPoliticosVer\"]},{\"@type\":\"Person\",\"@id\":\"https:\\\/\\\/lospoliticosveracruz.com\\\/#\\\/schema\\\/person\\\/b8702bb0e538456e6efd07080bf2a4a2\",\"name\":\"Lo viste en Los Pol\u00edticos\",\"image\":{\"@type\":\"ImageObject\",\"inLanguage\":\"es\",\"@id\":\"https:\\\/\\\/secure.gravatar.com\\\/avatar\\\/3a8de04a2656d44082be478bd6c086daa447c4651605818287b9532d3d0bd435?s=96&d=mm&r=g\",\"url\":\"https:\\\/\\\/secure.gravatar.com\\\/avatar\\\/3a8de04a2656d44082be478bd6c086daa447c4651605818287b9532d3d0bd435?s=96&d=mm&r=g\",\"contentUrl\":\"https:\\\/\\\/secure.gravatar.com\\\/avatar\\\/3a8de04a2656d44082be478bd6c086daa447c4651605818287b9532d3d0bd435?s=96&d=mm&r=g\",\"caption\":\"Lo viste en Los Pol\u00edticos\"},\"url\":\"https:\\\/\\\/lospoliticosveracruz.com\\\/?author=2\"}]}<\/script>\n<!-- \/ Yoast SEO plugin. -->","yoast_head_json":{"title":"Salvar la alianza! - Los pol\u00edticos Veracruz","robots":{"index":"index","follow":"follow","max-snippet":"max-snippet:-1","max-image-preview":"max-image-preview:large","max-video-preview":"max-video-preview:-1"},"canonical":"https:\/\/lospoliticosveracruz.com\/?p=66432","og_locale":"es_ES","og_type":"article","og_title":"Salvar la alianza! - Los pol\u00edticos Veracruz","og_description":"Ricardo Ch\u00faa Sale y Vale A pesar que los \u00e1nimos de ayer por la ma\u00f1ana andaban muy \u00abcaldeados\u00bb por el tema de la \u00abca\u00edda\u00bb de la alianza opositora para la elecci\u00f3n local del 2021.. Y que s\u00f3lo podr\u00eda conformarla PRI y PRD sin el PAN&#8230; Lo que fue un hecho, es que a pesar de [&hellip;]","og_url":"https:\/\/lospoliticosveracruz.com\/?p=66432","og_site_name":"Los pol\u00edticos Veracruz","article_publisher":"https:\/\/www.facebook.com\/people\/Notimemes-de-los-Polticos\/61565672886568\/","article_published_time":"2021-01-11T14:19:18+00:00","article_modified_time":"2021-01-11T14:19:44+00:00","og_image":[{"width":690,"height":447,"url":"https:\/\/lospoliticosveracruz.com\/wp-content\/uploads\/2019\/11\/Chapo.jpeg","type":"image\/jpeg"}],"author":"Lo viste en Los Pol\u00edticos","twitter_card":"summary_large_image","twitter_creator":"@LosPoliticosVer","twitter_site":"@LosPoliticosVer","twitter_misc":{"Escrito por":"Lo viste en Los Pol\u00edticos","Tiempo de lectura":"5 minutos"},"schema":{"@context":"https:\/\/schema.org","@graph":[{"@type":"Article","@id":"https:\/\/lospoliticosveracruz.com\/?p=66432#article","isPartOf":{"@id":"https:\/\/lospoliticosveracruz.com\/?p=66432"},"author":{"name":"Lo viste en Los Pol\u00edticos","@id":"https:\/\/lospoliticosveracruz.com\/#\/schema\/person\/b8702bb0e538456e6efd07080bf2a4a2"},"headline":"Salvar la alianza!","datePublished":"2021-01-11T14:19:18+00:00","dateModified":"2021-01-11T14:19:44+00:00","mainEntityOfPage":{"@id":"https:\/\/lospoliticosveracruz.com\/?p=66432"},"wordCount":1093,"commentCount":0,"publisher":{"@id":"https:\/\/lospoliticosveracruz.com\/#organization"},"image":{"@id":"https:\/\/lospoliticosveracruz.com\/?p=66432#primaryimage"},"thumbnailUrl":"https:\/\/lospoliticosveracruz.com\/wp-content\/uploads\/2019\/11\/Chapo.jpeg","keywords":["alianza","Elecciones 2021","Fernando Yunez","Joaqu\u00edn Guzm\u00e1n Avil\u00e9s","Marko Cort\u00e9s","Mesa de di\u00e1logo","Morena","PAN","PRD","PRI","Ra\u00fal Hermida Salto","reforma electoral","Ricardo Ch\u00faa","Sergio Cadena","Unidos por Veracruz","Va por Veracruz"],"articleSection":["De Opini\u00f3n"],"inLanguage":"es","potentialAction":[{"@type":"CommentAction","name":"Comment","target":["https:\/\/lospoliticosveracruz.com\/?p=66432#respond"]}]},{"@type":"WebPage","@id":"https:\/\/lospoliticosveracruz.com\/?p=66432","url":"https:\/\/lospoliticosveracruz.com\/?p=66432","name":"Salvar la alianza! - Los pol\u00edticos Veracruz","isPartOf":{"@id":"https:\/\/lospoliticosveracruz.com\/#website"},"primaryImageOfPage":{"@id":"https:\/\/lospoliticosveracruz.com\/?p=66432#primaryimage"},"image":{"@id":"https:\/\/lospoliticosveracruz.com\/?p=66432#primaryimage"},"thumbnailUrl":"https:\/\/lospoliticosveracruz.com\/wp-content\/uploads\/2019\/11\/Chapo.jpeg","datePublished":"2021-01-11T14:19:18+00:00","dateModified":"2021-01-11T14:19:44+00:00","breadcrumb":{"@id":"https:\/\/lospoliticosveracruz.com\/?p=66432#breadcrumb"},"inLanguage":"es","potentialAction":[{"@type":"ReadAction","target":["https:\/\/lospoliticosveracruz.com\/?p=66432"]}]},{"@type":"ImageObject","inLanguage":"es","@id":"https:\/\/lospoliticosveracruz.com\/?p=66432#primaryimage","url":"https:\/\/lospoliticosveracruz.com\/wp-content\/uploads\/2019\/11\/Chapo.jpeg","contentUrl":"https:\/\/lospoliticosveracruz.com\/wp-content\/uploads\/2019\/11\/Chapo.jpeg","width":690,"height":447},{"@type":"BreadcrumbList","@id":"https:\/\/lospoliticosveracruz.com\/?p=66432#breadcrumb","itemListElement":[{"@type":"ListItem","position":1,"name":"Portada","item":"https:\/\/lospoliticosveracruz.com\/"},{"@type":"ListItem","position":2,"name":"Salvar la alianza!"}]},{"@type":"WebSite","@id":"https:\/\/lospoliticosveracruz.com\/#website","url":"https:\/\/lospoliticosveracruz.com\/","name":"Los pol\u00edticos Veracruz","description":"","publisher":{"@id":"https:\/\/lospoliticosveracruz.com\/#organization"},"potentialAction":[{"@type":"SearchAction","target":{"@type":"EntryPoint","urlTemplate":"https:\/\/lospoliticosveracruz.com\/?s={search_term_string}"},"query-input":{"@type":"PropertyValueSpecification","valueRequired":true,"valueName":"search_term_string"}}],"inLanguage":"es"},{"@type":"Organization","@id":"https:\/\/lospoliticosveracruz.com\/#organization","name":"Los pol\u00edticos Veracruz","url":"https:\/\/lospoliticosveracruz.com\/","logo":{"@type":"ImageObject","inLanguage":"es","@id":"https:\/\/lospoliticosveracruz.com\/#\/schema\/logo\/image\/","url":"https:\/\/lospoliticosveracruz.com\/wp-content\/uploads\/2025\/12\/Logo-Nuevo-LOS-POLITICOS-1.jpg","contentUrl":"https:\/\/lospoliticosveracruz.com\/wp-content\/uploads\/2025\/12\/Logo-Nuevo-LOS-POLITICOS-1.jpg","width":260,"height":70,"caption":"Los pol\u00edticos Veracruz"},"image":{"@id":"https:\/\/lospoliticosveracruz.com\/#\/schema\/logo\/image\/"},"sameAs":["https:\/\/www.facebook.com\/people\/Notimemes-de-los-Polticos\/61565672886568\/","https:\/\/x.com\/LosPoliticosVer"]},{"@type":"Person","@id":"https:\/\/lospoliticosveracruz.com\/#\/schema\/person\/b8702bb0e538456e6efd07080bf2a4a2","name":"Lo viste en Los Pol\u00edticos","image":{"@type":"ImageObject","inLanguage":"es","@id":"https:\/\/secure.gravatar.com\/avatar\/3a8de04a2656d44082be478bd6c086daa447c4651605818287b9532d3d0bd435?s=96&d=mm&r=g","url":"https:\/\/secure.gravatar.com\/avatar\/3a8de04a2656d44082be478bd6c086daa447c4651605818287b9532d3d0bd435?s=96&d=mm&r=g","contentUrl":"https:\/\/secure.gravatar.com\/avatar\/3a8de04a2656d44082be478bd6c086daa447c4651605818287b9532d3d0bd435?s=96&d=mm&r=g","caption":"Lo viste en Los Pol\u00edticos"},"url":"https:\/\/lospoliticosveracruz.com\/?author=2"}]}},"_links":{"self":[{"href":"https:\/\/lospoliticosveracruz.com\/index.php?rest_route=\/wp\/v2\/posts\/66432","targetHints":{"allow":["GET"]}}],"collection":[{"href":"https:\/\/lospoliticosveracruz.com\/index.php?rest_route=\/wp\/v2\/posts"}],"about":[{"href":"https:\/\/lospoliticosveracruz.com\/index.php?rest_route=\/wp\/v2\/types\/post"}],"author":[{"embeddable":true,"href":"https:\/\/lospoliticosveracruz.com\/index.php?rest_route=\/wp\/v2\/users\/2"}],"replies":[{"embeddable":true,"href":"https:\/\/lospoliticosveracruz.com\/index.php?rest_route=%2Fwp%2Fv2%2Fcomments&post=66432"}],"version-history":[{"count":2,"href":"https:\/\/lospoliticosveracruz.com\/index.php?rest_route=\/wp\/v2\/posts\/66432\/revisions"}],"predecessor-version":[{"id":66434,"href":"https:\/\/lospoliticosveracruz.com\/index.php?rest_route=\/wp\/v2\/posts\/66432\/revisions\/66434"}],"wp:featuredmedia":[{"embeddable":true,"href":"https:\/\/lospoliticosveracruz.com\/index.php?rest_route=\/wp\/v2\/media\/50872"}],"wp:attachment":[{"href":"https:\/\/lospoliticosveracruz.com\/index.php?rest_route=%2Fwp%2Fv2%2Fmedia&parent=66432"}],"wp:term":[{"taxonomy":"category","embeddable":true,"href":"https:\/\/lospoliticosveracruz.com\/index.php?rest_route=%2Fwp%2Fv2%2Fcategories&post=66432"},{"taxonomy":"post_tag","embeddable":true,"href":"https:\/\/lospoliticosveracruz.com\/index.php?rest_route=%2Fwp%2Fv2%2Ftags&post=66432"}],"curies":[{"name":"wp","href":"https:\/\/api.w.org\/{rel}","templated":true}]}}