{"id":66439,"date":"2021-01-11T10:50:59","date_gmt":"2021-01-11T16:50:59","guid":{"rendered":"http:\/\/www.lospoliticosveracruz.com.mx\/?p=66439"},"modified":"2021-01-11T10:50:59","modified_gmt":"2021-01-11T16:50:59","slug":"veracruz-tendra-futbol-profesional","status":"publish","type":"post","link":"https:\/\/lospoliticosveracruz.com\/?p=66439","title":{"rendered":"Veracruz tendr\u00e1 futbol profesional"},"content":{"rendered":"<p><strong>Sergio Gonz\u00e1lez Levet<\/strong><\/p>\n<p><em>Sin tacto<\/em><\/p>\n<p>S\u00ed, es cierto, el futbol profesional regresa a Veracruz este mismo a\u00f1o.<br \/>\n\tEra lo que le faltaba a nuestra pujante entidad, con tan importante presencia en el pa\u00eds, que tiene un gobernador que es \u201cuna bendici\u00f3n\u201d, seg\u00fan dice el presidente L\u00f3pez Obrador.<br \/>\nBueno, en esto el buen Cuitla no tuvo nada que ver, como con la mayor\u00eda de las cosas buenas que suceden en Veracruz, y seguramente a\u00fan no se ha enterado, como le sucede con la mayor\u00eda de las cosas que pasan en Veracruz.<br \/>\n\tTodo est\u00e1 muy bien con este proyecto, peeeero no va a instalarse en el Puerto. No habr\u00e1 esta vez que haya alguna triqui\u00f1uela legal para que los Tiburones Rojos regresen a la Primera Divisi\u00f3n de la Liga MX, c\u00f3mo se hizo antes.<br \/>\nY tampoco se dar\u00e1 que se presente un equipo mediocre, que tiene los peores r\u00e9cords de la historia del futbol nacional, con jugadores que dan verg\u00fcenza por su falta de compromiso.<br \/>\n\tL\u00e1stima Margaritos, pero el nuevo equipo de futbol profesional se llama Marea Azul (nada que ver con el PAN, por cierto) y jugar\u00e1 en Mart\u00ednez de la Torre, en el estadio del ejido El Ca\u00f1izo, como parte de una nueva liga, asociada a la United Premier Soccer Ligue (UPSLMX, la segunda en importancia en el pa\u00eds vecino), en la que jugar\u00e1n 30 equipos de toda la Rep\u00fablica<br \/>\n\tEl Presidente del flamante equipo es el maestro Mario Alberto Rinc\u00f3n G., quien da una muestra m\u00e1s de su voluntad de impulsar proyectos que sirvan para su ciudad natal, desde donde ha trabajado los \u00faltimos a\u00f1os con ah\u00ednco y amor por la tierra.<br \/>\n\tPero oig\u00e1moslo hablar:<br \/>\n\t\u201cMarea Azul FC cuenta con una estructura s\u00f3lida, con gente profesional. No hay duda de que ser\u00e1 uno de los mejores equipos dentro de la UPSLMX\u201d.<br \/>\n\tEl director t\u00e9cnico del equipo es Sergio Cayo D\u00edaz Mora y promete que va a integrar un equipo competitivo, que conjugue experiencia y juventud. Asegura que la Marea Azul se mantendr\u00e1 en los primeros lugares de la competencia.<br \/>\n\t\u00abVenimos a dar lo mejor\u201d -asegura el tocayo-, \u201ca sudar la playera y entregar el coraz\u00f3n en la cancha. \u00c9sa es la mentalidad y as\u00ed tendr\u00e1n que ser nuestros jugadores. Seremos reconocidos a nivel nacional por nuestro alto nivel de competencia. En la UPSLMX estaremos dentro de los mejores\u00bb.<br \/>\n\tCayo D\u00edaz empez\u00f3 su carrera dentro de los Leones Negros de la Universidad de Guadalajara, y adem\u00e1s de ser un referente de ese equipo como jugador, durante varios a\u00f1os se desempe\u00f1\u00f3 como director t\u00e9cnico.<br \/>\n\tUna cosa muy importante es que los martinenses traen un programa muy serio para impulsar sus fuerzas b\u00e1sicas, con el fin de convertir al club es una instituci\u00f3n que promueva el deporte y una vida alejada de las adicciones.<br \/>\n\tHabr\u00e1 que desearle mucha suerte a Mario Alberto Rinc\u00f3n y sus colaboradores en este sue\u00f1o, que ya se ha convertido en una realidad que promete.<\/p>\n<p>sglevet@gmail.com<\/p>\n","protected":false},"excerpt":{"rendered":"<p>Sergio Gonz\u00e1lez Levet Sin tacto S\u00ed, es cierto, el futbol profesional regresa a Veracruz este mismo a\u00f1o. Era lo que le faltaba a nuestra pujante entidad, con tan importante presencia en el pa\u00eds, que tiene un gobernador que es \u201cuna bendici\u00f3n\u201d, seg\u00fan dice el presidente L\u00f3pez Obrador. Bueno, en esto el buen Cuitla no tuvo [&hellip;]<\/p>\n","protected":false},"author":2,"featured_media":0,"comment_status":"open","ping_status":"open","sticky":false,"template":"","format":"standard","meta":{"tdm_status":"","tdm_grid_status":"","footnotes":""},"categories":[70],"tags":[618,1563,25073,25075,21293,25074,1282,1641,195],"class_list":{"0":"post-66439","1":"post","2":"type-post","3":"status-publish","4":"format-standard","6":"category-de-opinion","7":"tag-andres-manuel-lopez-obrador","8":"tag-cuitlahuac-garcia-jimenez","9":"tag-futbol-profesional","10":"tag-marea-azul","11":"tag-mario-alberto-rincon","12":"tag-primera-division","13":"tag-sergio-gonzalez-levet","14":"tag-tiburones-rojos","15":"tag-veracruz"},"yoast_head":"<!-- This site is optimized with the Yoast SEO plugin v27.4 - https:\/\/yoast.com\/product\/yoast-seo-wordpress\/ -->\n<title>Veracruz tendr\u00e1 futbol profesional - Los pol\u00edticos Veracruz<\/title>\n<meta name=\"robots\" content=\"index, follow, max-snippet:-1, max-image-preview:large, max-video-preview:-1\" \/>\n<link rel=\"canonical\" href=\"https:\/\/lospoliticosveracruz.com\/?p=66439\" \/>\n<meta property=\"og:locale\" content=\"es_ES\" \/>\n<meta property=\"og:type\" content=\"article\" \/>\n<meta property=\"og:title\" content=\"Veracruz tendr\u00e1 futbol profesional - Los pol\u00edticos Veracruz\" \/>\n<meta property=\"og:description\" content=\"Sergio Gonz\u00e1lez Levet Sin tacto S\u00ed, es cierto, el futbol profesional regresa a Veracruz este mismo a\u00f1o. Era lo que le faltaba a nuestra pujante entidad, con tan importante presencia en el pa\u00eds, que tiene un gobernador que es \u201cuna bendici\u00f3n\u201d, seg\u00fan dice el presidente L\u00f3pez Obrador. Bueno, en esto el buen Cuitla no tuvo [&hellip;]\" \/>\n<meta property=\"og:url\" content=\"https:\/\/lospoliticosveracruz.com\/?p=66439\" \/>\n<meta property=\"og:site_name\" content=\"Los pol\u00edticos Veracruz\" \/>\n<meta property=\"article:publisher\" content=\"https:\/\/www.facebook.com\/people\/Notimemes-de-los-Polticos\/61565672886568\/\" \/>\n<meta property=\"article:published_time\" content=\"2021-01-11T16:50:59+00:00\" \/>\n<meta property=\"og:image\" content=\"https:\/\/lospoliticosveracruz.com\/wp-content\/uploads\/2016\/07\/Logo-Dor.jpg\" \/>\n\t<meta property=\"og:image:width\" content=\"200\" \/>\n\t<meta property=\"og:image:height\" content=\"200\" \/>\n\t<meta property=\"og:image:type\" content=\"image\/jpeg\" \/>\n<meta name=\"author\" content=\"Lo viste en Los Pol\u00edticos\" \/>\n<meta name=\"twitter:card\" content=\"summary_large_image\" \/>\n<meta name=\"twitter:creator\" content=\"@LosPoliticosVer\" \/>\n<meta name=\"twitter:site\" content=\"@LosPoliticosVer\" \/>\n<meta name=\"twitter:label1\" content=\"Escrito por\" \/>\n\t<meta name=\"twitter:data1\" content=\"Lo viste en Los Pol\u00edticos\" \/>\n\t<meta name=\"twitter:label2\" content=\"Tiempo de lectura\" \/>\n\t<meta name=\"twitter:data2\" content=\"3 minutos\" \/>\n<script type=\"application\/ld+json\" class=\"yoast-schema-graph\">{\"@context\":\"https:\\\/\\\/schema.org\",\"@graph\":[{\"@type\":\"Article\",\"@id\":\"https:\\\/\\\/lospoliticosveracruz.com\\\/?p=66439#article\",\"isPartOf\":{\"@id\":\"https:\\\/\\\/lospoliticosveracruz.com\\\/?p=66439\"},\"author\":{\"name\":\"Lo viste en Los Pol\u00edticos\",\"@id\":\"https:\\\/\\\/lospoliticosveracruz.com\\\/#\\\/schema\\\/person\\\/b8702bb0e538456e6efd07080bf2a4a2\"},\"headline\":\"Veracruz tendr\u00e1 futbol profesional\",\"datePublished\":\"2021-01-11T16:50:59+00:00\",\"mainEntityOfPage\":{\"@id\":\"https:\\\/\\\/lospoliticosveracruz.com\\\/?p=66439\"},\"wordCount\":531,\"commentCount\":0,\"publisher\":{\"@id\":\"https:\\\/\\\/lospoliticosveracruz.com\\\/#organization\"},\"keywords\":[\"Andr\u00e9s Manuel L\u00f3pez Obrador\",\"Cuitl\u00e1huac Garc\u00eda Jim\u00e9nez\",\"Futbol profesional\",\"Marea Azul\",\"Mario Alberto Rinc\u00f3n\",\"Primera divisi\u00f3n\",\"Sergio Gonz\u00e1lez Levet\",\"Tiburones Rojos\",\"Veracruz\"],\"articleSection\":[\"De Opini\u00f3n\"],\"inLanguage\":\"es\",\"potentialAction\":[{\"@type\":\"CommentAction\",\"name\":\"Comment\",\"target\":[\"https:\\\/\\\/lospoliticosveracruz.com\\\/?p=66439#respond\"]}]},{\"@type\":\"WebPage\",\"@id\":\"https:\\\/\\\/lospoliticosveracruz.com\\\/?p=66439\",\"url\":\"https:\\\/\\\/lospoliticosveracruz.com\\\/?p=66439\",\"name\":\"Veracruz tendr\u00e1 futbol profesional - Los pol\u00edticos Veracruz\",\"isPartOf\":{\"@id\":\"https:\\\/\\\/lospoliticosveracruz.com\\\/#website\"},\"datePublished\":\"2021-01-11T16:50:59+00:00\",\"breadcrumb\":{\"@id\":\"https:\\\/\\\/lospoliticosveracruz.com\\\/?p=66439#breadcrumb\"},\"inLanguage\":\"es\",\"potentialAction\":[{\"@type\":\"ReadAction\",\"target\":[\"https:\\\/\\\/lospoliticosveracruz.com\\\/?p=66439\"]}]},{\"@type\":\"BreadcrumbList\",\"@id\":\"https:\\\/\\\/lospoliticosveracruz.com\\\/?p=66439#breadcrumb\",\"itemListElement\":[{\"@type\":\"ListItem\",\"position\":1,\"name\":\"Portada\",\"item\":\"https:\\\/\\\/lospoliticosveracruz.com\\\/\"},{\"@type\":\"ListItem\",\"position\":2,\"name\":\"Veracruz tendr\u00e1 futbol profesional\"}]},{\"@type\":\"WebSite\",\"@id\":\"https:\\\/\\\/lospoliticosveracruz.com\\\/#website\",\"url\":\"https:\\\/\\\/lospoliticosveracruz.com\\\/\",\"name\":\"Los pol\u00edticos Veracruz\",\"description\":\"\",\"publisher\":{\"@id\":\"https:\\\/\\\/lospoliticosveracruz.com\\\/#organization\"},\"potentialAction\":[{\"@type\":\"SearchAction\",\"target\":{\"@type\":\"EntryPoint\",\"urlTemplate\":\"https:\\\/\\\/lospoliticosveracruz.com\\\/?s={search_term_string}\"},\"query-input\":{\"@type\":\"PropertyValueSpecification\",\"valueRequired\":true,\"valueName\":\"search_term_string\"}}],\"inLanguage\":\"es\"},{\"@type\":\"Organization\",\"@id\":\"https:\\\/\\\/lospoliticosveracruz.com\\\/#organization\",\"name\":\"Los pol\u00edticos Veracruz\",\"url\":\"https:\\\/\\\/lospoliticosveracruz.com\\\/\",\"logo\":{\"@type\":\"ImageObject\",\"inLanguage\":\"es\",\"@id\":\"https:\\\/\\\/lospoliticosveracruz.com\\\/#\\\/schema\\\/logo\\\/image\\\/\",\"url\":\"https:\\\/\\\/lospoliticosveracruz.com\\\/wp-content\\\/uploads\\\/2025\\\/12\\\/Logo-Nuevo-LOS-POLITICOS-1.jpg\",\"contentUrl\":\"https:\\\/\\\/lospoliticosveracruz.com\\\/wp-content\\\/uploads\\\/2025\\\/12\\\/Logo-Nuevo-LOS-POLITICOS-1.jpg\",\"width\":260,\"height\":70,\"caption\":\"Los pol\u00edticos Veracruz\"},\"image\":{\"@id\":\"https:\\\/\\\/lospoliticosveracruz.com\\\/#\\\/schema\\\/logo\\\/image\\\/\"},\"sameAs\":[\"https:\\\/\\\/www.facebook.com\\\/people\\\/Notimemes-de-los-Polticos\\\/61565672886568\\\/\",\"https:\\\/\\\/x.com\\\/LosPoliticosVer\"]},{\"@type\":\"Person\",\"@id\":\"https:\\\/\\\/lospoliticosveracruz.com\\\/#\\\/schema\\\/person\\\/b8702bb0e538456e6efd07080bf2a4a2\",\"name\":\"Lo viste en Los Pol\u00edticos\",\"image\":{\"@type\":\"ImageObject\",\"inLanguage\":\"es\",\"@id\":\"https:\\\/\\\/secure.gravatar.com\\\/avatar\\\/3a8de04a2656d44082be478bd6c086daa447c4651605818287b9532d3d0bd435?s=96&d=mm&r=g\",\"url\":\"https:\\\/\\\/secure.gravatar.com\\\/avatar\\\/3a8de04a2656d44082be478bd6c086daa447c4651605818287b9532d3d0bd435?s=96&d=mm&r=g\",\"contentUrl\":\"https:\\\/\\\/secure.gravatar.com\\\/avatar\\\/3a8de04a2656d44082be478bd6c086daa447c4651605818287b9532d3d0bd435?s=96&d=mm&r=g\",\"caption\":\"Lo viste en Los Pol\u00edticos\"},\"url\":\"https:\\\/\\\/lospoliticosveracruz.com\\\/?author=2\"}]}<\/script>\n<!-- \/ Yoast SEO plugin. -->","yoast_head_json":{"title":"Veracruz tendr\u00e1 futbol profesional - Los pol\u00edticos Veracruz","robots":{"index":"index","follow":"follow","max-snippet":"max-snippet:-1","max-image-preview":"max-image-preview:large","max-video-preview":"max-video-preview:-1"},"canonical":"https:\/\/lospoliticosveracruz.com\/?p=66439","og_locale":"es_ES","og_type":"article","og_title":"Veracruz tendr\u00e1 futbol profesional - Los pol\u00edticos Veracruz","og_description":"Sergio Gonz\u00e1lez Levet Sin tacto S\u00ed, es cierto, el futbol profesional regresa a Veracruz este mismo a\u00f1o. Era lo que le faltaba a nuestra pujante entidad, con tan importante presencia en el pa\u00eds, que tiene un gobernador que es \u201cuna bendici\u00f3n\u201d, seg\u00fan dice el presidente L\u00f3pez Obrador. Bueno, en esto el buen Cuitla no tuvo [&hellip;]","og_url":"https:\/\/lospoliticosveracruz.com\/?p=66439","og_site_name":"Los pol\u00edticos Veracruz","article_publisher":"https:\/\/www.facebook.com\/people\/Notimemes-de-los-Polticos\/61565672886568\/","article_published_time":"2021-01-11T16:50:59+00:00","og_image":[{"width":200,"height":200,"url":"https:\/\/lospoliticosveracruz.com\/wp-content\/uploads\/2016\/07\/Logo-Dor.jpg","type":"image\/jpeg"}],"author":"Lo viste en Los Pol\u00edticos","twitter_card":"summary_large_image","twitter_creator":"@LosPoliticosVer","twitter_site":"@LosPoliticosVer","twitter_misc":{"Escrito por":"Lo viste en Los Pol\u00edticos","Tiempo de lectura":"3 minutos"},"schema":{"@context":"https:\/\/schema.org","@graph":[{"@type":"Article","@id":"https:\/\/lospoliticosveracruz.com\/?p=66439#article","isPartOf":{"@id":"https:\/\/lospoliticosveracruz.com\/?p=66439"},"author":{"name":"Lo viste en Los Pol\u00edticos","@id":"https:\/\/lospoliticosveracruz.com\/#\/schema\/person\/b8702bb0e538456e6efd07080bf2a4a2"},"headline":"Veracruz tendr\u00e1 futbol profesional","datePublished":"2021-01-11T16:50:59+00:00","mainEntityOfPage":{"@id":"https:\/\/lospoliticosveracruz.com\/?p=66439"},"wordCount":531,"commentCount":0,"publisher":{"@id":"https:\/\/lospoliticosveracruz.com\/#organization"},"keywords":["Andr\u00e9s Manuel L\u00f3pez Obrador","Cuitl\u00e1huac Garc\u00eda Jim\u00e9nez","Futbol profesional","Marea Azul","Mario Alberto Rinc\u00f3n","Primera divisi\u00f3n","Sergio Gonz\u00e1lez Levet","Tiburones Rojos","Veracruz"],"articleSection":["De Opini\u00f3n"],"inLanguage":"es","potentialAction":[{"@type":"CommentAction","name":"Comment","target":["https:\/\/lospoliticosveracruz.com\/?p=66439#respond"]}]},{"@type":"WebPage","@id":"https:\/\/lospoliticosveracruz.com\/?p=66439","url":"https:\/\/lospoliticosveracruz.com\/?p=66439","name":"Veracruz tendr\u00e1 futbol profesional - Los pol\u00edticos Veracruz","isPartOf":{"@id":"https:\/\/lospoliticosveracruz.com\/#website"},"datePublished":"2021-01-11T16:50:59+00:00","breadcrumb":{"@id":"https:\/\/lospoliticosveracruz.com\/?p=66439#breadcrumb"},"inLanguage":"es","potentialAction":[{"@type":"ReadAction","target":["https:\/\/lospoliticosveracruz.com\/?p=66439"]}]},{"@type":"BreadcrumbList","@id":"https:\/\/lospoliticosveracruz.com\/?p=66439#breadcrumb","itemListElement":[{"@type":"ListItem","position":1,"name":"Portada","item":"https:\/\/lospoliticosveracruz.com\/"},{"@type":"ListItem","position":2,"name":"Veracruz tendr\u00e1 futbol profesional"}]},{"@type":"WebSite","@id":"https:\/\/lospoliticosveracruz.com\/#website","url":"https:\/\/lospoliticosveracruz.com\/","name":"Los pol\u00edticos Veracruz","description":"","publisher":{"@id":"https:\/\/lospoliticosveracruz.com\/#organization"},"potentialAction":[{"@type":"SearchAction","target":{"@type":"EntryPoint","urlTemplate":"https:\/\/lospoliticosveracruz.com\/?s={search_term_string}"},"query-input":{"@type":"PropertyValueSpecification","valueRequired":true,"valueName":"search_term_string"}}],"inLanguage":"es"},{"@type":"Organization","@id":"https:\/\/lospoliticosveracruz.com\/#organization","name":"Los pol\u00edticos Veracruz","url":"https:\/\/lospoliticosveracruz.com\/","logo":{"@type":"ImageObject","inLanguage":"es","@id":"https:\/\/lospoliticosveracruz.com\/#\/schema\/logo\/image\/","url":"https:\/\/lospoliticosveracruz.com\/wp-content\/uploads\/2025\/12\/Logo-Nuevo-LOS-POLITICOS-1.jpg","contentUrl":"https:\/\/lospoliticosveracruz.com\/wp-content\/uploads\/2025\/12\/Logo-Nuevo-LOS-POLITICOS-1.jpg","width":260,"height":70,"caption":"Los pol\u00edticos Veracruz"},"image":{"@id":"https:\/\/lospoliticosveracruz.com\/#\/schema\/logo\/image\/"},"sameAs":["https:\/\/www.facebook.com\/people\/Notimemes-de-los-Polticos\/61565672886568\/","https:\/\/x.com\/LosPoliticosVer"]},{"@type":"Person","@id":"https:\/\/lospoliticosveracruz.com\/#\/schema\/person\/b8702bb0e538456e6efd07080bf2a4a2","name":"Lo viste en Los Pol\u00edticos","image":{"@type":"ImageObject","inLanguage":"es","@id":"https:\/\/secure.gravatar.com\/avatar\/3a8de04a2656d44082be478bd6c086daa447c4651605818287b9532d3d0bd435?s=96&d=mm&r=g","url":"https:\/\/secure.gravatar.com\/avatar\/3a8de04a2656d44082be478bd6c086daa447c4651605818287b9532d3d0bd435?s=96&d=mm&r=g","contentUrl":"https:\/\/secure.gravatar.com\/avatar\/3a8de04a2656d44082be478bd6c086daa447c4651605818287b9532d3d0bd435?s=96&d=mm&r=g","caption":"Lo viste en Los Pol\u00edticos"},"url":"https:\/\/lospoliticosveracruz.com\/?author=2"}]}},"_links":{"self":[{"href":"https:\/\/lospoliticosveracruz.com\/index.php?rest_route=\/wp\/v2\/posts\/66439","targetHints":{"allow":["GET"]}}],"collection":[{"href":"https:\/\/lospoliticosveracruz.com\/index.php?rest_route=\/wp\/v2\/posts"}],"about":[{"href":"https:\/\/lospoliticosveracruz.com\/index.php?rest_route=\/wp\/v2\/types\/post"}],"author":[{"embeddable":true,"href":"https:\/\/lospoliticosveracruz.com\/index.php?rest_route=\/wp\/v2\/users\/2"}],"replies":[{"embeddable":true,"href":"https:\/\/lospoliticosveracruz.com\/index.php?rest_route=%2Fwp%2Fv2%2Fcomments&post=66439"}],"version-history":[{"count":1,"href":"https:\/\/lospoliticosveracruz.com\/index.php?rest_route=\/wp\/v2\/posts\/66439\/revisions"}],"predecessor-version":[{"id":66441,"href":"https:\/\/lospoliticosveracruz.com\/index.php?rest_route=\/wp\/v2\/posts\/66439\/revisions\/66441"}],"wp:attachment":[{"href":"https:\/\/lospoliticosveracruz.com\/index.php?rest_route=%2Fwp%2Fv2%2Fmedia&parent=66439"}],"wp:term":[{"taxonomy":"category","embeddable":true,"href":"https:\/\/lospoliticosveracruz.com\/index.php?rest_route=%2Fwp%2Fv2%2Fcategories&post=66439"},{"taxonomy":"post_tag","embeddable":true,"href":"https:\/\/lospoliticosveracruz.com\/index.php?rest_route=%2Fwp%2Fv2%2Ftags&post=66439"}],"curies":[{"name":"wp","href":"https:\/\/api.w.org\/{rel}","templated":true}]}}