{"id":66476,"date":"2021-01-11T22:24:15","date_gmt":"2021-01-12T04:24:15","guid":{"rendered":"http:\/\/www.lospoliticosveracruz.com.mx\/?p=66476"},"modified":"2021-01-11T22:24:15","modified_gmt":"2021-01-12T04:24:15","slug":"panorama-2021-entendiendo-aquel-infame-anillo-al-dedo","status":"publish","type":"post","link":"https:\/\/lospoliticosveracruz.com\/?p=66476","title":{"rendered":"Panorama 2021: entendiendo aquel infame \u201canillo al dedo\u201d"},"content":{"rendered":"<p><strong>Miguel Polanco<\/strong><\/p>\n<p><em>Contracomunis<\/em><\/p>\n<p>&nbsp;<\/p>\n<p>\u00a1Noticias desde el imperio!<br \/>\nResulta que 20 d\u00edas antes del arranque de las precampa\u00f1a del Proceso Electoral 2021 en M\u00e9xico&#8230; en Tamaulipas \u201cdescubren\u201d que ya arrib\u00f3 al pa\u00eds la nueva cepa de Covid.<br \/>\nEsto, luego de que el presidente L\u00f3pez Obrador declarara que \u201cno hab\u00eda raz\u00f3n para cerrar los vuelos entre M\u00e9xico y Londres\u201d (primer pa\u00eds en registrar la supuesta \u201cnueva cepa\u201d).<br \/>\n\u00bfQu\u00e9 provocar\u00e1 esto? No es tan dif\u00edcil adivinar.<br \/>\nPrimeramente, vendr\u00e1 una nueva ola de p\u00e1nico masivo (no obstante que seg\u00fan estudios avalados por la OMS, el mentado virus ya ha mutado, incluso internacionalmente, m\u00e1s de 24 veces).<br \/>\nPor ende, habr\u00e1 un reorientamiento de la -fallida- estrategia de semaforizacion en el pa\u00eds, lo que traer\u00e1 como consecuencia que varios estados y sus respectivos municipios, as\u00ed como los distritos electorales que conforman, cambiar\u00e1n a sem\u00e1foro rojo, impidiendo la realizaci\u00f3n de actos de precampa\u00f1a.<br \/>\nAdem\u00e1s, se generar\u00e1 mayor necesidad de reactivaci\u00f3n econ\u00f3mica en negocios y comercios que de acuerdo a los lineamientos de semaforizaci\u00f3n, podr\u00e1n permanecer abiertos, pero nadie los visitar\u00e1 para consumir.<br \/>\nSum\u00e9mosle a lo anterior que la vacuna (la misma que puede prevenir el contagio de la trinche \u201cnueva cepa\u201d), tendr\u00e1 una aplicaci\u00f3n visiblemente selectiva; es decir, de acuerdo a como el Gobierno Federal lo decida y no acorde a la necesidad de protecci\u00f3n que exige la Salud p\u00fablica de la naci\u00f3n.<br \/>\nY es que el tama\u00f1o del \u2018tamal\u2019 en este 2021 es verdaderamente monstruoso y definitorio para la carrera de sucesi\u00f3n rumbo a 2024; a\u00f1o de la p\u00e9rdida o la perpetuidad del poder.<br \/>\nEn Veracruz, por ejemplo, cuarto padr\u00f3n electoral m\u00e1s grande e importante de la Rep\u00fablica, el panorama luce m\u00e1s que complejo para los partidos que no son Morena.<br \/>\nEn esta entidad, donde adem\u00e1s la conformaci\u00f3n de una posible coalici\u00f3n opositora est\u00e1 en riesgo latente de ser \u2018reventada\u2019; habr\u00e1 en juego, en el \u00e1mbito Local, 30 diputaciones de mayor\u00eda relativa, 20 de representaci\u00f3n proporcional, 212 presidencias municipales e igual n\u00famero de sindicaturas, con sus respectivas 633 regidur\u00edas, mientras que en el plano Federal ser\u00e1n 20 curules en San L\u00e1zaro.<br \/>\nY as\u00ed, despu\u00e9s 135 mil muertes, m\u00faltiples pol\u00e9micas por los diagn\u00f3sticos en los ingresos a los hospitales, un encargado de la Salud de vacaciones en Zipolite y una ciudadan\u00eda -a veces despreocupada-; aquello de \u201cla pandemia nos cay\u00f3 como anillo al dedo\u201d, se empieza a entender con mayor claridad.<br \/>\n&#8230; y para desgracia de las y los mexicanos, es inevitable percibir una presumible y brutal perversi\u00f3n detr\u00e1s del manejo de la informaci\u00f3n sobre este hecho sin precedentes para la humanidad, utilizada, quiz\u00e1s (y s\u00f3lo quiz\u00e1s) para beneficio de quienes hoy ostentan el poder, pero ahora sin la misma credibilidad y confianza que hace casi tres a\u00f1os.<br \/>\nTotal que, dicen por ah\u00ed: piensa mal y acertar\u00e1s.<\/p>\n","protected":false},"excerpt":{"rendered":"<p>Miguel Polanco Contracomunis &nbsp; \u00a1Noticias desde el imperio! Resulta que 20 d\u00edas antes del arranque de las precampa\u00f1a del Proceso Electoral 2021 en M\u00e9xico&#8230; en Tamaulipas \u201cdescubren\u201d que ya arrib\u00f3 al pa\u00eds la nueva cepa de Covid. Esto, luego de que el presidente L\u00f3pez Obrador declarara que \u201cno hab\u00eda raz\u00f3n para cerrar los vuelos entre [&hellip;]<\/p>\n","protected":false},"author":2,"featured_media":0,"comment_status":"open","ping_status":"open","sticky":false,"template":"","format":"standard","meta":{"tdm_status":"","tdm_grid_status":"","footnotes":""},"categories":[70],"tags":[1003,16586,6369,5346,22775,21134,17200,19017,195],"class_list":{"0":"post-66476","1":"post","2":"type-post","3":"status-publish","4":"format-standard","6":"category-de-opinion","7":"tag-lopez-obrador","8":"tag-miguel-polanco","9":"tag-oms","10":"tag-padron-electoral","11":"tag-precampana","12":"tag-proceso-electoral-2021","13":"tag-reactivacion-economica","14":"tag-semaforizacion","15":"tag-veracruz"},"yoast_head":"<!-- This site is optimized with the Yoast SEO plugin v27.4 - https:\/\/yoast.com\/product\/yoast-seo-wordpress\/ -->\n<title>Panorama 2021: entendiendo aquel infame \u201canillo al dedo\u201d - Los pol\u00edticos Veracruz<\/title>\n<meta name=\"robots\" content=\"index, follow, max-snippet:-1, max-image-preview:large, max-video-preview:-1\" \/>\n<link rel=\"canonical\" href=\"https:\/\/lospoliticosveracruz.com\/?p=66476\" \/>\n<meta property=\"og:locale\" content=\"es_ES\" \/>\n<meta property=\"og:type\" content=\"article\" \/>\n<meta property=\"og:title\" content=\"Panorama 2021: entendiendo aquel infame \u201canillo al dedo\u201d - Los pol\u00edticos Veracruz\" \/>\n<meta property=\"og:description\" content=\"Miguel Polanco Contracomunis &nbsp; \u00a1Noticias desde el imperio! Resulta que 20 d\u00edas antes del arranque de las precampa\u00f1a del Proceso Electoral 2021 en M\u00e9xico&#8230; en Tamaulipas \u201cdescubren\u201d que ya arrib\u00f3 al pa\u00eds la nueva cepa de Covid. Esto, luego de que el presidente L\u00f3pez Obrador declarara que \u201cno hab\u00eda raz\u00f3n para cerrar los vuelos entre [&hellip;]\" \/>\n<meta property=\"og:url\" content=\"https:\/\/lospoliticosveracruz.com\/?p=66476\" \/>\n<meta property=\"og:site_name\" content=\"Los pol\u00edticos Veracruz\" \/>\n<meta property=\"article:publisher\" content=\"https:\/\/www.facebook.com\/people\/Notimemes-de-los-Polticos\/61565672886568\/\" \/>\n<meta property=\"article:published_time\" content=\"2021-01-12T04:24:15+00:00\" \/>\n<meta property=\"og:image\" content=\"https:\/\/lospoliticosveracruz.com\/wp-content\/uploads\/2016\/07\/Logo-Dor.jpg\" \/>\n\t<meta property=\"og:image:width\" content=\"200\" \/>\n\t<meta property=\"og:image:height\" content=\"200\" \/>\n\t<meta property=\"og:image:type\" content=\"image\/jpeg\" \/>\n<meta name=\"author\" content=\"Lo viste en Los Pol\u00edticos\" \/>\n<meta name=\"twitter:card\" content=\"summary_large_image\" \/>\n<meta name=\"twitter:creator\" content=\"@LosPoliticosVer\" \/>\n<meta name=\"twitter:site\" content=\"@LosPoliticosVer\" \/>\n<meta name=\"twitter:label1\" content=\"Escrito por\" \/>\n\t<meta name=\"twitter:data1\" content=\"Lo viste en Los Pol\u00edticos\" \/>\n\t<meta name=\"twitter:label2\" content=\"Tiempo de lectura\" \/>\n\t<meta name=\"twitter:data2\" content=\"3 minutos\" \/>\n<script type=\"application\/ld+json\" class=\"yoast-schema-graph\">{\"@context\":\"https:\\\/\\\/schema.org\",\"@graph\":[{\"@type\":\"Article\",\"@id\":\"https:\\\/\\\/lospoliticosveracruz.com\\\/?p=66476#article\",\"isPartOf\":{\"@id\":\"https:\\\/\\\/lospoliticosveracruz.com\\\/?p=66476\"},\"author\":{\"name\":\"Lo viste en Los Pol\u00edticos\",\"@id\":\"https:\\\/\\\/lospoliticosveracruz.com\\\/#\\\/schema\\\/person\\\/b8702bb0e538456e6efd07080bf2a4a2\"},\"headline\":\"Panorama 2021: entendiendo aquel infame \u201canillo al dedo\u201d\",\"datePublished\":\"2021-01-12T04:24:15+00:00\",\"mainEntityOfPage\":{\"@id\":\"https:\\\/\\\/lospoliticosveracruz.com\\\/?p=66476\"},\"wordCount\":514,\"commentCount\":0,\"publisher\":{\"@id\":\"https:\\\/\\\/lospoliticosveracruz.com\\\/#organization\"},\"keywords\":[\"L\u00f3pez Obrador\",\"Miguel Polanco\",\"OMS\",\"Padr\u00f3n electoral\",\"Precampa\u00f1a\",\"Proceso electoral 2021\",\"Reactivaci\u00f3n Econ\u00f3mica\",\"semaforizaci\u00f3n\",\"Veracruz\"],\"articleSection\":[\"De Opini\u00f3n\"],\"inLanguage\":\"es\",\"potentialAction\":[{\"@type\":\"CommentAction\",\"name\":\"Comment\",\"target\":[\"https:\\\/\\\/lospoliticosveracruz.com\\\/?p=66476#respond\"]}]},{\"@type\":\"WebPage\",\"@id\":\"https:\\\/\\\/lospoliticosveracruz.com\\\/?p=66476\",\"url\":\"https:\\\/\\\/lospoliticosveracruz.com\\\/?p=66476\",\"name\":\"Panorama 2021: entendiendo aquel infame \u201canillo al dedo\u201d - Los pol\u00edticos Veracruz\",\"isPartOf\":{\"@id\":\"https:\\\/\\\/lospoliticosveracruz.com\\\/#website\"},\"datePublished\":\"2021-01-12T04:24:15+00:00\",\"breadcrumb\":{\"@id\":\"https:\\\/\\\/lospoliticosveracruz.com\\\/?p=66476#breadcrumb\"},\"inLanguage\":\"es\",\"potentialAction\":[{\"@type\":\"ReadAction\",\"target\":[\"https:\\\/\\\/lospoliticosveracruz.com\\\/?p=66476\"]}]},{\"@type\":\"BreadcrumbList\",\"@id\":\"https:\\\/\\\/lospoliticosveracruz.com\\\/?p=66476#breadcrumb\",\"itemListElement\":[{\"@type\":\"ListItem\",\"position\":1,\"name\":\"Portada\",\"item\":\"https:\\\/\\\/lospoliticosveracruz.com\\\/\"},{\"@type\":\"ListItem\",\"position\":2,\"name\":\"Panorama 2021: entendiendo aquel infame \u201canillo al dedo\u201d\"}]},{\"@type\":\"WebSite\",\"@id\":\"https:\\\/\\\/lospoliticosveracruz.com\\\/#website\",\"url\":\"https:\\\/\\\/lospoliticosveracruz.com\\\/\",\"name\":\"Los pol\u00edticos Veracruz\",\"description\":\"\",\"publisher\":{\"@id\":\"https:\\\/\\\/lospoliticosveracruz.com\\\/#organization\"},\"potentialAction\":[{\"@type\":\"SearchAction\",\"target\":{\"@type\":\"EntryPoint\",\"urlTemplate\":\"https:\\\/\\\/lospoliticosveracruz.com\\\/?s={search_term_string}\"},\"query-input\":{\"@type\":\"PropertyValueSpecification\",\"valueRequired\":true,\"valueName\":\"search_term_string\"}}],\"inLanguage\":\"es\"},{\"@type\":\"Organization\",\"@id\":\"https:\\\/\\\/lospoliticosveracruz.com\\\/#organization\",\"name\":\"Los pol\u00edticos Veracruz\",\"url\":\"https:\\\/\\\/lospoliticosveracruz.com\\\/\",\"logo\":{\"@type\":\"ImageObject\",\"inLanguage\":\"es\",\"@id\":\"https:\\\/\\\/lospoliticosveracruz.com\\\/#\\\/schema\\\/logo\\\/image\\\/\",\"url\":\"https:\\\/\\\/lospoliticosveracruz.com\\\/wp-content\\\/uploads\\\/2025\\\/12\\\/Logo-Nuevo-LOS-POLITICOS-1.jpg\",\"contentUrl\":\"https:\\\/\\\/lospoliticosveracruz.com\\\/wp-content\\\/uploads\\\/2025\\\/12\\\/Logo-Nuevo-LOS-POLITICOS-1.jpg\",\"width\":260,\"height\":70,\"caption\":\"Los pol\u00edticos Veracruz\"},\"image\":{\"@id\":\"https:\\\/\\\/lospoliticosveracruz.com\\\/#\\\/schema\\\/logo\\\/image\\\/\"},\"sameAs\":[\"https:\\\/\\\/www.facebook.com\\\/people\\\/Notimemes-de-los-Polticos\\\/61565672886568\\\/\",\"https:\\\/\\\/x.com\\\/LosPoliticosVer\"]},{\"@type\":\"Person\",\"@id\":\"https:\\\/\\\/lospoliticosveracruz.com\\\/#\\\/schema\\\/person\\\/b8702bb0e538456e6efd07080bf2a4a2\",\"name\":\"Lo viste en Los Pol\u00edticos\",\"image\":{\"@type\":\"ImageObject\",\"inLanguage\":\"es\",\"@id\":\"https:\\\/\\\/secure.gravatar.com\\\/avatar\\\/3a8de04a2656d44082be478bd6c086daa447c4651605818287b9532d3d0bd435?s=96&d=mm&r=g\",\"url\":\"https:\\\/\\\/secure.gravatar.com\\\/avatar\\\/3a8de04a2656d44082be478bd6c086daa447c4651605818287b9532d3d0bd435?s=96&d=mm&r=g\",\"contentUrl\":\"https:\\\/\\\/secure.gravatar.com\\\/avatar\\\/3a8de04a2656d44082be478bd6c086daa447c4651605818287b9532d3d0bd435?s=96&d=mm&r=g\",\"caption\":\"Lo viste en Los Pol\u00edticos\"},\"url\":\"https:\\\/\\\/lospoliticosveracruz.com\\\/?author=2\"}]}<\/script>\n<!-- \/ Yoast SEO plugin. -->","yoast_head_json":{"title":"Panorama 2021: entendiendo aquel infame \u201canillo al dedo\u201d - Los pol\u00edticos Veracruz","robots":{"index":"index","follow":"follow","max-snippet":"max-snippet:-1","max-image-preview":"max-image-preview:large","max-video-preview":"max-video-preview:-1"},"canonical":"https:\/\/lospoliticosveracruz.com\/?p=66476","og_locale":"es_ES","og_type":"article","og_title":"Panorama 2021: entendiendo aquel infame \u201canillo al dedo\u201d - Los pol\u00edticos Veracruz","og_description":"Miguel Polanco Contracomunis &nbsp; \u00a1Noticias desde el imperio! Resulta que 20 d\u00edas antes del arranque de las precampa\u00f1a del Proceso Electoral 2021 en M\u00e9xico&#8230; en Tamaulipas \u201cdescubren\u201d que ya arrib\u00f3 al pa\u00eds la nueva cepa de Covid. Esto, luego de que el presidente L\u00f3pez Obrador declarara que \u201cno hab\u00eda raz\u00f3n para cerrar los vuelos entre [&hellip;]","og_url":"https:\/\/lospoliticosveracruz.com\/?p=66476","og_site_name":"Los pol\u00edticos Veracruz","article_publisher":"https:\/\/www.facebook.com\/people\/Notimemes-de-los-Polticos\/61565672886568\/","article_published_time":"2021-01-12T04:24:15+00:00","og_image":[{"width":200,"height":200,"url":"https:\/\/lospoliticosveracruz.com\/wp-content\/uploads\/2016\/07\/Logo-Dor.jpg","type":"image\/jpeg"}],"author":"Lo viste en Los Pol\u00edticos","twitter_card":"summary_large_image","twitter_creator":"@LosPoliticosVer","twitter_site":"@LosPoliticosVer","twitter_misc":{"Escrito por":"Lo viste en Los Pol\u00edticos","Tiempo de lectura":"3 minutos"},"schema":{"@context":"https:\/\/schema.org","@graph":[{"@type":"Article","@id":"https:\/\/lospoliticosveracruz.com\/?p=66476#article","isPartOf":{"@id":"https:\/\/lospoliticosveracruz.com\/?p=66476"},"author":{"name":"Lo viste en Los Pol\u00edticos","@id":"https:\/\/lospoliticosveracruz.com\/#\/schema\/person\/b8702bb0e538456e6efd07080bf2a4a2"},"headline":"Panorama 2021: entendiendo aquel infame \u201canillo al dedo\u201d","datePublished":"2021-01-12T04:24:15+00:00","mainEntityOfPage":{"@id":"https:\/\/lospoliticosveracruz.com\/?p=66476"},"wordCount":514,"commentCount":0,"publisher":{"@id":"https:\/\/lospoliticosveracruz.com\/#organization"},"keywords":["L\u00f3pez Obrador","Miguel Polanco","OMS","Padr\u00f3n electoral","Precampa\u00f1a","Proceso electoral 2021","Reactivaci\u00f3n Econ\u00f3mica","semaforizaci\u00f3n","Veracruz"],"articleSection":["De Opini\u00f3n"],"inLanguage":"es","potentialAction":[{"@type":"CommentAction","name":"Comment","target":["https:\/\/lospoliticosveracruz.com\/?p=66476#respond"]}]},{"@type":"WebPage","@id":"https:\/\/lospoliticosveracruz.com\/?p=66476","url":"https:\/\/lospoliticosveracruz.com\/?p=66476","name":"Panorama 2021: entendiendo aquel infame \u201canillo al dedo\u201d - Los pol\u00edticos Veracruz","isPartOf":{"@id":"https:\/\/lospoliticosveracruz.com\/#website"},"datePublished":"2021-01-12T04:24:15+00:00","breadcrumb":{"@id":"https:\/\/lospoliticosveracruz.com\/?p=66476#breadcrumb"},"inLanguage":"es","potentialAction":[{"@type":"ReadAction","target":["https:\/\/lospoliticosveracruz.com\/?p=66476"]}]},{"@type":"BreadcrumbList","@id":"https:\/\/lospoliticosveracruz.com\/?p=66476#breadcrumb","itemListElement":[{"@type":"ListItem","position":1,"name":"Portada","item":"https:\/\/lospoliticosveracruz.com\/"},{"@type":"ListItem","position":2,"name":"Panorama 2021: entendiendo aquel infame \u201canillo al dedo\u201d"}]},{"@type":"WebSite","@id":"https:\/\/lospoliticosveracruz.com\/#website","url":"https:\/\/lospoliticosveracruz.com\/","name":"Los pol\u00edticos Veracruz","description":"","publisher":{"@id":"https:\/\/lospoliticosveracruz.com\/#organization"},"potentialAction":[{"@type":"SearchAction","target":{"@type":"EntryPoint","urlTemplate":"https:\/\/lospoliticosveracruz.com\/?s={search_term_string}"},"query-input":{"@type":"PropertyValueSpecification","valueRequired":true,"valueName":"search_term_string"}}],"inLanguage":"es"},{"@type":"Organization","@id":"https:\/\/lospoliticosveracruz.com\/#organization","name":"Los pol\u00edticos Veracruz","url":"https:\/\/lospoliticosveracruz.com\/","logo":{"@type":"ImageObject","inLanguage":"es","@id":"https:\/\/lospoliticosveracruz.com\/#\/schema\/logo\/image\/","url":"https:\/\/lospoliticosveracruz.com\/wp-content\/uploads\/2025\/12\/Logo-Nuevo-LOS-POLITICOS-1.jpg","contentUrl":"https:\/\/lospoliticosveracruz.com\/wp-content\/uploads\/2025\/12\/Logo-Nuevo-LOS-POLITICOS-1.jpg","width":260,"height":70,"caption":"Los pol\u00edticos Veracruz"},"image":{"@id":"https:\/\/lospoliticosveracruz.com\/#\/schema\/logo\/image\/"},"sameAs":["https:\/\/www.facebook.com\/people\/Notimemes-de-los-Polticos\/61565672886568\/","https:\/\/x.com\/LosPoliticosVer"]},{"@type":"Person","@id":"https:\/\/lospoliticosveracruz.com\/#\/schema\/person\/b8702bb0e538456e6efd07080bf2a4a2","name":"Lo viste en Los Pol\u00edticos","image":{"@type":"ImageObject","inLanguage":"es","@id":"https:\/\/secure.gravatar.com\/avatar\/3a8de04a2656d44082be478bd6c086daa447c4651605818287b9532d3d0bd435?s=96&d=mm&r=g","url":"https:\/\/secure.gravatar.com\/avatar\/3a8de04a2656d44082be478bd6c086daa447c4651605818287b9532d3d0bd435?s=96&d=mm&r=g","contentUrl":"https:\/\/secure.gravatar.com\/avatar\/3a8de04a2656d44082be478bd6c086daa447c4651605818287b9532d3d0bd435?s=96&d=mm&r=g","caption":"Lo viste en Los Pol\u00edticos"},"url":"https:\/\/lospoliticosveracruz.com\/?author=2"}]}},"_links":{"self":[{"href":"https:\/\/lospoliticosveracruz.com\/index.php?rest_route=\/wp\/v2\/posts\/66476","targetHints":{"allow":["GET"]}}],"collection":[{"href":"https:\/\/lospoliticosveracruz.com\/index.php?rest_route=\/wp\/v2\/posts"}],"about":[{"href":"https:\/\/lospoliticosveracruz.com\/index.php?rest_route=\/wp\/v2\/types\/post"}],"author":[{"embeddable":true,"href":"https:\/\/lospoliticosveracruz.com\/index.php?rest_route=\/wp\/v2\/users\/2"}],"replies":[{"embeddable":true,"href":"https:\/\/lospoliticosveracruz.com\/index.php?rest_route=%2Fwp%2Fv2%2Fcomments&post=66476"}],"version-history":[{"count":1,"href":"https:\/\/lospoliticosveracruz.com\/index.php?rest_route=\/wp\/v2\/posts\/66476\/revisions"}],"predecessor-version":[{"id":66478,"href":"https:\/\/lospoliticosveracruz.com\/index.php?rest_route=\/wp\/v2\/posts\/66476\/revisions\/66478"}],"wp:attachment":[{"href":"https:\/\/lospoliticosveracruz.com\/index.php?rest_route=%2Fwp%2Fv2%2Fmedia&parent=66476"}],"wp:term":[{"taxonomy":"category","embeddable":true,"href":"https:\/\/lospoliticosveracruz.com\/index.php?rest_route=%2Fwp%2Fv2%2Fcategories&post=66476"},{"taxonomy":"post_tag","embeddable":true,"href":"https:\/\/lospoliticosveracruz.com\/index.php?rest_route=%2Fwp%2Fv2%2Ftags&post=66476"}],"curies":[{"name":"wp","href":"https:\/\/api.w.org\/{rel}","templated":true}]}}