{"id":66479,"date":"2021-01-12T07:45:44","date_gmt":"2021-01-12T13:45:44","guid":{"rendered":"http:\/\/www.lospoliticosveracruz.com.mx\/?p=66479"},"modified":"2021-01-12T07:45:44","modified_gmt":"2021-01-12T13:45:44","slug":"xochitl-y-silvia-un-fracaso","status":"publish","type":"post","link":"https:\/\/lospoliticosveracruz.com\/?p=66479","title":{"rendered":"X\u00f3chitl y Silvia, un fracaso"},"content":{"rendered":"<p><strong>Eduardo Venegas Naranjo<\/strong><\/p>\n<p><em>Aqu\u00ed Entre Nos&#8230;<\/em><\/p>\n<p>Vaya que la Nueva Normalidad para las Fiestas de la Candelaria era una oportunidad para las titulares de la Secretar\u00eda de Turismo X\u00f3chitl Arbesu Lago y del Instituto Veracruzano de la Cultura, Mtra. Silvia Alejandre Prado, de mostrar liderazgo y su poder\u00edo como funcionarias para apropiarse y realizar una verdadera festividad rica en cultura.  Sin embargo este lunes durante la conferencia donde \u201ccancelaron\u201d las actividades demostraron todo lo contrario, su raqu\u00edtica forma de trabajar y su nulo inter\u00e9s de proyectar a la m\u00e1xima fiesta patronal del estado de Veracruz.<br \/>\nX\u00f3chitl le tir\u00f3 la bolita al Ayuntamiento, \u201cse lav\u00f3 las manos\u201d, no habl\u00f3 de manera categ\u00f3rica, dijo que \u201capoyaba\u201d la cancelaci\u00f3n de las fiestas decisi\u00f3n del Ayuntamiento, cosa que no es as\u00ed, tiene varios sexenios que La Candelaria es organizada por el Gobierno del Estado en turno, queda claro que no quiso quedar mal.<br \/>\nDurante su pobre intervenci\u00f3n  no  anunci\u00f3 alg\u00fan plan emergente para  apoyar econ\u00f3micamente a los prestadores de servicios que se encuentran en zozobra por la grave situaci\u00f3n que se les avecina al cancelar las Fiestas, sus ingresos se ver\u00e1n severamente afectados, y es que est\u00e1 fecha deja extraordinarias ganancias al 60% de los hogares tlacotalpe\u00f1os.<br \/>\nPor su parte Silvia Alejandre Prado, sabe hablar muy bonito, pero nada de inter\u00e9s, el Foro Cultural del Sotavento es lo \u00fanico que se le alcanz\u00f3 realizar.<br \/>\n\u00a1Lastima!, Tlacotalpan tiene todo para ser explotada, es una ciudad bella, que desde lo virtual se le pudiera dar un giro impresionante para darla a conocer a todo el mundo, solo se requieren ganas y capacidad, sin embargo con el miserable apoyo de Sectur e IVEC los tlacotalpe\u00f1os nos tendremos que conformar.<br \/>\nEs una tristeza ver c\u00f3mo a est\u00e1s mujeres les ha quedado grande el cargo han mantenido en el olvido a Tlacotalpan, m\u00e1s ahora que se qued\u00f3 sin la participaci\u00f3n de los recursos federales (Fonca), ese fue otro golpe m\u00e1s de la mentada Cuarta Transformaci\u00f3n, pues a la ciudad dejaron de llegar m\u00e1s de 14 millones de pesos. <\/p>\n<p>&#8211;<strong>Julio es el bueno de Morena en Cabada<\/strong><\/p>\n<p>De buena fuente ha trascendido este lunes que el empresario de \u00c1ngel R Cabada, Julio C\u00e9sar Garc\u00eda Machucho es el abanderado para buscar la presidencia municipal de esa demarcaci\u00f3n.<br \/>\nJulio es joven, altruista proviene de una cuna humilde, todo ganado a base de trabajo y esfuerzo, es empresario llantero en la regi\u00f3n de los Tuxtlas, sus negocios se han expandido hasta Alvarado, es creador de empleos en toda la zona.<br \/>\nHoy sostuvo un encuentro en Grupo Garma de \u00c1ngel R Cabada con el diputado local Juan Javier G\u00f3mez Cazarin quien nos cuentan que le dio linea.<br \/>\nCabada tiene la oportunidad de tener un buen alcalde, sabemos que en pr\u00f3ximos d\u00edas Julio Garc\u00eda se reunir\u00eda con verdaderos liderazgos de otras siglas partidistas que se suman a este buen proyecto.<\/p>\n","protected":false},"excerpt":{"rendered":"<p>Eduardo Venegas Naranjo Aqu\u00ed Entre Nos&#8230; Vaya que la Nueva Normalidad para las Fiestas de la Candelaria era una oportunidad para las titulares de la Secretar\u00eda de Turismo X\u00f3chitl Arbesu Lago y del Instituto Veracruzano de la Cultura, Mtra. Silvia Alejandre Prado, de mostrar liderazgo y su poder\u00edo como funcionarias para apropiarse y realizar una [&hellip;]<\/p>\n","protected":false},"author":2,"featured_media":0,"comment_status":"open","ping_status":"open","sticky":false,"template":"","format":"standard","meta":{"tdm_status":"","tdm_grid_status":"","footnotes":""},"categories":[70],"tags":[2913,12744,13170,24959,1467,25105,316,12695,20120,17297,17200,2156,25104,676,12607],"class_list":{"0":"post-66479","1":"post","2":"type-post","3":"status-publish","4":"format-standard","6":"category-de-opinion","7":"tag-angel-r-cabada","8":"tag-cuarta-transformacion","9":"tag-eduardo-venegas-naranjo","10":"tag-fiesta-patronal","11":"tag-fiestas-de-la-candelaria","12":"tag-foro-cultural-del-sotavento","13":"tag-ivec","14":"tag-juan-javier-gomez-cazarin","15":"tag-julio-cesar-garcia-machucho","16":"tag-plan-emergente","17":"tag-reactivacion-economica","18":"tag-sectur","19":"tag-silvia-alejandre-prado","20":"tag-tlacotalpan","21":"tag-xochitl-arbesu-lago"},"yoast_head":"<!-- This site is optimized with the Yoast SEO plugin v27.4 - https:\/\/yoast.com\/product\/yoast-seo-wordpress\/ -->\n<title>X\u00f3chitl y Silvia, un fracaso - Los pol\u00edticos Veracruz<\/title>\n<meta name=\"robots\" content=\"index, follow, max-snippet:-1, max-image-preview:large, max-video-preview:-1\" \/>\n<link rel=\"canonical\" href=\"https:\/\/lospoliticosveracruz.com\/?p=66479\" \/>\n<meta property=\"og:locale\" content=\"es_ES\" \/>\n<meta property=\"og:type\" content=\"article\" \/>\n<meta property=\"og:title\" content=\"X\u00f3chitl y Silvia, un fracaso - Los pol\u00edticos Veracruz\" \/>\n<meta property=\"og:description\" content=\"Eduardo Venegas Naranjo Aqu\u00ed Entre Nos&#8230; Vaya que la Nueva Normalidad para las Fiestas de la Candelaria era una oportunidad para las titulares de la Secretar\u00eda de Turismo X\u00f3chitl Arbesu Lago y del Instituto Veracruzano de la Cultura, Mtra. Silvia Alejandre Prado, de mostrar liderazgo y su poder\u00edo como funcionarias para apropiarse y realizar una [&hellip;]\" \/>\n<meta property=\"og:url\" content=\"https:\/\/lospoliticosveracruz.com\/?p=66479\" \/>\n<meta property=\"og:site_name\" content=\"Los pol\u00edticos Veracruz\" \/>\n<meta property=\"article:publisher\" content=\"https:\/\/www.facebook.com\/people\/Notimemes-de-los-Polticos\/61565672886568\/\" \/>\n<meta property=\"article:published_time\" content=\"2021-01-12T13:45:44+00:00\" \/>\n<meta property=\"og:image\" content=\"https:\/\/lospoliticosveracruz.com\/wp-content\/uploads\/2016\/07\/Logo-Dor.jpg\" \/>\n\t<meta property=\"og:image:width\" content=\"200\" \/>\n\t<meta property=\"og:image:height\" content=\"200\" \/>\n\t<meta property=\"og:image:type\" content=\"image\/jpeg\" \/>\n<meta name=\"author\" content=\"Lo viste en Los Pol\u00edticos\" \/>\n<meta name=\"twitter:card\" content=\"summary_large_image\" \/>\n<meta name=\"twitter:creator\" content=\"@LosPoliticosVer\" \/>\n<meta name=\"twitter:site\" content=\"@LosPoliticosVer\" \/>\n<meta name=\"twitter:label1\" content=\"Escrito por\" \/>\n\t<meta name=\"twitter:data1\" content=\"Lo viste en Los Pol\u00edticos\" \/>\n\t<meta name=\"twitter:label2\" content=\"Tiempo de lectura\" \/>\n\t<meta name=\"twitter:data2\" content=\"3 minutos\" \/>\n<script type=\"application\/ld+json\" class=\"yoast-schema-graph\">{\"@context\":\"https:\\\/\\\/schema.org\",\"@graph\":[{\"@type\":\"Article\",\"@id\":\"https:\\\/\\\/lospoliticosveracruz.com\\\/?p=66479#article\",\"isPartOf\":{\"@id\":\"https:\\\/\\\/lospoliticosveracruz.com\\\/?p=66479\"},\"author\":{\"name\":\"Lo viste en Los Pol\u00edticos\",\"@id\":\"https:\\\/\\\/lospoliticosveracruz.com\\\/#\\\/schema\\\/person\\\/b8702bb0e538456e6efd07080bf2a4a2\"},\"headline\":\"X\u00f3chitl y Silvia, un fracaso\",\"datePublished\":\"2021-01-12T13:45:44+00:00\",\"mainEntityOfPage\":{\"@id\":\"https:\\\/\\\/lospoliticosveracruz.com\\\/?p=66479\"},\"wordCount\":513,\"commentCount\":0,\"publisher\":{\"@id\":\"https:\\\/\\\/lospoliticosveracruz.com\\\/#organization\"},\"keywords\":[\"\u00c1ngel R. Cabada\",\"Cuarta Transformaci\u00f3n\",\"Eduardo Venegas Naranjo\",\"Fiesta patronal\",\"Fiestas de la Candelaria\",\"Foro cultural del Sotavento\",\"IVEC\",\"Juan Javier G\u00f3mez Cazar\u00edn\",\"Julio C\u00e9sar Garc\u00eda Machucho\",\"Plan Emergente\",\"Reactivaci\u00f3n Econ\u00f3mica\",\"Sectur\",\"Silvia Alejandre Prado\",\"Tlacotalpan\",\"X\u00f3chitl Arbes\u00fa Lago\"],\"articleSection\":[\"De Opini\u00f3n\"],\"inLanguage\":\"es\",\"potentialAction\":[{\"@type\":\"CommentAction\",\"name\":\"Comment\",\"target\":[\"https:\\\/\\\/lospoliticosveracruz.com\\\/?p=66479#respond\"]}]},{\"@type\":\"WebPage\",\"@id\":\"https:\\\/\\\/lospoliticosveracruz.com\\\/?p=66479\",\"url\":\"https:\\\/\\\/lospoliticosveracruz.com\\\/?p=66479\",\"name\":\"X\u00f3chitl y Silvia, un fracaso - Los pol\u00edticos Veracruz\",\"isPartOf\":{\"@id\":\"https:\\\/\\\/lospoliticosveracruz.com\\\/#website\"},\"datePublished\":\"2021-01-12T13:45:44+00:00\",\"breadcrumb\":{\"@id\":\"https:\\\/\\\/lospoliticosveracruz.com\\\/?p=66479#breadcrumb\"},\"inLanguage\":\"es\",\"potentialAction\":[{\"@type\":\"ReadAction\",\"target\":[\"https:\\\/\\\/lospoliticosveracruz.com\\\/?p=66479\"]}]},{\"@type\":\"BreadcrumbList\",\"@id\":\"https:\\\/\\\/lospoliticosveracruz.com\\\/?p=66479#breadcrumb\",\"itemListElement\":[{\"@type\":\"ListItem\",\"position\":1,\"name\":\"Portada\",\"item\":\"https:\\\/\\\/lospoliticosveracruz.com\\\/\"},{\"@type\":\"ListItem\",\"position\":2,\"name\":\"X\u00f3chitl y Silvia, un fracaso\"}]},{\"@type\":\"WebSite\",\"@id\":\"https:\\\/\\\/lospoliticosveracruz.com\\\/#website\",\"url\":\"https:\\\/\\\/lospoliticosveracruz.com\\\/\",\"name\":\"Los pol\u00edticos Veracruz\",\"description\":\"\",\"publisher\":{\"@id\":\"https:\\\/\\\/lospoliticosveracruz.com\\\/#organization\"},\"potentialAction\":[{\"@type\":\"SearchAction\",\"target\":{\"@type\":\"EntryPoint\",\"urlTemplate\":\"https:\\\/\\\/lospoliticosveracruz.com\\\/?s={search_term_string}\"},\"query-input\":{\"@type\":\"PropertyValueSpecification\",\"valueRequired\":true,\"valueName\":\"search_term_string\"}}],\"inLanguage\":\"es\"},{\"@type\":\"Organization\",\"@id\":\"https:\\\/\\\/lospoliticosveracruz.com\\\/#organization\",\"name\":\"Los pol\u00edticos Veracruz\",\"url\":\"https:\\\/\\\/lospoliticosveracruz.com\\\/\",\"logo\":{\"@type\":\"ImageObject\",\"inLanguage\":\"es\",\"@id\":\"https:\\\/\\\/lospoliticosveracruz.com\\\/#\\\/schema\\\/logo\\\/image\\\/\",\"url\":\"https:\\\/\\\/lospoliticosveracruz.com\\\/wp-content\\\/uploads\\\/2025\\\/12\\\/Logo-Nuevo-LOS-POLITICOS-1.jpg\",\"contentUrl\":\"https:\\\/\\\/lospoliticosveracruz.com\\\/wp-content\\\/uploads\\\/2025\\\/12\\\/Logo-Nuevo-LOS-POLITICOS-1.jpg\",\"width\":260,\"height\":70,\"caption\":\"Los pol\u00edticos Veracruz\"},\"image\":{\"@id\":\"https:\\\/\\\/lospoliticosveracruz.com\\\/#\\\/schema\\\/logo\\\/image\\\/\"},\"sameAs\":[\"https:\\\/\\\/www.facebook.com\\\/people\\\/Notimemes-de-los-Polticos\\\/61565672886568\\\/\",\"https:\\\/\\\/x.com\\\/LosPoliticosVer\"]},{\"@type\":\"Person\",\"@id\":\"https:\\\/\\\/lospoliticosveracruz.com\\\/#\\\/schema\\\/person\\\/b8702bb0e538456e6efd07080bf2a4a2\",\"name\":\"Lo viste en Los Pol\u00edticos\",\"image\":{\"@type\":\"ImageObject\",\"inLanguage\":\"es\",\"@id\":\"https:\\\/\\\/secure.gravatar.com\\\/avatar\\\/3a8de04a2656d44082be478bd6c086daa447c4651605818287b9532d3d0bd435?s=96&d=mm&r=g\",\"url\":\"https:\\\/\\\/secure.gravatar.com\\\/avatar\\\/3a8de04a2656d44082be478bd6c086daa447c4651605818287b9532d3d0bd435?s=96&d=mm&r=g\",\"contentUrl\":\"https:\\\/\\\/secure.gravatar.com\\\/avatar\\\/3a8de04a2656d44082be478bd6c086daa447c4651605818287b9532d3d0bd435?s=96&d=mm&r=g\",\"caption\":\"Lo viste en Los Pol\u00edticos\"},\"url\":\"https:\\\/\\\/lospoliticosveracruz.com\\\/?author=2\"}]}<\/script>\n<!-- \/ Yoast SEO plugin. -->","yoast_head_json":{"title":"X\u00f3chitl y Silvia, un fracaso - Los pol\u00edticos Veracruz","robots":{"index":"index","follow":"follow","max-snippet":"max-snippet:-1","max-image-preview":"max-image-preview:large","max-video-preview":"max-video-preview:-1"},"canonical":"https:\/\/lospoliticosveracruz.com\/?p=66479","og_locale":"es_ES","og_type":"article","og_title":"X\u00f3chitl y Silvia, un fracaso - Los pol\u00edticos Veracruz","og_description":"Eduardo Venegas Naranjo Aqu\u00ed Entre Nos&#8230; Vaya que la Nueva Normalidad para las Fiestas de la Candelaria era una oportunidad para las titulares de la Secretar\u00eda de Turismo X\u00f3chitl Arbesu Lago y del Instituto Veracruzano de la Cultura, Mtra. Silvia Alejandre Prado, de mostrar liderazgo y su poder\u00edo como funcionarias para apropiarse y realizar una [&hellip;]","og_url":"https:\/\/lospoliticosveracruz.com\/?p=66479","og_site_name":"Los pol\u00edticos Veracruz","article_publisher":"https:\/\/www.facebook.com\/people\/Notimemes-de-los-Polticos\/61565672886568\/","article_published_time":"2021-01-12T13:45:44+00:00","og_image":[{"width":200,"height":200,"url":"https:\/\/lospoliticosveracruz.com\/wp-content\/uploads\/2016\/07\/Logo-Dor.jpg","type":"image\/jpeg"}],"author":"Lo viste en Los Pol\u00edticos","twitter_card":"summary_large_image","twitter_creator":"@LosPoliticosVer","twitter_site":"@LosPoliticosVer","twitter_misc":{"Escrito por":"Lo viste en Los Pol\u00edticos","Tiempo de lectura":"3 minutos"},"schema":{"@context":"https:\/\/schema.org","@graph":[{"@type":"Article","@id":"https:\/\/lospoliticosveracruz.com\/?p=66479#article","isPartOf":{"@id":"https:\/\/lospoliticosveracruz.com\/?p=66479"},"author":{"name":"Lo viste en Los Pol\u00edticos","@id":"https:\/\/lospoliticosveracruz.com\/#\/schema\/person\/b8702bb0e538456e6efd07080bf2a4a2"},"headline":"X\u00f3chitl y Silvia, un fracaso","datePublished":"2021-01-12T13:45:44+00:00","mainEntityOfPage":{"@id":"https:\/\/lospoliticosveracruz.com\/?p=66479"},"wordCount":513,"commentCount":0,"publisher":{"@id":"https:\/\/lospoliticosveracruz.com\/#organization"},"keywords":["\u00c1ngel R. Cabada","Cuarta Transformaci\u00f3n","Eduardo Venegas Naranjo","Fiesta patronal","Fiestas de la Candelaria","Foro cultural del Sotavento","IVEC","Juan Javier G\u00f3mez Cazar\u00edn","Julio C\u00e9sar Garc\u00eda Machucho","Plan Emergente","Reactivaci\u00f3n Econ\u00f3mica","Sectur","Silvia Alejandre Prado","Tlacotalpan","X\u00f3chitl Arbes\u00fa Lago"],"articleSection":["De Opini\u00f3n"],"inLanguage":"es","potentialAction":[{"@type":"CommentAction","name":"Comment","target":["https:\/\/lospoliticosveracruz.com\/?p=66479#respond"]}]},{"@type":"WebPage","@id":"https:\/\/lospoliticosveracruz.com\/?p=66479","url":"https:\/\/lospoliticosveracruz.com\/?p=66479","name":"X\u00f3chitl y Silvia, un fracaso - Los pol\u00edticos Veracruz","isPartOf":{"@id":"https:\/\/lospoliticosveracruz.com\/#website"},"datePublished":"2021-01-12T13:45:44+00:00","breadcrumb":{"@id":"https:\/\/lospoliticosveracruz.com\/?p=66479#breadcrumb"},"inLanguage":"es","potentialAction":[{"@type":"ReadAction","target":["https:\/\/lospoliticosveracruz.com\/?p=66479"]}]},{"@type":"BreadcrumbList","@id":"https:\/\/lospoliticosveracruz.com\/?p=66479#breadcrumb","itemListElement":[{"@type":"ListItem","position":1,"name":"Portada","item":"https:\/\/lospoliticosveracruz.com\/"},{"@type":"ListItem","position":2,"name":"X\u00f3chitl y Silvia, un fracaso"}]},{"@type":"WebSite","@id":"https:\/\/lospoliticosveracruz.com\/#website","url":"https:\/\/lospoliticosveracruz.com\/","name":"Los pol\u00edticos Veracruz","description":"","publisher":{"@id":"https:\/\/lospoliticosveracruz.com\/#organization"},"potentialAction":[{"@type":"SearchAction","target":{"@type":"EntryPoint","urlTemplate":"https:\/\/lospoliticosveracruz.com\/?s={search_term_string}"},"query-input":{"@type":"PropertyValueSpecification","valueRequired":true,"valueName":"search_term_string"}}],"inLanguage":"es"},{"@type":"Organization","@id":"https:\/\/lospoliticosveracruz.com\/#organization","name":"Los pol\u00edticos Veracruz","url":"https:\/\/lospoliticosveracruz.com\/","logo":{"@type":"ImageObject","inLanguage":"es","@id":"https:\/\/lospoliticosveracruz.com\/#\/schema\/logo\/image\/","url":"https:\/\/lospoliticosveracruz.com\/wp-content\/uploads\/2025\/12\/Logo-Nuevo-LOS-POLITICOS-1.jpg","contentUrl":"https:\/\/lospoliticosveracruz.com\/wp-content\/uploads\/2025\/12\/Logo-Nuevo-LOS-POLITICOS-1.jpg","width":260,"height":70,"caption":"Los pol\u00edticos Veracruz"},"image":{"@id":"https:\/\/lospoliticosveracruz.com\/#\/schema\/logo\/image\/"},"sameAs":["https:\/\/www.facebook.com\/people\/Notimemes-de-los-Polticos\/61565672886568\/","https:\/\/x.com\/LosPoliticosVer"]},{"@type":"Person","@id":"https:\/\/lospoliticosveracruz.com\/#\/schema\/person\/b8702bb0e538456e6efd07080bf2a4a2","name":"Lo viste en Los Pol\u00edticos","image":{"@type":"ImageObject","inLanguage":"es","@id":"https:\/\/secure.gravatar.com\/avatar\/3a8de04a2656d44082be478bd6c086daa447c4651605818287b9532d3d0bd435?s=96&d=mm&r=g","url":"https:\/\/secure.gravatar.com\/avatar\/3a8de04a2656d44082be478bd6c086daa447c4651605818287b9532d3d0bd435?s=96&d=mm&r=g","contentUrl":"https:\/\/secure.gravatar.com\/avatar\/3a8de04a2656d44082be478bd6c086daa447c4651605818287b9532d3d0bd435?s=96&d=mm&r=g","caption":"Lo viste en Los Pol\u00edticos"},"url":"https:\/\/lospoliticosveracruz.com\/?author=2"}]}},"_links":{"self":[{"href":"https:\/\/lospoliticosveracruz.com\/index.php?rest_route=\/wp\/v2\/posts\/66479","targetHints":{"allow":["GET"]}}],"collection":[{"href":"https:\/\/lospoliticosveracruz.com\/index.php?rest_route=\/wp\/v2\/posts"}],"about":[{"href":"https:\/\/lospoliticosveracruz.com\/index.php?rest_route=\/wp\/v2\/types\/post"}],"author":[{"embeddable":true,"href":"https:\/\/lospoliticosveracruz.com\/index.php?rest_route=\/wp\/v2\/users\/2"}],"replies":[{"embeddable":true,"href":"https:\/\/lospoliticosveracruz.com\/index.php?rest_route=%2Fwp%2Fv2%2Fcomments&post=66479"}],"version-history":[{"count":1,"href":"https:\/\/lospoliticosveracruz.com\/index.php?rest_route=\/wp\/v2\/posts\/66479\/revisions"}],"predecessor-version":[{"id":66484,"href":"https:\/\/lospoliticosveracruz.com\/index.php?rest_route=\/wp\/v2\/posts\/66479\/revisions\/66484"}],"wp:attachment":[{"href":"https:\/\/lospoliticosveracruz.com\/index.php?rest_route=%2Fwp%2Fv2%2Fmedia&parent=66479"}],"wp:term":[{"taxonomy":"category","embeddable":true,"href":"https:\/\/lospoliticosveracruz.com\/index.php?rest_route=%2Fwp%2Fv2%2Fcategories&post=66479"},{"taxonomy":"post_tag","embeddable":true,"href":"https:\/\/lospoliticosveracruz.com\/index.php?rest_route=%2Fwp%2Fv2%2Ftags&post=66479"}],"curies":[{"name":"wp","href":"https:\/\/api.w.org\/{rel}","templated":true}]}}